{"id":68732,"date":"2025-09-03T05:55:06","date_gmt":"2025-09-03T08:55:06","guid":{"rendered":"https:\/\/afogadosfm.com.br\/afogadosfm\/?p=68732"},"modified":"2025-09-03T05:55:08","modified_gmt":"2025-09-03T08:55:08","slug":"secretaria-municipal-de-sao-jose-do-egito-e-acusada-de-agredir-ex-funcionaria","status":"publish","type":"post","link":"https:\/\/afogadosfm.com.br\/afogadosfm\/2025\/09\/03\/secretaria-municipal-de-sao-jose-do-egito-e-acusada-de-agredir-ex-funcionaria\/","title":{"rendered":"Secret\u00e1ria municipal de S\u00e3o Jos\u00e9 do Egito \u00e9 acusada de agredir ex-funcion\u00e1ria"},"content":{"rendered":"\n<p>Nesta ter\u00e7a-feira (2), uma secret\u00e1ria municipal de S\u00e3o Jos\u00e9 do Egito foi acusada de agredir uma ex-funcion\u00e1ria na Secretaria de Administra\u00e7\u00e3o do munic\u00edpio onde estavam as duas no momento da suposta agress\u00e3o. De acordo com informa\u00e7\u00f5es obtidas pelo blog Mais Paje\u00fa, outra pessoa tamb\u00e9m teria participado das agress\u00f5es com xingamentos. Ainda fomos informado que a atual secret\u00e1ria j\u00e1 teria agredido com xingamentos a ex-funcion\u00e1ria. Ainda segundo a fonte as agress\u00f5es n\u00e3o foram piores por conta de um outro secret\u00e1rio.<\/p>\n\n\n\n<p>A v\u00edtima registrou um Boletim de Ocorr\u00eancia (BO) relatando o ocorrido. At\u00e9 o momento, a Prefeitura de S\u00e3o Jos\u00e9 do Egito n\u00e3o se pronunciou oficialmente sobre o caso.<\/p>\n\n\n\n<p>O epis\u00f3dio levanta questionamentos sobre a conduta de membros da administra\u00e7\u00e3o municipal e aguarda desdobramentos legais.<\/p>\n\n\n\n<p>Do Mais Paje\u00fa<\/p>\n","protected":false},"excerpt":{"rendered":"<p>Nesta ter\u00e7a-feira (2), uma secret\u00e1ria municipal de S\u00e3o Jos\u00e9 do Egito foi acusada de agredir uma ex-funcion\u00e1ria na Secretaria de<\/p>\n","protected":false},"author":2,"featured_media":29797,"comment_status":"open","ping_status":"open","sticky":false,"template":"","format":"standard","meta":{"jetpack_post_was_ever_published":false,"_jetpack_newsletter_access":"","_jetpack_dont_email_post_to_subs":false,"_jetpack_newsletter_tier_id":0,"_jetpack_memberships_contains_paywalled_content":false,"_jetpack_memberships_contains_paid_content":false,"footnotes":"","jetpack_publicize_message":"","jetpack_publicize_feature_enabled":true,"jetpack_social_post_already_shared":true,"jetpack_social_options":{"image_generator_settings":{"template":"highway","default_image_id":0,"font":"","enabled":false},"version":2}},"categories":[32],"tags":[],"class_list":["post-68732","post","type-post","status-publish","format-standard","has-post-thumbnail","hentry","category-sertao"],"yoast_head":"<!-- This site is optimized with the Yoast SEO plugin v27.5 - https:\/\/yoast.com\/product\/yoast-seo-wordpress\/ -->\n<title>Secret\u00e1ria municipal de S\u00e3o Jos\u00e9 do Egito \u00e9 acusada de agredir ex-funcion\u00e1ria - Afogados FM<\/title>\n<meta name=\"robots\" content=\"index, follow, max-snippet:-1, max-image-preview:large, max-video-preview:-1\" \/>\n<link rel=\"canonical\" href=\"https:\/\/afogadosfm.com.br\/afogadosfm\/2025\/09\/03\/secretaria-municipal-de-sao-jose-do-egito-e-acusada-de-agredir-ex-funcionaria\/\" \/>\n<meta property=\"og:locale\" content=\"pt_BR\" \/>\n<meta property=\"og:type\" content=\"article\" \/>\n<meta property=\"og:title\" content=\"Secret\u00e1ria municipal de S\u00e3o Jos\u00e9 do Egito \u00e9 acusada de agredir ex-funcion\u00e1ria - Afogados FM\" \/>\n<meta property=\"og:description\" content=\"Nesta ter\u00e7a-feira (2), uma secret\u00e1ria municipal de S\u00e3o Jos\u00e9 do Egito foi acusada de agredir uma ex-funcion\u00e1ria na Secretaria de\" \/>\n<meta property=\"og:url\" content=\"https:\/\/afogadosfm.com.br\/afogadosfm\/2025\/09\/03\/secretaria-municipal-de-sao-jose-do-egito-e-acusada-de-agredir-ex-funcionaria\/\" \/>\n<meta property=\"og:site_name\" content=\"Afogados FM\" \/>\n<meta property=\"article:published_time\" content=\"2025-09-03T08:55:06+00:00\" \/>\n<meta property=\"article:modified_time\" content=\"2025-09-03T08:55:08+00:00\" \/>\n<meta property=\"og:image\" content=\"https:\/\/afogadosfm.com.br\/afogadosfm\/wp-content\/uploads\/2021\/08\/violencianao.jpeg\" \/>\n\t<meta property=\"og:image:width\" content=\"1170\" \/>\n\t<meta property=\"og:image:height\" content=\"700\" \/>\n\t<meta property=\"og:image:type\" content=\"image\/jpeg\" \/>\n<meta name=\"author\" content=\"afogadosfm\" \/>\n<meta name=\"twitter:card\" content=\"summary_large_image\" \/>\n<meta name=\"twitter:label1\" content=\"Escrito por\" \/>\n\t<meta name=\"twitter:data1\" content=\"afogadosfm\" \/>\n\t<meta name=\"twitter:label2\" content=\"Est. tempo de leitura\" \/>\n\t<meta name=\"twitter:data2\" content=\"1 minuto\" \/>\n<script type=\"application\/ld+json\" class=\"yoast-schema-graph\">{\"@context\":\"https:\\\/\\\/schema.org\",\"@graph\":[{\"@type\":\"Article\",\"@id\":\"https:\\\/\\\/afogadosfm.com.br\\\/afogadosfm\\\/2025\\\/09\\\/03\\\/secretaria-municipal-de-sao-jose-do-egito-e-acusada-de-agredir-ex-funcionaria\\\/#article\",\"isPartOf\":{\"@id\":\"https:\\\/\\\/afogadosfm.com.br\\\/afogadosfm\\\/2025\\\/09\\\/03\\\/secretaria-municipal-de-sao-jose-do-egito-e-acusada-de-agredir-ex-funcionaria\\\/\"},\"author\":{\"name\":\"afogadosfm\",\"@id\":\"https:\\\/\\\/afogadosfm.com.br\\\/afogadosfm\\\/#\\\/schema\\\/person\\\/60e56f2cf5dc960fc093fe093d9e9057\"},\"headline\":\"Secret\u00e1ria municipal de S\u00e3o Jos\u00e9 do Egito \u00e9 acusada de agredir ex-funcion\u00e1ria\",\"datePublished\":\"2025-09-03T08:55:06+00:00\",\"dateModified\":\"2025-09-03T08:55:08+00:00\",\"mainEntityOfPage\":{\"@id\":\"https:\\\/\\\/afogadosfm.com.br\\\/afogadosfm\\\/2025\\\/09\\\/03\\\/secretaria-municipal-de-sao-jose-do-egito-e-acusada-de-agredir-ex-funcionaria\\\/\"},\"wordCount\":160,\"commentCount\":0,\"publisher\":{\"@id\":\"https:\\\/\\\/afogadosfm.com.br\\\/afogadosfm\\\/#organization\"},\"image\":{\"@id\":\"https:\\\/\\\/afogadosfm.com.br\\\/afogadosfm\\\/2025\\\/09\\\/03\\\/secretaria-municipal-de-sao-jose-do-egito-e-acusada-de-agredir-ex-funcionaria\\\/#primaryimage\"},\"thumbnailUrl\":\"https:\\\/\\\/i0.wp.com\\\/afogadosfm.com.br\\\/afogadosfm\\\/wp-content\\\/uploads\\\/2021\\\/08\\\/violencianao.jpeg?fit=1170%2C700&ssl=1\",\"articleSection\":[\"Sert\u00e3o\"],\"inLanguage\":\"pt-BR\",\"potentialAction\":[{\"@type\":\"CommentAction\",\"name\":\"Comment\",\"target\":[\"https:\\\/\\\/afogadosfm.com.br\\\/afogadosfm\\\/2025\\\/09\\\/03\\\/secretaria-municipal-de-sao-jose-do-egito-e-acusada-de-agredir-ex-funcionaria\\\/#respond\"]}]},{\"@type\":\"WebPage\",\"@id\":\"https:\\\/\\\/afogadosfm.com.br\\\/afogadosfm\\\/2025\\\/09\\\/03\\\/secretaria-municipal-de-sao-jose-do-egito-e-acusada-de-agredir-ex-funcionaria\\\/\",\"url\":\"https:\\\/\\\/afogadosfm.com.br\\\/afogadosfm\\\/2025\\\/09\\\/03\\\/secretaria-municipal-de-sao-jose-do-egito-e-acusada-de-agredir-ex-funcionaria\\\/\",\"name\":\"Secret\u00e1ria municipal de S\u00e3o Jos\u00e9 do Egito \u00e9 acusada de agredir ex-funcion\u00e1ria - Afogados FM\",\"isPartOf\":{\"@id\":\"https:\\\/\\\/afogadosfm.com.br\\\/afogadosfm\\\/#website\"},\"primaryImageOfPage\":{\"@id\":\"https:\\\/\\\/afogadosfm.com.br\\\/afogadosfm\\\/2025\\\/09\\\/03\\\/secretaria-municipal-de-sao-jose-do-egito-e-acusada-de-agredir-ex-funcionaria\\\/#primaryimage\"},\"image\":{\"@id\":\"https:\\\/\\\/afogadosfm.com.br\\\/afogadosfm\\\/2025\\\/09\\\/03\\\/secretaria-municipal-de-sao-jose-do-egito-e-acusada-de-agredir-ex-funcionaria\\\/#primaryimage\"},\"thumbnailUrl\":\"https:\\\/\\\/i0.wp.com\\\/afogadosfm.com.br\\\/afogadosfm\\\/wp-content\\\/uploads\\\/2021\\\/08\\\/violencianao.jpeg?fit=1170%2C700&ssl=1\",\"datePublished\":\"2025-09-03T08:55:06+00:00\",\"dateModified\":\"2025-09-03T08:55:08+00:00\",\"breadcrumb\":{\"@id\":\"https:\\\/\\\/afogadosfm.com.br\\\/afogadosfm\\\/2025\\\/09\\\/03\\\/secretaria-municipal-de-sao-jose-do-egito-e-acusada-de-agredir-ex-funcionaria\\\/#breadcrumb\"},\"inLanguage\":\"pt-BR\",\"potentialAction\":[{\"@type\":\"ReadAction\",\"target\":[\"https:\\\/\\\/afogadosfm.com.br\\\/afogadosfm\\\/2025\\\/09\\\/03\\\/secretaria-municipal-de-sao-jose-do-egito-e-acusada-de-agredir-ex-funcionaria\\\/\"]}]},{\"@type\":\"ImageObject\",\"inLanguage\":\"pt-BR\",\"@id\":\"https:\\\/\\\/afogadosfm.com.br\\\/afogadosfm\\\/2025\\\/09\\\/03\\\/secretaria-municipal-de-sao-jose-do-egito-e-acusada-de-agredir-ex-funcionaria\\\/#primaryimage\",\"url\":\"https:\\\/\\\/i0.wp.com\\\/afogadosfm.com.br\\\/afogadosfm\\\/wp-content\\\/uploads\\\/2021\\\/08\\\/violencianao.jpeg?fit=1170%2C700&ssl=1\",\"contentUrl\":\"https:\\\/\\\/i0.wp.com\\\/afogadosfm.com.br\\\/afogadosfm\\\/wp-content\\\/uploads\\\/2021\\\/08\\\/violencianao.jpeg?fit=1170%2C700&ssl=1\",\"width\":1170,\"height\":700},{\"@type\":\"BreadcrumbList\",\"@id\":\"https:\\\/\\\/afogadosfm.com.br\\\/afogadosfm\\\/2025\\\/09\\\/03\\\/secretaria-municipal-de-sao-jose-do-egito-e-acusada-de-agredir-ex-funcionaria\\\/#breadcrumb\",\"itemListElement\":[{\"@type\":\"ListItem\",\"position\":1,\"name\":\"In\u00edcio\",\"item\":\"https:\\\/\\\/afogadosfm.com.br\\\/afogadosfm\\\/\"},{\"@type\":\"ListItem\",\"position\":2,\"name\":\"Secret\u00e1ria municipal de S\u00e3o Jos\u00e9 do Egito \u00e9 acusada de agredir ex-funcion\u00e1ria\"}]},{\"@type\":\"WebSite\",\"@id\":\"https:\\\/\\\/afogadosfm.com.br\\\/afogadosfm\\\/#website\",\"url\":\"https:\\\/\\\/afogadosfm.com.br\\\/afogadosfm\\\/\",\"name\":\"Afogados FM\",\"description\":\"Um site completo!\",\"publisher\":{\"@id\":\"https:\\\/\\\/afogadosfm.com.br\\\/afogadosfm\\\/#organization\"},\"potentialAction\":[{\"@type\":\"SearchAction\",\"target\":{\"@type\":\"EntryPoint\",\"urlTemplate\":\"https:\\\/\\\/afogadosfm.com.br\\\/afogadosfm\\\/?s={search_term_string}\"},\"query-input\":{\"@type\":\"PropertyValueSpecification\",\"valueRequired\":true,\"valueName\":\"search_term_string\"}}],\"inLanguage\":\"pt-BR\"},{\"@type\":\"Organization\",\"@id\":\"https:\\\/\\\/afogadosfm.com.br\\\/afogadosfm\\\/#organization\",\"name\":\"Afogados FM\",\"url\":\"https:\\\/\\\/afogadosfm.com.br\\\/afogadosfm\\\/\",\"logo\":{\"@type\":\"ImageObject\",\"inLanguage\":\"pt-BR\",\"@id\":\"https:\\\/\\\/afogadosfm.com.br\\\/afogadosfm\\\/#\\\/schema\\\/logo\\\/image\\\/\",\"url\":\"https:\\\/\\\/i0.wp.com\\\/afogadosfm.com.br\\\/afogadosfm\\\/wp-content\\\/uploads\\\/2020\\\/06\\\/cropped-banner-afogados-4.jpg?fit=369%2C137&ssl=1\",\"contentUrl\":\"https:\\\/\\\/i0.wp.com\\\/afogadosfm.com.br\\\/afogadosfm\\\/wp-content\\\/uploads\\\/2020\\\/06\\\/cropped-banner-afogados-4.jpg?fit=369%2C137&ssl=1\",\"width\":369,\"height\":137,\"caption\":\"Afogados FM\"},\"image\":{\"@id\":\"https:\\\/\\\/afogadosfm.com.br\\\/afogadosfm\\\/#\\\/schema\\\/logo\\\/image\\\/\"}},{\"@type\":\"Person\",\"@id\":\"https:\\\/\\\/afogadosfm.com.br\\\/afogadosfm\\\/#\\\/schema\\\/person\\\/60e56f2cf5dc960fc093fe093d9e9057\",\"name\":\"afogadosfm\",\"image\":{\"@type\":\"ImageObject\",\"inLanguage\":\"pt-BR\",\"@id\":\"https:\\\/\\\/secure.gravatar.com\\\/avatar\\\/e0359add7ed5dc3560906d861b52c6a8cf5c1e199d3a7dd85070998f49bd4701?s=96&d=mm&r=g\",\"url\":\"https:\\\/\\\/secure.gravatar.com\\\/avatar\\\/e0359add7ed5dc3560906d861b52c6a8cf5c1e199d3a7dd85070998f49bd4701?s=96&d=mm&r=g\",\"contentUrl\":\"https:\\\/\\\/secure.gravatar.com\\\/avatar\\\/e0359add7ed5dc3560906d861b52c6a8cf5c1e199d3a7dd85070998f49bd4701?s=96&d=mm&r=g\",\"caption\":\"afogadosfm\"},\"url\":\"https:\\\/\\\/afogadosfm.com.br\\\/afogadosfm\\\/author\\\/afogadosfm\\\/\"}]}<\/script>\n<!-- \/ Yoast SEO plugin. -->","yoast_head_json":{"title":"Secret\u00e1ria municipal de S\u00e3o Jos\u00e9 do Egito \u00e9 acusada de agredir ex-funcion\u00e1ria - Afogados FM","robots":{"index":"index","follow":"follow","max-snippet":"max-snippet:-1","max-image-preview":"max-image-preview:large","max-video-preview":"max-video-preview:-1"},"canonical":"https:\/\/afogadosfm.com.br\/afogadosfm\/2025\/09\/03\/secretaria-municipal-de-sao-jose-do-egito-e-acusada-de-agredir-ex-funcionaria\/","og_locale":"pt_BR","og_type":"article","og_title":"Secret\u00e1ria municipal de S\u00e3o Jos\u00e9 do Egito \u00e9 acusada de agredir ex-funcion\u00e1ria - Afogados FM","og_description":"Nesta ter\u00e7a-feira (2), uma secret\u00e1ria municipal de S\u00e3o Jos\u00e9 do Egito foi acusada de agredir uma ex-funcion\u00e1ria na Secretaria de","og_url":"https:\/\/afogadosfm.com.br\/afogadosfm\/2025\/09\/03\/secretaria-municipal-de-sao-jose-do-egito-e-acusada-de-agredir-ex-funcionaria\/","og_site_name":"Afogados FM","article_published_time":"2025-09-03T08:55:06+00:00","article_modified_time":"2025-09-03T08:55:08+00:00","og_image":[{"width":1170,"height":700,"url":"https:\/\/afogadosfm.com.br\/afogadosfm\/wp-content\/uploads\/2021\/08\/violencianao.jpeg","type":"image\/jpeg"}],"author":"afogadosfm","twitter_card":"summary_large_image","twitter_misc":{"Escrito por":"afogadosfm","Est. tempo de leitura":"1 minuto"},"schema":{"@context":"https:\/\/schema.org","@graph":[{"@type":"Article","@id":"https:\/\/afogadosfm.com.br\/afogadosfm\/2025\/09\/03\/secretaria-municipal-de-sao-jose-do-egito-e-acusada-de-agredir-ex-funcionaria\/#article","isPartOf":{"@id":"https:\/\/afogadosfm.com.br\/afogadosfm\/2025\/09\/03\/secretaria-municipal-de-sao-jose-do-egito-e-acusada-de-agredir-ex-funcionaria\/"},"author":{"name":"afogadosfm","@id":"https:\/\/afogadosfm.com.br\/afogadosfm\/#\/schema\/person\/60e56f2cf5dc960fc093fe093d9e9057"},"headline":"Secret\u00e1ria municipal de S\u00e3o Jos\u00e9 do Egito \u00e9 acusada de agredir ex-funcion\u00e1ria","datePublished":"2025-09-03T08:55:06+00:00","dateModified":"2025-09-03T08:55:08+00:00","mainEntityOfPage":{"@id":"https:\/\/afogadosfm.com.br\/afogadosfm\/2025\/09\/03\/secretaria-municipal-de-sao-jose-do-egito-e-acusada-de-agredir-ex-funcionaria\/"},"wordCount":160,"commentCount":0,"publisher":{"@id":"https:\/\/afogadosfm.com.br\/afogadosfm\/#organization"},"image":{"@id":"https:\/\/afogadosfm.com.br\/afogadosfm\/2025\/09\/03\/secretaria-municipal-de-sao-jose-do-egito-e-acusada-de-agredir-ex-funcionaria\/#primaryimage"},"thumbnailUrl":"https:\/\/i0.wp.com\/afogadosfm.com.br\/afogadosfm\/wp-content\/uploads\/2021\/08\/violencianao.jpeg?fit=1170%2C700&ssl=1","articleSection":["Sert\u00e3o"],"inLanguage":"pt-BR","potentialAction":[{"@type":"CommentAction","name":"Comment","target":["https:\/\/afogadosfm.com.br\/afogadosfm\/2025\/09\/03\/secretaria-municipal-de-sao-jose-do-egito-e-acusada-de-agredir-ex-funcionaria\/#respond"]}]},{"@type":"WebPage","@id":"https:\/\/afogadosfm.com.br\/afogadosfm\/2025\/09\/03\/secretaria-municipal-de-sao-jose-do-egito-e-acusada-de-agredir-ex-funcionaria\/","url":"https:\/\/afogadosfm.com.br\/afogadosfm\/2025\/09\/03\/secretaria-municipal-de-sao-jose-do-egito-e-acusada-de-agredir-ex-funcionaria\/","name":"Secret\u00e1ria municipal de S\u00e3o Jos\u00e9 do Egito \u00e9 acusada de agredir ex-funcion\u00e1ria - Afogados FM","isPartOf":{"@id":"https:\/\/afogadosfm.com.br\/afogadosfm\/#website"},"primaryImageOfPage":{"@id":"https:\/\/afogadosfm.com.br\/afogadosfm\/2025\/09\/03\/secretaria-municipal-de-sao-jose-do-egito-e-acusada-de-agredir-ex-funcionaria\/#primaryimage"},"image":{"@id":"https:\/\/afogadosfm.com.br\/afogadosfm\/2025\/09\/03\/secretaria-municipal-de-sao-jose-do-egito-e-acusada-de-agredir-ex-funcionaria\/#primaryimage"},"thumbnailUrl":"https:\/\/i0.wp.com\/afogadosfm.com.br\/afogadosfm\/wp-content\/uploads\/2021\/08\/violencianao.jpeg?fit=1170%2C700&ssl=1","datePublished":"2025-09-03T08:55:06+00:00","dateModified":"2025-09-03T08:55:08+00:00","breadcrumb":{"@id":"https:\/\/afogadosfm.com.br\/afogadosfm\/2025\/09\/03\/secretaria-municipal-de-sao-jose-do-egito-e-acusada-de-agredir-ex-funcionaria\/#breadcrumb"},"inLanguage":"pt-BR","potentialAction":[{"@type":"ReadAction","target":["https:\/\/afogadosfm.com.br\/afogadosfm\/2025\/09\/03\/secretaria-municipal-de-sao-jose-do-egito-e-acusada-de-agredir-ex-funcionaria\/"]}]},{"@type":"ImageObject","inLanguage":"pt-BR","@id":"https:\/\/afogadosfm.com.br\/afogadosfm\/2025\/09\/03\/secretaria-municipal-de-sao-jose-do-egito-e-acusada-de-agredir-ex-funcionaria\/#primaryimage","url":"https:\/\/i0.wp.com\/afogadosfm.com.br\/afogadosfm\/wp-content\/uploads\/2021\/08\/violencianao.jpeg?fit=1170%2C700&ssl=1","contentUrl":"https:\/\/i0.wp.com\/afogadosfm.com.br\/afogadosfm\/wp-content\/uploads\/2021\/08\/violencianao.jpeg?fit=1170%2C700&ssl=1","width":1170,"height":700},{"@type":"BreadcrumbList","@id":"https:\/\/afogadosfm.com.br\/afogadosfm\/2025\/09\/03\/secretaria-municipal-de-sao-jose-do-egito-e-acusada-de-agredir-ex-funcionaria\/#breadcrumb","itemListElement":[{"@type":"ListItem","position":1,"name":"In\u00edcio","item":"https:\/\/afogadosfm.com.br\/afogadosfm\/"},{"@type":"ListItem","position":2,"name":"Secret\u00e1ria municipal de S\u00e3o Jos\u00e9 do Egito \u00e9 acusada de agredir ex-funcion\u00e1ria"}]},{"@type":"WebSite","@id":"https:\/\/afogadosfm.com.br\/afogadosfm\/#website","url":"https:\/\/afogadosfm.com.br\/afogadosfm\/","name":"Afogados FM","description":"Um site completo!","publisher":{"@id":"https:\/\/afogadosfm.com.br\/afogadosfm\/#organization"},"potentialAction":[{"@type":"SearchAction","target":{"@type":"EntryPoint","urlTemplate":"https:\/\/afogadosfm.com.br\/afogadosfm\/?s={search_term_string}"},"query-input":{"@type":"PropertyValueSpecification","valueRequired":true,"valueName":"search_term_string"}}],"inLanguage":"pt-BR"},{"@type":"Organization","@id":"https:\/\/afogadosfm.com.br\/afogadosfm\/#organization","name":"Afogados FM","url":"https:\/\/afogadosfm.com.br\/afogadosfm\/","logo":{"@type":"ImageObject","inLanguage":"pt-BR","@id":"https:\/\/afogadosfm.com.br\/afogadosfm\/#\/schema\/logo\/image\/","url":"https:\/\/i0.wp.com\/afogadosfm.com.br\/afogadosfm\/wp-content\/uploads\/2020\/06\/cropped-banner-afogados-4.jpg?fit=369%2C137&ssl=1","contentUrl":"https:\/\/i0.wp.com\/afogadosfm.com.br\/afogadosfm\/wp-content\/uploads\/2020\/06\/cropped-banner-afogados-4.jpg?fit=369%2C137&ssl=1","width":369,"height":137,"caption":"Afogados FM"},"image":{"@id":"https:\/\/afogadosfm.com.br\/afogadosfm\/#\/schema\/logo\/image\/"}},{"@type":"Person","@id":"https:\/\/afogadosfm.com.br\/afogadosfm\/#\/schema\/person\/60e56f2cf5dc960fc093fe093d9e9057","name":"afogadosfm","image":{"@type":"ImageObject","inLanguage":"pt-BR","@id":"https:\/\/secure.gravatar.com\/avatar\/e0359add7ed5dc3560906d861b52c6a8cf5c1e199d3a7dd85070998f49bd4701?s=96&d=mm&r=g","url":"https:\/\/secure.gravatar.com\/avatar\/e0359add7ed5dc3560906d861b52c6a8cf5c1e199d3a7dd85070998f49bd4701?s=96&d=mm&r=g","contentUrl":"https:\/\/secure.gravatar.com\/avatar\/e0359add7ed5dc3560906d861b52c6a8cf5c1e199d3a7dd85070998f49bd4701?s=96&d=mm&r=g","caption":"afogadosfm"},"url":"https:\/\/afogadosfm.com.br\/afogadosfm\/author\/afogadosfm\/"}]}},"jetpack_publicize_connections":[],"jetpack_featured_media_url":"https:\/\/i0.wp.com\/afogadosfm.com.br\/afogadosfm\/wp-content\/uploads\/2021\/08\/violencianao.jpeg?fit=1170%2C700&ssl=1","jetpack-related-posts":[],"jetpack_sharing_enabled":true,"jetpack_likes_enabled":true,"_links":{"self":[{"href":"https:\/\/afogadosfm.com.br\/afogadosfm\/wp-json\/wp\/v2\/posts\/68732","targetHints":{"allow":["GET"]}}],"collection":[{"href":"https:\/\/afogadosfm.com.br\/afogadosfm\/wp-json\/wp\/v2\/posts"}],"about":[{"href":"https:\/\/afogadosfm.com.br\/afogadosfm\/wp-json\/wp\/v2\/types\/post"}],"author":[{"embeddable":true,"href":"https:\/\/afogadosfm.com.br\/afogadosfm\/wp-json\/wp\/v2\/users\/2"}],"replies":[{"embeddable":true,"href":"https:\/\/afogadosfm.com.br\/afogadosfm\/wp-json\/wp\/v2\/comments?post=68732"}],"version-history":[{"count":1,"href":"https:\/\/afogadosfm.com.br\/afogadosfm\/wp-json\/wp\/v2\/posts\/68732\/revisions"}],"predecessor-version":[{"id":68733,"href":"https:\/\/afogadosfm.com.br\/afogadosfm\/wp-json\/wp\/v2\/posts\/68732\/revisions\/68733"}],"wp:featuredmedia":[{"embeddable":true,"href":"https:\/\/afogadosfm.com.br\/afogadosfm\/wp-json\/wp\/v2\/media\/29797"}],"wp:attachment":[{"href":"https:\/\/afogadosfm.com.br\/afogadosfm\/wp-json\/wp\/v2\/media?parent=68732"}],"wp:term":[{"taxonomy":"category","embeddable":true,"href":"https:\/\/afogadosfm.com.br\/afogadosfm\/wp-json\/wp\/v2\/categories?post=68732"},{"taxonomy":"post_tag","embeddable":true,"href":"https:\/\/afogadosfm.com.br\/afogadosfm\/wp-json\/wp\/v2\/tags?post=68732"}],"curies":[{"name":"wp","href":"https:\/\/api.w.org\/{rel}","templated":true}]}}