{"id":68737,"date":"2025-09-03T06:01:14","date_gmt":"2025-09-03T09:01:14","guid":{"rendered":"https:\/\/afogadosfm.com.br\/afogadosfm\/?p=68737"},"modified":"2025-09-03T08:57:30","modified_gmt":"2025-09-03T11:57:30","slug":"lula-diz-ele-pode-se-defender-como-eu-nao-pude-e-nao-fiquei-chorando-se-referindo-a-bolsonaro","status":"publish","type":"post","link":"https:\/\/afogadosfm.com.br\/afogadosfm\/2025\/09\/03\/lula-diz-ele-pode-se-defender-como-eu-nao-pude-e-nao-fiquei-chorando-se-referindo-a-bolsonaro\/","title":{"rendered":"Lula diz; &#8220;ele pode se defender como eu n\u00e3o pude, e n\u00e3o fiquei chorando&#8221; se referindo a Bolsonaro"},"content":{"rendered":"\n<p>O presidente Luiz In\u00e1cio Lula da Silva (PT) compareceu, nesta ter\u00e7a-feira, ao vel\u00f3rio do jornalista Mino Carta, 91, em S\u00e3o Paulo. Entre refer\u00eancias ao antigo amigo, Lula comentou o julgamento do ex-presidente Jair Bolsonaro (PL).<\/p>\n\n\n\n<p> Eu espero que seja feita Justi\u00e7a, respeitando o direito da presun\u00e7\u00e3o da inoc\u00eancia de quem est\u00e1 sendo julgado. \u00c9 s\u00f3 isso que eu desejo. Para que o Brasil fique sabendo da verdade e apenas a verdade \u2014 disse o petista, sobre o julgamento iniciado nesta manh\u00e3. \u2014 Ele pode se defender como eu n\u00e3o pude me defender. E eu n\u00e3o reclamei, eu n\u00e3o fiquei chorando, eu fui \u00e0 luta. Se \u00e9 inocente, prova que \u00e9 inocente \u2014 completou o petista.<\/p>\n\n\n\n<p>Para Lula, se Mino Carta estivesse vivo, suas reportagens sobre o julgamento seriam \u201ca mais bela hist\u00f3ria do que aconteceu\u201d no pa\u00eds.<\/p>\n\n\n\n<p> As pessoas t\u00eam apenas que ser verdadeiras. E contar os fatos como eles s\u00e3o. Ningu\u00e9m precisa inventar coisa nenhuma. O que est\u00e1 acontecendo \u00e9 que os fatos est\u00e3o vindo \u00e0 tona. E as pessoas est\u00e3o come\u00e7ando a perceber o per\u00edodo nefasto da hist\u00f3ria brasileira que n\u00f3s vivemos. E obviamente que o Mino Carta, se estivesse hoje sentado na frente da sua m\u00e1quina, estaria escrevendo, quem sabe, a mais bela hist\u00f3ria do que aconteceu nos \u00faltimos anos no Brasil \u2014 disse em homenagem ao jornalista.<\/p>\n\n\n\n<p>Mais cedo, nas redes sociais, o petista publicou uma foto ao lado do fundador das revistas Veja e Carta Capital, a quem chamou de \u201camigo\u201d.<\/p>\n\n\n\n<p>Lula destacou que o profissional fez hist\u00f3ria no jornalismo brasileiro ao criar e dirigir algumas das principais publica\u00e7\u00f5es do pa\u00eds, e mostrou com seu of\u00edcio como \u201ca imprensa livre e a democracia andam de m\u00e3os dadas\u201d.<\/p>\n\n\n\n<p>Na postagem, Lula lembrou que Mino Carta denunciou o abuso dos poderosos e deu voz aos que clamavam por liberdade durante a ditadura militar. O presidente afirmou aos seguidores que conheceu Carta 50 anos atr\u00e1s e que foi o jornalista quem deu o primeiro espa\u00e7o de destaque na imprensa para as lutas sindicais.<\/p>\n\n\n\n<p>Da Ag\u00eancia O Globo<\/p>\n","protected":false},"excerpt":{"rendered":"<p>O presidente Luiz In\u00e1cio Lula da Silva (PT) compareceu, nesta ter\u00e7a-feira, ao vel\u00f3rio do jornalista Mino Carta, 91, em S\u00e3o<\/p>\n","protected":false},"author":2,"featured_media":44195,"comment_status":"open","ping_status":"open","sticky":false,"template":"","format":"standard","meta":{"jetpack_post_was_ever_published":false,"_jetpack_newsletter_access":"","_jetpack_dont_email_post_to_subs":false,"_jetpack_newsletter_tier_id":0,"_jetpack_memberships_contains_paywalled_content":false,"_jetpack_memberships_contains_paid_content":false,"footnotes":"","jetpack_publicize_message":"","jetpack_publicize_feature_enabled":true,"jetpack_social_post_already_shared":true,"jetpack_social_options":{"image_generator_settings":{"template":"highway","default_image_id":0,"font":"","enabled":false},"version":2}},"categories":[12],"tags":[],"class_list":["post-68737","post","type-post","status-publish","format-standard","has-post-thumbnail","hentry","category-brasil"],"yoast_head":"<!-- This site is optimized with the Yoast SEO plugin v27.5 - https:\/\/yoast.com\/product\/yoast-seo-wordpress\/ -->\n<title>Lula diz; &quot;ele pode se defender como eu n\u00e3o pude, e n\u00e3o fiquei chorando&quot; se referindo a Bolsonaro - Afogados FM<\/title>\n<meta name=\"robots\" content=\"index, follow, max-snippet:-1, max-image-preview:large, max-video-preview:-1\" \/>\n<link rel=\"canonical\" href=\"https:\/\/afogadosfm.com.br\/afogadosfm\/2025\/09\/03\/lula-diz-ele-pode-se-defender-como-eu-nao-pude-e-nao-fiquei-chorando-se-referindo-a-bolsonaro\/\" \/>\n<meta property=\"og:locale\" content=\"pt_BR\" \/>\n<meta property=\"og:type\" content=\"article\" \/>\n<meta property=\"og:title\" content=\"Lula diz; &quot;ele pode se defender como eu n\u00e3o pude, e n\u00e3o fiquei chorando&quot; se referindo a Bolsonaro - Afogados FM\" \/>\n<meta property=\"og:description\" content=\"O presidente Luiz In\u00e1cio Lula da Silva (PT) compareceu, nesta ter\u00e7a-feira, ao vel\u00f3rio do jornalista Mino Carta, 91, em S\u00e3o\" \/>\n<meta property=\"og:url\" content=\"https:\/\/afogadosfm.com.br\/afogadosfm\/2025\/09\/03\/lula-diz-ele-pode-se-defender-como-eu-nao-pude-e-nao-fiquei-chorando-se-referindo-a-bolsonaro\/\" \/>\n<meta property=\"og:site_name\" content=\"Afogados FM\" \/>\n<meta property=\"article:published_time\" content=\"2025-09-03T09:01:14+00:00\" \/>\n<meta property=\"article:modified_time\" content=\"2025-09-03T11:57:30+00:00\" \/>\n<meta property=\"og:image\" content=\"https:\/\/afogadosfm.com.br\/afogadosfm\/wp-content\/uploads\/2023\/01\/lulair.webp\" \/>\n\t<meta property=\"og:image:width\" content=\"1024\" \/>\n\t<meta property=\"og:image:height\" content=\"768\" \/>\n\t<meta property=\"og:image:type\" content=\"image\/webp\" \/>\n<meta name=\"author\" content=\"afogadosfm\" \/>\n<meta name=\"twitter:card\" content=\"summary_large_image\" \/>\n<meta name=\"twitter:label1\" content=\"Escrito por\" \/>\n\t<meta name=\"twitter:data1\" content=\"afogadosfm\" \/>\n\t<meta name=\"twitter:label2\" content=\"Est. tempo de leitura\" \/>\n\t<meta name=\"twitter:data2\" content=\"3 minutos\" \/>\n<script type=\"application\/ld+json\" class=\"yoast-schema-graph\">{\"@context\":\"https:\\\/\\\/schema.org\",\"@graph\":[{\"@type\":\"Article\",\"@id\":\"https:\\\/\\\/afogadosfm.com.br\\\/afogadosfm\\\/2025\\\/09\\\/03\\\/lula-diz-ele-pode-se-defender-como-eu-nao-pude-e-nao-fiquei-chorando-se-referindo-a-bolsonaro\\\/#article\",\"isPartOf\":{\"@id\":\"https:\\\/\\\/afogadosfm.com.br\\\/afogadosfm\\\/2025\\\/09\\\/03\\\/lula-diz-ele-pode-se-defender-como-eu-nao-pude-e-nao-fiquei-chorando-se-referindo-a-bolsonaro\\\/\"},\"author\":{\"name\":\"afogadosfm\",\"@id\":\"https:\\\/\\\/afogadosfm.com.br\\\/afogadosfm\\\/#\\\/schema\\\/person\\\/60e56f2cf5dc960fc093fe093d9e9057\"},\"headline\":\"Lula diz; &#8220;ele pode se defender como eu n\u00e3o pude, e n\u00e3o fiquei chorando&#8221; se referindo a Bolsonaro\",\"datePublished\":\"2025-09-03T09:01:14+00:00\",\"dateModified\":\"2025-09-03T11:57:30+00:00\",\"mainEntityOfPage\":{\"@id\":\"https:\\\/\\\/afogadosfm.com.br\\\/afogadosfm\\\/2025\\\/09\\\/03\\\/lula-diz-ele-pode-se-defender-como-eu-nao-pude-e-nao-fiquei-chorando-se-referindo-a-bolsonaro\\\/\"},\"wordCount\":379,\"commentCount\":0,\"publisher\":{\"@id\":\"https:\\\/\\\/afogadosfm.com.br\\\/afogadosfm\\\/#organization\"},\"image\":{\"@id\":\"https:\\\/\\\/afogadosfm.com.br\\\/afogadosfm\\\/2025\\\/09\\\/03\\\/lula-diz-ele-pode-se-defender-como-eu-nao-pude-e-nao-fiquei-chorando-se-referindo-a-bolsonaro\\\/#primaryimage\"},\"thumbnailUrl\":\"https:\\\/\\\/i0.wp.com\\\/afogadosfm.com.br\\\/afogadosfm\\\/wp-content\\\/uploads\\\/2023\\\/01\\\/lulair.webp?fit=1024%2C768&ssl=1\",\"articleSection\":[\"Brasil\"],\"inLanguage\":\"pt-BR\",\"potentialAction\":[{\"@type\":\"CommentAction\",\"name\":\"Comment\",\"target\":[\"https:\\\/\\\/afogadosfm.com.br\\\/afogadosfm\\\/2025\\\/09\\\/03\\\/lula-diz-ele-pode-se-defender-como-eu-nao-pude-e-nao-fiquei-chorando-se-referindo-a-bolsonaro\\\/#respond\"]}]},{\"@type\":\"WebPage\",\"@id\":\"https:\\\/\\\/afogadosfm.com.br\\\/afogadosfm\\\/2025\\\/09\\\/03\\\/lula-diz-ele-pode-se-defender-como-eu-nao-pude-e-nao-fiquei-chorando-se-referindo-a-bolsonaro\\\/\",\"url\":\"https:\\\/\\\/afogadosfm.com.br\\\/afogadosfm\\\/2025\\\/09\\\/03\\\/lula-diz-ele-pode-se-defender-como-eu-nao-pude-e-nao-fiquei-chorando-se-referindo-a-bolsonaro\\\/\",\"name\":\"Lula diz; \\\"ele pode se defender como eu n\u00e3o pude, e n\u00e3o fiquei chorando\\\" se referindo a Bolsonaro - Afogados FM\",\"isPartOf\":{\"@id\":\"https:\\\/\\\/afogadosfm.com.br\\\/afogadosfm\\\/#website\"},\"primaryImageOfPage\":{\"@id\":\"https:\\\/\\\/afogadosfm.com.br\\\/afogadosfm\\\/2025\\\/09\\\/03\\\/lula-diz-ele-pode-se-defender-como-eu-nao-pude-e-nao-fiquei-chorando-se-referindo-a-bolsonaro\\\/#primaryimage\"},\"image\":{\"@id\":\"https:\\\/\\\/afogadosfm.com.br\\\/afogadosfm\\\/2025\\\/09\\\/03\\\/lula-diz-ele-pode-se-defender-como-eu-nao-pude-e-nao-fiquei-chorando-se-referindo-a-bolsonaro\\\/#primaryimage\"},\"thumbnailUrl\":\"https:\\\/\\\/i0.wp.com\\\/afogadosfm.com.br\\\/afogadosfm\\\/wp-content\\\/uploads\\\/2023\\\/01\\\/lulair.webp?fit=1024%2C768&ssl=1\",\"datePublished\":\"2025-09-03T09:01:14+00:00\",\"dateModified\":\"2025-09-03T11:57:30+00:00\",\"breadcrumb\":{\"@id\":\"https:\\\/\\\/afogadosfm.com.br\\\/afogadosfm\\\/2025\\\/09\\\/03\\\/lula-diz-ele-pode-se-defender-como-eu-nao-pude-e-nao-fiquei-chorando-se-referindo-a-bolsonaro\\\/#breadcrumb\"},\"inLanguage\":\"pt-BR\",\"potentialAction\":[{\"@type\":\"ReadAction\",\"target\":[\"https:\\\/\\\/afogadosfm.com.br\\\/afogadosfm\\\/2025\\\/09\\\/03\\\/lula-diz-ele-pode-se-defender-como-eu-nao-pude-e-nao-fiquei-chorando-se-referindo-a-bolsonaro\\\/\"]}]},{\"@type\":\"ImageObject\",\"inLanguage\":\"pt-BR\",\"@id\":\"https:\\\/\\\/afogadosfm.com.br\\\/afogadosfm\\\/2025\\\/09\\\/03\\\/lula-diz-ele-pode-se-defender-como-eu-nao-pude-e-nao-fiquei-chorando-se-referindo-a-bolsonaro\\\/#primaryimage\",\"url\":\"https:\\\/\\\/i0.wp.com\\\/afogadosfm.com.br\\\/afogadosfm\\\/wp-content\\\/uploads\\\/2023\\\/01\\\/lulair.webp?fit=1024%2C768&ssl=1\",\"contentUrl\":\"https:\\\/\\\/i0.wp.com\\\/afogadosfm.com.br\\\/afogadosfm\\\/wp-content\\\/uploads\\\/2023\\\/01\\\/lulair.webp?fit=1024%2C768&ssl=1\",\"width\":1024,\"height\":768},{\"@type\":\"BreadcrumbList\",\"@id\":\"https:\\\/\\\/afogadosfm.com.br\\\/afogadosfm\\\/2025\\\/09\\\/03\\\/lula-diz-ele-pode-se-defender-como-eu-nao-pude-e-nao-fiquei-chorando-se-referindo-a-bolsonaro\\\/#breadcrumb\",\"itemListElement\":[{\"@type\":\"ListItem\",\"position\":1,\"name\":\"In\u00edcio\",\"item\":\"https:\\\/\\\/afogadosfm.com.br\\\/afogadosfm\\\/\"},{\"@type\":\"ListItem\",\"position\":2,\"name\":\"Lula diz; &#8220;ele pode se defender como eu n\u00e3o pude, e n\u00e3o fiquei chorando&#8221; se referindo a Bolsonaro\"}]},{\"@type\":\"WebSite\",\"@id\":\"https:\\\/\\\/afogadosfm.com.br\\\/afogadosfm\\\/#website\",\"url\":\"https:\\\/\\\/afogadosfm.com.br\\\/afogadosfm\\\/\",\"name\":\"Afogados FM\",\"description\":\"Um site completo!\",\"publisher\":{\"@id\":\"https:\\\/\\\/afogadosfm.com.br\\\/afogadosfm\\\/#organization\"},\"potentialAction\":[{\"@type\":\"SearchAction\",\"target\":{\"@type\":\"EntryPoint\",\"urlTemplate\":\"https:\\\/\\\/afogadosfm.com.br\\\/afogadosfm\\\/?s={search_term_string}\"},\"query-input\":{\"@type\":\"PropertyValueSpecification\",\"valueRequired\":true,\"valueName\":\"search_term_string\"}}],\"inLanguage\":\"pt-BR\"},{\"@type\":\"Organization\",\"@id\":\"https:\\\/\\\/afogadosfm.com.br\\\/afogadosfm\\\/#organization\",\"name\":\"Afogados FM\",\"url\":\"https:\\\/\\\/afogadosfm.com.br\\\/afogadosfm\\\/\",\"logo\":{\"@type\":\"ImageObject\",\"inLanguage\":\"pt-BR\",\"@id\":\"https:\\\/\\\/afogadosfm.com.br\\\/afogadosfm\\\/#\\\/schema\\\/logo\\\/image\\\/\",\"url\":\"https:\\\/\\\/i0.wp.com\\\/afogadosfm.com.br\\\/afogadosfm\\\/wp-content\\\/uploads\\\/2020\\\/06\\\/cropped-banner-afogados-4.jpg?fit=369%2C137&ssl=1\",\"contentUrl\":\"https:\\\/\\\/i0.wp.com\\\/afogadosfm.com.br\\\/afogadosfm\\\/wp-content\\\/uploads\\\/2020\\\/06\\\/cropped-banner-afogados-4.jpg?fit=369%2C137&ssl=1\",\"width\":369,\"height\":137,\"caption\":\"Afogados FM\"},\"image\":{\"@id\":\"https:\\\/\\\/afogadosfm.com.br\\\/afogadosfm\\\/#\\\/schema\\\/logo\\\/image\\\/\"}},{\"@type\":\"Person\",\"@id\":\"https:\\\/\\\/afogadosfm.com.br\\\/afogadosfm\\\/#\\\/schema\\\/person\\\/60e56f2cf5dc960fc093fe093d9e9057\",\"name\":\"afogadosfm\",\"image\":{\"@type\":\"ImageObject\",\"inLanguage\":\"pt-BR\",\"@id\":\"https:\\\/\\\/secure.gravatar.com\\\/avatar\\\/e0359add7ed5dc3560906d861b52c6a8cf5c1e199d3a7dd85070998f49bd4701?s=96&d=mm&r=g\",\"url\":\"https:\\\/\\\/secure.gravatar.com\\\/avatar\\\/e0359add7ed5dc3560906d861b52c6a8cf5c1e199d3a7dd85070998f49bd4701?s=96&d=mm&r=g\",\"contentUrl\":\"https:\\\/\\\/secure.gravatar.com\\\/avatar\\\/e0359add7ed5dc3560906d861b52c6a8cf5c1e199d3a7dd85070998f49bd4701?s=96&d=mm&r=g\",\"caption\":\"afogadosfm\"},\"url\":\"https:\\\/\\\/afogadosfm.com.br\\\/afogadosfm\\\/author\\\/afogadosfm\\\/\"}]}<\/script>\n<!-- \/ Yoast SEO plugin. -->","yoast_head_json":{"title":"Lula diz; \"ele pode se defender como eu n\u00e3o pude, e n\u00e3o fiquei chorando\" se referindo a Bolsonaro - Afogados FM","robots":{"index":"index","follow":"follow","max-snippet":"max-snippet:-1","max-image-preview":"max-image-preview:large","max-video-preview":"max-video-preview:-1"},"canonical":"https:\/\/afogadosfm.com.br\/afogadosfm\/2025\/09\/03\/lula-diz-ele-pode-se-defender-como-eu-nao-pude-e-nao-fiquei-chorando-se-referindo-a-bolsonaro\/","og_locale":"pt_BR","og_type":"article","og_title":"Lula diz; \"ele pode se defender como eu n\u00e3o pude, e n\u00e3o fiquei chorando\" se referindo a Bolsonaro - Afogados FM","og_description":"O presidente Luiz In\u00e1cio Lula da Silva (PT) compareceu, nesta ter\u00e7a-feira, ao vel\u00f3rio do jornalista Mino Carta, 91, em S\u00e3o","og_url":"https:\/\/afogadosfm.com.br\/afogadosfm\/2025\/09\/03\/lula-diz-ele-pode-se-defender-como-eu-nao-pude-e-nao-fiquei-chorando-se-referindo-a-bolsonaro\/","og_site_name":"Afogados FM","article_published_time":"2025-09-03T09:01:14+00:00","article_modified_time":"2025-09-03T11:57:30+00:00","og_image":[{"width":1024,"height":768,"url":"https:\/\/afogadosfm.com.br\/afogadosfm\/wp-content\/uploads\/2023\/01\/lulair.webp","type":"image\/webp"}],"author":"afogadosfm","twitter_card":"summary_large_image","twitter_misc":{"Escrito por":"afogadosfm","Est. tempo de leitura":"3 minutos"},"schema":{"@context":"https:\/\/schema.org","@graph":[{"@type":"Article","@id":"https:\/\/afogadosfm.com.br\/afogadosfm\/2025\/09\/03\/lula-diz-ele-pode-se-defender-como-eu-nao-pude-e-nao-fiquei-chorando-se-referindo-a-bolsonaro\/#article","isPartOf":{"@id":"https:\/\/afogadosfm.com.br\/afogadosfm\/2025\/09\/03\/lula-diz-ele-pode-se-defender-como-eu-nao-pude-e-nao-fiquei-chorando-se-referindo-a-bolsonaro\/"},"author":{"name":"afogadosfm","@id":"https:\/\/afogadosfm.com.br\/afogadosfm\/#\/schema\/person\/60e56f2cf5dc960fc093fe093d9e9057"},"headline":"Lula diz; &#8220;ele pode se defender como eu n\u00e3o pude, e n\u00e3o fiquei chorando&#8221; se referindo a Bolsonaro","datePublished":"2025-09-03T09:01:14+00:00","dateModified":"2025-09-03T11:57:30+00:00","mainEntityOfPage":{"@id":"https:\/\/afogadosfm.com.br\/afogadosfm\/2025\/09\/03\/lula-diz-ele-pode-se-defender-como-eu-nao-pude-e-nao-fiquei-chorando-se-referindo-a-bolsonaro\/"},"wordCount":379,"commentCount":0,"publisher":{"@id":"https:\/\/afogadosfm.com.br\/afogadosfm\/#organization"},"image":{"@id":"https:\/\/afogadosfm.com.br\/afogadosfm\/2025\/09\/03\/lula-diz-ele-pode-se-defender-como-eu-nao-pude-e-nao-fiquei-chorando-se-referindo-a-bolsonaro\/#primaryimage"},"thumbnailUrl":"https:\/\/i0.wp.com\/afogadosfm.com.br\/afogadosfm\/wp-content\/uploads\/2023\/01\/lulair.webp?fit=1024%2C768&ssl=1","articleSection":["Brasil"],"inLanguage":"pt-BR","potentialAction":[{"@type":"CommentAction","name":"Comment","target":["https:\/\/afogadosfm.com.br\/afogadosfm\/2025\/09\/03\/lula-diz-ele-pode-se-defender-como-eu-nao-pude-e-nao-fiquei-chorando-se-referindo-a-bolsonaro\/#respond"]}]},{"@type":"WebPage","@id":"https:\/\/afogadosfm.com.br\/afogadosfm\/2025\/09\/03\/lula-diz-ele-pode-se-defender-como-eu-nao-pude-e-nao-fiquei-chorando-se-referindo-a-bolsonaro\/","url":"https:\/\/afogadosfm.com.br\/afogadosfm\/2025\/09\/03\/lula-diz-ele-pode-se-defender-como-eu-nao-pude-e-nao-fiquei-chorando-se-referindo-a-bolsonaro\/","name":"Lula diz; \"ele pode se defender como eu n\u00e3o pude, e n\u00e3o fiquei chorando\" se referindo a Bolsonaro - Afogados FM","isPartOf":{"@id":"https:\/\/afogadosfm.com.br\/afogadosfm\/#website"},"primaryImageOfPage":{"@id":"https:\/\/afogadosfm.com.br\/afogadosfm\/2025\/09\/03\/lula-diz-ele-pode-se-defender-como-eu-nao-pude-e-nao-fiquei-chorando-se-referindo-a-bolsonaro\/#primaryimage"},"image":{"@id":"https:\/\/afogadosfm.com.br\/afogadosfm\/2025\/09\/03\/lula-diz-ele-pode-se-defender-como-eu-nao-pude-e-nao-fiquei-chorando-se-referindo-a-bolsonaro\/#primaryimage"},"thumbnailUrl":"https:\/\/i0.wp.com\/afogadosfm.com.br\/afogadosfm\/wp-content\/uploads\/2023\/01\/lulair.webp?fit=1024%2C768&ssl=1","datePublished":"2025-09-03T09:01:14+00:00","dateModified":"2025-09-03T11:57:30+00:00","breadcrumb":{"@id":"https:\/\/afogadosfm.com.br\/afogadosfm\/2025\/09\/03\/lula-diz-ele-pode-se-defender-como-eu-nao-pude-e-nao-fiquei-chorando-se-referindo-a-bolsonaro\/#breadcrumb"},"inLanguage":"pt-BR","potentialAction":[{"@type":"ReadAction","target":["https:\/\/afogadosfm.com.br\/afogadosfm\/2025\/09\/03\/lula-diz-ele-pode-se-defender-como-eu-nao-pude-e-nao-fiquei-chorando-se-referindo-a-bolsonaro\/"]}]},{"@type":"ImageObject","inLanguage":"pt-BR","@id":"https:\/\/afogadosfm.com.br\/afogadosfm\/2025\/09\/03\/lula-diz-ele-pode-se-defender-como-eu-nao-pude-e-nao-fiquei-chorando-se-referindo-a-bolsonaro\/#primaryimage","url":"https:\/\/i0.wp.com\/afogadosfm.com.br\/afogadosfm\/wp-content\/uploads\/2023\/01\/lulair.webp?fit=1024%2C768&ssl=1","contentUrl":"https:\/\/i0.wp.com\/afogadosfm.com.br\/afogadosfm\/wp-content\/uploads\/2023\/01\/lulair.webp?fit=1024%2C768&ssl=1","width":1024,"height":768},{"@type":"BreadcrumbList","@id":"https:\/\/afogadosfm.com.br\/afogadosfm\/2025\/09\/03\/lula-diz-ele-pode-se-defender-como-eu-nao-pude-e-nao-fiquei-chorando-se-referindo-a-bolsonaro\/#breadcrumb","itemListElement":[{"@type":"ListItem","position":1,"name":"In\u00edcio","item":"https:\/\/afogadosfm.com.br\/afogadosfm\/"},{"@type":"ListItem","position":2,"name":"Lula diz; &#8220;ele pode se defender como eu n\u00e3o pude, e n\u00e3o fiquei chorando&#8221; se referindo a Bolsonaro"}]},{"@type":"WebSite","@id":"https:\/\/afogadosfm.com.br\/afogadosfm\/#website","url":"https:\/\/afogadosfm.com.br\/afogadosfm\/","name":"Afogados FM","description":"Um site completo!","publisher":{"@id":"https:\/\/afogadosfm.com.br\/afogadosfm\/#organization"},"potentialAction":[{"@type":"SearchAction","target":{"@type":"EntryPoint","urlTemplate":"https:\/\/afogadosfm.com.br\/afogadosfm\/?s={search_term_string}"},"query-input":{"@type":"PropertyValueSpecification","valueRequired":true,"valueName":"search_term_string"}}],"inLanguage":"pt-BR"},{"@type":"Organization","@id":"https:\/\/afogadosfm.com.br\/afogadosfm\/#organization","name":"Afogados FM","url":"https:\/\/afogadosfm.com.br\/afogadosfm\/","logo":{"@type":"ImageObject","inLanguage":"pt-BR","@id":"https:\/\/afogadosfm.com.br\/afogadosfm\/#\/schema\/logo\/image\/","url":"https:\/\/i0.wp.com\/afogadosfm.com.br\/afogadosfm\/wp-content\/uploads\/2020\/06\/cropped-banner-afogados-4.jpg?fit=369%2C137&ssl=1","contentUrl":"https:\/\/i0.wp.com\/afogadosfm.com.br\/afogadosfm\/wp-content\/uploads\/2020\/06\/cropped-banner-afogados-4.jpg?fit=369%2C137&ssl=1","width":369,"height":137,"caption":"Afogados FM"},"image":{"@id":"https:\/\/afogadosfm.com.br\/afogadosfm\/#\/schema\/logo\/image\/"}},{"@type":"Person","@id":"https:\/\/afogadosfm.com.br\/afogadosfm\/#\/schema\/person\/60e56f2cf5dc960fc093fe093d9e9057","name":"afogadosfm","image":{"@type":"ImageObject","inLanguage":"pt-BR","@id":"https:\/\/secure.gravatar.com\/avatar\/e0359add7ed5dc3560906d861b52c6a8cf5c1e199d3a7dd85070998f49bd4701?s=96&d=mm&r=g","url":"https:\/\/secure.gravatar.com\/avatar\/e0359add7ed5dc3560906d861b52c6a8cf5c1e199d3a7dd85070998f49bd4701?s=96&d=mm&r=g","contentUrl":"https:\/\/secure.gravatar.com\/avatar\/e0359add7ed5dc3560906d861b52c6a8cf5c1e199d3a7dd85070998f49bd4701?s=96&d=mm&r=g","caption":"afogadosfm"},"url":"https:\/\/afogadosfm.com.br\/afogadosfm\/author\/afogadosfm\/"}]}},"jetpack_publicize_connections":[],"jetpack_featured_media_url":"https:\/\/i0.wp.com\/afogadosfm.com.br\/afogadosfm\/wp-content\/uploads\/2023\/01\/lulair.webp?fit=1024%2C768&ssl=1","jetpack-related-posts":[],"jetpack_sharing_enabled":true,"jetpack_likes_enabled":true,"_links":{"self":[{"href":"https:\/\/afogadosfm.com.br\/afogadosfm\/wp-json\/wp\/v2\/posts\/68737","targetHints":{"allow":["GET"]}}],"collection":[{"href":"https:\/\/afogadosfm.com.br\/afogadosfm\/wp-json\/wp\/v2\/posts"}],"about":[{"href":"https:\/\/afogadosfm.com.br\/afogadosfm\/wp-json\/wp\/v2\/types\/post"}],"author":[{"embeddable":true,"href":"https:\/\/afogadosfm.com.br\/afogadosfm\/wp-json\/wp\/v2\/users\/2"}],"replies":[{"embeddable":true,"href":"https:\/\/afogadosfm.com.br\/afogadosfm\/wp-json\/wp\/v2\/comments?post=68737"}],"version-history":[{"count":1,"href":"https:\/\/afogadosfm.com.br\/afogadosfm\/wp-json\/wp\/v2\/posts\/68737\/revisions"}],"predecessor-version":[{"id":68738,"href":"https:\/\/afogadosfm.com.br\/afogadosfm\/wp-json\/wp\/v2\/posts\/68737\/revisions\/68738"}],"wp:featuredmedia":[{"embeddable":true,"href":"https:\/\/afogadosfm.com.br\/afogadosfm\/wp-json\/wp\/v2\/media\/44195"}],"wp:attachment":[{"href":"https:\/\/afogadosfm.com.br\/afogadosfm\/wp-json\/wp\/v2\/media?parent=68737"}],"wp:term":[{"taxonomy":"category","embeddable":true,"href":"https:\/\/afogadosfm.com.br\/afogadosfm\/wp-json\/wp\/v2\/categories?post=68737"},{"taxonomy":"post_tag","embeddable":true,"href":"https:\/\/afogadosfm.com.br\/afogadosfm\/wp-json\/wp\/v2\/tags?post=68737"}],"curies":[{"name":"wp","href":"https:\/\/api.w.org\/{rel}","templated":true}]}}