{"id":68741,"date":"2025-09-03T06:54:27","date_gmt":"2025-09-03T09:54:27","guid":{"rendered":"https:\/\/afogadosfm.com.br\/afogadosfm\/?p=68741"},"modified":"2025-09-03T06:54:28","modified_gmt":"2025-09-03T09:54:28","slug":"presidente-da-camara-de-afogados-suspende-sessoes-da-proxima-semana-para-reflexao-dos-vereadores","status":"publish","type":"post","link":"https:\/\/afogadosfm.com.br\/afogadosfm\/2025\/09\/03\/presidente-da-camara-de-afogados-suspende-sessoes-da-proxima-semana-para-reflexao-dos-vereadores\/","title":{"rendered":"Presidente da C\u00e2mara de Afogados suspende sess\u00f5es da pr\u00f3xima semana para &#8220;reflex\u00e3o&#8221; dos vereadores"},"content":{"rendered":"\n<p>A C\u00e2mara Municipal de Afogados da Ingazeira ultimamente tem sido comparada ao programa &#8220;Casos de Fam\u00edlia&#8221; do SBT devido aos embates e ataques protagonizados pelos pr\u00f3prios vereadores.<\/p>\n\n\n\n<p>Durante a Sess\u00e3o desta ter\u00e7a (02), o presidente da casa, Vicentinho Zuza, comunicou que as reuni\u00f5es da pr\u00f3xima semana ser\u00e3o suspensas. O motivo seria proporcionar um per\u00edodo de reflex\u00e3o das condutas dos mesmos dentro do legislativo municipal. \u201cVim aqui para fazer com que esta casa seja respeitada, e para isso conto com a colabora\u00e7\u00e3o de todos. Vamos usar a pr\u00f3xima semana para refletir e repensar nossas a\u00e7\u00f5es\u201d, afirmou.<\/p>\n\n\n\n<p>Al\u00e9m da suspens\u00e3o das pr\u00f3ximas sess\u00f5es tamb\u00e9m foi finalizado o grupo de whatsapp.<\/p>\n\n\n\n<p>Por Romero Moraes<\/p>\n","protected":false},"excerpt":{"rendered":"<p>A C\u00e2mara Municipal de Afogados da Ingazeira ultimamente tem sido comparada ao programa &#8220;Casos de Fam\u00edlia&#8221; do SBT devido aos<\/p>\n","protected":false},"author":2,"featured_media":2905,"comment_status":"open","ping_status":"open","sticky":false,"template":"","format":"standard","meta":{"jetpack_post_was_ever_published":false,"_jetpack_newsletter_access":"","_jetpack_dont_email_post_to_subs":false,"_jetpack_newsletter_tier_id":0,"_jetpack_memberships_contains_paywalled_content":false,"_jetpack_memberships_contains_paid_content":false,"footnotes":"","jetpack_publicize_message":"","jetpack_publicize_feature_enabled":true,"jetpack_social_post_already_shared":true,"jetpack_social_options":{"image_generator_settings":{"template":"highway","default_image_id":0,"font":"","enabled":false},"version":2}},"categories":[14],"tags":[],"class_list":["post-68741","post","type-post","status-publish","format-standard","has-post-thumbnail","hentry","category-afogados-da-ingazeira"],"yoast_head":"<!-- This site is optimized with the Yoast SEO plugin v27.5 - https:\/\/yoast.com\/product\/yoast-seo-wordpress\/ -->\n<title>Presidente da C\u00e2mara de Afogados suspende sess\u00f5es da pr\u00f3xima semana para &quot;reflex\u00e3o&quot; dos vereadores - Afogados FM<\/title>\n<meta name=\"robots\" content=\"index, follow, max-snippet:-1, max-image-preview:large, max-video-preview:-1\" \/>\n<link rel=\"canonical\" href=\"https:\/\/afogadosfm.com.br\/afogadosfm\/2025\/09\/03\/presidente-da-camara-de-afogados-suspende-sessoes-da-proxima-semana-para-reflexao-dos-vereadores\/\" \/>\n<meta property=\"og:locale\" content=\"pt_BR\" \/>\n<meta property=\"og:type\" content=\"article\" \/>\n<meta property=\"og:title\" content=\"Presidente da C\u00e2mara de Afogados suspende sess\u00f5es da pr\u00f3xima semana para &quot;reflex\u00e3o&quot; dos vereadores - Afogados FM\" \/>\n<meta property=\"og:description\" content=\"A C\u00e2mara Municipal de Afogados da Ingazeira ultimamente tem sido comparada ao programa &#8220;Casos de Fam\u00edlia&#8221; do SBT devido aos\" \/>\n<meta property=\"og:url\" content=\"https:\/\/afogadosfm.com.br\/afogadosfm\/2025\/09\/03\/presidente-da-camara-de-afogados-suspende-sessoes-da-proxima-semana-para-reflexao-dos-vereadores\/\" \/>\n<meta property=\"og:site_name\" content=\"Afogados FM\" \/>\n<meta property=\"article:published_time\" content=\"2025-09-03T09:54:27+00:00\" \/>\n<meta property=\"article:modified_time\" content=\"2025-09-03T09:54:28+00:00\" \/>\n<meta property=\"og:image\" content=\"https:\/\/afogadosfm.com.br\/afogadosfm\/wp-content\/uploads\/2018\/03\/camara-municipal.jpg\" \/>\n\t<meta property=\"og:image:width\" content=\"562\" \/>\n\t<meta property=\"og:image:height\" content=\"262\" \/>\n\t<meta property=\"og:image:type\" content=\"image\/jpeg\" \/>\n<meta name=\"author\" content=\"afogadosfm\" \/>\n<meta name=\"twitter:card\" content=\"summary_large_image\" \/>\n<meta name=\"twitter:label1\" content=\"Escrito por\" \/>\n\t<meta name=\"twitter:data1\" content=\"afogadosfm\" \/>\n\t<meta name=\"twitter:label2\" content=\"Est. tempo de leitura\" \/>\n\t<meta name=\"twitter:data2\" content=\"1 minuto\" \/>\n<script type=\"application\/ld+json\" class=\"yoast-schema-graph\">{\"@context\":\"https:\\\/\\\/schema.org\",\"@graph\":[{\"@type\":\"Article\",\"@id\":\"https:\\\/\\\/afogadosfm.com.br\\\/afogadosfm\\\/2025\\\/09\\\/03\\\/presidente-da-camara-de-afogados-suspende-sessoes-da-proxima-semana-para-reflexao-dos-vereadores\\\/#article\",\"isPartOf\":{\"@id\":\"https:\\\/\\\/afogadosfm.com.br\\\/afogadosfm\\\/2025\\\/09\\\/03\\\/presidente-da-camara-de-afogados-suspende-sessoes-da-proxima-semana-para-reflexao-dos-vereadores\\\/\"},\"author\":{\"name\":\"afogadosfm\",\"@id\":\"https:\\\/\\\/afogadosfm.com.br\\\/afogadosfm\\\/#\\\/schema\\\/person\\\/60e56f2cf5dc960fc093fe093d9e9057\"},\"headline\":\"Presidente da C\u00e2mara de Afogados suspende sess\u00f5es da pr\u00f3xima semana para &#8220;reflex\u00e3o&#8221; dos vereadores\",\"datePublished\":\"2025-09-03T09:54:27+00:00\",\"dateModified\":\"2025-09-03T09:54:28+00:00\",\"mainEntityOfPage\":{\"@id\":\"https:\\\/\\\/afogadosfm.com.br\\\/afogadosfm\\\/2025\\\/09\\\/03\\\/presidente-da-camara-de-afogados-suspende-sessoes-da-proxima-semana-para-reflexao-dos-vereadores\\\/\"},\"wordCount\":146,\"commentCount\":0,\"publisher\":{\"@id\":\"https:\\\/\\\/afogadosfm.com.br\\\/afogadosfm\\\/#organization\"},\"image\":{\"@id\":\"https:\\\/\\\/afogadosfm.com.br\\\/afogadosfm\\\/2025\\\/09\\\/03\\\/presidente-da-camara-de-afogados-suspende-sessoes-da-proxima-semana-para-reflexao-dos-vereadores\\\/#primaryimage\"},\"thumbnailUrl\":\"https:\\\/\\\/i0.wp.com\\\/afogadosfm.com.br\\\/afogadosfm\\\/wp-content\\\/uploads\\\/2018\\\/03\\\/camara-municipal.jpg?fit=562%2C262&ssl=1\",\"articleSection\":[\"Afogados da Ingazeira\"],\"inLanguage\":\"pt-BR\",\"potentialAction\":[{\"@type\":\"CommentAction\",\"name\":\"Comment\",\"target\":[\"https:\\\/\\\/afogadosfm.com.br\\\/afogadosfm\\\/2025\\\/09\\\/03\\\/presidente-da-camara-de-afogados-suspende-sessoes-da-proxima-semana-para-reflexao-dos-vereadores\\\/#respond\"]}]},{\"@type\":\"WebPage\",\"@id\":\"https:\\\/\\\/afogadosfm.com.br\\\/afogadosfm\\\/2025\\\/09\\\/03\\\/presidente-da-camara-de-afogados-suspende-sessoes-da-proxima-semana-para-reflexao-dos-vereadores\\\/\",\"url\":\"https:\\\/\\\/afogadosfm.com.br\\\/afogadosfm\\\/2025\\\/09\\\/03\\\/presidente-da-camara-de-afogados-suspende-sessoes-da-proxima-semana-para-reflexao-dos-vereadores\\\/\",\"name\":\"Presidente da C\u00e2mara de Afogados suspende sess\u00f5es da pr\u00f3xima semana para \\\"reflex\u00e3o\\\" dos vereadores - Afogados FM\",\"isPartOf\":{\"@id\":\"https:\\\/\\\/afogadosfm.com.br\\\/afogadosfm\\\/#website\"},\"primaryImageOfPage\":{\"@id\":\"https:\\\/\\\/afogadosfm.com.br\\\/afogadosfm\\\/2025\\\/09\\\/03\\\/presidente-da-camara-de-afogados-suspende-sessoes-da-proxima-semana-para-reflexao-dos-vereadores\\\/#primaryimage\"},\"image\":{\"@id\":\"https:\\\/\\\/afogadosfm.com.br\\\/afogadosfm\\\/2025\\\/09\\\/03\\\/presidente-da-camara-de-afogados-suspende-sessoes-da-proxima-semana-para-reflexao-dos-vereadores\\\/#primaryimage\"},\"thumbnailUrl\":\"https:\\\/\\\/i0.wp.com\\\/afogadosfm.com.br\\\/afogadosfm\\\/wp-content\\\/uploads\\\/2018\\\/03\\\/camara-municipal.jpg?fit=562%2C262&ssl=1\",\"datePublished\":\"2025-09-03T09:54:27+00:00\",\"dateModified\":\"2025-09-03T09:54:28+00:00\",\"breadcrumb\":{\"@id\":\"https:\\\/\\\/afogadosfm.com.br\\\/afogadosfm\\\/2025\\\/09\\\/03\\\/presidente-da-camara-de-afogados-suspende-sessoes-da-proxima-semana-para-reflexao-dos-vereadores\\\/#breadcrumb\"},\"inLanguage\":\"pt-BR\",\"potentialAction\":[{\"@type\":\"ReadAction\",\"target\":[\"https:\\\/\\\/afogadosfm.com.br\\\/afogadosfm\\\/2025\\\/09\\\/03\\\/presidente-da-camara-de-afogados-suspende-sessoes-da-proxima-semana-para-reflexao-dos-vereadores\\\/\"]}]},{\"@type\":\"ImageObject\",\"inLanguage\":\"pt-BR\",\"@id\":\"https:\\\/\\\/afogadosfm.com.br\\\/afogadosfm\\\/2025\\\/09\\\/03\\\/presidente-da-camara-de-afogados-suspende-sessoes-da-proxima-semana-para-reflexao-dos-vereadores\\\/#primaryimage\",\"url\":\"https:\\\/\\\/i0.wp.com\\\/afogadosfm.com.br\\\/afogadosfm\\\/wp-content\\\/uploads\\\/2018\\\/03\\\/camara-municipal.jpg?fit=562%2C262&ssl=1\",\"contentUrl\":\"https:\\\/\\\/i0.wp.com\\\/afogadosfm.com.br\\\/afogadosfm\\\/wp-content\\\/uploads\\\/2018\\\/03\\\/camara-municipal.jpg?fit=562%2C262&ssl=1\",\"width\":562,\"height\":262},{\"@type\":\"BreadcrumbList\",\"@id\":\"https:\\\/\\\/afogadosfm.com.br\\\/afogadosfm\\\/2025\\\/09\\\/03\\\/presidente-da-camara-de-afogados-suspende-sessoes-da-proxima-semana-para-reflexao-dos-vereadores\\\/#breadcrumb\",\"itemListElement\":[{\"@type\":\"ListItem\",\"position\":1,\"name\":\"In\u00edcio\",\"item\":\"https:\\\/\\\/afogadosfm.com.br\\\/afogadosfm\\\/\"},{\"@type\":\"ListItem\",\"position\":2,\"name\":\"Presidente da C\u00e2mara de Afogados suspende sess\u00f5es da pr\u00f3xima semana para &#8220;reflex\u00e3o&#8221; dos vereadores\"}]},{\"@type\":\"WebSite\",\"@id\":\"https:\\\/\\\/afogadosfm.com.br\\\/afogadosfm\\\/#website\",\"url\":\"https:\\\/\\\/afogadosfm.com.br\\\/afogadosfm\\\/\",\"name\":\"Afogados FM\",\"description\":\"Um site completo!\",\"publisher\":{\"@id\":\"https:\\\/\\\/afogadosfm.com.br\\\/afogadosfm\\\/#organization\"},\"potentialAction\":[{\"@type\":\"SearchAction\",\"target\":{\"@type\":\"EntryPoint\",\"urlTemplate\":\"https:\\\/\\\/afogadosfm.com.br\\\/afogadosfm\\\/?s={search_term_string}\"},\"query-input\":{\"@type\":\"PropertyValueSpecification\",\"valueRequired\":true,\"valueName\":\"search_term_string\"}}],\"inLanguage\":\"pt-BR\"},{\"@type\":\"Organization\",\"@id\":\"https:\\\/\\\/afogadosfm.com.br\\\/afogadosfm\\\/#organization\",\"name\":\"Afogados FM\",\"url\":\"https:\\\/\\\/afogadosfm.com.br\\\/afogadosfm\\\/\",\"logo\":{\"@type\":\"ImageObject\",\"inLanguage\":\"pt-BR\",\"@id\":\"https:\\\/\\\/afogadosfm.com.br\\\/afogadosfm\\\/#\\\/schema\\\/logo\\\/image\\\/\",\"url\":\"https:\\\/\\\/i0.wp.com\\\/afogadosfm.com.br\\\/afogadosfm\\\/wp-content\\\/uploads\\\/2020\\\/06\\\/cropped-banner-afogados-4.jpg?fit=369%2C137&ssl=1\",\"contentUrl\":\"https:\\\/\\\/i0.wp.com\\\/afogadosfm.com.br\\\/afogadosfm\\\/wp-content\\\/uploads\\\/2020\\\/06\\\/cropped-banner-afogados-4.jpg?fit=369%2C137&ssl=1\",\"width\":369,\"height\":137,\"caption\":\"Afogados FM\"},\"image\":{\"@id\":\"https:\\\/\\\/afogadosfm.com.br\\\/afogadosfm\\\/#\\\/schema\\\/logo\\\/image\\\/\"}},{\"@type\":\"Person\",\"@id\":\"https:\\\/\\\/afogadosfm.com.br\\\/afogadosfm\\\/#\\\/schema\\\/person\\\/60e56f2cf5dc960fc093fe093d9e9057\",\"name\":\"afogadosfm\",\"image\":{\"@type\":\"ImageObject\",\"inLanguage\":\"pt-BR\",\"@id\":\"https:\\\/\\\/secure.gravatar.com\\\/avatar\\\/e0359add7ed5dc3560906d861b52c6a8cf5c1e199d3a7dd85070998f49bd4701?s=96&d=mm&r=g\",\"url\":\"https:\\\/\\\/secure.gravatar.com\\\/avatar\\\/e0359add7ed5dc3560906d861b52c6a8cf5c1e199d3a7dd85070998f49bd4701?s=96&d=mm&r=g\",\"contentUrl\":\"https:\\\/\\\/secure.gravatar.com\\\/avatar\\\/e0359add7ed5dc3560906d861b52c6a8cf5c1e199d3a7dd85070998f49bd4701?s=96&d=mm&r=g\",\"caption\":\"afogadosfm\"},\"url\":\"https:\\\/\\\/afogadosfm.com.br\\\/afogadosfm\\\/author\\\/afogadosfm\\\/\"}]}<\/script>\n<!-- \/ Yoast SEO plugin. -->","yoast_head_json":{"title":"Presidente da C\u00e2mara de Afogados suspende sess\u00f5es da pr\u00f3xima semana para \"reflex\u00e3o\" dos vereadores - Afogados FM","robots":{"index":"index","follow":"follow","max-snippet":"max-snippet:-1","max-image-preview":"max-image-preview:large","max-video-preview":"max-video-preview:-1"},"canonical":"https:\/\/afogadosfm.com.br\/afogadosfm\/2025\/09\/03\/presidente-da-camara-de-afogados-suspende-sessoes-da-proxima-semana-para-reflexao-dos-vereadores\/","og_locale":"pt_BR","og_type":"article","og_title":"Presidente da C\u00e2mara de Afogados suspende sess\u00f5es da pr\u00f3xima semana para \"reflex\u00e3o\" dos vereadores - Afogados FM","og_description":"A C\u00e2mara Municipal de Afogados da Ingazeira ultimamente tem sido comparada ao programa &#8220;Casos de Fam\u00edlia&#8221; do SBT devido aos","og_url":"https:\/\/afogadosfm.com.br\/afogadosfm\/2025\/09\/03\/presidente-da-camara-de-afogados-suspende-sessoes-da-proxima-semana-para-reflexao-dos-vereadores\/","og_site_name":"Afogados FM","article_published_time":"2025-09-03T09:54:27+00:00","article_modified_time":"2025-09-03T09:54:28+00:00","og_image":[{"width":562,"height":262,"url":"https:\/\/afogadosfm.com.br\/afogadosfm\/wp-content\/uploads\/2018\/03\/camara-municipal.jpg","type":"image\/jpeg"}],"author":"afogadosfm","twitter_card":"summary_large_image","twitter_misc":{"Escrito por":"afogadosfm","Est. tempo de leitura":"1 minuto"},"schema":{"@context":"https:\/\/schema.org","@graph":[{"@type":"Article","@id":"https:\/\/afogadosfm.com.br\/afogadosfm\/2025\/09\/03\/presidente-da-camara-de-afogados-suspende-sessoes-da-proxima-semana-para-reflexao-dos-vereadores\/#article","isPartOf":{"@id":"https:\/\/afogadosfm.com.br\/afogadosfm\/2025\/09\/03\/presidente-da-camara-de-afogados-suspende-sessoes-da-proxima-semana-para-reflexao-dos-vereadores\/"},"author":{"name":"afogadosfm","@id":"https:\/\/afogadosfm.com.br\/afogadosfm\/#\/schema\/person\/60e56f2cf5dc960fc093fe093d9e9057"},"headline":"Presidente da C\u00e2mara de Afogados suspende sess\u00f5es da pr\u00f3xima semana para &#8220;reflex\u00e3o&#8221; dos vereadores","datePublished":"2025-09-03T09:54:27+00:00","dateModified":"2025-09-03T09:54:28+00:00","mainEntityOfPage":{"@id":"https:\/\/afogadosfm.com.br\/afogadosfm\/2025\/09\/03\/presidente-da-camara-de-afogados-suspende-sessoes-da-proxima-semana-para-reflexao-dos-vereadores\/"},"wordCount":146,"commentCount":0,"publisher":{"@id":"https:\/\/afogadosfm.com.br\/afogadosfm\/#organization"},"image":{"@id":"https:\/\/afogadosfm.com.br\/afogadosfm\/2025\/09\/03\/presidente-da-camara-de-afogados-suspende-sessoes-da-proxima-semana-para-reflexao-dos-vereadores\/#primaryimage"},"thumbnailUrl":"https:\/\/i0.wp.com\/afogadosfm.com.br\/afogadosfm\/wp-content\/uploads\/2018\/03\/camara-municipal.jpg?fit=562%2C262&ssl=1","articleSection":["Afogados da Ingazeira"],"inLanguage":"pt-BR","potentialAction":[{"@type":"CommentAction","name":"Comment","target":["https:\/\/afogadosfm.com.br\/afogadosfm\/2025\/09\/03\/presidente-da-camara-de-afogados-suspende-sessoes-da-proxima-semana-para-reflexao-dos-vereadores\/#respond"]}]},{"@type":"WebPage","@id":"https:\/\/afogadosfm.com.br\/afogadosfm\/2025\/09\/03\/presidente-da-camara-de-afogados-suspende-sessoes-da-proxima-semana-para-reflexao-dos-vereadores\/","url":"https:\/\/afogadosfm.com.br\/afogadosfm\/2025\/09\/03\/presidente-da-camara-de-afogados-suspende-sessoes-da-proxima-semana-para-reflexao-dos-vereadores\/","name":"Presidente da C\u00e2mara de Afogados suspende sess\u00f5es da pr\u00f3xima semana para \"reflex\u00e3o\" dos vereadores - Afogados FM","isPartOf":{"@id":"https:\/\/afogadosfm.com.br\/afogadosfm\/#website"},"primaryImageOfPage":{"@id":"https:\/\/afogadosfm.com.br\/afogadosfm\/2025\/09\/03\/presidente-da-camara-de-afogados-suspende-sessoes-da-proxima-semana-para-reflexao-dos-vereadores\/#primaryimage"},"image":{"@id":"https:\/\/afogadosfm.com.br\/afogadosfm\/2025\/09\/03\/presidente-da-camara-de-afogados-suspende-sessoes-da-proxima-semana-para-reflexao-dos-vereadores\/#primaryimage"},"thumbnailUrl":"https:\/\/i0.wp.com\/afogadosfm.com.br\/afogadosfm\/wp-content\/uploads\/2018\/03\/camara-municipal.jpg?fit=562%2C262&ssl=1","datePublished":"2025-09-03T09:54:27+00:00","dateModified":"2025-09-03T09:54:28+00:00","breadcrumb":{"@id":"https:\/\/afogadosfm.com.br\/afogadosfm\/2025\/09\/03\/presidente-da-camara-de-afogados-suspende-sessoes-da-proxima-semana-para-reflexao-dos-vereadores\/#breadcrumb"},"inLanguage":"pt-BR","potentialAction":[{"@type":"ReadAction","target":["https:\/\/afogadosfm.com.br\/afogadosfm\/2025\/09\/03\/presidente-da-camara-de-afogados-suspende-sessoes-da-proxima-semana-para-reflexao-dos-vereadores\/"]}]},{"@type":"ImageObject","inLanguage":"pt-BR","@id":"https:\/\/afogadosfm.com.br\/afogadosfm\/2025\/09\/03\/presidente-da-camara-de-afogados-suspende-sessoes-da-proxima-semana-para-reflexao-dos-vereadores\/#primaryimage","url":"https:\/\/i0.wp.com\/afogadosfm.com.br\/afogadosfm\/wp-content\/uploads\/2018\/03\/camara-municipal.jpg?fit=562%2C262&ssl=1","contentUrl":"https:\/\/i0.wp.com\/afogadosfm.com.br\/afogadosfm\/wp-content\/uploads\/2018\/03\/camara-municipal.jpg?fit=562%2C262&ssl=1","width":562,"height":262},{"@type":"BreadcrumbList","@id":"https:\/\/afogadosfm.com.br\/afogadosfm\/2025\/09\/03\/presidente-da-camara-de-afogados-suspende-sessoes-da-proxima-semana-para-reflexao-dos-vereadores\/#breadcrumb","itemListElement":[{"@type":"ListItem","position":1,"name":"In\u00edcio","item":"https:\/\/afogadosfm.com.br\/afogadosfm\/"},{"@type":"ListItem","position":2,"name":"Presidente da C\u00e2mara de Afogados suspende sess\u00f5es da pr\u00f3xima semana para &#8220;reflex\u00e3o&#8221; dos vereadores"}]},{"@type":"WebSite","@id":"https:\/\/afogadosfm.com.br\/afogadosfm\/#website","url":"https:\/\/afogadosfm.com.br\/afogadosfm\/","name":"Afogados FM","description":"Um site completo!","publisher":{"@id":"https:\/\/afogadosfm.com.br\/afogadosfm\/#organization"},"potentialAction":[{"@type":"SearchAction","target":{"@type":"EntryPoint","urlTemplate":"https:\/\/afogadosfm.com.br\/afogadosfm\/?s={search_term_string}"},"query-input":{"@type":"PropertyValueSpecification","valueRequired":true,"valueName":"search_term_string"}}],"inLanguage":"pt-BR"},{"@type":"Organization","@id":"https:\/\/afogadosfm.com.br\/afogadosfm\/#organization","name":"Afogados FM","url":"https:\/\/afogadosfm.com.br\/afogadosfm\/","logo":{"@type":"ImageObject","inLanguage":"pt-BR","@id":"https:\/\/afogadosfm.com.br\/afogadosfm\/#\/schema\/logo\/image\/","url":"https:\/\/i0.wp.com\/afogadosfm.com.br\/afogadosfm\/wp-content\/uploads\/2020\/06\/cropped-banner-afogados-4.jpg?fit=369%2C137&ssl=1","contentUrl":"https:\/\/i0.wp.com\/afogadosfm.com.br\/afogadosfm\/wp-content\/uploads\/2020\/06\/cropped-banner-afogados-4.jpg?fit=369%2C137&ssl=1","width":369,"height":137,"caption":"Afogados FM"},"image":{"@id":"https:\/\/afogadosfm.com.br\/afogadosfm\/#\/schema\/logo\/image\/"}},{"@type":"Person","@id":"https:\/\/afogadosfm.com.br\/afogadosfm\/#\/schema\/person\/60e56f2cf5dc960fc093fe093d9e9057","name":"afogadosfm","image":{"@type":"ImageObject","inLanguage":"pt-BR","@id":"https:\/\/secure.gravatar.com\/avatar\/e0359add7ed5dc3560906d861b52c6a8cf5c1e199d3a7dd85070998f49bd4701?s=96&d=mm&r=g","url":"https:\/\/secure.gravatar.com\/avatar\/e0359add7ed5dc3560906d861b52c6a8cf5c1e199d3a7dd85070998f49bd4701?s=96&d=mm&r=g","contentUrl":"https:\/\/secure.gravatar.com\/avatar\/e0359add7ed5dc3560906d861b52c6a8cf5c1e199d3a7dd85070998f49bd4701?s=96&d=mm&r=g","caption":"afogadosfm"},"url":"https:\/\/afogadosfm.com.br\/afogadosfm\/author\/afogadosfm\/"}]}},"jetpack_publicize_connections":[],"jetpack_featured_media_url":"https:\/\/i0.wp.com\/afogadosfm.com.br\/afogadosfm\/wp-content\/uploads\/2018\/03\/camara-municipal.jpg?fit=562%2C262&ssl=1","jetpack-related-posts":[],"jetpack_sharing_enabled":true,"jetpack_likes_enabled":true,"_links":{"self":[{"href":"https:\/\/afogadosfm.com.br\/afogadosfm\/wp-json\/wp\/v2\/posts\/68741","targetHints":{"allow":["GET"]}}],"collection":[{"href":"https:\/\/afogadosfm.com.br\/afogadosfm\/wp-json\/wp\/v2\/posts"}],"about":[{"href":"https:\/\/afogadosfm.com.br\/afogadosfm\/wp-json\/wp\/v2\/types\/post"}],"author":[{"embeddable":true,"href":"https:\/\/afogadosfm.com.br\/afogadosfm\/wp-json\/wp\/v2\/users\/2"}],"replies":[{"embeddable":true,"href":"https:\/\/afogadosfm.com.br\/afogadosfm\/wp-json\/wp\/v2\/comments?post=68741"}],"version-history":[{"count":1,"href":"https:\/\/afogadosfm.com.br\/afogadosfm\/wp-json\/wp\/v2\/posts\/68741\/revisions"}],"predecessor-version":[{"id":68742,"href":"https:\/\/afogadosfm.com.br\/afogadosfm\/wp-json\/wp\/v2\/posts\/68741\/revisions\/68742"}],"wp:featuredmedia":[{"embeddable":true,"href":"https:\/\/afogadosfm.com.br\/afogadosfm\/wp-json\/wp\/v2\/media\/2905"}],"wp:attachment":[{"href":"https:\/\/afogadosfm.com.br\/afogadosfm\/wp-json\/wp\/v2\/media?parent=68741"}],"wp:term":[{"taxonomy":"category","embeddable":true,"href":"https:\/\/afogadosfm.com.br\/afogadosfm\/wp-json\/wp\/v2\/categories?post=68741"},{"taxonomy":"post_tag","embeddable":true,"href":"https:\/\/afogadosfm.com.br\/afogadosfm\/wp-json\/wp\/v2\/tags?post=68741"}],"curies":[{"name":"wp","href":"https:\/\/api.w.org\/{rel}","templated":true}]}}