{"id":68809,"date":"2025-09-05T05:52:21","date_gmt":"2025-09-05T08:52:21","guid":{"rendered":"https:\/\/afogadosfm.com.br\/afogadosfm\/?p=68809"},"modified":"2025-09-05T05:52:22","modified_gmt":"2025-09-05T08:52:22","slug":"diante-da-ameaca-do-eua-qual-o-poderio-militar-da-venezuela","status":"publish","type":"post","link":"https:\/\/afogadosfm.com.br\/afogadosfm\/2025\/09\/05\/diante-da-ameaca-do-eua-qual-o-poderio-militar-da-venezuela\/","title":{"rendered":"Diante da amea\u00e7a do EUA, qual o poderio militar da Venezuela?"},"content":{"rendered":"\n<p>Ca\u00e7as russos, drones iranianos, tanques franceses e um velho submarino alem\u00e3o: a Venezuela conta com 343 mil &#8220;homens e mulheres em armas&#8221; e um equipamento obsoleto em suas For\u00e7as Armadas para enfrentar uma &#8211; muito improv\u00e1vel por enquanto &#8211; invas\u00e3o dos Estados Unidos.<\/p>\n\n\n\n<p>O presidente Nicol\u00e1s Maduro denuncia &#8220;a maior amea\u00e7a j\u00e1 vista em nosso continente nos \u00faltimos 100 anos&#8221; ap\u00f3s a mobiliza\u00e7\u00e3o de navios de guerra dos Estados Unidos para o Caribe em opera\u00e7\u00f5es contra o narcotr\u00e1fico.<\/p>\n\n\n\n<p>&#8220;Eles est\u00e3o buscando uma mudan\u00e7a de regime atrav\u00e9s da amea\u00e7a militar e manchar as m\u00e3os de Donald Trump com sangue&#8221;, disse Maduro a correspondentes estrangeiros. &#8220;Se a Venezuela fosse atacada, entraria imediatamente em um per\u00edodo de luta armada&#8221;.<\/p>\n\n\n\n<p>Analistas descartam uma opera\u00e7\u00e3o militar convencional dirigida \u00e0 Venezuela por parte dos Estados Unidos, que t\u00eam o ex\u00e9rcito mais poderoso do mundo.<\/p>\n\n\n\n<p>Batizada como boliviana por Hugo Ch\u00e1vez, a For\u00e7a Armada venezuelana n\u00e3o esconde sua politiza\u00e7\u00e3o. &#8220;Ch\u00e1vez vive!&#8221; \u00e9 hoje seu cumprimento oficial e se define como &#8220;socialista e anti-imperialista&#8221;.<\/p>\n\n\n\n<p>Os desfiles militares mostram soldados em uniforme t\u00e1tico, rostos pintados, armados com fuzis AK47, bazucas e morteiros que marcham aos gritos de palavras de ordem pol\u00edticas.<\/p>\n\n\n\n<p>N\u00e3o h\u00e1 n\u00famero oficial de integrantes ativos. Um relat\u00f3rio do Instituto Internacional de Estudos Estrat\u00e9gicos (IISS) o fixa em 123 mil, mais 220 mil milicianos e 8 mil reservistas.<\/p>\n\n\n\n<p>A Mil\u00edcia, criada por Ch\u00e1vez em 2009, \u00e9 o quinto componente da For\u00e7a Armada, depois do Ex\u00e9rcito, da Marinha, da Avia\u00e7\u00e3o e da Guarda Nacional. \u00c9 composta por civis com alta carga ideol\u00f3gica.<\/p>\n\n\n\n<p>Maduro tamb\u00e9m impulsionou a forma\u00e7\u00e3o de corpos de defesa em empresas p\u00fablicas e comunidades: a &#8220;amea\u00e7a gringa&#8221; tem sido o centro da propaganda oficial, com apelos \u00e0 unidade nacional e an\u00fancios na TV estatal onde figuras de l\u00edderes geradas por intelig\u00eancia artificial chamam ao &#8220;Eu me alisto&#8221;.<\/p>\n\n\n\n<p>Maduro disse que a Venezuela conta com mais de 8 milh\u00f5es de milicianos e reservistas, equivalente a um ter\u00e7o da popula\u00e7\u00e3o. Analistas consideram o n\u00famero irreal. Com informa\u00e7\u00f5es da AFP.<\/p>\n","protected":false},"excerpt":{"rendered":"<p>Ca\u00e7as russos, drones iranianos, tanques franceses e um velho submarino alem\u00e3o: a Venezuela conta com 343 mil &#8220;homens e mulheres<\/p>\n","protected":false},"author":2,"featured_media":68810,"comment_status":"open","ping_status":"open","sticky":false,"template":"","format":"standard","meta":{"jetpack_post_was_ever_published":false,"_jetpack_newsletter_access":"","_jetpack_dont_email_post_to_subs":false,"_jetpack_newsletter_tier_id":0,"_jetpack_memberships_contains_paywalled_content":false,"_jetpack_memberships_contains_paid_content":false,"footnotes":"","jetpack_publicize_message":"","jetpack_publicize_feature_enabled":true,"jetpack_social_post_already_shared":true,"jetpack_social_options":{"image_generator_settings":{"template":"highway","default_image_id":0,"font":"","enabled":false},"version":2}},"categories":[42],"tags":[],"class_list":["post-68809","post","type-post","status-publish","format-standard","has-post-thumbnail","hentry","category-mundo"],"yoast_head":"<!-- This site is optimized with the Yoast SEO plugin v27.5 - https:\/\/yoast.com\/product\/yoast-seo-wordpress\/ -->\n<title>Diante da amea\u00e7a do EUA, qual o poderio militar da Venezuela? - Afogados FM<\/title>\n<meta name=\"robots\" content=\"index, follow, max-snippet:-1, max-image-preview:large, max-video-preview:-1\" \/>\n<link rel=\"canonical\" href=\"https:\/\/afogadosfm.com.br\/afogadosfm\/2025\/09\/05\/diante-da-ameaca-do-eua-qual-o-poderio-militar-da-venezuela\/\" \/>\n<meta property=\"og:locale\" content=\"pt_BR\" \/>\n<meta property=\"og:type\" content=\"article\" \/>\n<meta property=\"og:title\" content=\"Diante da amea\u00e7a do EUA, qual o poderio militar da Venezuela? - Afogados FM\" \/>\n<meta property=\"og:description\" content=\"Ca\u00e7as russos, drones iranianos, tanques franceses e um velho submarino alem\u00e3o: a Venezuela conta com 343 mil &#8220;homens e mulheres\" \/>\n<meta property=\"og:url\" content=\"https:\/\/afogadosfm.com.br\/afogadosfm\/2025\/09\/05\/diante-da-ameaca-do-eua-qual-o-poderio-militar-da-venezuela\/\" \/>\n<meta property=\"og:site_name\" content=\"Afogados FM\" \/>\n<meta property=\"article:published_time\" content=\"2025-09-05T08:52:21+00:00\" \/>\n<meta property=\"article:modified_time\" content=\"2025-09-05T08:52:22+00:00\" \/>\n<meta property=\"og:image\" content=\"https:\/\/afogadosfm.com.br\/afogadosfm\/wp-content\/uploads\/2025\/09\/venezuela.jpg\" \/>\n\t<meta property=\"og:image:width\" content=\"731\" \/>\n\t<meta property=\"og:image:height\" content=\"1104\" \/>\n\t<meta property=\"og:image:type\" content=\"image\/jpeg\" \/>\n<meta name=\"author\" content=\"afogadosfm\" \/>\n<meta name=\"twitter:card\" content=\"summary_large_image\" \/>\n<meta name=\"twitter:label1\" content=\"Escrito por\" \/>\n\t<meta name=\"twitter:data1\" content=\"afogadosfm\" \/>\n\t<meta name=\"twitter:label2\" content=\"Est. tempo de leitura\" \/>\n\t<meta name=\"twitter:data2\" content=\"3 minutos\" \/>\n<script type=\"application\/ld+json\" class=\"yoast-schema-graph\">{\"@context\":\"https:\\\/\\\/schema.org\",\"@graph\":[{\"@type\":\"Article\",\"@id\":\"https:\\\/\\\/afogadosfm.com.br\\\/afogadosfm\\\/2025\\\/09\\\/05\\\/diante-da-ameaca-do-eua-qual-o-poderio-militar-da-venezuela\\\/#article\",\"isPartOf\":{\"@id\":\"https:\\\/\\\/afogadosfm.com.br\\\/afogadosfm\\\/2025\\\/09\\\/05\\\/diante-da-ameaca-do-eua-qual-o-poderio-militar-da-venezuela\\\/\"},\"author\":{\"name\":\"afogadosfm\",\"@id\":\"https:\\\/\\\/afogadosfm.com.br\\\/afogadosfm\\\/#\\\/schema\\\/person\\\/60e56f2cf5dc960fc093fe093d9e9057\"},\"headline\":\"Diante da amea\u00e7a do EUA, qual o poderio militar da Venezuela?\",\"datePublished\":\"2025-09-05T08:52:21+00:00\",\"dateModified\":\"2025-09-05T08:52:22+00:00\",\"mainEntityOfPage\":{\"@id\":\"https:\\\/\\\/afogadosfm.com.br\\\/afogadosfm\\\/2025\\\/09\\\/05\\\/diante-da-ameaca-do-eua-qual-o-poderio-militar-da-venezuela\\\/\"},\"wordCount\":380,\"commentCount\":0,\"publisher\":{\"@id\":\"https:\\\/\\\/afogadosfm.com.br\\\/afogadosfm\\\/#organization\"},\"image\":{\"@id\":\"https:\\\/\\\/afogadosfm.com.br\\\/afogadosfm\\\/2025\\\/09\\\/05\\\/diante-da-ameaca-do-eua-qual-o-poderio-militar-da-venezuela\\\/#primaryimage\"},\"thumbnailUrl\":\"https:\\\/\\\/i0.wp.com\\\/afogadosfm.com.br\\\/afogadosfm\\\/wp-content\\\/uploads\\\/2025\\\/09\\\/venezuela.jpg?fit=731%2C1104&ssl=1\",\"articleSection\":[\"Mundo\"],\"inLanguage\":\"pt-BR\",\"potentialAction\":[{\"@type\":\"CommentAction\",\"name\":\"Comment\",\"target\":[\"https:\\\/\\\/afogadosfm.com.br\\\/afogadosfm\\\/2025\\\/09\\\/05\\\/diante-da-ameaca-do-eua-qual-o-poderio-militar-da-venezuela\\\/#respond\"]}]},{\"@type\":\"WebPage\",\"@id\":\"https:\\\/\\\/afogadosfm.com.br\\\/afogadosfm\\\/2025\\\/09\\\/05\\\/diante-da-ameaca-do-eua-qual-o-poderio-militar-da-venezuela\\\/\",\"url\":\"https:\\\/\\\/afogadosfm.com.br\\\/afogadosfm\\\/2025\\\/09\\\/05\\\/diante-da-ameaca-do-eua-qual-o-poderio-militar-da-venezuela\\\/\",\"name\":\"Diante da amea\u00e7a do EUA, qual o poderio militar da Venezuela? - Afogados FM\",\"isPartOf\":{\"@id\":\"https:\\\/\\\/afogadosfm.com.br\\\/afogadosfm\\\/#website\"},\"primaryImageOfPage\":{\"@id\":\"https:\\\/\\\/afogadosfm.com.br\\\/afogadosfm\\\/2025\\\/09\\\/05\\\/diante-da-ameaca-do-eua-qual-o-poderio-militar-da-venezuela\\\/#primaryimage\"},\"image\":{\"@id\":\"https:\\\/\\\/afogadosfm.com.br\\\/afogadosfm\\\/2025\\\/09\\\/05\\\/diante-da-ameaca-do-eua-qual-o-poderio-militar-da-venezuela\\\/#primaryimage\"},\"thumbnailUrl\":\"https:\\\/\\\/i0.wp.com\\\/afogadosfm.com.br\\\/afogadosfm\\\/wp-content\\\/uploads\\\/2025\\\/09\\\/venezuela.jpg?fit=731%2C1104&ssl=1\",\"datePublished\":\"2025-09-05T08:52:21+00:00\",\"dateModified\":\"2025-09-05T08:52:22+00:00\",\"breadcrumb\":{\"@id\":\"https:\\\/\\\/afogadosfm.com.br\\\/afogadosfm\\\/2025\\\/09\\\/05\\\/diante-da-ameaca-do-eua-qual-o-poderio-militar-da-venezuela\\\/#breadcrumb\"},\"inLanguage\":\"pt-BR\",\"potentialAction\":[{\"@type\":\"ReadAction\",\"target\":[\"https:\\\/\\\/afogadosfm.com.br\\\/afogadosfm\\\/2025\\\/09\\\/05\\\/diante-da-ameaca-do-eua-qual-o-poderio-militar-da-venezuela\\\/\"]}]},{\"@type\":\"ImageObject\",\"inLanguage\":\"pt-BR\",\"@id\":\"https:\\\/\\\/afogadosfm.com.br\\\/afogadosfm\\\/2025\\\/09\\\/05\\\/diante-da-ameaca-do-eua-qual-o-poderio-militar-da-venezuela\\\/#primaryimage\",\"url\":\"https:\\\/\\\/i0.wp.com\\\/afogadosfm.com.br\\\/afogadosfm\\\/wp-content\\\/uploads\\\/2025\\\/09\\\/venezuela.jpg?fit=731%2C1104&ssl=1\",\"contentUrl\":\"https:\\\/\\\/i0.wp.com\\\/afogadosfm.com.br\\\/afogadosfm\\\/wp-content\\\/uploads\\\/2025\\\/09\\\/venezuela.jpg?fit=731%2C1104&ssl=1\",\"width\":731,\"height\":1104},{\"@type\":\"BreadcrumbList\",\"@id\":\"https:\\\/\\\/afogadosfm.com.br\\\/afogadosfm\\\/2025\\\/09\\\/05\\\/diante-da-ameaca-do-eua-qual-o-poderio-militar-da-venezuela\\\/#breadcrumb\",\"itemListElement\":[{\"@type\":\"ListItem\",\"position\":1,\"name\":\"In\u00edcio\",\"item\":\"https:\\\/\\\/afogadosfm.com.br\\\/afogadosfm\\\/\"},{\"@type\":\"ListItem\",\"position\":2,\"name\":\"Diante da amea\u00e7a do EUA, qual o poderio militar da Venezuela?\"}]},{\"@type\":\"WebSite\",\"@id\":\"https:\\\/\\\/afogadosfm.com.br\\\/afogadosfm\\\/#website\",\"url\":\"https:\\\/\\\/afogadosfm.com.br\\\/afogadosfm\\\/\",\"name\":\"Afogados FM\",\"description\":\"Um site completo!\",\"publisher\":{\"@id\":\"https:\\\/\\\/afogadosfm.com.br\\\/afogadosfm\\\/#organization\"},\"potentialAction\":[{\"@type\":\"SearchAction\",\"target\":{\"@type\":\"EntryPoint\",\"urlTemplate\":\"https:\\\/\\\/afogadosfm.com.br\\\/afogadosfm\\\/?s={search_term_string}\"},\"query-input\":{\"@type\":\"PropertyValueSpecification\",\"valueRequired\":true,\"valueName\":\"search_term_string\"}}],\"inLanguage\":\"pt-BR\"},{\"@type\":\"Organization\",\"@id\":\"https:\\\/\\\/afogadosfm.com.br\\\/afogadosfm\\\/#organization\",\"name\":\"Afogados FM\",\"url\":\"https:\\\/\\\/afogadosfm.com.br\\\/afogadosfm\\\/\",\"logo\":{\"@type\":\"ImageObject\",\"inLanguage\":\"pt-BR\",\"@id\":\"https:\\\/\\\/afogadosfm.com.br\\\/afogadosfm\\\/#\\\/schema\\\/logo\\\/image\\\/\",\"url\":\"https:\\\/\\\/i0.wp.com\\\/afogadosfm.com.br\\\/afogadosfm\\\/wp-content\\\/uploads\\\/2020\\\/06\\\/cropped-banner-afogados-4.jpg?fit=369%2C137&ssl=1\",\"contentUrl\":\"https:\\\/\\\/i0.wp.com\\\/afogadosfm.com.br\\\/afogadosfm\\\/wp-content\\\/uploads\\\/2020\\\/06\\\/cropped-banner-afogados-4.jpg?fit=369%2C137&ssl=1\",\"width\":369,\"height\":137,\"caption\":\"Afogados FM\"},\"image\":{\"@id\":\"https:\\\/\\\/afogadosfm.com.br\\\/afogadosfm\\\/#\\\/schema\\\/logo\\\/image\\\/\"}},{\"@type\":\"Person\",\"@id\":\"https:\\\/\\\/afogadosfm.com.br\\\/afogadosfm\\\/#\\\/schema\\\/person\\\/60e56f2cf5dc960fc093fe093d9e9057\",\"name\":\"afogadosfm\",\"image\":{\"@type\":\"ImageObject\",\"inLanguage\":\"pt-BR\",\"@id\":\"https:\\\/\\\/secure.gravatar.com\\\/avatar\\\/e0359add7ed5dc3560906d861b52c6a8cf5c1e199d3a7dd85070998f49bd4701?s=96&d=mm&r=g\",\"url\":\"https:\\\/\\\/secure.gravatar.com\\\/avatar\\\/e0359add7ed5dc3560906d861b52c6a8cf5c1e199d3a7dd85070998f49bd4701?s=96&d=mm&r=g\",\"contentUrl\":\"https:\\\/\\\/secure.gravatar.com\\\/avatar\\\/e0359add7ed5dc3560906d861b52c6a8cf5c1e199d3a7dd85070998f49bd4701?s=96&d=mm&r=g\",\"caption\":\"afogadosfm\"},\"url\":\"https:\\\/\\\/afogadosfm.com.br\\\/afogadosfm\\\/author\\\/afogadosfm\\\/\"}]}<\/script>\n<!-- \/ Yoast SEO plugin. -->","yoast_head_json":{"title":"Diante da amea\u00e7a do EUA, qual o poderio militar da Venezuela? - Afogados FM","robots":{"index":"index","follow":"follow","max-snippet":"max-snippet:-1","max-image-preview":"max-image-preview:large","max-video-preview":"max-video-preview:-1"},"canonical":"https:\/\/afogadosfm.com.br\/afogadosfm\/2025\/09\/05\/diante-da-ameaca-do-eua-qual-o-poderio-militar-da-venezuela\/","og_locale":"pt_BR","og_type":"article","og_title":"Diante da amea\u00e7a do EUA, qual o poderio militar da Venezuela? - Afogados FM","og_description":"Ca\u00e7as russos, drones iranianos, tanques franceses e um velho submarino alem\u00e3o: a Venezuela conta com 343 mil &#8220;homens e mulheres","og_url":"https:\/\/afogadosfm.com.br\/afogadosfm\/2025\/09\/05\/diante-da-ameaca-do-eua-qual-o-poderio-militar-da-venezuela\/","og_site_name":"Afogados FM","article_published_time":"2025-09-05T08:52:21+00:00","article_modified_time":"2025-09-05T08:52:22+00:00","og_image":[{"width":731,"height":1104,"url":"https:\/\/afogadosfm.com.br\/afogadosfm\/wp-content\/uploads\/2025\/09\/venezuela.jpg","type":"image\/jpeg"}],"author":"afogadosfm","twitter_card":"summary_large_image","twitter_misc":{"Escrito por":"afogadosfm","Est. tempo de leitura":"3 minutos"},"schema":{"@context":"https:\/\/schema.org","@graph":[{"@type":"Article","@id":"https:\/\/afogadosfm.com.br\/afogadosfm\/2025\/09\/05\/diante-da-ameaca-do-eua-qual-o-poderio-militar-da-venezuela\/#article","isPartOf":{"@id":"https:\/\/afogadosfm.com.br\/afogadosfm\/2025\/09\/05\/diante-da-ameaca-do-eua-qual-o-poderio-militar-da-venezuela\/"},"author":{"name":"afogadosfm","@id":"https:\/\/afogadosfm.com.br\/afogadosfm\/#\/schema\/person\/60e56f2cf5dc960fc093fe093d9e9057"},"headline":"Diante da amea\u00e7a do EUA, qual o poderio militar da Venezuela?","datePublished":"2025-09-05T08:52:21+00:00","dateModified":"2025-09-05T08:52:22+00:00","mainEntityOfPage":{"@id":"https:\/\/afogadosfm.com.br\/afogadosfm\/2025\/09\/05\/diante-da-ameaca-do-eua-qual-o-poderio-militar-da-venezuela\/"},"wordCount":380,"commentCount":0,"publisher":{"@id":"https:\/\/afogadosfm.com.br\/afogadosfm\/#organization"},"image":{"@id":"https:\/\/afogadosfm.com.br\/afogadosfm\/2025\/09\/05\/diante-da-ameaca-do-eua-qual-o-poderio-militar-da-venezuela\/#primaryimage"},"thumbnailUrl":"https:\/\/i0.wp.com\/afogadosfm.com.br\/afogadosfm\/wp-content\/uploads\/2025\/09\/venezuela.jpg?fit=731%2C1104&ssl=1","articleSection":["Mundo"],"inLanguage":"pt-BR","potentialAction":[{"@type":"CommentAction","name":"Comment","target":["https:\/\/afogadosfm.com.br\/afogadosfm\/2025\/09\/05\/diante-da-ameaca-do-eua-qual-o-poderio-militar-da-venezuela\/#respond"]}]},{"@type":"WebPage","@id":"https:\/\/afogadosfm.com.br\/afogadosfm\/2025\/09\/05\/diante-da-ameaca-do-eua-qual-o-poderio-militar-da-venezuela\/","url":"https:\/\/afogadosfm.com.br\/afogadosfm\/2025\/09\/05\/diante-da-ameaca-do-eua-qual-o-poderio-militar-da-venezuela\/","name":"Diante da amea\u00e7a do EUA, qual o poderio militar da Venezuela? - Afogados FM","isPartOf":{"@id":"https:\/\/afogadosfm.com.br\/afogadosfm\/#website"},"primaryImageOfPage":{"@id":"https:\/\/afogadosfm.com.br\/afogadosfm\/2025\/09\/05\/diante-da-ameaca-do-eua-qual-o-poderio-militar-da-venezuela\/#primaryimage"},"image":{"@id":"https:\/\/afogadosfm.com.br\/afogadosfm\/2025\/09\/05\/diante-da-ameaca-do-eua-qual-o-poderio-militar-da-venezuela\/#primaryimage"},"thumbnailUrl":"https:\/\/i0.wp.com\/afogadosfm.com.br\/afogadosfm\/wp-content\/uploads\/2025\/09\/venezuela.jpg?fit=731%2C1104&ssl=1","datePublished":"2025-09-05T08:52:21+00:00","dateModified":"2025-09-05T08:52:22+00:00","breadcrumb":{"@id":"https:\/\/afogadosfm.com.br\/afogadosfm\/2025\/09\/05\/diante-da-ameaca-do-eua-qual-o-poderio-militar-da-venezuela\/#breadcrumb"},"inLanguage":"pt-BR","potentialAction":[{"@type":"ReadAction","target":["https:\/\/afogadosfm.com.br\/afogadosfm\/2025\/09\/05\/diante-da-ameaca-do-eua-qual-o-poderio-militar-da-venezuela\/"]}]},{"@type":"ImageObject","inLanguage":"pt-BR","@id":"https:\/\/afogadosfm.com.br\/afogadosfm\/2025\/09\/05\/diante-da-ameaca-do-eua-qual-o-poderio-militar-da-venezuela\/#primaryimage","url":"https:\/\/i0.wp.com\/afogadosfm.com.br\/afogadosfm\/wp-content\/uploads\/2025\/09\/venezuela.jpg?fit=731%2C1104&ssl=1","contentUrl":"https:\/\/i0.wp.com\/afogadosfm.com.br\/afogadosfm\/wp-content\/uploads\/2025\/09\/venezuela.jpg?fit=731%2C1104&ssl=1","width":731,"height":1104},{"@type":"BreadcrumbList","@id":"https:\/\/afogadosfm.com.br\/afogadosfm\/2025\/09\/05\/diante-da-ameaca-do-eua-qual-o-poderio-militar-da-venezuela\/#breadcrumb","itemListElement":[{"@type":"ListItem","position":1,"name":"In\u00edcio","item":"https:\/\/afogadosfm.com.br\/afogadosfm\/"},{"@type":"ListItem","position":2,"name":"Diante da amea\u00e7a do EUA, qual o poderio militar da Venezuela?"}]},{"@type":"WebSite","@id":"https:\/\/afogadosfm.com.br\/afogadosfm\/#website","url":"https:\/\/afogadosfm.com.br\/afogadosfm\/","name":"Afogados FM","description":"Um site completo!","publisher":{"@id":"https:\/\/afogadosfm.com.br\/afogadosfm\/#organization"},"potentialAction":[{"@type":"SearchAction","target":{"@type":"EntryPoint","urlTemplate":"https:\/\/afogadosfm.com.br\/afogadosfm\/?s={search_term_string}"},"query-input":{"@type":"PropertyValueSpecification","valueRequired":true,"valueName":"search_term_string"}}],"inLanguage":"pt-BR"},{"@type":"Organization","@id":"https:\/\/afogadosfm.com.br\/afogadosfm\/#organization","name":"Afogados FM","url":"https:\/\/afogadosfm.com.br\/afogadosfm\/","logo":{"@type":"ImageObject","inLanguage":"pt-BR","@id":"https:\/\/afogadosfm.com.br\/afogadosfm\/#\/schema\/logo\/image\/","url":"https:\/\/i0.wp.com\/afogadosfm.com.br\/afogadosfm\/wp-content\/uploads\/2020\/06\/cropped-banner-afogados-4.jpg?fit=369%2C137&ssl=1","contentUrl":"https:\/\/i0.wp.com\/afogadosfm.com.br\/afogadosfm\/wp-content\/uploads\/2020\/06\/cropped-banner-afogados-4.jpg?fit=369%2C137&ssl=1","width":369,"height":137,"caption":"Afogados FM"},"image":{"@id":"https:\/\/afogadosfm.com.br\/afogadosfm\/#\/schema\/logo\/image\/"}},{"@type":"Person","@id":"https:\/\/afogadosfm.com.br\/afogadosfm\/#\/schema\/person\/60e56f2cf5dc960fc093fe093d9e9057","name":"afogadosfm","image":{"@type":"ImageObject","inLanguage":"pt-BR","@id":"https:\/\/secure.gravatar.com\/avatar\/e0359add7ed5dc3560906d861b52c6a8cf5c1e199d3a7dd85070998f49bd4701?s=96&d=mm&r=g","url":"https:\/\/secure.gravatar.com\/avatar\/e0359add7ed5dc3560906d861b52c6a8cf5c1e199d3a7dd85070998f49bd4701?s=96&d=mm&r=g","contentUrl":"https:\/\/secure.gravatar.com\/avatar\/e0359add7ed5dc3560906d861b52c6a8cf5c1e199d3a7dd85070998f49bd4701?s=96&d=mm&r=g","caption":"afogadosfm"},"url":"https:\/\/afogadosfm.com.br\/afogadosfm\/author\/afogadosfm\/"}]}},"jetpack_publicize_connections":[],"jetpack_featured_media_url":"https:\/\/i0.wp.com\/afogadosfm.com.br\/afogadosfm\/wp-content\/uploads\/2025\/09\/venezuela.jpg?fit=731%2C1104&ssl=1","jetpack-related-posts":[],"jetpack_sharing_enabled":true,"jetpack_likes_enabled":true,"_links":{"self":[{"href":"https:\/\/afogadosfm.com.br\/afogadosfm\/wp-json\/wp\/v2\/posts\/68809","targetHints":{"allow":["GET"]}}],"collection":[{"href":"https:\/\/afogadosfm.com.br\/afogadosfm\/wp-json\/wp\/v2\/posts"}],"about":[{"href":"https:\/\/afogadosfm.com.br\/afogadosfm\/wp-json\/wp\/v2\/types\/post"}],"author":[{"embeddable":true,"href":"https:\/\/afogadosfm.com.br\/afogadosfm\/wp-json\/wp\/v2\/users\/2"}],"replies":[{"embeddable":true,"href":"https:\/\/afogadosfm.com.br\/afogadosfm\/wp-json\/wp\/v2\/comments?post=68809"}],"version-history":[{"count":1,"href":"https:\/\/afogadosfm.com.br\/afogadosfm\/wp-json\/wp\/v2\/posts\/68809\/revisions"}],"predecessor-version":[{"id":68811,"href":"https:\/\/afogadosfm.com.br\/afogadosfm\/wp-json\/wp\/v2\/posts\/68809\/revisions\/68811"}],"wp:featuredmedia":[{"embeddable":true,"href":"https:\/\/afogadosfm.com.br\/afogadosfm\/wp-json\/wp\/v2\/media\/68810"}],"wp:attachment":[{"href":"https:\/\/afogadosfm.com.br\/afogadosfm\/wp-json\/wp\/v2\/media?parent=68809"}],"wp:term":[{"taxonomy":"category","embeddable":true,"href":"https:\/\/afogadosfm.com.br\/afogadosfm\/wp-json\/wp\/v2\/categories?post=68809"},{"taxonomy":"post_tag","embeddable":true,"href":"https:\/\/afogadosfm.com.br\/afogadosfm\/wp-json\/wp\/v2\/tags?post=68809"}],"curies":[{"name":"wp","href":"https:\/\/api.w.org\/{rel}","templated":true}]}}