{"id":68834,"date":"2025-09-06T07:52:44","date_gmt":"2025-09-06T10:52:44","guid":{"rendered":"https:\/\/afogadosfm.com.br\/afogadosfm\/?p=68834"},"modified":"2025-09-06T07:52:45","modified_gmt":"2025-09-06T10:52:45","slug":"trump-diz-que-derrubara-avioes-que-representarem-ameaca-aos-eua","status":"publish","type":"post","link":"https:\/\/afogadosfm.com.br\/afogadosfm\/2025\/09\/06\/trump-diz-que-derrubara-avioes-que-representarem-ameaca-aos-eua\/","title":{"rendered":"Trump diz que derrubar\u00e1 avi\u00f5es que representarem amea\u00e7a aos EUA"},"content":{"rendered":"\n<p>Os avi\u00f5es venezuelanos que representam um perigo para as for\u00e7as no Caribe correm o risco de serem \u201cderrubados\u201d, declarou nesta sexta-feira (5) o presidente Donald Trump, depois que as ca\u00e7as enviadas por Caracas sobrevoaram um navio americano na regi\u00e3o.<\/p>\n\n\n\n<p>Os Estados Unidos tentaram enviar 10 ca\u00e7as F-35 para Porto Rico nesse contexto de tens\u00e3o com a Venezuela.<\/p>\n\n\n\n<p>A mobiliza\u00e7\u00e3o das ca\u00e7adas, comunicada nesta sexta-feira \u00e0 AFP por fontes pr\u00f3ximas ao assunto, ocorreu apenas horas depois desse sobrevoo, um &#8220;movimento altamente provocador&#8221;, segundo o Pent\u00e1gono.<\/p>\n\n\n\n<p>\u201cSe nos colocarem em uma situa\u00e7\u00e3o perigosa, ser\u00e3o derrubados\u201d, declarou Trump pouco depois de rebatizar, por meio de um decreto, a pasta da Defesa como Departamento da Guerra.<\/p>\n\n\n\n<p>\u201cSe voarem em uma posi\u00e7\u00e3o perigosa, voc\u00eas podem tomar as decis\u00f5es que considerarem adequadas\u201d, acrescentou Trump dirigindo-se ao seu agora renomeado secret\u00e1rio da Guerra, Pete Hegseth.<\/p>\n\n\n\n<p>Washington acusa o presidente venezuelano, Nicol\u00e1s Maduro, de liderar uma rede de narcotr\u00e1fico e elevou recentemente para 50 milh\u00f5es de d\u00f3lares (R$ 272 milh\u00f5es) uma recompensa por sua captura.<\/p>\n\n\n\n<p>Quando lhe perguntaram no Sal\u00e3o Oval se desejava uma mudan\u00e7a de regime em Caracas, Trump desviou da quest\u00e3o: \u201cN\u00e3o queremos drogas que matem o nosso povo\u201d.<\/p>\n\n\n\n<p>As for\u00e7as americanas destacadas diante das costas venezuelanas lan\u00e7aram um m\u00edssil na ter\u00e7a-feira contra um embarque que completava o transporte de drogas.<\/p>\n\n\n\n<p>No ataque, sem precedentes na regi\u00e3o, morreram 11 \u201cnarcoterroristas\u201d, nas palavras de Trump.<\/p>\n\n\n\n<p>Esse ataque foi uma execu\u00e7\u00e3o \u201csem f\u00f3rmula de julgamento\u201d, criticou o ministro do Interior venezuelano, Diosdado Cabello.<\/p>\n\n\n\n<p>\u201cDirei a voc\u00eas que o tr\u00e1fego de lanches nessa zona contribui significativamente\u201d desde o ataque, vangloriou-se Trump diante da imprensa. Com informa\u00e7\u00f5es da AFP.<\/p>\n","protected":false},"excerpt":{"rendered":"<p>Os avi\u00f5es venezuelanos que representam um perigo para as for\u00e7as no Caribe correm o risco de serem \u201cderrubados\u201d, declarou nesta<\/p>\n","protected":false},"author":2,"featured_media":11255,"comment_status":"open","ping_status":"open","sticky":false,"template":"","format":"standard","meta":{"jetpack_post_was_ever_published":false,"_jetpack_newsletter_access":"","_jetpack_dont_email_post_to_subs":false,"_jetpack_newsletter_tier_id":0,"_jetpack_memberships_contains_paywalled_content":false,"_jetpack_memberships_contains_paid_content":false,"footnotes":"","jetpack_publicize_message":"","jetpack_publicize_feature_enabled":true,"jetpack_social_post_already_shared":true,"jetpack_social_options":{"image_generator_settings":{"template":"highway","default_image_id":0,"font":"","enabled":false},"version":2}},"categories":[42],"tags":[],"class_list":["post-68834","post","type-post","status-publish","format-standard","has-post-thumbnail","hentry","category-mundo"],"yoast_head":"<!-- This site is optimized with the Yoast SEO plugin v27.5 - https:\/\/yoast.com\/product\/yoast-seo-wordpress\/ -->\n<title>Trump diz que derrubar\u00e1 avi\u00f5es que representarem amea\u00e7a aos EUA - Afogados FM<\/title>\n<meta name=\"robots\" content=\"index, follow, max-snippet:-1, max-image-preview:large, max-video-preview:-1\" \/>\n<link rel=\"canonical\" href=\"https:\/\/afogadosfm.com.br\/afogadosfm\/2025\/09\/06\/trump-diz-que-derrubara-avioes-que-representarem-ameaca-aos-eua\/\" \/>\n<meta property=\"og:locale\" content=\"pt_BR\" \/>\n<meta property=\"og:type\" content=\"article\" \/>\n<meta property=\"og:title\" content=\"Trump diz que derrubar\u00e1 avi\u00f5es que representarem amea\u00e7a aos EUA - Afogados FM\" \/>\n<meta property=\"og:description\" content=\"Os avi\u00f5es venezuelanos que representam um perigo para as for\u00e7as no Caribe correm o risco de serem \u201cderrubados\u201d, declarou nesta\" \/>\n<meta property=\"og:url\" content=\"https:\/\/afogadosfm.com.br\/afogadosfm\/2025\/09\/06\/trump-diz-que-derrubara-avioes-que-representarem-ameaca-aos-eua\/\" \/>\n<meta property=\"og:site_name\" content=\"Afogados FM\" \/>\n<meta property=\"article:published_time\" content=\"2025-09-06T10:52:44+00:00\" \/>\n<meta property=\"article:modified_time\" content=\"2025-09-06T10:52:45+00:00\" \/>\n<meta property=\"og:image\" content=\"https:\/\/afogadosfm.com.br\/afogadosfm\/wp-content\/uploads\/2019\/07\/trump.jpg\" \/>\n\t<meta property=\"og:image:width\" content=\"1140\" \/>\n\t<meta property=\"og:image:height\" content=\"760\" \/>\n\t<meta property=\"og:image:type\" content=\"image\/jpeg\" \/>\n<meta name=\"author\" content=\"afogadosfm\" \/>\n<meta name=\"twitter:card\" content=\"summary_large_image\" \/>\n<meta name=\"twitter:label1\" content=\"Escrito por\" \/>\n\t<meta name=\"twitter:data1\" content=\"afogadosfm\" \/>\n\t<meta name=\"twitter:label2\" content=\"Est. tempo de leitura\" \/>\n\t<meta name=\"twitter:data2\" content=\"2 minutos\" \/>\n<script type=\"application\/ld+json\" class=\"yoast-schema-graph\">{\"@context\":\"https:\\\/\\\/schema.org\",\"@graph\":[{\"@type\":\"Article\",\"@id\":\"https:\\\/\\\/afogadosfm.com.br\\\/afogadosfm\\\/2025\\\/09\\\/06\\\/trump-diz-que-derrubara-avioes-que-representarem-ameaca-aos-eua\\\/#article\",\"isPartOf\":{\"@id\":\"https:\\\/\\\/afogadosfm.com.br\\\/afogadosfm\\\/2025\\\/09\\\/06\\\/trump-diz-que-derrubara-avioes-que-representarem-ameaca-aos-eua\\\/\"},\"author\":{\"name\":\"afogadosfm\",\"@id\":\"https:\\\/\\\/afogadosfm.com.br\\\/afogadosfm\\\/#\\\/schema\\\/person\\\/60e56f2cf5dc960fc093fe093d9e9057\"},\"headline\":\"Trump diz que derrubar\u00e1 avi\u00f5es que representarem amea\u00e7a aos EUA\",\"datePublished\":\"2025-09-06T10:52:44+00:00\",\"dateModified\":\"2025-09-06T10:52:45+00:00\",\"mainEntityOfPage\":{\"@id\":\"https:\\\/\\\/afogadosfm.com.br\\\/afogadosfm\\\/2025\\\/09\\\/06\\\/trump-diz-que-derrubara-avioes-que-representarem-ameaca-aos-eua\\\/\"},\"wordCount\":310,\"commentCount\":0,\"publisher\":{\"@id\":\"https:\\\/\\\/afogadosfm.com.br\\\/afogadosfm\\\/#organization\"},\"image\":{\"@id\":\"https:\\\/\\\/afogadosfm.com.br\\\/afogadosfm\\\/2025\\\/09\\\/06\\\/trump-diz-que-derrubara-avioes-que-representarem-ameaca-aos-eua\\\/#primaryimage\"},\"thumbnailUrl\":\"https:\\\/\\\/i0.wp.com\\\/afogadosfm.com.br\\\/afogadosfm\\\/wp-content\\\/uploads\\\/2019\\\/07\\\/trump.jpg?fit=1140%2C760&ssl=1\",\"articleSection\":[\"Mundo\"],\"inLanguage\":\"pt-BR\",\"potentialAction\":[{\"@type\":\"CommentAction\",\"name\":\"Comment\",\"target\":[\"https:\\\/\\\/afogadosfm.com.br\\\/afogadosfm\\\/2025\\\/09\\\/06\\\/trump-diz-que-derrubara-avioes-que-representarem-ameaca-aos-eua\\\/#respond\"]}]},{\"@type\":\"WebPage\",\"@id\":\"https:\\\/\\\/afogadosfm.com.br\\\/afogadosfm\\\/2025\\\/09\\\/06\\\/trump-diz-que-derrubara-avioes-que-representarem-ameaca-aos-eua\\\/\",\"url\":\"https:\\\/\\\/afogadosfm.com.br\\\/afogadosfm\\\/2025\\\/09\\\/06\\\/trump-diz-que-derrubara-avioes-que-representarem-ameaca-aos-eua\\\/\",\"name\":\"Trump diz que derrubar\u00e1 avi\u00f5es que representarem amea\u00e7a aos EUA - Afogados FM\",\"isPartOf\":{\"@id\":\"https:\\\/\\\/afogadosfm.com.br\\\/afogadosfm\\\/#website\"},\"primaryImageOfPage\":{\"@id\":\"https:\\\/\\\/afogadosfm.com.br\\\/afogadosfm\\\/2025\\\/09\\\/06\\\/trump-diz-que-derrubara-avioes-que-representarem-ameaca-aos-eua\\\/#primaryimage\"},\"image\":{\"@id\":\"https:\\\/\\\/afogadosfm.com.br\\\/afogadosfm\\\/2025\\\/09\\\/06\\\/trump-diz-que-derrubara-avioes-que-representarem-ameaca-aos-eua\\\/#primaryimage\"},\"thumbnailUrl\":\"https:\\\/\\\/i0.wp.com\\\/afogadosfm.com.br\\\/afogadosfm\\\/wp-content\\\/uploads\\\/2019\\\/07\\\/trump.jpg?fit=1140%2C760&ssl=1\",\"datePublished\":\"2025-09-06T10:52:44+00:00\",\"dateModified\":\"2025-09-06T10:52:45+00:00\",\"breadcrumb\":{\"@id\":\"https:\\\/\\\/afogadosfm.com.br\\\/afogadosfm\\\/2025\\\/09\\\/06\\\/trump-diz-que-derrubara-avioes-que-representarem-ameaca-aos-eua\\\/#breadcrumb\"},\"inLanguage\":\"pt-BR\",\"potentialAction\":[{\"@type\":\"ReadAction\",\"target\":[\"https:\\\/\\\/afogadosfm.com.br\\\/afogadosfm\\\/2025\\\/09\\\/06\\\/trump-diz-que-derrubara-avioes-que-representarem-ameaca-aos-eua\\\/\"]}]},{\"@type\":\"ImageObject\",\"inLanguage\":\"pt-BR\",\"@id\":\"https:\\\/\\\/afogadosfm.com.br\\\/afogadosfm\\\/2025\\\/09\\\/06\\\/trump-diz-que-derrubara-avioes-que-representarem-ameaca-aos-eua\\\/#primaryimage\",\"url\":\"https:\\\/\\\/i0.wp.com\\\/afogadosfm.com.br\\\/afogadosfm\\\/wp-content\\\/uploads\\\/2019\\\/07\\\/trump.jpg?fit=1140%2C760&ssl=1\",\"contentUrl\":\"https:\\\/\\\/i0.wp.com\\\/afogadosfm.com.br\\\/afogadosfm\\\/wp-content\\\/uploads\\\/2019\\\/07\\\/trump.jpg?fit=1140%2C760&ssl=1\",\"width\":1140,\"height\":760,\"caption\":\"O presidente dos EUA, Donald Trump, se re\u00fane com o presidente do Brasil, Jair Bolsonaro, no Sal\u00e3o Oval da Casa Branca, em Washington (EUA).\"},{\"@type\":\"BreadcrumbList\",\"@id\":\"https:\\\/\\\/afogadosfm.com.br\\\/afogadosfm\\\/2025\\\/09\\\/06\\\/trump-diz-que-derrubara-avioes-que-representarem-ameaca-aos-eua\\\/#breadcrumb\",\"itemListElement\":[{\"@type\":\"ListItem\",\"position\":1,\"name\":\"In\u00edcio\",\"item\":\"https:\\\/\\\/afogadosfm.com.br\\\/afogadosfm\\\/\"},{\"@type\":\"ListItem\",\"position\":2,\"name\":\"Trump diz que derrubar\u00e1 avi\u00f5es que representarem amea\u00e7a aos EUA\"}]},{\"@type\":\"WebSite\",\"@id\":\"https:\\\/\\\/afogadosfm.com.br\\\/afogadosfm\\\/#website\",\"url\":\"https:\\\/\\\/afogadosfm.com.br\\\/afogadosfm\\\/\",\"name\":\"Afogados FM\",\"description\":\"Um site completo!\",\"publisher\":{\"@id\":\"https:\\\/\\\/afogadosfm.com.br\\\/afogadosfm\\\/#organization\"},\"potentialAction\":[{\"@type\":\"SearchAction\",\"target\":{\"@type\":\"EntryPoint\",\"urlTemplate\":\"https:\\\/\\\/afogadosfm.com.br\\\/afogadosfm\\\/?s={search_term_string}\"},\"query-input\":{\"@type\":\"PropertyValueSpecification\",\"valueRequired\":true,\"valueName\":\"search_term_string\"}}],\"inLanguage\":\"pt-BR\"},{\"@type\":\"Organization\",\"@id\":\"https:\\\/\\\/afogadosfm.com.br\\\/afogadosfm\\\/#organization\",\"name\":\"Afogados FM\",\"url\":\"https:\\\/\\\/afogadosfm.com.br\\\/afogadosfm\\\/\",\"logo\":{\"@type\":\"ImageObject\",\"inLanguage\":\"pt-BR\",\"@id\":\"https:\\\/\\\/afogadosfm.com.br\\\/afogadosfm\\\/#\\\/schema\\\/logo\\\/image\\\/\",\"url\":\"https:\\\/\\\/i0.wp.com\\\/afogadosfm.com.br\\\/afogadosfm\\\/wp-content\\\/uploads\\\/2020\\\/06\\\/cropped-banner-afogados-4.jpg?fit=369%2C137&ssl=1\",\"contentUrl\":\"https:\\\/\\\/i0.wp.com\\\/afogadosfm.com.br\\\/afogadosfm\\\/wp-content\\\/uploads\\\/2020\\\/06\\\/cropped-banner-afogados-4.jpg?fit=369%2C137&ssl=1\",\"width\":369,\"height\":137,\"caption\":\"Afogados FM\"},\"image\":{\"@id\":\"https:\\\/\\\/afogadosfm.com.br\\\/afogadosfm\\\/#\\\/schema\\\/logo\\\/image\\\/\"}},{\"@type\":\"Person\",\"@id\":\"https:\\\/\\\/afogadosfm.com.br\\\/afogadosfm\\\/#\\\/schema\\\/person\\\/60e56f2cf5dc960fc093fe093d9e9057\",\"name\":\"afogadosfm\",\"image\":{\"@type\":\"ImageObject\",\"inLanguage\":\"pt-BR\",\"@id\":\"https:\\\/\\\/secure.gravatar.com\\\/avatar\\\/e0359add7ed5dc3560906d861b52c6a8cf5c1e199d3a7dd85070998f49bd4701?s=96&d=mm&r=g\",\"url\":\"https:\\\/\\\/secure.gravatar.com\\\/avatar\\\/e0359add7ed5dc3560906d861b52c6a8cf5c1e199d3a7dd85070998f49bd4701?s=96&d=mm&r=g\",\"contentUrl\":\"https:\\\/\\\/secure.gravatar.com\\\/avatar\\\/e0359add7ed5dc3560906d861b52c6a8cf5c1e199d3a7dd85070998f49bd4701?s=96&d=mm&r=g\",\"caption\":\"afogadosfm\"},\"url\":\"https:\\\/\\\/afogadosfm.com.br\\\/afogadosfm\\\/author\\\/afogadosfm\\\/\"}]}<\/script>\n<!-- \/ Yoast SEO plugin. -->","yoast_head_json":{"title":"Trump diz que derrubar\u00e1 avi\u00f5es que representarem amea\u00e7a aos EUA - Afogados FM","robots":{"index":"index","follow":"follow","max-snippet":"max-snippet:-1","max-image-preview":"max-image-preview:large","max-video-preview":"max-video-preview:-1"},"canonical":"https:\/\/afogadosfm.com.br\/afogadosfm\/2025\/09\/06\/trump-diz-que-derrubara-avioes-que-representarem-ameaca-aos-eua\/","og_locale":"pt_BR","og_type":"article","og_title":"Trump diz que derrubar\u00e1 avi\u00f5es que representarem amea\u00e7a aos EUA - Afogados FM","og_description":"Os avi\u00f5es venezuelanos que representam um perigo para as for\u00e7as no Caribe correm o risco de serem \u201cderrubados\u201d, declarou nesta","og_url":"https:\/\/afogadosfm.com.br\/afogadosfm\/2025\/09\/06\/trump-diz-que-derrubara-avioes-que-representarem-ameaca-aos-eua\/","og_site_name":"Afogados FM","article_published_time":"2025-09-06T10:52:44+00:00","article_modified_time":"2025-09-06T10:52:45+00:00","og_image":[{"width":1140,"height":760,"url":"https:\/\/afogadosfm.com.br\/afogadosfm\/wp-content\/uploads\/2019\/07\/trump.jpg","type":"image\/jpeg"}],"author":"afogadosfm","twitter_card":"summary_large_image","twitter_misc":{"Escrito por":"afogadosfm","Est. tempo de leitura":"2 minutos"},"schema":{"@context":"https:\/\/schema.org","@graph":[{"@type":"Article","@id":"https:\/\/afogadosfm.com.br\/afogadosfm\/2025\/09\/06\/trump-diz-que-derrubara-avioes-que-representarem-ameaca-aos-eua\/#article","isPartOf":{"@id":"https:\/\/afogadosfm.com.br\/afogadosfm\/2025\/09\/06\/trump-diz-que-derrubara-avioes-que-representarem-ameaca-aos-eua\/"},"author":{"name":"afogadosfm","@id":"https:\/\/afogadosfm.com.br\/afogadosfm\/#\/schema\/person\/60e56f2cf5dc960fc093fe093d9e9057"},"headline":"Trump diz que derrubar\u00e1 avi\u00f5es que representarem amea\u00e7a aos EUA","datePublished":"2025-09-06T10:52:44+00:00","dateModified":"2025-09-06T10:52:45+00:00","mainEntityOfPage":{"@id":"https:\/\/afogadosfm.com.br\/afogadosfm\/2025\/09\/06\/trump-diz-que-derrubara-avioes-que-representarem-ameaca-aos-eua\/"},"wordCount":310,"commentCount":0,"publisher":{"@id":"https:\/\/afogadosfm.com.br\/afogadosfm\/#organization"},"image":{"@id":"https:\/\/afogadosfm.com.br\/afogadosfm\/2025\/09\/06\/trump-diz-que-derrubara-avioes-que-representarem-ameaca-aos-eua\/#primaryimage"},"thumbnailUrl":"https:\/\/i0.wp.com\/afogadosfm.com.br\/afogadosfm\/wp-content\/uploads\/2019\/07\/trump.jpg?fit=1140%2C760&ssl=1","articleSection":["Mundo"],"inLanguage":"pt-BR","potentialAction":[{"@type":"CommentAction","name":"Comment","target":["https:\/\/afogadosfm.com.br\/afogadosfm\/2025\/09\/06\/trump-diz-que-derrubara-avioes-que-representarem-ameaca-aos-eua\/#respond"]}]},{"@type":"WebPage","@id":"https:\/\/afogadosfm.com.br\/afogadosfm\/2025\/09\/06\/trump-diz-que-derrubara-avioes-que-representarem-ameaca-aos-eua\/","url":"https:\/\/afogadosfm.com.br\/afogadosfm\/2025\/09\/06\/trump-diz-que-derrubara-avioes-que-representarem-ameaca-aos-eua\/","name":"Trump diz que derrubar\u00e1 avi\u00f5es que representarem amea\u00e7a aos EUA - Afogados FM","isPartOf":{"@id":"https:\/\/afogadosfm.com.br\/afogadosfm\/#website"},"primaryImageOfPage":{"@id":"https:\/\/afogadosfm.com.br\/afogadosfm\/2025\/09\/06\/trump-diz-que-derrubara-avioes-que-representarem-ameaca-aos-eua\/#primaryimage"},"image":{"@id":"https:\/\/afogadosfm.com.br\/afogadosfm\/2025\/09\/06\/trump-diz-que-derrubara-avioes-que-representarem-ameaca-aos-eua\/#primaryimage"},"thumbnailUrl":"https:\/\/i0.wp.com\/afogadosfm.com.br\/afogadosfm\/wp-content\/uploads\/2019\/07\/trump.jpg?fit=1140%2C760&ssl=1","datePublished":"2025-09-06T10:52:44+00:00","dateModified":"2025-09-06T10:52:45+00:00","breadcrumb":{"@id":"https:\/\/afogadosfm.com.br\/afogadosfm\/2025\/09\/06\/trump-diz-que-derrubara-avioes-que-representarem-ameaca-aos-eua\/#breadcrumb"},"inLanguage":"pt-BR","potentialAction":[{"@type":"ReadAction","target":["https:\/\/afogadosfm.com.br\/afogadosfm\/2025\/09\/06\/trump-diz-que-derrubara-avioes-que-representarem-ameaca-aos-eua\/"]}]},{"@type":"ImageObject","inLanguage":"pt-BR","@id":"https:\/\/afogadosfm.com.br\/afogadosfm\/2025\/09\/06\/trump-diz-que-derrubara-avioes-que-representarem-ameaca-aos-eua\/#primaryimage","url":"https:\/\/i0.wp.com\/afogadosfm.com.br\/afogadosfm\/wp-content\/uploads\/2019\/07\/trump.jpg?fit=1140%2C760&ssl=1","contentUrl":"https:\/\/i0.wp.com\/afogadosfm.com.br\/afogadosfm\/wp-content\/uploads\/2019\/07\/trump.jpg?fit=1140%2C760&ssl=1","width":1140,"height":760,"caption":"O presidente dos EUA, Donald Trump, se re\u00fane com o presidente do Brasil, Jair Bolsonaro, no Sal\u00e3o Oval da Casa Branca, em Washington (EUA)."},{"@type":"BreadcrumbList","@id":"https:\/\/afogadosfm.com.br\/afogadosfm\/2025\/09\/06\/trump-diz-que-derrubara-avioes-que-representarem-ameaca-aos-eua\/#breadcrumb","itemListElement":[{"@type":"ListItem","position":1,"name":"In\u00edcio","item":"https:\/\/afogadosfm.com.br\/afogadosfm\/"},{"@type":"ListItem","position":2,"name":"Trump diz que derrubar\u00e1 avi\u00f5es que representarem amea\u00e7a aos EUA"}]},{"@type":"WebSite","@id":"https:\/\/afogadosfm.com.br\/afogadosfm\/#website","url":"https:\/\/afogadosfm.com.br\/afogadosfm\/","name":"Afogados FM","description":"Um site completo!","publisher":{"@id":"https:\/\/afogadosfm.com.br\/afogadosfm\/#organization"},"potentialAction":[{"@type":"SearchAction","target":{"@type":"EntryPoint","urlTemplate":"https:\/\/afogadosfm.com.br\/afogadosfm\/?s={search_term_string}"},"query-input":{"@type":"PropertyValueSpecification","valueRequired":true,"valueName":"search_term_string"}}],"inLanguage":"pt-BR"},{"@type":"Organization","@id":"https:\/\/afogadosfm.com.br\/afogadosfm\/#organization","name":"Afogados FM","url":"https:\/\/afogadosfm.com.br\/afogadosfm\/","logo":{"@type":"ImageObject","inLanguage":"pt-BR","@id":"https:\/\/afogadosfm.com.br\/afogadosfm\/#\/schema\/logo\/image\/","url":"https:\/\/i0.wp.com\/afogadosfm.com.br\/afogadosfm\/wp-content\/uploads\/2020\/06\/cropped-banner-afogados-4.jpg?fit=369%2C137&ssl=1","contentUrl":"https:\/\/i0.wp.com\/afogadosfm.com.br\/afogadosfm\/wp-content\/uploads\/2020\/06\/cropped-banner-afogados-4.jpg?fit=369%2C137&ssl=1","width":369,"height":137,"caption":"Afogados FM"},"image":{"@id":"https:\/\/afogadosfm.com.br\/afogadosfm\/#\/schema\/logo\/image\/"}},{"@type":"Person","@id":"https:\/\/afogadosfm.com.br\/afogadosfm\/#\/schema\/person\/60e56f2cf5dc960fc093fe093d9e9057","name":"afogadosfm","image":{"@type":"ImageObject","inLanguage":"pt-BR","@id":"https:\/\/secure.gravatar.com\/avatar\/e0359add7ed5dc3560906d861b52c6a8cf5c1e199d3a7dd85070998f49bd4701?s=96&d=mm&r=g","url":"https:\/\/secure.gravatar.com\/avatar\/e0359add7ed5dc3560906d861b52c6a8cf5c1e199d3a7dd85070998f49bd4701?s=96&d=mm&r=g","contentUrl":"https:\/\/secure.gravatar.com\/avatar\/e0359add7ed5dc3560906d861b52c6a8cf5c1e199d3a7dd85070998f49bd4701?s=96&d=mm&r=g","caption":"afogadosfm"},"url":"https:\/\/afogadosfm.com.br\/afogadosfm\/author\/afogadosfm\/"}]}},"jetpack_publicize_connections":[],"jetpack_featured_media_url":"https:\/\/i0.wp.com\/afogadosfm.com.br\/afogadosfm\/wp-content\/uploads\/2019\/07\/trump.jpg?fit=1140%2C760&ssl=1","jetpack-related-posts":[],"jetpack_sharing_enabled":true,"jetpack_likes_enabled":true,"_links":{"self":[{"href":"https:\/\/afogadosfm.com.br\/afogadosfm\/wp-json\/wp\/v2\/posts\/68834","targetHints":{"allow":["GET"]}}],"collection":[{"href":"https:\/\/afogadosfm.com.br\/afogadosfm\/wp-json\/wp\/v2\/posts"}],"about":[{"href":"https:\/\/afogadosfm.com.br\/afogadosfm\/wp-json\/wp\/v2\/types\/post"}],"author":[{"embeddable":true,"href":"https:\/\/afogadosfm.com.br\/afogadosfm\/wp-json\/wp\/v2\/users\/2"}],"replies":[{"embeddable":true,"href":"https:\/\/afogadosfm.com.br\/afogadosfm\/wp-json\/wp\/v2\/comments?post=68834"}],"version-history":[{"count":1,"href":"https:\/\/afogadosfm.com.br\/afogadosfm\/wp-json\/wp\/v2\/posts\/68834\/revisions"}],"predecessor-version":[{"id":68835,"href":"https:\/\/afogadosfm.com.br\/afogadosfm\/wp-json\/wp\/v2\/posts\/68834\/revisions\/68835"}],"wp:featuredmedia":[{"embeddable":true,"href":"https:\/\/afogadosfm.com.br\/afogadosfm\/wp-json\/wp\/v2\/media\/11255"}],"wp:attachment":[{"href":"https:\/\/afogadosfm.com.br\/afogadosfm\/wp-json\/wp\/v2\/media?parent=68834"}],"wp:term":[{"taxonomy":"category","embeddable":true,"href":"https:\/\/afogadosfm.com.br\/afogadosfm\/wp-json\/wp\/v2\/categories?post=68834"},{"taxonomy":"post_tag","embeddable":true,"href":"https:\/\/afogadosfm.com.br\/afogadosfm\/wp-json\/wp\/v2\/tags?post=68834"}],"curies":[{"name":"wp","href":"https:\/\/api.w.org\/{rel}","templated":true}]}}