{"id":68846,"date":"2025-09-06T17:01:22","date_gmt":"2025-09-06T20:01:22","guid":{"rendered":"https:\/\/afogadosfm.com.br\/afogadosfm\/?p=68846"},"modified":"2025-09-06T17:01:23","modified_gmt":"2025-09-06T20:01:23","slug":"crise-prefeitura-de-afogados-emite-decreto-de-contencao-de-despesas","status":"publish","type":"post","link":"https:\/\/afogadosfm.com.br\/afogadosfm\/2025\/09\/06\/crise-prefeitura-de-afogados-emite-decreto-de-contencao-de-despesas\/","title":{"rendered":"Crise: Prefeitura de Afogados emite decreto de conten\u00e7\u00e3o de despesas"},"content":{"rendered":"\n<p>A Prefeitura de Afogados da Ingazeira emitiu um decreto buscando conter despesas em vista \u00e0 crise provocada nos munic\u00edpios brasileiros pela queda brutal nos repasses do FPM.<\/p>\n\n\n\n<p>Com o objetivo de garantir a regularidade no pagamento da folha em dia e dos gastos essenciais com fornecedores, bem como preservar o equil\u00edbrio fiscal, algumas medidas de conten\u00e7\u00e3o ser\u00e3o adotadas a partir desta segunda (08), com efeitos vigentes at\u00e9 o pr\u00f3ximo dia 31 de dezembro. Confira algumas das principais medidas:<\/p>\n\n\n\n<ul class=\"wp-block-list\">\n<li>Est\u00e1 suspensa a permiss\u00e3o de novos afastamentos de servidores para cursos ou estudos que impliquem em \u00f4nus para o munic\u00edpio;<\/li>\n\n\n\n<li>Est\u00e3o suspensas novas gratifica\u00e7\u00f5es para presta\u00e7\u00e3o de servi\u00e7os extraordin\u00e1rios quando n\u00e3o expressamente autorizados pelo Prefeito do munic\u00edpio;<\/li>\n\n\n\n<li>Suspens\u00e3o da cess\u00e3o de ve\u00edculos oficiais da frota pr\u00f3pria ou decorrente de loca\u00e7\u00f5es para associa\u00e7\u00f5es, entidades ou afins, executando-se situa\u00e7\u00f5es de extrema urg\u00eancia;<\/li>\n\n\n\n<li>O expediente em todas as secretarias ser\u00e1 de 8h \u00e0s 14h, exceto os servi\u00e7os essenciais;<\/li>\n\n\n\n<li>Solenidades de inaugura\u00e7\u00e3o e entrega ser\u00e3o simples, sem som fixo ou estruturas de toldos, cadeiras e afins, que impliquem em acr\u00e9scimo de despesas, exceto em eventos custeados por outras institui\u00e7\u00f5es;<\/li>\n\n\n\n<li>Todas as secretarias e \u00f3rg\u00e3os municipais dever\u00e3o adotar imediata a\u00e7\u00e3o de redu\u00e7\u00e3o de despesas com \u00e1gua, energia, combust\u00edvel e manuten\u00e7\u00e3o de frota;<\/li>\n\n\n\n<li>Suspens\u00e3o do pagamento de di\u00e1rias a servidores para participa\u00e7\u00e3o em eventos externos, exceto os que houverem sido Planejados em data anterior a este decreto.<\/li>\n<\/ul>\n","protected":false},"excerpt":{"rendered":"<p>A Prefeitura de Afogados da Ingazeira emitiu um decreto buscando conter despesas em vista \u00e0 crise provocada nos munic\u00edpios brasileiros<\/p>\n","protected":false},"author":2,"featured_media":68847,"comment_status":"open","ping_status":"open","sticky":false,"template":"","format":"standard","meta":{"jetpack_post_was_ever_published":false,"_jetpack_newsletter_access":"","_jetpack_dont_email_post_to_subs":false,"_jetpack_newsletter_tier_id":0,"_jetpack_memberships_contains_paywalled_content":false,"_jetpack_memberships_contains_paid_content":false,"footnotes":"","jetpack_publicize_message":"","jetpack_publicize_feature_enabled":true,"jetpack_social_post_already_shared":true,"jetpack_social_options":{"image_generator_settings":{"template":"highway","default_image_id":0,"font":"","enabled":false},"version":2}},"categories":[14],"tags":[],"class_list":["post-68846","post","type-post","status-publish","format-standard","has-post-thumbnail","hentry","category-afogados-da-ingazeira"],"yoast_head":"<!-- This site is optimized with the Yoast SEO plugin v27.5 - https:\/\/yoast.com\/product\/yoast-seo-wordpress\/ -->\n<title>Crise: Prefeitura de Afogados emite decreto de conten\u00e7\u00e3o de despesas - Afogados FM<\/title>\n<meta name=\"robots\" content=\"index, follow, max-snippet:-1, max-image-preview:large, max-video-preview:-1\" \/>\n<link rel=\"canonical\" href=\"https:\/\/afogadosfm.com.br\/afogadosfm\/2025\/09\/06\/crise-prefeitura-de-afogados-emite-decreto-de-contencao-de-despesas\/\" \/>\n<meta property=\"og:locale\" content=\"pt_BR\" \/>\n<meta property=\"og:type\" content=\"article\" \/>\n<meta property=\"og:title\" content=\"Crise: Prefeitura de Afogados emite decreto de conten\u00e7\u00e3o de despesas - Afogados FM\" \/>\n<meta property=\"og:description\" content=\"A Prefeitura de Afogados da Ingazeira emitiu um decreto buscando conter despesas em vista \u00e0 crise provocada nos munic\u00edpios brasileiros\" \/>\n<meta property=\"og:url\" content=\"https:\/\/afogadosfm.com.br\/afogadosfm\/2025\/09\/06\/crise-prefeitura-de-afogados-emite-decreto-de-contencao-de-despesas\/\" \/>\n<meta property=\"og:site_name\" content=\"Afogados FM\" \/>\n<meta property=\"article:published_time\" content=\"2025-09-06T20:01:22+00:00\" \/>\n<meta property=\"article:modified_time\" content=\"2025-09-06T20:01:23+00:00\" \/>\n<meta property=\"og:image\" content=\"https:\/\/afogadosfm.com.br\/afogadosfm\/wp-content\/uploads\/2025\/09\/fe15780b-73d5-4861-bfa3-1647b6baa92e.jpeg\" \/>\n\t<meta property=\"og:image:width\" content=\"680\" \/>\n\t<meta property=\"og:image:height\" content=\"451\" \/>\n\t<meta property=\"og:image:type\" content=\"image\/jpeg\" \/>\n<meta name=\"author\" content=\"afogadosfm\" \/>\n<meta name=\"twitter:card\" content=\"summary_large_image\" \/>\n<meta name=\"twitter:label1\" content=\"Escrito por\" \/>\n\t<meta name=\"twitter:data1\" content=\"afogadosfm\" \/>\n\t<meta name=\"twitter:label2\" content=\"Est. tempo de leitura\" \/>\n\t<meta name=\"twitter:data2\" content=\"2 minutos\" \/>\n<script type=\"application\/ld+json\" class=\"yoast-schema-graph\">{\"@context\":\"https:\\\/\\\/schema.org\",\"@graph\":[{\"@type\":\"Article\",\"@id\":\"https:\\\/\\\/afogadosfm.com.br\\\/afogadosfm\\\/2025\\\/09\\\/06\\\/crise-prefeitura-de-afogados-emite-decreto-de-contencao-de-despesas\\\/#article\",\"isPartOf\":{\"@id\":\"https:\\\/\\\/afogadosfm.com.br\\\/afogadosfm\\\/2025\\\/09\\\/06\\\/crise-prefeitura-de-afogados-emite-decreto-de-contencao-de-despesas\\\/\"},\"author\":{\"name\":\"afogadosfm\",\"@id\":\"https:\\\/\\\/afogadosfm.com.br\\\/afogadosfm\\\/#\\\/schema\\\/person\\\/60e56f2cf5dc960fc093fe093d9e9057\"},\"headline\":\"Crise: Prefeitura de Afogados emite decreto de conten\u00e7\u00e3o de despesas\",\"datePublished\":\"2025-09-06T20:01:22+00:00\",\"dateModified\":\"2025-09-06T20:01:23+00:00\",\"mainEntityOfPage\":{\"@id\":\"https:\\\/\\\/afogadosfm.com.br\\\/afogadosfm\\\/2025\\\/09\\\/06\\\/crise-prefeitura-de-afogados-emite-decreto-de-contencao-de-despesas\\\/\"},\"wordCount\":273,\"commentCount\":0,\"publisher\":{\"@id\":\"https:\\\/\\\/afogadosfm.com.br\\\/afogadosfm\\\/#organization\"},\"image\":{\"@id\":\"https:\\\/\\\/afogadosfm.com.br\\\/afogadosfm\\\/2025\\\/09\\\/06\\\/crise-prefeitura-de-afogados-emite-decreto-de-contencao-de-despesas\\\/#primaryimage\"},\"thumbnailUrl\":\"https:\\\/\\\/i0.wp.com\\\/afogadosfm.com.br\\\/afogadosfm\\\/wp-content\\\/uploads\\\/2025\\\/09\\\/fe15780b-73d5-4861-bfa3-1647b6baa92e.jpeg?fit=680%2C451&ssl=1\",\"articleSection\":[\"Afogados da Ingazeira\"],\"inLanguage\":\"pt-BR\",\"potentialAction\":[{\"@type\":\"CommentAction\",\"name\":\"Comment\",\"target\":[\"https:\\\/\\\/afogadosfm.com.br\\\/afogadosfm\\\/2025\\\/09\\\/06\\\/crise-prefeitura-de-afogados-emite-decreto-de-contencao-de-despesas\\\/#respond\"]}]},{\"@type\":\"WebPage\",\"@id\":\"https:\\\/\\\/afogadosfm.com.br\\\/afogadosfm\\\/2025\\\/09\\\/06\\\/crise-prefeitura-de-afogados-emite-decreto-de-contencao-de-despesas\\\/\",\"url\":\"https:\\\/\\\/afogadosfm.com.br\\\/afogadosfm\\\/2025\\\/09\\\/06\\\/crise-prefeitura-de-afogados-emite-decreto-de-contencao-de-despesas\\\/\",\"name\":\"Crise: Prefeitura de Afogados emite decreto de conten\u00e7\u00e3o de despesas - Afogados FM\",\"isPartOf\":{\"@id\":\"https:\\\/\\\/afogadosfm.com.br\\\/afogadosfm\\\/#website\"},\"primaryImageOfPage\":{\"@id\":\"https:\\\/\\\/afogadosfm.com.br\\\/afogadosfm\\\/2025\\\/09\\\/06\\\/crise-prefeitura-de-afogados-emite-decreto-de-contencao-de-despesas\\\/#primaryimage\"},\"image\":{\"@id\":\"https:\\\/\\\/afogadosfm.com.br\\\/afogadosfm\\\/2025\\\/09\\\/06\\\/crise-prefeitura-de-afogados-emite-decreto-de-contencao-de-despesas\\\/#primaryimage\"},\"thumbnailUrl\":\"https:\\\/\\\/i0.wp.com\\\/afogadosfm.com.br\\\/afogadosfm\\\/wp-content\\\/uploads\\\/2025\\\/09\\\/fe15780b-73d5-4861-bfa3-1647b6baa92e.jpeg?fit=680%2C451&ssl=1\",\"datePublished\":\"2025-09-06T20:01:22+00:00\",\"dateModified\":\"2025-09-06T20:01:23+00:00\",\"breadcrumb\":{\"@id\":\"https:\\\/\\\/afogadosfm.com.br\\\/afogadosfm\\\/2025\\\/09\\\/06\\\/crise-prefeitura-de-afogados-emite-decreto-de-contencao-de-despesas\\\/#breadcrumb\"},\"inLanguage\":\"pt-BR\",\"potentialAction\":[{\"@type\":\"ReadAction\",\"target\":[\"https:\\\/\\\/afogadosfm.com.br\\\/afogadosfm\\\/2025\\\/09\\\/06\\\/crise-prefeitura-de-afogados-emite-decreto-de-contencao-de-despesas\\\/\"]}]},{\"@type\":\"ImageObject\",\"inLanguage\":\"pt-BR\",\"@id\":\"https:\\\/\\\/afogadosfm.com.br\\\/afogadosfm\\\/2025\\\/09\\\/06\\\/crise-prefeitura-de-afogados-emite-decreto-de-contencao-de-despesas\\\/#primaryimage\",\"url\":\"https:\\\/\\\/i0.wp.com\\\/afogadosfm.com.br\\\/afogadosfm\\\/wp-content\\\/uploads\\\/2025\\\/09\\\/fe15780b-73d5-4861-bfa3-1647b6baa92e.jpeg?fit=680%2C451&ssl=1\",\"contentUrl\":\"https:\\\/\\\/i0.wp.com\\\/afogadosfm.com.br\\\/afogadosfm\\\/wp-content\\\/uploads\\\/2025\\\/09\\\/fe15780b-73d5-4861-bfa3-1647b6baa92e.jpeg?fit=680%2C451&ssl=1\",\"width\":680,\"height\":451},{\"@type\":\"BreadcrumbList\",\"@id\":\"https:\\\/\\\/afogadosfm.com.br\\\/afogadosfm\\\/2025\\\/09\\\/06\\\/crise-prefeitura-de-afogados-emite-decreto-de-contencao-de-despesas\\\/#breadcrumb\",\"itemListElement\":[{\"@type\":\"ListItem\",\"position\":1,\"name\":\"In\u00edcio\",\"item\":\"https:\\\/\\\/afogadosfm.com.br\\\/afogadosfm\\\/\"},{\"@type\":\"ListItem\",\"position\":2,\"name\":\"Crise: Prefeitura de Afogados emite decreto de conten\u00e7\u00e3o de despesas\"}]},{\"@type\":\"WebSite\",\"@id\":\"https:\\\/\\\/afogadosfm.com.br\\\/afogadosfm\\\/#website\",\"url\":\"https:\\\/\\\/afogadosfm.com.br\\\/afogadosfm\\\/\",\"name\":\"Afogados FM\",\"description\":\"Um site completo!\",\"publisher\":{\"@id\":\"https:\\\/\\\/afogadosfm.com.br\\\/afogadosfm\\\/#organization\"},\"potentialAction\":[{\"@type\":\"SearchAction\",\"target\":{\"@type\":\"EntryPoint\",\"urlTemplate\":\"https:\\\/\\\/afogadosfm.com.br\\\/afogadosfm\\\/?s={search_term_string}\"},\"query-input\":{\"@type\":\"PropertyValueSpecification\",\"valueRequired\":true,\"valueName\":\"search_term_string\"}}],\"inLanguage\":\"pt-BR\"},{\"@type\":\"Organization\",\"@id\":\"https:\\\/\\\/afogadosfm.com.br\\\/afogadosfm\\\/#organization\",\"name\":\"Afogados FM\",\"url\":\"https:\\\/\\\/afogadosfm.com.br\\\/afogadosfm\\\/\",\"logo\":{\"@type\":\"ImageObject\",\"inLanguage\":\"pt-BR\",\"@id\":\"https:\\\/\\\/afogadosfm.com.br\\\/afogadosfm\\\/#\\\/schema\\\/logo\\\/image\\\/\",\"url\":\"https:\\\/\\\/i0.wp.com\\\/afogadosfm.com.br\\\/afogadosfm\\\/wp-content\\\/uploads\\\/2020\\\/06\\\/cropped-banner-afogados-4.jpg?fit=369%2C137&ssl=1\",\"contentUrl\":\"https:\\\/\\\/i0.wp.com\\\/afogadosfm.com.br\\\/afogadosfm\\\/wp-content\\\/uploads\\\/2020\\\/06\\\/cropped-banner-afogados-4.jpg?fit=369%2C137&ssl=1\",\"width\":369,\"height\":137,\"caption\":\"Afogados FM\"},\"image\":{\"@id\":\"https:\\\/\\\/afogadosfm.com.br\\\/afogadosfm\\\/#\\\/schema\\\/logo\\\/image\\\/\"}},{\"@type\":\"Person\",\"@id\":\"https:\\\/\\\/afogadosfm.com.br\\\/afogadosfm\\\/#\\\/schema\\\/person\\\/60e56f2cf5dc960fc093fe093d9e9057\",\"name\":\"afogadosfm\",\"image\":{\"@type\":\"ImageObject\",\"inLanguage\":\"pt-BR\",\"@id\":\"https:\\\/\\\/secure.gravatar.com\\\/avatar\\\/e0359add7ed5dc3560906d861b52c6a8cf5c1e199d3a7dd85070998f49bd4701?s=96&d=mm&r=g\",\"url\":\"https:\\\/\\\/secure.gravatar.com\\\/avatar\\\/e0359add7ed5dc3560906d861b52c6a8cf5c1e199d3a7dd85070998f49bd4701?s=96&d=mm&r=g\",\"contentUrl\":\"https:\\\/\\\/secure.gravatar.com\\\/avatar\\\/e0359add7ed5dc3560906d861b52c6a8cf5c1e199d3a7dd85070998f49bd4701?s=96&d=mm&r=g\",\"caption\":\"afogadosfm\"},\"url\":\"https:\\\/\\\/afogadosfm.com.br\\\/afogadosfm\\\/author\\\/afogadosfm\\\/\"}]}<\/script>\n<!-- \/ Yoast SEO plugin. -->","yoast_head_json":{"title":"Crise: Prefeitura de Afogados emite decreto de conten\u00e7\u00e3o de despesas - Afogados FM","robots":{"index":"index","follow":"follow","max-snippet":"max-snippet:-1","max-image-preview":"max-image-preview:large","max-video-preview":"max-video-preview:-1"},"canonical":"https:\/\/afogadosfm.com.br\/afogadosfm\/2025\/09\/06\/crise-prefeitura-de-afogados-emite-decreto-de-contencao-de-despesas\/","og_locale":"pt_BR","og_type":"article","og_title":"Crise: Prefeitura de Afogados emite decreto de conten\u00e7\u00e3o de despesas - Afogados FM","og_description":"A Prefeitura de Afogados da Ingazeira emitiu um decreto buscando conter despesas em vista \u00e0 crise provocada nos munic\u00edpios brasileiros","og_url":"https:\/\/afogadosfm.com.br\/afogadosfm\/2025\/09\/06\/crise-prefeitura-de-afogados-emite-decreto-de-contencao-de-despesas\/","og_site_name":"Afogados FM","article_published_time":"2025-09-06T20:01:22+00:00","article_modified_time":"2025-09-06T20:01:23+00:00","og_image":[{"width":680,"height":451,"url":"https:\/\/afogadosfm.com.br\/afogadosfm\/wp-content\/uploads\/2025\/09\/fe15780b-73d5-4861-bfa3-1647b6baa92e.jpeg","type":"image\/jpeg"}],"author":"afogadosfm","twitter_card":"summary_large_image","twitter_misc":{"Escrito por":"afogadosfm","Est. tempo de leitura":"2 minutos"},"schema":{"@context":"https:\/\/schema.org","@graph":[{"@type":"Article","@id":"https:\/\/afogadosfm.com.br\/afogadosfm\/2025\/09\/06\/crise-prefeitura-de-afogados-emite-decreto-de-contencao-de-despesas\/#article","isPartOf":{"@id":"https:\/\/afogadosfm.com.br\/afogadosfm\/2025\/09\/06\/crise-prefeitura-de-afogados-emite-decreto-de-contencao-de-despesas\/"},"author":{"name":"afogadosfm","@id":"https:\/\/afogadosfm.com.br\/afogadosfm\/#\/schema\/person\/60e56f2cf5dc960fc093fe093d9e9057"},"headline":"Crise: Prefeitura de Afogados emite decreto de conten\u00e7\u00e3o de despesas","datePublished":"2025-09-06T20:01:22+00:00","dateModified":"2025-09-06T20:01:23+00:00","mainEntityOfPage":{"@id":"https:\/\/afogadosfm.com.br\/afogadosfm\/2025\/09\/06\/crise-prefeitura-de-afogados-emite-decreto-de-contencao-de-despesas\/"},"wordCount":273,"commentCount":0,"publisher":{"@id":"https:\/\/afogadosfm.com.br\/afogadosfm\/#organization"},"image":{"@id":"https:\/\/afogadosfm.com.br\/afogadosfm\/2025\/09\/06\/crise-prefeitura-de-afogados-emite-decreto-de-contencao-de-despesas\/#primaryimage"},"thumbnailUrl":"https:\/\/i0.wp.com\/afogadosfm.com.br\/afogadosfm\/wp-content\/uploads\/2025\/09\/fe15780b-73d5-4861-bfa3-1647b6baa92e.jpeg?fit=680%2C451&ssl=1","articleSection":["Afogados da Ingazeira"],"inLanguage":"pt-BR","potentialAction":[{"@type":"CommentAction","name":"Comment","target":["https:\/\/afogadosfm.com.br\/afogadosfm\/2025\/09\/06\/crise-prefeitura-de-afogados-emite-decreto-de-contencao-de-despesas\/#respond"]}]},{"@type":"WebPage","@id":"https:\/\/afogadosfm.com.br\/afogadosfm\/2025\/09\/06\/crise-prefeitura-de-afogados-emite-decreto-de-contencao-de-despesas\/","url":"https:\/\/afogadosfm.com.br\/afogadosfm\/2025\/09\/06\/crise-prefeitura-de-afogados-emite-decreto-de-contencao-de-despesas\/","name":"Crise: Prefeitura de Afogados emite decreto de conten\u00e7\u00e3o de despesas - Afogados FM","isPartOf":{"@id":"https:\/\/afogadosfm.com.br\/afogadosfm\/#website"},"primaryImageOfPage":{"@id":"https:\/\/afogadosfm.com.br\/afogadosfm\/2025\/09\/06\/crise-prefeitura-de-afogados-emite-decreto-de-contencao-de-despesas\/#primaryimage"},"image":{"@id":"https:\/\/afogadosfm.com.br\/afogadosfm\/2025\/09\/06\/crise-prefeitura-de-afogados-emite-decreto-de-contencao-de-despesas\/#primaryimage"},"thumbnailUrl":"https:\/\/i0.wp.com\/afogadosfm.com.br\/afogadosfm\/wp-content\/uploads\/2025\/09\/fe15780b-73d5-4861-bfa3-1647b6baa92e.jpeg?fit=680%2C451&ssl=1","datePublished":"2025-09-06T20:01:22+00:00","dateModified":"2025-09-06T20:01:23+00:00","breadcrumb":{"@id":"https:\/\/afogadosfm.com.br\/afogadosfm\/2025\/09\/06\/crise-prefeitura-de-afogados-emite-decreto-de-contencao-de-despesas\/#breadcrumb"},"inLanguage":"pt-BR","potentialAction":[{"@type":"ReadAction","target":["https:\/\/afogadosfm.com.br\/afogadosfm\/2025\/09\/06\/crise-prefeitura-de-afogados-emite-decreto-de-contencao-de-despesas\/"]}]},{"@type":"ImageObject","inLanguage":"pt-BR","@id":"https:\/\/afogadosfm.com.br\/afogadosfm\/2025\/09\/06\/crise-prefeitura-de-afogados-emite-decreto-de-contencao-de-despesas\/#primaryimage","url":"https:\/\/i0.wp.com\/afogadosfm.com.br\/afogadosfm\/wp-content\/uploads\/2025\/09\/fe15780b-73d5-4861-bfa3-1647b6baa92e.jpeg?fit=680%2C451&ssl=1","contentUrl":"https:\/\/i0.wp.com\/afogadosfm.com.br\/afogadosfm\/wp-content\/uploads\/2025\/09\/fe15780b-73d5-4861-bfa3-1647b6baa92e.jpeg?fit=680%2C451&ssl=1","width":680,"height":451},{"@type":"BreadcrumbList","@id":"https:\/\/afogadosfm.com.br\/afogadosfm\/2025\/09\/06\/crise-prefeitura-de-afogados-emite-decreto-de-contencao-de-despesas\/#breadcrumb","itemListElement":[{"@type":"ListItem","position":1,"name":"In\u00edcio","item":"https:\/\/afogadosfm.com.br\/afogadosfm\/"},{"@type":"ListItem","position":2,"name":"Crise: Prefeitura de Afogados emite decreto de conten\u00e7\u00e3o de despesas"}]},{"@type":"WebSite","@id":"https:\/\/afogadosfm.com.br\/afogadosfm\/#website","url":"https:\/\/afogadosfm.com.br\/afogadosfm\/","name":"Afogados FM","description":"Um site completo!","publisher":{"@id":"https:\/\/afogadosfm.com.br\/afogadosfm\/#organization"},"potentialAction":[{"@type":"SearchAction","target":{"@type":"EntryPoint","urlTemplate":"https:\/\/afogadosfm.com.br\/afogadosfm\/?s={search_term_string}"},"query-input":{"@type":"PropertyValueSpecification","valueRequired":true,"valueName":"search_term_string"}}],"inLanguage":"pt-BR"},{"@type":"Organization","@id":"https:\/\/afogadosfm.com.br\/afogadosfm\/#organization","name":"Afogados FM","url":"https:\/\/afogadosfm.com.br\/afogadosfm\/","logo":{"@type":"ImageObject","inLanguage":"pt-BR","@id":"https:\/\/afogadosfm.com.br\/afogadosfm\/#\/schema\/logo\/image\/","url":"https:\/\/i0.wp.com\/afogadosfm.com.br\/afogadosfm\/wp-content\/uploads\/2020\/06\/cropped-banner-afogados-4.jpg?fit=369%2C137&ssl=1","contentUrl":"https:\/\/i0.wp.com\/afogadosfm.com.br\/afogadosfm\/wp-content\/uploads\/2020\/06\/cropped-banner-afogados-4.jpg?fit=369%2C137&ssl=1","width":369,"height":137,"caption":"Afogados FM"},"image":{"@id":"https:\/\/afogadosfm.com.br\/afogadosfm\/#\/schema\/logo\/image\/"}},{"@type":"Person","@id":"https:\/\/afogadosfm.com.br\/afogadosfm\/#\/schema\/person\/60e56f2cf5dc960fc093fe093d9e9057","name":"afogadosfm","image":{"@type":"ImageObject","inLanguage":"pt-BR","@id":"https:\/\/secure.gravatar.com\/avatar\/e0359add7ed5dc3560906d861b52c6a8cf5c1e199d3a7dd85070998f49bd4701?s=96&d=mm&r=g","url":"https:\/\/secure.gravatar.com\/avatar\/e0359add7ed5dc3560906d861b52c6a8cf5c1e199d3a7dd85070998f49bd4701?s=96&d=mm&r=g","contentUrl":"https:\/\/secure.gravatar.com\/avatar\/e0359add7ed5dc3560906d861b52c6a8cf5c1e199d3a7dd85070998f49bd4701?s=96&d=mm&r=g","caption":"afogadosfm"},"url":"https:\/\/afogadosfm.com.br\/afogadosfm\/author\/afogadosfm\/"}]}},"jetpack_publicize_connections":[],"jetpack_featured_media_url":"https:\/\/i0.wp.com\/afogadosfm.com.br\/afogadosfm\/wp-content\/uploads\/2025\/09\/fe15780b-73d5-4861-bfa3-1647b6baa92e.jpeg?fit=680%2C451&ssl=1","jetpack-related-posts":[],"jetpack_sharing_enabled":true,"jetpack_likes_enabled":true,"_links":{"self":[{"href":"https:\/\/afogadosfm.com.br\/afogadosfm\/wp-json\/wp\/v2\/posts\/68846","targetHints":{"allow":["GET"]}}],"collection":[{"href":"https:\/\/afogadosfm.com.br\/afogadosfm\/wp-json\/wp\/v2\/posts"}],"about":[{"href":"https:\/\/afogadosfm.com.br\/afogadosfm\/wp-json\/wp\/v2\/types\/post"}],"author":[{"embeddable":true,"href":"https:\/\/afogadosfm.com.br\/afogadosfm\/wp-json\/wp\/v2\/users\/2"}],"replies":[{"embeddable":true,"href":"https:\/\/afogadosfm.com.br\/afogadosfm\/wp-json\/wp\/v2\/comments?post=68846"}],"version-history":[{"count":1,"href":"https:\/\/afogadosfm.com.br\/afogadosfm\/wp-json\/wp\/v2\/posts\/68846\/revisions"}],"predecessor-version":[{"id":68848,"href":"https:\/\/afogadosfm.com.br\/afogadosfm\/wp-json\/wp\/v2\/posts\/68846\/revisions\/68848"}],"wp:featuredmedia":[{"embeddable":true,"href":"https:\/\/afogadosfm.com.br\/afogadosfm\/wp-json\/wp\/v2\/media\/68847"}],"wp:attachment":[{"href":"https:\/\/afogadosfm.com.br\/afogadosfm\/wp-json\/wp\/v2\/media?parent=68846"}],"wp:term":[{"taxonomy":"category","embeddable":true,"href":"https:\/\/afogadosfm.com.br\/afogadosfm\/wp-json\/wp\/v2\/categories?post=68846"},{"taxonomy":"post_tag","embeddable":true,"href":"https:\/\/afogadosfm.com.br\/afogadosfm\/wp-json\/wp\/v2\/tags?post=68846"}],"curies":[{"name":"wp","href":"https:\/\/api.w.org\/{rel}","templated":true}]}}