{"id":68851,"date":"2025-09-07T03:45:00","date_gmt":"2025-09-07T06:45:00","guid":{"rendered":"https:\/\/afogadosfm.com.br\/afogadosfm\/?p=68851"},"modified":"2025-09-08T03:47:56","modified_gmt":"2025-09-08T06:47:56","slug":"ladra-e-detida-no-patio-de-eventos-apos-furtar-celular-e-esconder-na-calcinha","status":"publish","type":"post","link":"https:\/\/afogadosfm.com.br\/afogadosfm\/2025\/09\/07\/ladra-e-detida-no-patio-de-eventos-apos-furtar-celular-e-esconder-na-calcinha\/","title":{"rendered":"Ladra \u00e9 detida no P\u00e1tio de Eventos ap\u00f3s furtar celular e esconder na calcinha"},"content":{"rendered":"\n<p>Na madrugada deste s\u00e1bado (6), no P\u00e1tio de Eventos de Serra Talhada, um mulher foi detida pela Pol\u00edcia Militar ap\u00f3s furtar um Iphone 15 de um homem. Segundo informa\u00e7\u00f5es da pol\u00edcia, quando o homem se dirigia para um hotel, onde est\u00e1 hospedado, a mulher se aproximou e iniciou uma conversa com detalhes \u00edntimos, como se j\u00e1 conhecesse o propriet\u00e1rio do aparelho.<\/p>\n\n\n\n<p>Ainda de acordo com o boletim de ocorr\u00eancia, a mulher aproveitou a distra\u00e7\u00e3o da v\u00edtima e retirou o celular do seu bolso.<\/p>\n\n\n\n<p>Por\u00e9m, ao perceber o furto, a v\u00edtima passou a questionar a imputada e a confus\u00e3o foi dobrada: para n\u00e3o devolver o iphone, a mulher apanhou uma pedra paralelep\u00edpedo e passou a fazer amea\u00e7as contra o dono do aparelho. Quando o efetivo policial se deslocou at\u00e9 o local, ainda visualizou a ladra com a pedra, e o celular visivelmente escondido em sua calcinha.<\/p>\n\n\n\n<p>A mulher estava muito agitada e se recusava a entregar o aparelho, quando foi solicitado o apoio de uma policial feminina, que realizou a abordagem e recuperou o objeto furtado.<\/p>\n\n\n\n<p>Diante os fatos, as partes envolvidas compareceram a Delegacia de Pol\u00edcia, no bairro AABB, para as provid\u00eancias cab\u00edveis.<\/p>\n\n\n\n<p>Farol de Not\u00edcias<\/p>\n","protected":false},"excerpt":{"rendered":"<p>Na madrugada deste s\u00e1bado (6), no P\u00e1tio de Eventos de Serra Talhada, um mulher foi detida pela Pol\u00edcia Militar ap\u00f3s<\/p>\n","protected":false},"author":2,"featured_media":37147,"comment_status":"open","ping_status":"open","sticky":false,"template":"","format":"standard","meta":{"jetpack_post_was_ever_published":false,"_jetpack_newsletter_access":"","_jetpack_dont_email_post_to_subs":false,"_jetpack_newsletter_tier_id":0,"_jetpack_memberships_contains_paywalled_content":false,"_jetpack_memberships_contains_paid_content":false,"footnotes":"","jetpack_publicize_message":"","jetpack_publicize_feature_enabled":true,"jetpack_social_post_already_shared":true,"jetpack_social_options":{"image_generator_settings":{"template":"highway","default_image_id":0,"font":"","enabled":false},"version":2}},"categories":[34],"tags":[],"class_list":["post-68851","post","type-post","status-publish","format-standard","has-post-thumbnail","hentry","category-policia"],"yoast_head":"<!-- This site is optimized with the Yoast SEO plugin v27.5 - https:\/\/yoast.com\/product\/yoast-seo-wordpress\/ -->\n<title>Ladra \u00e9 detida no P\u00e1tio de Eventos ap\u00f3s furtar celular e esconder na calcinha - Afogados FM<\/title>\n<meta name=\"robots\" content=\"index, follow, max-snippet:-1, max-image-preview:large, max-video-preview:-1\" \/>\n<link rel=\"canonical\" href=\"https:\/\/afogadosfm.com.br\/afogadosfm\/2025\/09\/07\/ladra-e-detida-no-patio-de-eventos-apos-furtar-celular-e-esconder-na-calcinha\/\" \/>\n<meta property=\"og:locale\" content=\"pt_BR\" \/>\n<meta property=\"og:type\" content=\"article\" \/>\n<meta property=\"og:title\" content=\"Ladra \u00e9 detida no P\u00e1tio de Eventos ap\u00f3s furtar celular e esconder na calcinha - Afogados FM\" \/>\n<meta property=\"og:description\" content=\"Na madrugada deste s\u00e1bado (6), no P\u00e1tio de Eventos de Serra Talhada, um mulher foi detida pela Pol\u00edcia Militar ap\u00f3s\" \/>\n<meta property=\"og:url\" content=\"https:\/\/afogadosfm.com.br\/afogadosfm\/2025\/09\/07\/ladra-e-detida-no-patio-de-eventos-apos-furtar-celular-e-esconder-na-calcinha\/\" \/>\n<meta property=\"og:site_name\" content=\"Afogados FM\" \/>\n<meta property=\"article:published_time\" content=\"2025-09-07T06:45:00+00:00\" \/>\n<meta property=\"article:modified_time\" content=\"2025-09-08T06:47:56+00:00\" \/>\n<meta property=\"og:image\" content=\"https:\/\/afogadosfm.com.br\/afogadosfm\/wp-content\/uploads\/2022\/04\/policia1.jpg\" \/>\n\t<meta property=\"og:image:width\" content=\"368\" \/>\n\t<meta property=\"og:image:height\" content=\"243\" \/>\n\t<meta property=\"og:image:type\" content=\"image\/jpeg\" \/>\n<meta name=\"author\" content=\"afogadosfm\" \/>\n<meta name=\"twitter:card\" content=\"summary_large_image\" \/>\n<meta name=\"twitter:label1\" content=\"Escrito por\" \/>\n\t<meta name=\"twitter:data1\" content=\"afogadosfm\" \/>\n\t<meta name=\"twitter:label2\" content=\"Est. tempo de leitura\" \/>\n\t<meta name=\"twitter:data2\" content=\"2 minutos\" \/>\n<script type=\"application\/ld+json\" class=\"yoast-schema-graph\">{\"@context\":\"https:\\\/\\\/schema.org\",\"@graph\":[{\"@type\":\"Article\",\"@id\":\"https:\\\/\\\/afogadosfm.com.br\\\/afogadosfm\\\/2025\\\/09\\\/07\\\/ladra-e-detida-no-patio-de-eventos-apos-furtar-celular-e-esconder-na-calcinha\\\/#article\",\"isPartOf\":{\"@id\":\"https:\\\/\\\/afogadosfm.com.br\\\/afogadosfm\\\/2025\\\/09\\\/07\\\/ladra-e-detida-no-patio-de-eventos-apos-furtar-celular-e-esconder-na-calcinha\\\/\"},\"author\":{\"name\":\"afogadosfm\",\"@id\":\"https:\\\/\\\/afogadosfm.com.br\\\/afogadosfm\\\/#\\\/schema\\\/person\\\/60e56f2cf5dc960fc093fe093d9e9057\"},\"headline\":\"Ladra \u00e9 detida no P\u00e1tio de Eventos ap\u00f3s furtar celular e esconder na calcinha\",\"datePublished\":\"2025-09-07T06:45:00+00:00\",\"dateModified\":\"2025-09-08T06:47:56+00:00\",\"mainEntityOfPage\":{\"@id\":\"https:\\\/\\\/afogadosfm.com.br\\\/afogadosfm\\\/2025\\\/09\\\/07\\\/ladra-e-detida-no-patio-de-eventos-apos-furtar-celular-e-esconder-na-calcinha\\\/\"},\"wordCount\":229,\"commentCount\":0,\"publisher\":{\"@id\":\"https:\\\/\\\/afogadosfm.com.br\\\/afogadosfm\\\/#organization\"},\"image\":{\"@id\":\"https:\\\/\\\/afogadosfm.com.br\\\/afogadosfm\\\/2025\\\/09\\\/07\\\/ladra-e-detida-no-patio-de-eventos-apos-furtar-celular-e-esconder-na-calcinha\\\/#primaryimage\"},\"thumbnailUrl\":\"https:\\\/\\\/i0.wp.com\\\/afogadosfm.com.br\\\/afogadosfm\\\/wp-content\\\/uploads\\\/2022\\\/04\\\/policia1.jpg?fit=368%2C243&ssl=1\",\"articleSection\":[\"Pol\u00edcia\"],\"inLanguage\":\"pt-BR\",\"potentialAction\":[{\"@type\":\"CommentAction\",\"name\":\"Comment\",\"target\":[\"https:\\\/\\\/afogadosfm.com.br\\\/afogadosfm\\\/2025\\\/09\\\/07\\\/ladra-e-detida-no-patio-de-eventos-apos-furtar-celular-e-esconder-na-calcinha\\\/#respond\"]}]},{\"@type\":\"WebPage\",\"@id\":\"https:\\\/\\\/afogadosfm.com.br\\\/afogadosfm\\\/2025\\\/09\\\/07\\\/ladra-e-detida-no-patio-de-eventos-apos-furtar-celular-e-esconder-na-calcinha\\\/\",\"url\":\"https:\\\/\\\/afogadosfm.com.br\\\/afogadosfm\\\/2025\\\/09\\\/07\\\/ladra-e-detida-no-patio-de-eventos-apos-furtar-celular-e-esconder-na-calcinha\\\/\",\"name\":\"Ladra \u00e9 detida no P\u00e1tio de Eventos ap\u00f3s furtar celular e esconder na calcinha - Afogados FM\",\"isPartOf\":{\"@id\":\"https:\\\/\\\/afogadosfm.com.br\\\/afogadosfm\\\/#website\"},\"primaryImageOfPage\":{\"@id\":\"https:\\\/\\\/afogadosfm.com.br\\\/afogadosfm\\\/2025\\\/09\\\/07\\\/ladra-e-detida-no-patio-de-eventos-apos-furtar-celular-e-esconder-na-calcinha\\\/#primaryimage\"},\"image\":{\"@id\":\"https:\\\/\\\/afogadosfm.com.br\\\/afogadosfm\\\/2025\\\/09\\\/07\\\/ladra-e-detida-no-patio-de-eventos-apos-furtar-celular-e-esconder-na-calcinha\\\/#primaryimage\"},\"thumbnailUrl\":\"https:\\\/\\\/i0.wp.com\\\/afogadosfm.com.br\\\/afogadosfm\\\/wp-content\\\/uploads\\\/2022\\\/04\\\/policia1.jpg?fit=368%2C243&ssl=1\",\"datePublished\":\"2025-09-07T06:45:00+00:00\",\"dateModified\":\"2025-09-08T06:47:56+00:00\",\"breadcrumb\":{\"@id\":\"https:\\\/\\\/afogadosfm.com.br\\\/afogadosfm\\\/2025\\\/09\\\/07\\\/ladra-e-detida-no-patio-de-eventos-apos-furtar-celular-e-esconder-na-calcinha\\\/#breadcrumb\"},\"inLanguage\":\"pt-BR\",\"potentialAction\":[{\"@type\":\"ReadAction\",\"target\":[\"https:\\\/\\\/afogadosfm.com.br\\\/afogadosfm\\\/2025\\\/09\\\/07\\\/ladra-e-detida-no-patio-de-eventos-apos-furtar-celular-e-esconder-na-calcinha\\\/\"]}]},{\"@type\":\"ImageObject\",\"inLanguage\":\"pt-BR\",\"@id\":\"https:\\\/\\\/afogadosfm.com.br\\\/afogadosfm\\\/2025\\\/09\\\/07\\\/ladra-e-detida-no-patio-de-eventos-apos-furtar-celular-e-esconder-na-calcinha\\\/#primaryimage\",\"url\":\"https:\\\/\\\/i0.wp.com\\\/afogadosfm.com.br\\\/afogadosfm\\\/wp-content\\\/uploads\\\/2022\\\/04\\\/policia1.jpg?fit=368%2C243&ssl=1\",\"contentUrl\":\"https:\\\/\\\/i0.wp.com\\\/afogadosfm.com.br\\\/afogadosfm\\\/wp-content\\\/uploads\\\/2022\\\/04\\\/policia1.jpg?fit=368%2C243&ssl=1\",\"width\":368,\"height\":243},{\"@type\":\"BreadcrumbList\",\"@id\":\"https:\\\/\\\/afogadosfm.com.br\\\/afogadosfm\\\/2025\\\/09\\\/07\\\/ladra-e-detida-no-patio-de-eventos-apos-furtar-celular-e-esconder-na-calcinha\\\/#breadcrumb\",\"itemListElement\":[{\"@type\":\"ListItem\",\"position\":1,\"name\":\"In\u00edcio\",\"item\":\"https:\\\/\\\/afogadosfm.com.br\\\/afogadosfm\\\/\"},{\"@type\":\"ListItem\",\"position\":2,\"name\":\"Ladra \u00e9 detida no P\u00e1tio de Eventos ap\u00f3s furtar celular e esconder na calcinha\"}]},{\"@type\":\"WebSite\",\"@id\":\"https:\\\/\\\/afogadosfm.com.br\\\/afogadosfm\\\/#website\",\"url\":\"https:\\\/\\\/afogadosfm.com.br\\\/afogadosfm\\\/\",\"name\":\"Afogados FM\",\"description\":\"Um site completo!\",\"publisher\":{\"@id\":\"https:\\\/\\\/afogadosfm.com.br\\\/afogadosfm\\\/#organization\"},\"potentialAction\":[{\"@type\":\"SearchAction\",\"target\":{\"@type\":\"EntryPoint\",\"urlTemplate\":\"https:\\\/\\\/afogadosfm.com.br\\\/afogadosfm\\\/?s={search_term_string}\"},\"query-input\":{\"@type\":\"PropertyValueSpecification\",\"valueRequired\":true,\"valueName\":\"search_term_string\"}}],\"inLanguage\":\"pt-BR\"},{\"@type\":\"Organization\",\"@id\":\"https:\\\/\\\/afogadosfm.com.br\\\/afogadosfm\\\/#organization\",\"name\":\"Afogados FM\",\"url\":\"https:\\\/\\\/afogadosfm.com.br\\\/afogadosfm\\\/\",\"logo\":{\"@type\":\"ImageObject\",\"inLanguage\":\"pt-BR\",\"@id\":\"https:\\\/\\\/afogadosfm.com.br\\\/afogadosfm\\\/#\\\/schema\\\/logo\\\/image\\\/\",\"url\":\"https:\\\/\\\/i0.wp.com\\\/afogadosfm.com.br\\\/afogadosfm\\\/wp-content\\\/uploads\\\/2020\\\/06\\\/cropped-banner-afogados-4.jpg?fit=369%2C137&ssl=1\",\"contentUrl\":\"https:\\\/\\\/i0.wp.com\\\/afogadosfm.com.br\\\/afogadosfm\\\/wp-content\\\/uploads\\\/2020\\\/06\\\/cropped-banner-afogados-4.jpg?fit=369%2C137&ssl=1\",\"width\":369,\"height\":137,\"caption\":\"Afogados FM\"},\"image\":{\"@id\":\"https:\\\/\\\/afogadosfm.com.br\\\/afogadosfm\\\/#\\\/schema\\\/logo\\\/image\\\/\"}},{\"@type\":\"Person\",\"@id\":\"https:\\\/\\\/afogadosfm.com.br\\\/afogadosfm\\\/#\\\/schema\\\/person\\\/60e56f2cf5dc960fc093fe093d9e9057\",\"name\":\"afogadosfm\",\"image\":{\"@type\":\"ImageObject\",\"inLanguage\":\"pt-BR\",\"@id\":\"https:\\\/\\\/secure.gravatar.com\\\/avatar\\\/e0359add7ed5dc3560906d861b52c6a8cf5c1e199d3a7dd85070998f49bd4701?s=96&d=mm&r=g\",\"url\":\"https:\\\/\\\/secure.gravatar.com\\\/avatar\\\/e0359add7ed5dc3560906d861b52c6a8cf5c1e199d3a7dd85070998f49bd4701?s=96&d=mm&r=g\",\"contentUrl\":\"https:\\\/\\\/secure.gravatar.com\\\/avatar\\\/e0359add7ed5dc3560906d861b52c6a8cf5c1e199d3a7dd85070998f49bd4701?s=96&d=mm&r=g\",\"caption\":\"afogadosfm\"},\"url\":\"https:\\\/\\\/afogadosfm.com.br\\\/afogadosfm\\\/author\\\/afogadosfm\\\/\"}]}<\/script>\n<!-- \/ Yoast SEO plugin. -->","yoast_head_json":{"title":"Ladra \u00e9 detida no P\u00e1tio de Eventos ap\u00f3s furtar celular e esconder na calcinha - Afogados FM","robots":{"index":"index","follow":"follow","max-snippet":"max-snippet:-1","max-image-preview":"max-image-preview:large","max-video-preview":"max-video-preview:-1"},"canonical":"https:\/\/afogadosfm.com.br\/afogadosfm\/2025\/09\/07\/ladra-e-detida-no-patio-de-eventos-apos-furtar-celular-e-esconder-na-calcinha\/","og_locale":"pt_BR","og_type":"article","og_title":"Ladra \u00e9 detida no P\u00e1tio de Eventos ap\u00f3s furtar celular e esconder na calcinha - Afogados FM","og_description":"Na madrugada deste s\u00e1bado (6), no P\u00e1tio de Eventos de Serra Talhada, um mulher foi detida pela Pol\u00edcia Militar ap\u00f3s","og_url":"https:\/\/afogadosfm.com.br\/afogadosfm\/2025\/09\/07\/ladra-e-detida-no-patio-de-eventos-apos-furtar-celular-e-esconder-na-calcinha\/","og_site_name":"Afogados FM","article_published_time":"2025-09-07T06:45:00+00:00","article_modified_time":"2025-09-08T06:47:56+00:00","og_image":[{"width":368,"height":243,"url":"https:\/\/afogadosfm.com.br\/afogadosfm\/wp-content\/uploads\/2022\/04\/policia1.jpg","type":"image\/jpeg"}],"author":"afogadosfm","twitter_card":"summary_large_image","twitter_misc":{"Escrito por":"afogadosfm","Est. tempo de leitura":"2 minutos"},"schema":{"@context":"https:\/\/schema.org","@graph":[{"@type":"Article","@id":"https:\/\/afogadosfm.com.br\/afogadosfm\/2025\/09\/07\/ladra-e-detida-no-patio-de-eventos-apos-furtar-celular-e-esconder-na-calcinha\/#article","isPartOf":{"@id":"https:\/\/afogadosfm.com.br\/afogadosfm\/2025\/09\/07\/ladra-e-detida-no-patio-de-eventos-apos-furtar-celular-e-esconder-na-calcinha\/"},"author":{"name":"afogadosfm","@id":"https:\/\/afogadosfm.com.br\/afogadosfm\/#\/schema\/person\/60e56f2cf5dc960fc093fe093d9e9057"},"headline":"Ladra \u00e9 detida no P\u00e1tio de Eventos ap\u00f3s furtar celular e esconder na calcinha","datePublished":"2025-09-07T06:45:00+00:00","dateModified":"2025-09-08T06:47:56+00:00","mainEntityOfPage":{"@id":"https:\/\/afogadosfm.com.br\/afogadosfm\/2025\/09\/07\/ladra-e-detida-no-patio-de-eventos-apos-furtar-celular-e-esconder-na-calcinha\/"},"wordCount":229,"commentCount":0,"publisher":{"@id":"https:\/\/afogadosfm.com.br\/afogadosfm\/#organization"},"image":{"@id":"https:\/\/afogadosfm.com.br\/afogadosfm\/2025\/09\/07\/ladra-e-detida-no-patio-de-eventos-apos-furtar-celular-e-esconder-na-calcinha\/#primaryimage"},"thumbnailUrl":"https:\/\/i0.wp.com\/afogadosfm.com.br\/afogadosfm\/wp-content\/uploads\/2022\/04\/policia1.jpg?fit=368%2C243&ssl=1","articleSection":["Pol\u00edcia"],"inLanguage":"pt-BR","potentialAction":[{"@type":"CommentAction","name":"Comment","target":["https:\/\/afogadosfm.com.br\/afogadosfm\/2025\/09\/07\/ladra-e-detida-no-patio-de-eventos-apos-furtar-celular-e-esconder-na-calcinha\/#respond"]}]},{"@type":"WebPage","@id":"https:\/\/afogadosfm.com.br\/afogadosfm\/2025\/09\/07\/ladra-e-detida-no-patio-de-eventos-apos-furtar-celular-e-esconder-na-calcinha\/","url":"https:\/\/afogadosfm.com.br\/afogadosfm\/2025\/09\/07\/ladra-e-detida-no-patio-de-eventos-apos-furtar-celular-e-esconder-na-calcinha\/","name":"Ladra \u00e9 detida no P\u00e1tio de Eventos ap\u00f3s furtar celular e esconder na calcinha - Afogados FM","isPartOf":{"@id":"https:\/\/afogadosfm.com.br\/afogadosfm\/#website"},"primaryImageOfPage":{"@id":"https:\/\/afogadosfm.com.br\/afogadosfm\/2025\/09\/07\/ladra-e-detida-no-patio-de-eventos-apos-furtar-celular-e-esconder-na-calcinha\/#primaryimage"},"image":{"@id":"https:\/\/afogadosfm.com.br\/afogadosfm\/2025\/09\/07\/ladra-e-detida-no-patio-de-eventos-apos-furtar-celular-e-esconder-na-calcinha\/#primaryimage"},"thumbnailUrl":"https:\/\/i0.wp.com\/afogadosfm.com.br\/afogadosfm\/wp-content\/uploads\/2022\/04\/policia1.jpg?fit=368%2C243&ssl=1","datePublished":"2025-09-07T06:45:00+00:00","dateModified":"2025-09-08T06:47:56+00:00","breadcrumb":{"@id":"https:\/\/afogadosfm.com.br\/afogadosfm\/2025\/09\/07\/ladra-e-detida-no-patio-de-eventos-apos-furtar-celular-e-esconder-na-calcinha\/#breadcrumb"},"inLanguage":"pt-BR","potentialAction":[{"@type":"ReadAction","target":["https:\/\/afogadosfm.com.br\/afogadosfm\/2025\/09\/07\/ladra-e-detida-no-patio-de-eventos-apos-furtar-celular-e-esconder-na-calcinha\/"]}]},{"@type":"ImageObject","inLanguage":"pt-BR","@id":"https:\/\/afogadosfm.com.br\/afogadosfm\/2025\/09\/07\/ladra-e-detida-no-patio-de-eventos-apos-furtar-celular-e-esconder-na-calcinha\/#primaryimage","url":"https:\/\/i0.wp.com\/afogadosfm.com.br\/afogadosfm\/wp-content\/uploads\/2022\/04\/policia1.jpg?fit=368%2C243&ssl=1","contentUrl":"https:\/\/i0.wp.com\/afogadosfm.com.br\/afogadosfm\/wp-content\/uploads\/2022\/04\/policia1.jpg?fit=368%2C243&ssl=1","width":368,"height":243},{"@type":"BreadcrumbList","@id":"https:\/\/afogadosfm.com.br\/afogadosfm\/2025\/09\/07\/ladra-e-detida-no-patio-de-eventos-apos-furtar-celular-e-esconder-na-calcinha\/#breadcrumb","itemListElement":[{"@type":"ListItem","position":1,"name":"In\u00edcio","item":"https:\/\/afogadosfm.com.br\/afogadosfm\/"},{"@type":"ListItem","position":2,"name":"Ladra \u00e9 detida no P\u00e1tio de Eventos ap\u00f3s furtar celular e esconder na calcinha"}]},{"@type":"WebSite","@id":"https:\/\/afogadosfm.com.br\/afogadosfm\/#website","url":"https:\/\/afogadosfm.com.br\/afogadosfm\/","name":"Afogados FM","description":"Um site completo!","publisher":{"@id":"https:\/\/afogadosfm.com.br\/afogadosfm\/#organization"},"potentialAction":[{"@type":"SearchAction","target":{"@type":"EntryPoint","urlTemplate":"https:\/\/afogadosfm.com.br\/afogadosfm\/?s={search_term_string}"},"query-input":{"@type":"PropertyValueSpecification","valueRequired":true,"valueName":"search_term_string"}}],"inLanguage":"pt-BR"},{"@type":"Organization","@id":"https:\/\/afogadosfm.com.br\/afogadosfm\/#organization","name":"Afogados FM","url":"https:\/\/afogadosfm.com.br\/afogadosfm\/","logo":{"@type":"ImageObject","inLanguage":"pt-BR","@id":"https:\/\/afogadosfm.com.br\/afogadosfm\/#\/schema\/logo\/image\/","url":"https:\/\/i0.wp.com\/afogadosfm.com.br\/afogadosfm\/wp-content\/uploads\/2020\/06\/cropped-banner-afogados-4.jpg?fit=369%2C137&ssl=1","contentUrl":"https:\/\/i0.wp.com\/afogadosfm.com.br\/afogadosfm\/wp-content\/uploads\/2020\/06\/cropped-banner-afogados-4.jpg?fit=369%2C137&ssl=1","width":369,"height":137,"caption":"Afogados FM"},"image":{"@id":"https:\/\/afogadosfm.com.br\/afogadosfm\/#\/schema\/logo\/image\/"}},{"@type":"Person","@id":"https:\/\/afogadosfm.com.br\/afogadosfm\/#\/schema\/person\/60e56f2cf5dc960fc093fe093d9e9057","name":"afogadosfm","image":{"@type":"ImageObject","inLanguage":"pt-BR","@id":"https:\/\/secure.gravatar.com\/avatar\/e0359add7ed5dc3560906d861b52c6a8cf5c1e199d3a7dd85070998f49bd4701?s=96&d=mm&r=g","url":"https:\/\/secure.gravatar.com\/avatar\/e0359add7ed5dc3560906d861b52c6a8cf5c1e199d3a7dd85070998f49bd4701?s=96&d=mm&r=g","contentUrl":"https:\/\/secure.gravatar.com\/avatar\/e0359add7ed5dc3560906d861b52c6a8cf5c1e199d3a7dd85070998f49bd4701?s=96&d=mm&r=g","caption":"afogadosfm"},"url":"https:\/\/afogadosfm.com.br\/afogadosfm\/author\/afogadosfm\/"}]}},"jetpack_publicize_connections":[],"jetpack_featured_media_url":"https:\/\/i0.wp.com\/afogadosfm.com.br\/afogadosfm\/wp-content\/uploads\/2022\/04\/policia1.jpg?fit=368%2C243&ssl=1","jetpack-related-posts":[],"jetpack_sharing_enabled":true,"jetpack_likes_enabled":true,"_links":{"self":[{"href":"https:\/\/afogadosfm.com.br\/afogadosfm\/wp-json\/wp\/v2\/posts\/68851","targetHints":{"allow":["GET"]}}],"collection":[{"href":"https:\/\/afogadosfm.com.br\/afogadosfm\/wp-json\/wp\/v2\/posts"}],"about":[{"href":"https:\/\/afogadosfm.com.br\/afogadosfm\/wp-json\/wp\/v2\/types\/post"}],"author":[{"embeddable":true,"href":"https:\/\/afogadosfm.com.br\/afogadosfm\/wp-json\/wp\/v2\/users\/2"}],"replies":[{"embeddable":true,"href":"https:\/\/afogadosfm.com.br\/afogadosfm\/wp-json\/wp\/v2\/comments?post=68851"}],"version-history":[{"count":1,"href":"https:\/\/afogadosfm.com.br\/afogadosfm\/wp-json\/wp\/v2\/posts\/68851\/revisions"}],"predecessor-version":[{"id":68852,"href":"https:\/\/afogadosfm.com.br\/afogadosfm\/wp-json\/wp\/v2\/posts\/68851\/revisions\/68852"}],"wp:featuredmedia":[{"embeddable":true,"href":"https:\/\/afogadosfm.com.br\/afogadosfm\/wp-json\/wp\/v2\/media\/37147"}],"wp:attachment":[{"href":"https:\/\/afogadosfm.com.br\/afogadosfm\/wp-json\/wp\/v2\/media?parent=68851"}],"wp:term":[{"taxonomy":"category","embeddable":true,"href":"https:\/\/afogadosfm.com.br\/afogadosfm\/wp-json\/wp\/v2\/categories?post=68851"},{"taxonomy":"post_tag","embeddable":true,"href":"https:\/\/afogadosfm.com.br\/afogadosfm\/wp-json\/wp\/v2\/tags?post=68851"}],"curies":[{"name":"wp","href":"https:\/\/api.w.org\/{rel}","templated":true}]}}