{"id":68856,"date":"2025-09-07T03:49:00","date_gmt":"2025-09-07T06:49:00","guid":{"rendered":"https:\/\/afogadosfm.com.br\/afogadosfm\/?p=68856"},"modified":"2025-09-08T03:51:16","modified_gmt":"2025-09-08T06:51:16","slug":"silas-malafaia-diz-que-moraes-promove-perseguicao-religiosa-contra-ele","status":"publish","type":"post","link":"https:\/\/afogadosfm.com.br\/afogadosfm\/2025\/09\/07\/silas-malafaia-diz-que-moraes-promove-perseguicao-religiosa-contra-ele\/","title":{"rendered":"Silas Malafaia diz que Moraes promove persegui\u00e7\u00e3o religiosa contra ele"},"content":{"rendered":"\n<p>Em discurso na Avenida Paulista em um ato em defesa do ex-presidente Jair Bolsonaro neste domingo, 7, o pastor Silas Malafaia criticou o ministro do Supremo Tribunal Federal (STF) Alexandre de Moraes por t\u00ea-lo inclu\u00eddo como investigado em um inqu\u00e9rito sobre obstru\u00e7\u00e3o do andamento da a\u00e7\u00e3o penal da trama golpista e disse ser alvo de &#8220;persegui\u00e7\u00e3o religiosa&#8221; pelo ministro.<\/p>\n\n\n\n<p>Malafaia reclamou da apreens\u00e3o de seus cadernos na a\u00e7\u00e3o da Pol\u00edcia Federal deflagrada contra ele no dia 20 de agosto e atribuiu a a\u00e7\u00e3o a essa suposta persegui\u00e7\u00e3o. &#8220;Meus cadernos s\u00e3o minha ferramenta de trabalho. Alexandre de Moraes, voc\u00ea n\u00e3o promove apenas persegui\u00e7\u00e3o pol\u00edtica. Religiosa tamb\u00e9m&#8221;, discursou.<\/p>\n\n\n\n<p>O pastor tamb\u00e9m reclamou da apreens\u00e3o do seu passaporte, o que classificou de &#8220;intimida\u00e7\u00e3o&#8221;, e da divulga\u00e7\u00e3o dos seus di\u00e1logos com o ex-presidente Jair Bolsonaro. Disse que essa divulga\u00e7\u00e3o teve o objetivo de prejudicar sua reputa\u00e7\u00e3o. &#8220;De fato, de vez em quando eu falei uns neg\u00f3cios indevidos, eu reconhe\u00e7o. Mas \u00e9 melhor falar uma coisa indevida do que destruir a democracia brasileira. A\u00ed o que ele (Moraes) faz: ele libera isso, pra denegrir a minha imagem diante da opini\u00e3o p\u00fablica brasileira e da opini\u00e3o p\u00fablica evang\u00e9lica&#8221;, afirmou.<\/p>\n\n\n\n<p>Malafaia tamb\u00e9m disse que ele costuma enviar seus v\u00eddeos para quatro ministros do STF e que a an\u00e1lise do seu celular apreendido pela Pol\u00edcia Federal vai mostrar isso. &#8220;Vaza que os v\u00eddeos que eu publico eu mando pra quatro ministros do STF, no telefone direto deles. Vaza que os ministros est\u00e3o recebendo os meus v\u00eddeos. Est\u00e3o em conluio comigo? Prevaricaram? Claro que n\u00e3o&#8221;, disse.<\/p>\n\n\n\n<p>O pastor ainda criticou a condu\u00e7\u00e3o da a\u00e7\u00e3o penal da trama golpista contra Jair Bolsonaro e disse que n\u00e3o h\u00e1 provas de que o ex-presidente tentou colocar em pr\u00e1tica qualquer a\u00e7\u00e3o golpista<\/p>\n\n\n\n<p><strong>&#8216;Calem a boca&#8217;<\/strong><br>Ao lado do governador de S\u00e3o Paulo, Tarc\u00edsio de Freitas (Republicanos), e da ex-primeira-dama Michelle Bolsonaro (PL), que s\u00e3o cotados como poss\u00edveis candidatos presidenciais em 2026, Malafaia criticou a discuss\u00e3o de nomes da direita para substituir Jair Bolsonaro na disputa presidencial e lembrou que o presidente Luiz In\u00e1cio Lula da Silva manteve sua candidatura at\u00e9 o \u00faltimo dia quando estava preso por causa da Lava Jato, em 2018.<\/p>\n\n\n\n<p>&#8220;Nenhum filho de Bolsonaro nem ningu\u00e9m da direita tem que dizer: se Bolsonaro n\u00e3o for candidato, eu estou aqui. Isso \u00e9 imaturidade pol\u00edtica. Eu vou avivar a mem\u00f3ria aqui. Lula na cadeia um dia antes do prazo final da candidatura pelo TSE na elei\u00e7\u00e3o de 2018. Um dia antes, ele indicou o (Fernando) Haddad, e tava na cadeia. Que papo \u00e9 esse de vir aqui dizer que A, B ou C \u00e9 candidato da direita. Calem a boca!&#8221;, afirmou.<\/p>\n\n\n\n<p>Do Estad\u00e3o<\/p>\n","protected":false},"excerpt":{"rendered":"<p>Em discurso na Avenida Paulista em um ato em defesa do ex-presidente Jair Bolsonaro neste domingo, 7, o pastor Silas<\/p>\n","protected":false},"author":2,"featured_media":43068,"comment_status":"open","ping_status":"open","sticky":false,"template":"","format":"standard","meta":{"jetpack_post_was_ever_published":false,"_jetpack_newsletter_access":"","_jetpack_dont_email_post_to_subs":false,"_jetpack_newsletter_tier_id":0,"_jetpack_memberships_contains_paywalled_content":false,"_jetpack_memberships_contains_paid_content":false,"footnotes":"","jetpack_publicize_message":"","jetpack_publicize_feature_enabled":true,"jetpack_social_post_already_shared":true,"jetpack_social_options":{"image_generator_settings":{"template":"highway","default_image_id":0,"font":"","enabled":false},"version":2}},"categories":[35],"tags":[],"class_list":["post-68856","post","type-post","status-publish","format-standard","has-post-thumbnail","hentry","category-politica"],"yoast_head":"<!-- This site is optimized with the Yoast SEO plugin v27.5 - https:\/\/yoast.com\/product\/yoast-seo-wordpress\/ -->\n<title>Silas Malafaia diz que Moraes promove persegui\u00e7\u00e3o religiosa contra ele - Afogados FM<\/title>\n<meta name=\"robots\" content=\"index, follow, max-snippet:-1, max-image-preview:large, max-video-preview:-1\" \/>\n<link rel=\"canonical\" href=\"https:\/\/afogadosfm.com.br\/afogadosfm\/2025\/09\/07\/silas-malafaia-diz-que-moraes-promove-perseguicao-religiosa-contra-ele\/\" \/>\n<meta property=\"og:locale\" content=\"pt_BR\" \/>\n<meta property=\"og:type\" content=\"article\" \/>\n<meta property=\"og:title\" content=\"Silas Malafaia diz que Moraes promove persegui\u00e7\u00e3o religiosa contra ele - Afogados FM\" \/>\n<meta property=\"og:description\" content=\"Em discurso na Avenida Paulista em um ato em defesa do ex-presidente Jair Bolsonaro neste domingo, 7, o pastor Silas\" \/>\n<meta property=\"og:url\" content=\"https:\/\/afogadosfm.com.br\/afogadosfm\/2025\/09\/07\/silas-malafaia-diz-que-moraes-promove-perseguicao-religiosa-contra-ele\/\" \/>\n<meta property=\"og:site_name\" content=\"Afogados FM\" \/>\n<meta property=\"article:published_time\" content=\"2025-09-07T06:49:00+00:00\" \/>\n<meta property=\"article:modified_time\" content=\"2025-09-08T06:51:16+00:00\" \/>\n<meta property=\"og:image\" content=\"https:\/\/afogadosfm.com.br\/afogadosfm\/wp-content\/uploads\/2022\/12\/silas.jpg\" \/>\n\t<meta property=\"og:image:width\" content=\"768\" \/>\n\t<meta property=\"og:image:height\" content=\"512\" \/>\n\t<meta property=\"og:image:type\" content=\"image\/jpeg\" \/>\n<meta name=\"author\" content=\"afogadosfm\" \/>\n<meta name=\"twitter:card\" content=\"summary_large_image\" \/>\n<meta name=\"twitter:label1\" content=\"Escrito por\" \/>\n\t<meta name=\"twitter:data1\" content=\"afogadosfm\" \/>\n\t<meta name=\"twitter:label2\" content=\"Est. tempo de leitura\" \/>\n\t<meta name=\"twitter:data2\" content=\"3 minutos\" \/>\n<script type=\"application\/ld+json\" class=\"yoast-schema-graph\">{\"@context\":\"https:\\\/\\\/schema.org\",\"@graph\":[{\"@type\":\"Article\",\"@id\":\"https:\\\/\\\/afogadosfm.com.br\\\/afogadosfm\\\/2025\\\/09\\\/07\\\/silas-malafaia-diz-que-moraes-promove-perseguicao-religiosa-contra-ele\\\/#article\",\"isPartOf\":{\"@id\":\"https:\\\/\\\/afogadosfm.com.br\\\/afogadosfm\\\/2025\\\/09\\\/07\\\/silas-malafaia-diz-que-moraes-promove-perseguicao-religiosa-contra-ele\\\/\"},\"author\":{\"name\":\"afogadosfm\",\"@id\":\"https:\\\/\\\/afogadosfm.com.br\\\/afogadosfm\\\/#\\\/schema\\\/person\\\/60e56f2cf5dc960fc093fe093d9e9057\"},\"headline\":\"Silas Malafaia diz que Moraes promove persegui\u00e7\u00e3o religiosa contra ele\",\"datePublished\":\"2025-09-07T06:49:00+00:00\",\"dateModified\":\"2025-09-08T06:51:16+00:00\",\"mainEntityOfPage\":{\"@id\":\"https:\\\/\\\/afogadosfm.com.br\\\/afogadosfm\\\/2025\\\/09\\\/07\\\/silas-malafaia-diz-que-moraes-promove-perseguicao-religiosa-contra-ele\\\/\"},\"wordCount\":499,\"commentCount\":0,\"publisher\":{\"@id\":\"https:\\\/\\\/afogadosfm.com.br\\\/afogadosfm\\\/#organization\"},\"image\":{\"@id\":\"https:\\\/\\\/afogadosfm.com.br\\\/afogadosfm\\\/2025\\\/09\\\/07\\\/silas-malafaia-diz-que-moraes-promove-perseguicao-religiosa-contra-ele\\\/#primaryimage\"},\"thumbnailUrl\":\"https:\\\/\\\/i0.wp.com\\\/afogadosfm.com.br\\\/afogadosfm\\\/wp-content\\\/uploads\\\/2022\\\/12\\\/silas.jpg?fit=768%2C512&ssl=1\",\"articleSection\":[\"Pol\u00edtica\"],\"inLanguage\":\"pt-BR\",\"potentialAction\":[{\"@type\":\"CommentAction\",\"name\":\"Comment\",\"target\":[\"https:\\\/\\\/afogadosfm.com.br\\\/afogadosfm\\\/2025\\\/09\\\/07\\\/silas-malafaia-diz-que-moraes-promove-perseguicao-religiosa-contra-ele\\\/#respond\"]}]},{\"@type\":\"WebPage\",\"@id\":\"https:\\\/\\\/afogadosfm.com.br\\\/afogadosfm\\\/2025\\\/09\\\/07\\\/silas-malafaia-diz-que-moraes-promove-perseguicao-religiosa-contra-ele\\\/\",\"url\":\"https:\\\/\\\/afogadosfm.com.br\\\/afogadosfm\\\/2025\\\/09\\\/07\\\/silas-malafaia-diz-que-moraes-promove-perseguicao-religiosa-contra-ele\\\/\",\"name\":\"Silas Malafaia diz que Moraes promove persegui\u00e7\u00e3o religiosa contra ele - Afogados FM\",\"isPartOf\":{\"@id\":\"https:\\\/\\\/afogadosfm.com.br\\\/afogadosfm\\\/#website\"},\"primaryImageOfPage\":{\"@id\":\"https:\\\/\\\/afogadosfm.com.br\\\/afogadosfm\\\/2025\\\/09\\\/07\\\/silas-malafaia-diz-que-moraes-promove-perseguicao-religiosa-contra-ele\\\/#primaryimage\"},\"image\":{\"@id\":\"https:\\\/\\\/afogadosfm.com.br\\\/afogadosfm\\\/2025\\\/09\\\/07\\\/silas-malafaia-diz-que-moraes-promove-perseguicao-religiosa-contra-ele\\\/#primaryimage\"},\"thumbnailUrl\":\"https:\\\/\\\/i0.wp.com\\\/afogadosfm.com.br\\\/afogadosfm\\\/wp-content\\\/uploads\\\/2022\\\/12\\\/silas.jpg?fit=768%2C512&ssl=1\",\"datePublished\":\"2025-09-07T06:49:00+00:00\",\"dateModified\":\"2025-09-08T06:51:16+00:00\",\"breadcrumb\":{\"@id\":\"https:\\\/\\\/afogadosfm.com.br\\\/afogadosfm\\\/2025\\\/09\\\/07\\\/silas-malafaia-diz-que-moraes-promove-perseguicao-religiosa-contra-ele\\\/#breadcrumb\"},\"inLanguage\":\"pt-BR\",\"potentialAction\":[{\"@type\":\"ReadAction\",\"target\":[\"https:\\\/\\\/afogadosfm.com.br\\\/afogadosfm\\\/2025\\\/09\\\/07\\\/silas-malafaia-diz-que-moraes-promove-perseguicao-religiosa-contra-ele\\\/\"]}]},{\"@type\":\"ImageObject\",\"inLanguage\":\"pt-BR\",\"@id\":\"https:\\\/\\\/afogadosfm.com.br\\\/afogadosfm\\\/2025\\\/09\\\/07\\\/silas-malafaia-diz-que-moraes-promove-perseguicao-religiosa-contra-ele\\\/#primaryimage\",\"url\":\"https:\\\/\\\/i0.wp.com\\\/afogadosfm.com.br\\\/afogadosfm\\\/wp-content\\\/uploads\\\/2022\\\/12\\\/silas.jpg?fit=768%2C512&ssl=1\",\"contentUrl\":\"https:\\\/\\\/i0.wp.com\\\/afogadosfm.com.br\\\/afogadosfm\\\/wp-content\\\/uploads\\\/2022\\\/12\\\/silas.jpg?fit=768%2C512&ssl=1\",\"width\":768,\"height\":512},{\"@type\":\"BreadcrumbList\",\"@id\":\"https:\\\/\\\/afogadosfm.com.br\\\/afogadosfm\\\/2025\\\/09\\\/07\\\/silas-malafaia-diz-que-moraes-promove-perseguicao-religiosa-contra-ele\\\/#breadcrumb\",\"itemListElement\":[{\"@type\":\"ListItem\",\"position\":1,\"name\":\"In\u00edcio\",\"item\":\"https:\\\/\\\/afogadosfm.com.br\\\/afogadosfm\\\/\"},{\"@type\":\"ListItem\",\"position\":2,\"name\":\"Silas Malafaia diz que Moraes promove persegui\u00e7\u00e3o religiosa contra ele\"}]},{\"@type\":\"WebSite\",\"@id\":\"https:\\\/\\\/afogadosfm.com.br\\\/afogadosfm\\\/#website\",\"url\":\"https:\\\/\\\/afogadosfm.com.br\\\/afogadosfm\\\/\",\"name\":\"Afogados FM\",\"description\":\"Um site completo!\",\"publisher\":{\"@id\":\"https:\\\/\\\/afogadosfm.com.br\\\/afogadosfm\\\/#organization\"},\"potentialAction\":[{\"@type\":\"SearchAction\",\"target\":{\"@type\":\"EntryPoint\",\"urlTemplate\":\"https:\\\/\\\/afogadosfm.com.br\\\/afogadosfm\\\/?s={search_term_string}\"},\"query-input\":{\"@type\":\"PropertyValueSpecification\",\"valueRequired\":true,\"valueName\":\"search_term_string\"}}],\"inLanguage\":\"pt-BR\"},{\"@type\":\"Organization\",\"@id\":\"https:\\\/\\\/afogadosfm.com.br\\\/afogadosfm\\\/#organization\",\"name\":\"Afogados FM\",\"url\":\"https:\\\/\\\/afogadosfm.com.br\\\/afogadosfm\\\/\",\"logo\":{\"@type\":\"ImageObject\",\"inLanguage\":\"pt-BR\",\"@id\":\"https:\\\/\\\/afogadosfm.com.br\\\/afogadosfm\\\/#\\\/schema\\\/logo\\\/image\\\/\",\"url\":\"https:\\\/\\\/i0.wp.com\\\/afogadosfm.com.br\\\/afogadosfm\\\/wp-content\\\/uploads\\\/2020\\\/06\\\/cropped-banner-afogados-4.jpg?fit=369%2C137&ssl=1\",\"contentUrl\":\"https:\\\/\\\/i0.wp.com\\\/afogadosfm.com.br\\\/afogadosfm\\\/wp-content\\\/uploads\\\/2020\\\/06\\\/cropped-banner-afogados-4.jpg?fit=369%2C137&ssl=1\",\"width\":369,\"height\":137,\"caption\":\"Afogados FM\"},\"image\":{\"@id\":\"https:\\\/\\\/afogadosfm.com.br\\\/afogadosfm\\\/#\\\/schema\\\/logo\\\/image\\\/\"}},{\"@type\":\"Person\",\"@id\":\"https:\\\/\\\/afogadosfm.com.br\\\/afogadosfm\\\/#\\\/schema\\\/person\\\/60e56f2cf5dc960fc093fe093d9e9057\",\"name\":\"afogadosfm\",\"image\":{\"@type\":\"ImageObject\",\"inLanguage\":\"pt-BR\",\"@id\":\"https:\\\/\\\/secure.gravatar.com\\\/avatar\\\/e0359add7ed5dc3560906d861b52c6a8cf5c1e199d3a7dd85070998f49bd4701?s=96&d=mm&r=g\",\"url\":\"https:\\\/\\\/secure.gravatar.com\\\/avatar\\\/e0359add7ed5dc3560906d861b52c6a8cf5c1e199d3a7dd85070998f49bd4701?s=96&d=mm&r=g\",\"contentUrl\":\"https:\\\/\\\/secure.gravatar.com\\\/avatar\\\/e0359add7ed5dc3560906d861b52c6a8cf5c1e199d3a7dd85070998f49bd4701?s=96&d=mm&r=g\",\"caption\":\"afogadosfm\"},\"url\":\"https:\\\/\\\/afogadosfm.com.br\\\/afogadosfm\\\/author\\\/afogadosfm\\\/\"}]}<\/script>\n<!-- \/ Yoast SEO plugin. -->","yoast_head_json":{"title":"Silas Malafaia diz que Moraes promove persegui\u00e7\u00e3o religiosa contra ele - Afogados FM","robots":{"index":"index","follow":"follow","max-snippet":"max-snippet:-1","max-image-preview":"max-image-preview:large","max-video-preview":"max-video-preview:-1"},"canonical":"https:\/\/afogadosfm.com.br\/afogadosfm\/2025\/09\/07\/silas-malafaia-diz-que-moraes-promove-perseguicao-religiosa-contra-ele\/","og_locale":"pt_BR","og_type":"article","og_title":"Silas Malafaia diz que Moraes promove persegui\u00e7\u00e3o religiosa contra ele - Afogados FM","og_description":"Em discurso na Avenida Paulista em um ato em defesa do ex-presidente Jair Bolsonaro neste domingo, 7, o pastor Silas","og_url":"https:\/\/afogadosfm.com.br\/afogadosfm\/2025\/09\/07\/silas-malafaia-diz-que-moraes-promove-perseguicao-religiosa-contra-ele\/","og_site_name":"Afogados FM","article_published_time":"2025-09-07T06:49:00+00:00","article_modified_time":"2025-09-08T06:51:16+00:00","og_image":[{"width":768,"height":512,"url":"https:\/\/afogadosfm.com.br\/afogadosfm\/wp-content\/uploads\/2022\/12\/silas.jpg","type":"image\/jpeg"}],"author":"afogadosfm","twitter_card":"summary_large_image","twitter_misc":{"Escrito por":"afogadosfm","Est. tempo de leitura":"3 minutos"},"schema":{"@context":"https:\/\/schema.org","@graph":[{"@type":"Article","@id":"https:\/\/afogadosfm.com.br\/afogadosfm\/2025\/09\/07\/silas-malafaia-diz-que-moraes-promove-perseguicao-religiosa-contra-ele\/#article","isPartOf":{"@id":"https:\/\/afogadosfm.com.br\/afogadosfm\/2025\/09\/07\/silas-malafaia-diz-que-moraes-promove-perseguicao-religiosa-contra-ele\/"},"author":{"name":"afogadosfm","@id":"https:\/\/afogadosfm.com.br\/afogadosfm\/#\/schema\/person\/60e56f2cf5dc960fc093fe093d9e9057"},"headline":"Silas Malafaia diz que Moraes promove persegui\u00e7\u00e3o religiosa contra ele","datePublished":"2025-09-07T06:49:00+00:00","dateModified":"2025-09-08T06:51:16+00:00","mainEntityOfPage":{"@id":"https:\/\/afogadosfm.com.br\/afogadosfm\/2025\/09\/07\/silas-malafaia-diz-que-moraes-promove-perseguicao-religiosa-contra-ele\/"},"wordCount":499,"commentCount":0,"publisher":{"@id":"https:\/\/afogadosfm.com.br\/afogadosfm\/#organization"},"image":{"@id":"https:\/\/afogadosfm.com.br\/afogadosfm\/2025\/09\/07\/silas-malafaia-diz-que-moraes-promove-perseguicao-religiosa-contra-ele\/#primaryimage"},"thumbnailUrl":"https:\/\/i0.wp.com\/afogadosfm.com.br\/afogadosfm\/wp-content\/uploads\/2022\/12\/silas.jpg?fit=768%2C512&ssl=1","articleSection":["Pol\u00edtica"],"inLanguage":"pt-BR","potentialAction":[{"@type":"CommentAction","name":"Comment","target":["https:\/\/afogadosfm.com.br\/afogadosfm\/2025\/09\/07\/silas-malafaia-diz-que-moraes-promove-perseguicao-religiosa-contra-ele\/#respond"]}]},{"@type":"WebPage","@id":"https:\/\/afogadosfm.com.br\/afogadosfm\/2025\/09\/07\/silas-malafaia-diz-que-moraes-promove-perseguicao-religiosa-contra-ele\/","url":"https:\/\/afogadosfm.com.br\/afogadosfm\/2025\/09\/07\/silas-malafaia-diz-que-moraes-promove-perseguicao-religiosa-contra-ele\/","name":"Silas Malafaia diz que Moraes promove persegui\u00e7\u00e3o religiosa contra ele - Afogados FM","isPartOf":{"@id":"https:\/\/afogadosfm.com.br\/afogadosfm\/#website"},"primaryImageOfPage":{"@id":"https:\/\/afogadosfm.com.br\/afogadosfm\/2025\/09\/07\/silas-malafaia-diz-que-moraes-promove-perseguicao-religiosa-contra-ele\/#primaryimage"},"image":{"@id":"https:\/\/afogadosfm.com.br\/afogadosfm\/2025\/09\/07\/silas-malafaia-diz-que-moraes-promove-perseguicao-religiosa-contra-ele\/#primaryimage"},"thumbnailUrl":"https:\/\/i0.wp.com\/afogadosfm.com.br\/afogadosfm\/wp-content\/uploads\/2022\/12\/silas.jpg?fit=768%2C512&ssl=1","datePublished":"2025-09-07T06:49:00+00:00","dateModified":"2025-09-08T06:51:16+00:00","breadcrumb":{"@id":"https:\/\/afogadosfm.com.br\/afogadosfm\/2025\/09\/07\/silas-malafaia-diz-que-moraes-promove-perseguicao-religiosa-contra-ele\/#breadcrumb"},"inLanguage":"pt-BR","potentialAction":[{"@type":"ReadAction","target":["https:\/\/afogadosfm.com.br\/afogadosfm\/2025\/09\/07\/silas-malafaia-diz-que-moraes-promove-perseguicao-religiosa-contra-ele\/"]}]},{"@type":"ImageObject","inLanguage":"pt-BR","@id":"https:\/\/afogadosfm.com.br\/afogadosfm\/2025\/09\/07\/silas-malafaia-diz-que-moraes-promove-perseguicao-religiosa-contra-ele\/#primaryimage","url":"https:\/\/i0.wp.com\/afogadosfm.com.br\/afogadosfm\/wp-content\/uploads\/2022\/12\/silas.jpg?fit=768%2C512&ssl=1","contentUrl":"https:\/\/i0.wp.com\/afogadosfm.com.br\/afogadosfm\/wp-content\/uploads\/2022\/12\/silas.jpg?fit=768%2C512&ssl=1","width":768,"height":512},{"@type":"BreadcrumbList","@id":"https:\/\/afogadosfm.com.br\/afogadosfm\/2025\/09\/07\/silas-malafaia-diz-que-moraes-promove-perseguicao-religiosa-contra-ele\/#breadcrumb","itemListElement":[{"@type":"ListItem","position":1,"name":"In\u00edcio","item":"https:\/\/afogadosfm.com.br\/afogadosfm\/"},{"@type":"ListItem","position":2,"name":"Silas Malafaia diz que Moraes promove persegui\u00e7\u00e3o religiosa contra ele"}]},{"@type":"WebSite","@id":"https:\/\/afogadosfm.com.br\/afogadosfm\/#website","url":"https:\/\/afogadosfm.com.br\/afogadosfm\/","name":"Afogados FM","description":"Um site completo!","publisher":{"@id":"https:\/\/afogadosfm.com.br\/afogadosfm\/#organization"},"potentialAction":[{"@type":"SearchAction","target":{"@type":"EntryPoint","urlTemplate":"https:\/\/afogadosfm.com.br\/afogadosfm\/?s={search_term_string}"},"query-input":{"@type":"PropertyValueSpecification","valueRequired":true,"valueName":"search_term_string"}}],"inLanguage":"pt-BR"},{"@type":"Organization","@id":"https:\/\/afogadosfm.com.br\/afogadosfm\/#organization","name":"Afogados FM","url":"https:\/\/afogadosfm.com.br\/afogadosfm\/","logo":{"@type":"ImageObject","inLanguage":"pt-BR","@id":"https:\/\/afogadosfm.com.br\/afogadosfm\/#\/schema\/logo\/image\/","url":"https:\/\/i0.wp.com\/afogadosfm.com.br\/afogadosfm\/wp-content\/uploads\/2020\/06\/cropped-banner-afogados-4.jpg?fit=369%2C137&ssl=1","contentUrl":"https:\/\/i0.wp.com\/afogadosfm.com.br\/afogadosfm\/wp-content\/uploads\/2020\/06\/cropped-banner-afogados-4.jpg?fit=369%2C137&ssl=1","width":369,"height":137,"caption":"Afogados FM"},"image":{"@id":"https:\/\/afogadosfm.com.br\/afogadosfm\/#\/schema\/logo\/image\/"}},{"@type":"Person","@id":"https:\/\/afogadosfm.com.br\/afogadosfm\/#\/schema\/person\/60e56f2cf5dc960fc093fe093d9e9057","name":"afogadosfm","image":{"@type":"ImageObject","inLanguage":"pt-BR","@id":"https:\/\/secure.gravatar.com\/avatar\/e0359add7ed5dc3560906d861b52c6a8cf5c1e199d3a7dd85070998f49bd4701?s=96&d=mm&r=g","url":"https:\/\/secure.gravatar.com\/avatar\/e0359add7ed5dc3560906d861b52c6a8cf5c1e199d3a7dd85070998f49bd4701?s=96&d=mm&r=g","contentUrl":"https:\/\/secure.gravatar.com\/avatar\/e0359add7ed5dc3560906d861b52c6a8cf5c1e199d3a7dd85070998f49bd4701?s=96&d=mm&r=g","caption":"afogadosfm"},"url":"https:\/\/afogadosfm.com.br\/afogadosfm\/author\/afogadosfm\/"}]}},"jetpack_publicize_connections":[],"jetpack_featured_media_url":"https:\/\/i0.wp.com\/afogadosfm.com.br\/afogadosfm\/wp-content\/uploads\/2022\/12\/silas.jpg?fit=768%2C512&ssl=1","jetpack-related-posts":[],"jetpack_sharing_enabled":true,"jetpack_likes_enabled":true,"_links":{"self":[{"href":"https:\/\/afogadosfm.com.br\/afogadosfm\/wp-json\/wp\/v2\/posts\/68856","targetHints":{"allow":["GET"]}}],"collection":[{"href":"https:\/\/afogadosfm.com.br\/afogadosfm\/wp-json\/wp\/v2\/posts"}],"about":[{"href":"https:\/\/afogadosfm.com.br\/afogadosfm\/wp-json\/wp\/v2\/types\/post"}],"author":[{"embeddable":true,"href":"https:\/\/afogadosfm.com.br\/afogadosfm\/wp-json\/wp\/v2\/users\/2"}],"replies":[{"embeddable":true,"href":"https:\/\/afogadosfm.com.br\/afogadosfm\/wp-json\/wp\/v2\/comments?post=68856"}],"version-history":[{"count":1,"href":"https:\/\/afogadosfm.com.br\/afogadosfm\/wp-json\/wp\/v2\/posts\/68856\/revisions"}],"predecessor-version":[{"id":68857,"href":"https:\/\/afogadosfm.com.br\/afogadosfm\/wp-json\/wp\/v2\/posts\/68856\/revisions\/68857"}],"wp:featuredmedia":[{"embeddable":true,"href":"https:\/\/afogadosfm.com.br\/afogadosfm\/wp-json\/wp\/v2\/media\/43068"}],"wp:attachment":[{"href":"https:\/\/afogadosfm.com.br\/afogadosfm\/wp-json\/wp\/v2\/media?parent=68856"}],"wp:term":[{"taxonomy":"category","embeddable":true,"href":"https:\/\/afogadosfm.com.br\/afogadosfm\/wp-json\/wp\/v2\/categories?post=68856"},{"taxonomy":"post_tag","embeddable":true,"href":"https:\/\/afogadosfm.com.br\/afogadosfm\/wp-json\/wp\/v2\/tags?post=68856"}],"curies":[{"name":"wp","href":"https:\/\/api.w.org\/{rel}","templated":true}]}}