{"id":68858,"date":"2025-09-08T03:54:38","date_gmt":"2025-09-08T06:54:38","guid":{"rendered":"https:\/\/afogadosfm.com.br\/afogadosfm\/?p=68858"},"modified":"2025-09-08T03:54:59","modified_gmt":"2025-09-08T06:54:59","slug":"governo-de-pernambuco-diz-que-violencia-contra-mulher-cai-13-em-agosto","status":"publish","type":"post","link":"https:\/\/afogadosfm.com.br\/afogadosfm\/2025\/09\/08\/governo-de-pernambuco-diz-que-violencia-contra-mulher-cai-13-em-agosto\/","title":{"rendered":"Governo de Pernambuco diz que viol\u00eancia contra mulher cai 1,3% em agosto"},"content":{"rendered":"\n<p>Pernambuco registrou uma queda de 1,3% nos crimes de viol\u00eancia contra mulher em agosto deste ano, segundo dados preliminares da Ger\u00eancia Geral de An\u00e1lise Criminal e Estat\u00edstica da Secretaria de Defesa Social (SDS). Foram 5.225 casos em 2025, contra 5.293 no mesmo m\u00eas de 2024.<\/p>\n\n\n\n<p>Entre 2024 e 2025, a Patrulha Maria da Penha realizou 63.084 dilig\u00eancias e acompanhou 14.672 mulheres com Medidas Protetivas de Urg\u00eancia (MPUs). Somente em 2025, 3.802 mulheres ingressaram no programa, que realizou 20.725 atendimentos.<\/p>\n\n\n\n<p><strong>Outros crimes<\/strong><\/p>\n\n\n\n<p>Pernambuco completou 16 meses consecutivos de redu\u00e7\u00e3o nos homic\u00eddios, de acordo com o balan\u00e7o divulgado nesta sexta-feira (5).<\/p>\n\n\n\n<p>Em agosto de 2025, foram registradas 258 Mortes Violentas Intencionais (MVIs), o que representa uma queda de 6,5% em rela\u00e7\u00e3o ao mesmo m\u00eas de 2024, quando houve 276 ocorr\u00eancias. No acumulado entre janeiro e agosto, a redu\u00e7\u00e3o foi de 11,1%, com 2.123 casos este ano contra 2.389 no ano passado.<\/p>\n\n\n\n<p>Os Crimes Violentos contra o Patrim\u00f4nio (CVPs) tamb\u00e9m apresentaram retra\u00e7\u00e3o. Em agosto, foram 3.111 ocorr\u00eancias, o menor n\u00famero j\u00e1 registrado para o m\u00eas na s\u00e9rie hist\u00f3rica. No mesmo per\u00edodo de 2024, houve 3.687 casos, uma queda de 15,6%.<br>No acumulado de janeiro a agosto, a redu\u00e7\u00e3o foi de 3,6%, passando de 26.756 ocorr\u00eancias em 2024 para 25.790 em 2025.<\/p>\n\n\n\n<p><strong>Canais de den\u00fancia<\/strong><\/p>\n\n\n\n<p>Casos de viol\u00eancia podem ser denunciados pelo telefone 190 (emerg\u00eancias), pelo 181 ou 0800.081.5001 (den\u00fancia an\u00f4nima), ou pela Ouvidoria Estadual da Mulher no n\u00famero 0800.281.8187. Tamb\u00e9m \u00e9 poss\u00edvel registrar informa\u00e7\u00f5es pelos sites denunciainterativa.sds.pe.gov.br e portaisgoverno.pe.gov.br\/web\/ouvidoria\/fale-conosco.<\/p>\n","protected":false},"excerpt":{"rendered":"<p>Pernambuco registrou uma queda de 1,3% nos crimes de viol\u00eancia contra mulher em agosto deste ano, segundo dados preliminares da<\/p>\n","protected":false},"author":2,"featured_media":29797,"comment_status":"open","ping_status":"open","sticky":false,"template":"","format":"standard","meta":{"jetpack_post_was_ever_published":false,"_jetpack_newsletter_access":"","_jetpack_dont_email_post_to_subs":false,"_jetpack_newsletter_tier_id":0,"_jetpack_memberships_contains_paywalled_content":false,"_jetpack_memberships_contains_paid_content":false,"footnotes":"","jetpack_publicize_message":"","jetpack_publicize_feature_enabled":true,"jetpack_social_post_already_shared":true,"jetpack_social_options":{"image_generator_settings":{"template":"highway","default_image_id":0,"font":"","enabled":false},"version":2}},"categories":[13],"tags":[],"class_list":["post-68858","post","type-post","status-publish","format-standard","has-post-thumbnail","hentry","category-pernambuco"],"yoast_head":"<!-- This site is optimized with the Yoast SEO plugin v27.5 - https:\/\/yoast.com\/product\/yoast-seo-wordpress\/ -->\n<title>Governo de Pernambuco diz que viol\u00eancia contra mulher cai 1,3% em agosto - Afogados FM<\/title>\n<meta name=\"robots\" content=\"index, follow, max-snippet:-1, max-image-preview:large, max-video-preview:-1\" \/>\n<link rel=\"canonical\" href=\"https:\/\/afogadosfm.com.br\/afogadosfm\/2025\/09\/08\/governo-de-pernambuco-diz-que-violencia-contra-mulher-cai-13-em-agosto\/\" \/>\n<meta property=\"og:locale\" content=\"pt_BR\" \/>\n<meta property=\"og:type\" content=\"article\" \/>\n<meta property=\"og:title\" content=\"Governo de Pernambuco diz que viol\u00eancia contra mulher cai 1,3% em agosto - Afogados FM\" \/>\n<meta property=\"og:description\" content=\"Pernambuco registrou uma queda de 1,3% nos crimes de viol\u00eancia contra mulher em agosto deste ano, segundo dados preliminares da\" \/>\n<meta property=\"og:url\" content=\"https:\/\/afogadosfm.com.br\/afogadosfm\/2025\/09\/08\/governo-de-pernambuco-diz-que-violencia-contra-mulher-cai-13-em-agosto\/\" \/>\n<meta property=\"og:site_name\" content=\"Afogados FM\" \/>\n<meta property=\"article:published_time\" content=\"2025-09-08T06:54:38+00:00\" \/>\n<meta property=\"article:modified_time\" content=\"2025-09-08T06:54:59+00:00\" \/>\n<meta property=\"og:image\" content=\"https:\/\/afogadosfm.com.br\/afogadosfm\/wp-content\/uploads\/2021\/08\/violencianao.jpeg\" \/>\n\t<meta property=\"og:image:width\" content=\"1170\" \/>\n\t<meta property=\"og:image:height\" content=\"700\" \/>\n\t<meta property=\"og:image:type\" content=\"image\/jpeg\" \/>\n<meta name=\"author\" content=\"afogadosfm\" \/>\n<meta name=\"twitter:card\" content=\"summary_large_image\" \/>\n<meta name=\"twitter:label1\" content=\"Escrito por\" \/>\n\t<meta name=\"twitter:data1\" content=\"afogadosfm\" \/>\n\t<meta name=\"twitter:label2\" content=\"Est. tempo de leitura\" \/>\n\t<meta name=\"twitter:data2\" content=\"2 minutos\" \/>\n<script type=\"application\/ld+json\" class=\"yoast-schema-graph\">{\"@context\":\"https:\\\/\\\/schema.org\",\"@graph\":[{\"@type\":\"Article\",\"@id\":\"https:\\\/\\\/afogadosfm.com.br\\\/afogadosfm\\\/2025\\\/09\\\/08\\\/governo-de-pernambuco-diz-que-violencia-contra-mulher-cai-13-em-agosto\\\/#article\",\"isPartOf\":{\"@id\":\"https:\\\/\\\/afogadosfm.com.br\\\/afogadosfm\\\/2025\\\/09\\\/08\\\/governo-de-pernambuco-diz-que-violencia-contra-mulher-cai-13-em-agosto\\\/\"},\"author\":{\"name\":\"afogadosfm\",\"@id\":\"https:\\\/\\\/afogadosfm.com.br\\\/afogadosfm\\\/#\\\/schema\\\/person\\\/60e56f2cf5dc960fc093fe093d9e9057\"},\"headline\":\"Governo de Pernambuco diz que viol\u00eancia contra mulher cai 1,3% em agosto\",\"datePublished\":\"2025-09-08T06:54:38+00:00\",\"dateModified\":\"2025-09-08T06:54:59+00:00\",\"mainEntityOfPage\":{\"@id\":\"https:\\\/\\\/afogadosfm.com.br\\\/afogadosfm\\\/2025\\\/09\\\/08\\\/governo-de-pernambuco-diz-que-violencia-contra-mulher-cai-13-em-agosto\\\/\"},\"wordCount\":266,\"commentCount\":0,\"publisher\":{\"@id\":\"https:\\\/\\\/afogadosfm.com.br\\\/afogadosfm\\\/#organization\"},\"image\":{\"@id\":\"https:\\\/\\\/afogadosfm.com.br\\\/afogadosfm\\\/2025\\\/09\\\/08\\\/governo-de-pernambuco-diz-que-violencia-contra-mulher-cai-13-em-agosto\\\/#primaryimage\"},\"thumbnailUrl\":\"https:\\\/\\\/i0.wp.com\\\/afogadosfm.com.br\\\/afogadosfm\\\/wp-content\\\/uploads\\\/2021\\\/08\\\/violencianao.jpeg?fit=1170%2C700&ssl=1\",\"articleSection\":[\"Pernambuco\"],\"inLanguage\":\"pt-BR\",\"potentialAction\":[{\"@type\":\"CommentAction\",\"name\":\"Comment\",\"target\":[\"https:\\\/\\\/afogadosfm.com.br\\\/afogadosfm\\\/2025\\\/09\\\/08\\\/governo-de-pernambuco-diz-que-violencia-contra-mulher-cai-13-em-agosto\\\/#respond\"]}]},{\"@type\":\"WebPage\",\"@id\":\"https:\\\/\\\/afogadosfm.com.br\\\/afogadosfm\\\/2025\\\/09\\\/08\\\/governo-de-pernambuco-diz-que-violencia-contra-mulher-cai-13-em-agosto\\\/\",\"url\":\"https:\\\/\\\/afogadosfm.com.br\\\/afogadosfm\\\/2025\\\/09\\\/08\\\/governo-de-pernambuco-diz-que-violencia-contra-mulher-cai-13-em-agosto\\\/\",\"name\":\"Governo de Pernambuco diz que viol\u00eancia contra mulher cai 1,3% em agosto - Afogados FM\",\"isPartOf\":{\"@id\":\"https:\\\/\\\/afogadosfm.com.br\\\/afogadosfm\\\/#website\"},\"primaryImageOfPage\":{\"@id\":\"https:\\\/\\\/afogadosfm.com.br\\\/afogadosfm\\\/2025\\\/09\\\/08\\\/governo-de-pernambuco-diz-que-violencia-contra-mulher-cai-13-em-agosto\\\/#primaryimage\"},\"image\":{\"@id\":\"https:\\\/\\\/afogadosfm.com.br\\\/afogadosfm\\\/2025\\\/09\\\/08\\\/governo-de-pernambuco-diz-que-violencia-contra-mulher-cai-13-em-agosto\\\/#primaryimage\"},\"thumbnailUrl\":\"https:\\\/\\\/i0.wp.com\\\/afogadosfm.com.br\\\/afogadosfm\\\/wp-content\\\/uploads\\\/2021\\\/08\\\/violencianao.jpeg?fit=1170%2C700&ssl=1\",\"datePublished\":\"2025-09-08T06:54:38+00:00\",\"dateModified\":\"2025-09-08T06:54:59+00:00\",\"breadcrumb\":{\"@id\":\"https:\\\/\\\/afogadosfm.com.br\\\/afogadosfm\\\/2025\\\/09\\\/08\\\/governo-de-pernambuco-diz-que-violencia-contra-mulher-cai-13-em-agosto\\\/#breadcrumb\"},\"inLanguage\":\"pt-BR\",\"potentialAction\":[{\"@type\":\"ReadAction\",\"target\":[\"https:\\\/\\\/afogadosfm.com.br\\\/afogadosfm\\\/2025\\\/09\\\/08\\\/governo-de-pernambuco-diz-que-violencia-contra-mulher-cai-13-em-agosto\\\/\"]}]},{\"@type\":\"ImageObject\",\"inLanguage\":\"pt-BR\",\"@id\":\"https:\\\/\\\/afogadosfm.com.br\\\/afogadosfm\\\/2025\\\/09\\\/08\\\/governo-de-pernambuco-diz-que-violencia-contra-mulher-cai-13-em-agosto\\\/#primaryimage\",\"url\":\"https:\\\/\\\/i0.wp.com\\\/afogadosfm.com.br\\\/afogadosfm\\\/wp-content\\\/uploads\\\/2021\\\/08\\\/violencianao.jpeg?fit=1170%2C700&ssl=1\",\"contentUrl\":\"https:\\\/\\\/i0.wp.com\\\/afogadosfm.com.br\\\/afogadosfm\\\/wp-content\\\/uploads\\\/2021\\\/08\\\/violencianao.jpeg?fit=1170%2C700&ssl=1\",\"width\":1170,\"height\":700},{\"@type\":\"BreadcrumbList\",\"@id\":\"https:\\\/\\\/afogadosfm.com.br\\\/afogadosfm\\\/2025\\\/09\\\/08\\\/governo-de-pernambuco-diz-que-violencia-contra-mulher-cai-13-em-agosto\\\/#breadcrumb\",\"itemListElement\":[{\"@type\":\"ListItem\",\"position\":1,\"name\":\"In\u00edcio\",\"item\":\"https:\\\/\\\/afogadosfm.com.br\\\/afogadosfm\\\/\"},{\"@type\":\"ListItem\",\"position\":2,\"name\":\"Governo de Pernambuco diz que viol\u00eancia contra mulher cai 1,3% em agosto\"}]},{\"@type\":\"WebSite\",\"@id\":\"https:\\\/\\\/afogadosfm.com.br\\\/afogadosfm\\\/#website\",\"url\":\"https:\\\/\\\/afogadosfm.com.br\\\/afogadosfm\\\/\",\"name\":\"Afogados FM\",\"description\":\"Um site completo!\",\"publisher\":{\"@id\":\"https:\\\/\\\/afogadosfm.com.br\\\/afogadosfm\\\/#organization\"},\"potentialAction\":[{\"@type\":\"SearchAction\",\"target\":{\"@type\":\"EntryPoint\",\"urlTemplate\":\"https:\\\/\\\/afogadosfm.com.br\\\/afogadosfm\\\/?s={search_term_string}\"},\"query-input\":{\"@type\":\"PropertyValueSpecification\",\"valueRequired\":true,\"valueName\":\"search_term_string\"}}],\"inLanguage\":\"pt-BR\"},{\"@type\":\"Organization\",\"@id\":\"https:\\\/\\\/afogadosfm.com.br\\\/afogadosfm\\\/#organization\",\"name\":\"Afogados FM\",\"url\":\"https:\\\/\\\/afogadosfm.com.br\\\/afogadosfm\\\/\",\"logo\":{\"@type\":\"ImageObject\",\"inLanguage\":\"pt-BR\",\"@id\":\"https:\\\/\\\/afogadosfm.com.br\\\/afogadosfm\\\/#\\\/schema\\\/logo\\\/image\\\/\",\"url\":\"https:\\\/\\\/i0.wp.com\\\/afogadosfm.com.br\\\/afogadosfm\\\/wp-content\\\/uploads\\\/2020\\\/06\\\/cropped-banner-afogados-4.jpg?fit=369%2C137&ssl=1\",\"contentUrl\":\"https:\\\/\\\/i0.wp.com\\\/afogadosfm.com.br\\\/afogadosfm\\\/wp-content\\\/uploads\\\/2020\\\/06\\\/cropped-banner-afogados-4.jpg?fit=369%2C137&ssl=1\",\"width\":369,\"height\":137,\"caption\":\"Afogados FM\"},\"image\":{\"@id\":\"https:\\\/\\\/afogadosfm.com.br\\\/afogadosfm\\\/#\\\/schema\\\/logo\\\/image\\\/\"}},{\"@type\":\"Person\",\"@id\":\"https:\\\/\\\/afogadosfm.com.br\\\/afogadosfm\\\/#\\\/schema\\\/person\\\/60e56f2cf5dc960fc093fe093d9e9057\",\"name\":\"afogadosfm\",\"image\":{\"@type\":\"ImageObject\",\"inLanguage\":\"pt-BR\",\"@id\":\"https:\\\/\\\/secure.gravatar.com\\\/avatar\\\/e0359add7ed5dc3560906d861b52c6a8cf5c1e199d3a7dd85070998f49bd4701?s=96&d=mm&r=g\",\"url\":\"https:\\\/\\\/secure.gravatar.com\\\/avatar\\\/e0359add7ed5dc3560906d861b52c6a8cf5c1e199d3a7dd85070998f49bd4701?s=96&d=mm&r=g\",\"contentUrl\":\"https:\\\/\\\/secure.gravatar.com\\\/avatar\\\/e0359add7ed5dc3560906d861b52c6a8cf5c1e199d3a7dd85070998f49bd4701?s=96&d=mm&r=g\",\"caption\":\"afogadosfm\"},\"url\":\"https:\\\/\\\/afogadosfm.com.br\\\/afogadosfm\\\/author\\\/afogadosfm\\\/\"}]}<\/script>\n<!-- \/ Yoast SEO plugin. -->","yoast_head_json":{"title":"Governo de Pernambuco diz que viol\u00eancia contra mulher cai 1,3% em agosto - Afogados FM","robots":{"index":"index","follow":"follow","max-snippet":"max-snippet:-1","max-image-preview":"max-image-preview:large","max-video-preview":"max-video-preview:-1"},"canonical":"https:\/\/afogadosfm.com.br\/afogadosfm\/2025\/09\/08\/governo-de-pernambuco-diz-que-violencia-contra-mulher-cai-13-em-agosto\/","og_locale":"pt_BR","og_type":"article","og_title":"Governo de Pernambuco diz que viol\u00eancia contra mulher cai 1,3% em agosto - Afogados FM","og_description":"Pernambuco registrou uma queda de 1,3% nos crimes de viol\u00eancia contra mulher em agosto deste ano, segundo dados preliminares da","og_url":"https:\/\/afogadosfm.com.br\/afogadosfm\/2025\/09\/08\/governo-de-pernambuco-diz-que-violencia-contra-mulher-cai-13-em-agosto\/","og_site_name":"Afogados FM","article_published_time":"2025-09-08T06:54:38+00:00","article_modified_time":"2025-09-08T06:54:59+00:00","og_image":[{"width":1170,"height":700,"url":"https:\/\/afogadosfm.com.br\/afogadosfm\/wp-content\/uploads\/2021\/08\/violencianao.jpeg","type":"image\/jpeg"}],"author":"afogadosfm","twitter_card":"summary_large_image","twitter_misc":{"Escrito por":"afogadosfm","Est. tempo de leitura":"2 minutos"},"schema":{"@context":"https:\/\/schema.org","@graph":[{"@type":"Article","@id":"https:\/\/afogadosfm.com.br\/afogadosfm\/2025\/09\/08\/governo-de-pernambuco-diz-que-violencia-contra-mulher-cai-13-em-agosto\/#article","isPartOf":{"@id":"https:\/\/afogadosfm.com.br\/afogadosfm\/2025\/09\/08\/governo-de-pernambuco-diz-que-violencia-contra-mulher-cai-13-em-agosto\/"},"author":{"name":"afogadosfm","@id":"https:\/\/afogadosfm.com.br\/afogadosfm\/#\/schema\/person\/60e56f2cf5dc960fc093fe093d9e9057"},"headline":"Governo de Pernambuco diz que viol\u00eancia contra mulher cai 1,3% em agosto","datePublished":"2025-09-08T06:54:38+00:00","dateModified":"2025-09-08T06:54:59+00:00","mainEntityOfPage":{"@id":"https:\/\/afogadosfm.com.br\/afogadosfm\/2025\/09\/08\/governo-de-pernambuco-diz-que-violencia-contra-mulher-cai-13-em-agosto\/"},"wordCount":266,"commentCount":0,"publisher":{"@id":"https:\/\/afogadosfm.com.br\/afogadosfm\/#organization"},"image":{"@id":"https:\/\/afogadosfm.com.br\/afogadosfm\/2025\/09\/08\/governo-de-pernambuco-diz-que-violencia-contra-mulher-cai-13-em-agosto\/#primaryimage"},"thumbnailUrl":"https:\/\/i0.wp.com\/afogadosfm.com.br\/afogadosfm\/wp-content\/uploads\/2021\/08\/violencianao.jpeg?fit=1170%2C700&ssl=1","articleSection":["Pernambuco"],"inLanguage":"pt-BR","potentialAction":[{"@type":"CommentAction","name":"Comment","target":["https:\/\/afogadosfm.com.br\/afogadosfm\/2025\/09\/08\/governo-de-pernambuco-diz-que-violencia-contra-mulher-cai-13-em-agosto\/#respond"]}]},{"@type":"WebPage","@id":"https:\/\/afogadosfm.com.br\/afogadosfm\/2025\/09\/08\/governo-de-pernambuco-diz-que-violencia-contra-mulher-cai-13-em-agosto\/","url":"https:\/\/afogadosfm.com.br\/afogadosfm\/2025\/09\/08\/governo-de-pernambuco-diz-que-violencia-contra-mulher-cai-13-em-agosto\/","name":"Governo de Pernambuco diz que viol\u00eancia contra mulher cai 1,3% em agosto - Afogados FM","isPartOf":{"@id":"https:\/\/afogadosfm.com.br\/afogadosfm\/#website"},"primaryImageOfPage":{"@id":"https:\/\/afogadosfm.com.br\/afogadosfm\/2025\/09\/08\/governo-de-pernambuco-diz-que-violencia-contra-mulher-cai-13-em-agosto\/#primaryimage"},"image":{"@id":"https:\/\/afogadosfm.com.br\/afogadosfm\/2025\/09\/08\/governo-de-pernambuco-diz-que-violencia-contra-mulher-cai-13-em-agosto\/#primaryimage"},"thumbnailUrl":"https:\/\/i0.wp.com\/afogadosfm.com.br\/afogadosfm\/wp-content\/uploads\/2021\/08\/violencianao.jpeg?fit=1170%2C700&ssl=1","datePublished":"2025-09-08T06:54:38+00:00","dateModified":"2025-09-08T06:54:59+00:00","breadcrumb":{"@id":"https:\/\/afogadosfm.com.br\/afogadosfm\/2025\/09\/08\/governo-de-pernambuco-diz-que-violencia-contra-mulher-cai-13-em-agosto\/#breadcrumb"},"inLanguage":"pt-BR","potentialAction":[{"@type":"ReadAction","target":["https:\/\/afogadosfm.com.br\/afogadosfm\/2025\/09\/08\/governo-de-pernambuco-diz-que-violencia-contra-mulher-cai-13-em-agosto\/"]}]},{"@type":"ImageObject","inLanguage":"pt-BR","@id":"https:\/\/afogadosfm.com.br\/afogadosfm\/2025\/09\/08\/governo-de-pernambuco-diz-que-violencia-contra-mulher-cai-13-em-agosto\/#primaryimage","url":"https:\/\/i0.wp.com\/afogadosfm.com.br\/afogadosfm\/wp-content\/uploads\/2021\/08\/violencianao.jpeg?fit=1170%2C700&ssl=1","contentUrl":"https:\/\/i0.wp.com\/afogadosfm.com.br\/afogadosfm\/wp-content\/uploads\/2021\/08\/violencianao.jpeg?fit=1170%2C700&ssl=1","width":1170,"height":700},{"@type":"BreadcrumbList","@id":"https:\/\/afogadosfm.com.br\/afogadosfm\/2025\/09\/08\/governo-de-pernambuco-diz-que-violencia-contra-mulher-cai-13-em-agosto\/#breadcrumb","itemListElement":[{"@type":"ListItem","position":1,"name":"In\u00edcio","item":"https:\/\/afogadosfm.com.br\/afogadosfm\/"},{"@type":"ListItem","position":2,"name":"Governo de Pernambuco diz que viol\u00eancia contra mulher cai 1,3% em agosto"}]},{"@type":"WebSite","@id":"https:\/\/afogadosfm.com.br\/afogadosfm\/#website","url":"https:\/\/afogadosfm.com.br\/afogadosfm\/","name":"Afogados FM","description":"Um site completo!","publisher":{"@id":"https:\/\/afogadosfm.com.br\/afogadosfm\/#organization"},"potentialAction":[{"@type":"SearchAction","target":{"@type":"EntryPoint","urlTemplate":"https:\/\/afogadosfm.com.br\/afogadosfm\/?s={search_term_string}"},"query-input":{"@type":"PropertyValueSpecification","valueRequired":true,"valueName":"search_term_string"}}],"inLanguage":"pt-BR"},{"@type":"Organization","@id":"https:\/\/afogadosfm.com.br\/afogadosfm\/#organization","name":"Afogados FM","url":"https:\/\/afogadosfm.com.br\/afogadosfm\/","logo":{"@type":"ImageObject","inLanguage":"pt-BR","@id":"https:\/\/afogadosfm.com.br\/afogadosfm\/#\/schema\/logo\/image\/","url":"https:\/\/i0.wp.com\/afogadosfm.com.br\/afogadosfm\/wp-content\/uploads\/2020\/06\/cropped-banner-afogados-4.jpg?fit=369%2C137&ssl=1","contentUrl":"https:\/\/i0.wp.com\/afogadosfm.com.br\/afogadosfm\/wp-content\/uploads\/2020\/06\/cropped-banner-afogados-4.jpg?fit=369%2C137&ssl=1","width":369,"height":137,"caption":"Afogados FM"},"image":{"@id":"https:\/\/afogadosfm.com.br\/afogadosfm\/#\/schema\/logo\/image\/"}},{"@type":"Person","@id":"https:\/\/afogadosfm.com.br\/afogadosfm\/#\/schema\/person\/60e56f2cf5dc960fc093fe093d9e9057","name":"afogadosfm","image":{"@type":"ImageObject","inLanguage":"pt-BR","@id":"https:\/\/secure.gravatar.com\/avatar\/e0359add7ed5dc3560906d861b52c6a8cf5c1e199d3a7dd85070998f49bd4701?s=96&d=mm&r=g","url":"https:\/\/secure.gravatar.com\/avatar\/e0359add7ed5dc3560906d861b52c6a8cf5c1e199d3a7dd85070998f49bd4701?s=96&d=mm&r=g","contentUrl":"https:\/\/secure.gravatar.com\/avatar\/e0359add7ed5dc3560906d861b52c6a8cf5c1e199d3a7dd85070998f49bd4701?s=96&d=mm&r=g","caption":"afogadosfm"},"url":"https:\/\/afogadosfm.com.br\/afogadosfm\/author\/afogadosfm\/"}]}},"jetpack_publicize_connections":[],"jetpack_featured_media_url":"https:\/\/i0.wp.com\/afogadosfm.com.br\/afogadosfm\/wp-content\/uploads\/2021\/08\/violencianao.jpeg?fit=1170%2C700&ssl=1","jetpack-related-posts":[],"jetpack_sharing_enabled":true,"jetpack_likes_enabled":true,"_links":{"self":[{"href":"https:\/\/afogadosfm.com.br\/afogadosfm\/wp-json\/wp\/v2\/posts\/68858","targetHints":{"allow":["GET"]}}],"collection":[{"href":"https:\/\/afogadosfm.com.br\/afogadosfm\/wp-json\/wp\/v2\/posts"}],"about":[{"href":"https:\/\/afogadosfm.com.br\/afogadosfm\/wp-json\/wp\/v2\/types\/post"}],"author":[{"embeddable":true,"href":"https:\/\/afogadosfm.com.br\/afogadosfm\/wp-json\/wp\/v2\/users\/2"}],"replies":[{"embeddable":true,"href":"https:\/\/afogadosfm.com.br\/afogadosfm\/wp-json\/wp\/v2\/comments?post=68858"}],"version-history":[{"count":1,"href":"https:\/\/afogadosfm.com.br\/afogadosfm\/wp-json\/wp\/v2\/posts\/68858\/revisions"}],"predecessor-version":[{"id":68859,"href":"https:\/\/afogadosfm.com.br\/afogadosfm\/wp-json\/wp\/v2\/posts\/68858\/revisions\/68859"}],"wp:featuredmedia":[{"embeddable":true,"href":"https:\/\/afogadosfm.com.br\/afogadosfm\/wp-json\/wp\/v2\/media\/29797"}],"wp:attachment":[{"href":"https:\/\/afogadosfm.com.br\/afogadosfm\/wp-json\/wp\/v2\/media?parent=68858"}],"wp:term":[{"taxonomy":"category","embeddable":true,"href":"https:\/\/afogadosfm.com.br\/afogadosfm\/wp-json\/wp\/v2\/categories?post=68858"},{"taxonomy":"post_tag","embeddable":true,"href":"https:\/\/afogadosfm.com.br\/afogadosfm\/wp-json\/wp\/v2\/tags?post=68858"}],"curies":[{"name":"wp","href":"https:\/\/api.w.org\/{rel}","templated":true}]}}