{"id":68867,"date":"2025-09-08T04:14:08","date_gmt":"2025-09-08T07:14:08","guid":{"rendered":"https:\/\/afogadosfm.com.br\/afogadosfm\/?p=68867"},"modified":"2025-09-08T04:14:31","modified_gmt":"2025-09-08T07:14:31","slug":"mais-de-mil-postes-foram-destruidos-por-acidentes-com-veiculos-em-pernambuco-desde-janeiro","status":"publish","type":"post","link":"https:\/\/afogadosfm.com.br\/afogadosfm\/2025\/09\/08\/mais-de-mil-postes-foram-destruidos-por-acidentes-com-veiculos-em-pernambuco-desde-janeiro\/","title":{"rendered":"Mais de mil postes foram destru\u00eddos por acidentes com ve\u00edculos em Pernambuco desde janeiro 2025"},"content":{"rendered":"\n<p>De janeiro a agosto de 2025, a Neoenergia Pernambuco registrou 1.024 colis\u00f5es de ve\u00edculos contra postes no estado. O n\u00famero \u00e9 7,6% maior em compara\u00e7\u00e3o ao mesmo per\u00edodo do ano passado, quando foram contabilizadas 951 ocorr\u00eancias. A empresa chama aten\u00e7\u00e3o para a quantidade de colis\u00f5es ap\u00f3s o \u00faltimo epis\u00f3dio registrado na Avenida Abdias de Carvalho, no bairro do Bongi, na Zona Oeste do Recife, nesta sexta-feira (5), quando um caminh\u00e3o colidiu contra a base de um poste de alta tens\u00e3o. A estrutura precisou ser substitu\u00edda, dada a possibilidade de queda na via. A opera\u00e7\u00e3o impactou o tr\u00e2nsito na regi\u00e3o por algumas horas.<\/p>\n\n\n\n<p>As cidades de Recife (183), Petrolina (60), Garanhuns (57), Arcoverde (49) e Jaboat\u00e3o dos Guararapes (46) lideram o ranking. Segundo a Neoenergia, embora os n\u00fameros tenham crescido, apenas 33,7% dos casos (346 ocorr\u00eancias) provocaram impacto no fornecimento de energia para os clientes. Isso se deve, em grande parte, \u00e0s tecnologias implementadas que permitem o isolamento de trechos da rede el\u00e9trica e a recomposi\u00e7\u00e3o autom\u00e1tica do sistema em caso de danos localizados.<\/p>\n\n\n\n<p>No entanto, para o gerente operacional da Neoenergia Pernambuco, F\u00e1bio Barros, \u00e9 preciso que pol\u00edticas de preven\u00e7\u00e3o sejam formuladas &#8211; de modo especial, no interior do estado, onde o crescimento urbano e o aumento do tr\u00e1fego impactam a seguran\u00e7a vi\u00e1ria. \u201cMais do que o impacto no fornecimento de energia, esses acidentes representam um risco direto \u00e0 vida das pessoas envolvidas e das que circulam pelo local. \u00c9 fundamental refor\u00e7ar a dire\u00e7\u00e3o respons\u00e1vel e o respeito \u00e0s leis de tr\u00e2nsito como medidas essenciais para reduzir esse tipo de ocorr\u00eancia\u201d, acredita.<\/p>\n","protected":false},"excerpt":{"rendered":"<p>De janeiro a agosto de 2025, a Neoenergia Pernambuco registrou 1.024 colis\u00f5es de ve\u00edculos contra postes no estado. O n\u00famero<\/p>\n","protected":false},"author":2,"featured_media":68869,"comment_status":"open","ping_status":"open","sticky":false,"template":"","format":"standard","meta":{"jetpack_post_was_ever_published":false,"_jetpack_newsletter_access":"","_jetpack_dont_email_post_to_subs":false,"_jetpack_newsletter_tier_id":0,"_jetpack_memberships_contains_paywalled_content":false,"_jetpack_memberships_contains_paid_content":false,"footnotes":"","jetpack_publicize_message":"","jetpack_publicize_feature_enabled":true,"jetpack_social_post_already_shared":true,"jetpack_social_options":{"image_generator_settings":{"template":"highway","default_image_id":0,"font":"","enabled":false},"version":2}},"categories":[13],"tags":[],"class_list":["post-68867","post","type-post","status-publish","format-standard","has-post-thumbnail","hentry","category-pernambuco"],"yoast_head":"<!-- This site is optimized with the Yoast SEO plugin v27.5 - https:\/\/yoast.com\/product\/yoast-seo-wordpress\/ -->\n<title>Mais de mil postes foram destru\u00eddos por acidentes com ve\u00edculos em Pernambuco desde janeiro 2025 - Afogados FM<\/title>\n<meta name=\"robots\" content=\"index, follow, max-snippet:-1, max-image-preview:large, max-video-preview:-1\" \/>\n<link rel=\"canonical\" href=\"https:\/\/afogadosfm.com.br\/afogadosfm\/2025\/09\/08\/mais-de-mil-postes-foram-destruidos-por-acidentes-com-veiculos-em-pernambuco-desde-janeiro\/\" \/>\n<meta property=\"og:locale\" content=\"pt_BR\" \/>\n<meta property=\"og:type\" content=\"article\" \/>\n<meta property=\"og:title\" content=\"Mais de mil postes foram destru\u00eddos por acidentes com ve\u00edculos em Pernambuco desde janeiro 2025 - Afogados FM\" \/>\n<meta property=\"og:description\" content=\"De janeiro a agosto de 2025, a Neoenergia Pernambuco registrou 1.024 colis\u00f5es de ve\u00edculos contra postes no estado. O n\u00famero\" \/>\n<meta property=\"og:url\" content=\"https:\/\/afogadosfm.com.br\/afogadosfm\/2025\/09\/08\/mais-de-mil-postes-foram-destruidos-por-acidentes-com-veiculos-em-pernambuco-desde-janeiro\/\" \/>\n<meta property=\"og:site_name\" content=\"Afogados FM\" \/>\n<meta property=\"article:published_time\" content=\"2025-09-08T07:14:08+00:00\" \/>\n<meta property=\"article:modified_time\" content=\"2025-09-08T07:14:31+00:00\" \/>\n<meta property=\"og:image\" content=\"https:\/\/afogadosfm.com.br\/afogadosfm\/wp-content\/uploads\/2025\/09\/carroposte.jpg\" \/>\n\t<meta property=\"og:image:width\" content=\"877\" \/>\n\t<meta property=\"og:image:height\" content=\"592\" \/>\n\t<meta property=\"og:image:type\" content=\"image\/jpeg\" \/>\n<meta name=\"author\" content=\"afogadosfm\" \/>\n<meta name=\"twitter:card\" content=\"summary_large_image\" \/>\n<meta name=\"twitter:label1\" content=\"Escrito por\" \/>\n\t<meta name=\"twitter:data1\" content=\"afogadosfm\" \/>\n\t<meta name=\"twitter:label2\" content=\"Est. tempo de leitura\" \/>\n\t<meta name=\"twitter:data2\" content=\"2 minutos\" \/>\n<script type=\"application\/ld+json\" class=\"yoast-schema-graph\">{\"@context\":\"https:\\\/\\\/schema.org\",\"@graph\":[{\"@type\":\"Article\",\"@id\":\"https:\\\/\\\/afogadosfm.com.br\\\/afogadosfm\\\/2025\\\/09\\\/08\\\/mais-de-mil-postes-foram-destruidos-por-acidentes-com-veiculos-em-pernambuco-desde-janeiro\\\/#article\",\"isPartOf\":{\"@id\":\"https:\\\/\\\/afogadosfm.com.br\\\/afogadosfm\\\/2025\\\/09\\\/08\\\/mais-de-mil-postes-foram-destruidos-por-acidentes-com-veiculos-em-pernambuco-desde-janeiro\\\/\"},\"author\":{\"name\":\"afogadosfm\",\"@id\":\"https:\\\/\\\/afogadosfm.com.br\\\/afogadosfm\\\/#\\\/schema\\\/person\\\/60e56f2cf5dc960fc093fe093d9e9057\"},\"headline\":\"Mais de mil postes foram destru\u00eddos por acidentes com ve\u00edculos em Pernambuco desde janeiro 2025\",\"datePublished\":\"2025-09-08T07:14:08+00:00\",\"dateModified\":\"2025-09-08T07:14:31+00:00\",\"mainEntityOfPage\":{\"@id\":\"https:\\\/\\\/afogadosfm.com.br\\\/afogadosfm\\\/2025\\\/09\\\/08\\\/mais-de-mil-postes-foram-destruidos-por-acidentes-com-veiculos-em-pernambuco-desde-janeiro\\\/\"},\"wordCount\":295,\"commentCount\":0,\"publisher\":{\"@id\":\"https:\\\/\\\/afogadosfm.com.br\\\/afogadosfm\\\/#organization\"},\"image\":{\"@id\":\"https:\\\/\\\/afogadosfm.com.br\\\/afogadosfm\\\/2025\\\/09\\\/08\\\/mais-de-mil-postes-foram-destruidos-por-acidentes-com-veiculos-em-pernambuco-desde-janeiro\\\/#primaryimage\"},\"thumbnailUrl\":\"https:\\\/\\\/i0.wp.com\\\/afogadosfm.com.br\\\/afogadosfm\\\/wp-content\\\/uploads\\\/2025\\\/09\\\/carroposte.jpg?fit=877%2C592&ssl=1\",\"articleSection\":[\"Pernambuco\"],\"inLanguage\":\"pt-BR\",\"potentialAction\":[{\"@type\":\"CommentAction\",\"name\":\"Comment\",\"target\":[\"https:\\\/\\\/afogadosfm.com.br\\\/afogadosfm\\\/2025\\\/09\\\/08\\\/mais-de-mil-postes-foram-destruidos-por-acidentes-com-veiculos-em-pernambuco-desde-janeiro\\\/#respond\"]}]},{\"@type\":\"WebPage\",\"@id\":\"https:\\\/\\\/afogadosfm.com.br\\\/afogadosfm\\\/2025\\\/09\\\/08\\\/mais-de-mil-postes-foram-destruidos-por-acidentes-com-veiculos-em-pernambuco-desde-janeiro\\\/\",\"url\":\"https:\\\/\\\/afogadosfm.com.br\\\/afogadosfm\\\/2025\\\/09\\\/08\\\/mais-de-mil-postes-foram-destruidos-por-acidentes-com-veiculos-em-pernambuco-desde-janeiro\\\/\",\"name\":\"Mais de mil postes foram destru\u00eddos por acidentes com ve\u00edculos em Pernambuco desde janeiro 2025 - Afogados FM\",\"isPartOf\":{\"@id\":\"https:\\\/\\\/afogadosfm.com.br\\\/afogadosfm\\\/#website\"},\"primaryImageOfPage\":{\"@id\":\"https:\\\/\\\/afogadosfm.com.br\\\/afogadosfm\\\/2025\\\/09\\\/08\\\/mais-de-mil-postes-foram-destruidos-por-acidentes-com-veiculos-em-pernambuco-desde-janeiro\\\/#primaryimage\"},\"image\":{\"@id\":\"https:\\\/\\\/afogadosfm.com.br\\\/afogadosfm\\\/2025\\\/09\\\/08\\\/mais-de-mil-postes-foram-destruidos-por-acidentes-com-veiculos-em-pernambuco-desde-janeiro\\\/#primaryimage\"},\"thumbnailUrl\":\"https:\\\/\\\/i0.wp.com\\\/afogadosfm.com.br\\\/afogadosfm\\\/wp-content\\\/uploads\\\/2025\\\/09\\\/carroposte.jpg?fit=877%2C592&ssl=1\",\"datePublished\":\"2025-09-08T07:14:08+00:00\",\"dateModified\":\"2025-09-08T07:14:31+00:00\",\"breadcrumb\":{\"@id\":\"https:\\\/\\\/afogadosfm.com.br\\\/afogadosfm\\\/2025\\\/09\\\/08\\\/mais-de-mil-postes-foram-destruidos-por-acidentes-com-veiculos-em-pernambuco-desde-janeiro\\\/#breadcrumb\"},\"inLanguage\":\"pt-BR\",\"potentialAction\":[{\"@type\":\"ReadAction\",\"target\":[\"https:\\\/\\\/afogadosfm.com.br\\\/afogadosfm\\\/2025\\\/09\\\/08\\\/mais-de-mil-postes-foram-destruidos-por-acidentes-com-veiculos-em-pernambuco-desde-janeiro\\\/\"]}]},{\"@type\":\"ImageObject\",\"inLanguage\":\"pt-BR\",\"@id\":\"https:\\\/\\\/afogadosfm.com.br\\\/afogadosfm\\\/2025\\\/09\\\/08\\\/mais-de-mil-postes-foram-destruidos-por-acidentes-com-veiculos-em-pernambuco-desde-janeiro\\\/#primaryimage\",\"url\":\"https:\\\/\\\/i0.wp.com\\\/afogadosfm.com.br\\\/afogadosfm\\\/wp-content\\\/uploads\\\/2025\\\/09\\\/carroposte.jpg?fit=877%2C592&ssl=1\",\"contentUrl\":\"https:\\\/\\\/i0.wp.com\\\/afogadosfm.com.br\\\/afogadosfm\\\/wp-content\\\/uploads\\\/2025\\\/09\\\/carroposte.jpg?fit=877%2C592&ssl=1\",\"width\":877,\"height\":592},{\"@type\":\"BreadcrumbList\",\"@id\":\"https:\\\/\\\/afogadosfm.com.br\\\/afogadosfm\\\/2025\\\/09\\\/08\\\/mais-de-mil-postes-foram-destruidos-por-acidentes-com-veiculos-em-pernambuco-desde-janeiro\\\/#breadcrumb\",\"itemListElement\":[{\"@type\":\"ListItem\",\"position\":1,\"name\":\"In\u00edcio\",\"item\":\"https:\\\/\\\/afogadosfm.com.br\\\/afogadosfm\\\/\"},{\"@type\":\"ListItem\",\"position\":2,\"name\":\"Mais de mil postes foram destru\u00eddos por acidentes com ve\u00edculos em Pernambuco desde janeiro 2025\"}]},{\"@type\":\"WebSite\",\"@id\":\"https:\\\/\\\/afogadosfm.com.br\\\/afogadosfm\\\/#website\",\"url\":\"https:\\\/\\\/afogadosfm.com.br\\\/afogadosfm\\\/\",\"name\":\"Afogados FM\",\"description\":\"Um site completo!\",\"publisher\":{\"@id\":\"https:\\\/\\\/afogadosfm.com.br\\\/afogadosfm\\\/#organization\"},\"potentialAction\":[{\"@type\":\"SearchAction\",\"target\":{\"@type\":\"EntryPoint\",\"urlTemplate\":\"https:\\\/\\\/afogadosfm.com.br\\\/afogadosfm\\\/?s={search_term_string}\"},\"query-input\":{\"@type\":\"PropertyValueSpecification\",\"valueRequired\":true,\"valueName\":\"search_term_string\"}}],\"inLanguage\":\"pt-BR\"},{\"@type\":\"Organization\",\"@id\":\"https:\\\/\\\/afogadosfm.com.br\\\/afogadosfm\\\/#organization\",\"name\":\"Afogados FM\",\"url\":\"https:\\\/\\\/afogadosfm.com.br\\\/afogadosfm\\\/\",\"logo\":{\"@type\":\"ImageObject\",\"inLanguage\":\"pt-BR\",\"@id\":\"https:\\\/\\\/afogadosfm.com.br\\\/afogadosfm\\\/#\\\/schema\\\/logo\\\/image\\\/\",\"url\":\"https:\\\/\\\/i0.wp.com\\\/afogadosfm.com.br\\\/afogadosfm\\\/wp-content\\\/uploads\\\/2020\\\/06\\\/cropped-banner-afogados-4.jpg?fit=369%2C137&ssl=1\",\"contentUrl\":\"https:\\\/\\\/i0.wp.com\\\/afogadosfm.com.br\\\/afogadosfm\\\/wp-content\\\/uploads\\\/2020\\\/06\\\/cropped-banner-afogados-4.jpg?fit=369%2C137&ssl=1\",\"width\":369,\"height\":137,\"caption\":\"Afogados FM\"},\"image\":{\"@id\":\"https:\\\/\\\/afogadosfm.com.br\\\/afogadosfm\\\/#\\\/schema\\\/logo\\\/image\\\/\"}},{\"@type\":\"Person\",\"@id\":\"https:\\\/\\\/afogadosfm.com.br\\\/afogadosfm\\\/#\\\/schema\\\/person\\\/60e56f2cf5dc960fc093fe093d9e9057\",\"name\":\"afogadosfm\",\"image\":{\"@type\":\"ImageObject\",\"inLanguage\":\"pt-BR\",\"@id\":\"https:\\\/\\\/secure.gravatar.com\\\/avatar\\\/e0359add7ed5dc3560906d861b52c6a8cf5c1e199d3a7dd85070998f49bd4701?s=96&d=mm&r=g\",\"url\":\"https:\\\/\\\/secure.gravatar.com\\\/avatar\\\/e0359add7ed5dc3560906d861b52c6a8cf5c1e199d3a7dd85070998f49bd4701?s=96&d=mm&r=g\",\"contentUrl\":\"https:\\\/\\\/secure.gravatar.com\\\/avatar\\\/e0359add7ed5dc3560906d861b52c6a8cf5c1e199d3a7dd85070998f49bd4701?s=96&d=mm&r=g\",\"caption\":\"afogadosfm\"},\"url\":\"https:\\\/\\\/afogadosfm.com.br\\\/afogadosfm\\\/author\\\/afogadosfm\\\/\"}]}<\/script>\n<!-- \/ Yoast SEO plugin. -->","yoast_head_json":{"title":"Mais de mil postes foram destru\u00eddos por acidentes com ve\u00edculos em Pernambuco desde janeiro 2025 - Afogados FM","robots":{"index":"index","follow":"follow","max-snippet":"max-snippet:-1","max-image-preview":"max-image-preview:large","max-video-preview":"max-video-preview:-1"},"canonical":"https:\/\/afogadosfm.com.br\/afogadosfm\/2025\/09\/08\/mais-de-mil-postes-foram-destruidos-por-acidentes-com-veiculos-em-pernambuco-desde-janeiro\/","og_locale":"pt_BR","og_type":"article","og_title":"Mais de mil postes foram destru\u00eddos por acidentes com ve\u00edculos em Pernambuco desde janeiro 2025 - Afogados FM","og_description":"De janeiro a agosto de 2025, a Neoenergia Pernambuco registrou 1.024 colis\u00f5es de ve\u00edculos contra postes no estado. O n\u00famero","og_url":"https:\/\/afogadosfm.com.br\/afogadosfm\/2025\/09\/08\/mais-de-mil-postes-foram-destruidos-por-acidentes-com-veiculos-em-pernambuco-desde-janeiro\/","og_site_name":"Afogados FM","article_published_time":"2025-09-08T07:14:08+00:00","article_modified_time":"2025-09-08T07:14:31+00:00","og_image":[{"width":877,"height":592,"url":"https:\/\/afogadosfm.com.br\/afogadosfm\/wp-content\/uploads\/2025\/09\/carroposte.jpg","type":"image\/jpeg"}],"author":"afogadosfm","twitter_card":"summary_large_image","twitter_misc":{"Escrito por":"afogadosfm","Est. tempo de leitura":"2 minutos"},"schema":{"@context":"https:\/\/schema.org","@graph":[{"@type":"Article","@id":"https:\/\/afogadosfm.com.br\/afogadosfm\/2025\/09\/08\/mais-de-mil-postes-foram-destruidos-por-acidentes-com-veiculos-em-pernambuco-desde-janeiro\/#article","isPartOf":{"@id":"https:\/\/afogadosfm.com.br\/afogadosfm\/2025\/09\/08\/mais-de-mil-postes-foram-destruidos-por-acidentes-com-veiculos-em-pernambuco-desde-janeiro\/"},"author":{"name":"afogadosfm","@id":"https:\/\/afogadosfm.com.br\/afogadosfm\/#\/schema\/person\/60e56f2cf5dc960fc093fe093d9e9057"},"headline":"Mais de mil postes foram destru\u00eddos por acidentes com ve\u00edculos em Pernambuco desde janeiro 2025","datePublished":"2025-09-08T07:14:08+00:00","dateModified":"2025-09-08T07:14:31+00:00","mainEntityOfPage":{"@id":"https:\/\/afogadosfm.com.br\/afogadosfm\/2025\/09\/08\/mais-de-mil-postes-foram-destruidos-por-acidentes-com-veiculos-em-pernambuco-desde-janeiro\/"},"wordCount":295,"commentCount":0,"publisher":{"@id":"https:\/\/afogadosfm.com.br\/afogadosfm\/#organization"},"image":{"@id":"https:\/\/afogadosfm.com.br\/afogadosfm\/2025\/09\/08\/mais-de-mil-postes-foram-destruidos-por-acidentes-com-veiculos-em-pernambuco-desde-janeiro\/#primaryimage"},"thumbnailUrl":"https:\/\/i0.wp.com\/afogadosfm.com.br\/afogadosfm\/wp-content\/uploads\/2025\/09\/carroposte.jpg?fit=877%2C592&ssl=1","articleSection":["Pernambuco"],"inLanguage":"pt-BR","potentialAction":[{"@type":"CommentAction","name":"Comment","target":["https:\/\/afogadosfm.com.br\/afogadosfm\/2025\/09\/08\/mais-de-mil-postes-foram-destruidos-por-acidentes-com-veiculos-em-pernambuco-desde-janeiro\/#respond"]}]},{"@type":"WebPage","@id":"https:\/\/afogadosfm.com.br\/afogadosfm\/2025\/09\/08\/mais-de-mil-postes-foram-destruidos-por-acidentes-com-veiculos-em-pernambuco-desde-janeiro\/","url":"https:\/\/afogadosfm.com.br\/afogadosfm\/2025\/09\/08\/mais-de-mil-postes-foram-destruidos-por-acidentes-com-veiculos-em-pernambuco-desde-janeiro\/","name":"Mais de mil postes foram destru\u00eddos por acidentes com ve\u00edculos em Pernambuco desde janeiro 2025 - Afogados FM","isPartOf":{"@id":"https:\/\/afogadosfm.com.br\/afogadosfm\/#website"},"primaryImageOfPage":{"@id":"https:\/\/afogadosfm.com.br\/afogadosfm\/2025\/09\/08\/mais-de-mil-postes-foram-destruidos-por-acidentes-com-veiculos-em-pernambuco-desde-janeiro\/#primaryimage"},"image":{"@id":"https:\/\/afogadosfm.com.br\/afogadosfm\/2025\/09\/08\/mais-de-mil-postes-foram-destruidos-por-acidentes-com-veiculos-em-pernambuco-desde-janeiro\/#primaryimage"},"thumbnailUrl":"https:\/\/i0.wp.com\/afogadosfm.com.br\/afogadosfm\/wp-content\/uploads\/2025\/09\/carroposte.jpg?fit=877%2C592&ssl=1","datePublished":"2025-09-08T07:14:08+00:00","dateModified":"2025-09-08T07:14:31+00:00","breadcrumb":{"@id":"https:\/\/afogadosfm.com.br\/afogadosfm\/2025\/09\/08\/mais-de-mil-postes-foram-destruidos-por-acidentes-com-veiculos-em-pernambuco-desde-janeiro\/#breadcrumb"},"inLanguage":"pt-BR","potentialAction":[{"@type":"ReadAction","target":["https:\/\/afogadosfm.com.br\/afogadosfm\/2025\/09\/08\/mais-de-mil-postes-foram-destruidos-por-acidentes-com-veiculos-em-pernambuco-desde-janeiro\/"]}]},{"@type":"ImageObject","inLanguage":"pt-BR","@id":"https:\/\/afogadosfm.com.br\/afogadosfm\/2025\/09\/08\/mais-de-mil-postes-foram-destruidos-por-acidentes-com-veiculos-em-pernambuco-desde-janeiro\/#primaryimage","url":"https:\/\/i0.wp.com\/afogadosfm.com.br\/afogadosfm\/wp-content\/uploads\/2025\/09\/carroposte.jpg?fit=877%2C592&ssl=1","contentUrl":"https:\/\/i0.wp.com\/afogadosfm.com.br\/afogadosfm\/wp-content\/uploads\/2025\/09\/carroposte.jpg?fit=877%2C592&ssl=1","width":877,"height":592},{"@type":"BreadcrumbList","@id":"https:\/\/afogadosfm.com.br\/afogadosfm\/2025\/09\/08\/mais-de-mil-postes-foram-destruidos-por-acidentes-com-veiculos-em-pernambuco-desde-janeiro\/#breadcrumb","itemListElement":[{"@type":"ListItem","position":1,"name":"In\u00edcio","item":"https:\/\/afogadosfm.com.br\/afogadosfm\/"},{"@type":"ListItem","position":2,"name":"Mais de mil postes foram destru\u00eddos por acidentes com ve\u00edculos em Pernambuco desde janeiro 2025"}]},{"@type":"WebSite","@id":"https:\/\/afogadosfm.com.br\/afogadosfm\/#website","url":"https:\/\/afogadosfm.com.br\/afogadosfm\/","name":"Afogados FM","description":"Um site completo!","publisher":{"@id":"https:\/\/afogadosfm.com.br\/afogadosfm\/#organization"},"potentialAction":[{"@type":"SearchAction","target":{"@type":"EntryPoint","urlTemplate":"https:\/\/afogadosfm.com.br\/afogadosfm\/?s={search_term_string}"},"query-input":{"@type":"PropertyValueSpecification","valueRequired":true,"valueName":"search_term_string"}}],"inLanguage":"pt-BR"},{"@type":"Organization","@id":"https:\/\/afogadosfm.com.br\/afogadosfm\/#organization","name":"Afogados FM","url":"https:\/\/afogadosfm.com.br\/afogadosfm\/","logo":{"@type":"ImageObject","inLanguage":"pt-BR","@id":"https:\/\/afogadosfm.com.br\/afogadosfm\/#\/schema\/logo\/image\/","url":"https:\/\/i0.wp.com\/afogadosfm.com.br\/afogadosfm\/wp-content\/uploads\/2020\/06\/cropped-banner-afogados-4.jpg?fit=369%2C137&ssl=1","contentUrl":"https:\/\/i0.wp.com\/afogadosfm.com.br\/afogadosfm\/wp-content\/uploads\/2020\/06\/cropped-banner-afogados-4.jpg?fit=369%2C137&ssl=1","width":369,"height":137,"caption":"Afogados FM"},"image":{"@id":"https:\/\/afogadosfm.com.br\/afogadosfm\/#\/schema\/logo\/image\/"}},{"@type":"Person","@id":"https:\/\/afogadosfm.com.br\/afogadosfm\/#\/schema\/person\/60e56f2cf5dc960fc093fe093d9e9057","name":"afogadosfm","image":{"@type":"ImageObject","inLanguage":"pt-BR","@id":"https:\/\/secure.gravatar.com\/avatar\/e0359add7ed5dc3560906d861b52c6a8cf5c1e199d3a7dd85070998f49bd4701?s=96&d=mm&r=g","url":"https:\/\/secure.gravatar.com\/avatar\/e0359add7ed5dc3560906d861b52c6a8cf5c1e199d3a7dd85070998f49bd4701?s=96&d=mm&r=g","contentUrl":"https:\/\/secure.gravatar.com\/avatar\/e0359add7ed5dc3560906d861b52c6a8cf5c1e199d3a7dd85070998f49bd4701?s=96&d=mm&r=g","caption":"afogadosfm"},"url":"https:\/\/afogadosfm.com.br\/afogadosfm\/author\/afogadosfm\/"}]}},"jetpack_publicize_connections":[],"jetpack_featured_media_url":"https:\/\/i0.wp.com\/afogadosfm.com.br\/afogadosfm\/wp-content\/uploads\/2025\/09\/carroposte.jpg?fit=877%2C592&ssl=1","jetpack-related-posts":[],"jetpack_sharing_enabled":true,"jetpack_likes_enabled":true,"_links":{"self":[{"href":"https:\/\/afogadosfm.com.br\/afogadosfm\/wp-json\/wp\/v2\/posts\/68867","targetHints":{"allow":["GET"]}}],"collection":[{"href":"https:\/\/afogadosfm.com.br\/afogadosfm\/wp-json\/wp\/v2\/posts"}],"about":[{"href":"https:\/\/afogadosfm.com.br\/afogadosfm\/wp-json\/wp\/v2\/types\/post"}],"author":[{"embeddable":true,"href":"https:\/\/afogadosfm.com.br\/afogadosfm\/wp-json\/wp\/v2\/users\/2"}],"replies":[{"embeddable":true,"href":"https:\/\/afogadosfm.com.br\/afogadosfm\/wp-json\/wp\/v2\/comments?post=68867"}],"version-history":[{"count":2,"href":"https:\/\/afogadosfm.com.br\/afogadosfm\/wp-json\/wp\/v2\/posts\/68867\/revisions"}],"predecessor-version":[{"id":68871,"href":"https:\/\/afogadosfm.com.br\/afogadosfm\/wp-json\/wp\/v2\/posts\/68867\/revisions\/68871"}],"wp:featuredmedia":[{"embeddable":true,"href":"https:\/\/afogadosfm.com.br\/afogadosfm\/wp-json\/wp\/v2\/media\/68869"}],"wp:attachment":[{"href":"https:\/\/afogadosfm.com.br\/afogadosfm\/wp-json\/wp\/v2\/media?parent=68867"}],"wp:term":[{"taxonomy":"category","embeddable":true,"href":"https:\/\/afogadosfm.com.br\/afogadosfm\/wp-json\/wp\/v2\/categories?post=68867"},{"taxonomy":"post_tag","embeddable":true,"href":"https:\/\/afogadosfm.com.br\/afogadosfm\/wp-json\/wp\/v2\/tags?post=68867"}],"curies":[{"name":"wp","href":"https:\/\/api.w.org\/{rel}","templated":true}]}}