{"id":68873,"date":"2025-09-08T05:48:24","date_gmt":"2025-09-08T08:48:24","guid":{"rendered":"https:\/\/afogadosfm.com.br\/afogadosfm\/?p=68873"},"modified":"2025-09-08T05:48:25","modified_gmt":"2025-09-08T08:48:25","slug":"lula-aproveita-foco-em-bolsonaro-e-acelera-campanha-nas-redes-e-nas-ruas","status":"publish","type":"post","link":"https:\/\/afogadosfm.com.br\/afogadosfm\/2025\/09\/08\/lula-aproveita-foco-em-bolsonaro-e-acelera-campanha-nas-redes-e-nas-ruas\/","title":{"rendered":"Lula aproveita foco em Bolsonaro e acelera campanha nas redes e nas ruas"},"content":{"rendered":"\n<p>Depois de aproveitar o tarifa\u00e7o anunciado por Donald Trump \u00e0s exporta\u00e7\u00f5es brasileiras para recuperar um pouco de popularidade, Lula usou a semana em que o Supremo Tribunal Federal (STF) iniciou o julgamento de Jair Bolsonaro por tentativa de golpe para impulsionar a sua candidatura \u00e0 reelei\u00e7\u00e3o.<\/p>\n\n\n\n<p>O petista agiu em tr\u00eas frentes. Sob a coordena\u00e7\u00e3o do marqueteiro Sid\u00f4nio Palmeira, ministro de Comunica\u00e7\u00e3o Social da Presid\u00eancia, o governo lan\u00e7ou uma campanha publicit\u00e1ria para divulgar o seu novo slogan \u2014 \u201cGoverno do Brasil: do lado do povo brasileiro\u201d.<\/p>\n\n\n\n<p>Veiculada nas redes sociais e na TV, a campanha refor\u00e7a discursos de Lula que foram bem-recebidos pelo eleitorado, como a defesa da soberania nacional, entoada em resposta \u00e0s amea\u00e7as de Trump, e tamb\u00e9m a defesa da justi\u00e7a tribut\u00e1ria. Um dos v\u00eddeos do governo traz uma sucess\u00e3o de frases curtas de apelo popular.<\/p>\n\n\n\n<p>\u201cA gente n\u00e3o vai abaixar a cabe\u00e7a para quem amea\u00e7a a nossa soberania\u201d, \u00e9 uma delas. \u201cA gente n\u00e3o vai deixar de usar o Pix. O Pix \u00e9 nosso\u201d, diz o locutor em outra passagem, referindo-se ao sistema de pagamentos cujo uso pelos brasileiros foi contestado por Trump. \u201cA gente n\u00e3o vai sossegar vendo voc\u00ea pagar mais impostos do que os super-ricos\u201d, continua o governo na pe\u00e7a publicit\u00e1ria.<\/p>\n\n\n\n<p>Segundo pesquisas recentes, esses mantras adotados por Lula ajudaram a melhorar a imagem do governo, que ainda \u00e9 mais reprovado do que aprovado pela popula\u00e7\u00e3o. Esse saldo negativo, no entanto, tem diminu\u00eddo. Para reverter o cen\u00e1rio, o presidente tamb\u00e9m acelerou o an\u00fancio de bondades.<\/p>\n","protected":false},"excerpt":{"rendered":"<p>Depois de aproveitar o tarifa\u00e7o anunciado por Donald Trump \u00e0s exporta\u00e7\u00f5es brasileiras para recuperar um pouco de popularidade, Lula usou<\/p>\n","protected":false},"author":2,"featured_media":68874,"comment_status":"open","ping_status":"open","sticky":false,"template":"","format":"standard","meta":{"jetpack_post_was_ever_published":false,"_jetpack_newsletter_access":"","_jetpack_dont_email_post_to_subs":false,"_jetpack_newsletter_tier_id":0,"_jetpack_memberships_contains_paywalled_content":false,"_jetpack_memberships_contains_paid_content":false,"footnotes":"","jetpack_publicize_message":"","jetpack_publicize_feature_enabled":true,"jetpack_social_post_already_shared":true,"jetpack_social_options":{"image_generator_settings":{"template":"highway","default_image_id":0,"font":"","enabled":false},"version":2}},"categories":[12],"tags":[],"class_list":["post-68873","post","type-post","status-publish","format-standard","has-post-thumbnail","hentry","category-brasil"],"yoast_head":"<!-- This site is optimized with the Yoast SEO plugin v27.5 - https:\/\/yoast.com\/product\/yoast-seo-wordpress\/ -->\n<title>Lula aproveita foco em Bolsonaro e acelera campanha nas redes e nas ruas - Afogados FM<\/title>\n<meta name=\"robots\" content=\"index, follow, max-snippet:-1, max-image-preview:large, max-video-preview:-1\" \/>\n<link rel=\"canonical\" href=\"https:\/\/afogadosfm.com.br\/afogadosfm\/2025\/09\/08\/lula-aproveita-foco-em-bolsonaro-e-acelera-campanha-nas-redes-e-nas-ruas\/\" \/>\n<meta property=\"og:locale\" content=\"pt_BR\" \/>\n<meta property=\"og:type\" content=\"article\" \/>\n<meta property=\"og:title\" content=\"Lula aproveita foco em Bolsonaro e acelera campanha nas redes e nas ruas - Afogados FM\" \/>\n<meta property=\"og:description\" content=\"Depois de aproveitar o tarifa\u00e7o anunciado por Donald Trump \u00e0s exporta\u00e7\u00f5es brasileiras para recuperar um pouco de popularidade, Lula usou\" \/>\n<meta property=\"og:url\" content=\"https:\/\/afogadosfm.com.br\/afogadosfm\/2025\/09\/08\/lula-aproveita-foco-em-bolsonaro-e-acelera-campanha-nas-redes-e-nas-ruas\/\" \/>\n<meta property=\"og:site_name\" content=\"Afogados FM\" \/>\n<meta property=\"article:published_time\" content=\"2025-09-08T08:48:24+00:00\" \/>\n<meta property=\"article:modified_time\" content=\"2025-09-08T08:48:25+00:00\" \/>\n<meta property=\"og:image\" content=\"https:\/\/afogadosfm.com.br\/afogadosfm\/wp-content\/uploads\/2025\/09\/lula-gas-do-povo.webp\" \/>\n\t<meta property=\"og:image:width\" content=\"1003\" \/>\n\t<meta property=\"og:image:height\" content=\"620\" \/>\n\t<meta property=\"og:image:type\" content=\"image\/webp\" \/>\n<meta name=\"author\" content=\"afogadosfm\" \/>\n<meta name=\"twitter:card\" content=\"summary_large_image\" \/>\n<meta name=\"twitter:label1\" content=\"Escrito por\" \/>\n\t<meta name=\"twitter:data1\" content=\"afogadosfm\" \/>\n\t<meta name=\"twitter:label2\" content=\"Est. tempo de leitura\" \/>\n\t<meta name=\"twitter:data2\" content=\"2 minutos\" \/>\n<script type=\"application\/ld+json\" class=\"yoast-schema-graph\">{\"@context\":\"https:\\\/\\\/schema.org\",\"@graph\":[{\"@type\":\"Article\",\"@id\":\"https:\\\/\\\/afogadosfm.com.br\\\/afogadosfm\\\/2025\\\/09\\\/08\\\/lula-aproveita-foco-em-bolsonaro-e-acelera-campanha-nas-redes-e-nas-ruas\\\/#article\",\"isPartOf\":{\"@id\":\"https:\\\/\\\/afogadosfm.com.br\\\/afogadosfm\\\/2025\\\/09\\\/08\\\/lula-aproveita-foco-em-bolsonaro-e-acelera-campanha-nas-redes-e-nas-ruas\\\/\"},\"author\":{\"name\":\"afogadosfm\",\"@id\":\"https:\\\/\\\/afogadosfm.com.br\\\/afogadosfm\\\/#\\\/schema\\\/person\\\/60e56f2cf5dc960fc093fe093d9e9057\"},\"headline\":\"Lula aproveita foco em Bolsonaro e acelera campanha nas redes e nas ruas\",\"datePublished\":\"2025-09-08T08:48:24+00:00\",\"dateModified\":\"2025-09-08T08:48:25+00:00\",\"mainEntityOfPage\":{\"@id\":\"https:\\\/\\\/afogadosfm.com.br\\\/afogadosfm\\\/2025\\\/09\\\/08\\\/lula-aproveita-foco-em-bolsonaro-e-acelera-campanha-nas-redes-e-nas-ruas\\\/\"},\"wordCount\":287,\"commentCount\":0,\"publisher\":{\"@id\":\"https:\\\/\\\/afogadosfm.com.br\\\/afogadosfm\\\/#organization\"},\"image\":{\"@id\":\"https:\\\/\\\/afogadosfm.com.br\\\/afogadosfm\\\/2025\\\/09\\\/08\\\/lula-aproveita-foco-em-bolsonaro-e-acelera-campanha-nas-redes-e-nas-ruas\\\/#primaryimage\"},\"thumbnailUrl\":\"https:\\\/\\\/i0.wp.com\\\/afogadosfm.com.br\\\/afogadosfm\\\/wp-content\\\/uploads\\\/2025\\\/09\\\/lula-gas-do-povo.webp?fit=1003%2C620&ssl=1\",\"articleSection\":[\"Brasil\"],\"inLanguage\":\"pt-BR\",\"potentialAction\":[{\"@type\":\"CommentAction\",\"name\":\"Comment\",\"target\":[\"https:\\\/\\\/afogadosfm.com.br\\\/afogadosfm\\\/2025\\\/09\\\/08\\\/lula-aproveita-foco-em-bolsonaro-e-acelera-campanha-nas-redes-e-nas-ruas\\\/#respond\"]}]},{\"@type\":\"WebPage\",\"@id\":\"https:\\\/\\\/afogadosfm.com.br\\\/afogadosfm\\\/2025\\\/09\\\/08\\\/lula-aproveita-foco-em-bolsonaro-e-acelera-campanha-nas-redes-e-nas-ruas\\\/\",\"url\":\"https:\\\/\\\/afogadosfm.com.br\\\/afogadosfm\\\/2025\\\/09\\\/08\\\/lula-aproveita-foco-em-bolsonaro-e-acelera-campanha-nas-redes-e-nas-ruas\\\/\",\"name\":\"Lula aproveita foco em Bolsonaro e acelera campanha nas redes e nas ruas - Afogados FM\",\"isPartOf\":{\"@id\":\"https:\\\/\\\/afogadosfm.com.br\\\/afogadosfm\\\/#website\"},\"primaryImageOfPage\":{\"@id\":\"https:\\\/\\\/afogadosfm.com.br\\\/afogadosfm\\\/2025\\\/09\\\/08\\\/lula-aproveita-foco-em-bolsonaro-e-acelera-campanha-nas-redes-e-nas-ruas\\\/#primaryimage\"},\"image\":{\"@id\":\"https:\\\/\\\/afogadosfm.com.br\\\/afogadosfm\\\/2025\\\/09\\\/08\\\/lula-aproveita-foco-em-bolsonaro-e-acelera-campanha-nas-redes-e-nas-ruas\\\/#primaryimage\"},\"thumbnailUrl\":\"https:\\\/\\\/i0.wp.com\\\/afogadosfm.com.br\\\/afogadosfm\\\/wp-content\\\/uploads\\\/2025\\\/09\\\/lula-gas-do-povo.webp?fit=1003%2C620&ssl=1\",\"datePublished\":\"2025-09-08T08:48:24+00:00\",\"dateModified\":\"2025-09-08T08:48:25+00:00\",\"breadcrumb\":{\"@id\":\"https:\\\/\\\/afogadosfm.com.br\\\/afogadosfm\\\/2025\\\/09\\\/08\\\/lula-aproveita-foco-em-bolsonaro-e-acelera-campanha-nas-redes-e-nas-ruas\\\/#breadcrumb\"},\"inLanguage\":\"pt-BR\",\"potentialAction\":[{\"@type\":\"ReadAction\",\"target\":[\"https:\\\/\\\/afogadosfm.com.br\\\/afogadosfm\\\/2025\\\/09\\\/08\\\/lula-aproveita-foco-em-bolsonaro-e-acelera-campanha-nas-redes-e-nas-ruas\\\/\"]}]},{\"@type\":\"ImageObject\",\"inLanguage\":\"pt-BR\",\"@id\":\"https:\\\/\\\/afogadosfm.com.br\\\/afogadosfm\\\/2025\\\/09\\\/08\\\/lula-aproveita-foco-em-bolsonaro-e-acelera-campanha-nas-redes-e-nas-ruas\\\/#primaryimage\",\"url\":\"https:\\\/\\\/i0.wp.com\\\/afogadosfm.com.br\\\/afogadosfm\\\/wp-content\\\/uploads\\\/2025\\\/09\\\/lula-gas-do-povo.webp?fit=1003%2C620&ssl=1\",\"contentUrl\":\"https:\\\/\\\/i0.wp.com\\\/afogadosfm.com.br\\\/afogadosfm\\\/wp-content\\\/uploads\\\/2025\\\/09\\\/lula-gas-do-povo.webp?fit=1003%2C620&ssl=1\",\"width\":1003,\"height\":620},{\"@type\":\"BreadcrumbList\",\"@id\":\"https:\\\/\\\/afogadosfm.com.br\\\/afogadosfm\\\/2025\\\/09\\\/08\\\/lula-aproveita-foco-em-bolsonaro-e-acelera-campanha-nas-redes-e-nas-ruas\\\/#breadcrumb\",\"itemListElement\":[{\"@type\":\"ListItem\",\"position\":1,\"name\":\"In\u00edcio\",\"item\":\"https:\\\/\\\/afogadosfm.com.br\\\/afogadosfm\\\/\"},{\"@type\":\"ListItem\",\"position\":2,\"name\":\"Lula aproveita foco em Bolsonaro e acelera campanha nas redes e nas ruas\"}]},{\"@type\":\"WebSite\",\"@id\":\"https:\\\/\\\/afogadosfm.com.br\\\/afogadosfm\\\/#website\",\"url\":\"https:\\\/\\\/afogadosfm.com.br\\\/afogadosfm\\\/\",\"name\":\"Afogados FM\",\"description\":\"Um site completo!\",\"publisher\":{\"@id\":\"https:\\\/\\\/afogadosfm.com.br\\\/afogadosfm\\\/#organization\"},\"potentialAction\":[{\"@type\":\"SearchAction\",\"target\":{\"@type\":\"EntryPoint\",\"urlTemplate\":\"https:\\\/\\\/afogadosfm.com.br\\\/afogadosfm\\\/?s={search_term_string}\"},\"query-input\":{\"@type\":\"PropertyValueSpecification\",\"valueRequired\":true,\"valueName\":\"search_term_string\"}}],\"inLanguage\":\"pt-BR\"},{\"@type\":\"Organization\",\"@id\":\"https:\\\/\\\/afogadosfm.com.br\\\/afogadosfm\\\/#organization\",\"name\":\"Afogados FM\",\"url\":\"https:\\\/\\\/afogadosfm.com.br\\\/afogadosfm\\\/\",\"logo\":{\"@type\":\"ImageObject\",\"inLanguage\":\"pt-BR\",\"@id\":\"https:\\\/\\\/afogadosfm.com.br\\\/afogadosfm\\\/#\\\/schema\\\/logo\\\/image\\\/\",\"url\":\"https:\\\/\\\/i0.wp.com\\\/afogadosfm.com.br\\\/afogadosfm\\\/wp-content\\\/uploads\\\/2020\\\/06\\\/cropped-banner-afogados-4.jpg?fit=369%2C137&ssl=1\",\"contentUrl\":\"https:\\\/\\\/i0.wp.com\\\/afogadosfm.com.br\\\/afogadosfm\\\/wp-content\\\/uploads\\\/2020\\\/06\\\/cropped-banner-afogados-4.jpg?fit=369%2C137&ssl=1\",\"width\":369,\"height\":137,\"caption\":\"Afogados FM\"},\"image\":{\"@id\":\"https:\\\/\\\/afogadosfm.com.br\\\/afogadosfm\\\/#\\\/schema\\\/logo\\\/image\\\/\"}},{\"@type\":\"Person\",\"@id\":\"https:\\\/\\\/afogadosfm.com.br\\\/afogadosfm\\\/#\\\/schema\\\/person\\\/60e56f2cf5dc960fc093fe093d9e9057\",\"name\":\"afogadosfm\",\"image\":{\"@type\":\"ImageObject\",\"inLanguage\":\"pt-BR\",\"@id\":\"https:\\\/\\\/secure.gravatar.com\\\/avatar\\\/e0359add7ed5dc3560906d861b52c6a8cf5c1e199d3a7dd85070998f49bd4701?s=96&d=mm&r=g\",\"url\":\"https:\\\/\\\/secure.gravatar.com\\\/avatar\\\/e0359add7ed5dc3560906d861b52c6a8cf5c1e199d3a7dd85070998f49bd4701?s=96&d=mm&r=g\",\"contentUrl\":\"https:\\\/\\\/secure.gravatar.com\\\/avatar\\\/e0359add7ed5dc3560906d861b52c6a8cf5c1e199d3a7dd85070998f49bd4701?s=96&d=mm&r=g\",\"caption\":\"afogadosfm\"},\"url\":\"https:\\\/\\\/afogadosfm.com.br\\\/afogadosfm\\\/author\\\/afogadosfm\\\/\"}]}<\/script>\n<!-- \/ Yoast SEO plugin. -->","yoast_head_json":{"title":"Lula aproveita foco em Bolsonaro e acelera campanha nas redes e nas ruas - Afogados FM","robots":{"index":"index","follow":"follow","max-snippet":"max-snippet:-1","max-image-preview":"max-image-preview:large","max-video-preview":"max-video-preview:-1"},"canonical":"https:\/\/afogadosfm.com.br\/afogadosfm\/2025\/09\/08\/lula-aproveita-foco-em-bolsonaro-e-acelera-campanha-nas-redes-e-nas-ruas\/","og_locale":"pt_BR","og_type":"article","og_title":"Lula aproveita foco em Bolsonaro e acelera campanha nas redes e nas ruas - Afogados FM","og_description":"Depois de aproveitar o tarifa\u00e7o anunciado por Donald Trump \u00e0s exporta\u00e7\u00f5es brasileiras para recuperar um pouco de popularidade, Lula usou","og_url":"https:\/\/afogadosfm.com.br\/afogadosfm\/2025\/09\/08\/lula-aproveita-foco-em-bolsonaro-e-acelera-campanha-nas-redes-e-nas-ruas\/","og_site_name":"Afogados FM","article_published_time":"2025-09-08T08:48:24+00:00","article_modified_time":"2025-09-08T08:48:25+00:00","og_image":[{"width":1003,"height":620,"url":"https:\/\/afogadosfm.com.br\/afogadosfm\/wp-content\/uploads\/2025\/09\/lula-gas-do-povo.webp","type":"image\/webp"}],"author":"afogadosfm","twitter_card":"summary_large_image","twitter_misc":{"Escrito por":"afogadosfm","Est. tempo de leitura":"2 minutos"},"schema":{"@context":"https:\/\/schema.org","@graph":[{"@type":"Article","@id":"https:\/\/afogadosfm.com.br\/afogadosfm\/2025\/09\/08\/lula-aproveita-foco-em-bolsonaro-e-acelera-campanha-nas-redes-e-nas-ruas\/#article","isPartOf":{"@id":"https:\/\/afogadosfm.com.br\/afogadosfm\/2025\/09\/08\/lula-aproveita-foco-em-bolsonaro-e-acelera-campanha-nas-redes-e-nas-ruas\/"},"author":{"name":"afogadosfm","@id":"https:\/\/afogadosfm.com.br\/afogadosfm\/#\/schema\/person\/60e56f2cf5dc960fc093fe093d9e9057"},"headline":"Lula aproveita foco em Bolsonaro e acelera campanha nas redes e nas ruas","datePublished":"2025-09-08T08:48:24+00:00","dateModified":"2025-09-08T08:48:25+00:00","mainEntityOfPage":{"@id":"https:\/\/afogadosfm.com.br\/afogadosfm\/2025\/09\/08\/lula-aproveita-foco-em-bolsonaro-e-acelera-campanha-nas-redes-e-nas-ruas\/"},"wordCount":287,"commentCount":0,"publisher":{"@id":"https:\/\/afogadosfm.com.br\/afogadosfm\/#organization"},"image":{"@id":"https:\/\/afogadosfm.com.br\/afogadosfm\/2025\/09\/08\/lula-aproveita-foco-em-bolsonaro-e-acelera-campanha-nas-redes-e-nas-ruas\/#primaryimage"},"thumbnailUrl":"https:\/\/i0.wp.com\/afogadosfm.com.br\/afogadosfm\/wp-content\/uploads\/2025\/09\/lula-gas-do-povo.webp?fit=1003%2C620&ssl=1","articleSection":["Brasil"],"inLanguage":"pt-BR","potentialAction":[{"@type":"CommentAction","name":"Comment","target":["https:\/\/afogadosfm.com.br\/afogadosfm\/2025\/09\/08\/lula-aproveita-foco-em-bolsonaro-e-acelera-campanha-nas-redes-e-nas-ruas\/#respond"]}]},{"@type":"WebPage","@id":"https:\/\/afogadosfm.com.br\/afogadosfm\/2025\/09\/08\/lula-aproveita-foco-em-bolsonaro-e-acelera-campanha-nas-redes-e-nas-ruas\/","url":"https:\/\/afogadosfm.com.br\/afogadosfm\/2025\/09\/08\/lula-aproveita-foco-em-bolsonaro-e-acelera-campanha-nas-redes-e-nas-ruas\/","name":"Lula aproveita foco em Bolsonaro e acelera campanha nas redes e nas ruas - Afogados FM","isPartOf":{"@id":"https:\/\/afogadosfm.com.br\/afogadosfm\/#website"},"primaryImageOfPage":{"@id":"https:\/\/afogadosfm.com.br\/afogadosfm\/2025\/09\/08\/lula-aproveita-foco-em-bolsonaro-e-acelera-campanha-nas-redes-e-nas-ruas\/#primaryimage"},"image":{"@id":"https:\/\/afogadosfm.com.br\/afogadosfm\/2025\/09\/08\/lula-aproveita-foco-em-bolsonaro-e-acelera-campanha-nas-redes-e-nas-ruas\/#primaryimage"},"thumbnailUrl":"https:\/\/i0.wp.com\/afogadosfm.com.br\/afogadosfm\/wp-content\/uploads\/2025\/09\/lula-gas-do-povo.webp?fit=1003%2C620&ssl=1","datePublished":"2025-09-08T08:48:24+00:00","dateModified":"2025-09-08T08:48:25+00:00","breadcrumb":{"@id":"https:\/\/afogadosfm.com.br\/afogadosfm\/2025\/09\/08\/lula-aproveita-foco-em-bolsonaro-e-acelera-campanha-nas-redes-e-nas-ruas\/#breadcrumb"},"inLanguage":"pt-BR","potentialAction":[{"@type":"ReadAction","target":["https:\/\/afogadosfm.com.br\/afogadosfm\/2025\/09\/08\/lula-aproveita-foco-em-bolsonaro-e-acelera-campanha-nas-redes-e-nas-ruas\/"]}]},{"@type":"ImageObject","inLanguage":"pt-BR","@id":"https:\/\/afogadosfm.com.br\/afogadosfm\/2025\/09\/08\/lula-aproveita-foco-em-bolsonaro-e-acelera-campanha-nas-redes-e-nas-ruas\/#primaryimage","url":"https:\/\/i0.wp.com\/afogadosfm.com.br\/afogadosfm\/wp-content\/uploads\/2025\/09\/lula-gas-do-povo.webp?fit=1003%2C620&ssl=1","contentUrl":"https:\/\/i0.wp.com\/afogadosfm.com.br\/afogadosfm\/wp-content\/uploads\/2025\/09\/lula-gas-do-povo.webp?fit=1003%2C620&ssl=1","width":1003,"height":620},{"@type":"BreadcrumbList","@id":"https:\/\/afogadosfm.com.br\/afogadosfm\/2025\/09\/08\/lula-aproveita-foco-em-bolsonaro-e-acelera-campanha-nas-redes-e-nas-ruas\/#breadcrumb","itemListElement":[{"@type":"ListItem","position":1,"name":"In\u00edcio","item":"https:\/\/afogadosfm.com.br\/afogadosfm\/"},{"@type":"ListItem","position":2,"name":"Lula aproveita foco em Bolsonaro e acelera campanha nas redes e nas ruas"}]},{"@type":"WebSite","@id":"https:\/\/afogadosfm.com.br\/afogadosfm\/#website","url":"https:\/\/afogadosfm.com.br\/afogadosfm\/","name":"Afogados FM","description":"Um site completo!","publisher":{"@id":"https:\/\/afogadosfm.com.br\/afogadosfm\/#organization"},"potentialAction":[{"@type":"SearchAction","target":{"@type":"EntryPoint","urlTemplate":"https:\/\/afogadosfm.com.br\/afogadosfm\/?s={search_term_string}"},"query-input":{"@type":"PropertyValueSpecification","valueRequired":true,"valueName":"search_term_string"}}],"inLanguage":"pt-BR"},{"@type":"Organization","@id":"https:\/\/afogadosfm.com.br\/afogadosfm\/#organization","name":"Afogados FM","url":"https:\/\/afogadosfm.com.br\/afogadosfm\/","logo":{"@type":"ImageObject","inLanguage":"pt-BR","@id":"https:\/\/afogadosfm.com.br\/afogadosfm\/#\/schema\/logo\/image\/","url":"https:\/\/i0.wp.com\/afogadosfm.com.br\/afogadosfm\/wp-content\/uploads\/2020\/06\/cropped-banner-afogados-4.jpg?fit=369%2C137&ssl=1","contentUrl":"https:\/\/i0.wp.com\/afogadosfm.com.br\/afogadosfm\/wp-content\/uploads\/2020\/06\/cropped-banner-afogados-4.jpg?fit=369%2C137&ssl=1","width":369,"height":137,"caption":"Afogados FM"},"image":{"@id":"https:\/\/afogadosfm.com.br\/afogadosfm\/#\/schema\/logo\/image\/"}},{"@type":"Person","@id":"https:\/\/afogadosfm.com.br\/afogadosfm\/#\/schema\/person\/60e56f2cf5dc960fc093fe093d9e9057","name":"afogadosfm","image":{"@type":"ImageObject","inLanguage":"pt-BR","@id":"https:\/\/secure.gravatar.com\/avatar\/e0359add7ed5dc3560906d861b52c6a8cf5c1e199d3a7dd85070998f49bd4701?s=96&d=mm&r=g","url":"https:\/\/secure.gravatar.com\/avatar\/e0359add7ed5dc3560906d861b52c6a8cf5c1e199d3a7dd85070998f49bd4701?s=96&d=mm&r=g","contentUrl":"https:\/\/secure.gravatar.com\/avatar\/e0359add7ed5dc3560906d861b52c6a8cf5c1e199d3a7dd85070998f49bd4701?s=96&d=mm&r=g","caption":"afogadosfm"},"url":"https:\/\/afogadosfm.com.br\/afogadosfm\/author\/afogadosfm\/"}]}},"jetpack_publicize_connections":[],"jetpack_featured_media_url":"https:\/\/i0.wp.com\/afogadosfm.com.br\/afogadosfm\/wp-content\/uploads\/2025\/09\/lula-gas-do-povo.webp?fit=1003%2C620&ssl=1","jetpack-related-posts":[],"jetpack_sharing_enabled":true,"jetpack_likes_enabled":true,"_links":{"self":[{"href":"https:\/\/afogadosfm.com.br\/afogadosfm\/wp-json\/wp\/v2\/posts\/68873","targetHints":{"allow":["GET"]}}],"collection":[{"href":"https:\/\/afogadosfm.com.br\/afogadosfm\/wp-json\/wp\/v2\/posts"}],"about":[{"href":"https:\/\/afogadosfm.com.br\/afogadosfm\/wp-json\/wp\/v2\/types\/post"}],"author":[{"embeddable":true,"href":"https:\/\/afogadosfm.com.br\/afogadosfm\/wp-json\/wp\/v2\/users\/2"}],"replies":[{"embeddable":true,"href":"https:\/\/afogadosfm.com.br\/afogadosfm\/wp-json\/wp\/v2\/comments?post=68873"}],"version-history":[{"count":1,"href":"https:\/\/afogadosfm.com.br\/afogadosfm\/wp-json\/wp\/v2\/posts\/68873\/revisions"}],"predecessor-version":[{"id":68875,"href":"https:\/\/afogadosfm.com.br\/afogadosfm\/wp-json\/wp\/v2\/posts\/68873\/revisions\/68875"}],"wp:featuredmedia":[{"embeddable":true,"href":"https:\/\/afogadosfm.com.br\/afogadosfm\/wp-json\/wp\/v2\/media\/68874"}],"wp:attachment":[{"href":"https:\/\/afogadosfm.com.br\/afogadosfm\/wp-json\/wp\/v2\/media?parent=68873"}],"wp:term":[{"taxonomy":"category","embeddable":true,"href":"https:\/\/afogadosfm.com.br\/afogadosfm\/wp-json\/wp\/v2\/categories?post=68873"},{"taxonomy":"post_tag","embeddable":true,"href":"https:\/\/afogadosfm.com.br\/afogadosfm\/wp-json\/wp\/v2\/tags?post=68873"}],"curies":[{"name":"wp","href":"https:\/\/api.w.org\/{rel}","templated":true}]}}