{"id":69025,"date":"2025-09-14T08:15:38","date_gmt":"2025-09-14T11:15:38","guid":{"rendered":"https:\/\/afogadosfm.com.br\/afogadosfm\/?p=69025"},"modified":"2025-09-14T08:15:39","modified_gmt":"2025-09-14T11:15:39","slug":"ficha-limpa-e-punicao-criminal-por-que-bolsonaro-esta-inelegivel-ate-2060","status":"publish","type":"post","link":"https:\/\/afogadosfm.com.br\/afogadosfm\/2025\/09\/14\/ficha-limpa-e-punicao-criminal-por-que-bolsonaro-esta-inelegivel-ate-2060\/","title":{"rendered":"Ficha Limpa e puni\u00e7\u00e3o criminal: por que Bolsonaro est\u00e1 ineleg\u00edvel at\u00e9 2060"},"content":{"rendered":"\n<p>A decis\u00e3o da Primeira Turma do Supremo Tribunal Federal (STF) que condenou o ex-presidente Jair Bolsonaro a uma pena de 27 anos e tr\u00eas meses por tentar dar um golpe de estado tamb\u00e9m imp\u00f4s a ele e aos outros r\u00e9us a san\u00e7\u00e3o de inelegibilidade, com base na Lei da Ficha Limpa, al\u00e9m da inelegibilidade decorrente da condena\u00e7\u00e3o criminal.<\/p>\n\n\n\n<p>Bolsonaro j\u00e1 estava ineleg\u00edvel at\u00e9 2030 por conta de duas decis\u00f5es proferidas pela Justi\u00e7a Eleitoral, uma no caso da reuni\u00e3o com embaixadores de outros pa\u00edses no Pal\u00e1cio do Planalto, quando ele atacou as urnas eletr\u00f4nicas, e outra no caso do 7 de setembro de 2022, quando usou estrutura do estado para fazer campanha pol\u00edtica. Agora, a inelegibilidade imposta na \u00faltima quinta-feira (11), pode durar at\u00e9 2060.<\/p>\n\n\n\n<p>A maior inelegibilidade agora passa a ser a decorrente do veredicto de condenado por tentativa de golpe de estado e outros quatro crimes imposto pela Primeira Turma do STF. Isso porque pessoas que t\u00eam condena\u00e7\u00e3o criminal n\u00e3o podem ser candidatas. A conven\u00e7\u00e3o do partido pol\u00edtico pode at\u00e9 escolh\u00ea-las, mas, quando o registro de candidatura for feito, a Justi\u00e7a Eleitoral rejeitaria a possibilidade. A \u00fanica exce\u00e7\u00e3o a essa regra \u00e9 quando a pessoa condenada ainda est\u00e1 recorrendo, ou seja, quando n\u00e3o existe tr\u00e2nsito em julgado da decis\u00e3o condenat\u00f3ria. A defesa de Bolsonaro deve tentar alguns tipos de recursos para atrasar o m\u00e1ximo poss\u00edvel o desfecho final do processo.<\/p>\n\n\n\n<p>Mesmo que Bolsonaro obtenha, no futuro, uma progress\u00e3o de regime e v\u00e1 para o semiaberto, a inelegibilidade de natureza criminal vai permanecer at\u00e9 o fim do cumprimento da pena. O ex-presidente nasceu em mar\u00e7o de 1955, se ele come\u00e7asse a cumprir a pena hoje, sem contar as chances de remiss\u00e3o por leitura ou trabalho, terminar\u00e1 de cumprir a penalidade em 2052, quando j\u00e1 estiver com 97. Se Bolsonaro viver at\u00e9 essa idade, que est\u00e1 bastante acima da expectativa m\u00e9dia de vida das pessoas, dificilmente teria condi\u00e7\u00f5es de sa\u00fade para enfrentar uma campanha e um novo mandato presidencial.<\/p>\n\n\n\n<p>Al\u00e9m disso, a san\u00e7\u00e3o imposta pela Lei da Ficha Limpa, tamb\u00e9m determinada pela Primeira. turma do STF ,prev\u00ea mais oito anos de inelegibilidade depois de cumprida a pena.<\/p>\n\n\n\n<p><strong>Luta por anistia<\/strong><\/p>\n\n\n\n<p>Por isso, aliados pol\u00edticos do ex-presidente apostam todas as suas fichas em um projeto de anistia que livre Bolsonaro todas as condena\u00e7\u00f5es. A minuta elaborada pelo PL prev\u00ea um amplo perd\u00e3o, retroativo a 2019, que pode inocentar n\u00e3o s\u00f3 o ex-presidente como v\u00e1rios bolsonaristas: Daniel Silveira, Carla Zambelli, os generais Augusto Heleno e Braga Netto e todos os r\u00e9us dos seis n\u00facleos da trama golpista, al\u00e9m dos executores, mentores e financiadores dos atos golpistas do 8 de Janeiro (que ainda est\u00e3o sendo investigados e identificados).<\/p>\n\n\n\n<p>\u201cVamos trabalhar pela anistia para Bolsonaro ser candidato. Temos esperan\u00e7a\u201d, disse o presidente do PL, Valdemar Costa Neto. Durante as sess\u00f5es de julgamento, outros parlamentares pr\u00f3ximos do ex-presidente se mantiveram articulados em reuni\u00f5es e encontros, alardeando que possuem maioria para pautar e aprovar a anistia. O apelo, no entanto, n\u00e3o encontra guarida nos presidentes da C\u00e2mara e do Senado, que n\u00e3o t\u00eam cedido \u00e0 press\u00e3o dos bolsonaristas.<\/p>\n\n\n\n<p>Da Veja<\/p>\n","protected":false},"excerpt":{"rendered":"<p>A decis\u00e3o da Primeira Turma do Supremo Tribunal Federal (STF) que condenou o ex-presidente Jair Bolsonaro a uma pena de<\/p>\n","protected":false},"author":2,"featured_media":64519,"comment_status":"open","ping_status":"open","sticky":false,"template":"","format":"standard","meta":{"jetpack_post_was_ever_published":false,"_jetpack_newsletter_access":"","_jetpack_dont_email_post_to_subs":false,"_jetpack_newsletter_tier_id":0,"_jetpack_memberships_contains_paywalled_content":false,"_jetpack_memberships_contains_paid_content":false,"footnotes":"","jetpack_publicize_message":"","jetpack_publicize_feature_enabled":true,"jetpack_social_post_already_shared":true,"jetpack_social_options":{"image_generator_settings":{"template":"highway","default_image_id":0,"font":"","enabled":false},"version":2}},"categories":[12],"tags":[],"class_list":["post-69025","post","type-post","status-publish","format-standard","has-post-thumbnail","hentry","category-brasil"],"yoast_head":"<!-- This site is optimized with the Yoast SEO plugin v27.5 - https:\/\/yoast.com\/product\/yoast-seo-wordpress\/ -->\n<title>Ficha Limpa e puni\u00e7\u00e3o criminal: por que Bolsonaro est\u00e1 ineleg\u00edvel at\u00e9 2060 - Afogados FM<\/title>\n<meta name=\"robots\" content=\"index, follow, max-snippet:-1, max-image-preview:large, max-video-preview:-1\" \/>\n<link rel=\"canonical\" href=\"https:\/\/afogadosfm.com.br\/afogadosfm\/2025\/09\/14\/ficha-limpa-e-punicao-criminal-por-que-bolsonaro-esta-inelegivel-ate-2060\/\" \/>\n<meta property=\"og:locale\" content=\"pt_BR\" \/>\n<meta property=\"og:type\" content=\"article\" \/>\n<meta property=\"og:title\" content=\"Ficha Limpa e puni\u00e7\u00e3o criminal: por que Bolsonaro est\u00e1 ineleg\u00edvel at\u00e9 2060 - Afogados FM\" \/>\n<meta property=\"og:description\" content=\"A decis\u00e3o da Primeira Turma do Supremo Tribunal Federal (STF) que condenou o ex-presidente Jair Bolsonaro a uma pena de\" \/>\n<meta property=\"og:url\" content=\"https:\/\/afogadosfm.com.br\/afogadosfm\/2025\/09\/14\/ficha-limpa-e-punicao-criminal-por-que-bolsonaro-esta-inelegivel-ate-2060\/\" \/>\n<meta property=\"og:site_name\" content=\"Afogados FM\" \/>\n<meta property=\"article:published_time\" content=\"2025-09-14T11:15:38+00:00\" \/>\n<meta property=\"article:modified_time\" content=\"2025-09-14T11:15:39+00:00\" \/>\n<meta property=\"og:image\" content=\"https:\/\/afogadosfm.com.br\/afogadosfm\/wp-content\/uploads\/2025\/03\/bolsostf.jpeg\" \/>\n\t<meta property=\"og:image:width\" content=\"400\" \/>\n\t<meta property=\"og:image:height\" content=\"266\" \/>\n\t<meta property=\"og:image:type\" content=\"image\/jpeg\" \/>\n<meta name=\"author\" content=\"afogadosfm\" \/>\n<meta name=\"twitter:card\" content=\"summary_large_image\" \/>\n<meta name=\"twitter:label1\" content=\"Escrito por\" \/>\n\t<meta name=\"twitter:data1\" content=\"afogadosfm\" \/>\n\t<meta name=\"twitter:label2\" content=\"Est. tempo de leitura\" \/>\n\t<meta name=\"twitter:data2\" content=\"4 minutos\" \/>\n<script type=\"application\/ld+json\" class=\"yoast-schema-graph\">{\"@context\":\"https:\\\/\\\/schema.org\",\"@graph\":[{\"@type\":\"Article\",\"@id\":\"https:\\\/\\\/afogadosfm.com.br\\\/afogadosfm\\\/2025\\\/09\\\/14\\\/ficha-limpa-e-punicao-criminal-por-que-bolsonaro-esta-inelegivel-ate-2060\\\/#article\",\"isPartOf\":{\"@id\":\"https:\\\/\\\/afogadosfm.com.br\\\/afogadosfm\\\/2025\\\/09\\\/14\\\/ficha-limpa-e-punicao-criminal-por-que-bolsonaro-esta-inelegivel-ate-2060\\\/\"},\"author\":{\"name\":\"afogadosfm\",\"@id\":\"https:\\\/\\\/afogadosfm.com.br\\\/afogadosfm\\\/#\\\/schema\\\/person\\\/60e56f2cf5dc960fc093fe093d9e9057\"},\"headline\":\"Ficha Limpa e puni\u00e7\u00e3o criminal: por que Bolsonaro est\u00e1 ineleg\u00edvel at\u00e9 2060\",\"datePublished\":\"2025-09-14T11:15:38+00:00\",\"dateModified\":\"2025-09-14T11:15:39+00:00\",\"mainEntityOfPage\":{\"@id\":\"https:\\\/\\\/afogadosfm.com.br\\\/afogadosfm\\\/2025\\\/09\\\/14\\\/ficha-limpa-e-punicao-criminal-por-que-bolsonaro-esta-inelegivel-ate-2060\\\/\"},\"wordCount\":571,\"commentCount\":0,\"publisher\":{\"@id\":\"https:\\\/\\\/afogadosfm.com.br\\\/afogadosfm\\\/#organization\"},\"image\":{\"@id\":\"https:\\\/\\\/afogadosfm.com.br\\\/afogadosfm\\\/2025\\\/09\\\/14\\\/ficha-limpa-e-punicao-criminal-por-que-bolsonaro-esta-inelegivel-ate-2060\\\/#primaryimage\"},\"thumbnailUrl\":\"https:\\\/\\\/i0.wp.com\\\/afogadosfm.com.br\\\/afogadosfm\\\/wp-content\\\/uploads\\\/2025\\\/03\\\/bolsostf.jpeg?fit=400%2C266&ssl=1\",\"articleSection\":[\"Brasil\"],\"inLanguage\":\"pt-BR\",\"potentialAction\":[{\"@type\":\"CommentAction\",\"name\":\"Comment\",\"target\":[\"https:\\\/\\\/afogadosfm.com.br\\\/afogadosfm\\\/2025\\\/09\\\/14\\\/ficha-limpa-e-punicao-criminal-por-que-bolsonaro-esta-inelegivel-ate-2060\\\/#respond\"]}]},{\"@type\":\"WebPage\",\"@id\":\"https:\\\/\\\/afogadosfm.com.br\\\/afogadosfm\\\/2025\\\/09\\\/14\\\/ficha-limpa-e-punicao-criminal-por-que-bolsonaro-esta-inelegivel-ate-2060\\\/\",\"url\":\"https:\\\/\\\/afogadosfm.com.br\\\/afogadosfm\\\/2025\\\/09\\\/14\\\/ficha-limpa-e-punicao-criminal-por-que-bolsonaro-esta-inelegivel-ate-2060\\\/\",\"name\":\"Ficha Limpa e puni\u00e7\u00e3o criminal: por que Bolsonaro est\u00e1 ineleg\u00edvel at\u00e9 2060 - Afogados FM\",\"isPartOf\":{\"@id\":\"https:\\\/\\\/afogadosfm.com.br\\\/afogadosfm\\\/#website\"},\"primaryImageOfPage\":{\"@id\":\"https:\\\/\\\/afogadosfm.com.br\\\/afogadosfm\\\/2025\\\/09\\\/14\\\/ficha-limpa-e-punicao-criminal-por-que-bolsonaro-esta-inelegivel-ate-2060\\\/#primaryimage\"},\"image\":{\"@id\":\"https:\\\/\\\/afogadosfm.com.br\\\/afogadosfm\\\/2025\\\/09\\\/14\\\/ficha-limpa-e-punicao-criminal-por-que-bolsonaro-esta-inelegivel-ate-2060\\\/#primaryimage\"},\"thumbnailUrl\":\"https:\\\/\\\/i0.wp.com\\\/afogadosfm.com.br\\\/afogadosfm\\\/wp-content\\\/uploads\\\/2025\\\/03\\\/bolsostf.jpeg?fit=400%2C266&ssl=1\",\"datePublished\":\"2025-09-14T11:15:38+00:00\",\"dateModified\":\"2025-09-14T11:15:39+00:00\",\"breadcrumb\":{\"@id\":\"https:\\\/\\\/afogadosfm.com.br\\\/afogadosfm\\\/2025\\\/09\\\/14\\\/ficha-limpa-e-punicao-criminal-por-que-bolsonaro-esta-inelegivel-ate-2060\\\/#breadcrumb\"},\"inLanguage\":\"pt-BR\",\"potentialAction\":[{\"@type\":\"ReadAction\",\"target\":[\"https:\\\/\\\/afogadosfm.com.br\\\/afogadosfm\\\/2025\\\/09\\\/14\\\/ficha-limpa-e-punicao-criminal-por-que-bolsonaro-esta-inelegivel-ate-2060\\\/\"]}]},{\"@type\":\"ImageObject\",\"inLanguage\":\"pt-BR\",\"@id\":\"https:\\\/\\\/afogadosfm.com.br\\\/afogadosfm\\\/2025\\\/09\\\/14\\\/ficha-limpa-e-punicao-criminal-por-que-bolsonaro-esta-inelegivel-ate-2060\\\/#primaryimage\",\"url\":\"https:\\\/\\\/i0.wp.com\\\/afogadosfm.com.br\\\/afogadosfm\\\/wp-content\\\/uploads\\\/2025\\\/03\\\/bolsostf.jpeg?fit=400%2C266&ssl=1\",\"contentUrl\":\"https:\\\/\\\/i0.wp.com\\\/afogadosfm.com.br\\\/afogadosfm\\\/wp-content\\\/uploads\\\/2025\\\/03\\\/bolsostf.jpeg?fit=400%2C266&ssl=1\",\"width\":400,\"height\":266},{\"@type\":\"BreadcrumbList\",\"@id\":\"https:\\\/\\\/afogadosfm.com.br\\\/afogadosfm\\\/2025\\\/09\\\/14\\\/ficha-limpa-e-punicao-criminal-por-que-bolsonaro-esta-inelegivel-ate-2060\\\/#breadcrumb\",\"itemListElement\":[{\"@type\":\"ListItem\",\"position\":1,\"name\":\"In\u00edcio\",\"item\":\"https:\\\/\\\/afogadosfm.com.br\\\/afogadosfm\\\/\"},{\"@type\":\"ListItem\",\"position\":2,\"name\":\"Ficha Limpa e puni\u00e7\u00e3o criminal: por que Bolsonaro est\u00e1 ineleg\u00edvel at\u00e9 2060\"}]},{\"@type\":\"WebSite\",\"@id\":\"https:\\\/\\\/afogadosfm.com.br\\\/afogadosfm\\\/#website\",\"url\":\"https:\\\/\\\/afogadosfm.com.br\\\/afogadosfm\\\/\",\"name\":\"Afogados FM\",\"description\":\"Um site completo!\",\"publisher\":{\"@id\":\"https:\\\/\\\/afogadosfm.com.br\\\/afogadosfm\\\/#organization\"},\"potentialAction\":[{\"@type\":\"SearchAction\",\"target\":{\"@type\":\"EntryPoint\",\"urlTemplate\":\"https:\\\/\\\/afogadosfm.com.br\\\/afogadosfm\\\/?s={search_term_string}\"},\"query-input\":{\"@type\":\"PropertyValueSpecification\",\"valueRequired\":true,\"valueName\":\"search_term_string\"}}],\"inLanguage\":\"pt-BR\"},{\"@type\":\"Organization\",\"@id\":\"https:\\\/\\\/afogadosfm.com.br\\\/afogadosfm\\\/#organization\",\"name\":\"Afogados FM\",\"url\":\"https:\\\/\\\/afogadosfm.com.br\\\/afogadosfm\\\/\",\"logo\":{\"@type\":\"ImageObject\",\"inLanguage\":\"pt-BR\",\"@id\":\"https:\\\/\\\/afogadosfm.com.br\\\/afogadosfm\\\/#\\\/schema\\\/logo\\\/image\\\/\",\"url\":\"https:\\\/\\\/i0.wp.com\\\/afogadosfm.com.br\\\/afogadosfm\\\/wp-content\\\/uploads\\\/2020\\\/06\\\/cropped-banner-afogados-4.jpg?fit=369%2C137&ssl=1\",\"contentUrl\":\"https:\\\/\\\/i0.wp.com\\\/afogadosfm.com.br\\\/afogadosfm\\\/wp-content\\\/uploads\\\/2020\\\/06\\\/cropped-banner-afogados-4.jpg?fit=369%2C137&ssl=1\",\"width\":369,\"height\":137,\"caption\":\"Afogados FM\"},\"image\":{\"@id\":\"https:\\\/\\\/afogadosfm.com.br\\\/afogadosfm\\\/#\\\/schema\\\/logo\\\/image\\\/\"}},{\"@type\":\"Person\",\"@id\":\"https:\\\/\\\/afogadosfm.com.br\\\/afogadosfm\\\/#\\\/schema\\\/person\\\/60e56f2cf5dc960fc093fe093d9e9057\",\"name\":\"afogadosfm\",\"image\":{\"@type\":\"ImageObject\",\"inLanguage\":\"pt-BR\",\"@id\":\"https:\\\/\\\/secure.gravatar.com\\\/avatar\\\/e0359add7ed5dc3560906d861b52c6a8cf5c1e199d3a7dd85070998f49bd4701?s=96&d=mm&r=g\",\"url\":\"https:\\\/\\\/secure.gravatar.com\\\/avatar\\\/e0359add7ed5dc3560906d861b52c6a8cf5c1e199d3a7dd85070998f49bd4701?s=96&d=mm&r=g\",\"contentUrl\":\"https:\\\/\\\/secure.gravatar.com\\\/avatar\\\/e0359add7ed5dc3560906d861b52c6a8cf5c1e199d3a7dd85070998f49bd4701?s=96&d=mm&r=g\",\"caption\":\"afogadosfm\"},\"url\":\"https:\\\/\\\/afogadosfm.com.br\\\/afogadosfm\\\/author\\\/afogadosfm\\\/\"}]}<\/script>\n<!-- \/ Yoast SEO plugin. -->","yoast_head_json":{"title":"Ficha Limpa e puni\u00e7\u00e3o criminal: por que Bolsonaro est\u00e1 ineleg\u00edvel at\u00e9 2060 - Afogados FM","robots":{"index":"index","follow":"follow","max-snippet":"max-snippet:-1","max-image-preview":"max-image-preview:large","max-video-preview":"max-video-preview:-1"},"canonical":"https:\/\/afogadosfm.com.br\/afogadosfm\/2025\/09\/14\/ficha-limpa-e-punicao-criminal-por-que-bolsonaro-esta-inelegivel-ate-2060\/","og_locale":"pt_BR","og_type":"article","og_title":"Ficha Limpa e puni\u00e7\u00e3o criminal: por que Bolsonaro est\u00e1 ineleg\u00edvel at\u00e9 2060 - Afogados FM","og_description":"A decis\u00e3o da Primeira Turma do Supremo Tribunal Federal (STF) que condenou o ex-presidente Jair Bolsonaro a uma pena de","og_url":"https:\/\/afogadosfm.com.br\/afogadosfm\/2025\/09\/14\/ficha-limpa-e-punicao-criminal-por-que-bolsonaro-esta-inelegivel-ate-2060\/","og_site_name":"Afogados FM","article_published_time":"2025-09-14T11:15:38+00:00","article_modified_time":"2025-09-14T11:15:39+00:00","og_image":[{"width":400,"height":266,"url":"https:\/\/afogadosfm.com.br\/afogadosfm\/wp-content\/uploads\/2025\/03\/bolsostf.jpeg","type":"image\/jpeg"}],"author":"afogadosfm","twitter_card":"summary_large_image","twitter_misc":{"Escrito por":"afogadosfm","Est. tempo de leitura":"4 minutos"},"schema":{"@context":"https:\/\/schema.org","@graph":[{"@type":"Article","@id":"https:\/\/afogadosfm.com.br\/afogadosfm\/2025\/09\/14\/ficha-limpa-e-punicao-criminal-por-que-bolsonaro-esta-inelegivel-ate-2060\/#article","isPartOf":{"@id":"https:\/\/afogadosfm.com.br\/afogadosfm\/2025\/09\/14\/ficha-limpa-e-punicao-criminal-por-que-bolsonaro-esta-inelegivel-ate-2060\/"},"author":{"name":"afogadosfm","@id":"https:\/\/afogadosfm.com.br\/afogadosfm\/#\/schema\/person\/60e56f2cf5dc960fc093fe093d9e9057"},"headline":"Ficha Limpa e puni\u00e7\u00e3o criminal: por que Bolsonaro est\u00e1 ineleg\u00edvel at\u00e9 2060","datePublished":"2025-09-14T11:15:38+00:00","dateModified":"2025-09-14T11:15:39+00:00","mainEntityOfPage":{"@id":"https:\/\/afogadosfm.com.br\/afogadosfm\/2025\/09\/14\/ficha-limpa-e-punicao-criminal-por-que-bolsonaro-esta-inelegivel-ate-2060\/"},"wordCount":571,"commentCount":0,"publisher":{"@id":"https:\/\/afogadosfm.com.br\/afogadosfm\/#organization"},"image":{"@id":"https:\/\/afogadosfm.com.br\/afogadosfm\/2025\/09\/14\/ficha-limpa-e-punicao-criminal-por-que-bolsonaro-esta-inelegivel-ate-2060\/#primaryimage"},"thumbnailUrl":"https:\/\/i0.wp.com\/afogadosfm.com.br\/afogadosfm\/wp-content\/uploads\/2025\/03\/bolsostf.jpeg?fit=400%2C266&ssl=1","articleSection":["Brasil"],"inLanguage":"pt-BR","potentialAction":[{"@type":"CommentAction","name":"Comment","target":["https:\/\/afogadosfm.com.br\/afogadosfm\/2025\/09\/14\/ficha-limpa-e-punicao-criminal-por-que-bolsonaro-esta-inelegivel-ate-2060\/#respond"]}]},{"@type":"WebPage","@id":"https:\/\/afogadosfm.com.br\/afogadosfm\/2025\/09\/14\/ficha-limpa-e-punicao-criminal-por-que-bolsonaro-esta-inelegivel-ate-2060\/","url":"https:\/\/afogadosfm.com.br\/afogadosfm\/2025\/09\/14\/ficha-limpa-e-punicao-criminal-por-que-bolsonaro-esta-inelegivel-ate-2060\/","name":"Ficha Limpa e puni\u00e7\u00e3o criminal: por que Bolsonaro est\u00e1 ineleg\u00edvel at\u00e9 2060 - Afogados FM","isPartOf":{"@id":"https:\/\/afogadosfm.com.br\/afogadosfm\/#website"},"primaryImageOfPage":{"@id":"https:\/\/afogadosfm.com.br\/afogadosfm\/2025\/09\/14\/ficha-limpa-e-punicao-criminal-por-que-bolsonaro-esta-inelegivel-ate-2060\/#primaryimage"},"image":{"@id":"https:\/\/afogadosfm.com.br\/afogadosfm\/2025\/09\/14\/ficha-limpa-e-punicao-criminal-por-que-bolsonaro-esta-inelegivel-ate-2060\/#primaryimage"},"thumbnailUrl":"https:\/\/i0.wp.com\/afogadosfm.com.br\/afogadosfm\/wp-content\/uploads\/2025\/03\/bolsostf.jpeg?fit=400%2C266&ssl=1","datePublished":"2025-09-14T11:15:38+00:00","dateModified":"2025-09-14T11:15:39+00:00","breadcrumb":{"@id":"https:\/\/afogadosfm.com.br\/afogadosfm\/2025\/09\/14\/ficha-limpa-e-punicao-criminal-por-que-bolsonaro-esta-inelegivel-ate-2060\/#breadcrumb"},"inLanguage":"pt-BR","potentialAction":[{"@type":"ReadAction","target":["https:\/\/afogadosfm.com.br\/afogadosfm\/2025\/09\/14\/ficha-limpa-e-punicao-criminal-por-que-bolsonaro-esta-inelegivel-ate-2060\/"]}]},{"@type":"ImageObject","inLanguage":"pt-BR","@id":"https:\/\/afogadosfm.com.br\/afogadosfm\/2025\/09\/14\/ficha-limpa-e-punicao-criminal-por-que-bolsonaro-esta-inelegivel-ate-2060\/#primaryimage","url":"https:\/\/i0.wp.com\/afogadosfm.com.br\/afogadosfm\/wp-content\/uploads\/2025\/03\/bolsostf.jpeg?fit=400%2C266&ssl=1","contentUrl":"https:\/\/i0.wp.com\/afogadosfm.com.br\/afogadosfm\/wp-content\/uploads\/2025\/03\/bolsostf.jpeg?fit=400%2C266&ssl=1","width":400,"height":266},{"@type":"BreadcrumbList","@id":"https:\/\/afogadosfm.com.br\/afogadosfm\/2025\/09\/14\/ficha-limpa-e-punicao-criminal-por-que-bolsonaro-esta-inelegivel-ate-2060\/#breadcrumb","itemListElement":[{"@type":"ListItem","position":1,"name":"In\u00edcio","item":"https:\/\/afogadosfm.com.br\/afogadosfm\/"},{"@type":"ListItem","position":2,"name":"Ficha Limpa e puni\u00e7\u00e3o criminal: por que Bolsonaro est\u00e1 ineleg\u00edvel at\u00e9 2060"}]},{"@type":"WebSite","@id":"https:\/\/afogadosfm.com.br\/afogadosfm\/#website","url":"https:\/\/afogadosfm.com.br\/afogadosfm\/","name":"Afogados FM","description":"Um site completo!","publisher":{"@id":"https:\/\/afogadosfm.com.br\/afogadosfm\/#organization"},"potentialAction":[{"@type":"SearchAction","target":{"@type":"EntryPoint","urlTemplate":"https:\/\/afogadosfm.com.br\/afogadosfm\/?s={search_term_string}"},"query-input":{"@type":"PropertyValueSpecification","valueRequired":true,"valueName":"search_term_string"}}],"inLanguage":"pt-BR"},{"@type":"Organization","@id":"https:\/\/afogadosfm.com.br\/afogadosfm\/#organization","name":"Afogados FM","url":"https:\/\/afogadosfm.com.br\/afogadosfm\/","logo":{"@type":"ImageObject","inLanguage":"pt-BR","@id":"https:\/\/afogadosfm.com.br\/afogadosfm\/#\/schema\/logo\/image\/","url":"https:\/\/i0.wp.com\/afogadosfm.com.br\/afogadosfm\/wp-content\/uploads\/2020\/06\/cropped-banner-afogados-4.jpg?fit=369%2C137&ssl=1","contentUrl":"https:\/\/i0.wp.com\/afogadosfm.com.br\/afogadosfm\/wp-content\/uploads\/2020\/06\/cropped-banner-afogados-4.jpg?fit=369%2C137&ssl=1","width":369,"height":137,"caption":"Afogados FM"},"image":{"@id":"https:\/\/afogadosfm.com.br\/afogadosfm\/#\/schema\/logo\/image\/"}},{"@type":"Person","@id":"https:\/\/afogadosfm.com.br\/afogadosfm\/#\/schema\/person\/60e56f2cf5dc960fc093fe093d9e9057","name":"afogadosfm","image":{"@type":"ImageObject","inLanguage":"pt-BR","@id":"https:\/\/secure.gravatar.com\/avatar\/e0359add7ed5dc3560906d861b52c6a8cf5c1e199d3a7dd85070998f49bd4701?s=96&d=mm&r=g","url":"https:\/\/secure.gravatar.com\/avatar\/e0359add7ed5dc3560906d861b52c6a8cf5c1e199d3a7dd85070998f49bd4701?s=96&d=mm&r=g","contentUrl":"https:\/\/secure.gravatar.com\/avatar\/e0359add7ed5dc3560906d861b52c6a8cf5c1e199d3a7dd85070998f49bd4701?s=96&d=mm&r=g","caption":"afogadosfm"},"url":"https:\/\/afogadosfm.com.br\/afogadosfm\/author\/afogadosfm\/"}]}},"jetpack_publicize_connections":[],"jetpack_featured_media_url":"https:\/\/i0.wp.com\/afogadosfm.com.br\/afogadosfm\/wp-content\/uploads\/2025\/03\/bolsostf.jpeg?fit=400%2C266&ssl=1","jetpack-related-posts":[],"jetpack_sharing_enabled":true,"jetpack_likes_enabled":true,"_links":{"self":[{"href":"https:\/\/afogadosfm.com.br\/afogadosfm\/wp-json\/wp\/v2\/posts\/69025","targetHints":{"allow":["GET"]}}],"collection":[{"href":"https:\/\/afogadosfm.com.br\/afogadosfm\/wp-json\/wp\/v2\/posts"}],"about":[{"href":"https:\/\/afogadosfm.com.br\/afogadosfm\/wp-json\/wp\/v2\/types\/post"}],"author":[{"embeddable":true,"href":"https:\/\/afogadosfm.com.br\/afogadosfm\/wp-json\/wp\/v2\/users\/2"}],"replies":[{"embeddable":true,"href":"https:\/\/afogadosfm.com.br\/afogadosfm\/wp-json\/wp\/v2\/comments?post=69025"}],"version-history":[{"count":1,"href":"https:\/\/afogadosfm.com.br\/afogadosfm\/wp-json\/wp\/v2\/posts\/69025\/revisions"}],"predecessor-version":[{"id":69026,"href":"https:\/\/afogadosfm.com.br\/afogadosfm\/wp-json\/wp\/v2\/posts\/69025\/revisions\/69026"}],"wp:featuredmedia":[{"embeddable":true,"href":"https:\/\/afogadosfm.com.br\/afogadosfm\/wp-json\/wp\/v2\/media\/64519"}],"wp:attachment":[{"href":"https:\/\/afogadosfm.com.br\/afogadosfm\/wp-json\/wp\/v2\/media?parent=69025"}],"wp:term":[{"taxonomy":"category","embeddable":true,"href":"https:\/\/afogadosfm.com.br\/afogadosfm\/wp-json\/wp\/v2\/categories?post=69025"},{"taxonomy":"post_tag","embeddable":true,"href":"https:\/\/afogadosfm.com.br\/afogadosfm\/wp-json\/wp\/v2\/tags?post=69025"}],"curies":[{"name":"wp","href":"https:\/\/api.w.org\/{rel}","templated":true}]}}