{"id":69034,"date":"2025-09-15T04:26:58","date_gmt":"2025-09-15T07:26:58","guid":{"rendered":"https:\/\/afogadosfm.com.br\/afogadosfm\/?p=69034"},"modified":"2025-09-15T04:27:01","modified_gmt":"2025-09-15T07:27:01","slug":"pagamentos-do-mes-de-setembro-comecam-esta-semana","status":"publish","type":"post","link":"https:\/\/afogadosfm.com.br\/afogadosfm\/2025\/09\/15\/pagamentos-do-mes-de-setembro-comecam-esta-semana\/","title":{"rendered":"Pagamentos do m\u00eas de setembro come\u00e7am esta semana"},"content":{"rendered":"\n<p>A Caixa Econ\u00f4mica Federal inicia na pr\u00f3xima quarta-feira (17), os pagamentos do Programa Bolsa Fam\u00edlia referentes a setembro de 2025. O benef\u00edcio ser\u00e1 depositado de forma escalonada, de acordo com o \u00faltimo d\u00edgito do N\u00famero de Identifica\u00e7\u00e3o Social (NIS) de cada benefici\u00e1rio, seguindo o calend\u00e1rio tradicional do programa.<\/p>\n\n\n\n<p>No primeiro dia de pagamentos, 17 de setembro, recebem os benefici\u00e1rios do Bolsa Fam\u00edlia com NIS de final 1.<\/p>\n\n\n\n<p>J\u00e1 os demais pagamentos seguem at\u00e9 o dia 30 de setembro, sempre em dias \u00fateis. Os recursos podem ser movimentados pelo aplicativo Caixa Tem ou sacados em caixas eletr\u00f4nicos para quem possui o cart\u00e3o do programa social.<\/p>\n\n\n\n<p>Neste m\u00eas n\u00e3o haver\u00e1 o pagamento do Aux\u00edlio G\u00e1s, que retorno em outubro.<\/p>\n\n\n\n<p><strong>Confira o cronograma completo de pagamentos conforme o final do NIS:<\/strong><\/p>\n\n\n\n<figure class=\"wp-block-image\"><img data-recalc-dims=\"1\" decoding=\"async\" src=\"https:\/\/i0.wp.com\/penoticias.com.br\/blog\/wp-content\/uploads\/2025\/09\/aa-6.png?w=840&#038;ssl=1\" alt=\"\" class=\"wp-image-196931\"\/><\/figure>\n\n\n\n<p><strong>Qual o valor do benef\u00edcio e quem pode receber<\/strong><\/p>\n\n\n\n<p>O valor m\u00ednimo do Bolsa Fam\u00edlia \u00e9 de R$ 600 por fam\u00edlia. No entanto, o valor pode ser maior, conforme a composi\u00e7\u00e3o familiar.<\/p>\n\n\n\n<p><strong>Veja os adicionais dispon\u00edveis:<\/strong><\/p>\n\n\n\n<ul class=\"wp-block-list\">\n<li>Benef\u00edcio Primeira Inf\u00e2ncia: R$ 150 para fam\u00edlias com crian\u00e7as de at\u00e9 6 anos;<\/li>\n\n\n\n<li>Benef\u00edcio Vari\u00e1vel Familiar: R$ 50 para gestantes e jovens de 7 a 18 anos;<\/li>\n\n\n\n<li>Benef\u00edcio Vari\u00e1vel Familiar Nutriz: Seis parcelas de R$ 50 para m\u00e3es de beb\u00eas de at\u00e9 seis meses, garantindo suporte alimentar na primeira inf\u00e2ncia.<\/li>\n<\/ul>\n\n\n\n<p>Para ter direito ao benef\u00edcio, a fam\u00edlia deve estar inscrita no Cadastro \u00danico (Cad\u00danico) do Governo Federal, com dados atualizados, e possuir renda mensal per capita de at\u00e9 R$ 218. A inscri\u00e7\u00e3o pode ser feita em unidades do CRAS (Centro de Refer\u00eancia de Assist\u00eancia Social), com CPF ou t\u00edtulo de eleitor.<\/p>\n\n\n\n<p>Vale lembrar que a inscri\u00e7\u00e3o no Cad\u00danico n\u00e3o garante inclus\u00e3o autom\u00e1tica no Bolsa Fam\u00edlia. A sele\u00e7\u00e3o \u00e9 feita mensalmente de forma automatizada, com base nas regras do programa.<\/p>\n","protected":false},"excerpt":{"rendered":"<p>A Caixa Econ\u00f4mica Federal inicia na pr\u00f3xima quarta-feira (17), os pagamentos do Programa Bolsa Fam\u00edlia referentes a setembro de 2025.<\/p>\n","protected":false},"author":2,"featured_media":47172,"comment_status":"open","ping_status":"open","sticky":false,"template":"","format":"standard","meta":{"jetpack_post_was_ever_published":false,"_jetpack_newsletter_access":"","_jetpack_dont_email_post_to_subs":false,"_jetpack_newsletter_tier_id":0,"_jetpack_memberships_contains_paywalled_content":false,"_jetpack_memberships_contains_paid_content":false,"footnotes":"","jetpack_publicize_message":"","jetpack_publicize_feature_enabled":true,"jetpack_social_post_already_shared":true,"jetpack_social_options":{"image_generator_settings":{"template":"highway","default_image_id":0,"font":"","enabled":false},"version":2}},"categories":[12],"tags":[],"class_list":["post-69034","post","type-post","status-publish","format-standard","has-post-thumbnail","hentry","category-brasil"],"yoast_head":"<!-- This site is optimized with the Yoast SEO plugin v27.5 - https:\/\/yoast.com\/product\/yoast-seo-wordpress\/ -->\n<title>Pagamentos do m\u00eas de setembro come\u00e7am esta semana - Afogados FM<\/title>\n<meta name=\"robots\" content=\"index, follow, max-snippet:-1, max-image-preview:large, max-video-preview:-1\" \/>\n<link rel=\"canonical\" href=\"https:\/\/afogadosfm.com.br\/afogadosfm\/2025\/09\/15\/pagamentos-do-mes-de-setembro-comecam-esta-semana\/\" \/>\n<meta property=\"og:locale\" content=\"pt_BR\" \/>\n<meta property=\"og:type\" content=\"article\" \/>\n<meta property=\"og:title\" content=\"Pagamentos do m\u00eas de setembro come\u00e7am esta semana - Afogados FM\" \/>\n<meta property=\"og:description\" content=\"A Caixa Econ\u00f4mica Federal inicia na pr\u00f3xima quarta-feira (17), os pagamentos do Programa Bolsa Fam\u00edlia referentes a setembro de 2025.\" \/>\n<meta property=\"og:url\" content=\"https:\/\/afogadosfm.com.br\/afogadosfm\/2025\/09\/15\/pagamentos-do-mes-de-setembro-comecam-esta-semana\/\" \/>\n<meta property=\"og:site_name\" content=\"Afogados FM\" \/>\n<meta property=\"article:published_time\" content=\"2025-09-15T07:26:58+00:00\" \/>\n<meta property=\"article:modified_time\" content=\"2025-09-15T07:27:01+00:00\" \/>\n<meta property=\"og:image\" content=\"https:\/\/afogadosfm.com.br\/afogadosfm\/wp-content\/uploads\/2023\/04\/NOVOBOLSAFAMILIA.jpg\" \/>\n\t<meta property=\"og:image:width\" content=\"1170\" \/>\n\t<meta property=\"og:image:height\" content=\"700\" \/>\n\t<meta property=\"og:image:type\" content=\"image\/jpeg\" \/>\n<meta name=\"author\" content=\"afogadosfm\" \/>\n<meta name=\"twitter:card\" content=\"summary_large_image\" \/>\n<meta name=\"twitter:label1\" content=\"Escrito por\" \/>\n\t<meta name=\"twitter:data1\" content=\"afogadosfm\" \/>\n\t<meta name=\"twitter:label2\" content=\"Est. tempo de leitura\" \/>\n\t<meta name=\"twitter:data2\" content=\"3 minutos\" \/>\n<script type=\"application\/ld+json\" class=\"yoast-schema-graph\">{\"@context\":\"https:\\\/\\\/schema.org\",\"@graph\":[{\"@type\":\"Article\",\"@id\":\"https:\\\/\\\/afogadosfm.com.br\\\/afogadosfm\\\/2025\\\/09\\\/15\\\/pagamentos-do-mes-de-setembro-comecam-esta-semana\\\/#article\",\"isPartOf\":{\"@id\":\"https:\\\/\\\/afogadosfm.com.br\\\/afogadosfm\\\/2025\\\/09\\\/15\\\/pagamentos-do-mes-de-setembro-comecam-esta-semana\\\/\"},\"author\":{\"name\":\"afogadosfm\",\"@id\":\"https:\\\/\\\/afogadosfm.com.br\\\/afogadosfm\\\/#\\\/schema\\\/person\\\/60e56f2cf5dc960fc093fe093d9e9057\"},\"headline\":\"Pagamentos do m\u00eas de setembro come\u00e7am esta semana\",\"datePublished\":\"2025-09-15T07:26:58+00:00\",\"dateModified\":\"2025-09-15T07:27:01+00:00\",\"mainEntityOfPage\":{\"@id\":\"https:\\\/\\\/afogadosfm.com.br\\\/afogadosfm\\\/2025\\\/09\\\/15\\\/pagamentos-do-mes-de-setembro-comecam-esta-semana\\\/\"},\"wordCount\":336,\"commentCount\":0,\"publisher\":{\"@id\":\"https:\\\/\\\/afogadosfm.com.br\\\/afogadosfm\\\/#organization\"},\"image\":{\"@id\":\"https:\\\/\\\/afogadosfm.com.br\\\/afogadosfm\\\/2025\\\/09\\\/15\\\/pagamentos-do-mes-de-setembro-comecam-esta-semana\\\/#primaryimage\"},\"thumbnailUrl\":\"https:\\\/\\\/i0.wp.com\\\/afogadosfm.com.br\\\/afogadosfm\\\/wp-content\\\/uploads\\\/2023\\\/04\\\/NOVOBOLSAFAMILIA.jpg?fit=1170%2C700&ssl=1\",\"articleSection\":[\"Brasil\"],\"inLanguage\":\"pt-BR\",\"potentialAction\":[{\"@type\":\"CommentAction\",\"name\":\"Comment\",\"target\":[\"https:\\\/\\\/afogadosfm.com.br\\\/afogadosfm\\\/2025\\\/09\\\/15\\\/pagamentos-do-mes-de-setembro-comecam-esta-semana\\\/#respond\"]}]},{\"@type\":\"WebPage\",\"@id\":\"https:\\\/\\\/afogadosfm.com.br\\\/afogadosfm\\\/2025\\\/09\\\/15\\\/pagamentos-do-mes-de-setembro-comecam-esta-semana\\\/\",\"url\":\"https:\\\/\\\/afogadosfm.com.br\\\/afogadosfm\\\/2025\\\/09\\\/15\\\/pagamentos-do-mes-de-setembro-comecam-esta-semana\\\/\",\"name\":\"Pagamentos do m\u00eas de setembro come\u00e7am esta semana - Afogados FM\",\"isPartOf\":{\"@id\":\"https:\\\/\\\/afogadosfm.com.br\\\/afogadosfm\\\/#website\"},\"primaryImageOfPage\":{\"@id\":\"https:\\\/\\\/afogadosfm.com.br\\\/afogadosfm\\\/2025\\\/09\\\/15\\\/pagamentos-do-mes-de-setembro-comecam-esta-semana\\\/#primaryimage\"},\"image\":{\"@id\":\"https:\\\/\\\/afogadosfm.com.br\\\/afogadosfm\\\/2025\\\/09\\\/15\\\/pagamentos-do-mes-de-setembro-comecam-esta-semana\\\/#primaryimage\"},\"thumbnailUrl\":\"https:\\\/\\\/i0.wp.com\\\/afogadosfm.com.br\\\/afogadosfm\\\/wp-content\\\/uploads\\\/2023\\\/04\\\/NOVOBOLSAFAMILIA.jpg?fit=1170%2C700&ssl=1\",\"datePublished\":\"2025-09-15T07:26:58+00:00\",\"dateModified\":\"2025-09-15T07:27:01+00:00\",\"breadcrumb\":{\"@id\":\"https:\\\/\\\/afogadosfm.com.br\\\/afogadosfm\\\/2025\\\/09\\\/15\\\/pagamentos-do-mes-de-setembro-comecam-esta-semana\\\/#breadcrumb\"},\"inLanguage\":\"pt-BR\",\"potentialAction\":[{\"@type\":\"ReadAction\",\"target\":[\"https:\\\/\\\/afogadosfm.com.br\\\/afogadosfm\\\/2025\\\/09\\\/15\\\/pagamentos-do-mes-de-setembro-comecam-esta-semana\\\/\"]}]},{\"@type\":\"ImageObject\",\"inLanguage\":\"pt-BR\",\"@id\":\"https:\\\/\\\/afogadosfm.com.br\\\/afogadosfm\\\/2025\\\/09\\\/15\\\/pagamentos-do-mes-de-setembro-comecam-esta-semana\\\/#primaryimage\",\"url\":\"https:\\\/\\\/i0.wp.com\\\/afogadosfm.com.br\\\/afogadosfm\\\/wp-content\\\/uploads\\\/2023\\\/04\\\/NOVOBOLSAFAMILIA.jpg?fit=1170%2C700&ssl=1\",\"contentUrl\":\"https:\\\/\\\/i0.wp.com\\\/afogadosfm.com.br\\\/afogadosfm\\\/wp-content\\\/uploads\\\/2023\\\/04\\\/NOVOBOLSAFAMILIA.jpg?fit=1170%2C700&ssl=1\",\"width\":1170,\"height\":700,\"caption\":\"Bras\u00edlia (DF), 02-03\\\/2023 - Presidente Luiz In\u00e1cio Lula da Silva lan\u00e7a o novo programa Bolsa Fam\u00edlia. Foto: Lula Marques\\\/Ag\u00eancia Brasil\"},{\"@type\":\"BreadcrumbList\",\"@id\":\"https:\\\/\\\/afogadosfm.com.br\\\/afogadosfm\\\/2025\\\/09\\\/15\\\/pagamentos-do-mes-de-setembro-comecam-esta-semana\\\/#breadcrumb\",\"itemListElement\":[{\"@type\":\"ListItem\",\"position\":1,\"name\":\"In\u00edcio\",\"item\":\"https:\\\/\\\/afogadosfm.com.br\\\/afogadosfm\\\/\"},{\"@type\":\"ListItem\",\"position\":2,\"name\":\"Pagamentos do m\u00eas de setembro come\u00e7am esta semana\"}]},{\"@type\":\"WebSite\",\"@id\":\"https:\\\/\\\/afogadosfm.com.br\\\/afogadosfm\\\/#website\",\"url\":\"https:\\\/\\\/afogadosfm.com.br\\\/afogadosfm\\\/\",\"name\":\"Afogados FM\",\"description\":\"Um site completo!\",\"publisher\":{\"@id\":\"https:\\\/\\\/afogadosfm.com.br\\\/afogadosfm\\\/#organization\"},\"potentialAction\":[{\"@type\":\"SearchAction\",\"target\":{\"@type\":\"EntryPoint\",\"urlTemplate\":\"https:\\\/\\\/afogadosfm.com.br\\\/afogadosfm\\\/?s={search_term_string}\"},\"query-input\":{\"@type\":\"PropertyValueSpecification\",\"valueRequired\":true,\"valueName\":\"search_term_string\"}}],\"inLanguage\":\"pt-BR\"},{\"@type\":\"Organization\",\"@id\":\"https:\\\/\\\/afogadosfm.com.br\\\/afogadosfm\\\/#organization\",\"name\":\"Afogados FM\",\"url\":\"https:\\\/\\\/afogadosfm.com.br\\\/afogadosfm\\\/\",\"logo\":{\"@type\":\"ImageObject\",\"inLanguage\":\"pt-BR\",\"@id\":\"https:\\\/\\\/afogadosfm.com.br\\\/afogadosfm\\\/#\\\/schema\\\/logo\\\/image\\\/\",\"url\":\"https:\\\/\\\/i0.wp.com\\\/afogadosfm.com.br\\\/afogadosfm\\\/wp-content\\\/uploads\\\/2020\\\/06\\\/cropped-banner-afogados-4.jpg?fit=369%2C137&ssl=1\",\"contentUrl\":\"https:\\\/\\\/i0.wp.com\\\/afogadosfm.com.br\\\/afogadosfm\\\/wp-content\\\/uploads\\\/2020\\\/06\\\/cropped-banner-afogados-4.jpg?fit=369%2C137&ssl=1\",\"width\":369,\"height\":137,\"caption\":\"Afogados FM\"},\"image\":{\"@id\":\"https:\\\/\\\/afogadosfm.com.br\\\/afogadosfm\\\/#\\\/schema\\\/logo\\\/image\\\/\"}},{\"@type\":\"Person\",\"@id\":\"https:\\\/\\\/afogadosfm.com.br\\\/afogadosfm\\\/#\\\/schema\\\/person\\\/60e56f2cf5dc960fc093fe093d9e9057\",\"name\":\"afogadosfm\",\"image\":{\"@type\":\"ImageObject\",\"inLanguage\":\"pt-BR\",\"@id\":\"https:\\\/\\\/secure.gravatar.com\\\/avatar\\\/e0359add7ed5dc3560906d861b52c6a8cf5c1e199d3a7dd85070998f49bd4701?s=96&d=mm&r=g\",\"url\":\"https:\\\/\\\/secure.gravatar.com\\\/avatar\\\/e0359add7ed5dc3560906d861b52c6a8cf5c1e199d3a7dd85070998f49bd4701?s=96&d=mm&r=g\",\"contentUrl\":\"https:\\\/\\\/secure.gravatar.com\\\/avatar\\\/e0359add7ed5dc3560906d861b52c6a8cf5c1e199d3a7dd85070998f49bd4701?s=96&d=mm&r=g\",\"caption\":\"afogadosfm\"},\"url\":\"https:\\\/\\\/afogadosfm.com.br\\\/afogadosfm\\\/author\\\/afogadosfm\\\/\"}]}<\/script>\n<!-- \/ Yoast SEO plugin. -->","yoast_head_json":{"title":"Pagamentos do m\u00eas de setembro come\u00e7am esta semana - Afogados FM","robots":{"index":"index","follow":"follow","max-snippet":"max-snippet:-1","max-image-preview":"max-image-preview:large","max-video-preview":"max-video-preview:-1"},"canonical":"https:\/\/afogadosfm.com.br\/afogadosfm\/2025\/09\/15\/pagamentos-do-mes-de-setembro-comecam-esta-semana\/","og_locale":"pt_BR","og_type":"article","og_title":"Pagamentos do m\u00eas de setembro come\u00e7am esta semana - Afogados FM","og_description":"A Caixa Econ\u00f4mica Federal inicia na pr\u00f3xima quarta-feira (17), os pagamentos do Programa Bolsa Fam\u00edlia referentes a setembro de 2025.","og_url":"https:\/\/afogadosfm.com.br\/afogadosfm\/2025\/09\/15\/pagamentos-do-mes-de-setembro-comecam-esta-semana\/","og_site_name":"Afogados FM","article_published_time":"2025-09-15T07:26:58+00:00","article_modified_time":"2025-09-15T07:27:01+00:00","og_image":[{"width":1170,"height":700,"url":"https:\/\/afogadosfm.com.br\/afogadosfm\/wp-content\/uploads\/2023\/04\/NOVOBOLSAFAMILIA.jpg","type":"image\/jpeg"}],"author":"afogadosfm","twitter_card":"summary_large_image","twitter_misc":{"Escrito por":"afogadosfm","Est. tempo de leitura":"3 minutos"},"schema":{"@context":"https:\/\/schema.org","@graph":[{"@type":"Article","@id":"https:\/\/afogadosfm.com.br\/afogadosfm\/2025\/09\/15\/pagamentos-do-mes-de-setembro-comecam-esta-semana\/#article","isPartOf":{"@id":"https:\/\/afogadosfm.com.br\/afogadosfm\/2025\/09\/15\/pagamentos-do-mes-de-setembro-comecam-esta-semana\/"},"author":{"name":"afogadosfm","@id":"https:\/\/afogadosfm.com.br\/afogadosfm\/#\/schema\/person\/60e56f2cf5dc960fc093fe093d9e9057"},"headline":"Pagamentos do m\u00eas de setembro come\u00e7am esta semana","datePublished":"2025-09-15T07:26:58+00:00","dateModified":"2025-09-15T07:27:01+00:00","mainEntityOfPage":{"@id":"https:\/\/afogadosfm.com.br\/afogadosfm\/2025\/09\/15\/pagamentos-do-mes-de-setembro-comecam-esta-semana\/"},"wordCount":336,"commentCount":0,"publisher":{"@id":"https:\/\/afogadosfm.com.br\/afogadosfm\/#organization"},"image":{"@id":"https:\/\/afogadosfm.com.br\/afogadosfm\/2025\/09\/15\/pagamentos-do-mes-de-setembro-comecam-esta-semana\/#primaryimage"},"thumbnailUrl":"https:\/\/i0.wp.com\/afogadosfm.com.br\/afogadosfm\/wp-content\/uploads\/2023\/04\/NOVOBOLSAFAMILIA.jpg?fit=1170%2C700&ssl=1","articleSection":["Brasil"],"inLanguage":"pt-BR","potentialAction":[{"@type":"CommentAction","name":"Comment","target":["https:\/\/afogadosfm.com.br\/afogadosfm\/2025\/09\/15\/pagamentos-do-mes-de-setembro-comecam-esta-semana\/#respond"]}]},{"@type":"WebPage","@id":"https:\/\/afogadosfm.com.br\/afogadosfm\/2025\/09\/15\/pagamentos-do-mes-de-setembro-comecam-esta-semana\/","url":"https:\/\/afogadosfm.com.br\/afogadosfm\/2025\/09\/15\/pagamentos-do-mes-de-setembro-comecam-esta-semana\/","name":"Pagamentos do m\u00eas de setembro come\u00e7am esta semana - Afogados FM","isPartOf":{"@id":"https:\/\/afogadosfm.com.br\/afogadosfm\/#website"},"primaryImageOfPage":{"@id":"https:\/\/afogadosfm.com.br\/afogadosfm\/2025\/09\/15\/pagamentos-do-mes-de-setembro-comecam-esta-semana\/#primaryimage"},"image":{"@id":"https:\/\/afogadosfm.com.br\/afogadosfm\/2025\/09\/15\/pagamentos-do-mes-de-setembro-comecam-esta-semana\/#primaryimage"},"thumbnailUrl":"https:\/\/i0.wp.com\/afogadosfm.com.br\/afogadosfm\/wp-content\/uploads\/2023\/04\/NOVOBOLSAFAMILIA.jpg?fit=1170%2C700&ssl=1","datePublished":"2025-09-15T07:26:58+00:00","dateModified":"2025-09-15T07:27:01+00:00","breadcrumb":{"@id":"https:\/\/afogadosfm.com.br\/afogadosfm\/2025\/09\/15\/pagamentos-do-mes-de-setembro-comecam-esta-semana\/#breadcrumb"},"inLanguage":"pt-BR","potentialAction":[{"@type":"ReadAction","target":["https:\/\/afogadosfm.com.br\/afogadosfm\/2025\/09\/15\/pagamentos-do-mes-de-setembro-comecam-esta-semana\/"]}]},{"@type":"ImageObject","inLanguage":"pt-BR","@id":"https:\/\/afogadosfm.com.br\/afogadosfm\/2025\/09\/15\/pagamentos-do-mes-de-setembro-comecam-esta-semana\/#primaryimage","url":"https:\/\/i0.wp.com\/afogadosfm.com.br\/afogadosfm\/wp-content\/uploads\/2023\/04\/NOVOBOLSAFAMILIA.jpg?fit=1170%2C700&ssl=1","contentUrl":"https:\/\/i0.wp.com\/afogadosfm.com.br\/afogadosfm\/wp-content\/uploads\/2023\/04\/NOVOBOLSAFAMILIA.jpg?fit=1170%2C700&ssl=1","width":1170,"height":700,"caption":"Bras\u00edlia (DF), 02-03\/2023 - Presidente Luiz In\u00e1cio Lula da Silva lan\u00e7a o novo programa Bolsa Fam\u00edlia. Foto: Lula Marques\/Ag\u00eancia Brasil"},{"@type":"BreadcrumbList","@id":"https:\/\/afogadosfm.com.br\/afogadosfm\/2025\/09\/15\/pagamentos-do-mes-de-setembro-comecam-esta-semana\/#breadcrumb","itemListElement":[{"@type":"ListItem","position":1,"name":"In\u00edcio","item":"https:\/\/afogadosfm.com.br\/afogadosfm\/"},{"@type":"ListItem","position":2,"name":"Pagamentos do m\u00eas de setembro come\u00e7am esta semana"}]},{"@type":"WebSite","@id":"https:\/\/afogadosfm.com.br\/afogadosfm\/#website","url":"https:\/\/afogadosfm.com.br\/afogadosfm\/","name":"Afogados FM","description":"Um site completo!","publisher":{"@id":"https:\/\/afogadosfm.com.br\/afogadosfm\/#organization"},"potentialAction":[{"@type":"SearchAction","target":{"@type":"EntryPoint","urlTemplate":"https:\/\/afogadosfm.com.br\/afogadosfm\/?s={search_term_string}"},"query-input":{"@type":"PropertyValueSpecification","valueRequired":true,"valueName":"search_term_string"}}],"inLanguage":"pt-BR"},{"@type":"Organization","@id":"https:\/\/afogadosfm.com.br\/afogadosfm\/#organization","name":"Afogados FM","url":"https:\/\/afogadosfm.com.br\/afogadosfm\/","logo":{"@type":"ImageObject","inLanguage":"pt-BR","@id":"https:\/\/afogadosfm.com.br\/afogadosfm\/#\/schema\/logo\/image\/","url":"https:\/\/i0.wp.com\/afogadosfm.com.br\/afogadosfm\/wp-content\/uploads\/2020\/06\/cropped-banner-afogados-4.jpg?fit=369%2C137&ssl=1","contentUrl":"https:\/\/i0.wp.com\/afogadosfm.com.br\/afogadosfm\/wp-content\/uploads\/2020\/06\/cropped-banner-afogados-4.jpg?fit=369%2C137&ssl=1","width":369,"height":137,"caption":"Afogados FM"},"image":{"@id":"https:\/\/afogadosfm.com.br\/afogadosfm\/#\/schema\/logo\/image\/"}},{"@type":"Person","@id":"https:\/\/afogadosfm.com.br\/afogadosfm\/#\/schema\/person\/60e56f2cf5dc960fc093fe093d9e9057","name":"afogadosfm","image":{"@type":"ImageObject","inLanguage":"pt-BR","@id":"https:\/\/secure.gravatar.com\/avatar\/e0359add7ed5dc3560906d861b52c6a8cf5c1e199d3a7dd85070998f49bd4701?s=96&d=mm&r=g","url":"https:\/\/secure.gravatar.com\/avatar\/e0359add7ed5dc3560906d861b52c6a8cf5c1e199d3a7dd85070998f49bd4701?s=96&d=mm&r=g","contentUrl":"https:\/\/secure.gravatar.com\/avatar\/e0359add7ed5dc3560906d861b52c6a8cf5c1e199d3a7dd85070998f49bd4701?s=96&d=mm&r=g","caption":"afogadosfm"},"url":"https:\/\/afogadosfm.com.br\/afogadosfm\/author\/afogadosfm\/"}]}},"jetpack_publicize_connections":[],"jetpack_featured_media_url":"https:\/\/i0.wp.com\/afogadosfm.com.br\/afogadosfm\/wp-content\/uploads\/2023\/04\/NOVOBOLSAFAMILIA.jpg?fit=1170%2C700&ssl=1","jetpack-related-posts":[],"jetpack_sharing_enabled":true,"jetpack_likes_enabled":true,"_links":{"self":[{"href":"https:\/\/afogadosfm.com.br\/afogadosfm\/wp-json\/wp\/v2\/posts\/69034","targetHints":{"allow":["GET"]}}],"collection":[{"href":"https:\/\/afogadosfm.com.br\/afogadosfm\/wp-json\/wp\/v2\/posts"}],"about":[{"href":"https:\/\/afogadosfm.com.br\/afogadosfm\/wp-json\/wp\/v2\/types\/post"}],"author":[{"embeddable":true,"href":"https:\/\/afogadosfm.com.br\/afogadosfm\/wp-json\/wp\/v2\/users\/2"}],"replies":[{"embeddable":true,"href":"https:\/\/afogadosfm.com.br\/afogadosfm\/wp-json\/wp\/v2\/comments?post=69034"}],"version-history":[{"count":1,"href":"https:\/\/afogadosfm.com.br\/afogadosfm\/wp-json\/wp\/v2\/posts\/69034\/revisions"}],"predecessor-version":[{"id":69035,"href":"https:\/\/afogadosfm.com.br\/afogadosfm\/wp-json\/wp\/v2\/posts\/69034\/revisions\/69035"}],"wp:featuredmedia":[{"embeddable":true,"href":"https:\/\/afogadosfm.com.br\/afogadosfm\/wp-json\/wp\/v2\/media\/47172"}],"wp:attachment":[{"href":"https:\/\/afogadosfm.com.br\/afogadosfm\/wp-json\/wp\/v2\/media?parent=69034"}],"wp:term":[{"taxonomy":"category","embeddable":true,"href":"https:\/\/afogadosfm.com.br\/afogadosfm\/wp-json\/wp\/v2\/categories?post=69034"},{"taxonomy":"post_tag","embeddable":true,"href":"https:\/\/afogadosfm.com.br\/afogadosfm\/wp-json\/wp\/v2\/tags?post=69034"}],"curies":[{"name":"wp","href":"https:\/\/api.w.org\/{rel}","templated":true}]}}