{"id":69041,"date":"2025-09-15T04:38:56","date_gmt":"2025-09-15T07:38:56","guid":{"rendered":"https:\/\/afogadosfm.com.br\/afogadosfm\/?p=69041"},"modified":"2025-09-15T04:38:58","modified_gmt":"2025-09-15T07:38:58","slug":"pesquisa-anistia-a-bolsonaro-e-rejeitada-por-54-da-populacao-e-aprovado-por-39","status":"publish","type":"post","link":"https:\/\/afogadosfm.com.br\/afogadosfm\/2025\/09\/15\/pesquisa-anistia-a-bolsonaro-e-rejeitada-por-54-da-populacao-e-aprovado-por-39\/","title":{"rendered":"Pesquisa: Anistia a Bolsonaro \u00e9 rejeitada por 54% da popula\u00e7\u00e3o e aprovado por 39%"},"content":{"rendered":"\n<p>A aprova\u00e7\u00e3o de uma anistia que livrasse o ex-presidente Jair Bolsonaro (PL) da condena\u00e7\u00e3o por tentativa de golpe de Estado \u00e9 rejeitada por 54% dos brasileiros, aponta pesquisa Datafolha divulgada nesse s\u00e1bado, 13. Segundo o levantamento, 39% apoiam o perd\u00e3o ao ex-presidente, 2% se dizem indiferentes ao tema e 4% n\u00e3o responderam.<\/p>\n\n\n\n<p>O Datafolha ouviu 2.005 eleitores em 113 munic\u00edpios do Pa\u00eds entre os dias 8 e 9 de setembro. A margem de erro \u00e9 de dois pontos porcentuais para mais ou para menos.<\/p>\n\n\n\n<p>Aliados de Bolsonaro no Congresso articulam a aprova\u00e7\u00e3o de anistia ao ex-presidente e aos executores da tentativa de golpe em 8 de janeiro de 2023. Se aprovada, a medida deve ser decretada inconstitucional pelo Supremo Tribunal Federal (STF), como j\u00e1 antecipado pelos ministros da Corte durante o julgamento das \u00faltimas duas semanas.<\/p>\n\n\n\n<p>Bolsonaro foi condenado a 27 anos e tr\u00eas meses de pena privativa de liberdade. Al\u00e9m do ex-presidente, a maioria dos r\u00e9us recebeu penas altas.<\/p>\n\n\n\n<p>Apoiadores de Bolsonaro pressionam por anistia &#8220;ampla, geral e irrestrita&#8221;, que pudesse alcan\u00e7ar o ex-presidente, condenado como &#8220;l\u00edder&#8221; da tentativa de ruptura institucional. Por outro lado, um texto alternativo, com redu\u00e7\u00e3o de penas dos executores, mas sem extens\u00e3o aos mandantes, \u00e9 elaborado pelo presidente do Senado, Davi Alcolumbre (Uni\u00e3o Brasil-AP).<\/p>\n\n\n\n<p>Uma minuta do projeto pretendido por bolsonaristas indicava perd\u00e3o completo a todos os alvos de investiga\u00e7\u00f5es do STF por atos antidemocr\u00e1ticos desde 2019, quando a Corte instaurou o inqu\u00e9rito das fake news.<\/p>\n\n\n\n<p>Ainda segundo o Datafolha, a maioria dos brasileiros tamb\u00e9m recha\u00e7a qualquer tipo de perd\u00e3o aos condenados pela invas\u00e3o e depreda\u00e7\u00e3o dos pr\u00e9dios p\u00fablicos: 61% se dizem contr\u00e1rios a anistiar os executores dos atos golpistas, enquanto 39% s\u00e3o a favor, 2% s\u00e3o indiferentes e 4% n\u00e3o responderam.<\/p>\n\n\n\n<p>A invas\u00e3o \u00e0 Pra\u00e7a dos Tr\u00eas Poderes resultou em 1.628 a\u00e7\u00f5es penais no STF, com 638 condena\u00e7\u00f5es. Destas, 279 foram por delitos de maior gravidade, enquanto 359 foram por crimes menos graves. Para condutas ainda menos graves, foram assinados 552 acordos de n\u00e3o persecu\u00e7\u00e3o penal (ANPPs).<\/p>\n","protected":false},"excerpt":{"rendered":"<p>A aprova\u00e7\u00e3o de uma anistia que livrasse o ex-presidente Jair Bolsonaro (PL) da condena\u00e7\u00e3o por tentativa de golpe de Estado<\/p>\n","protected":false},"author":2,"featured_media":2113,"comment_status":"open","ping_status":"open","sticky":false,"template":"","format":"standard","meta":{"jetpack_post_was_ever_published":false,"_jetpack_newsletter_access":"","_jetpack_dont_email_post_to_subs":false,"_jetpack_newsletter_tier_id":0,"_jetpack_memberships_contains_paywalled_content":false,"_jetpack_memberships_contains_paid_content":false,"footnotes":"","jetpack_publicize_message":"","jetpack_publicize_feature_enabled":true,"jetpack_social_post_already_shared":true,"jetpack_social_options":{"image_generator_settings":{"template":"highway","default_image_id":0,"font":"","enabled":false},"version":2}},"categories":[12],"tags":[],"class_list":["post-69041","post","type-post","status-publish","format-standard","has-post-thumbnail","hentry","category-brasil"],"yoast_head":"<!-- This site is optimized with the Yoast SEO plugin v27.5 - https:\/\/yoast.com\/product\/yoast-seo-wordpress\/ -->\n<title>Pesquisa: Anistia a Bolsonaro \u00e9 rejeitada por 54% da popula\u00e7\u00e3o e aprovado por 39% - Afogados FM<\/title>\n<meta name=\"robots\" content=\"index, follow, max-snippet:-1, max-image-preview:large, max-video-preview:-1\" \/>\n<link rel=\"canonical\" href=\"https:\/\/afogadosfm.com.br\/afogadosfm\/2025\/09\/15\/pesquisa-anistia-a-bolsonaro-e-rejeitada-por-54-da-populacao-e-aprovado-por-39\/\" \/>\n<meta property=\"og:locale\" content=\"pt_BR\" \/>\n<meta property=\"og:type\" content=\"article\" \/>\n<meta property=\"og:title\" content=\"Pesquisa: Anistia a Bolsonaro \u00e9 rejeitada por 54% da popula\u00e7\u00e3o e aprovado por 39% - Afogados FM\" \/>\n<meta property=\"og:description\" content=\"A aprova\u00e7\u00e3o de uma anistia que livrasse o ex-presidente Jair Bolsonaro (PL) da condena\u00e7\u00e3o por tentativa de golpe de Estado\" \/>\n<meta property=\"og:url\" content=\"https:\/\/afogadosfm.com.br\/afogadosfm\/2025\/09\/15\/pesquisa-anistia-a-bolsonaro-e-rejeitada-por-54-da-populacao-e-aprovado-por-39\/\" \/>\n<meta property=\"og:site_name\" content=\"Afogados FM\" \/>\n<meta property=\"article:published_time\" content=\"2025-09-15T07:38:56+00:00\" \/>\n<meta property=\"article:modified_time\" content=\"2025-09-15T07:38:58+00:00\" \/>\n<meta property=\"og:image\" content=\"https:\/\/afogadosfm.com.br\/afogadosfm\/wp-content\/uploads\/2018\/01\/pesquisa-1.jpg\" \/>\n\t<meta property=\"og:image:width\" content=\"308\" \/>\n\t<meta property=\"og:image:height\" content=\"163\" \/>\n\t<meta property=\"og:image:type\" content=\"image\/jpeg\" \/>\n<meta name=\"author\" content=\"afogadosfm\" \/>\n<meta name=\"twitter:card\" content=\"summary_large_image\" \/>\n<meta name=\"twitter:label1\" content=\"Escrito por\" \/>\n\t<meta name=\"twitter:data1\" content=\"afogadosfm\" \/>\n\t<meta name=\"twitter:label2\" content=\"Est. tempo de leitura\" \/>\n\t<meta name=\"twitter:data2\" content=\"3 minutos\" \/>\n<script type=\"application\/ld+json\" class=\"yoast-schema-graph\">{\"@context\":\"https:\\\/\\\/schema.org\",\"@graph\":[{\"@type\":\"Article\",\"@id\":\"https:\\\/\\\/afogadosfm.com.br\\\/afogadosfm\\\/2025\\\/09\\\/15\\\/pesquisa-anistia-a-bolsonaro-e-rejeitada-por-54-da-populacao-e-aprovado-por-39\\\/#article\",\"isPartOf\":{\"@id\":\"https:\\\/\\\/afogadosfm.com.br\\\/afogadosfm\\\/2025\\\/09\\\/15\\\/pesquisa-anistia-a-bolsonaro-e-rejeitada-por-54-da-populacao-e-aprovado-por-39\\\/\"},\"author\":{\"name\":\"afogadosfm\",\"@id\":\"https:\\\/\\\/afogadosfm.com.br\\\/afogadosfm\\\/#\\\/schema\\\/person\\\/60e56f2cf5dc960fc093fe093d9e9057\"},\"headline\":\"Pesquisa: Anistia a Bolsonaro \u00e9 rejeitada por 54% da popula\u00e7\u00e3o e aprovado por 39%\",\"datePublished\":\"2025-09-15T07:38:56+00:00\",\"dateModified\":\"2025-09-15T07:38:58+00:00\",\"mainEntityOfPage\":{\"@id\":\"https:\\\/\\\/afogadosfm.com.br\\\/afogadosfm\\\/2025\\\/09\\\/15\\\/pesquisa-anistia-a-bolsonaro-e-rejeitada-por-54-da-populacao-e-aprovado-por-39\\\/\"},\"wordCount\":358,\"commentCount\":0,\"publisher\":{\"@id\":\"https:\\\/\\\/afogadosfm.com.br\\\/afogadosfm\\\/#organization\"},\"image\":{\"@id\":\"https:\\\/\\\/afogadosfm.com.br\\\/afogadosfm\\\/2025\\\/09\\\/15\\\/pesquisa-anistia-a-bolsonaro-e-rejeitada-por-54-da-populacao-e-aprovado-por-39\\\/#primaryimage\"},\"thumbnailUrl\":\"https:\\\/\\\/i0.wp.com\\\/afogadosfm.com.br\\\/afogadosfm\\\/wp-content\\\/uploads\\\/2018\\\/01\\\/pesquisa-1.jpg?fit=308%2C163&ssl=1\",\"articleSection\":[\"Brasil\"],\"inLanguage\":\"pt-BR\",\"potentialAction\":[{\"@type\":\"CommentAction\",\"name\":\"Comment\",\"target\":[\"https:\\\/\\\/afogadosfm.com.br\\\/afogadosfm\\\/2025\\\/09\\\/15\\\/pesquisa-anistia-a-bolsonaro-e-rejeitada-por-54-da-populacao-e-aprovado-por-39\\\/#respond\"]}]},{\"@type\":\"WebPage\",\"@id\":\"https:\\\/\\\/afogadosfm.com.br\\\/afogadosfm\\\/2025\\\/09\\\/15\\\/pesquisa-anistia-a-bolsonaro-e-rejeitada-por-54-da-populacao-e-aprovado-por-39\\\/\",\"url\":\"https:\\\/\\\/afogadosfm.com.br\\\/afogadosfm\\\/2025\\\/09\\\/15\\\/pesquisa-anistia-a-bolsonaro-e-rejeitada-por-54-da-populacao-e-aprovado-por-39\\\/\",\"name\":\"Pesquisa: Anistia a Bolsonaro \u00e9 rejeitada por 54% da popula\u00e7\u00e3o e aprovado por 39% - Afogados FM\",\"isPartOf\":{\"@id\":\"https:\\\/\\\/afogadosfm.com.br\\\/afogadosfm\\\/#website\"},\"primaryImageOfPage\":{\"@id\":\"https:\\\/\\\/afogadosfm.com.br\\\/afogadosfm\\\/2025\\\/09\\\/15\\\/pesquisa-anistia-a-bolsonaro-e-rejeitada-por-54-da-populacao-e-aprovado-por-39\\\/#primaryimage\"},\"image\":{\"@id\":\"https:\\\/\\\/afogadosfm.com.br\\\/afogadosfm\\\/2025\\\/09\\\/15\\\/pesquisa-anistia-a-bolsonaro-e-rejeitada-por-54-da-populacao-e-aprovado-por-39\\\/#primaryimage\"},\"thumbnailUrl\":\"https:\\\/\\\/i0.wp.com\\\/afogadosfm.com.br\\\/afogadosfm\\\/wp-content\\\/uploads\\\/2018\\\/01\\\/pesquisa-1.jpg?fit=308%2C163&ssl=1\",\"datePublished\":\"2025-09-15T07:38:56+00:00\",\"dateModified\":\"2025-09-15T07:38:58+00:00\",\"breadcrumb\":{\"@id\":\"https:\\\/\\\/afogadosfm.com.br\\\/afogadosfm\\\/2025\\\/09\\\/15\\\/pesquisa-anistia-a-bolsonaro-e-rejeitada-por-54-da-populacao-e-aprovado-por-39\\\/#breadcrumb\"},\"inLanguage\":\"pt-BR\",\"potentialAction\":[{\"@type\":\"ReadAction\",\"target\":[\"https:\\\/\\\/afogadosfm.com.br\\\/afogadosfm\\\/2025\\\/09\\\/15\\\/pesquisa-anistia-a-bolsonaro-e-rejeitada-por-54-da-populacao-e-aprovado-por-39\\\/\"]}]},{\"@type\":\"ImageObject\",\"inLanguage\":\"pt-BR\",\"@id\":\"https:\\\/\\\/afogadosfm.com.br\\\/afogadosfm\\\/2025\\\/09\\\/15\\\/pesquisa-anistia-a-bolsonaro-e-rejeitada-por-54-da-populacao-e-aprovado-por-39\\\/#primaryimage\",\"url\":\"https:\\\/\\\/i0.wp.com\\\/afogadosfm.com.br\\\/afogadosfm\\\/wp-content\\\/uploads\\\/2018\\\/01\\\/pesquisa-1.jpg?fit=308%2C163&ssl=1\",\"contentUrl\":\"https:\\\/\\\/i0.wp.com\\\/afogadosfm.com.br\\\/afogadosfm\\\/wp-content\\\/uploads\\\/2018\\\/01\\\/pesquisa-1.jpg?fit=308%2C163&ssl=1\",\"width\":308,\"height\":163},{\"@type\":\"BreadcrumbList\",\"@id\":\"https:\\\/\\\/afogadosfm.com.br\\\/afogadosfm\\\/2025\\\/09\\\/15\\\/pesquisa-anistia-a-bolsonaro-e-rejeitada-por-54-da-populacao-e-aprovado-por-39\\\/#breadcrumb\",\"itemListElement\":[{\"@type\":\"ListItem\",\"position\":1,\"name\":\"In\u00edcio\",\"item\":\"https:\\\/\\\/afogadosfm.com.br\\\/afogadosfm\\\/\"},{\"@type\":\"ListItem\",\"position\":2,\"name\":\"Pesquisa: Anistia a Bolsonaro \u00e9 rejeitada por 54% da popula\u00e7\u00e3o e aprovado por 39%\"}]},{\"@type\":\"WebSite\",\"@id\":\"https:\\\/\\\/afogadosfm.com.br\\\/afogadosfm\\\/#website\",\"url\":\"https:\\\/\\\/afogadosfm.com.br\\\/afogadosfm\\\/\",\"name\":\"Afogados FM\",\"description\":\"Um site completo!\",\"publisher\":{\"@id\":\"https:\\\/\\\/afogadosfm.com.br\\\/afogadosfm\\\/#organization\"},\"potentialAction\":[{\"@type\":\"SearchAction\",\"target\":{\"@type\":\"EntryPoint\",\"urlTemplate\":\"https:\\\/\\\/afogadosfm.com.br\\\/afogadosfm\\\/?s={search_term_string}\"},\"query-input\":{\"@type\":\"PropertyValueSpecification\",\"valueRequired\":true,\"valueName\":\"search_term_string\"}}],\"inLanguage\":\"pt-BR\"},{\"@type\":\"Organization\",\"@id\":\"https:\\\/\\\/afogadosfm.com.br\\\/afogadosfm\\\/#organization\",\"name\":\"Afogados FM\",\"url\":\"https:\\\/\\\/afogadosfm.com.br\\\/afogadosfm\\\/\",\"logo\":{\"@type\":\"ImageObject\",\"inLanguage\":\"pt-BR\",\"@id\":\"https:\\\/\\\/afogadosfm.com.br\\\/afogadosfm\\\/#\\\/schema\\\/logo\\\/image\\\/\",\"url\":\"https:\\\/\\\/i0.wp.com\\\/afogadosfm.com.br\\\/afogadosfm\\\/wp-content\\\/uploads\\\/2020\\\/06\\\/cropped-banner-afogados-4.jpg?fit=369%2C137&ssl=1\",\"contentUrl\":\"https:\\\/\\\/i0.wp.com\\\/afogadosfm.com.br\\\/afogadosfm\\\/wp-content\\\/uploads\\\/2020\\\/06\\\/cropped-banner-afogados-4.jpg?fit=369%2C137&ssl=1\",\"width\":369,\"height\":137,\"caption\":\"Afogados FM\"},\"image\":{\"@id\":\"https:\\\/\\\/afogadosfm.com.br\\\/afogadosfm\\\/#\\\/schema\\\/logo\\\/image\\\/\"}},{\"@type\":\"Person\",\"@id\":\"https:\\\/\\\/afogadosfm.com.br\\\/afogadosfm\\\/#\\\/schema\\\/person\\\/60e56f2cf5dc960fc093fe093d9e9057\",\"name\":\"afogadosfm\",\"image\":{\"@type\":\"ImageObject\",\"inLanguage\":\"pt-BR\",\"@id\":\"https:\\\/\\\/secure.gravatar.com\\\/avatar\\\/e0359add7ed5dc3560906d861b52c6a8cf5c1e199d3a7dd85070998f49bd4701?s=96&d=mm&r=g\",\"url\":\"https:\\\/\\\/secure.gravatar.com\\\/avatar\\\/e0359add7ed5dc3560906d861b52c6a8cf5c1e199d3a7dd85070998f49bd4701?s=96&d=mm&r=g\",\"contentUrl\":\"https:\\\/\\\/secure.gravatar.com\\\/avatar\\\/e0359add7ed5dc3560906d861b52c6a8cf5c1e199d3a7dd85070998f49bd4701?s=96&d=mm&r=g\",\"caption\":\"afogadosfm\"},\"url\":\"https:\\\/\\\/afogadosfm.com.br\\\/afogadosfm\\\/author\\\/afogadosfm\\\/\"}]}<\/script>\n<!-- \/ Yoast SEO plugin. -->","yoast_head_json":{"title":"Pesquisa: Anistia a Bolsonaro \u00e9 rejeitada por 54% da popula\u00e7\u00e3o e aprovado por 39% - Afogados FM","robots":{"index":"index","follow":"follow","max-snippet":"max-snippet:-1","max-image-preview":"max-image-preview:large","max-video-preview":"max-video-preview:-1"},"canonical":"https:\/\/afogadosfm.com.br\/afogadosfm\/2025\/09\/15\/pesquisa-anistia-a-bolsonaro-e-rejeitada-por-54-da-populacao-e-aprovado-por-39\/","og_locale":"pt_BR","og_type":"article","og_title":"Pesquisa: Anistia a Bolsonaro \u00e9 rejeitada por 54% da popula\u00e7\u00e3o e aprovado por 39% - Afogados FM","og_description":"A aprova\u00e7\u00e3o de uma anistia que livrasse o ex-presidente Jair Bolsonaro (PL) da condena\u00e7\u00e3o por tentativa de golpe de Estado","og_url":"https:\/\/afogadosfm.com.br\/afogadosfm\/2025\/09\/15\/pesquisa-anistia-a-bolsonaro-e-rejeitada-por-54-da-populacao-e-aprovado-por-39\/","og_site_name":"Afogados FM","article_published_time":"2025-09-15T07:38:56+00:00","article_modified_time":"2025-09-15T07:38:58+00:00","og_image":[{"width":308,"height":163,"url":"https:\/\/afogadosfm.com.br\/afogadosfm\/wp-content\/uploads\/2018\/01\/pesquisa-1.jpg","type":"image\/jpeg"}],"author":"afogadosfm","twitter_card":"summary_large_image","twitter_misc":{"Escrito por":"afogadosfm","Est. tempo de leitura":"3 minutos"},"schema":{"@context":"https:\/\/schema.org","@graph":[{"@type":"Article","@id":"https:\/\/afogadosfm.com.br\/afogadosfm\/2025\/09\/15\/pesquisa-anistia-a-bolsonaro-e-rejeitada-por-54-da-populacao-e-aprovado-por-39\/#article","isPartOf":{"@id":"https:\/\/afogadosfm.com.br\/afogadosfm\/2025\/09\/15\/pesquisa-anistia-a-bolsonaro-e-rejeitada-por-54-da-populacao-e-aprovado-por-39\/"},"author":{"name":"afogadosfm","@id":"https:\/\/afogadosfm.com.br\/afogadosfm\/#\/schema\/person\/60e56f2cf5dc960fc093fe093d9e9057"},"headline":"Pesquisa: Anistia a Bolsonaro \u00e9 rejeitada por 54% da popula\u00e7\u00e3o e aprovado por 39%","datePublished":"2025-09-15T07:38:56+00:00","dateModified":"2025-09-15T07:38:58+00:00","mainEntityOfPage":{"@id":"https:\/\/afogadosfm.com.br\/afogadosfm\/2025\/09\/15\/pesquisa-anistia-a-bolsonaro-e-rejeitada-por-54-da-populacao-e-aprovado-por-39\/"},"wordCount":358,"commentCount":0,"publisher":{"@id":"https:\/\/afogadosfm.com.br\/afogadosfm\/#organization"},"image":{"@id":"https:\/\/afogadosfm.com.br\/afogadosfm\/2025\/09\/15\/pesquisa-anistia-a-bolsonaro-e-rejeitada-por-54-da-populacao-e-aprovado-por-39\/#primaryimage"},"thumbnailUrl":"https:\/\/i0.wp.com\/afogadosfm.com.br\/afogadosfm\/wp-content\/uploads\/2018\/01\/pesquisa-1.jpg?fit=308%2C163&ssl=1","articleSection":["Brasil"],"inLanguage":"pt-BR","potentialAction":[{"@type":"CommentAction","name":"Comment","target":["https:\/\/afogadosfm.com.br\/afogadosfm\/2025\/09\/15\/pesquisa-anistia-a-bolsonaro-e-rejeitada-por-54-da-populacao-e-aprovado-por-39\/#respond"]}]},{"@type":"WebPage","@id":"https:\/\/afogadosfm.com.br\/afogadosfm\/2025\/09\/15\/pesquisa-anistia-a-bolsonaro-e-rejeitada-por-54-da-populacao-e-aprovado-por-39\/","url":"https:\/\/afogadosfm.com.br\/afogadosfm\/2025\/09\/15\/pesquisa-anistia-a-bolsonaro-e-rejeitada-por-54-da-populacao-e-aprovado-por-39\/","name":"Pesquisa: Anistia a Bolsonaro \u00e9 rejeitada por 54% da popula\u00e7\u00e3o e aprovado por 39% - Afogados FM","isPartOf":{"@id":"https:\/\/afogadosfm.com.br\/afogadosfm\/#website"},"primaryImageOfPage":{"@id":"https:\/\/afogadosfm.com.br\/afogadosfm\/2025\/09\/15\/pesquisa-anistia-a-bolsonaro-e-rejeitada-por-54-da-populacao-e-aprovado-por-39\/#primaryimage"},"image":{"@id":"https:\/\/afogadosfm.com.br\/afogadosfm\/2025\/09\/15\/pesquisa-anistia-a-bolsonaro-e-rejeitada-por-54-da-populacao-e-aprovado-por-39\/#primaryimage"},"thumbnailUrl":"https:\/\/i0.wp.com\/afogadosfm.com.br\/afogadosfm\/wp-content\/uploads\/2018\/01\/pesquisa-1.jpg?fit=308%2C163&ssl=1","datePublished":"2025-09-15T07:38:56+00:00","dateModified":"2025-09-15T07:38:58+00:00","breadcrumb":{"@id":"https:\/\/afogadosfm.com.br\/afogadosfm\/2025\/09\/15\/pesquisa-anistia-a-bolsonaro-e-rejeitada-por-54-da-populacao-e-aprovado-por-39\/#breadcrumb"},"inLanguage":"pt-BR","potentialAction":[{"@type":"ReadAction","target":["https:\/\/afogadosfm.com.br\/afogadosfm\/2025\/09\/15\/pesquisa-anistia-a-bolsonaro-e-rejeitada-por-54-da-populacao-e-aprovado-por-39\/"]}]},{"@type":"ImageObject","inLanguage":"pt-BR","@id":"https:\/\/afogadosfm.com.br\/afogadosfm\/2025\/09\/15\/pesquisa-anistia-a-bolsonaro-e-rejeitada-por-54-da-populacao-e-aprovado-por-39\/#primaryimage","url":"https:\/\/i0.wp.com\/afogadosfm.com.br\/afogadosfm\/wp-content\/uploads\/2018\/01\/pesquisa-1.jpg?fit=308%2C163&ssl=1","contentUrl":"https:\/\/i0.wp.com\/afogadosfm.com.br\/afogadosfm\/wp-content\/uploads\/2018\/01\/pesquisa-1.jpg?fit=308%2C163&ssl=1","width":308,"height":163},{"@type":"BreadcrumbList","@id":"https:\/\/afogadosfm.com.br\/afogadosfm\/2025\/09\/15\/pesquisa-anistia-a-bolsonaro-e-rejeitada-por-54-da-populacao-e-aprovado-por-39\/#breadcrumb","itemListElement":[{"@type":"ListItem","position":1,"name":"In\u00edcio","item":"https:\/\/afogadosfm.com.br\/afogadosfm\/"},{"@type":"ListItem","position":2,"name":"Pesquisa: Anistia a Bolsonaro \u00e9 rejeitada por 54% da popula\u00e7\u00e3o e aprovado por 39%"}]},{"@type":"WebSite","@id":"https:\/\/afogadosfm.com.br\/afogadosfm\/#website","url":"https:\/\/afogadosfm.com.br\/afogadosfm\/","name":"Afogados FM","description":"Um site completo!","publisher":{"@id":"https:\/\/afogadosfm.com.br\/afogadosfm\/#organization"},"potentialAction":[{"@type":"SearchAction","target":{"@type":"EntryPoint","urlTemplate":"https:\/\/afogadosfm.com.br\/afogadosfm\/?s={search_term_string}"},"query-input":{"@type":"PropertyValueSpecification","valueRequired":true,"valueName":"search_term_string"}}],"inLanguage":"pt-BR"},{"@type":"Organization","@id":"https:\/\/afogadosfm.com.br\/afogadosfm\/#organization","name":"Afogados FM","url":"https:\/\/afogadosfm.com.br\/afogadosfm\/","logo":{"@type":"ImageObject","inLanguage":"pt-BR","@id":"https:\/\/afogadosfm.com.br\/afogadosfm\/#\/schema\/logo\/image\/","url":"https:\/\/i0.wp.com\/afogadosfm.com.br\/afogadosfm\/wp-content\/uploads\/2020\/06\/cropped-banner-afogados-4.jpg?fit=369%2C137&ssl=1","contentUrl":"https:\/\/i0.wp.com\/afogadosfm.com.br\/afogadosfm\/wp-content\/uploads\/2020\/06\/cropped-banner-afogados-4.jpg?fit=369%2C137&ssl=1","width":369,"height":137,"caption":"Afogados FM"},"image":{"@id":"https:\/\/afogadosfm.com.br\/afogadosfm\/#\/schema\/logo\/image\/"}},{"@type":"Person","@id":"https:\/\/afogadosfm.com.br\/afogadosfm\/#\/schema\/person\/60e56f2cf5dc960fc093fe093d9e9057","name":"afogadosfm","image":{"@type":"ImageObject","inLanguage":"pt-BR","@id":"https:\/\/secure.gravatar.com\/avatar\/e0359add7ed5dc3560906d861b52c6a8cf5c1e199d3a7dd85070998f49bd4701?s=96&d=mm&r=g","url":"https:\/\/secure.gravatar.com\/avatar\/e0359add7ed5dc3560906d861b52c6a8cf5c1e199d3a7dd85070998f49bd4701?s=96&d=mm&r=g","contentUrl":"https:\/\/secure.gravatar.com\/avatar\/e0359add7ed5dc3560906d861b52c6a8cf5c1e199d3a7dd85070998f49bd4701?s=96&d=mm&r=g","caption":"afogadosfm"},"url":"https:\/\/afogadosfm.com.br\/afogadosfm\/author\/afogadosfm\/"}]}},"jetpack_publicize_connections":[],"jetpack_featured_media_url":"https:\/\/i0.wp.com\/afogadosfm.com.br\/afogadosfm\/wp-content\/uploads\/2018\/01\/pesquisa-1.jpg?fit=308%2C163&ssl=1","jetpack-related-posts":[],"jetpack_sharing_enabled":true,"jetpack_likes_enabled":true,"_links":{"self":[{"href":"https:\/\/afogadosfm.com.br\/afogadosfm\/wp-json\/wp\/v2\/posts\/69041","targetHints":{"allow":["GET"]}}],"collection":[{"href":"https:\/\/afogadosfm.com.br\/afogadosfm\/wp-json\/wp\/v2\/posts"}],"about":[{"href":"https:\/\/afogadosfm.com.br\/afogadosfm\/wp-json\/wp\/v2\/types\/post"}],"author":[{"embeddable":true,"href":"https:\/\/afogadosfm.com.br\/afogadosfm\/wp-json\/wp\/v2\/users\/2"}],"replies":[{"embeddable":true,"href":"https:\/\/afogadosfm.com.br\/afogadosfm\/wp-json\/wp\/v2\/comments?post=69041"}],"version-history":[{"count":1,"href":"https:\/\/afogadosfm.com.br\/afogadosfm\/wp-json\/wp\/v2\/posts\/69041\/revisions"}],"predecessor-version":[{"id":69042,"href":"https:\/\/afogadosfm.com.br\/afogadosfm\/wp-json\/wp\/v2\/posts\/69041\/revisions\/69042"}],"wp:featuredmedia":[{"embeddable":true,"href":"https:\/\/afogadosfm.com.br\/afogadosfm\/wp-json\/wp\/v2\/media\/2113"}],"wp:attachment":[{"href":"https:\/\/afogadosfm.com.br\/afogadosfm\/wp-json\/wp\/v2\/media?parent=69041"}],"wp:term":[{"taxonomy":"category","embeddable":true,"href":"https:\/\/afogadosfm.com.br\/afogadosfm\/wp-json\/wp\/v2\/categories?post=69041"},{"taxonomy":"post_tag","embeddable":true,"href":"https:\/\/afogadosfm.com.br\/afogadosfm\/wp-json\/wp\/v2\/tags?post=69041"}],"curies":[{"name":"wp","href":"https:\/\/api.w.org\/{rel}","templated":true}]}}