{"id":69043,"date":"2025-09-15T04:41:02","date_gmt":"2025-09-15T07:41:02","guid":{"rendered":"https:\/\/afogadosfm.com.br\/afogadosfm\/?p=69043"},"modified":"2025-09-15T04:41:09","modified_gmt":"2025-09-15T07:41:09","slug":"sport-consegue-empate-com-o-bragantino-e-segue-na-zona-de-rebaixamento","status":"publish","type":"post","link":"https:\/\/afogadosfm.com.br\/afogadosfm\/2025\/09\/15\/sport-consegue-empate-com-o-bragantino-e-segue-na-zona-de-rebaixamento\/","title":{"rendered":"Sport consegue empate com o Bragantino e segue na zona de rebaixamento"},"content":{"rendered":"\n<p>O sofrimento do Sport no Brasileir\u00e3o segue, \u00e9 verdade, mas desta vez menos triste do que se desenhava. O Le\u00e3o empatou por 1 a 1 com o Bragantino, neste domingo (14), no Est\u00e1dio C\u00edcero de Souza Marques, em Bragan\u00e7a Paulista, pela 23\u00aa rodada da S\u00e9rie A do Campeonato Brasileiro. Mesmo com dificuldades durante boa parte da partida, o Rubro-negro conseguiu arrancar um ponto no apagar das luzes, com gol de Derik Lacerda, aos 47 minutos do segundo tempo.<\/p>\n\n\n\n<p>De ponto positivo, novamente a atua\u00e7\u00e3o do goleiro Gabriel, que fez defesas importantes e foi um dos melhores em campo. Apesar disso, o Sport voltou a mostrar problemas para reagir ap\u00f3s sair atr\u00e1s no placar e s\u00f3 conseguiu o empate nos acr\u00e9scimos. O gol do Bragantino foi marcado por Eduardo Sasha, de p\u00eanalti, aos 11 minutos do segundo tempo.<\/p>\n\n\n\n<p>Com o resultado, o Le\u00e3o permanece na lanterna, com 10 pontos em 21 jogos, e v\u00ea aumentar a dist\u00e2ncia para o primeiro time fora do Z-4 &#8211; 12 pontos atr\u00e1s do Santos, que tem 22 e \u00e9 a primeira equipe fora do Z4. O Bragantino, por sua vez, chega a 33 pontos e sobe para a 7\u00aa posi\u00e7\u00e3o, se aproximando da zona de classifica\u00e7\u00e3o para a Libertadores.<\/p>\n\n\n\n<p>Na pr\u00f3xima rodada, o Sport enfrenta o Corinthians, no domingo (21), \u00e0s 17h30, na Ilha do Retiro. O Bragantino visita o Cruzeiro, no mesmo dia, \u00e0s 20h30, no Mineir\u00e3o. O Le\u00e3o n\u00e3o poder\u00e1 contar com Lucas Lima e Pedro Augusto, suspensos pelo terceiro cart\u00e3o amarelo.<\/p>\n\n\n\n<p>Do JC<\/p>\n","protected":false},"excerpt":{"rendered":"<p>O sofrimento do Sport no Brasileir\u00e3o segue, \u00e9 verdade, mas desta vez menos triste do que se desenhava. O Le\u00e3o<\/p>\n","protected":false},"author":2,"featured_media":64485,"comment_status":"open","ping_status":"open","sticky":false,"template":"","format":"standard","meta":{"jetpack_post_was_ever_published":false,"_jetpack_newsletter_access":"","_jetpack_dont_email_post_to_subs":false,"_jetpack_newsletter_tier_id":0,"_jetpack_memberships_contains_paywalled_content":false,"_jetpack_memberships_contains_paid_content":false,"footnotes":"","jetpack_publicize_message":"","jetpack_publicize_feature_enabled":true,"jetpack_social_post_already_shared":true,"jetpack_social_options":{"image_generator_settings":{"template":"highway","default_image_id":0,"font":"","enabled":false},"version":2}},"categories":[8],"tags":[],"class_list":["post-69043","post","type-post","status-publish","format-standard","has-post-thumbnail","hentry","category-esporte"],"yoast_head":"<!-- This site is optimized with the Yoast SEO plugin v27.5 - https:\/\/yoast.com\/product\/yoast-seo-wordpress\/ -->\n<title>Sport consegue empate com o Bragantino e segue na zona de rebaixamento - Afogados FM<\/title>\n<meta name=\"robots\" content=\"index, follow, max-snippet:-1, max-image-preview:large, max-video-preview:-1\" \/>\n<link rel=\"canonical\" href=\"https:\/\/afogadosfm.com.br\/afogadosfm\/2025\/09\/15\/sport-consegue-empate-com-o-bragantino-e-segue-na-zona-de-rebaixamento\/\" \/>\n<meta property=\"og:locale\" content=\"pt_BR\" \/>\n<meta property=\"og:type\" content=\"article\" \/>\n<meta property=\"og:title\" content=\"Sport consegue empate com o Bragantino e segue na zona de rebaixamento - Afogados FM\" \/>\n<meta property=\"og:description\" content=\"O sofrimento do Sport no Brasileir\u00e3o segue, \u00e9 verdade, mas desta vez menos triste do que se desenhava. O Le\u00e3o\" \/>\n<meta property=\"og:url\" content=\"https:\/\/afogadosfm.com.br\/afogadosfm\/2025\/09\/15\/sport-consegue-empate-com-o-bragantino-e-segue-na-zona-de-rebaixamento\/\" \/>\n<meta property=\"og:site_name\" content=\"Afogados FM\" \/>\n<meta property=\"article:published_time\" content=\"2025-09-15T07:41:02+00:00\" \/>\n<meta property=\"article:modified_time\" content=\"2025-09-15T07:41:09+00:00\" \/>\n<meta property=\"og:image\" content=\"https:\/\/afogadosfm.com.br\/afogadosfm\/wp-content\/uploads\/2025\/03\/bolamucha.jpeg\" \/>\n\t<meta property=\"og:image:width\" content=\"400\" \/>\n\t<meta property=\"og:image:height\" content=\"300\" \/>\n\t<meta property=\"og:image:type\" content=\"image\/jpeg\" \/>\n<meta name=\"author\" content=\"afogadosfm\" \/>\n<meta name=\"twitter:card\" content=\"summary_large_image\" \/>\n<meta name=\"twitter:label1\" content=\"Escrito por\" \/>\n\t<meta name=\"twitter:data1\" content=\"afogadosfm\" \/>\n\t<meta name=\"twitter:label2\" content=\"Est. tempo de leitura\" \/>\n\t<meta name=\"twitter:data2\" content=\"2 minutos\" \/>\n<script type=\"application\/ld+json\" class=\"yoast-schema-graph\">{\"@context\":\"https:\\\/\\\/schema.org\",\"@graph\":[{\"@type\":\"Article\",\"@id\":\"https:\\\/\\\/afogadosfm.com.br\\\/afogadosfm\\\/2025\\\/09\\\/15\\\/sport-consegue-empate-com-o-bragantino-e-segue-na-zona-de-rebaixamento\\\/#article\",\"isPartOf\":{\"@id\":\"https:\\\/\\\/afogadosfm.com.br\\\/afogadosfm\\\/2025\\\/09\\\/15\\\/sport-consegue-empate-com-o-bragantino-e-segue-na-zona-de-rebaixamento\\\/\"},\"author\":{\"name\":\"afogadosfm\",\"@id\":\"https:\\\/\\\/afogadosfm.com.br\\\/afogadosfm\\\/#\\\/schema\\\/person\\\/60e56f2cf5dc960fc093fe093d9e9057\"},\"headline\":\"Sport consegue empate com o Bragantino e segue na zona de rebaixamento\",\"datePublished\":\"2025-09-15T07:41:02+00:00\",\"dateModified\":\"2025-09-15T07:41:09+00:00\",\"mainEntityOfPage\":{\"@id\":\"https:\\\/\\\/afogadosfm.com.br\\\/afogadosfm\\\/2025\\\/09\\\/15\\\/sport-consegue-empate-com-o-bragantino-e-segue-na-zona-de-rebaixamento\\\/\"},\"wordCount\":269,\"commentCount\":0,\"publisher\":{\"@id\":\"https:\\\/\\\/afogadosfm.com.br\\\/afogadosfm\\\/#organization\"},\"image\":{\"@id\":\"https:\\\/\\\/afogadosfm.com.br\\\/afogadosfm\\\/2025\\\/09\\\/15\\\/sport-consegue-empate-com-o-bragantino-e-segue-na-zona-de-rebaixamento\\\/#primaryimage\"},\"thumbnailUrl\":\"https:\\\/\\\/i0.wp.com\\\/afogadosfm.com.br\\\/afogadosfm\\\/wp-content\\\/uploads\\\/2025\\\/03\\\/bolamucha.jpeg?fit=400%2C300&ssl=1\",\"articleSection\":[\"Esporte\"],\"inLanguage\":\"pt-BR\",\"potentialAction\":[{\"@type\":\"CommentAction\",\"name\":\"Comment\",\"target\":[\"https:\\\/\\\/afogadosfm.com.br\\\/afogadosfm\\\/2025\\\/09\\\/15\\\/sport-consegue-empate-com-o-bragantino-e-segue-na-zona-de-rebaixamento\\\/#respond\"]}]},{\"@type\":\"WebPage\",\"@id\":\"https:\\\/\\\/afogadosfm.com.br\\\/afogadosfm\\\/2025\\\/09\\\/15\\\/sport-consegue-empate-com-o-bragantino-e-segue-na-zona-de-rebaixamento\\\/\",\"url\":\"https:\\\/\\\/afogadosfm.com.br\\\/afogadosfm\\\/2025\\\/09\\\/15\\\/sport-consegue-empate-com-o-bragantino-e-segue-na-zona-de-rebaixamento\\\/\",\"name\":\"Sport consegue empate com o Bragantino e segue na zona de rebaixamento - Afogados FM\",\"isPartOf\":{\"@id\":\"https:\\\/\\\/afogadosfm.com.br\\\/afogadosfm\\\/#website\"},\"primaryImageOfPage\":{\"@id\":\"https:\\\/\\\/afogadosfm.com.br\\\/afogadosfm\\\/2025\\\/09\\\/15\\\/sport-consegue-empate-com-o-bragantino-e-segue-na-zona-de-rebaixamento\\\/#primaryimage\"},\"image\":{\"@id\":\"https:\\\/\\\/afogadosfm.com.br\\\/afogadosfm\\\/2025\\\/09\\\/15\\\/sport-consegue-empate-com-o-bragantino-e-segue-na-zona-de-rebaixamento\\\/#primaryimage\"},\"thumbnailUrl\":\"https:\\\/\\\/i0.wp.com\\\/afogadosfm.com.br\\\/afogadosfm\\\/wp-content\\\/uploads\\\/2025\\\/03\\\/bolamucha.jpeg?fit=400%2C300&ssl=1\",\"datePublished\":\"2025-09-15T07:41:02+00:00\",\"dateModified\":\"2025-09-15T07:41:09+00:00\",\"breadcrumb\":{\"@id\":\"https:\\\/\\\/afogadosfm.com.br\\\/afogadosfm\\\/2025\\\/09\\\/15\\\/sport-consegue-empate-com-o-bragantino-e-segue-na-zona-de-rebaixamento\\\/#breadcrumb\"},\"inLanguage\":\"pt-BR\",\"potentialAction\":[{\"@type\":\"ReadAction\",\"target\":[\"https:\\\/\\\/afogadosfm.com.br\\\/afogadosfm\\\/2025\\\/09\\\/15\\\/sport-consegue-empate-com-o-bragantino-e-segue-na-zona-de-rebaixamento\\\/\"]}]},{\"@type\":\"ImageObject\",\"inLanguage\":\"pt-BR\",\"@id\":\"https:\\\/\\\/afogadosfm.com.br\\\/afogadosfm\\\/2025\\\/09\\\/15\\\/sport-consegue-empate-com-o-bragantino-e-segue-na-zona-de-rebaixamento\\\/#primaryimage\",\"url\":\"https:\\\/\\\/i0.wp.com\\\/afogadosfm.com.br\\\/afogadosfm\\\/wp-content\\\/uploads\\\/2025\\\/03\\\/bolamucha.jpeg?fit=400%2C300&ssl=1\",\"contentUrl\":\"https:\\\/\\\/i0.wp.com\\\/afogadosfm.com.br\\\/afogadosfm\\\/wp-content\\\/uploads\\\/2025\\\/03\\\/bolamucha.jpeg?fit=400%2C300&ssl=1\",\"width\":400,\"height\":300},{\"@type\":\"BreadcrumbList\",\"@id\":\"https:\\\/\\\/afogadosfm.com.br\\\/afogadosfm\\\/2025\\\/09\\\/15\\\/sport-consegue-empate-com-o-bragantino-e-segue-na-zona-de-rebaixamento\\\/#breadcrumb\",\"itemListElement\":[{\"@type\":\"ListItem\",\"position\":1,\"name\":\"In\u00edcio\",\"item\":\"https:\\\/\\\/afogadosfm.com.br\\\/afogadosfm\\\/\"},{\"@type\":\"ListItem\",\"position\":2,\"name\":\"Sport consegue empate com o Bragantino e segue na zona de rebaixamento\"}]},{\"@type\":\"WebSite\",\"@id\":\"https:\\\/\\\/afogadosfm.com.br\\\/afogadosfm\\\/#website\",\"url\":\"https:\\\/\\\/afogadosfm.com.br\\\/afogadosfm\\\/\",\"name\":\"Afogados FM\",\"description\":\"Um site completo!\",\"publisher\":{\"@id\":\"https:\\\/\\\/afogadosfm.com.br\\\/afogadosfm\\\/#organization\"},\"potentialAction\":[{\"@type\":\"SearchAction\",\"target\":{\"@type\":\"EntryPoint\",\"urlTemplate\":\"https:\\\/\\\/afogadosfm.com.br\\\/afogadosfm\\\/?s={search_term_string}\"},\"query-input\":{\"@type\":\"PropertyValueSpecification\",\"valueRequired\":true,\"valueName\":\"search_term_string\"}}],\"inLanguage\":\"pt-BR\"},{\"@type\":\"Organization\",\"@id\":\"https:\\\/\\\/afogadosfm.com.br\\\/afogadosfm\\\/#organization\",\"name\":\"Afogados FM\",\"url\":\"https:\\\/\\\/afogadosfm.com.br\\\/afogadosfm\\\/\",\"logo\":{\"@type\":\"ImageObject\",\"inLanguage\":\"pt-BR\",\"@id\":\"https:\\\/\\\/afogadosfm.com.br\\\/afogadosfm\\\/#\\\/schema\\\/logo\\\/image\\\/\",\"url\":\"https:\\\/\\\/i0.wp.com\\\/afogadosfm.com.br\\\/afogadosfm\\\/wp-content\\\/uploads\\\/2020\\\/06\\\/cropped-banner-afogados-4.jpg?fit=369%2C137&ssl=1\",\"contentUrl\":\"https:\\\/\\\/i0.wp.com\\\/afogadosfm.com.br\\\/afogadosfm\\\/wp-content\\\/uploads\\\/2020\\\/06\\\/cropped-banner-afogados-4.jpg?fit=369%2C137&ssl=1\",\"width\":369,\"height\":137,\"caption\":\"Afogados FM\"},\"image\":{\"@id\":\"https:\\\/\\\/afogadosfm.com.br\\\/afogadosfm\\\/#\\\/schema\\\/logo\\\/image\\\/\"}},{\"@type\":\"Person\",\"@id\":\"https:\\\/\\\/afogadosfm.com.br\\\/afogadosfm\\\/#\\\/schema\\\/person\\\/60e56f2cf5dc960fc093fe093d9e9057\",\"name\":\"afogadosfm\",\"image\":{\"@type\":\"ImageObject\",\"inLanguage\":\"pt-BR\",\"@id\":\"https:\\\/\\\/secure.gravatar.com\\\/avatar\\\/e0359add7ed5dc3560906d861b52c6a8cf5c1e199d3a7dd85070998f49bd4701?s=96&d=mm&r=g\",\"url\":\"https:\\\/\\\/secure.gravatar.com\\\/avatar\\\/e0359add7ed5dc3560906d861b52c6a8cf5c1e199d3a7dd85070998f49bd4701?s=96&d=mm&r=g\",\"contentUrl\":\"https:\\\/\\\/secure.gravatar.com\\\/avatar\\\/e0359add7ed5dc3560906d861b52c6a8cf5c1e199d3a7dd85070998f49bd4701?s=96&d=mm&r=g\",\"caption\":\"afogadosfm\"},\"url\":\"https:\\\/\\\/afogadosfm.com.br\\\/afogadosfm\\\/author\\\/afogadosfm\\\/\"}]}<\/script>\n<!-- \/ Yoast SEO plugin. -->","yoast_head_json":{"title":"Sport consegue empate com o Bragantino e segue na zona de rebaixamento - Afogados FM","robots":{"index":"index","follow":"follow","max-snippet":"max-snippet:-1","max-image-preview":"max-image-preview:large","max-video-preview":"max-video-preview:-1"},"canonical":"https:\/\/afogadosfm.com.br\/afogadosfm\/2025\/09\/15\/sport-consegue-empate-com-o-bragantino-e-segue-na-zona-de-rebaixamento\/","og_locale":"pt_BR","og_type":"article","og_title":"Sport consegue empate com o Bragantino e segue na zona de rebaixamento - Afogados FM","og_description":"O sofrimento do Sport no Brasileir\u00e3o segue, \u00e9 verdade, mas desta vez menos triste do que se desenhava. O Le\u00e3o","og_url":"https:\/\/afogadosfm.com.br\/afogadosfm\/2025\/09\/15\/sport-consegue-empate-com-o-bragantino-e-segue-na-zona-de-rebaixamento\/","og_site_name":"Afogados FM","article_published_time":"2025-09-15T07:41:02+00:00","article_modified_time":"2025-09-15T07:41:09+00:00","og_image":[{"width":400,"height":300,"url":"https:\/\/afogadosfm.com.br\/afogadosfm\/wp-content\/uploads\/2025\/03\/bolamucha.jpeg","type":"image\/jpeg"}],"author":"afogadosfm","twitter_card":"summary_large_image","twitter_misc":{"Escrito por":"afogadosfm","Est. tempo de leitura":"2 minutos"},"schema":{"@context":"https:\/\/schema.org","@graph":[{"@type":"Article","@id":"https:\/\/afogadosfm.com.br\/afogadosfm\/2025\/09\/15\/sport-consegue-empate-com-o-bragantino-e-segue-na-zona-de-rebaixamento\/#article","isPartOf":{"@id":"https:\/\/afogadosfm.com.br\/afogadosfm\/2025\/09\/15\/sport-consegue-empate-com-o-bragantino-e-segue-na-zona-de-rebaixamento\/"},"author":{"name":"afogadosfm","@id":"https:\/\/afogadosfm.com.br\/afogadosfm\/#\/schema\/person\/60e56f2cf5dc960fc093fe093d9e9057"},"headline":"Sport consegue empate com o Bragantino e segue na zona de rebaixamento","datePublished":"2025-09-15T07:41:02+00:00","dateModified":"2025-09-15T07:41:09+00:00","mainEntityOfPage":{"@id":"https:\/\/afogadosfm.com.br\/afogadosfm\/2025\/09\/15\/sport-consegue-empate-com-o-bragantino-e-segue-na-zona-de-rebaixamento\/"},"wordCount":269,"commentCount":0,"publisher":{"@id":"https:\/\/afogadosfm.com.br\/afogadosfm\/#organization"},"image":{"@id":"https:\/\/afogadosfm.com.br\/afogadosfm\/2025\/09\/15\/sport-consegue-empate-com-o-bragantino-e-segue-na-zona-de-rebaixamento\/#primaryimage"},"thumbnailUrl":"https:\/\/i0.wp.com\/afogadosfm.com.br\/afogadosfm\/wp-content\/uploads\/2025\/03\/bolamucha.jpeg?fit=400%2C300&ssl=1","articleSection":["Esporte"],"inLanguage":"pt-BR","potentialAction":[{"@type":"CommentAction","name":"Comment","target":["https:\/\/afogadosfm.com.br\/afogadosfm\/2025\/09\/15\/sport-consegue-empate-com-o-bragantino-e-segue-na-zona-de-rebaixamento\/#respond"]}]},{"@type":"WebPage","@id":"https:\/\/afogadosfm.com.br\/afogadosfm\/2025\/09\/15\/sport-consegue-empate-com-o-bragantino-e-segue-na-zona-de-rebaixamento\/","url":"https:\/\/afogadosfm.com.br\/afogadosfm\/2025\/09\/15\/sport-consegue-empate-com-o-bragantino-e-segue-na-zona-de-rebaixamento\/","name":"Sport consegue empate com o Bragantino e segue na zona de rebaixamento - Afogados FM","isPartOf":{"@id":"https:\/\/afogadosfm.com.br\/afogadosfm\/#website"},"primaryImageOfPage":{"@id":"https:\/\/afogadosfm.com.br\/afogadosfm\/2025\/09\/15\/sport-consegue-empate-com-o-bragantino-e-segue-na-zona-de-rebaixamento\/#primaryimage"},"image":{"@id":"https:\/\/afogadosfm.com.br\/afogadosfm\/2025\/09\/15\/sport-consegue-empate-com-o-bragantino-e-segue-na-zona-de-rebaixamento\/#primaryimage"},"thumbnailUrl":"https:\/\/i0.wp.com\/afogadosfm.com.br\/afogadosfm\/wp-content\/uploads\/2025\/03\/bolamucha.jpeg?fit=400%2C300&ssl=1","datePublished":"2025-09-15T07:41:02+00:00","dateModified":"2025-09-15T07:41:09+00:00","breadcrumb":{"@id":"https:\/\/afogadosfm.com.br\/afogadosfm\/2025\/09\/15\/sport-consegue-empate-com-o-bragantino-e-segue-na-zona-de-rebaixamento\/#breadcrumb"},"inLanguage":"pt-BR","potentialAction":[{"@type":"ReadAction","target":["https:\/\/afogadosfm.com.br\/afogadosfm\/2025\/09\/15\/sport-consegue-empate-com-o-bragantino-e-segue-na-zona-de-rebaixamento\/"]}]},{"@type":"ImageObject","inLanguage":"pt-BR","@id":"https:\/\/afogadosfm.com.br\/afogadosfm\/2025\/09\/15\/sport-consegue-empate-com-o-bragantino-e-segue-na-zona-de-rebaixamento\/#primaryimage","url":"https:\/\/i0.wp.com\/afogadosfm.com.br\/afogadosfm\/wp-content\/uploads\/2025\/03\/bolamucha.jpeg?fit=400%2C300&ssl=1","contentUrl":"https:\/\/i0.wp.com\/afogadosfm.com.br\/afogadosfm\/wp-content\/uploads\/2025\/03\/bolamucha.jpeg?fit=400%2C300&ssl=1","width":400,"height":300},{"@type":"BreadcrumbList","@id":"https:\/\/afogadosfm.com.br\/afogadosfm\/2025\/09\/15\/sport-consegue-empate-com-o-bragantino-e-segue-na-zona-de-rebaixamento\/#breadcrumb","itemListElement":[{"@type":"ListItem","position":1,"name":"In\u00edcio","item":"https:\/\/afogadosfm.com.br\/afogadosfm\/"},{"@type":"ListItem","position":2,"name":"Sport consegue empate com o Bragantino e segue na zona de rebaixamento"}]},{"@type":"WebSite","@id":"https:\/\/afogadosfm.com.br\/afogadosfm\/#website","url":"https:\/\/afogadosfm.com.br\/afogadosfm\/","name":"Afogados FM","description":"Um site completo!","publisher":{"@id":"https:\/\/afogadosfm.com.br\/afogadosfm\/#organization"},"potentialAction":[{"@type":"SearchAction","target":{"@type":"EntryPoint","urlTemplate":"https:\/\/afogadosfm.com.br\/afogadosfm\/?s={search_term_string}"},"query-input":{"@type":"PropertyValueSpecification","valueRequired":true,"valueName":"search_term_string"}}],"inLanguage":"pt-BR"},{"@type":"Organization","@id":"https:\/\/afogadosfm.com.br\/afogadosfm\/#organization","name":"Afogados FM","url":"https:\/\/afogadosfm.com.br\/afogadosfm\/","logo":{"@type":"ImageObject","inLanguage":"pt-BR","@id":"https:\/\/afogadosfm.com.br\/afogadosfm\/#\/schema\/logo\/image\/","url":"https:\/\/i0.wp.com\/afogadosfm.com.br\/afogadosfm\/wp-content\/uploads\/2020\/06\/cropped-banner-afogados-4.jpg?fit=369%2C137&ssl=1","contentUrl":"https:\/\/i0.wp.com\/afogadosfm.com.br\/afogadosfm\/wp-content\/uploads\/2020\/06\/cropped-banner-afogados-4.jpg?fit=369%2C137&ssl=1","width":369,"height":137,"caption":"Afogados FM"},"image":{"@id":"https:\/\/afogadosfm.com.br\/afogadosfm\/#\/schema\/logo\/image\/"}},{"@type":"Person","@id":"https:\/\/afogadosfm.com.br\/afogadosfm\/#\/schema\/person\/60e56f2cf5dc960fc093fe093d9e9057","name":"afogadosfm","image":{"@type":"ImageObject","inLanguage":"pt-BR","@id":"https:\/\/secure.gravatar.com\/avatar\/e0359add7ed5dc3560906d861b52c6a8cf5c1e199d3a7dd85070998f49bd4701?s=96&d=mm&r=g","url":"https:\/\/secure.gravatar.com\/avatar\/e0359add7ed5dc3560906d861b52c6a8cf5c1e199d3a7dd85070998f49bd4701?s=96&d=mm&r=g","contentUrl":"https:\/\/secure.gravatar.com\/avatar\/e0359add7ed5dc3560906d861b52c6a8cf5c1e199d3a7dd85070998f49bd4701?s=96&d=mm&r=g","caption":"afogadosfm"},"url":"https:\/\/afogadosfm.com.br\/afogadosfm\/author\/afogadosfm\/"}]}},"jetpack_publicize_connections":[],"jetpack_featured_media_url":"https:\/\/i0.wp.com\/afogadosfm.com.br\/afogadosfm\/wp-content\/uploads\/2025\/03\/bolamucha.jpeg?fit=400%2C300&ssl=1","jetpack-related-posts":[],"jetpack_sharing_enabled":true,"jetpack_likes_enabled":true,"_links":{"self":[{"href":"https:\/\/afogadosfm.com.br\/afogadosfm\/wp-json\/wp\/v2\/posts\/69043","targetHints":{"allow":["GET"]}}],"collection":[{"href":"https:\/\/afogadosfm.com.br\/afogadosfm\/wp-json\/wp\/v2\/posts"}],"about":[{"href":"https:\/\/afogadosfm.com.br\/afogadosfm\/wp-json\/wp\/v2\/types\/post"}],"author":[{"embeddable":true,"href":"https:\/\/afogadosfm.com.br\/afogadosfm\/wp-json\/wp\/v2\/users\/2"}],"replies":[{"embeddable":true,"href":"https:\/\/afogadosfm.com.br\/afogadosfm\/wp-json\/wp\/v2\/comments?post=69043"}],"version-history":[{"count":1,"href":"https:\/\/afogadosfm.com.br\/afogadosfm\/wp-json\/wp\/v2\/posts\/69043\/revisions"}],"predecessor-version":[{"id":69044,"href":"https:\/\/afogadosfm.com.br\/afogadosfm\/wp-json\/wp\/v2\/posts\/69043\/revisions\/69044"}],"wp:featuredmedia":[{"embeddable":true,"href":"https:\/\/afogadosfm.com.br\/afogadosfm\/wp-json\/wp\/v2\/media\/64485"}],"wp:attachment":[{"href":"https:\/\/afogadosfm.com.br\/afogadosfm\/wp-json\/wp\/v2\/media?parent=69043"}],"wp:term":[{"taxonomy":"category","embeddable":true,"href":"https:\/\/afogadosfm.com.br\/afogadosfm\/wp-json\/wp\/v2\/categories?post=69043"},{"taxonomy":"post_tag","embeddable":true,"href":"https:\/\/afogadosfm.com.br\/afogadosfm\/wp-json\/wp\/v2\/tags?post=69043"}],"curies":[{"name":"wp","href":"https:\/\/api.w.org\/{rel}","templated":true}]}}