{"id":69047,"date":"2025-09-15T06:02:42","date_gmt":"2025-09-15T09:02:42","guid":{"rendered":"https:\/\/afogadosfm.com.br\/afogadosfm\/?p=69047"},"modified":"2025-09-15T06:02:43","modified_gmt":"2025-09-15T09:02:43","slug":"grupo-suspeito-de-ataque-bilionario-foi-preso-pela-policia-federal-ao-tentar-invadir-sistema-pix-da-caixa","status":"publish","type":"post","link":"https:\/\/afogadosfm.com.br\/afogadosfm\/2025\/09\/15\/grupo-suspeito-de-ataque-bilionario-foi-preso-pela-policia-federal-ao-tentar-invadir-sistema-pix-da-caixa\/","title":{"rendered":"Grupo suspeito de ataque bilion\u00e1rio foi preso pela Pol\u00edcia Federal ao tentar invadir sistema PIX da Caixa"},"content":{"rendered":"\n<p>A Pol\u00edcia Federal (PF) prendeu oito pessoas suspeitas de integrar uma organiza\u00e7\u00e3o criminosa especializada em ataques cibern\u00e9ticos contra o sistema financeiro nacional. O grupo \u00e9 suspeito de envolvimento em fraudes que j\u00e1 somam R$ 1,2 bilh\u00e3o.<\/p>\n\n\n\n<p>Os policiais chegaram a um im\u00f3vel onde o grupo estava reunido no momento em que tentavam acessar indevidamente o sistema da Caixa Econ\u00f4mica Federal para desviar valores via PIX.<\/p>\n\n\n\n<p>No local, foi encontrada uma esta\u00e7\u00e3o de trabalho subtra\u00edda da Caixa, que permitiria acesso privilegiado ao sistema interno da institui\u00e7\u00e3o, como a senhas e ao sistema do PIX. Com esse equipamento, planejavam movimentar recursos de forma il\u00edcita.<\/p>\n\n\n\n<p>Os suspeitos teriam subtra\u00eddo um computador da Caixa em uma ag\u00eancia no Br\u00e1s, regi\u00e3o central da capital paulista, e depois entregue para outras pessoas em um carro e levado para outro im\u00f3vel onde o grupo foi encontrado pela PF.<\/p>\n\n\n\n<p>Foram presos Jos\u00e9 Elvis dos Anjos Silva, Fernando Vieira da Silva, Rafael Alves Loia, Marcos Vin\u00edcius dos Santos, Klayton Leandro Matos de Paulo, Guilherme Marques Peixoto, Nicollas Gabriel Pytlak e Maicon Douglas de Souza Ribeiro Rocha. As defesas dos suspeitos n\u00e3o foram localizadas pela reportagem.<\/p>\n\n\n\n<p>As pris\u00f5es em flagrante foram confirmadas pela Justi\u00e7a Federal durante audi\u00eancia de cust\u00f3dia e, em seguida, convertidas em pris\u00e3o preventiva. Os detidos t\u00eam idades entre 22 e 46 anos.<\/p>\n\n\n\n<p>A investiga\u00e7\u00e3o tamb\u00e9m aponta que os presos s\u00e3o suspeitos de envolvimento em outros dois desvios de grandes propor\u00e7\u00f5es:<\/p>\n\n\n\n<p>um ataque em junho contra o BMP, que gerou preju\u00edzo estimado em R$ 800 milh\u00f5es, e;<\/p>\n\n\n\n<p>outro mais recente contra uma plataforma de tecnologia ligada ao PIX, com desvio de cerca de R$ 400 milh\u00f5es.<\/p>\n\n\n\n<p>Em mensagens interceptadas pela PF, o grupo de hackers afirma que um de seus integrantes executou o ataque ao sistema da Sinqia, que \u201cviabilizou a realiza\u00e7\u00e3o de opera\u00e7\u00f5es financeiras de Pix&#8221;.<\/p>\n\n\n\n<p>Somados, os dois ataques representam pelo menos R$ 1,2 bilh\u00e3o em preju\u00edzos ao sistema financeiro.<\/p>\n\n\n\n<p>As apura\u00e7\u00f5es continuam para identificar outros envolvidos e mapear a extens\u00e3o das fraudes. A PF investiga ainda se houve participa\u00e7\u00e3o de pessoas ligadas a institui\u00e7\u00f5es financeiras.<\/p>\n\n\n\n<p>A advogada Silvia de Fran\u00e7a Gon\u00e7alves, defensora de dois dos suspeitos presos (Rafael Alves e Jos\u00e9 Elvis), disse \u00e0 GloboNews que seus clientes n\u00e3o participaram dos crimes narrados pela Pol\u00edcia Federal e que &#8220;n\u00e3o h\u00e1 ind\u00edcios de autoria&#8221; contra ambos.<\/p>\n\n\n\n<p>A advogada solicitou \u00e0 Justi\u00e7a Federal, durante a audi\u00eancia de cust\u00f3dia, a soltura de seus clientes. O pedido foi negado pelo Judici\u00e1rio.<\/p>\n\n\n\n<p>A reportagem teve acesso ao termo da audi\u00eancia de cust\u00f3dia. Nela, de um modo geral, os investigados negam a participa\u00e7\u00e3o no crime. H\u00e1 no grupo tanto suspeitos sem antecedentes criminais quanto acusados que j\u00e1 responderam a processos por outros delitos.<\/p>\n\n\n\n<p>Eles alegaram, durante a audi\u00eancia, que houve viol\u00eancia policial por parte dos agentes que realizaram a pris\u00e3o em flagrante. O juiz federal Jos\u00e9 Bovino Greggio, que presidiu a audi\u00eancia, consignou o seguinte no documento sobre a audi\u00eancia: &#8220;Remeta-se c\u00f3pia dos autos \u00e0 Corregedoria da Pol\u00edcia Federal para apura\u00e7\u00e3o das alega\u00e7\u00f5es de viol\u00eancia policial. O presente termo servir\u00e1 como of\u00edcio&#8221;. A reportagem solicitou \u00e0 PF posicionamento sobre essa alega\u00e7\u00e3o.<\/p>\n\n\n\n<p>A reportagem n\u00e3o localizou a defesa dos outros investigados detidos.<\/p>\n\n\n\n<p>Do G1<\/p>\n","protected":false},"excerpt":{"rendered":"<p>A Pol\u00edcia Federal (PF) prendeu oito pessoas suspeitas de integrar uma organiza\u00e7\u00e3o criminosa especializada em ataques cibern\u00e9ticos contra o sistema<\/p>\n","protected":false},"author":2,"featured_media":2207,"comment_status":"open","ping_status":"open","sticky":false,"template":"","format":"standard","meta":{"jetpack_post_was_ever_published":false,"_jetpack_newsletter_access":"","_jetpack_dont_email_post_to_subs":false,"_jetpack_newsletter_tier_id":0,"_jetpack_memberships_contains_paywalled_content":false,"_jetpack_memberships_contains_paid_content":false,"footnotes":"","jetpack_publicize_message":"","jetpack_publicize_feature_enabled":true,"jetpack_social_post_already_shared":true,"jetpack_social_options":{"image_generator_settings":{"template":"highway","default_image_id":0,"font":"","enabled":false},"version":2}},"categories":[12],"tags":[],"class_list":["post-69047","post","type-post","status-publish","format-standard","has-post-thumbnail","hentry","category-brasil"],"yoast_head":"<!-- This site is optimized with the Yoast SEO plugin v27.5 - https:\/\/yoast.com\/product\/yoast-seo-wordpress\/ -->\n<title>Grupo suspeito de ataque bilion\u00e1rio foi preso pela Pol\u00edcia Federal ao tentar invadir sistema PIX da Caixa - Afogados FM<\/title>\n<meta name=\"robots\" content=\"index, follow, max-snippet:-1, max-image-preview:large, max-video-preview:-1\" \/>\n<link rel=\"canonical\" href=\"https:\/\/afogadosfm.com.br\/afogadosfm\/2025\/09\/15\/grupo-suspeito-de-ataque-bilionario-foi-preso-pela-policia-federal-ao-tentar-invadir-sistema-pix-da-caixa\/\" \/>\n<meta property=\"og:locale\" content=\"pt_BR\" \/>\n<meta property=\"og:type\" content=\"article\" \/>\n<meta property=\"og:title\" content=\"Grupo suspeito de ataque bilion\u00e1rio foi preso pela Pol\u00edcia Federal ao tentar invadir sistema PIX da Caixa - Afogados FM\" \/>\n<meta property=\"og:description\" content=\"A Pol\u00edcia Federal (PF) prendeu oito pessoas suspeitas de integrar uma organiza\u00e7\u00e3o criminosa especializada em ataques cibern\u00e9ticos contra o sistema\" \/>\n<meta property=\"og:url\" content=\"https:\/\/afogadosfm.com.br\/afogadosfm\/2025\/09\/15\/grupo-suspeito-de-ataque-bilionario-foi-preso-pela-policia-federal-ao-tentar-invadir-sistema-pix-da-caixa\/\" \/>\n<meta property=\"og:site_name\" content=\"Afogados FM\" \/>\n<meta property=\"article:published_time\" content=\"2025-09-15T09:02:42+00:00\" \/>\n<meta property=\"article:modified_time\" content=\"2025-09-15T09:02:43+00:00\" \/>\n<meta property=\"og:image\" content=\"https:\/\/afogadosfm.com.br\/afogadosfm\/wp-content\/uploads\/2018\/02\/hacker-620x349.jpg\" \/>\n\t<meta property=\"og:image:width\" content=\"620\" \/>\n\t<meta property=\"og:image:height\" content=\"349\" \/>\n\t<meta property=\"og:image:type\" content=\"image\/jpeg\" \/>\n<meta name=\"author\" content=\"afogadosfm\" \/>\n<meta name=\"twitter:card\" content=\"summary_large_image\" \/>\n<meta name=\"twitter:label1\" content=\"Escrito por\" \/>\n\t<meta name=\"twitter:data1\" content=\"afogadosfm\" \/>\n\t<meta name=\"twitter:label2\" content=\"Est. tempo de leitura\" \/>\n\t<meta name=\"twitter:data2\" content=\"4 minutos\" \/>\n<script type=\"application\/ld+json\" class=\"yoast-schema-graph\">{\"@context\":\"https:\\\/\\\/schema.org\",\"@graph\":[{\"@type\":\"Article\",\"@id\":\"https:\\\/\\\/afogadosfm.com.br\\\/afogadosfm\\\/2025\\\/09\\\/15\\\/grupo-suspeito-de-ataque-bilionario-foi-preso-pela-policia-federal-ao-tentar-invadir-sistema-pix-da-caixa\\\/#article\",\"isPartOf\":{\"@id\":\"https:\\\/\\\/afogadosfm.com.br\\\/afogadosfm\\\/2025\\\/09\\\/15\\\/grupo-suspeito-de-ataque-bilionario-foi-preso-pela-policia-federal-ao-tentar-invadir-sistema-pix-da-caixa\\\/\"},\"author\":{\"name\":\"afogadosfm\",\"@id\":\"https:\\\/\\\/afogadosfm.com.br\\\/afogadosfm\\\/#\\\/schema\\\/person\\\/60e56f2cf5dc960fc093fe093d9e9057\"},\"headline\":\"Grupo suspeito de ataque bilion\u00e1rio foi preso pela Pol\u00edcia Federal ao tentar invadir sistema PIX da Caixa\",\"datePublished\":\"2025-09-15T09:02:42+00:00\",\"dateModified\":\"2025-09-15T09:02:43+00:00\",\"mainEntityOfPage\":{\"@id\":\"https:\\\/\\\/afogadosfm.com.br\\\/afogadosfm\\\/2025\\\/09\\\/15\\\/grupo-suspeito-de-ataque-bilionario-foi-preso-pela-policia-federal-ao-tentar-invadir-sistema-pix-da-caixa\\\/\"},\"wordCount\":594,\"commentCount\":0,\"publisher\":{\"@id\":\"https:\\\/\\\/afogadosfm.com.br\\\/afogadosfm\\\/#organization\"},\"image\":{\"@id\":\"https:\\\/\\\/afogadosfm.com.br\\\/afogadosfm\\\/2025\\\/09\\\/15\\\/grupo-suspeito-de-ataque-bilionario-foi-preso-pela-policia-federal-ao-tentar-invadir-sistema-pix-da-caixa\\\/#primaryimage\"},\"thumbnailUrl\":\"https:\\\/\\\/i0.wp.com\\\/afogadosfm.com.br\\\/afogadosfm\\\/wp-content\\\/uploads\\\/2018\\\/02\\\/hacker-620x349.jpg?fit=620%2C349&ssl=1\",\"articleSection\":[\"Brasil\"],\"inLanguage\":\"pt-BR\",\"potentialAction\":[{\"@type\":\"CommentAction\",\"name\":\"Comment\",\"target\":[\"https:\\\/\\\/afogadosfm.com.br\\\/afogadosfm\\\/2025\\\/09\\\/15\\\/grupo-suspeito-de-ataque-bilionario-foi-preso-pela-policia-federal-ao-tentar-invadir-sistema-pix-da-caixa\\\/#respond\"]}]},{\"@type\":\"WebPage\",\"@id\":\"https:\\\/\\\/afogadosfm.com.br\\\/afogadosfm\\\/2025\\\/09\\\/15\\\/grupo-suspeito-de-ataque-bilionario-foi-preso-pela-policia-federal-ao-tentar-invadir-sistema-pix-da-caixa\\\/\",\"url\":\"https:\\\/\\\/afogadosfm.com.br\\\/afogadosfm\\\/2025\\\/09\\\/15\\\/grupo-suspeito-de-ataque-bilionario-foi-preso-pela-policia-federal-ao-tentar-invadir-sistema-pix-da-caixa\\\/\",\"name\":\"Grupo suspeito de ataque bilion\u00e1rio foi preso pela Pol\u00edcia Federal ao tentar invadir sistema PIX da Caixa - Afogados FM\",\"isPartOf\":{\"@id\":\"https:\\\/\\\/afogadosfm.com.br\\\/afogadosfm\\\/#website\"},\"primaryImageOfPage\":{\"@id\":\"https:\\\/\\\/afogadosfm.com.br\\\/afogadosfm\\\/2025\\\/09\\\/15\\\/grupo-suspeito-de-ataque-bilionario-foi-preso-pela-policia-federal-ao-tentar-invadir-sistema-pix-da-caixa\\\/#primaryimage\"},\"image\":{\"@id\":\"https:\\\/\\\/afogadosfm.com.br\\\/afogadosfm\\\/2025\\\/09\\\/15\\\/grupo-suspeito-de-ataque-bilionario-foi-preso-pela-policia-federal-ao-tentar-invadir-sistema-pix-da-caixa\\\/#primaryimage\"},\"thumbnailUrl\":\"https:\\\/\\\/i0.wp.com\\\/afogadosfm.com.br\\\/afogadosfm\\\/wp-content\\\/uploads\\\/2018\\\/02\\\/hacker-620x349.jpg?fit=620%2C349&ssl=1\",\"datePublished\":\"2025-09-15T09:02:42+00:00\",\"dateModified\":\"2025-09-15T09:02:43+00:00\",\"breadcrumb\":{\"@id\":\"https:\\\/\\\/afogadosfm.com.br\\\/afogadosfm\\\/2025\\\/09\\\/15\\\/grupo-suspeito-de-ataque-bilionario-foi-preso-pela-policia-federal-ao-tentar-invadir-sistema-pix-da-caixa\\\/#breadcrumb\"},\"inLanguage\":\"pt-BR\",\"potentialAction\":[{\"@type\":\"ReadAction\",\"target\":[\"https:\\\/\\\/afogadosfm.com.br\\\/afogadosfm\\\/2025\\\/09\\\/15\\\/grupo-suspeito-de-ataque-bilionario-foi-preso-pela-policia-federal-ao-tentar-invadir-sistema-pix-da-caixa\\\/\"]}]},{\"@type\":\"ImageObject\",\"inLanguage\":\"pt-BR\",\"@id\":\"https:\\\/\\\/afogadosfm.com.br\\\/afogadosfm\\\/2025\\\/09\\\/15\\\/grupo-suspeito-de-ataque-bilionario-foi-preso-pela-policia-federal-ao-tentar-invadir-sistema-pix-da-caixa\\\/#primaryimage\",\"url\":\"https:\\\/\\\/i0.wp.com\\\/afogadosfm.com.br\\\/afogadosfm\\\/wp-content\\\/uploads\\\/2018\\\/02\\\/hacker-620x349.jpg?fit=620%2C349&ssl=1\",\"contentUrl\":\"https:\\\/\\\/i0.wp.com\\\/afogadosfm.com.br\\\/afogadosfm\\\/wp-content\\\/uploads\\\/2018\\\/02\\\/hacker-620x349.jpg?fit=620%2C349&ssl=1\",\"width\":620,\"height\":349},{\"@type\":\"BreadcrumbList\",\"@id\":\"https:\\\/\\\/afogadosfm.com.br\\\/afogadosfm\\\/2025\\\/09\\\/15\\\/grupo-suspeito-de-ataque-bilionario-foi-preso-pela-policia-federal-ao-tentar-invadir-sistema-pix-da-caixa\\\/#breadcrumb\",\"itemListElement\":[{\"@type\":\"ListItem\",\"position\":1,\"name\":\"In\u00edcio\",\"item\":\"https:\\\/\\\/afogadosfm.com.br\\\/afogadosfm\\\/\"},{\"@type\":\"ListItem\",\"position\":2,\"name\":\"Grupo suspeito de ataque bilion\u00e1rio foi preso pela Pol\u00edcia Federal ao tentar invadir sistema PIX da Caixa\"}]},{\"@type\":\"WebSite\",\"@id\":\"https:\\\/\\\/afogadosfm.com.br\\\/afogadosfm\\\/#website\",\"url\":\"https:\\\/\\\/afogadosfm.com.br\\\/afogadosfm\\\/\",\"name\":\"Afogados FM\",\"description\":\"Um site completo!\",\"publisher\":{\"@id\":\"https:\\\/\\\/afogadosfm.com.br\\\/afogadosfm\\\/#organization\"},\"potentialAction\":[{\"@type\":\"SearchAction\",\"target\":{\"@type\":\"EntryPoint\",\"urlTemplate\":\"https:\\\/\\\/afogadosfm.com.br\\\/afogadosfm\\\/?s={search_term_string}\"},\"query-input\":{\"@type\":\"PropertyValueSpecification\",\"valueRequired\":true,\"valueName\":\"search_term_string\"}}],\"inLanguage\":\"pt-BR\"},{\"@type\":\"Organization\",\"@id\":\"https:\\\/\\\/afogadosfm.com.br\\\/afogadosfm\\\/#organization\",\"name\":\"Afogados FM\",\"url\":\"https:\\\/\\\/afogadosfm.com.br\\\/afogadosfm\\\/\",\"logo\":{\"@type\":\"ImageObject\",\"inLanguage\":\"pt-BR\",\"@id\":\"https:\\\/\\\/afogadosfm.com.br\\\/afogadosfm\\\/#\\\/schema\\\/logo\\\/image\\\/\",\"url\":\"https:\\\/\\\/i0.wp.com\\\/afogadosfm.com.br\\\/afogadosfm\\\/wp-content\\\/uploads\\\/2020\\\/06\\\/cropped-banner-afogados-4.jpg?fit=369%2C137&ssl=1\",\"contentUrl\":\"https:\\\/\\\/i0.wp.com\\\/afogadosfm.com.br\\\/afogadosfm\\\/wp-content\\\/uploads\\\/2020\\\/06\\\/cropped-banner-afogados-4.jpg?fit=369%2C137&ssl=1\",\"width\":369,\"height\":137,\"caption\":\"Afogados FM\"},\"image\":{\"@id\":\"https:\\\/\\\/afogadosfm.com.br\\\/afogadosfm\\\/#\\\/schema\\\/logo\\\/image\\\/\"}},{\"@type\":\"Person\",\"@id\":\"https:\\\/\\\/afogadosfm.com.br\\\/afogadosfm\\\/#\\\/schema\\\/person\\\/60e56f2cf5dc960fc093fe093d9e9057\",\"name\":\"afogadosfm\",\"image\":{\"@type\":\"ImageObject\",\"inLanguage\":\"pt-BR\",\"@id\":\"https:\\\/\\\/secure.gravatar.com\\\/avatar\\\/e0359add7ed5dc3560906d861b52c6a8cf5c1e199d3a7dd85070998f49bd4701?s=96&d=mm&r=g\",\"url\":\"https:\\\/\\\/secure.gravatar.com\\\/avatar\\\/e0359add7ed5dc3560906d861b52c6a8cf5c1e199d3a7dd85070998f49bd4701?s=96&d=mm&r=g\",\"contentUrl\":\"https:\\\/\\\/secure.gravatar.com\\\/avatar\\\/e0359add7ed5dc3560906d861b52c6a8cf5c1e199d3a7dd85070998f49bd4701?s=96&d=mm&r=g\",\"caption\":\"afogadosfm\"},\"url\":\"https:\\\/\\\/afogadosfm.com.br\\\/afogadosfm\\\/author\\\/afogadosfm\\\/\"}]}<\/script>\n<!-- \/ Yoast SEO plugin. -->","yoast_head_json":{"title":"Grupo suspeito de ataque bilion\u00e1rio foi preso pela Pol\u00edcia Federal ao tentar invadir sistema PIX da Caixa - Afogados FM","robots":{"index":"index","follow":"follow","max-snippet":"max-snippet:-1","max-image-preview":"max-image-preview:large","max-video-preview":"max-video-preview:-1"},"canonical":"https:\/\/afogadosfm.com.br\/afogadosfm\/2025\/09\/15\/grupo-suspeito-de-ataque-bilionario-foi-preso-pela-policia-federal-ao-tentar-invadir-sistema-pix-da-caixa\/","og_locale":"pt_BR","og_type":"article","og_title":"Grupo suspeito de ataque bilion\u00e1rio foi preso pela Pol\u00edcia Federal ao tentar invadir sistema PIX da Caixa - Afogados FM","og_description":"A Pol\u00edcia Federal (PF) prendeu oito pessoas suspeitas de integrar uma organiza\u00e7\u00e3o criminosa especializada em ataques cibern\u00e9ticos contra o sistema","og_url":"https:\/\/afogadosfm.com.br\/afogadosfm\/2025\/09\/15\/grupo-suspeito-de-ataque-bilionario-foi-preso-pela-policia-federal-ao-tentar-invadir-sistema-pix-da-caixa\/","og_site_name":"Afogados FM","article_published_time":"2025-09-15T09:02:42+00:00","article_modified_time":"2025-09-15T09:02:43+00:00","og_image":[{"width":620,"height":349,"url":"https:\/\/afogadosfm.com.br\/afogadosfm\/wp-content\/uploads\/2018\/02\/hacker-620x349.jpg","type":"image\/jpeg"}],"author":"afogadosfm","twitter_card":"summary_large_image","twitter_misc":{"Escrito por":"afogadosfm","Est. tempo de leitura":"4 minutos"},"schema":{"@context":"https:\/\/schema.org","@graph":[{"@type":"Article","@id":"https:\/\/afogadosfm.com.br\/afogadosfm\/2025\/09\/15\/grupo-suspeito-de-ataque-bilionario-foi-preso-pela-policia-federal-ao-tentar-invadir-sistema-pix-da-caixa\/#article","isPartOf":{"@id":"https:\/\/afogadosfm.com.br\/afogadosfm\/2025\/09\/15\/grupo-suspeito-de-ataque-bilionario-foi-preso-pela-policia-federal-ao-tentar-invadir-sistema-pix-da-caixa\/"},"author":{"name":"afogadosfm","@id":"https:\/\/afogadosfm.com.br\/afogadosfm\/#\/schema\/person\/60e56f2cf5dc960fc093fe093d9e9057"},"headline":"Grupo suspeito de ataque bilion\u00e1rio foi preso pela Pol\u00edcia Federal ao tentar invadir sistema PIX da Caixa","datePublished":"2025-09-15T09:02:42+00:00","dateModified":"2025-09-15T09:02:43+00:00","mainEntityOfPage":{"@id":"https:\/\/afogadosfm.com.br\/afogadosfm\/2025\/09\/15\/grupo-suspeito-de-ataque-bilionario-foi-preso-pela-policia-federal-ao-tentar-invadir-sistema-pix-da-caixa\/"},"wordCount":594,"commentCount":0,"publisher":{"@id":"https:\/\/afogadosfm.com.br\/afogadosfm\/#organization"},"image":{"@id":"https:\/\/afogadosfm.com.br\/afogadosfm\/2025\/09\/15\/grupo-suspeito-de-ataque-bilionario-foi-preso-pela-policia-federal-ao-tentar-invadir-sistema-pix-da-caixa\/#primaryimage"},"thumbnailUrl":"https:\/\/i0.wp.com\/afogadosfm.com.br\/afogadosfm\/wp-content\/uploads\/2018\/02\/hacker-620x349.jpg?fit=620%2C349&ssl=1","articleSection":["Brasil"],"inLanguage":"pt-BR","potentialAction":[{"@type":"CommentAction","name":"Comment","target":["https:\/\/afogadosfm.com.br\/afogadosfm\/2025\/09\/15\/grupo-suspeito-de-ataque-bilionario-foi-preso-pela-policia-federal-ao-tentar-invadir-sistema-pix-da-caixa\/#respond"]}]},{"@type":"WebPage","@id":"https:\/\/afogadosfm.com.br\/afogadosfm\/2025\/09\/15\/grupo-suspeito-de-ataque-bilionario-foi-preso-pela-policia-federal-ao-tentar-invadir-sistema-pix-da-caixa\/","url":"https:\/\/afogadosfm.com.br\/afogadosfm\/2025\/09\/15\/grupo-suspeito-de-ataque-bilionario-foi-preso-pela-policia-federal-ao-tentar-invadir-sistema-pix-da-caixa\/","name":"Grupo suspeito de ataque bilion\u00e1rio foi preso pela Pol\u00edcia Federal ao tentar invadir sistema PIX da Caixa - Afogados FM","isPartOf":{"@id":"https:\/\/afogadosfm.com.br\/afogadosfm\/#website"},"primaryImageOfPage":{"@id":"https:\/\/afogadosfm.com.br\/afogadosfm\/2025\/09\/15\/grupo-suspeito-de-ataque-bilionario-foi-preso-pela-policia-federal-ao-tentar-invadir-sistema-pix-da-caixa\/#primaryimage"},"image":{"@id":"https:\/\/afogadosfm.com.br\/afogadosfm\/2025\/09\/15\/grupo-suspeito-de-ataque-bilionario-foi-preso-pela-policia-federal-ao-tentar-invadir-sistema-pix-da-caixa\/#primaryimage"},"thumbnailUrl":"https:\/\/i0.wp.com\/afogadosfm.com.br\/afogadosfm\/wp-content\/uploads\/2018\/02\/hacker-620x349.jpg?fit=620%2C349&ssl=1","datePublished":"2025-09-15T09:02:42+00:00","dateModified":"2025-09-15T09:02:43+00:00","breadcrumb":{"@id":"https:\/\/afogadosfm.com.br\/afogadosfm\/2025\/09\/15\/grupo-suspeito-de-ataque-bilionario-foi-preso-pela-policia-federal-ao-tentar-invadir-sistema-pix-da-caixa\/#breadcrumb"},"inLanguage":"pt-BR","potentialAction":[{"@type":"ReadAction","target":["https:\/\/afogadosfm.com.br\/afogadosfm\/2025\/09\/15\/grupo-suspeito-de-ataque-bilionario-foi-preso-pela-policia-federal-ao-tentar-invadir-sistema-pix-da-caixa\/"]}]},{"@type":"ImageObject","inLanguage":"pt-BR","@id":"https:\/\/afogadosfm.com.br\/afogadosfm\/2025\/09\/15\/grupo-suspeito-de-ataque-bilionario-foi-preso-pela-policia-federal-ao-tentar-invadir-sistema-pix-da-caixa\/#primaryimage","url":"https:\/\/i0.wp.com\/afogadosfm.com.br\/afogadosfm\/wp-content\/uploads\/2018\/02\/hacker-620x349.jpg?fit=620%2C349&ssl=1","contentUrl":"https:\/\/i0.wp.com\/afogadosfm.com.br\/afogadosfm\/wp-content\/uploads\/2018\/02\/hacker-620x349.jpg?fit=620%2C349&ssl=1","width":620,"height":349},{"@type":"BreadcrumbList","@id":"https:\/\/afogadosfm.com.br\/afogadosfm\/2025\/09\/15\/grupo-suspeito-de-ataque-bilionario-foi-preso-pela-policia-federal-ao-tentar-invadir-sistema-pix-da-caixa\/#breadcrumb","itemListElement":[{"@type":"ListItem","position":1,"name":"In\u00edcio","item":"https:\/\/afogadosfm.com.br\/afogadosfm\/"},{"@type":"ListItem","position":2,"name":"Grupo suspeito de ataque bilion\u00e1rio foi preso pela Pol\u00edcia Federal ao tentar invadir sistema PIX da Caixa"}]},{"@type":"WebSite","@id":"https:\/\/afogadosfm.com.br\/afogadosfm\/#website","url":"https:\/\/afogadosfm.com.br\/afogadosfm\/","name":"Afogados FM","description":"Um site completo!","publisher":{"@id":"https:\/\/afogadosfm.com.br\/afogadosfm\/#organization"},"potentialAction":[{"@type":"SearchAction","target":{"@type":"EntryPoint","urlTemplate":"https:\/\/afogadosfm.com.br\/afogadosfm\/?s={search_term_string}"},"query-input":{"@type":"PropertyValueSpecification","valueRequired":true,"valueName":"search_term_string"}}],"inLanguage":"pt-BR"},{"@type":"Organization","@id":"https:\/\/afogadosfm.com.br\/afogadosfm\/#organization","name":"Afogados FM","url":"https:\/\/afogadosfm.com.br\/afogadosfm\/","logo":{"@type":"ImageObject","inLanguage":"pt-BR","@id":"https:\/\/afogadosfm.com.br\/afogadosfm\/#\/schema\/logo\/image\/","url":"https:\/\/i0.wp.com\/afogadosfm.com.br\/afogadosfm\/wp-content\/uploads\/2020\/06\/cropped-banner-afogados-4.jpg?fit=369%2C137&ssl=1","contentUrl":"https:\/\/i0.wp.com\/afogadosfm.com.br\/afogadosfm\/wp-content\/uploads\/2020\/06\/cropped-banner-afogados-4.jpg?fit=369%2C137&ssl=1","width":369,"height":137,"caption":"Afogados FM"},"image":{"@id":"https:\/\/afogadosfm.com.br\/afogadosfm\/#\/schema\/logo\/image\/"}},{"@type":"Person","@id":"https:\/\/afogadosfm.com.br\/afogadosfm\/#\/schema\/person\/60e56f2cf5dc960fc093fe093d9e9057","name":"afogadosfm","image":{"@type":"ImageObject","inLanguage":"pt-BR","@id":"https:\/\/secure.gravatar.com\/avatar\/e0359add7ed5dc3560906d861b52c6a8cf5c1e199d3a7dd85070998f49bd4701?s=96&d=mm&r=g","url":"https:\/\/secure.gravatar.com\/avatar\/e0359add7ed5dc3560906d861b52c6a8cf5c1e199d3a7dd85070998f49bd4701?s=96&d=mm&r=g","contentUrl":"https:\/\/secure.gravatar.com\/avatar\/e0359add7ed5dc3560906d861b52c6a8cf5c1e199d3a7dd85070998f49bd4701?s=96&d=mm&r=g","caption":"afogadosfm"},"url":"https:\/\/afogadosfm.com.br\/afogadosfm\/author\/afogadosfm\/"}]}},"jetpack_publicize_connections":[],"jetpack_featured_media_url":"https:\/\/i0.wp.com\/afogadosfm.com.br\/afogadosfm\/wp-content\/uploads\/2018\/02\/hacker-620x349.jpg?fit=620%2C349&ssl=1","jetpack-related-posts":[],"jetpack_sharing_enabled":true,"jetpack_likes_enabled":true,"_links":{"self":[{"href":"https:\/\/afogadosfm.com.br\/afogadosfm\/wp-json\/wp\/v2\/posts\/69047","targetHints":{"allow":["GET"]}}],"collection":[{"href":"https:\/\/afogadosfm.com.br\/afogadosfm\/wp-json\/wp\/v2\/posts"}],"about":[{"href":"https:\/\/afogadosfm.com.br\/afogadosfm\/wp-json\/wp\/v2\/types\/post"}],"author":[{"embeddable":true,"href":"https:\/\/afogadosfm.com.br\/afogadosfm\/wp-json\/wp\/v2\/users\/2"}],"replies":[{"embeddable":true,"href":"https:\/\/afogadosfm.com.br\/afogadosfm\/wp-json\/wp\/v2\/comments?post=69047"}],"version-history":[{"count":1,"href":"https:\/\/afogadosfm.com.br\/afogadosfm\/wp-json\/wp\/v2\/posts\/69047\/revisions"}],"predecessor-version":[{"id":69048,"href":"https:\/\/afogadosfm.com.br\/afogadosfm\/wp-json\/wp\/v2\/posts\/69047\/revisions\/69048"}],"wp:featuredmedia":[{"embeddable":true,"href":"https:\/\/afogadosfm.com.br\/afogadosfm\/wp-json\/wp\/v2\/media\/2207"}],"wp:attachment":[{"href":"https:\/\/afogadosfm.com.br\/afogadosfm\/wp-json\/wp\/v2\/media?parent=69047"}],"wp:term":[{"taxonomy":"category","embeddable":true,"href":"https:\/\/afogadosfm.com.br\/afogadosfm\/wp-json\/wp\/v2\/categories?post=69047"},{"taxonomy":"post_tag","embeddable":true,"href":"https:\/\/afogadosfm.com.br\/afogadosfm\/wp-json\/wp\/v2\/tags?post=69047"}],"curies":[{"name":"wp","href":"https:\/\/api.w.org\/{rel}","templated":true}]}}