{"id":69060,"date":"2025-09-15T14:47:28","date_gmt":"2025-09-15T17:47:28","guid":{"rendered":"https:\/\/afogadosfm.com.br\/afogadosfm\/?p=69060"},"modified":"2025-09-15T14:47:29","modified_gmt":"2025-09-15T17:47:29","slug":"pt-sete-municipios-do-sertao-empossaram-seus-presidentes","status":"publish","type":"post","link":"https:\/\/afogadosfm.com.br\/afogadosfm\/2025\/09\/15\/pt-sete-municipios-do-sertao-empossaram-seus-presidentes\/","title":{"rendered":"PT: Sete munic\u00edpios do Sert\u00e3o empossaram seus presidentes"},"content":{"rendered":"\n<p>No dia 14 de setembro de 2025 aconteceu na Cidade de S\u00e3o Jose do Egito-PE, a posse dos Diret\u00f3rios Municipais do PT, onde 07 Munic\u00edpios participaram; Santa Terezinha, Itapetim, S\u00e3o Jos\u00e9 do Egito, Tabira, Tuparetama, Afogados da Ingazeira e Ingazeira. <br>Foi uma posse hist\u00f3rica a n\u00edvel Regional, os presidentes dos Partidos discursaram e mantiveram a ideia de uma a\u00e7\u00e3o conjunta no Sert\u00e3o do Paje\u00fa, defendendo um projeto de coopera\u00e7\u00e3o e valoriza\u00e7\u00e3o da classe trabalhadora, o maior compromisso foi a reelei\u00e7\u00e3o do Presidente LULA e do Senador Humberto Costa em 2026, assim como a amplia\u00e7\u00e3o da bancada do PT no Congresso Nacional, e s\u00f3 a uni\u00e3o vai garantir o processo de fortalecimento das bases. <\/p>\n\n\n\n<p>Esteve presente no ato de posse o Deputado Federal Carlos Veras, que foi eleito e empossado recentemente Presidente do Diret\u00f3rio Estadual do PT-PE. Tamb\u00e9m se fizeram presentes o prefeito de Tabira Fl\u00e1vio Marques do PT-PE, o prefeito de S\u00e3o Jos\u00e9 do Egito Fredson Brito, e Lideran\u00e7as do Poder Legislativo de V\u00e1rios Munic\u00edpios. <\/p>\n\n\n\n<p>A solenidade Finalizou com todas as diretorias dos diversos diret\u00f3rios empossados para o quadri\u00eanio de 2025 a 2029 pelo ent\u00e3o Presidente Estadual do PT Carlos Veras.<br>Foram empossados os presidentes e as presidentes:<br>Ricardo Moura \u2013 S\u00e3o Jos\u00e9 do Egito<br>Monica Souto \u2013 Afogados da Ingazeira<br>Socorro Veras \u2013 Tabira<br>Dorneles Alencar \u2013 Ingazeira<br>Evanilson Leite \u2013 Santa Terezinha<br>Iva\u00ed Cavalcanti \u2013 Tuparetama<br>Edsandro Silvino \u2013 Itapetim<\/p>\n","protected":false},"excerpt":{"rendered":"<p>No dia 14 de setembro de 2025 aconteceu na Cidade de S\u00e3o Jose do Egito-PE, a posse dos Diret\u00f3rios Municipais<\/p>\n","protected":false},"author":2,"featured_media":69061,"comment_status":"open","ping_status":"open","sticky":false,"template":"","format":"standard","meta":{"jetpack_post_was_ever_published":false,"_jetpack_newsletter_access":"","_jetpack_dont_email_post_to_subs":false,"_jetpack_newsletter_tier_id":0,"_jetpack_memberships_contains_paywalled_content":false,"_jetpack_memberships_contains_paid_content":false,"footnotes":"","jetpack_publicize_message":"","jetpack_publicize_feature_enabled":true,"jetpack_social_post_already_shared":true,"jetpack_social_options":{"image_generator_settings":{"template":"highway","default_image_id":0,"font":"","enabled":false},"version":2}},"categories":[35],"tags":[],"class_list":["post-69060","post","type-post","status-publish","format-standard","has-post-thumbnail","hentry","category-politica"],"yoast_head":"<!-- This site is optimized with the Yoast SEO plugin v27.5 - https:\/\/yoast.com\/product\/yoast-seo-wordpress\/ -->\n<title>PT: Sete munic\u00edpios do Sert\u00e3o empossaram seus presidentes - Afogados FM<\/title>\n<meta name=\"robots\" content=\"index, follow, max-snippet:-1, max-image-preview:large, max-video-preview:-1\" \/>\n<link rel=\"canonical\" href=\"https:\/\/afogadosfm.com.br\/afogadosfm\/2025\/09\/15\/pt-sete-municipios-do-sertao-empossaram-seus-presidentes\/\" \/>\n<meta property=\"og:locale\" content=\"pt_BR\" \/>\n<meta property=\"og:type\" content=\"article\" \/>\n<meta property=\"og:title\" content=\"PT: Sete munic\u00edpios do Sert\u00e3o empossaram seus presidentes - Afogados FM\" \/>\n<meta property=\"og:description\" content=\"No dia 14 de setembro de 2025 aconteceu na Cidade de S\u00e3o Jose do Egito-PE, a posse dos Diret\u00f3rios Municipais\" \/>\n<meta property=\"og:url\" content=\"https:\/\/afogadosfm.com.br\/afogadosfm\/2025\/09\/15\/pt-sete-municipios-do-sertao-empossaram-seus-presidentes\/\" \/>\n<meta property=\"og:site_name\" content=\"Afogados FM\" \/>\n<meta property=\"article:published_time\" content=\"2025-09-15T17:47:28+00:00\" \/>\n<meta property=\"article:modified_time\" content=\"2025-09-15T17:47:29+00:00\" \/>\n<meta property=\"og:image\" content=\"https:\/\/afogadosfm.com.br\/afogadosfm\/wp-content\/uploads\/2025\/09\/014d4adc-6155-419d-9458-4279ef50a6e3-scaled.jpeg\" \/>\n\t<meta property=\"og:image:width\" content=\"2560\" \/>\n\t<meta property=\"og:image:height\" content=\"1707\" \/>\n\t<meta property=\"og:image:type\" content=\"image\/jpeg\" \/>\n<meta name=\"author\" content=\"afogadosfm\" \/>\n<meta name=\"twitter:card\" content=\"summary_large_image\" \/>\n<meta name=\"twitter:label1\" content=\"Escrito por\" \/>\n\t<meta name=\"twitter:data1\" content=\"afogadosfm\" \/>\n\t<meta name=\"twitter:label2\" content=\"Est. tempo de leitura\" \/>\n\t<meta name=\"twitter:data2\" content=\"2 minutos\" \/>\n<script type=\"application\/ld+json\" class=\"yoast-schema-graph\">{\"@context\":\"https:\\\/\\\/schema.org\",\"@graph\":[{\"@type\":\"Article\",\"@id\":\"https:\\\/\\\/afogadosfm.com.br\\\/afogadosfm\\\/2025\\\/09\\\/15\\\/pt-sete-municipios-do-sertao-empossaram-seus-presidentes\\\/#article\",\"isPartOf\":{\"@id\":\"https:\\\/\\\/afogadosfm.com.br\\\/afogadosfm\\\/2025\\\/09\\\/15\\\/pt-sete-municipios-do-sertao-empossaram-seus-presidentes\\\/\"},\"author\":{\"name\":\"afogadosfm\",\"@id\":\"https:\\\/\\\/afogadosfm.com.br\\\/afogadosfm\\\/#\\\/schema\\\/person\\\/60e56f2cf5dc960fc093fe093d9e9057\"},\"headline\":\"PT: Sete munic\u00edpios do Sert\u00e3o empossaram seus presidentes\",\"datePublished\":\"2025-09-15T17:47:28+00:00\",\"dateModified\":\"2025-09-15T17:47:29+00:00\",\"mainEntityOfPage\":{\"@id\":\"https:\\\/\\\/afogadosfm.com.br\\\/afogadosfm\\\/2025\\\/09\\\/15\\\/pt-sete-municipios-do-sertao-empossaram-seus-presidentes\\\/\"},\"wordCount\":247,\"commentCount\":0,\"publisher\":{\"@id\":\"https:\\\/\\\/afogadosfm.com.br\\\/afogadosfm\\\/#organization\"},\"image\":{\"@id\":\"https:\\\/\\\/afogadosfm.com.br\\\/afogadosfm\\\/2025\\\/09\\\/15\\\/pt-sete-municipios-do-sertao-empossaram-seus-presidentes\\\/#primaryimage\"},\"thumbnailUrl\":\"https:\\\/\\\/i0.wp.com\\\/afogadosfm.com.br\\\/afogadosfm\\\/wp-content\\\/uploads\\\/2025\\\/09\\\/014d4adc-6155-419d-9458-4279ef50a6e3-scaled.jpeg?fit=2560%2C1707&ssl=1\",\"articleSection\":[\"Pol\u00edtica\"],\"inLanguage\":\"pt-BR\",\"potentialAction\":[{\"@type\":\"CommentAction\",\"name\":\"Comment\",\"target\":[\"https:\\\/\\\/afogadosfm.com.br\\\/afogadosfm\\\/2025\\\/09\\\/15\\\/pt-sete-municipios-do-sertao-empossaram-seus-presidentes\\\/#respond\"]}]},{\"@type\":\"WebPage\",\"@id\":\"https:\\\/\\\/afogadosfm.com.br\\\/afogadosfm\\\/2025\\\/09\\\/15\\\/pt-sete-municipios-do-sertao-empossaram-seus-presidentes\\\/\",\"url\":\"https:\\\/\\\/afogadosfm.com.br\\\/afogadosfm\\\/2025\\\/09\\\/15\\\/pt-sete-municipios-do-sertao-empossaram-seus-presidentes\\\/\",\"name\":\"PT: Sete munic\u00edpios do Sert\u00e3o empossaram seus presidentes - Afogados FM\",\"isPartOf\":{\"@id\":\"https:\\\/\\\/afogadosfm.com.br\\\/afogadosfm\\\/#website\"},\"primaryImageOfPage\":{\"@id\":\"https:\\\/\\\/afogadosfm.com.br\\\/afogadosfm\\\/2025\\\/09\\\/15\\\/pt-sete-municipios-do-sertao-empossaram-seus-presidentes\\\/#primaryimage\"},\"image\":{\"@id\":\"https:\\\/\\\/afogadosfm.com.br\\\/afogadosfm\\\/2025\\\/09\\\/15\\\/pt-sete-municipios-do-sertao-empossaram-seus-presidentes\\\/#primaryimage\"},\"thumbnailUrl\":\"https:\\\/\\\/i0.wp.com\\\/afogadosfm.com.br\\\/afogadosfm\\\/wp-content\\\/uploads\\\/2025\\\/09\\\/014d4adc-6155-419d-9458-4279ef50a6e3-scaled.jpeg?fit=2560%2C1707&ssl=1\",\"datePublished\":\"2025-09-15T17:47:28+00:00\",\"dateModified\":\"2025-09-15T17:47:29+00:00\",\"breadcrumb\":{\"@id\":\"https:\\\/\\\/afogadosfm.com.br\\\/afogadosfm\\\/2025\\\/09\\\/15\\\/pt-sete-municipios-do-sertao-empossaram-seus-presidentes\\\/#breadcrumb\"},\"inLanguage\":\"pt-BR\",\"potentialAction\":[{\"@type\":\"ReadAction\",\"target\":[\"https:\\\/\\\/afogadosfm.com.br\\\/afogadosfm\\\/2025\\\/09\\\/15\\\/pt-sete-municipios-do-sertao-empossaram-seus-presidentes\\\/\"]}]},{\"@type\":\"ImageObject\",\"inLanguage\":\"pt-BR\",\"@id\":\"https:\\\/\\\/afogadosfm.com.br\\\/afogadosfm\\\/2025\\\/09\\\/15\\\/pt-sete-municipios-do-sertao-empossaram-seus-presidentes\\\/#primaryimage\",\"url\":\"https:\\\/\\\/i0.wp.com\\\/afogadosfm.com.br\\\/afogadosfm\\\/wp-content\\\/uploads\\\/2025\\\/09\\\/014d4adc-6155-419d-9458-4279ef50a6e3-scaled.jpeg?fit=2560%2C1707&ssl=1\",\"contentUrl\":\"https:\\\/\\\/i0.wp.com\\\/afogadosfm.com.br\\\/afogadosfm\\\/wp-content\\\/uploads\\\/2025\\\/09\\\/014d4adc-6155-419d-9458-4279ef50a6e3-scaled.jpeg?fit=2560%2C1707&ssl=1\",\"width\":2560,\"height\":1707},{\"@type\":\"BreadcrumbList\",\"@id\":\"https:\\\/\\\/afogadosfm.com.br\\\/afogadosfm\\\/2025\\\/09\\\/15\\\/pt-sete-municipios-do-sertao-empossaram-seus-presidentes\\\/#breadcrumb\",\"itemListElement\":[{\"@type\":\"ListItem\",\"position\":1,\"name\":\"In\u00edcio\",\"item\":\"https:\\\/\\\/afogadosfm.com.br\\\/afogadosfm\\\/\"},{\"@type\":\"ListItem\",\"position\":2,\"name\":\"PT: Sete munic\u00edpios do Sert\u00e3o empossaram seus presidentes\"}]},{\"@type\":\"WebSite\",\"@id\":\"https:\\\/\\\/afogadosfm.com.br\\\/afogadosfm\\\/#website\",\"url\":\"https:\\\/\\\/afogadosfm.com.br\\\/afogadosfm\\\/\",\"name\":\"Afogados FM\",\"description\":\"Um site completo!\",\"publisher\":{\"@id\":\"https:\\\/\\\/afogadosfm.com.br\\\/afogadosfm\\\/#organization\"},\"potentialAction\":[{\"@type\":\"SearchAction\",\"target\":{\"@type\":\"EntryPoint\",\"urlTemplate\":\"https:\\\/\\\/afogadosfm.com.br\\\/afogadosfm\\\/?s={search_term_string}\"},\"query-input\":{\"@type\":\"PropertyValueSpecification\",\"valueRequired\":true,\"valueName\":\"search_term_string\"}}],\"inLanguage\":\"pt-BR\"},{\"@type\":\"Organization\",\"@id\":\"https:\\\/\\\/afogadosfm.com.br\\\/afogadosfm\\\/#organization\",\"name\":\"Afogados FM\",\"url\":\"https:\\\/\\\/afogadosfm.com.br\\\/afogadosfm\\\/\",\"logo\":{\"@type\":\"ImageObject\",\"inLanguage\":\"pt-BR\",\"@id\":\"https:\\\/\\\/afogadosfm.com.br\\\/afogadosfm\\\/#\\\/schema\\\/logo\\\/image\\\/\",\"url\":\"https:\\\/\\\/i0.wp.com\\\/afogadosfm.com.br\\\/afogadosfm\\\/wp-content\\\/uploads\\\/2020\\\/06\\\/cropped-banner-afogados-4.jpg?fit=369%2C137&ssl=1\",\"contentUrl\":\"https:\\\/\\\/i0.wp.com\\\/afogadosfm.com.br\\\/afogadosfm\\\/wp-content\\\/uploads\\\/2020\\\/06\\\/cropped-banner-afogados-4.jpg?fit=369%2C137&ssl=1\",\"width\":369,\"height\":137,\"caption\":\"Afogados FM\"},\"image\":{\"@id\":\"https:\\\/\\\/afogadosfm.com.br\\\/afogadosfm\\\/#\\\/schema\\\/logo\\\/image\\\/\"}},{\"@type\":\"Person\",\"@id\":\"https:\\\/\\\/afogadosfm.com.br\\\/afogadosfm\\\/#\\\/schema\\\/person\\\/60e56f2cf5dc960fc093fe093d9e9057\",\"name\":\"afogadosfm\",\"image\":{\"@type\":\"ImageObject\",\"inLanguage\":\"pt-BR\",\"@id\":\"https:\\\/\\\/secure.gravatar.com\\\/avatar\\\/e0359add7ed5dc3560906d861b52c6a8cf5c1e199d3a7dd85070998f49bd4701?s=96&d=mm&r=g\",\"url\":\"https:\\\/\\\/secure.gravatar.com\\\/avatar\\\/e0359add7ed5dc3560906d861b52c6a8cf5c1e199d3a7dd85070998f49bd4701?s=96&d=mm&r=g\",\"contentUrl\":\"https:\\\/\\\/secure.gravatar.com\\\/avatar\\\/e0359add7ed5dc3560906d861b52c6a8cf5c1e199d3a7dd85070998f49bd4701?s=96&d=mm&r=g\",\"caption\":\"afogadosfm\"},\"url\":\"https:\\\/\\\/afogadosfm.com.br\\\/afogadosfm\\\/author\\\/afogadosfm\\\/\"}]}<\/script>\n<!-- \/ Yoast SEO plugin. -->","yoast_head_json":{"title":"PT: Sete munic\u00edpios do Sert\u00e3o empossaram seus presidentes - Afogados FM","robots":{"index":"index","follow":"follow","max-snippet":"max-snippet:-1","max-image-preview":"max-image-preview:large","max-video-preview":"max-video-preview:-1"},"canonical":"https:\/\/afogadosfm.com.br\/afogadosfm\/2025\/09\/15\/pt-sete-municipios-do-sertao-empossaram-seus-presidentes\/","og_locale":"pt_BR","og_type":"article","og_title":"PT: Sete munic\u00edpios do Sert\u00e3o empossaram seus presidentes - Afogados FM","og_description":"No dia 14 de setembro de 2025 aconteceu na Cidade de S\u00e3o Jose do Egito-PE, a posse dos Diret\u00f3rios Municipais","og_url":"https:\/\/afogadosfm.com.br\/afogadosfm\/2025\/09\/15\/pt-sete-municipios-do-sertao-empossaram-seus-presidentes\/","og_site_name":"Afogados FM","article_published_time":"2025-09-15T17:47:28+00:00","article_modified_time":"2025-09-15T17:47:29+00:00","og_image":[{"width":2560,"height":1707,"url":"https:\/\/afogadosfm.com.br\/afogadosfm\/wp-content\/uploads\/2025\/09\/014d4adc-6155-419d-9458-4279ef50a6e3-scaled.jpeg","type":"image\/jpeg"}],"author":"afogadosfm","twitter_card":"summary_large_image","twitter_misc":{"Escrito por":"afogadosfm","Est. tempo de leitura":"2 minutos"},"schema":{"@context":"https:\/\/schema.org","@graph":[{"@type":"Article","@id":"https:\/\/afogadosfm.com.br\/afogadosfm\/2025\/09\/15\/pt-sete-municipios-do-sertao-empossaram-seus-presidentes\/#article","isPartOf":{"@id":"https:\/\/afogadosfm.com.br\/afogadosfm\/2025\/09\/15\/pt-sete-municipios-do-sertao-empossaram-seus-presidentes\/"},"author":{"name":"afogadosfm","@id":"https:\/\/afogadosfm.com.br\/afogadosfm\/#\/schema\/person\/60e56f2cf5dc960fc093fe093d9e9057"},"headline":"PT: Sete munic\u00edpios do Sert\u00e3o empossaram seus presidentes","datePublished":"2025-09-15T17:47:28+00:00","dateModified":"2025-09-15T17:47:29+00:00","mainEntityOfPage":{"@id":"https:\/\/afogadosfm.com.br\/afogadosfm\/2025\/09\/15\/pt-sete-municipios-do-sertao-empossaram-seus-presidentes\/"},"wordCount":247,"commentCount":0,"publisher":{"@id":"https:\/\/afogadosfm.com.br\/afogadosfm\/#organization"},"image":{"@id":"https:\/\/afogadosfm.com.br\/afogadosfm\/2025\/09\/15\/pt-sete-municipios-do-sertao-empossaram-seus-presidentes\/#primaryimage"},"thumbnailUrl":"https:\/\/i0.wp.com\/afogadosfm.com.br\/afogadosfm\/wp-content\/uploads\/2025\/09\/014d4adc-6155-419d-9458-4279ef50a6e3-scaled.jpeg?fit=2560%2C1707&ssl=1","articleSection":["Pol\u00edtica"],"inLanguage":"pt-BR","potentialAction":[{"@type":"CommentAction","name":"Comment","target":["https:\/\/afogadosfm.com.br\/afogadosfm\/2025\/09\/15\/pt-sete-municipios-do-sertao-empossaram-seus-presidentes\/#respond"]}]},{"@type":"WebPage","@id":"https:\/\/afogadosfm.com.br\/afogadosfm\/2025\/09\/15\/pt-sete-municipios-do-sertao-empossaram-seus-presidentes\/","url":"https:\/\/afogadosfm.com.br\/afogadosfm\/2025\/09\/15\/pt-sete-municipios-do-sertao-empossaram-seus-presidentes\/","name":"PT: Sete munic\u00edpios do Sert\u00e3o empossaram seus presidentes - Afogados FM","isPartOf":{"@id":"https:\/\/afogadosfm.com.br\/afogadosfm\/#website"},"primaryImageOfPage":{"@id":"https:\/\/afogadosfm.com.br\/afogadosfm\/2025\/09\/15\/pt-sete-municipios-do-sertao-empossaram-seus-presidentes\/#primaryimage"},"image":{"@id":"https:\/\/afogadosfm.com.br\/afogadosfm\/2025\/09\/15\/pt-sete-municipios-do-sertao-empossaram-seus-presidentes\/#primaryimage"},"thumbnailUrl":"https:\/\/i0.wp.com\/afogadosfm.com.br\/afogadosfm\/wp-content\/uploads\/2025\/09\/014d4adc-6155-419d-9458-4279ef50a6e3-scaled.jpeg?fit=2560%2C1707&ssl=1","datePublished":"2025-09-15T17:47:28+00:00","dateModified":"2025-09-15T17:47:29+00:00","breadcrumb":{"@id":"https:\/\/afogadosfm.com.br\/afogadosfm\/2025\/09\/15\/pt-sete-municipios-do-sertao-empossaram-seus-presidentes\/#breadcrumb"},"inLanguage":"pt-BR","potentialAction":[{"@type":"ReadAction","target":["https:\/\/afogadosfm.com.br\/afogadosfm\/2025\/09\/15\/pt-sete-municipios-do-sertao-empossaram-seus-presidentes\/"]}]},{"@type":"ImageObject","inLanguage":"pt-BR","@id":"https:\/\/afogadosfm.com.br\/afogadosfm\/2025\/09\/15\/pt-sete-municipios-do-sertao-empossaram-seus-presidentes\/#primaryimage","url":"https:\/\/i0.wp.com\/afogadosfm.com.br\/afogadosfm\/wp-content\/uploads\/2025\/09\/014d4adc-6155-419d-9458-4279ef50a6e3-scaled.jpeg?fit=2560%2C1707&ssl=1","contentUrl":"https:\/\/i0.wp.com\/afogadosfm.com.br\/afogadosfm\/wp-content\/uploads\/2025\/09\/014d4adc-6155-419d-9458-4279ef50a6e3-scaled.jpeg?fit=2560%2C1707&ssl=1","width":2560,"height":1707},{"@type":"BreadcrumbList","@id":"https:\/\/afogadosfm.com.br\/afogadosfm\/2025\/09\/15\/pt-sete-municipios-do-sertao-empossaram-seus-presidentes\/#breadcrumb","itemListElement":[{"@type":"ListItem","position":1,"name":"In\u00edcio","item":"https:\/\/afogadosfm.com.br\/afogadosfm\/"},{"@type":"ListItem","position":2,"name":"PT: Sete munic\u00edpios do Sert\u00e3o empossaram seus presidentes"}]},{"@type":"WebSite","@id":"https:\/\/afogadosfm.com.br\/afogadosfm\/#website","url":"https:\/\/afogadosfm.com.br\/afogadosfm\/","name":"Afogados FM","description":"Um site completo!","publisher":{"@id":"https:\/\/afogadosfm.com.br\/afogadosfm\/#organization"},"potentialAction":[{"@type":"SearchAction","target":{"@type":"EntryPoint","urlTemplate":"https:\/\/afogadosfm.com.br\/afogadosfm\/?s={search_term_string}"},"query-input":{"@type":"PropertyValueSpecification","valueRequired":true,"valueName":"search_term_string"}}],"inLanguage":"pt-BR"},{"@type":"Organization","@id":"https:\/\/afogadosfm.com.br\/afogadosfm\/#organization","name":"Afogados FM","url":"https:\/\/afogadosfm.com.br\/afogadosfm\/","logo":{"@type":"ImageObject","inLanguage":"pt-BR","@id":"https:\/\/afogadosfm.com.br\/afogadosfm\/#\/schema\/logo\/image\/","url":"https:\/\/i0.wp.com\/afogadosfm.com.br\/afogadosfm\/wp-content\/uploads\/2020\/06\/cropped-banner-afogados-4.jpg?fit=369%2C137&ssl=1","contentUrl":"https:\/\/i0.wp.com\/afogadosfm.com.br\/afogadosfm\/wp-content\/uploads\/2020\/06\/cropped-banner-afogados-4.jpg?fit=369%2C137&ssl=1","width":369,"height":137,"caption":"Afogados FM"},"image":{"@id":"https:\/\/afogadosfm.com.br\/afogadosfm\/#\/schema\/logo\/image\/"}},{"@type":"Person","@id":"https:\/\/afogadosfm.com.br\/afogadosfm\/#\/schema\/person\/60e56f2cf5dc960fc093fe093d9e9057","name":"afogadosfm","image":{"@type":"ImageObject","inLanguage":"pt-BR","@id":"https:\/\/secure.gravatar.com\/avatar\/e0359add7ed5dc3560906d861b52c6a8cf5c1e199d3a7dd85070998f49bd4701?s=96&d=mm&r=g","url":"https:\/\/secure.gravatar.com\/avatar\/e0359add7ed5dc3560906d861b52c6a8cf5c1e199d3a7dd85070998f49bd4701?s=96&d=mm&r=g","contentUrl":"https:\/\/secure.gravatar.com\/avatar\/e0359add7ed5dc3560906d861b52c6a8cf5c1e199d3a7dd85070998f49bd4701?s=96&d=mm&r=g","caption":"afogadosfm"},"url":"https:\/\/afogadosfm.com.br\/afogadosfm\/author\/afogadosfm\/"}]}},"jetpack_publicize_connections":[],"jetpack_featured_media_url":"https:\/\/i0.wp.com\/afogadosfm.com.br\/afogadosfm\/wp-content\/uploads\/2025\/09\/014d4adc-6155-419d-9458-4279ef50a6e3-scaled.jpeg?fit=2560%2C1707&ssl=1","jetpack-related-posts":[],"jetpack_sharing_enabled":true,"jetpack_likes_enabled":true,"_links":{"self":[{"href":"https:\/\/afogadosfm.com.br\/afogadosfm\/wp-json\/wp\/v2\/posts\/69060","targetHints":{"allow":["GET"]}}],"collection":[{"href":"https:\/\/afogadosfm.com.br\/afogadosfm\/wp-json\/wp\/v2\/posts"}],"about":[{"href":"https:\/\/afogadosfm.com.br\/afogadosfm\/wp-json\/wp\/v2\/types\/post"}],"author":[{"embeddable":true,"href":"https:\/\/afogadosfm.com.br\/afogadosfm\/wp-json\/wp\/v2\/users\/2"}],"replies":[{"embeddable":true,"href":"https:\/\/afogadosfm.com.br\/afogadosfm\/wp-json\/wp\/v2\/comments?post=69060"}],"version-history":[{"count":1,"href":"https:\/\/afogadosfm.com.br\/afogadosfm\/wp-json\/wp\/v2\/posts\/69060\/revisions"}],"predecessor-version":[{"id":69062,"href":"https:\/\/afogadosfm.com.br\/afogadosfm\/wp-json\/wp\/v2\/posts\/69060\/revisions\/69062"}],"wp:featuredmedia":[{"embeddable":true,"href":"https:\/\/afogadosfm.com.br\/afogadosfm\/wp-json\/wp\/v2\/media\/69061"}],"wp:attachment":[{"href":"https:\/\/afogadosfm.com.br\/afogadosfm\/wp-json\/wp\/v2\/media?parent=69060"}],"wp:term":[{"taxonomy":"category","embeddable":true,"href":"https:\/\/afogadosfm.com.br\/afogadosfm\/wp-json\/wp\/v2\/categories?post=69060"},{"taxonomy":"post_tag","embeddable":true,"href":"https:\/\/afogadosfm.com.br\/afogadosfm\/wp-json\/wp\/v2\/tags?post=69060"}],"curies":[{"name":"wp","href":"https:\/\/api.w.org\/{rel}","templated":true}]}}