{"id":69105,"date":"2025-09-17T07:02:36","date_gmt":"2025-09-17T10:02:36","guid":{"rendered":"https:\/\/afogadosfm.com.br\/afogadosfm\/?p=69105"},"modified":"2025-09-17T07:02:37","modified_gmt":"2025-09-17T10:02:37","slug":"pm-prende-homem-suspeito-de-abusar-sexualmente-de-crianca-de-7-anos-em-serra-talhada","status":"publish","type":"post","link":"https:\/\/afogadosfm.com.br\/afogadosfm\/2025\/09\/17\/pm-prende-homem-suspeito-de-abusar-sexualmente-de-crianca-de-7-anos-em-serra-talhada\/","title":{"rendered":"PM prende homem suspeito de abusar sexualmente de crian\u00e7a de 7 anos em Serra Talhada"},"content":{"rendered":"\n<p><a href=\"https:\/\/web.whatsapp.com\/send?text=Pol%C3%ADcia%20Militar%20prende%20homem%20suspeito%20de%20abus@r%20sexualmente%20de%20crian%C3%A7@%20de%207%20Anos%20-%20J%C3%BAnior%20Campos%0D%0Ahttps:\/\/juniorcampos.net\/monstro-em-serra-talhada\/policia-militar-prende-homem-suspeito-de-abusr-sexualmente-de-crianc-de-7-anos\/\"><\/a><\/p>\n\n\n\n<p><a href=\"tg:\/\/msg?text=https%3A%2F%2Fjuniorcampos.net%2Fmonstro-em-serra-talhada%2Fpolicia-militar-prende-homem-suspeito-de-abusr-sexualmente-de-crianc-de-7-anos%2F%20Pol%C3%ADcia%20Militar%20prende%20homem%20suspeito%20de%20abus%40r%20sexualmente%20de%20crian%C3%A7%40%20de%207%20Anos%20-%20J%C3%BAnior%20Campos\"><\/a>A Pol\u00edcia Militar do 14\u00ba Batalh\u00e3o, sediado em Serra Talhada, prendeu um indiv\u00edduo suspeito de estupro de vulner\u00e1vel na noite de ter\u00e7a-feira (16\/09). A ocorr\u00eancia foi registrada no bairro Bom Jesus.<\/p>\n\n\n\n<p>De acordo com informa\u00e7\u00f5es, a m\u00e3e da v\u00edtima, uma crian\u00e7a de 7 anos, tomou conhecimento do abuso atrav\u00e9s da m\u00e3e de uma coleguinha da filha. A crian\u00e7a relatou que o suspeito, vizinho das meninas, as convidou para entrar em sua resid\u00eancia, oferecendo dinheiro, e tentou abusar delas.<\/p>\n\n\n\n<p>Quando as crian\u00e7as recusaram, o suspeito teria puxado uma delas pelo bra\u00e7o e a levou para dentro de sua casa, onde mostrou os \u00f3rg\u00e3os genitais e tocou na genit\u00e1lia da crian\u00e7a.<\/p>\n\n\n\n<p>A Pol\u00edcia Militar foi acionada e, ap\u00f3s ouvir a m\u00e3e e a crian\u00e7a, localizou o suspeito e o conduziu, juntamente com as partes envolvidas, \u00e0 delegacia da Pol\u00edcia Civil para as medidas cab\u00edveis.<\/p>\n\n\n\n<p>A Pol\u00edcia Militar refor\u00e7a a import\u00e2ncia da den\u00fancia e disponibiliza o Disque Den\u00fancia (87) 9 9995-4641 para registrar informa\u00e7\u00f5es que possam ajudar a esclarecer crimes.<\/p>\n\n\n\n<p>Do Junior Campos<\/p>\n\n\n\n<p><a href=\"https:\/\/juniorcampos.net\/policial\/bebe-de-8-meses-morre-em-serra-talhada-com-suspeita-de-abuso-policia-investiga-o-caso\/?relatedposts_hit=1&amp;relatedposts_origin=37487&amp;relatedposts_position=0\"><\/a><\/p>\n","protected":false},"excerpt":{"rendered":"<p>A Pol\u00edcia Militar do 14\u00ba Batalh\u00e3o, sediado em Serra Talhada, prendeu um indiv\u00edduo suspeito de estupro de vulner\u00e1vel na noite<\/p>\n","protected":false},"author":2,"featured_media":28843,"comment_status":"open","ping_status":"open","sticky":false,"template":"","format":"standard","meta":{"jetpack_post_was_ever_published":false,"_jetpack_newsletter_access":"","_jetpack_dont_email_post_to_subs":false,"_jetpack_newsletter_tier_id":0,"_jetpack_memberships_contains_paywalled_content":false,"_jetpack_memberships_contains_paid_content":false,"footnotes":"","jetpack_publicize_message":"","jetpack_publicize_feature_enabled":true,"jetpack_social_post_already_shared":true,"jetpack_social_options":{"image_generator_settings":{"template":"highway","default_image_id":0,"font":"","enabled":false},"version":2}},"categories":[34],"tags":[],"class_list":["post-69105","post","type-post","status-publish","format-standard","has-post-thumbnail","hentry","category-policia"],"yoast_head":"<!-- This site is optimized with the Yoast SEO plugin v27.5 - https:\/\/yoast.com\/product\/yoast-seo-wordpress\/ -->\n<title>PM prende homem suspeito de abusar sexualmente de crian\u00e7a de 7 anos em Serra Talhada - Afogados FM<\/title>\n<meta name=\"robots\" content=\"index, follow, max-snippet:-1, max-image-preview:large, max-video-preview:-1\" \/>\n<link rel=\"canonical\" href=\"https:\/\/afogadosfm.com.br\/afogadosfm\/2025\/09\/17\/pm-prende-homem-suspeito-de-abusar-sexualmente-de-crianca-de-7-anos-em-serra-talhada\/\" \/>\n<meta property=\"og:locale\" content=\"pt_BR\" \/>\n<meta property=\"og:type\" content=\"article\" \/>\n<meta property=\"og:title\" content=\"PM prende homem suspeito de abusar sexualmente de crian\u00e7a de 7 anos em Serra Talhada - Afogados FM\" \/>\n<meta property=\"og:description\" content=\"A Pol\u00edcia Militar do 14\u00ba Batalh\u00e3o, sediado em Serra Talhada, prendeu um indiv\u00edduo suspeito de estupro de vulner\u00e1vel na noite\" \/>\n<meta property=\"og:url\" content=\"https:\/\/afogadosfm.com.br\/afogadosfm\/2025\/09\/17\/pm-prende-homem-suspeito-de-abusar-sexualmente-de-crianca-de-7-anos-em-serra-talhada\/\" \/>\n<meta property=\"og:site_name\" content=\"Afogados FM\" \/>\n<meta property=\"article:published_time\" content=\"2025-09-17T10:02:36+00:00\" \/>\n<meta property=\"article:modified_time\" content=\"2025-09-17T10:02:37+00:00\" \/>\n<meta property=\"og:image\" content=\"https:\/\/afogadosfm.com.br\/afogadosfm\/wp-content\/uploads\/2021\/07\/criancaviolencia.jpg\" \/>\n\t<meta property=\"og:image:width\" content=\"1170\" \/>\n\t<meta property=\"og:image:height\" content=\"700\" \/>\n\t<meta property=\"og:image:type\" content=\"image\/jpeg\" \/>\n<meta name=\"author\" content=\"afogadosfm\" \/>\n<meta name=\"twitter:card\" content=\"summary_large_image\" \/>\n<meta name=\"twitter:label1\" content=\"Escrito por\" \/>\n\t<meta name=\"twitter:data1\" content=\"afogadosfm\" \/>\n\t<meta name=\"twitter:label2\" content=\"Est. tempo de leitura\" \/>\n\t<meta name=\"twitter:data2\" content=\"2 minutos\" \/>\n<script type=\"application\/ld+json\" class=\"yoast-schema-graph\">{\"@context\":\"https:\\\/\\\/schema.org\",\"@graph\":[{\"@type\":\"Article\",\"@id\":\"https:\\\/\\\/afogadosfm.com.br\\\/afogadosfm\\\/2025\\\/09\\\/17\\\/pm-prende-homem-suspeito-de-abusar-sexualmente-de-crianca-de-7-anos-em-serra-talhada\\\/#article\",\"isPartOf\":{\"@id\":\"https:\\\/\\\/afogadosfm.com.br\\\/afogadosfm\\\/2025\\\/09\\\/17\\\/pm-prende-homem-suspeito-de-abusar-sexualmente-de-crianca-de-7-anos-em-serra-talhada\\\/\"},\"author\":{\"name\":\"afogadosfm\",\"@id\":\"https:\\\/\\\/afogadosfm.com.br\\\/afogadosfm\\\/#\\\/schema\\\/person\\\/60e56f2cf5dc960fc093fe093d9e9057\"},\"headline\":\"PM prende homem suspeito de abusar sexualmente de crian\u00e7a de 7 anos em Serra Talhada\",\"datePublished\":\"2025-09-17T10:02:36+00:00\",\"dateModified\":\"2025-09-17T10:02:37+00:00\",\"mainEntityOfPage\":{\"@id\":\"https:\\\/\\\/afogadosfm.com.br\\\/afogadosfm\\\/2025\\\/09\\\/17\\\/pm-prende-homem-suspeito-de-abusar-sexualmente-de-crianca-de-7-anos-em-serra-talhada\\\/\"},\"wordCount\":210,\"commentCount\":0,\"publisher\":{\"@id\":\"https:\\\/\\\/afogadosfm.com.br\\\/afogadosfm\\\/#organization\"},\"image\":{\"@id\":\"https:\\\/\\\/afogadosfm.com.br\\\/afogadosfm\\\/2025\\\/09\\\/17\\\/pm-prende-homem-suspeito-de-abusar-sexualmente-de-crianca-de-7-anos-em-serra-talhada\\\/#primaryimage\"},\"thumbnailUrl\":\"https:\\\/\\\/i0.wp.com\\\/afogadosfm.com.br\\\/afogadosfm\\\/wp-content\\\/uploads\\\/2021\\\/07\\\/criancaviolencia.jpg?fit=1170%2C700&ssl=1\",\"articleSection\":[\"Pol\u00edcia\"],\"inLanguage\":\"pt-BR\",\"potentialAction\":[{\"@type\":\"CommentAction\",\"name\":\"Comment\",\"target\":[\"https:\\\/\\\/afogadosfm.com.br\\\/afogadosfm\\\/2025\\\/09\\\/17\\\/pm-prende-homem-suspeito-de-abusar-sexualmente-de-crianca-de-7-anos-em-serra-talhada\\\/#respond\"]}]},{\"@type\":\"WebPage\",\"@id\":\"https:\\\/\\\/afogadosfm.com.br\\\/afogadosfm\\\/2025\\\/09\\\/17\\\/pm-prende-homem-suspeito-de-abusar-sexualmente-de-crianca-de-7-anos-em-serra-talhada\\\/\",\"url\":\"https:\\\/\\\/afogadosfm.com.br\\\/afogadosfm\\\/2025\\\/09\\\/17\\\/pm-prende-homem-suspeito-de-abusar-sexualmente-de-crianca-de-7-anos-em-serra-talhada\\\/\",\"name\":\"PM prende homem suspeito de abusar sexualmente de crian\u00e7a de 7 anos em Serra Talhada - Afogados FM\",\"isPartOf\":{\"@id\":\"https:\\\/\\\/afogadosfm.com.br\\\/afogadosfm\\\/#website\"},\"primaryImageOfPage\":{\"@id\":\"https:\\\/\\\/afogadosfm.com.br\\\/afogadosfm\\\/2025\\\/09\\\/17\\\/pm-prende-homem-suspeito-de-abusar-sexualmente-de-crianca-de-7-anos-em-serra-talhada\\\/#primaryimage\"},\"image\":{\"@id\":\"https:\\\/\\\/afogadosfm.com.br\\\/afogadosfm\\\/2025\\\/09\\\/17\\\/pm-prende-homem-suspeito-de-abusar-sexualmente-de-crianca-de-7-anos-em-serra-talhada\\\/#primaryimage\"},\"thumbnailUrl\":\"https:\\\/\\\/i0.wp.com\\\/afogadosfm.com.br\\\/afogadosfm\\\/wp-content\\\/uploads\\\/2021\\\/07\\\/criancaviolencia.jpg?fit=1170%2C700&ssl=1\",\"datePublished\":\"2025-09-17T10:02:36+00:00\",\"dateModified\":\"2025-09-17T10:02:37+00:00\",\"breadcrumb\":{\"@id\":\"https:\\\/\\\/afogadosfm.com.br\\\/afogadosfm\\\/2025\\\/09\\\/17\\\/pm-prende-homem-suspeito-de-abusar-sexualmente-de-crianca-de-7-anos-em-serra-talhada\\\/#breadcrumb\"},\"inLanguage\":\"pt-BR\",\"potentialAction\":[{\"@type\":\"ReadAction\",\"target\":[\"https:\\\/\\\/afogadosfm.com.br\\\/afogadosfm\\\/2025\\\/09\\\/17\\\/pm-prende-homem-suspeito-de-abusar-sexualmente-de-crianca-de-7-anos-em-serra-talhada\\\/\"]}]},{\"@type\":\"ImageObject\",\"inLanguage\":\"pt-BR\",\"@id\":\"https:\\\/\\\/afogadosfm.com.br\\\/afogadosfm\\\/2025\\\/09\\\/17\\\/pm-prende-homem-suspeito-de-abusar-sexualmente-de-crianca-de-7-anos-em-serra-talhada\\\/#primaryimage\",\"url\":\"https:\\\/\\\/i0.wp.com\\\/afogadosfm.com.br\\\/afogadosfm\\\/wp-content\\\/uploads\\\/2021\\\/07\\\/criancaviolencia.jpg?fit=1170%2C700&ssl=1\",\"contentUrl\":\"https:\\\/\\\/i0.wp.com\\\/afogadosfm.com.br\\\/afogadosfm\\\/wp-content\\\/uploads\\\/2021\\\/07\\\/criancaviolencia.jpg?fit=1170%2C700&ssl=1\",\"width\":1170,\"height\":700},{\"@type\":\"BreadcrumbList\",\"@id\":\"https:\\\/\\\/afogadosfm.com.br\\\/afogadosfm\\\/2025\\\/09\\\/17\\\/pm-prende-homem-suspeito-de-abusar-sexualmente-de-crianca-de-7-anos-em-serra-talhada\\\/#breadcrumb\",\"itemListElement\":[{\"@type\":\"ListItem\",\"position\":1,\"name\":\"In\u00edcio\",\"item\":\"https:\\\/\\\/afogadosfm.com.br\\\/afogadosfm\\\/\"},{\"@type\":\"ListItem\",\"position\":2,\"name\":\"PM prende homem suspeito de abusar sexualmente de crian\u00e7a de 7 anos em Serra Talhada\"}]},{\"@type\":\"WebSite\",\"@id\":\"https:\\\/\\\/afogadosfm.com.br\\\/afogadosfm\\\/#website\",\"url\":\"https:\\\/\\\/afogadosfm.com.br\\\/afogadosfm\\\/\",\"name\":\"Afogados FM\",\"description\":\"Um site completo!\",\"publisher\":{\"@id\":\"https:\\\/\\\/afogadosfm.com.br\\\/afogadosfm\\\/#organization\"},\"potentialAction\":[{\"@type\":\"SearchAction\",\"target\":{\"@type\":\"EntryPoint\",\"urlTemplate\":\"https:\\\/\\\/afogadosfm.com.br\\\/afogadosfm\\\/?s={search_term_string}\"},\"query-input\":{\"@type\":\"PropertyValueSpecification\",\"valueRequired\":true,\"valueName\":\"search_term_string\"}}],\"inLanguage\":\"pt-BR\"},{\"@type\":\"Organization\",\"@id\":\"https:\\\/\\\/afogadosfm.com.br\\\/afogadosfm\\\/#organization\",\"name\":\"Afogados FM\",\"url\":\"https:\\\/\\\/afogadosfm.com.br\\\/afogadosfm\\\/\",\"logo\":{\"@type\":\"ImageObject\",\"inLanguage\":\"pt-BR\",\"@id\":\"https:\\\/\\\/afogadosfm.com.br\\\/afogadosfm\\\/#\\\/schema\\\/logo\\\/image\\\/\",\"url\":\"https:\\\/\\\/i0.wp.com\\\/afogadosfm.com.br\\\/afogadosfm\\\/wp-content\\\/uploads\\\/2020\\\/06\\\/cropped-banner-afogados-4.jpg?fit=369%2C137&ssl=1\",\"contentUrl\":\"https:\\\/\\\/i0.wp.com\\\/afogadosfm.com.br\\\/afogadosfm\\\/wp-content\\\/uploads\\\/2020\\\/06\\\/cropped-banner-afogados-4.jpg?fit=369%2C137&ssl=1\",\"width\":369,\"height\":137,\"caption\":\"Afogados FM\"},\"image\":{\"@id\":\"https:\\\/\\\/afogadosfm.com.br\\\/afogadosfm\\\/#\\\/schema\\\/logo\\\/image\\\/\"}},{\"@type\":\"Person\",\"@id\":\"https:\\\/\\\/afogadosfm.com.br\\\/afogadosfm\\\/#\\\/schema\\\/person\\\/60e56f2cf5dc960fc093fe093d9e9057\",\"name\":\"afogadosfm\",\"image\":{\"@type\":\"ImageObject\",\"inLanguage\":\"pt-BR\",\"@id\":\"https:\\\/\\\/secure.gravatar.com\\\/avatar\\\/e0359add7ed5dc3560906d861b52c6a8cf5c1e199d3a7dd85070998f49bd4701?s=96&d=mm&r=g\",\"url\":\"https:\\\/\\\/secure.gravatar.com\\\/avatar\\\/e0359add7ed5dc3560906d861b52c6a8cf5c1e199d3a7dd85070998f49bd4701?s=96&d=mm&r=g\",\"contentUrl\":\"https:\\\/\\\/secure.gravatar.com\\\/avatar\\\/e0359add7ed5dc3560906d861b52c6a8cf5c1e199d3a7dd85070998f49bd4701?s=96&d=mm&r=g\",\"caption\":\"afogadosfm\"},\"url\":\"https:\\\/\\\/afogadosfm.com.br\\\/afogadosfm\\\/author\\\/afogadosfm\\\/\"}]}<\/script>\n<!-- \/ Yoast SEO plugin. -->","yoast_head_json":{"title":"PM prende homem suspeito de abusar sexualmente de crian\u00e7a de 7 anos em Serra Talhada - Afogados FM","robots":{"index":"index","follow":"follow","max-snippet":"max-snippet:-1","max-image-preview":"max-image-preview:large","max-video-preview":"max-video-preview:-1"},"canonical":"https:\/\/afogadosfm.com.br\/afogadosfm\/2025\/09\/17\/pm-prende-homem-suspeito-de-abusar-sexualmente-de-crianca-de-7-anos-em-serra-talhada\/","og_locale":"pt_BR","og_type":"article","og_title":"PM prende homem suspeito de abusar sexualmente de crian\u00e7a de 7 anos em Serra Talhada - Afogados FM","og_description":"A Pol\u00edcia Militar do 14\u00ba Batalh\u00e3o, sediado em Serra Talhada, prendeu um indiv\u00edduo suspeito de estupro de vulner\u00e1vel na noite","og_url":"https:\/\/afogadosfm.com.br\/afogadosfm\/2025\/09\/17\/pm-prende-homem-suspeito-de-abusar-sexualmente-de-crianca-de-7-anos-em-serra-talhada\/","og_site_name":"Afogados FM","article_published_time":"2025-09-17T10:02:36+00:00","article_modified_time":"2025-09-17T10:02:37+00:00","og_image":[{"width":1170,"height":700,"url":"https:\/\/afogadosfm.com.br\/afogadosfm\/wp-content\/uploads\/2021\/07\/criancaviolencia.jpg","type":"image\/jpeg"}],"author":"afogadosfm","twitter_card":"summary_large_image","twitter_misc":{"Escrito por":"afogadosfm","Est. tempo de leitura":"2 minutos"},"schema":{"@context":"https:\/\/schema.org","@graph":[{"@type":"Article","@id":"https:\/\/afogadosfm.com.br\/afogadosfm\/2025\/09\/17\/pm-prende-homem-suspeito-de-abusar-sexualmente-de-crianca-de-7-anos-em-serra-talhada\/#article","isPartOf":{"@id":"https:\/\/afogadosfm.com.br\/afogadosfm\/2025\/09\/17\/pm-prende-homem-suspeito-de-abusar-sexualmente-de-crianca-de-7-anos-em-serra-talhada\/"},"author":{"name":"afogadosfm","@id":"https:\/\/afogadosfm.com.br\/afogadosfm\/#\/schema\/person\/60e56f2cf5dc960fc093fe093d9e9057"},"headline":"PM prende homem suspeito de abusar sexualmente de crian\u00e7a de 7 anos em Serra Talhada","datePublished":"2025-09-17T10:02:36+00:00","dateModified":"2025-09-17T10:02:37+00:00","mainEntityOfPage":{"@id":"https:\/\/afogadosfm.com.br\/afogadosfm\/2025\/09\/17\/pm-prende-homem-suspeito-de-abusar-sexualmente-de-crianca-de-7-anos-em-serra-talhada\/"},"wordCount":210,"commentCount":0,"publisher":{"@id":"https:\/\/afogadosfm.com.br\/afogadosfm\/#organization"},"image":{"@id":"https:\/\/afogadosfm.com.br\/afogadosfm\/2025\/09\/17\/pm-prende-homem-suspeito-de-abusar-sexualmente-de-crianca-de-7-anos-em-serra-talhada\/#primaryimage"},"thumbnailUrl":"https:\/\/i0.wp.com\/afogadosfm.com.br\/afogadosfm\/wp-content\/uploads\/2021\/07\/criancaviolencia.jpg?fit=1170%2C700&ssl=1","articleSection":["Pol\u00edcia"],"inLanguage":"pt-BR","potentialAction":[{"@type":"CommentAction","name":"Comment","target":["https:\/\/afogadosfm.com.br\/afogadosfm\/2025\/09\/17\/pm-prende-homem-suspeito-de-abusar-sexualmente-de-crianca-de-7-anos-em-serra-talhada\/#respond"]}]},{"@type":"WebPage","@id":"https:\/\/afogadosfm.com.br\/afogadosfm\/2025\/09\/17\/pm-prende-homem-suspeito-de-abusar-sexualmente-de-crianca-de-7-anos-em-serra-talhada\/","url":"https:\/\/afogadosfm.com.br\/afogadosfm\/2025\/09\/17\/pm-prende-homem-suspeito-de-abusar-sexualmente-de-crianca-de-7-anos-em-serra-talhada\/","name":"PM prende homem suspeito de abusar sexualmente de crian\u00e7a de 7 anos em Serra Talhada - Afogados FM","isPartOf":{"@id":"https:\/\/afogadosfm.com.br\/afogadosfm\/#website"},"primaryImageOfPage":{"@id":"https:\/\/afogadosfm.com.br\/afogadosfm\/2025\/09\/17\/pm-prende-homem-suspeito-de-abusar-sexualmente-de-crianca-de-7-anos-em-serra-talhada\/#primaryimage"},"image":{"@id":"https:\/\/afogadosfm.com.br\/afogadosfm\/2025\/09\/17\/pm-prende-homem-suspeito-de-abusar-sexualmente-de-crianca-de-7-anos-em-serra-talhada\/#primaryimage"},"thumbnailUrl":"https:\/\/i0.wp.com\/afogadosfm.com.br\/afogadosfm\/wp-content\/uploads\/2021\/07\/criancaviolencia.jpg?fit=1170%2C700&ssl=1","datePublished":"2025-09-17T10:02:36+00:00","dateModified":"2025-09-17T10:02:37+00:00","breadcrumb":{"@id":"https:\/\/afogadosfm.com.br\/afogadosfm\/2025\/09\/17\/pm-prende-homem-suspeito-de-abusar-sexualmente-de-crianca-de-7-anos-em-serra-talhada\/#breadcrumb"},"inLanguage":"pt-BR","potentialAction":[{"@type":"ReadAction","target":["https:\/\/afogadosfm.com.br\/afogadosfm\/2025\/09\/17\/pm-prende-homem-suspeito-de-abusar-sexualmente-de-crianca-de-7-anos-em-serra-talhada\/"]}]},{"@type":"ImageObject","inLanguage":"pt-BR","@id":"https:\/\/afogadosfm.com.br\/afogadosfm\/2025\/09\/17\/pm-prende-homem-suspeito-de-abusar-sexualmente-de-crianca-de-7-anos-em-serra-talhada\/#primaryimage","url":"https:\/\/i0.wp.com\/afogadosfm.com.br\/afogadosfm\/wp-content\/uploads\/2021\/07\/criancaviolencia.jpg?fit=1170%2C700&ssl=1","contentUrl":"https:\/\/i0.wp.com\/afogadosfm.com.br\/afogadosfm\/wp-content\/uploads\/2021\/07\/criancaviolencia.jpg?fit=1170%2C700&ssl=1","width":1170,"height":700},{"@type":"BreadcrumbList","@id":"https:\/\/afogadosfm.com.br\/afogadosfm\/2025\/09\/17\/pm-prende-homem-suspeito-de-abusar-sexualmente-de-crianca-de-7-anos-em-serra-talhada\/#breadcrumb","itemListElement":[{"@type":"ListItem","position":1,"name":"In\u00edcio","item":"https:\/\/afogadosfm.com.br\/afogadosfm\/"},{"@type":"ListItem","position":2,"name":"PM prende homem suspeito de abusar sexualmente de crian\u00e7a de 7 anos em Serra Talhada"}]},{"@type":"WebSite","@id":"https:\/\/afogadosfm.com.br\/afogadosfm\/#website","url":"https:\/\/afogadosfm.com.br\/afogadosfm\/","name":"Afogados FM","description":"Um site completo!","publisher":{"@id":"https:\/\/afogadosfm.com.br\/afogadosfm\/#organization"},"potentialAction":[{"@type":"SearchAction","target":{"@type":"EntryPoint","urlTemplate":"https:\/\/afogadosfm.com.br\/afogadosfm\/?s={search_term_string}"},"query-input":{"@type":"PropertyValueSpecification","valueRequired":true,"valueName":"search_term_string"}}],"inLanguage":"pt-BR"},{"@type":"Organization","@id":"https:\/\/afogadosfm.com.br\/afogadosfm\/#organization","name":"Afogados FM","url":"https:\/\/afogadosfm.com.br\/afogadosfm\/","logo":{"@type":"ImageObject","inLanguage":"pt-BR","@id":"https:\/\/afogadosfm.com.br\/afogadosfm\/#\/schema\/logo\/image\/","url":"https:\/\/i0.wp.com\/afogadosfm.com.br\/afogadosfm\/wp-content\/uploads\/2020\/06\/cropped-banner-afogados-4.jpg?fit=369%2C137&ssl=1","contentUrl":"https:\/\/i0.wp.com\/afogadosfm.com.br\/afogadosfm\/wp-content\/uploads\/2020\/06\/cropped-banner-afogados-4.jpg?fit=369%2C137&ssl=1","width":369,"height":137,"caption":"Afogados FM"},"image":{"@id":"https:\/\/afogadosfm.com.br\/afogadosfm\/#\/schema\/logo\/image\/"}},{"@type":"Person","@id":"https:\/\/afogadosfm.com.br\/afogadosfm\/#\/schema\/person\/60e56f2cf5dc960fc093fe093d9e9057","name":"afogadosfm","image":{"@type":"ImageObject","inLanguage":"pt-BR","@id":"https:\/\/secure.gravatar.com\/avatar\/e0359add7ed5dc3560906d861b52c6a8cf5c1e199d3a7dd85070998f49bd4701?s=96&d=mm&r=g","url":"https:\/\/secure.gravatar.com\/avatar\/e0359add7ed5dc3560906d861b52c6a8cf5c1e199d3a7dd85070998f49bd4701?s=96&d=mm&r=g","contentUrl":"https:\/\/secure.gravatar.com\/avatar\/e0359add7ed5dc3560906d861b52c6a8cf5c1e199d3a7dd85070998f49bd4701?s=96&d=mm&r=g","caption":"afogadosfm"},"url":"https:\/\/afogadosfm.com.br\/afogadosfm\/author\/afogadosfm\/"}]}},"jetpack_publicize_connections":[],"jetpack_featured_media_url":"https:\/\/i0.wp.com\/afogadosfm.com.br\/afogadosfm\/wp-content\/uploads\/2021\/07\/criancaviolencia.jpg?fit=1170%2C700&ssl=1","jetpack-related-posts":[],"jetpack_sharing_enabled":true,"jetpack_likes_enabled":true,"_links":{"self":[{"href":"https:\/\/afogadosfm.com.br\/afogadosfm\/wp-json\/wp\/v2\/posts\/69105","targetHints":{"allow":["GET"]}}],"collection":[{"href":"https:\/\/afogadosfm.com.br\/afogadosfm\/wp-json\/wp\/v2\/posts"}],"about":[{"href":"https:\/\/afogadosfm.com.br\/afogadosfm\/wp-json\/wp\/v2\/types\/post"}],"author":[{"embeddable":true,"href":"https:\/\/afogadosfm.com.br\/afogadosfm\/wp-json\/wp\/v2\/users\/2"}],"replies":[{"embeddable":true,"href":"https:\/\/afogadosfm.com.br\/afogadosfm\/wp-json\/wp\/v2\/comments?post=69105"}],"version-history":[{"count":1,"href":"https:\/\/afogadosfm.com.br\/afogadosfm\/wp-json\/wp\/v2\/posts\/69105\/revisions"}],"predecessor-version":[{"id":69106,"href":"https:\/\/afogadosfm.com.br\/afogadosfm\/wp-json\/wp\/v2\/posts\/69105\/revisions\/69106"}],"wp:featuredmedia":[{"embeddable":true,"href":"https:\/\/afogadosfm.com.br\/afogadosfm\/wp-json\/wp\/v2\/media\/28843"}],"wp:attachment":[{"href":"https:\/\/afogadosfm.com.br\/afogadosfm\/wp-json\/wp\/v2\/media?parent=69105"}],"wp:term":[{"taxonomy":"category","embeddable":true,"href":"https:\/\/afogadosfm.com.br\/afogadosfm\/wp-json\/wp\/v2\/categories?post=69105"},{"taxonomy":"post_tag","embeddable":true,"href":"https:\/\/afogadosfm.com.br\/afogadosfm\/wp-json\/wp\/v2\/tags?post=69105"}],"curies":[{"name":"wp","href":"https:\/\/api.w.org\/{rel}","templated":true}]}}