{"id":69131,"date":"2025-09-18T05:55:11","date_gmt":"2025-09-18T08:55:11","guid":{"rendered":"https:\/\/afogadosfm.com.br\/afogadosfm\/?p=69131"},"modified":"2025-09-18T05:55:12","modified_gmt":"2025-09-18T08:55:12","slug":"lula-sanciona-lei-contra-adultizacao-de-criancas-nas-redes-sociais","status":"publish","type":"post","link":"https:\/\/afogadosfm.com.br\/afogadosfm\/2025\/09\/18\/lula-sanciona-lei-contra-adultizacao-de-criancas-nas-redes-sociais\/","title":{"rendered":"Lula sanciona lei contra adultiza\u00e7\u00e3o de crian\u00e7as nas redes sociais"},"content":{"rendered":"\n<p>O presidente Luiz In\u00e1cio Lula da Silva sancionou nesta quarta-feira (17), em cerim\u00f4nia no Pal\u00e1cio do Planalto, a lei que protege crian\u00e7as e adolescentes no ambiente digital, como redes sociais, aplicativos e jogos eletr\u00f4nicos.<\/p>\n\n\n\n<p>A proposta foi aprovada pelo Congresso Nacional no fim do m\u00eas passado e ficou conhecida como ECA Digital, em alus\u00e3o ao Estatuto da Crian\u00e7a e do Adolescente.<\/p>\n\n\n\n<p>Uma das novidades da lei \u00e9 a previs\u00e3o de que a fiscaliza\u00e7\u00e3o e puni\u00e7\u00e3o sejam feitas por uma autoridade nacional aut\u00f4noma, entidade da administra\u00e7\u00e3o p\u00fablica que ser\u00e1 respons\u00e1vel por zelar, editar regulamentos e procedimentos e fiscalizar o cumprimento da nova legisla\u00e7\u00e3o por partes das empresas de tecnologias digitais, incluindo redes sociais.<\/p>\n\n\n\n<p>Por causa disso, Lula tamb\u00e9m assinou, no mesmo evento, uma Medida Provis\u00f3ria (MP) que transforma Autoridade Nacional de Prote\u00e7\u00e3o de Dados (ANPD) em ag\u00eancia reguladora com novas compet\u00eancias para o acompanhamento, a fiscaliza\u00e7\u00e3o e a san\u00e7\u00e3o sobre as obriga\u00e7\u00f5es previstas na nova legisla\u00e7\u00e3o.<\/p>\n\n\n\n<p>&#8220;Uma das MPs que estamos enviando para o Congresso transforma a Autoridade Nacional de Prote\u00e7\u00e3o de Dados em Ag\u00eancia Nacional de Prote\u00e7\u00e3o de Dados, com autonomia para proteger crian\u00e7as e adolescentes na internet&#8221;, destacou o presidente em discurso.<\/p>\n\n\n\n<p>O texto da MP, que ainda n\u00e3o foi divulgado, amplia o or\u00e7amento, cria nova estrutura administrativa, incluindo uma carreira espec\u00edfica de analista de n\u00edvel superior com novos cargos, que ser\u00e3o preenchidos por meio de concurso p\u00fablico da nova ag\u00eancia, que tamb\u00e9m passa a ser pelas previs\u00f5es da lei das ag\u00eancias reguladoras.<\/p>\n\n\n\n<p>Com validade imediata, a MP que transforma a ANPD em ag\u00eancia reguladora precisar\u00e1 ser aprovada pelo Congresso Nacional em at\u00e9 120 dias.<\/p>\n\n\n\n<p>Do JC<\/p>\n","protected":false},"excerpt":{"rendered":"<p>O presidente Luiz In\u00e1cio Lula da Silva sancionou nesta quarta-feira (17), em cerim\u00f4nia no Pal\u00e1cio do Planalto, a lei que<\/p>\n","protected":false},"author":2,"featured_media":66615,"comment_status":"open","ping_status":"open","sticky":false,"template":"","format":"standard","meta":{"jetpack_post_was_ever_published":false,"_jetpack_newsletter_access":"","_jetpack_dont_email_post_to_subs":false,"_jetpack_newsletter_tier_id":0,"_jetpack_memberships_contains_paywalled_content":false,"_jetpack_memberships_contains_paid_content":false,"footnotes":"","jetpack_publicize_message":"","jetpack_publicize_feature_enabled":true,"jetpack_social_post_already_shared":true,"jetpack_social_options":{"image_generator_settings":{"template":"highway","default_image_id":0,"font":"","enabled":false},"version":2}},"categories":[12],"tags":[],"class_list":["post-69131","post","type-post","status-publish","format-standard","has-post-thumbnail","hentry","category-brasil"],"yoast_head":"<!-- This site is optimized with the Yoast SEO plugin v27.5 - https:\/\/yoast.com\/product\/yoast-seo-wordpress\/ -->\n<title>Lula sanciona lei contra adultiza\u00e7\u00e3o de crian\u00e7as nas redes sociais - Afogados FM<\/title>\n<meta name=\"robots\" content=\"index, follow, max-snippet:-1, max-image-preview:large, max-video-preview:-1\" \/>\n<link rel=\"canonical\" href=\"https:\/\/afogadosfm.com.br\/afogadosfm\/2025\/09\/18\/lula-sanciona-lei-contra-adultizacao-de-criancas-nas-redes-sociais\/\" \/>\n<meta property=\"og:locale\" content=\"pt_BR\" \/>\n<meta property=\"og:type\" content=\"article\" \/>\n<meta property=\"og:title\" content=\"Lula sanciona lei contra adultiza\u00e7\u00e3o de crian\u00e7as nas redes sociais - Afogados FM\" \/>\n<meta property=\"og:description\" content=\"O presidente Luiz In\u00e1cio Lula da Silva sancionou nesta quarta-feira (17), em cerim\u00f4nia no Pal\u00e1cio do Planalto, a lei que\" \/>\n<meta property=\"og:url\" content=\"https:\/\/afogadosfm.com.br\/afogadosfm\/2025\/09\/18\/lula-sanciona-lei-contra-adultizacao-de-criancas-nas-redes-sociais\/\" \/>\n<meta property=\"og:site_name\" content=\"Afogados FM\" \/>\n<meta property=\"article:published_time\" content=\"2025-09-18T08:55:11+00:00\" \/>\n<meta property=\"article:modified_time\" content=\"2025-09-18T08:55:12+00:00\" \/>\n<meta property=\"og:image\" content=\"https:\/\/afogadosfm.com.br\/afogadosfm\/wp-content\/uploads\/2025\/06\/xg-redes-sociais-brasil.jpg\" \/>\n\t<meta property=\"og:image:width\" content=\"960\" \/>\n\t<meta property=\"og:image:height\" content=\"540\" \/>\n\t<meta property=\"og:image:type\" content=\"image\/jpeg\" \/>\n<meta name=\"author\" content=\"afogadosfm\" \/>\n<meta name=\"twitter:card\" content=\"summary_large_image\" \/>\n<meta name=\"twitter:label1\" content=\"Escrito por\" \/>\n\t<meta name=\"twitter:data1\" content=\"afogadosfm\" \/>\n\t<meta name=\"twitter:label2\" content=\"Est. tempo de leitura\" \/>\n\t<meta name=\"twitter:data2\" content=\"2 minutos\" \/>\n<script type=\"application\/ld+json\" class=\"yoast-schema-graph\">{\"@context\":\"https:\\\/\\\/schema.org\",\"@graph\":[{\"@type\":\"Article\",\"@id\":\"https:\\\/\\\/afogadosfm.com.br\\\/afogadosfm\\\/2025\\\/09\\\/18\\\/lula-sanciona-lei-contra-adultizacao-de-criancas-nas-redes-sociais\\\/#article\",\"isPartOf\":{\"@id\":\"https:\\\/\\\/afogadosfm.com.br\\\/afogadosfm\\\/2025\\\/09\\\/18\\\/lula-sanciona-lei-contra-adultizacao-de-criancas-nas-redes-sociais\\\/\"},\"author\":{\"name\":\"afogadosfm\",\"@id\":\"https:\\\/\\\/afogadosfm.com.br\\\/afogadosfm\\\/#\\\/schema\\\/person\\\/60e56f2cf5dc960fc093fe093d9e9057\"},\"headline\":\"Lula sanciona lei contra adultiza\u00e7\u00e3o de crian\u00e7as nas redes sociais\",\"datePublished\":\"2025-09-18T08:55:11+00:00\",\"dateModified\":\"2025-09-18T08:55:12+00:00\",\"mainEntityOfPage\":{\"@id\":\"https:\\\/\\\/afogadosfm.com.br\\\/afogadosfm\\\/2025\\\/09\\\/18\\\/lula-sanciona-lei-contra-adultizacao-de-criancas-nas-redes-sociais\\\/\"},\"wordCount\":317,\"commentCount\":0,\"publisher\":{\"@id\":\"https:\\\/\\\/afogadosfm.com.br\\\/afogadosfm\\\/#organization\"},\"image\":{\"@id\":\"https:\\\/\\\/afogadosfm.com.br\\\/afogadosfm\\\/2025\\\/09\\\/18\\\/lula-sanciona-lei-contra-adultizacao-de-criancas-nas-redes-sociais\\\/#primaryimage\"},\"thumbnailUrl\":\"https:\\\/\\\/i0.wp.com\\\/afogadosfm.com.br\\\/afogadosfm\\\/wp-content\\\/uploads\\\/2025\\\/06\\\/xg-redes-sociais-brasil.jpg?fit=960%2C540&ssl=1\",\"articleSection\":[\"Brasil\"],\"inLanguage\":\"pt-BR\",\"potentialAction\":[{\"@type\":\"CommentAction\",\"name\":\"Comment\",\"target\":[\"https:\\\/\\\/afogadosfm.com.br\\\/afogadosfm\\\/2025\\\/09\\\/18\\\/lula-sanciona-lei-contra-adultizacao-de-criancas-nas-redes-sociais\\\/#respond\"]}]},{\"@type\":\"WebPage\",\"@id\":\"https:\\\/\\\/afogadosfm.com.br\\\/afogadosfm\\\/2025\\\/09\\\/18\\\/lula-sanciona-lei-contra-adultizacao-de-criancas-nas-redes-sociais\\\/\",\"url\":\"https:\\\/\\\/afogadosfm.com.br\\\/afogadosfm\\\/2025\\\/09\\\/18\\\/lula-sanciona-lei-contra-adultizacao-de-criancas-nas-redes-sociais\\\/\",\"name\":\"Lula sanciona lei contra adultiza\u00e7\u00e3o de crian\u00e7as nas redes sociais - Afogados FM\",\"isPartOf\":{\"@id\":\"https:\\\/\\\/afogadosfm.com.br\\\/afogadosfm\\\/#website\"},\"primaryImageOfPage\":{\"@id\":\"https:\\\/\\\/afogadosfm.com.br\\\/afogadosfm\\\/2025\\\/09\\\/18\\\/lula-sanciona-lei-contra-adultizacao-de-criancas-nas-redes-sociais\\\/#primaryimage\"},\"image\":{\"@id\":\"https:\\\/\\\/afogadosfm.com.br\\\/afogadosfm\\\/2025\\\/09\\\/18\\\/lula-sanciona-lei-contra-adultizacao-de-criancas-nas-redes-sociais\\\/#primaryimage\"},\"thumbnailUrl\":\"https:\\\/\\\/i0.wp.com\\\/afogadosfm.com.br\\\/afogadosfm\\\/wp-content\\\/uploads\\\/2025\\\/06\\\/xg-redes-sociais-brasil.jpg?fit=960%2C540&ssl=1\",\"datePublished\":\"2025-09-18T08:55:11+00:00\",\"dateModified\":\"2025-09-18T08:55:12+00:00\",\"breadcrumb\":{\"@id\":\"https:\\\/\\\/afogadosfm.com.br\\\/afogadosfm\\\/2025\\\/09\\\/18\\\/lula-sanciona-lei-contra-adultizacao-de-criancas-nas-redes-sociais\\\/#breadcrumb\"},\"inLanguage\":\"pt-BR\",\"potentialAction\":[{\"@type\":\"ReadAction\",\"target\":[\"https:\\\/\\\/afogadosfm.com.br\\\/afogadosfm\\\/2025\\\/09\\\/18\\\/lula-sanciona-lei-contra-adultizacao-de-criancas-nas-redes-sociais\\\/\"]}]},{\"@type\":\"ImageObject\",\"inLanguage\":\"pt-BR\",\"@id\":\"https:\\\/\\\/afogadosfm.com.br\\\/afogadosfm\\\/2025\\\/09\\\/18\\\/lula-sanciona-lei-contra-adultizacao-de-criancas-nas-redes-sociais\\\/#primaryimage\",\"url\":\"https:\\\/\\\/i0.wp.com\\\/afogadosfm.com.br\\\/afogadosfm\\\/wp-content\\\/uploads\\\/2025\\\/06\\\/xg-redes-sociais-brasil.jpg?fit=960%2C540&ssl=1\",\"contentUrl\":\"https:\\\/\\\/i0.wp.com\\\/afogadosfm.com.br\\\/afogadosfm\\\/wp-content\\\/uploads\\\/2025\\\/06\\\/xg-redes-sociais-brasil.jpg?fit=960%2C540&ssl=1\",\"width\":960,\"height\":540},{\"@type\":\"BreadcrumbList\",\"@id\":\"https:\\\/\\\/afogadosfm.com.br\\\/afogadosfm\\\/2025\\\/09\\\/18\\\/lula-sanciona-lei-contra-adultizacao-de-criancas-nas-redes-sociais\\\/#breadcrumb\",\"itemListElement\":[{\"@type\":\"ListItem\",\"position\":1,\"name\":\"In\u00edcio\",\"item\":\"https:\\\/\\\/afogadosfm.com.br\\\/afogadosfm\\\/\"},{\"@type\":\"ListItem\",\"position\":2,\"name\":\"Lula sanciona lei contra adultiza\u00e7\u00e3o de crian\u00e7as nas redes sociais\"}]},{\"@type\":\"WebSite\",\"@id\":\"https:\\\/\\\/afogadosfm.com.br\\\/afogadosfm\\\/#website\",\"url\":\"https:\\\/\\\/afogadosfm.com.br\\\/afogadosfm\\\/\",\"name\":\"Afogados FM\",\"description\":\"Um site completo!\",\"publisher\":{\"@id\":\"https:\\\/\\\/afogadosfm.com.br\\\/afogadosfm\\\/#organization\"},\"potentialAction\":[{\"@type\":\"SearchAction\",\"target\":{\"@type\":\"EntryPoint\",\"urlTemplate\":\"https:\\\/\\\/afogadosfm.com.br\\\/afogadosfm\\\/?s={search_term_string}\"},\"query-input\":{\"@type\":\"PropertyValueSpecification\",\"valueRequired\":true,\"valueName\":\"search_term_string\"}}],\"inLanguage\":\"pt-BR\"},{\"@type\":\"Organization\",\"@id\":\"https:\\\/\\\/afogadosfm.com.br\\\/afogadosfm\\\/#organization\",\"name\":\"Afogados FM\",\"url\":\"https:\\\/\\\/afogadosfm.com.br\\\/afogadosfm\\\/\",\"logo\":{\"@type\":\"ImageObject\",\"inLanguage\":\"pt-BR\",\"@id\":\"https:\\\/\\\/afogadosfm.com.br\\\/afogadosfm\\\/#\\\/schema\\\/logo\\\/image\\\/\",\"url\":\"https:\\\/\\\/i0.wp.com\\\/afogadosfm.com.br\\\/afogadosfm\\\/wp-content\\\/uploads\\\/2020\\\/06\\\/cropped-banner-afogados-4.jpg?fit=369%2C137&ssl=1\",\"contentUrl\":\"https:\\\/\\\/i0.wp.com\\\/afogadosfm.com.br\\\/afogadosfm\\\/wp-content\\\/uploads\\\/2020\\\/06\\\/cropped-banner-afogados-4.jpg?fit=369%2C137&ssl=1\",\"width\":369,\"height\":137,\"caption\":\"Afogados FM\"},\"image\":{\"@id\":\"https:\\\/\\\/afogadosfm.com.br\\\/afogadosfm\\\/#\\\/schema\\\/logo\\\/image\\\/\"}},{\"@type\":\"Person\",\"@id\":\"https:\\\/\\\/afogadosfm.com.br\\\/afogadosfm\\\/#\\\/schema\\\/person\\\/60e56f2cf5dc960fc093fe093d9e9057\",\"name\":\"afogadosfm\",\"image\":{\"@type\":\"ImageObject\",\"inLanguage\":\"pt-BR\",\"@id\":\"https:\\\/\\\/secure.gravatar.com\\\/avatar\\\/e0359add7ed5dc3560906d861b52c6a8cf5c1e199d3a7dd85070998f49bd4701?s=96&d=mm&r=g\",\"url\":\"https:\\\/\\\/secure.gravatar.com\\\/avatar\\\/e0359add7ed5dc3560906d861b52c6a8cf5c1e199d3a7dd85070998f49bd4701?s=96&d=mm&r=g\",\"contentUrl\":\"https:\\\/\\\/secure.gravatar.com\\\/avatar\\\/e0359add7ed5dc3560906d861b52c6a8cf5c1e199d3a7dd85070998f49bd4701?s=96&d=mm&r=g\",\"caption\":\"afogadosfm\"},\"url\":\"https:\\\/\\\/afogadosfm.com.br\\\/afogadosfm\\\/author\\\/afogadosfm\\\/\"}]}<\/script>\n<!-- \/ Yoast SEO plugin. -->","yoast_head_json":{"title":"Lula sanciona lei contra adultiza\u00e7\u00e3o de crian\u00e7as nas redes sociais - Afogados FM","robots":{"index":"index","follow":"follow","max-snippet":"max-snippet:-1","max-image-preview":"max-image-preview:large","max-video-preview":"max-video-preview:-1"},"canonical":"https:\/\/afogadosfm.com.br\/afogadosfm\/2025\/09\/18\/lula-sanciona-lei-contra-adultizacao-de-criancas-nas-redes-sociais\/","og_locale":"pt_BR","og_type":"article","og_title":"Lula sanciona lei contra adultiza\u00e7\u00e3o de crian\u00e7as nas redes sociais - Afogados FM","og_description":"O presidente Luiz In\u00e1cio Lula da Silva sancionou nesta quarta-feira (17), em cerim\u00f4nia no Pal\u00e1cio do Planalto, a lei que","og_url":"https:\/\/afogadosfm.com.br\/afogadosfm\/2025\/09\/18\/lula-sanciona-lei-contra-adultizacao-de-criancas-nas-redes-sociais\/","og_site_name":"Afogados FM","article_published_time":"2025-09-18T08:55:11+00:00","article_modified_time":"2025-09-18T08:55:12+00:00","og_image":[{"width":960,"height":540,"url":"https:\/\/afogadosfm.com.br\/afogadosfm\/wp-content\/uploads\/2025\/06\/xg-redes-sociais-brasil.jpg","type":"image\/jpeg"}],"author":"afogadosfm","twitter_card":"summary_large_image","twitter_misc":{"Escrito por":"afogadosfm","Est. tempo de leitura":"2 minutos"},"schema":{"@context":"https:\/\/schema.org","@graph":[{"@type":"Article","@id":"https:\/\/afogadosfm.com.br\/afogadosfm\/2025\/09\/18\/lula-sanciona-lei-contra-adultizacao-de-criancas-nas-redes-sociais\/#article","isPartOf":{"@id":"https:\/\/afogadosfm.com.br\/afogadosfm\/2025\/09\/18\/lula-sanciona-lei-contra-adultizacao-de-criancas-nas-redes-sociais\/"},"author":{"name":"afogadosfm","@id":"https:\/\/afogadosfm.com.br\/afogadosfm\/#\/schema\/person\/60e56f2cf5dc960fc093fe093d9e9057"},"headline":"Lula sanciona lei contra adultiza\u00e7\u00e3o de crian\u00e7as nas redes sociais","datePublished":"2025-09-18T08:55:11+00:00","dateModified":"2025-09-18T08:55:12+00:00","mainEntityOfPage":{"@id":"https:\/\/afogadosfm.com.br\/afogadosfm\/2025\/09\/18\/lula-sanciona-lei-contra-adultizacao-de-criancas-nas-redes-sociais\/"},"wordCount":317,"commentCount":0,"publisher":{"@id":"https:\/\/afogadosfm.com.br\/afogadosfm\/#organization"},"image":{"@id":"https:\/\/afogadosfm.com.br\/afogadosfm\/2025\/09\/18\/lula-sanciona-lei-contra-adultizacao-de-criancas-nas-redes-sociais\/#primaryimage"},"thumbnailUrl":"https:\/\/i0.wp.com\/afogadosfm.com.br\/afogadosfm\/wp-content\/uploads\/2025\/06\/xg-redes-sociais-brasil.jpg?fit=960%2C540&ssl=1","articleSection":["Brasil"],"inLanguage":"pt-BR","potentialAction":[{"@type":"CommentAction","name":"Comment","target":["https:\/\/afogadosfm.com.br\/afogadosfm\/2025\/09\/18\/lula-sanciona-lei-contra-adultizacao-de-criancas-nas-redes-sociais\/#respond"]}]},{"@type":"WebPage","@id":"https:\/\/afogadosfm.com.br\/afogadosfm\/2025\/09\/18\/lula-sanciona-lei-contra-adultizacao-de-criancas-nas-redes-sociais\/","url":"https:\/\/afogadosfm.com.br\/afogadosfm\/2025\/09\/18\/lula-sanciona-lei-contra-adultizacao-de-criancas-nas-redes-sociais\/","name":"Lula sanciona lei contra adultiza\u00e7\u00e3o de crian\u00e7as nas redes sociais - Afogados FM","isPartOf":{"@id":"https:\/\/afogadosfm.com.br\/afogadosfm\/#website"},"primaryImageOfPage":{"@id":"https:\/\/afogadosfm.com.br\/afogadosfm\/2025\/09\/18\/lula-sanciona-lei-contra-adultizacao-de-criancas-nas-redes-sociais\/#primaryimage"},"image":{"@id":"https:\/\/afogadosfm.com.br\/afogadosfm\/2025\/09\/18\/lula-sanciona-lei-contra-adultizacao-de-criancas-nas-redes-sociais\/#primaryimage"},"thumbnailUrl":"https:\/\/i0.wp.com\/afogadosfm.com.br\/afogadosfm\/wp-content\/uploads\/2025\/06\/xg-redes-sociais-brasil.jpg?fit=960%2C540&ssl=1","datePublished":"2025-09-18T08:55:11+00:00","dateModified":"2025-09-18T08:55:12+00:00","breadcrumb":{"@id":"https:\/\/afogadosfm.com.br\/afogadosfm\/2025\/09\/18\/lula-sanciona-lei-contra-adultizacao-de-criancas-nas-redes-sociais\/#breadcrumb"},"inLanguage":"pt-BR","potentialAction":[{"@type":"ReadAction","target":["https:\/\/afogadosfm.com.br\/afogadosfm\/2025\/09\/18\/lula-sanciona-lei-contra-adultizacao-de-criancas-nas-redes-sociais\/"]}]},{"@type":"ImageObject","inLanguage":"pt-BR","@id":"https:\/\/afogadosfm.com.br\/afogadosfm\/2025\/09\/18\/lula-sanciona-lei-contra-adultizacao-de-criancas-nas-redes-sociais\/#primaryimage","url":"https:\/\/i0.wp.com\/afogadosfm.com.br\/afogadosfm\/wp-content\/uploads\/2025\/06\/xg-redes-sociais-brasil.jpg?fit=960%2C540&ssl=1","contentUrl":"https:\/\/i0.wp.com\/afogadosfm.com.br\/afogadosfm\/wp-content\/uploads\/2025\/06\/xg-redes-sociais-brasil.jpg?fit=960%2C540&ssl=1","width":960,"height":540},{"@type":"BreadcrumbList","@id":"https:\/\/afogadosfm.com.br\/afogadosfm\/2025\/09\/18\/lula-sanciona-lei-contra-adultizacao-de-criancas-nas-redes-sociais\/#breadcrumb","itemListElement":[{"@type":"ListItem","position":1,"name":"In\u00edcio","item":"https:\/\/afogadosfm.com.br\/afogadosfm\/"},{"@type":"ListItem","position":2,"name":"Lula sanciona lei contra adultiza\u00e7\u00e3o de crian\u00e7as nas redes sociais"}]},{"@type":"WebSite","@id":"https:\/\/afogadosfm.com.br\/afogadosfm\/#website","url":"https:\/\/afogadosfm.com.br\/afogadosfm\/","name":"Afogados FM","description":"Um site completo!","publisher":{"@id":"https:\/\/afogadosfm.com.br\/afogadosfm\/#organization"},"potentialAction":[{"@type":"SearchAction","target":{"@type":"EntryPoint","urlTemplate":"https:\/\/afogadosfm.com.br\/afogadosfm\/?s={search_term_string}"},"query-input":{"@type":"PropertyValueSpecification","valueRequired":true,"valueName":"search_term_string"}}],"inLanguage":"pt-BR"},{"@type":"Organization","@id":"https:\/\/afogadosfm.com.br\/afogadosfm\/#organization","name":"Afogados FM","url":"https:\/\/afogadosfm.com.br\/afogadosfm\/","logo":{"@type":"ImageObject","inLanguage":"pt-BR","@id":"https:\/\/afogadosfm.com.br\/afogadosfm\/#\/schema\/logo\/image\/","url":"https:\/\/i0.wp.com\/afogadosfm.com.br\/afogadosfm\/wp-content\/uploads\/2020\/06\/cropped-banner-afogados-4.jpg?fit=369%2C137&ssl=1","contentUrl":"https:\/\/i0.wp.com\/afogadosfm.com.br\/afogadosfm\/wp-content\/uploads\/2020\/06\/cropped-banner-afogados-4.jpg?fit=369%2C137&ssl=1","width":369,"height":137,"caption":"Afogados FM"},"image":{"@id":"https:\/\/afogadosfm.com.br\/afogadosfm\/#\/schema\/logo\/image\/"}},{"@type":"Person","@id":"https:\/\/afogadosfm.com.br\/afogadosfm\/#\/schema\/person\/60e56f2cf5dc960fc093fe093d9e9057","name":"afogadosfm","image":{"@type":"ImageObject","inLanguage":"pt-BR","@id":"https:\/\/secure.gravatar.com\/avatar\/e0359add7ed5dc3560906d861b52c6a8cf5c1e199d3a7dd85070998f49bd4701?s=96&d=mm&r=g","url":"https:\/\/secure.gravatar.com\/avatar\/e0359add7ed5dc3560906d861b52c6a8cf5c1e199d3a7dd85070998f49bd4701?s=96&d=mm&r=g","contentUrl":"https:\/\/secure.gravatar.com\/avatar\/e0359add7ed5dc3560906d861b52c6a8cf5c1e199d3a7dd85070998f49bd4701?s=96&d=mm&r=g","caption":"afogadosfm"},"url":"https:\/\/afogadosfm.com.br\/afogadosfm\/author\/afogadosfm\/"}]}},"jetpack_publicize_connections":[],"jetpack_featured_media_url":"https:\/\/i0.wp.com\/afogadosfm.com.br\/afogadosfm\/wp-content\/uploads\/2025\/06\/xg-redes-sociais-brasil.jpg?fit=960%2C540&ssl=1","jetpack-related-posts":[],"jetpack_sharing_enabled":true,"jetpack_likes_enabled":true,"_links":{"self":[{"href":"https:\/\/afogadosfm.com.br\/afogadosfm\/wp-json\/wp\/v2\/posts\/69131","targetHints":{"allow":["GET"]}}],"collection":[{"href":"https:\/\/afogadosfm.com.br\/afogadosfm\/wp-json\/wp\/v2\/posts"}],"about":[{"href":"https:\/\/afogadosfm.com.br\/afogadosfm\/wp-json\/wp\/v2\/types\/post"}],"author":[{"embeddable":true,"href":"https:\/\/afogadosfm.com.br\/afogadosfm\/wp-json\/wp\/v2\/users\/2"}],"replies":[{"embeddable":true,"href":"https:\/\/afogadosfm.com.br\/afogadosfm\/wp-json\/wp\/v2\/comments?post=69131"}],"version-history":[{"count":1,"href":"https:\/\/afogadosfm.com.br\/afogadosfm\/wp-json\/wp\/v2\/posts\/69131\/revisions"}],"predecessor-version":[{"id":69132,"href":"https:\/\/afogadosfm.com.br\/afogadosfm\/wp-json\/wp\/v2\/posts\/69131\/revisions\/69132"}],"wp:featuredmedia":[{"embeddable":true,"href":"https:\/\/afogadosfm.com.br\/afogadosfm\/wp-json\/wp\/v2\/media\/66615"}],"wp:attachment":[{"href":"https:\/\/afogadosfm.com.br\/afogadosfm\/wp-json\/wp\/v2\/media?parent=69131"}],"wp:term":[{"taxonomy":"category","embeddable":true,"href":"https:\/\/afogadosfm.com.br\/afogadosfm\/wp-json\/wp\/v2\/categories?post=69131"},{"taxonomy":"post_tag","embeddable":true,"href":"https:\/\/afogadosfm.com.br\/afogadosfm\/wp-json\/wp\/v2\/tags?post=69131"}],"curies":[{"name":"wp","href":"https:\/\/api.w.org\/{rel}","templated":true}]}}