{"id":69138,"date":"2025-09-18T06:29:21","date_gmt":"2025-09-18T09:29:21","guid":{"rendered":"https:\/\/afogadosfm.com.br\/afogadosfm\/?p=69138"},"modified":"2025-09-18T06:29:22","modified_gmt":"2025-09-18T09:29:22","slug":"representantes-de-empresas-de-pequeno-porte-pedem-a-deputados-atualizacao-do-limite-do-simples","status":"publish","type":"post","link":"https:\/\/afogadosfm.com.br\/afogadosfm\/2025\/09\/18\/representantes-de-empresas-de-pequeno-porte-pedem-a-deputados-atualizacao-do-limite-do-simples\/","title":{"rendered":"Representantes de empresas de pequeno porte pedem a deputados atualiza\u00e7\u00e3o do limite do Simples"},"content":{"rendered":"\n<p>Representantes de federa\u00e7\u00f5es e associa\u00e7\u00f5es comerciais defenderam na C\u00e2mara dos Deputados a aprova\u00e7\u00e3o de um Projeto de Lei Complementar (PLP 108\/21) que prev\u00ea a atualiza\u00e7\u00e3o do limite de faturamento anual para que uma empresa seja enquadrada no Simples Nacional. Para eles, a eleva\u00e7\u00e3o do limite \u2013 hoje em R$ 4,8 milh\u00f5es\u2013 \u00e9 uma \u201cquest\u00e3o de sobreviv\u00eancia empresarial e n\u00e3o de ren\u00fancia fiscal\u201d.<\/p>\n\n\n\n<p>Assessora da Federa\u00e7\u00e3o do Com\u00e9rcio de Bens, Servi\u00e7os e Turismo do Estado de S\u00e3o Paulo, Sarina Sasaki, que participou do debate na Comiss\u00e3o de Ind\u00fastria, Com\u00e9rcio e Servi\u00e7os, criticou a ideia do Simples como ren\u00fancia fiscal e afirmou que o tratamento diferenciado \u00e9 um dever constitucional.<\/p>\n\n\n\n<p>&#8220;O que a gente est\u00e1 pedindo \u00e9 a mera atualiza\u00e7\u00e3o monet\u00e1ria. Toda vez que valores expressos em reais n\u00e3o s\u00e3o devidamente atualizados, na verdade, a gente tem um aumento de arrecada\u00e7\u00e3o sem um efetivo crescimento dessas empresas.&#8221;<\/p>\n\n\n\n<p>Ela ressaltou ainda que o projeto, que aguarda vota\u00e7\u00e3o no Plen\u00e1rio da C\u00e2mara, tamb\u00e9m prev\u00ea um mecanismo de atualiza\u00e7\u00e3o constante para evitar futuras discuss\u00f5es.<\/p>\n\n\n\n<p>J\u00e1 aprovado pelo Senado, o projeto altera o Estatuto da Micro e Pequena Empresa para fixar em&nbsp; pouco mais de R$ 8,5 milh\u00f5es o novo teto para o enquadramento de empresas de pequeno porte no Simples. O texto tamb\u00e9m altera os anexos da lei que tratam das al\u00edquotas e da partilha do Simples Nacional, determinando igualmente a atualiza\u00e7\u00e3o anual.<\/p>\n\n\n\n<p>Durante a audi\u00eancia p\u00fablica, proposta pelos deputados Julio Lopes (PP-RJ) e Any Ortiz (Cidadania-RS), as entidades tamb\u00e9m pediram a cria\u00e7\u00e3o de mecanismos de transi\u00e7\u00e3o, como uma &#8220;rampa&#8221;, para suavizar a passagem entre o Simples e o sistema padr\u00e3o de tributa\u00e7\u00e3o pelo lucro das empresas. A ideia \u00e9 evitar o chamado nanismo tribut\u00e1rio, situa\u00e7\u00e3o em que o contribuinte n\u00e3o tem interesse em aumentar sua receita bruta para n\u00e3o passar para o regime tribut\u00e1rio comum, com carga tribut\u00e1ria maior.<\/p>\n\n\n\n<p>Presidente da C\u00e2mara de Dirigentes Log\u00edsticas de Porto Alegre e da Federa\u00e7\u00e3o das Associa\u00e7\u00f5es Ga\u00fachas do Varejo (FCDL-RS), Irio Piva disse que a falta de atualiza\u00e7\u00e3o monet\u00e1ria do limite acaba criando um dilema para os empreendedores, levando-os a frear o crescimento.<\/p>\n\n\n\n<p>&#8220;Quando est\u00e1 chegando ali perto do limite, ela simplesmente segura, para de crescer, e o pa\u00eds est\u00e1 perdendo, com certeza&#8221;.<\/p>\n\n\n\n<p>Presidente da Comiss\u00e3o de Ind\u00fastria, Com\u00e9rcio e Servi\u00e7os, o deputado Z\u00e9 Adriano (PP-AC) refor\u00e7ou a import\u00e2ncia do Simples Nacional como instrumento de simplifica\u00e7\u00e3o tribut\u00e1ria e de incentivo \u00e0 formaliza\u00e7\u00e3o de micro e pequenas empresas, mas sustentou que a indefini\u00e7\u00e3o sobre a atualiza\u00e7\u00e3o dos limites tem gerado distor\u00e7\u00f5es econ\u00f4micas.<\/p>\n\n\n\n<p>Da R\u00e1dio C\u00e2mara, de Bras\u00edlia, Murilo Souza<\/p>\n","protected":false},"excerpt":{"rendered":"<p>Representantes de federa\u00e7\u00f5es e associa\u00e7\u00f5es comerciais defenderam na C\u00e2mara dos Deputados a aprova\u00e7\u00e3o de um Projeto de Lei Complementar (PLP<\/p>\n","protected":false},"author":2,"featured_media":8880,"comment_status":"open","ping_status":"open","sticky":false,"template":"","format":"standard","meta":{"jetpack_post_was_ever_published":false,"_jetpack_newsletter_access":"","_jetpack_dont_email_post_to_subs":false,"_jetpack_newsletter_tier_id":0,"_jetpack_memberships_contains_paywalled_content":false,"_jetpack_memberships_contains_paid_content":false,"footnotes":"","jetpack_publicize_message":"","jetpack_publicize_feature_enabled":true,"jetpack_social_post_already_shared":true,"jetpack_social_options":{"image_generator_settings":{"template":"highway","default_image_id":0,"font":"","enabled":false},"version":2}},"categories":[36],"tags":[],"class_list":["post-69138","post","type-post","status-publish","format-standard","has-post-thumbnail","hentry","category-economia"],"yoast_head":"<!-- This site is optimized with the Yoast SEO plugin v27.5 - https:\/\/yoast.com\/product\/yoast-seo-wordpress\/ -->\n<title>Representantes de empresas de pequeno porte pedem a deputados atualiza\u00e7\u00e3o do limite do Simples - Afogados FM<\/title>\n<meta name=\"robots\" content=\"index, follow, max-snippet:-1, max-image-preview:large, max-video-preview:-1\" \/>\n<link rel=\"canonical\" href=\"https:\/\/afogadosfm.com.br\/afogadosfm\/2025\/09\/18\/representantes-de-empresas-de-pequeno-porte-pedem-a-deputados-atualizacao-do-limite-do-simples\/\" \/>\n<meta property=\"og:locale\" content=\"pt_BR\" \/>\n<meta property=\"og:type\" content=\"article\" \/>\n<meta property=\"og:title\" content=\"Representantes de empresas de pequeno porte pedem a deputados atualiza\u00e7\u00e3o do limite do Simples - Afogados FM\" \/>\n<meta property=\"og:description\" content=\"Representantes de federa\u00e7\u00f5es e associa\u00e7\u00f5es comerciais defenderam na C\u00e2mara dos Deputados a aprova\u00e7\u00e3o de um Projeto de Lei Complementar (PLP\" \/>\n<meta property=\"og:url\" content=\"https:\/\/afogadosfm.com.br\/afogadosfm\/2025\/09\/18\/representantes-de-empresas-de-pequeno-porte-pedem-a-deputados-atualizacao-do-limite-do-simples\/\" \/>\n<meta property=\"og:site_name\" content=\"Afogados FM\" \/>\n<meta property=\"article:published_time\" content=\"2025-09-18T09:29:21+00:00\" \/>\n<meta property=\"article:modified_time\" content=\"2025-09-18T09:29:22+00:00\" \/>\n<meta property=\"og:image\" content=\"https:\/\/afogadosfm.com.br\/afogadosfm\/wp-content\/uploads\/2019\/02\/congresso_nacional.jpg\" \/>\n\t<meta property=\"og:image:width\" content=\"1140\" \/>\n\t<meta property=\"og:image:height\" content=\"760\" \/>\n\t<meta property=\"og:image:type\" content=\"image\/jpeg\" \/>\n<meta name=\"author\" content=\"afogadosfm\" \/>\n<meta name=\"twitter:card\" content=\"summary_large_image\" \/>\n<meta name=\"twitter:label1\" content=\"Escrito por\" \/>\n\t<meta name=\"twitter:data1\" content=\"afogadosfm\" \/>\n\t<meta name=\"twitter:label2\" content=\"Est. tempo de leitura\" \/>\n\t<meta name=\"twitter:data2\" content=\"3 minutos\" \/>\n<script type=\"application\/ld+json\" class=\"yoast-schema-graph\">{\"@context\":\"https:\\\/\\\/schema.org\",\"@graph\":[{\"@type\":\"Article\",\"@id\":\"https:\\\/\\\/afogadosfm.com.br\\\/afogadosfm\\\/2025\\\/09\\\/18\\\/representantes-de-empresas-de-pequeno-porte-pedem-a-deputados-atualizacao-do-limite-do-simples\\\/#article\",\"isPartOf\":{\"@id\":\"https:\\\/\\\/afogadosfm.com.br\\\/afogadosfm\\\/2025\\\/09\\\/18\\\/representantes-de-empresas-de-pequeno-porte-pedem-a-deputados-atualizacao-do-limite-do-simples\\\/\"},\"author\":{\"name\":\"afogadosfm\",\"@id\":\"https:\\\/\\\/afogadosfm.com.br\\\/afogadosfm\\\/#\\\/schema\\\/person\\\/60e56f2cf5dc960fc093fe093d9e9057\"},\"headline\":\"Representantes de empresas de pequeno porte pedem a deputados atualiza\u00e7\u00e3o do limite do Simples\",\"datePublished\":\"2025-09-18T09:29:21+00:00\",\"dateModified\":\"2025-09-18T09:29:22+00:00\",\"mainEntityOfPage\":{\"@id\":\"https:\\\/\\\/afogadosfm.com.br\\\/afogadosfm\\\/2025\\\/09\\\/18\\\/representantes-de-empresas-de-pequeno-porte-pedem-a-deputados-atualizacao-do-limite-do-simples\\\/\"},\"wordCount\":500,\"commentCount\":0,\"publisher\":{\"@id\":\"https:\\\/\\\/afogadosfm.com.br\\\/afogadosfm\\\/#organization\"},\"image\":{\"@id\":\"https:\\\/\\\/afogadosfm.com.br\\\/afogadosfm\\\/2025\\\/09\\\/18\\\/representantes-de-empresas-de-pequeno-porte-pedem-a-deputados-atualizacao-do-limite-do-simples\\\/#primaryimage\"},\"thumbnailUrl\":\"https:\\\/\\\/i0.wp.com\\\/afogadosfm.com.br\\\/afogadosfm\\\/wp-content\\\/uploads\\\/2019\\\/02\\\/congresso_nacional.jpg?fit=1140%2C760&ssl=1\",\"articleSection\":[\"Economia\"],\"inLanguage\":\"pt-BR\",\"potentialAction\":[{\"@type\":\"CommentAction\",\"name\":\"Comment\",\"target\":[\"https:\\\/\\\/afogadosfm.com.br\\\/afogadosfm\\\/2025\\\/09\\\/18\\\/representantes-de-empresas-de-pequeno-porte-pedem-a-deputados-atualizacao-do-limite-do-simples\\\/#respond\"]}]},{\"@type\":\"WebPage\",\"@id\":\"https:\\\/\\\/afogadosfm.com.br\\\/afogadosfm\\\/2025\\\/09\\\/18\\\/representantes-de-empresas-de-pequeno-porte-pedem-a-deputados-atualizacao-do-limite-do-simples\\\/\",\"url\":\"https:\\\/\\\/afogadosfm.com.br\\\/afogadosfm\\\/2025\\\/09\\\/18\\\/representantes-de-empresas-de-pequeno-porte-pedem-a-deputados-atualizacao-do-limite-do-simples\\\/\",\"name\":\"Representantes de empresas de pequeno porte pedem a deputados atualiza\u00e7\u00e3o do limite do Simples - Afogados FM\",\"isPartOf\":{\"@id\":\"https:\\\/\\\/afogadosfm.com.br\\\/afogadosfm\\\/#website\"},\"primaryImageOfPage\":{\"@id\":\"https:\\\/\\\/afogadosfm.com.br\\\/afogadosfm\\\/2025\\\/09\\\/18\\\/representantes-de-empresas-de-pequeno-porte-pedem-a-deputados-atualizacao-do-limite-do-simples\\\/#primaryimage\"},\"image\":{\"@id\":\"https:\\\/\\\/afogadosfm.com.br\\\/afogadosfm\\\/2025\\\/09\\\/18\\\/representantes-de-empresas-de-pequeno-porte-pedem-a-deputados-atualizacao-do-limite-do-simples\\\/#primaryimage\"},\"thumbnailUrl\":\"https:\\\/\\\/i0.wp.com\\\/afogadosfm.com.br\\\/afogadosfm\\\/wp-content\\\/uploads\\\/2019\\\/02\\\/congresso_nacional.jpg?fit=1140%2C760&ssl=1\",\"datePublished\":\"2025-09-18T09:29:21+00:00\",\"dateModified\":\"2025-09-18T09:29:22+00:00\",\"breadcrumb\":{\"@id\":\"https:\\\/\\\/afogadosfm.com.br\\\/afogadosfm\\\/2025\\\/09\\\/18\\\/representantes-de-empresas-de-pequeno-porte-pedem-a-deputados-atualizacao-do-limite-do-simples\\\/#breadcrumb\"},\"inLanguage\":\"pt-BR\",\"potentialAction\":[{\"@type\":\"ReadAction\",\"target\":[\"https:\\\/\\\/afogadosfm.com.br\\\/afogadosfm\\\/2025\\\/09\\\/18\\\/representantes-de-empresas-de-pequeno-porte-pedem-a-deputados-atualizacao-do-limite-do-simples\\\/\"]}]},{\"@type\":\"ImageObject\",\"inLanguage\":\"pt-BR\",\"@id\":\"https:\\\/\\\/afogadosfm.com.br\\\/afogadosfm\\\/2025\\\/09\\\/18\\\/representantes-de-empresas-de-pequeno-porte-pedem-a-deputados-atualizacao-do-limite-do-simples\\\/#primaryimage\",\"url\":\"https:\\\/\\\/i0.wp.com\\\/afogadosfm.com.br\\\/afogadosfm\\\/wp-content\\\/uploads\\\/2019\\\/02\\\/congresso_nacional.jpg?fit=1140%2C760&ssl=1\",\"contentUrl\":\"https:\\\/\\\/i0.wp.com\\\/afogadosfm.com.br\\\/afogadosfm\\\/wp-content\\\/uploads\\\/2019\\\/02\\\/congresso_nacional.jpg?fit=1140%2C760&ssl=1\",\"width\":1140,\"height\":760},{\"@type\":\"BreadcrumbList\",\"@id\":\"https:\\\/\\\/afogadosfm.com.br\\\/afogadosfm\\\/2025\\\/09\\\/18\\\/representantes-de-empresas-de-pequeno-porte-pedem-a-deputados-atualizacao-do-limite-do-simples\\\/#breadcrumb\",\"itemListElement\":[{\"@type\":\"ListItem\",\"position\":1,\"name\":\"In\u00edcio\",\"item\":\"https:\\\/\\\/afogadosfm.com.br\\\/afogadosfm\\\/\"},{\"@type\":\"ListItem\",\"position\":2,\"name\":\"Representantes de empresas de pequeno porte pedem a deputados atualiza\u00e7\u00e3o do limite do Simples\"}]},{\"@type\":\"WebSite\",\"@id\":\"https:\\\/\\\/afogadosfm.com.br\\\/afogadosfm\\\/#website\",\"url\":\"https:\\\/\\\/afogadosfm.com.br\\\/afogadosfm\\\/\",\"name\":\"Afogados FM\",\"description\":\"Um site completo!\",\"publisher\":{\"@id\":\"https:\\\/\\\/afogadosfm.com.br\\\/afogadosfm\\\/#organization\"},\"potentialAction\":[{\"@type\":\"SearchAction\",\"target\":{\"@type\":\"EntryPoint\",\"urlTemplate\":\"https:\\\/\\\/afogadosfm.com.br\\\/afogadosfm\\\/?s={search_term_string}\"},\"query-input\":{\"@type\":\"PropertyValueSpecification\",\"valueRequired\":true,\"valueName\":\"search_term_string\"}}],\"inLanguage\":\"pt-BR\"},{\"@type\":\"Organization\",\"@id\":\"https:\\\/\\\/afogadosfm.com.br\\\/afogadosfm\\\/#organization\",\"name\":\"Afogados FM\",\"url\":\"https:\\\/\\\/afogadosfm.com.br\\\/afogadosfm\\\/\",\"logo\":{\"@type\":\"ImageObject\",\"inLanguage\":\"pt-BR\",\"@id\":\"https:\\\/\\\/afogadosfm.com.br\\\/afogadosfm\\\/#\\\/schema\\\/logo\\\/image\\\/\",\"url\":\"https:\\\/\\\/i0.wp.com\\\/afogadosfm.com.br\\\/afogadosfm\\\/wp-content\\\/uploads\\\/2020\\\/06\\\/cropped-banner-afogados-4.jpg?fit=369%2C137&ssl=1\",\"contentUrl\":\"https:\\\/\\\/i0.wp.com\\\/afogadosfm.com.br\\\/afogadosfm\\\/wp-content\\\/uploads\\\/2020\\\/06\\\/cropped-banner-afogados-4.jpg?fit=369%2C137&ssl=1\",\"width\":369,\"height\":137,\"caption\":\"Afogados FM\"},\"image\":{\"@id\":\"https:\\\/\\\/afogadosfm.com.br\\\/afogadosfm\\\/#\\\/schema\\\/logo\\\/image\\\/\"}},{\"@type\":\"Person\",\"@id\":\"https:\\\/\\\/afogadosfm.com.br\\\/afogadosfm\\\/#\\\/schema\\\/person\\\/60e56f2cf5dc960fc093fe093d9e9057\",\"name\":\"afogadosfm\",\"image\":{\"@type\":\"ImageObject\",\"inLanguage\":\"pt-BR\",\"@id\":\"https:\\\/\\\/secure.gravatar.com\\\/avatar\\\/e0359add7ed5dc3560906d861b52c6a8cf5c1e199d3a7dd85070998f49bd4701?s=96&d=mm&r=g\",\"url\":\"https:\\\/\\\/secure.gravatar.com\\\/avatar\\\/e0359add7ed5dc3560906d861b52c6a8cf5c1e199d3a7dd85070998f49bd4701?s=96&d=mm&r=g\",\"contentUrl\":\"https:\\\/\\\/secure.gravatar.com\\\/avatar\\\/e0359add7ed5dc3560906d861b52c6a8cf5c1e199d3a7dd85070998f49bd4701?s=96&d=mm&r=g\",\"caption\":\"afogadosfm\"},\"url\":\"https:\\\/\\\/afogadosfm.com.br\\\/afogadosfm\\\/author\\\/afogadosfm\\\/\"}]}<\/script>\n<!-- \/ Yoast SEO plugin. -->","yoast_head_json":{"title":"Representantes de empresas de pequeno porte pedem a deputados atualiza\u00e7\u00e3o do limite do Simples - Afogados FM","robots":{"index":"index","follow":"follow","max-snippet":"max-snippet:-1","max-image-preview":"max-image-preview:large","max-video-preview":"max-video-preview:-1"},"canonical":"https:\/\/afogadosfm.com.br\/afogadosfm\/2025\/09\/18\/representantes-de-empresas-de-pequeno-porte-pedem-a-deputados-atualizacao-do-limite-do-simples\/","og_locale":"pt_BR","og_type":"article","og_title":"Representantes de empresas de pequeno porte pedem a deputados atualiza\u00e7\u00e3o do limite do Simples - Afogados FM","og_description":"Representantes de federa\u00e7\u00f5es e associa\u00e7\u00f5es comerciais defenderam na C\u00e2mara dos Deputados a aprova\u00e7\u00e3o de um Projeto de Lei Complementar (PLP","og_url":"https:\/\/afogadosfm.com.br\/afogadosfm\/2025\/09\/18\/representantes-de-empresas-de-pequeno-porte-pedem-a-deputados-atualizacao-do-limite-do-simples\/","og_site_name":"Afogados FM","article_published_time":"2025-09-18T09:29:21+00:00","article_modified_time":"2025-09-18T09:29:22+00:00","og_image":[{"width":1140,"height":760,"url":"https:\/\/afogadosfm.com.br\/afogadosfm\/wp-content\/uploads\/2019\/02\/congresso_nacional.jpg","type":"image\/jpeg"}],"author":"afogadosfm","twitter_card":"summary_large_image","twitter_misc":{"Escrito por":"afogadosfm","Est. tempo de leitura":"3 minutos"},"schema":{"@context":"https:\/\/schema.org","@graph":[{"@type":"Article","@id":"https:\/\/afogadosfm.com.br\/afogadosfm\/2025\/09\/18\/representantes-de-empresas-de-pequeno-porte-pedem-a-deputados-atualizacao-do-limite-do-simples\/#article","isPartOf":{"@id":"https:\/\/afogadosfm.com.br\/afogadosfm\/2025\/09\/18\/representantes-de-empresas-de-pequeno-porte-pedem-a-deputados-atualizacao-do-limite-do-simples\/"},"author":{"name":"afogadosfm","@id":"https:\/\/afogadosfm.com.br\/afogadosfm\/#\/schema\/person\/60e56f2cf5dc960fc093fe093d9e9057"},"headline":"Representantes de empresas de pequeno porte pedem a deputados atualiza\u00e7\u00e3o do limite do Simples","datePublished":"2025-09-18T09:29:21+00:00","dateModified":"2025-09-18T09:29:22+00:00","mainEntityOfPage":{"@id":"https:\/\/afogadosfm.com.br\/afogadosfm\/2025\/09\/18\/representantes-de-empresas-de-pequeno-porte-pedem-a-deputados-atualizacao-do-limite-do-simples\/"},"wordCount":500,"commentCount":0,"publisher":{"@id":"https:\/\/afogadosfm.com.br\/afogadosfm\/#organization"},"image":{"@id":"https:\/\/afogadosfm.com.br\/afogadosfm\/2025\/09\/18\/representantes-de-empresas-de-pequeno-porte-pedem-a-deputados-atualizacao-do-limite-do-simples\/#primaryimage"},"thumbnailUrl":"https:\/\/i0.wp.com\/afogadosfm.com.br\/afogadosfm\/wp-content\/uploads\/2019\/02\/congresso_nacional.jpg?fit=1140%2C760&ssl=1","articleSection":["Economia"],"inLanguage":"pt-BR","potentialAction":[{"@type":"CommentAction","name":"Comment","target":["https:\/\/afogadosfm.com.br\/afogadosfm\/2025\/09\/18\/representantes-de-empresas-de-pequeno-porte-pedem-a-deputados-atualizacao-do-limite-do-simples\/#respond"]}]},{"@type":"WebPage","@id":"https:\/\/afogadosfm.com.br\/afogadosfm\/2025\/09\/18\/representantes-de-empresas-de-pequeno-porte-pedem-a-deputados-atualizacao-do-limite-do-simples\/","url":"https:\/\/afogadosfm.com.br\/afogadosfm\/2025\/09\/18\/representantes-de-empresas-de-pequeno-porte-pedem-a-deputados-atualizacao-do-limite-do-simples\/","name":"Representantes de empresas de pequeno porte pedem a deputados atualiza\u00e7\u00e3o do limite do Simples - Afogados FM","isPartOf":{"@id":"https:\/\/afogadosfm.com.br\/afogadosfm\/#website"},"primaryImageOfPage":{"@id":"https:\/\/afogadosfm.com.br\/afogadosfm\/2025\/09\/18\/representantes-de-empresas-de-pequeno-porte-pedem-a-deputados-atualizacao-do-limite-do-simples\/#primaryimage"},"image":{"@id":"https:\/\/afogadosfm.com.br\/afogadosfm\/2025\/09\/18\/representantes-de-empresas-de-pequeno-porte-pedem-a-deputados-atualizacao-do-limite-do-simples\/#primaryimage"},"thumbnailUrl":"https:\/\/i0.wp.com\/afogadosfm.com.br\/afogadosfm\/wp-content\/uploads\/2019\/02\/congresso_nacional.jpg?fit=1140%2C760&ssl=1","datePublished":"2025-09-18T09:29:21+00:00","dateModified":"2025-09-18T09:29:22+00:00","breadcrumb":{"@id":"https:\/\/afogadosfm.com.br\/afogadosfm\/2025\/09\/18\/representantes-de-empresas-de-pequeno-porte-pedem-a-deputados-atualizacao-do-limite-do-simples\/#breadcrumb"},"inLanguage":"pt-BR","potentialAction":[{"@type":"ReadAction","target":["https:\/\/afogadosfm.com.br\/afogadosfm\/2025\/09\/18\/representantes-de-empresas-de-pequeno-porte-pedem-a-deputados-atualizacao-do-limite-do-simples\/"]}]},{"@type":"ImageObject","inLanguage":"pt-BR","@id":"https:\/\/afogadosfm.com.br\/afogadosfm\/2025\/09\/18\/representantes-de-empresas-de-pequeno-porte-pedem-a-deputados-atualizacao-do-limite-do-simples\/#primaryimage","url":"https:\/\/i0.wp.com\/afogadosfm.com.br\/afogadosfm\/wp-content\/uploads\/2019\/02\/congresso_nacional.jpg?fit=1140%2C760&ssl=1","contentUrl":"https:\/\/i0.wp.com\/afogadosfm.com.br\/afogadosfm\/wp-content\/uploads\/2019\/02\/congresso_nacional.jpg?fit=1140%2C760&ssl=1","width":1140,"height":760},{"@type":"BreadcrumbList","@id":"https:\/\/afogadosfm.com.br\/afogadosfm\/2025\/09\/18\/representantes-de-empresas-de-pequeno-porte-pedem-a-deputados-atualizacao-do-limite-do-simples\/#breadcrumb","itemListElement":[{"@type":"ListItem","position":1,"name":"In\u00edcio","item":"https:\/\/afogadosfm.com.br\/afogadosfm\/"},{"@type":"ListItem","position":2,"name":"Representantes de empresas de pequeno porte pedem a deputados atualiza\u00e7\u00e3o do limite do Simples"}]},{"@type":"WebSite","@id":"https:\/\/afogadosfm.com.br\/afogadosfm\/#website","url":"https:\/\/afogadosfm.com.br\/afogadosfm\/","name":"Afogados FM","description":"Um site completo!","publisher":{"@id":"https:\/\/afogadosfm.com.br\/afogadosfm\/#organization"},"potentialAction":[{"@type":"SearchAction","target":{"@type":"EntryPoint","urlTemplate":"https:\/\/afogadosfm.com.br\/afogadosfm\/?s={search_term_string}"},"query-input":{"@type":"PropertyValueSpecification","valueRequired":true,"valueName":"search_term_string"}}],"inLanguage":"pt-BR"},{"@type":"Organization","@id":"https:\/\/afogadosfm.com.br\/afogadosfm\/#organization","name":"Afogados FM","url":"https:\/\/afogadosfm.com.br\/afogadosfm\/","logo":{"@type":"ImageObject","inLanguage":"pt-BR","@id":"https:\/\/afogadosfm.com.br\/afogadosfm\/#\/schema\/logo\/image\/","url":"https:\/\/i0.wp.com\/afogadosfm.com.br\/afogadosfm\/wp-content\/uploads\/2020\/06\/cropped-banner-afogados-4.jpg?fit=369%2C137&ssl=1","contentUrl":"https:\/\/i0.wp.com\/afogadosfm.com.br\/afogadosfm\/wp-content\/uploads\/2020\/06\/cropped-banner-afogados-4.jpg?fit=369%2C137&ssl=1","width":369,"height":137,"caption":"Afogados FM"},"image":{"@id":"https:\/\/afogadosfm.com.br\/afogadosfm\/#\/schema\/logo\/image\/"}},{"@type":"Person","@id":"https:\/\/afogadosfm.com.br\/afogadosfm\/#\/schema\/person\/60e56f2cf5dc960fc093fe093d9e9057","name":"afogadosfm","image":{"@type":"ImageObject","inLanguage":"pt-BR","@id":"https:\/\/secure.gravatar.com\/avatar\/e0359add7ed5dc3560906d861b52c6a8cf5c1e199d3a7dd85070998f49bd4701?s=96&d=mm&r=g","url":"https:\/\/secure.gravatar.com\/avatar\/e0359add7ed5dc3560906d861b52c6a8cf5c1e199d3a7dd85070998f49bd4701?s=96&d=mm&r=g","contentUrl":"https:\/\/secure.gravatar.com\/avatar\/e0359add7ed5dc3560906d861b52c6a8cf5c1e199d3a7dd85070998f49bd4701?s=96&d=mm&r=g","caption":"afogadosfm"},"url":"https:\/\/afogadosfm.com.br\/afogadosfm\/author\/afogadosfm\/"}]}},"jetpack_publicize_connections":[],"jetpack_featured_media_url":"https:\/\/i0.wp.com\/afogadosfm.com.br\/afogadosfm\/wp-content\/uploads\/2019\/02\/congresso_nacional.jpg?fit=1140%2C760&ssl=1","jetpack-related-posts":[],"jetpack_sharing_enabled":true,"jetpack_likes_enabled":true,"_links":{"self":[{"href":"https:\/\/afogadosfm.com.br\/afogadosfm\/wp-json\/wp\/v2\/posts\/69138","targetHints":{"allow":["GET"]}}],"collection":[{"href":"https:\/\/afogadosfm.com.br\/afogadosfm\/wp-json\/wp\/v2\/posts"}],"about":[{"href":"https:\/\/afogadosfm.com.br\/afogadosfm\/wp-json\/wp\/v2\/types\/post"}],"author":[{"embeddable":true,"href":"https:\/\/afogadosfm.com.br\/afogadosfm\/wp-json\/wp\/v2\/users\/2"}],"replies":[{"embeddable":true,"href":"https:\/\/afogadosfm.com.br\/afogadosfm\/wp-json\/wp\/v2\/comments?post=69138"}],"version-history":[{"count":1,"href":"https:\/\/afogadosfm.com.br\/afogadosfm\/wp-json\/wp\/v2\/posts\/69138\/revisions"}],"predecessor-version":[{"id":69139,"href":"https:\/\/afogadosfm.com.br\/afogadosfm\/wp-json\/wp\/v2\/posts\/69138\/revisions\/69139"}],"wp:featuredmedia":[{"embeddable":true,"href":"https:\/\/afogadosfm.com.br\/afogadosfm\/wp-json\/wp\/v2\/media\/8880"}],"wp:attachment":[{"href":"https:\/\/afogadosfm.com.br\/afogadosfm\/wp-json\/wp\/v2\/media?parent=69138"}],"wp:term":[{"taxonomy":"category","embeddable":true,"href":"https:\/\/afogadosfm.com.br\/afogadosfm\/wp-json\/wp\/v2\/categories?post=69138"},{"taxonomy":"post_tag","embeddable":true,"href":"https:\/\/afogadosfm.com.br\/afogadosfm\/wp-json\/wp\/v2\/tags?post=69138"}],"curies":[{"name":"wp","href":"https:\/\/api.w.org\/{rel}","templated":true}]}}