{"id":69140,"date":"2025-09-18T06:33:16","date_gmt":"2025-09-18T09:33:16","guid":{"rendered":"https:\/\/afogadosfm.com.br\/afogadosfm\/?p=69140"},"modified":"2025-09-18T06:33:17","modified_gmt":"2025-09-18T09:33:17","slug":"isencao-da-conta-de-luz-beneficia-milhoes-de-familias-de-baixa-renda","status":"publish","type":"post","link":"https:\/\/afogadosfm.com.br\/afogadosfm\/2025\/09\/18\/isencao-da-conta-de-luz-beneficia-milhoes-de-familias-de-baixa-renda\/","title":{"rendered":"Isen\u00e7\u00e3o da conta de luz beneficia milh\u00f5es de fam\u00edlias de baixa renda"},"content":{"rendered":"\n<p>O Plen\u00e1rio do Senado aprovou nesta quarta-feira (17) a medida provis\u00f3ria que garante isen\u00e7\u00e3o total da conta de luz para fam\u00edlias de baixa renda que consumirem at\u00e9 80 quilowatts-hora mensais (<a href=\"https:\/\/www.congressonacional.leg.br\/materias\/medidas-provisorias\/-\/mpv\/168719\" target=\"_blank\" rel=\"noreferrer noopener\">MP 1.300\/2025<\/a>). A gratuidade concedida desde julho vale para inscritos do Cadastro \u00danico e do Benef\u00edcio de Presta\u00e7\u00e3o Continuada, al\u00e9m de fam\u00edlias ind\u00edgenas e quilombolas que tenham esse consumo m\u00ednimo. O presidente da comiss\u00e3o mista da MP, senador Eduardo Braga (MDB-AM), explicou que a conta de luz deve estar no nome de quem est\u00e1 inscrito no Cadastro \u00danico.\u00a0J\u00e1 o l\u00edder do PT, senador Rog\u00e9rio Carvalho (SE), disse que a isen\u00e7\u00e3o da conta de luz acaba com a chamada &#8220;pobreza energ\u00e9tica&#8221;. O projeto segue para a san\u00e7\u00e3o presidencial.<\/p>\n\n\n\n<p>Os senadores aprovaram a medida provis\u00f3ria que garante isen\u00e7\u00e3o total da conta de luz para fam\u00edlias de baixa renda que consomem at\u00e9 80 quilowatts-hora por m\u00eas. Atualmente, a Tarifa Social prev\u00ea descontos de 10% a 65% para o gasto mensal de at\u00e9 220 kWh de energia el\u00e9trica. A MP tamb\u00e9m livra do pagamento da Conta de Desenvolvimento Energ\u00e9tico (CDE) os inscritos do Cadastro \u00danico que tenham renda entre meio e um sal\u00e1rio m\u00ednimo e com consumo de at\u00e9 120 kWh mensais. <\/p>\n\n\n\n<p>Segundo o governo, esse desconto representar\u00e1 uma economia de at\u00e9 5%. O presidente da comiss\u00e3o mista da medida provis\u00f3ria, senador Eduardo Braga, do MDB do Amazonas, explicou que a conta de luz deve estar no nome do inscrito no Cadastro \u00danico.\u00a0 Essa medida provis\u00f3ria assegura tarifa social para mais 80 milh\u00f5es de brasileiros. Portanto, \u00e9 uma redu\u00e7\u00e3o na conta de energia el\u00e9trica que vai ajudar muito aqueles que s\u00e3o os mais humildes, que s\u00e3o os que ganham menos.<\/p>\n\n\n\n<p>Basta que ele esteja no Cad \u00danico, no Cadastro \u00danico, que d\u00e1 benef\u00edcio do Bolsa-Fam\u00edlia, que d\u00e1 benef\u00edcio do Vale-g\u00e1s, que d\u00e1 benef\u00edcio. Enfim, o Cad \u00danico \u00e9 o que ele precisa.\u00a0 A medida provis\u00f3ria tamb\u00e9m define tarifas diferenciadas por hor\u00e1rio de consumo, fornecimento de energia pr\u00e9-paga e diferentes tipos de cobran\u00e7a de acordo com crit\u00e9rios de local e de complexidade. A MP ainda estabelece regras para descontos especiais e a isen\u00e7\u00e3o para comunidades rurais, ind\u00edgenas e quilombolas. <\/p>\n\n\n\n<p>O l\u00edder do PT, senador Rog\u00e9rio Carvalho, de Sergipe, ressaltou a import\u00e2ncia da conta de luz zerada para as fam\u00edlias de baixa renda.\u00a0 Vai permitir que milh\u00f5es de fam\u00edlias saiam na pobreza energ\u00e9tica. Isso significa que essas pessoas v\u00e3o poder ter alguns eletrodom\u00e9sticos, alguns eletr\u00f4nicos que s\u00e3o fundamentais no dia a dia das pessoas numa sociedade moderna. \u00c9 inclus\u00e3o social, inclus\u00e3o digital, melhoria.\u00a0 Segundo o governo, a gratuidade total da conta de luz beneficia 4,5 milh\u00f5es de fam\u00edlias, enquanto outras 17 milh\u00f5es com direito \u00e0 tarifa social s\u00f3 pagam o consumo que passar de 80 quilowatts-hora mensalmente. O projeto segue para a san\u00e7\u00e3o presidencial. Da R\u00e1dio Senado, H\u00e9rica Christian.\u00a0<\/p>\n","protected":false},"excerpt":{"rendered":"<p>O Plen\u00e1rio do Senado aprovou nesta quarta-feira (17) a medida provis\u00f3ria que garante isen\u00e7\u00e3o total da conta de luz para<\/p>\n","protected":false},"author":2,"featured_media":5972,"comment_status":"open","ping_status":"open","sticky":false,"template":"","format":"standard","meta":{"jetpack_post_was_ever_published":false,"_jetpack_newsletter_access":"","_jetpack_dont_email_post_to_subs":false,"_jetpack_newsletter_tier_id":0,"_jetpack_memberships_contains_paywalled_content":false,"_jetpack_memberships_contains_paid_content":false,"footnotes":"","jetpack_publicize_message":"","jetpack_publicize_feature_enabled":true,"jetpack_social_post_already_shared":true,"jetpack_social_options":{"image_generator_settings":{"template":"highway","default_image_id":0,"font":"","enabled":false},"version":2}},"categories":[12],"tags":[],"class_list":["post-69140","post","type-post","status-publish","format-standard","has-post-thumbnail","hentry","category-brasil"],"yoast_head":"<!-- This site is optimized with the Yoast SEO plugin v27.5 - https:\/\/yoast.com\/product\/yoast-seo-wordpress\/ -->\n<title>Isen\u00e7\u00e3o da conta de luz beneficia milh\u00f5es de fam\u00edlias de baixa renda - Afogados FM<\/title>\n<meta name=\"robots\" content=\"index, follow, max-snippet:-1, max-image-preview:large, max-video-preview:-1\" \/>\n<link rel=\"canonical\" href=\"https:\/\/afogadosfm.com.br\/afogadosfm\/2025\/09\/18\/isencao-da-conta-de-luz-beneficia-milhoes-de-familias-de-baixa-renda\/\" \/>\n<meta property=\"og:locale\" content=\"pt_BR\" \/>\n<meta property=\"og:type\" content=\"article\" \/>\n<meta property=\"og:title\" content=\"Isen\u00e7\u00e3o da conta de luz beneficia milh\u00f5es de fam\u00edlias de baixa renda - Afogados FM\" \/>\n<meta property=\"og:description\" content=\"O Plen\u00e1rio do Senado aprovou nesta quarta-feira (17) a medida provis\u00f3ria que garante isen\u00e7\u00e3o total da conta de luz para\" \/>\n<meta property=\"og:url\" content=\"https:\/\/afogadosfm.com.br\/afogadosfm\/2025\/09\/18\/isencao-da-conta-de-luz-beneficia-milhoes-de-familias-de-baixa-renda\/\" \/>\n<meta property=\"og:site_name\" content=\"Afogados FM\" \/>\n<meta property=\"article:published_time\" content=\"2025-09-18T09:33:16+00:00\" \/>\n<meta property=\"article:modified_time\" content=\"2025-09-18T09:33:17+00:00\" \/>\n<meta property=\"og:image\" content=\"https:\/\/afogadosfm.com.br\/afogadosfm\/wp-content\/uploads\/2018\/08\/luz-1.jpg\" \/>\n\t<meta property=\"og:image:width\" content=\"300\" \/>\n\t<meta property=\"og:image:height\" content=\"246\" \/>\n\t<meta property=\"og:image:type\" content=\"image\/jpeg\" \/>\n<meta name=\"author\" content=\"afogadosfm\" \/>\n<meta name=\"twitter:card\" content=\"summary_large_image\" \/>\n<meta name=\"twitter:label1\" content=\"Escrito por\" \/>\n\t<meta name=\"twitter:data1\" content=\"afogadosfm\" \/>\n\t<meta name=\"twitter:label2\" content=\"Est. tempo de leitura\" \/>\n\t<meta name=\"twitter:data2\" content=\"3 minutos\" \/>\n<script type=\"application\/ld+json\" class=\"yoast-schema-graph\">{\"@context\":\"https:\\\/\\\/schema.org\",\"@graph\":[{\"@type\":\"Article\",\"@id\":\"https:\\\/\\\/afogadosfm.com.br\\\/afogadosfm\\\/2025\\\/09\\\/18\\\/isencao-da-conta-de-luz-beneficia-milhoes-de-familias-de-baixa-renda\\\/#article\",\"isPartOf\":{\"@id\":\"https:\\\/\\\/afogadosfm.com.br\\\/afogadosfm\\\/2025\\\/09\\\/18\\\/isencao-da-conta-de-luz-beneficia-milhoes-de-familias-de-baixa-renda\\\/\"},\"author\":{\"name\":\"afogadosfm\",\"@id\":\"https:\\\/\\\/afogadosfm.com.br\\\/afogadosfm\\\/#\\\/schema\\\/person\\\/60e56f2cf5dc960fc093fe093d9e9057\"},\"headline\":\"Isen\u00e7\u00e3o da conta de luz beneficia milh\u00f5es de fam\u00edlias de baixa renda\",\"datePublished\":\"2025-09-18T09:33:16+00:00\",\"dateModified\":\"2025-09-18T09:33:17+00:00\",\"mainEntityOfPage\":{\"@id\":\"https:\\\/\\\/afogadosfm.com.br\\\/afogadosfm\\\/2025\\\/09\\\/18\\\/isencao-da-conta-de-luz-beneficia-milhoes-de-familias-de-baixa-renda\\\/\"},\"wordCount\":527,\"commentCount\":0,\"publisher\":{\"@id\":\"https:\\\/\\\/afogadosfm.com.br\\\/afogadosfm\\\/#organization\"},\"image\":{\"@id\":\"https:\\\/\\\/afogadosfm.com.br\\\/afogadosfm\\\/2025\\\/09\\\/18\\\/isencao-da-conta-de-luz-beneficia-milhoes-de-familias-de-baixa-renda\\\/#primaryimage\"},\"thumbnailUrl\":\"https:\\\/\\\/i0.wp.com\\\/afogadosfm.com.br\\\/afogadosfm\\\/wp-content\\\/uploads\\\/2018\\\/08\\\/luz-1.jpg?fit=300%2C246&ssl=1\",\"articleSection\":[\"Brasil\"],\"inLanguage\":\"pt-BR\",\"potentialAction\":[{\"@type\":\"CommentAction\",\"name\":\"Comment\",\"target\":[\"https:\\\/\\\/afogadosfm.com.br\\\/afogadosfm\\\/2025\\\/09\\\/18\\\/isencao-da-conta-de-luz-beneficia-milhoes-de-familias-de-baixa-renda\\\/#respond\"]}]},{\"@type\":\"WebPage\",\"@id\":\"https:\\\/\\\/afogadosfm.com.br\\\/afogadosfm\\\/2025\\\/09\\\/18\\\/isencao-da-conta-de-luz-beneficia-milhoes-de-familias-de-baixa-renda\\\/\",\"url\":\"https:\\\/\\\/afogadosfm.com.br\\\/afogadosfm\\\/2025\\\/09\\\/18\\\/isencao-da-conta-de-luz-beneficia-milhoes-de-familias-de-baixa-renda\\\/\",\"name\":\"Isen\u00e7\u00e3o da conta de luz beneficia milh\u00f5es de fam\u00edlias de baixa renda - Afogados FM\",\"isPartOf\":{\"@id\":\"https:\\\/\\\/afogadosfm.com.br\\\/afogadosfm\\\/#website\"},\"primaryImageOfPage\":{\"@id\":\"https:\\\/\\\/afogadosfm.com.br\\\/afogadosfm\\\/2025\\\/09\\\/18\\\/isencao-da-conta-de-luz-beneficia-milhoes-de-familias-de-baixa-renda\\\/#primaryimage\"},\"image\":{\"@id\":\"https:\\\/\\\/afogadosfm.com.br\\\/afogadosfm\\\/2025\\\/09\\\/18\\\/isencao-da-conta-de-luz-beneficia-milhoes-de-familias-de-baixa-renda\\\/#primaryimage\"},\"thumbnailUrl\":\"https:\\\/\\\/i0.wp.com\\\/afogadosfm.com.br\\\/afogadosfm\\\/wp-content\\\/uploads\\\/2018\\\/08\\\/luz-1.jpg?fit=300%2C246&ssl=1\",\"datePublished\":\"2025-09-18T09:33:16+00:00\",\"dateModified\":\"2025-09-18T09:33:17+00:00\",\"breadcrumb\":{\"@id\":\"https:\\\/\\\/afogadosfm.com.br\\\/afogadosfm\\\/2025\\\/09\\\/18\\\/isencao-da-conta-de-luz-beneficia-milhoes-de-familias-de-baixa-renda\\\/#breadcrumb\"},\"inLanguage\":\"pt-BR\",\"potentialAction\":[{\"@type\":\"ReadAction\",\"target\":[\"https:\\\/\\\/afogadosfm.com.br\\\/afogadosfm\\\/2025\\\/09\\\/18\\\/isencao-da-conta-de-luz-beneficia-milhoes-de-familias-de-baixa-renda\\\/\"]}]},{\"@type\":\"ImageObject\",\"inLanguage\":\"pt-BR\",\"@id\":\"https:\\\/\\\/afogadosfm.com.br\\\/afogadosfm\\\/2025\\\/09\\\/18\\\/isencao-da-conta-de-luz-beneficia-milhoes-de-familias-de-baixa-renda\\\/#primaryimage\",\"url\":\"https:\\\/\\\/i0.wp.com\\\/afogadosfm.com.br\\\/afogadosfm\\\/wp-content\\\/uploads\\\/2018\\\/08\\\/luz-1.jpg?fit=300%2C246&ssl=1\",\"contentUrl\":\"https:\\\/\\\/i0.wp.com\\\/afogadosfm.com.br\\\/afogadosfm\\\/wp-content\\\/uploads\\\/2018\\\/08\\\/luz-1.jpg?fit=300%2C246&ssl=1\",\"width\":300,\"height\":246},{\"@type\":\"BreadcrumbList\",\"@id\":\"https:\\\/\\\/afogadosfm.com.br\\\/afogadosfm\\\/2025\\\/09\\\/18\\\/isencao-da-conta-de-luz-beneficia-milhoes-de-familias-de-baixa-renda\\\/#breadcrumb\",\"itemListElement\":[{\"@type\":\"ListItem\",\"position\":1,\"name\":\"In\u00edcio\",\"item\":\"https:\\\/\\\/afogadosfm.com.br\\\/afogadosfm\\\/\"},{\"@type\":\"ListItem\",\"position\":2,\"name\":\"Isen\u00e7\u00e3o da conta de luz beneficia milh\u00f5es de fam\u00edlias de baixa renda\"}]},{\"@type\":\"WebSite\",\"@id\":\"https:\\\/\\\/afogadosfm.com.br\\\/afogadosfm\\\/#website\",\"url\":\"https:\\\/\\\/afogadosfm.com.br\\\/afogadosfm\\\/\",\"name\":\"Afogados FM\",\"description\":\"Um site completo!\",\"publisher\":{\"@id\":\"https:\\\/\\\/afogadosfm.com.br\\\/afogadosfm\\\/#organization\"},\"potentialAction\":[{\"@type\":\"SearchAction\",\"target\":{\"@type\":\"EntryPoint\",\"urlTemplate\":\"https:\\\/\\\/afogadosfm.com.br\\\/afogadosfm\\\/?s={search_term_string}\"},\"query-input\":{\"@type\":\"PropertyValueSpecification\",\"valueRequired\":true,\"valueName\":\"search_term_string\"}}],\"inLanguage\":\"pt-BR\"},{\"@type\":\"Organization\",\"@id\":\"https:\\\/\\\/afogadosfm.com.br\\\/afogadosfm\\\/#organization\",\"name\":\"Afogados FM\",\"url\":\"https:\\\/\\\/afogadosfm.com.br\\\/afogadosfm\\\/\",\"logo\":{\"@type\":\"ImageObject\",\"inLanguage\":\"pt-BR\",\"@id\":\"https:\\\/\\\/afogadosfm.com.br\\\/afogadosfm\\\/#\\\/schema\\\/logo\\\/image\\\/\",\"url\":\"https:\\\/\\\/i0.wp.com\\\/afogadosfm.com.br\\\/afogadosfm\\\/wp-content\\\/uploads\\\/2020\\\/06\\\/cropped-banner-afogados-4.jpg?fit=369%2C137&ssl=1\",\"contentUrl\":\"https:\\\/\\\/i0.wp.com\\\/afogadosfm.com.br\\\/afogadosfm\\\/wp-content\\\/uploads\\\/2020\\\/06\\\/cropped-banner-afogados-4.jpg?fit=369%2C137&ssl=1\",\"width\":369,\"height\":137,\"caption\":\"Afogados FM\"},\"image\":{\"@id\":\"https:\\\/\\\/afogadosfm.com.br\\\/afogadosfm\\\/#\\\/schema\\\/logo\\\/image\\\/\"}},{\"@type\":\"Person\",\"@id\":\"https:\\\/\\\/afogadosfm.com.br\\\/afogadosfm\\\/#\\\/schema\\\/person\\\/60e56f2cf5dc960fc093fe093d9e9057\",\"name\":\"afogadosfm\",\"image\":{\"@type\":\"ImageObject\",\"inLanguage\":\"pt-BR\",\"@id\":\"https:\\\/\\\/secure.gravatar.com\\\/avatar\\\/e0359add7ed5dc3560906d861b52c6a8cf5c1e199d3a7dd85070998f49bd4701?s=96&d=mm&r=g\",\"url\":\"https:\\\/\\\/secure.gravatar.com\\\/avatar\\\/e0359add7ed5dc3560906d861b52c6a8cf5c1e199d3a7dd85070998f49bd4701?s=96&d=mm&r=g\",\"contentUrl\":\"https:\\\/\\\/secure.gravatar.com\\\/avatar\\\/e0359add7ed5dc3560906d861b52c6a8cf5c1e199d3a7dd85070998f49bd4701?s=96&d=mm&r=g\",\"caption\":\"afogadosfm\"},\"url\":\"https:\\\/\\\/afogadosfm.com.br\\\/afogadosfm\\\/author\\\/afogadosfm\\\/\"}]}<\/script>\n<!-- \/ Yoast SEO plugin. -->","yoast_head_json":{"title":"Isen\u00e7\u00e3o da conta de luz beneficia milh\u00f5es de fam\u00edlias de baixa renda - Afogados FM","robots":{"index":"index","follow":"follow","max-snippet":"max-snippet:-1","max-image-preview":"max-image-preview:large","max-video-preview":"max-video-preview:-1"},"canonical":"https:\/\/afogadosfm.com.br\/afogadosfm\/2025\/09\/18\/isencao-da-conta-de-luz-beneficia-milhoes-de-familias-de-baixa-renda\/","og_locale":"pt_BR","og_type":"article","og_title":"Isen\u00e7\u00e3o da conta de luz beneficia milh\u00f5es de fam\u00edlias de baixa renda - Afogados FM","og_description":"O Plen\u00e1rio do Senado aprovou nesta quarta-feira (17) a medida provis\u00f3ria que garante isen\u00e7\u00e3o total da conta de luz para","og_url":"https:\/\/afogadosfm.com.br\/afogadosfm\/2025\/09\/18\/isencao-da-conta-de-luz-beneficia-milhoes-de-familias-de-baixa-renda\/","og_site_name":"Afogados FM","article_published_time":"2025-09-18T09:33:16+00:00","article_modified_time":"2025-09-18T09:33:17+00:00","og_image":[{"width":300,"height":246,"url":"https:\/\/afogadosfm.com.br\/afogadosfm\/wp-content\/uploads\/2018\/08\/luz-1.jpg","type":"image\/jpeg"}],"author":"afogadosfm","twitter_card":"summary_large_image","twitter_misc":{"Escrito por":"afogadosfm","Est. tempo de leitura":"3 minutos"},"schema":{"@context":"https:\/\/schema.org","@graph":[{"@type":"Article","@id":"https:\/\/afogadosfm.com.br\/afogadosfm\/2025\/09\/18\/isencao-da-conta-de-luz-beneficia-milhoes-de-familias-de-baixa-renda\/#article","isPartOf":{"@id":"https:\/\/afogadosfm.com.br\/afogadosfm\/2025\/09\/18\/isencao-da-conta-de-luz-beneficia-milhoes-de-familias-de-baixa-renda\/"},"author":{"name":"afogadosfm","@id":"https:\/\/afogadosfm.com.br\/afogadosfm\/#\/schema\/person\/60e56f2cf5dc960fc093fe093d9e9057"},"headline":"Isen\u00e7\u00e3o da conta de luz beneficia milh\u00f5es de fam\u00edlias de baixa renda","datePublished":"2025-09-18T09:33:16+00:00","dateModified":"2025-09-18T09:33:17+00:00","mainEntityOfPage":{"@id":"https:\/\/afogadosfm.com.br\/afogadosfm\/2025\/09\/18\/isencao-da-conta-de-luz-beneficia-milhoes-de-familias-de-baixa-renda\/"},"wordCount":527,"commentCount":0,"publisher":{"@id":"https:\/\/afogadosfm.com.br\/afogadosfm\/#organization"},"image":{"@id":"https:\/\/afogadosfm.com.br\/afogadosfm\/2025\/09\/18\/isencao-da-conta-de-luz-beneficia-milhoes-de-familias-de-baixa-renda\/#primaryimage"},"thumbnailUrl":"https:\/\/i0.wp.com\/afogadosfm.com.br\/afogadosfm\/wp-content\/uploads\/2018\/08\/luz-1.jpg?fit=300%2C246&ssl=1","articleSection":["Brasil"],"inLanguage":"pt-BR","potentialAction":[{"@type":"CommentAction","name":"Comment","target":["https:\/\/afogadosfm.com.br\/afogadosfm\/2025\/09\/18\/isencao-da-conta-de-luz-beneficia-milhoes-de-familias-de-baixa-renda\/#respond"]}]},{"@type":"WebPage","@id":"https:\/\/afogadosfm.com.br\/afogadosfm\/2025\/09\/18\/isencao-da-conta-de-luz-beneficia-milhoes-de-familias-de-baixa-renda\/","url":"https:\/\/afogadosfm.com.br\/afogadosfm\/2025\/09\/18\/isencao-da-conta-de-luz-beneficia-milhoes-de-familias-de-baixa-renda\/","name":"Isen\u00e7\u00e3o da conta de luz beneficia milh\u00f5es de fam\u00edlias de baixa renda - Afogados FM","isPartOf":{"@id":"https:\/\/afogadosfm.com.br\/afogadosfm\/#website"},"primaryImageOfPage":{"@id":"https:\/\/afogadosfm.com.br\/afogadosfm\/2025\/09\/18\/isencao-da-conta-de-luz-beneficia-milhoes-de-familias-de-baixa-renda\/#primaryimage"},"image":{"@id":"https:\/\/afogadosfm.com.br\/afogadosfm\/2025\/09\/18\/isencao-da-conta-de-luz-beneficia-milhoes-de-familias-de-baixa-renda\/#primaryimage"},"thumbnailUrl":"https:\/\/i0.wp.com\/afogadosfm.com.br\/afogadosfm\/wp-content\/uploads\/2018\/08\/luz-1.jpg?fit=300%2C246&ssl=1","datePublished":"2025-09-18T09:33:16+00:00","dateModified":"2025-09-18T09:33:17+00:00","breadcrumb":{"@id":"https:\/\/afogadosfm.com.br\/afogadosfm\/2025\/09\/18\/isencao-da-conta-de-luz-beneficia-milhoes-de-familias-de-baixa-renda\/#breadcrumb"},"inLanguage":"pt-BR","potentialAction":[{"@type":"ReadAction","target":["https:\/\/afogadosfm.com.br\/afogadosfm\/2025\/09\/18\/isencao-da-conta-de-luz-beneficia-milhoes-de-familias-de-baixa-renda\/"]}]},{"@type":"ImageObject","inLanguage":"pt-BR","@id":"https:\/\/afogadosfm.com.br\/afogadosfm\/2025\/09\/18\/isencao-da-conta-de-luz-beneficia-milhoes-de-familias-de-baixa-renda\/#primaryimage","url":"https:\/\/i0.wp.com\/afogadosfm.com.br\/afogadosfm\/wp-content\/uploads\/2018\/08\/luz-1.jpg?fit=300%2C246&ssl=1","contentUrl":"https:\/\/i0.wp.com\/afogadosfm.com.br\/afogadosfm\/wp-content\/uploads\/2018\/08\/luz-1.jpg?fit=300%2C246&ssl=1","width":300,"height":246},{"@type":"BreadcrumbList","@id":"https:\/\/afogadosfm.com.br\/afogadosfm\/2025\/09\/18\/isencao-da-conta-de-luz-beneficia-milhoes-de-familias-de-baixa-renda\/#breadcrumb","itemListElement":[{"@type":"ListItem","position":1,"name":"In\u00edcio","item":"https:\/\/afogadosfm.com.br\/afogadosfm\/"},{"@type":"ListItem","position":2,"name":"Isen\u00e7\u00e3o da conta de luz beneficia milh\u00f5es de fam\u00edlias de baixa renda"}]},{"@type":"WebSite","@id":"https:\/\/afogadosfm.com.br\/afogadosfm\/#website","url":"https:\/\/afogadosfm.com.br\/afogadosfm\/","name":"Afogados FM","description":"Um site completo!","publisher":{"@id":"https:\/\/afogadosfm.com.br\/afogadosfm\/#organization"},"potentialAction":[{"@type":"SearchAction","target":{"@type":"EntryPoint","urlTemplate":"https:\/\/afogadosfm.com.br\/afogadosfm\/?s={search_term_string}"},"query-input":{"@type":"PropertyValueSpecification","valueRequired":true,"valueName":"search_term_string"}}],"inLanguage":"pt-BR"},{"@type":"Organization","@id":"https:\/\/afogadosfm.com.br\/afogadosfm\/#organization","name":"Afogados FM","url":"https:\/\/afogadosfm.com.br\/afogadosfm\/","logo":{"@type":"ImageObject","inLanguage":"pt-BR","@id":"https:\/\/afogadosfm.com.br\/afogadosfm\/#\/schema\/logo\/image\/","url":"https:\/\/i0.wp.com\/afogadosfm.com.br\/afogadosfm\/wp-content\/uploads\/2020\/06\/cropped-banner-afogados-4.jpg?fit=369%2C137&ssl=1","contentUrl":"https:\/\/i0.wp.com\/afogadosfm.com.br\/afogadosfm\/wp-content\/uploads\/2020\/06\/cropped-banner-afogados-4.jpg?fit=369%2C137&ssl=1","width":369,"height":137,"caption":"Afogados FM"},"image":{"@id":"https:\/\/afogadosfm.com.br\/afogadosfm\/#\/schema\/logo\/image\/"}},{"@type":"Person","@id":"https:\/\/afogadosfm.com.br\/afogadosfm\/#\/schema\/person\/60e56f2cf5dc960fc093fe093d9e9057","name":"afogadosfm","image":{"@type":"ImageObject","inLanguage":"pt-BR","@id":"https:\/\/secure.gravatar.com\/avatar\/e0359add7ed5dc3560906d861b52c6a8cf5c1e199d3a7dd85070998f49bd4701?s=96&d=mm&r=g","url":"https:\/\/secure.gravatar.com\/avatar\/e0359add7ed5dc3560906d861b52c6a8cf5c1e199d3a7dd85070998f49bd4701?s=96&d=mm&r=g","contentUrl":"https:\/\/secure.gravatar.com\/avatar\/e0359add7ed5dc3560906d861b52c6a8cf5c1e199d3a7dd85070998f49bd4701?s=96&d=mm&r=g","caption":"afogadosfm"},"url":"https:\/\/afogadosfm.com.br\/afogadosfm\/author\/afogadosfm\/"}]}},"jetpack_publicize_connections":[],"jetpack_featured_media_url":"https:\/\/i0.wp.com\/afogadosfm.com.br\/afogadosfm\/wp-content\/uploads\/2018\/08\/luz-1.jpg?fit=300%2C246&ssl=1","jetpack-related-posts":[],"jetpack_sharing_enabled":true,"jetpack_likes_enabled":true,"_links":{"self":[{"href":"https:\/\/afogadosfm.com.br\/afogadosfm\/wp-json\/wp\/v2\/posts\/69140","targetHints":{"allow":["GET"]}}],"collection":[{"href":"https:\/\/afogadosfm.com.br\/afogadosfm\/wp-json\/wp\/v2\/posts"}],"about":[{"href":"https:\/\/afogadosfm.com.br\/afogadosfm\/wp-json\/wp\/v2\/types\/post"}],"author":[{"embeddable":true,"href":"https:\/\/afogadosfm.com.br\/afogadosfm\/wp-json\/wp\/v2\/users\/2"}],"replies":[{"embeddable":true,"href":"https:\/\/afogadosfm.com.br\/afogadosfm\/wp-json\/wp\/v2\/comments?post=69140"}],"version-history":[{"count":1,"href":"https:\/\/afogadosfm.com.br\/afogadosfm\/wp-json\/wp\/v2\/posts\/69140\/revisions"}],"predecessor-version":[{"id":69141,"href":"https:\/\/afogadosfm.com.br\/afogadosfm\/wp-json\/wp\/v2\/posts\/69140\/revisions\/69141"}],"wp:featuredmedia":[{"embeddable":true,"href":"https:\/\/afogadosfm.com.br\/afogadosfm\/wp-json\/wp\/v2\/media\/5972"}],"wp:attachment":[{"href":"https:\/\/afogadosfm.com.br\/afogadosfm\/wp-json\/wp\/v2\/media?parent=69140"}],"wp:term":[{"taxonomy":"category","embeddable":true,"href":"https:\/\/afogadosfm.com.br\/afogadosfm\/wp-json\/wp\/v2\/categories?post=69140"},{"taxonomy":"post_tag","embeddable":true,"href":"https:\/\/afogadosfm.com.br\/afogadosfm\/wp-json\/wp\/v2\/tags?post=69140"}],"curies":[{"name":"wp","href":"https:\/\/api.w.org\/{rel}","templated":true}]}}