{"id":69154,"date":"2025-09-19T05:53:05","date_gmt":"2025-09-19T08:53:05","guid":{"rendered":"https:\/\/afogadosfm.com.br\/afogadosfm\/?p=69154"},"modified":"2025-09-19T05:53:06","modified_gmt":"2025-09-19T08:53:06","slug":"falsos-profissionais-de-educacao-fisica-sao-flagrados-pelo-cref12-pe-em-afogados-da-ingazeira","status":"publish","type":"post","link":"https:\/\/afogadosfm.com.br\/afogadosfm\/2025\/09\/19\/falsos-profissionais-de-educacao-fisica-sao-flagrados-pelo-cref12-pe-em-afogados-da-ingazeira\/","title":{"rendered":"Falsos profissionais de educa\u00e7\u00e3o f\u00edsica s\u00e3o flagrados pelo CREF12\/PE em Afogados da Ingazeira"},"content":{"rendered":"\n<p>Duas pessoas foram autuadas pelo Conselho Regional de Educa\u00e7\u00e3o F\u00edsica da 12\u00aa Regi\u00e3o\/Pernambuco (CREF12\/PE) por atuarem ilegalmente na atividade de profissionais de educa\u00e7\u00e3o f\u00edsica.<\/p>\n\n\n\n<p>Segundo o conselho, os falsos profissionais foram flagrados em Afogados da Ingazeira, Sert\u00e3o do estado.<\/p>\n\n\n\n<p>Na quarta (17), uma pessoa realizava prepara\u00e7\u00e3o f\u00edsica em uma pra\u00e7a da cidade sem possuir registro profissional.<\/p>\n\n\n\n<p>Nesta quinta (18), uma mulher oferecia servi\u00e7os de treinamento, alimenta\u00e7\u00e3o e at\u00e9 reposi\u00e7\u00e3o hormonal, possivelmente com o uso de esteroides, divulgados por meio das redes sociais.<\/p>\n\n\n\n<p>\u201cAs irregularidades foram identificadas ap\u00f3s den\u00fancias recebidas pelo Departamento de Fiscaliza\u00e7\u00e3o, que refor\u00e7a o compromisso do CREF12\/PE no combate ao exerc\u00edcio ilegal da profiss\u00e3o e na defesa da sociedade. Ambos os casos foram encaminhados ao Minist\u00e9rio P\u00fablico para responsabiliza\u00e7\u00e3o criminal, al\u00e9m das medidas administrativas cab\u00edveis no \u00e2mbito do conselho\u201d, informou a entidade.<\/p>\n\n\n\n<p>Ainda segundo o conselho, para trabalhar em qualquer \u00e1rea (escola p\u00fablica ou privada, academia, condom\u00ednio, pra\u00e7a, parque, praia, hospital, quartel, prepara\u00e7\u00e3o f\u00edsica, funcional, sa\u00fade p\u00fablica ou privada, esportes, etc) da Educa\u00e7\u00e3o F\u00edsica \u201c\u00e9 obrigat\u00f3rio e imprescind\u00edvel\u201d a regularidade junto ao Conselho Regional de Educa\u00e7\u00e3o F\u00edsica (CREF).<\/p>\n\n\n\n<p>\u201cAs pessoas que trabalham sem registro respondem criminalmente por exerc\u00edcio ilegal da profiss\u00e3o e crime contra as rela\u00e7\u00f5es de consumo, por induzir o consumidor ou usu\u00e1rio a erro, ao oferecer servi\u00e7os de Educa\u00e7\u00e3o F\u00edsica sem cumprir as formalidades legais, ainda nos Artigos 66, 67 e 68 do C\u00f3digo de Defesa do Consumidor, cumulado com multa de uma a cinco anuidades do Sistema CONFEF\/CREF\u201d, explica o advogado e presidente do CREF12\/PE, L\u00facio Beltr\u00e3o.<\/p>\n\n\n\n<p>As pessoas podem denunciar irregularidades relacionadas ao exerc\u00edcio ilegal da profiss\u00e3o ou funcionamento inadequado de academias (e demais pessoas jur\u00eddicas).<\/p>\n\n\n\n<p>As den\u00fancias devem ser feitas exclusivamente por meio do site da autarquia: www.cref12.org.br\/denuncia<\/p>\n","protected":false},"excerpt":{"rendered":"<p>Duas pessoas foram autuadas pelo Conselho Regional de Educa\u00e7\u00e3o F\u00edsica da 12\u00aa Regi\u00e3o\/Pernambuco (CREF12\/PE) por atuarem ilegalmente na atividade de<\/p>\n","protected":false},"author":2,"featured_media":69155,"comment_status":"open","ping_status":"open","sticky":false,"template":"","format":"standard","meta":{"jetpack_post_was_ever_published":false,"_jetpack_newsletter_access":"","_jetpack_dont_email_post_to_subs":false,"_jetpack_newsletter_tier_id":0,"_jetpack_memberships_contains_paywalled_content":false,"_jetpack_memberships_contains_paid_content":false,"footnotes":"","jetpack_publicize_message":"","jetpack_publicize_feature_enabled":true,"jetpack_social_post_already_shared":true,"jetpack_social_options":{"image_generator_settings":{"template":"highway","default_image_id":0,"font":"","enabled":false},"version":2}},"categories":[14],"tags":[],"class_list":["post-69154","post","type-post","status-publish","format-standard","has-post-thumbnail","hentry","category-afogados-da-ingazeira"],"yoast_head":"<!-- This site is optimized with the Yoast SEO plugin v27.5 - https:\/\/yoast.com\/product\/yoast-seo-wordpress\/ -->\n<title>Falsos profissionais de educa\u00e7\u00e3o f\u00edsica s\u00e3o flagrados pelo CREF12\/PE em Afogados da Ingazeira - Afogados FM<\/title>\n<meta name=\"robots\" content=\"index, follow, max-snippet:-1, max-image-preview:large, max-video-preview:-1\" \/>\n<link rel=\"canonical\" href=\"https:\/\/afogadosfm.com.br\/afogadosfm\/2025\/09\/19\/falsos-profissionais-de-educacao-fisica-sao-flagrados-pelo-cref12-pe-em-afogados-da-ingazeira\/\" \/>\n<meta property=\"og:locale\" content=\"pt_BR\" \/>\n<meta property=\"og:type\" content=\"article\" \/>\n<meta property=\"og:title\" content=\"Falsos profissionais de educa\u00e7\u00e3o f\u00edsica s\u00e3o flagrados pelo CREF12\/PE em Afogados da Ingazeira - Afogados FM\" \/>\n<meta property=\"og:description\" content=\"Duas pessoas foram autuadas pelo Conselho Regional de Educa\u00e7\u00e3o F\u00edsica da 12\u00aa Regi\u00e3o\/Pernambuco (CREF12\/PE) por atuarem ilegalmente na atividade de\" \/>\n<meta property=\"og:url\" content=\"https:\/\/afogadosfm.com.br\/afogadosfm\/2025\/09\/19\/falsos-profissionais-de-educacao-fisica-sao-flagrados-pelo-cref12-pe-em-afogados-da-ingazeira\/\" \/>\n<meta property=\"og:site_name\" content=\"Afogados FM\" \/>\n<meta property=\"article:published_time\" content=\"2025-09-19T08:53:05+00:00\" \/>\n<meta property=\"article:modified_time\" content=\"2025-09-19T08:53:06+00:00\" \/>\n<meta property=\"og:image\" content=\"https:\/\/afogadosfm.com.br\/afogadosfm\/wp-content\/uploads\/2025\/09\/1_cref-712807.jpg\" \/>\n\t<meta property=\"og:image:width\" content=\"400\" \/>\n\t<meta property=\"og:image:height\" content=\"266\" \/>\n\t<meta property=\"og:image:type\" content=\"image\/jpeg\" \/>\n<meta name=\"author\" content=\"afogadosfm\" \/>\n<meta name=\"twitter:card\" content=\"summary_large_image\" \/>\n<meta name=\"twitter:label1\" content=\"Escrito por\" \/>\n\t<meta name=\"twitter:data1\" content=\"afogadosfm\" \/>\n\t<meta name=\"twitter:label2\" content=\"Est. tempo de leitura\" \/>\n\t<meta name=\"twitter:data2\" content=\"2 minutos\" \/>\n<script type=\"application\/ld+json\" class=\"yoast-schema-graph\">{\"@context\":\"https:\\\/\\\/schema.org\",\"@graph\":[{\"@type\":\"Article\",\"@id\":\"https:\\\/\\\/afogadosfm.com.br\\\/afogadosfm\\\/2025\\\/09\\\/19\\\/falsos-profissionais-de-educacao-fisica-sao-flagrados-pelo-cref12-pe-em-afogados-da-ingazeira\\\/#article\",\"isPartOf\":{\"@id\":\"https:\\\/\\\/afogadosfm.com.br\\\/afogadosfm\\\/2025\\\/09\\\/19\\\/falsos-profissionais-de-educacao-fisica-sao-flagrados-pelo-cref12-pe-em-afogados-da-ingazeira\\\/\"},\"author\":{\"name\":\"afogadosfm\",\"@id\":\"https:\\\/\\\/afogadosfm.com.br\\\/afogadosfm\\\/#\\\/schema\\\/person\\\/60e56f2cf5dc960fc093fe093d9e9057\"},\"headline\":\"Falsos profissionais de educa\u00e7\u00e3o f\u00edsica s\u00e3o flagrados pelo CREF12\\\/PE em Afogados da Ingazeira\",\"datePublished\":\"2025-09-19T08:53:05+00:00\",\"dateModified\":\"2025-09-19T08:53:06+00:00\",\"mainEntityOfPage\":{\"@id\":\"https:\\\/\\\/afogadosfm.com.br\\\/afogadosfm\\\/2025\\\/09\\\/19\\\/falsos-profissionais-de-educacao-fisica-sao-flagrados-pelo-cref12-pe-em-afogados-da-ingazeira\\\/\"},\"wordCount\":354,\"commentCount\":0,\"publisher\":{\"@id\":\"https:\\\/\\\/afogadosfm.com.br\\\/afogadosfm\\\/#organization\"},\"image\":{\"@id\":\"https:\\\/\\\/afogadosfm.com.br\\\/afogadosfm\\\/2025\\\/09\\\/19\\\/falsos-profissionais-de-educacao-fisica-sao-flagrados-pelo-cref12-pe-em-afogados-da-ingazeira\\\/#primaryimage\"},\"thumbnailUrl\":\"https:\\\/\\\/i0.wp.com\\\/afogadosfm.com.br\\\/afogadosfm\\\/wp-content\\\/uploads\\\/2025\\\/09\\\/1_cref-712807.jpg?fit=400%2C266&ssl=1\",\"articleSection\":[\"Afogados da Ingazeira\"],\"inLanguage\":\"pt-BR\",\"potentialAction\":[{\"@type\":\"CommentAction\",\"name\":\"Comment\",\"target\":[\"https:\\\/\\\/afogadosfm.com.br\\\/afogadosfm\\\/2025\\\/09\\\/19\\\/falsos-profissionais-de-educacao-fisica-sao-flagrados-pelo-cref12-pe-em-afogados-da-ingazeira\\\/#respond\"]}]},{\"@type\":\"WebPage\",\"@id\":\"https:\\\/\\\/afogadosfm.com.br\\\/afogadosfm\\\/2025\\\/09\\\/19\\\/falsos-profissionais-de-educacao-fisica-sao-flagrados-pelo-cref12-pe-em-afogados-da-ingazeira\\\/\",\"url\":\"https:\\\/\\\/afogadosfm.com.br\\\/afogadosfm\\\/2025\\\/09\\\/19\\\/falsos-profissionais-de-educacao-fisica-sao-flagrados-pelo-cref12-pe-em-afogados-da-ingazeira\\\/\",\"name\":\"Falsos profissionais de educa\u00e7\u00e3o f\u00edsica s\u00e3o flagrados pelo CREF12\\\/PE em Afogados da Ingazeira - Afogados FM\",\"isPartOf\":{\"@id\":\"https:\\\/\\\/afogadosfm.com.br\\\/afogadosfm\\\/#website\"},\"primaryImageOfPage\":{\"@id\":\"https:\\\/\\\/afogadosfm.com.br\\\/afogadosfm\\\/2025\\\/09\\\/19\\\/falsos-profissionais-de-educacao-fisica-sao-flagrados-pelo-cref12-pe-em-afogados-da-ingazeira\\\/#primaryimage\"},\"image\":{\"@id\":\"https:\\\/\\\/afogadosfm.com.br\\\/afogadosfm\\\/2025\\\/09\\\/19\\\/falsos-profissionais-de-educacao-fisica-sao-flagrados-pelo-cref12-pe-em-afogados-da-ingazeira\\\/#primaryimage\"},\"thumbnailUrl\":\"https:\\\/\\\/i0.wp.com\\\/afogadosfm.com.br\\\/afogadosfm\\\/wp-content\\\/uploads\\\/2025\\\/09\\\/1_cref-712807.jpg?fit=400%2C266&ssl=1\",\"datePublished\":\"2025-09-19T08:53:05+00:00\",\"dateModified\":\"2025-09-19T08:53:06+00:00\",\"breadcrumb\":{\"@id\":\"https:\\\/\\\/afogadosfm.com.br\\\/afogadosfm\\\/2025\\\/09\\\/19\\\/falsos-profissionais-de-educacao-fisica-sao-flagrados-pelo-cref12-pe-em-afogados-da-ingazeira\\\/#breadcrumb\"},\"inLanguage\":\"pt-BR\",\"potentialAction\":[{\"@type\":\"ReadAction\",\"target\":[\"https:\\\/\\\/afogadosfm.com.br\\\/afogadosfm\\\/2025\\\/09\\\/19\\\/falsos-profissionais-de-educacao-fisica-sao-flagrados-pelo-cref12-pe-em-afogados-da-ingazeira\\\/\"]}]},{\"@type\":\"ImageObject\",\"inLanguage\":\"pt-BR\",\"@id\":\"https:\\\/\\\/afogadosfm.com.br\\\/afogadosfm\\\/2025\\\/09\\\/19\\\/falsos-profissionais-de-educacao-fisica-sao-flagrados-pelo-cref12-pe-em-afogados-da-ingazeira\\\/#primaryimage\",\"url\":\"https:\\\/\\\/i0.wp.com\\\/afogadosfm.com.br\\\/afogadosfm\\\/wp-content\\\/uploads\\\/2025\\\/09\\\/1_cref-712807.jpg?fit=400%2C266&ssl=1\",\"contentUrl\":\"https:\\\/\\\/i0.wp.com\\\/afogadosfm.com.br\\\/afogadosfm\\\/wp-content\\\/uploads\\\/2025\\\/09\\\/1_cref-712807.jpg?fit=400%2C266&ssl=1\",\"width\":400,\"height\":266},{\"@type\":\"BreadcrumbList\",\"@id\":\"https:\\\/\\\/afogadosfm.com.br\\\/afogadosfm\\\/2025\\\/09\\\/19\\\/falsos-profissionais-de-educacao-fisica-sao-flagrados-pelo-cref12-pe-em-afogados-da-ingazeira\\\/#breadcrumb\",\"itemListElement\":[{\"@type\":\"ListItem\",\"position\":1,\"name\":\"In\u00edcio\",\"item\":\"https:\\\/\\\/afogadosfm.com.br\\\/afogadosfm\\\/\"},{\"@type\":\"ListItem\",\"position\":2,\"name\":\"Falsos profissionais de educa\u00e7\u00e3o f\u00edsica s\u00e3o flagrados pelo CREF12\\\/PE em Afogados da Ingazeira\"}]},{\"@type\":\"WebSite\",\"@id\":\"https:\\\/\\\/afogadosfm.com.br\\\/afogadosfm\\\/#website\",\"url\":\"https:\\\/\\\/afogadosfm.com.br\\\/afogadosfm\\\/\",\"name\":\"Afogados FM\",\"description\":\"Um site completo!\",\"publisher\":{\"@id\":\"https:\\\/\\\/afogadosfm.com.br\\\/afogadosfm\\\/#organization\"},\"potentialAction\":[{\"@type\":\"SearchAction\",\"target\":{\"@type\":\"EntryPoint\",\"urlTemplate\":\"https:\\\/\\\/afogadosfm.com.br\\\/afogadosfm\\\/?s={search_term_string}\"},\"query-input\":{\"@type\":\"PropertyValueSpecification\",\"valueRequired\":true,\"valueName\":\"search_term_string\"}}],\"inLanguage\":\"pt-BR\"},{\"@type\":\"Organization\",\"@id\":\"https:\\\/\\\/afogadosfm.com.br\\\/afogadosfm\\\/#organization\",\"name\":\"Afogados FM\",\"url\":\"https:\\\/\\\/afogadosfm.com.br\\\/afogadosfm\\\/\",\"logo\":{\"@type\":\"ImageObject\",\"inLanguage\":\"pt-BR\",\"@id\":\"https:\\\/\\\/afogadosfm.com.br\\\/afogadosfm\\\/#\\\/schema\\\/logo\\\/image\\\/\",\"url\":\"https:\\\/\\\/i0.wp.com\\\/afogadosfm.com.br\\\/afogadosfm\\\/wp-content\\\/uploads\\\/2020\\\/06\\\/cropped-banner-afogados-4.jpg?fit=369%2C137&ssl=1\",\"contentUrl\":\"https:\\\/\\\/i0.wp.com\\\/afogadosfm.com.br\\\/afogadosfm\\\/wp-content\\\/uploads\\\/2020\\\/06\\\/cropped-banner-afogados-4.jpg?fit=369%2C137&ssl=1\",\"width\":369,\"height\":137,\"caption\":\"Afogados FM\"},\"image\":{\"@id\":\"https:\\\/\\\/afogadosfm.com.br\\\/afogadosfm\\\/#\\\/schema\\\/logo\\\/image\\\/\"}},{\"@type\":\"Person\",\"@id\":\"https:\\\/\\\/afogadosfm.com.br\\\/afogadosfm\\\/#\\\/schema\\\/person\\\/60e56f2cf5dc960fc093fe093d9e9057\",\"name\":\"afogadosfm\",\"image\":{\"@type\":\"ImageObject\",\"inLanguage\":\"pt-BR\",\"@id\":\"https:\\\/\\\/secure.gravatar.com\\\/avatar\\\/e0359add7ed5dc3560906d861b52c6a8cf5c1e199d3a7dd85070998f49bd4701?s=96&d=mm&r=g\",\"url\":\"https:\\\/\\\/secure.gravatar.com\\\/avatar\\\/e0359add7ed5dc3560906d861b52c6a8cf5c1e199d3a7dd85070998f49bd4701?s=96&d=mm&r=g\",\"contentUrl\":\"https:\\\/\\\/secure.gravatar.com\\\/avatar\\\/e0359add7ed5dc3560906d861b52c6a8cf5c1e199d3a7dd85070998f49bd4701?s=96&d=mm&r=g\",\"caption\":\"afogadosfm\"},\"url\":\"https:\\\/\\\/afogadosfm.com.br\\\/afogadosfm\\\/author\\\/afogadosfm\\\/\"}]}<\/script>\n<!-- \/ Yoast SEO plugin. -->","yoast_head_json":{"title":"Falsos profissionais de educa\u00e7\u00e3o f\u00edsica s\u00e3o flagrados pelo CREF12\/PE em Afogados da Ingazeira - Afogados FM","robots":{"index":"index","follow":"follow","max-snippet":"max-snippet:-1","max-image-preview":"max-image-preview:large","max-video-preview":"max-video-preview:-1"},"canonical":"https:\/\/afogadosfm.com.br\/afogadosfm\/2025\/09\/19\/falsos-profissionais-de-educacao-fisica-sao-flagrados-pelo-cref12-pe-em-afogados-da-ingazeira\/","og_locale":"pt_BR","og_type":"article","og_title":"Falsos profissionais de educa\u00e7\u00e3o f\u00edsica s\u00e3o flagrados pelo CREF12\/PE em Afogados da Ingazeira - Afogados FM","og_description":"Duas pessoas foram autuadas pelo Conselho Regional de Educa\u00e7\u00e3o F\u00edsica da 12\u00aa Regi\u00e3o\/Pernambuco (CREF12\/PE) por atuarem ilegalmente na atividade de","og_url":"https:\/\/afogadosfm.com.br\/afogadosfm\/2025\/09\/19\/falsos-profissionais-de-educacao-fisica-sao-flagrados-pelo-cref12-pe-em-afogados-da-ingazeira\/","og_site_name":"Afogados FM","article_published_time":"2025-09-19T08:53:05+00:00","article_modified_time":"2025-09-19T08:53:06+00:00","og_image":[{"width":400,"height":266,"url":"https:\/\/afogadosfm.com.br\/afogadosfm\/wp-content\/uploads\/2025\/09\/1_cref-712807.jpg","type":"image\/jpeg"}],"author":"afogadosfm","twitter_card":"summary_large_image","twitter_misc":{"Escrito por":"afogadosfm","Est. tempo de leitura":"2 minutos"},"schema":{"@context":"https:\/\/schema.org","@graph":[{"@type":"Article","@id":"https:\/\/afogadosfm.com.br\/afogadosfm\/2025\/09\/19\/falsos-profissionais-de-educacao-fisica-sao-flagrados-pelo-cref12-pe-em-afogados-da-ingazeira\/#article","isPartOf":{"@id":"https:\/\/afogadosfm.com.br\/afogadosfm\/2025\/09\/19\/falsos-profissionais-de-educacao-fisica-sao-flagrados-pelo-cref12-pe-em-afogados-da-ingazeira\/"},"author":{"name":"afogadosfm","@id":"https:\/\/afogadosfm.com.br\/afogadosfm\/#\/schema\/person\/60e56f2cf5dc960fc093fe093d9e9057"},"headline":"Falsos profissionais de educa\u00e7\u00e3o f\u00edsica s\u00e3o flagrados pelo CREF12\/PE em Afogados da Ingazeira","datePublished":"2025-09-19T08:53:05+00:00","dateModified":"2025-09-19T08:53:06+00:00","mainEntityOfPage":{"@id":"https:\/\/afogadosfm.com.br\/afogadosfm\/2025\/09\/19\/falsos-profissionais-de-educacao-fisica-sao-flagrados-pelo-cref12-pe-em-afogados-da-ingazeira\/"},"wordCount":354,"commentCount":0,"publisher":{"@id":"https:\/\/afogadosfm.com.br\/afogadosfm\/#organization"},"image":{"@id":"https:\/\/afogadosfm.com.br\/afogadosfm\/2025\/09\/19\/falsos-profissionais-de-educacao-fisica-sao-flagrados-pelo-cref12-pe-em-afogados-da-ingazeira\/#primaryimage"},"thumbnailUrl":"https:\/\/i0.wp.com\/afogadosfm.com.br\/afogadosfm\/wp-content\/uploads\/2025\/09\/1_cref-712807.jpg?fit=400%2C266&ssl=1","articleSection":["Afogados da Ingazeira"],"inLanguage":"pt-BR","potentialAction":[{"@type":"CommentAction","name":"Comment","target":["https:\/\/afogadosfm.com.br\/afogadosfm\/2025\/09\/19\/falsos-profissionais-de-educacao-fisica-sao-flagrados-pelo-cref12-pe-em-afogados-da-ingazeira\/#respond"]}]},{"@type":"WebPage","@id":"https:\/\/afogadosfm.com.br\/afogadosfm\/2025\/09\/19\/falsos-profissionais-de-educacao-fisica-sao-flagrados-pelo-cref12-pe-em-afogados-da-ingazeira\/","url":"https:\/\/afogadosfm.com.br\/afogadosfm\/2025\/09\/19\/falsos-profissionais-de-educacao-fisica-sao-flagrados-pelo-cref12-pe-em-afogados-da-ingazeira\/","name":"Falsos profissionais de educa\u00e7\u00e3o f\u00edsica s\u00e3o flagrados pelo CREF12\/PE em Afogados da Ingazeira - Afogados FM","isPartOf":{"@id":"https:\/\/afogadosfm.com.br\/afogadosfm\/#website"},"primaryImageOfPage":{"@id":"https:\/\/afogadosfm.com.br\/afogadosfm\/2025\/09\/19\/falsos-profissionais-de-educacao-fisica-sao-flagrados-pelo-cref12-pe-em-afogados-da-ingazeira\/#primaryimage"},"image":{"@id":"https:\/\/afogadosfm.com.br\/afogadosfm\/2025\/09\/19\/falsos-profissionais-de-educacao-fisica-sao-flagrados-pelo-cref12-pe-em-afogados-da-ingazeira\/#primaryimage"},"thumbnailUrl":"https:\/\/i0.wp.com\/afogadosfm.com.br\/afogadosfm\/wp-content\/uploads\/2025\/09\/1_cref-712807.jpg?fit=400%2C266&ssl=1","datePublished":"2025-09-19T08:53:05+00:00","dateModified":"2025-09-19T08:53:06+00:00","breadcrumb":{"@id":"https:\/\/afogadosfm.com.br\/afogadosfm\/2025\/09\/19\/falsos-profissionais-de-educacao-fisica-sao-flagrados-pelo-cref12-pe-em-afogados-da-ingazeira\/#breadcrumb"},"inLanguage":"pt-BR","potentialAction":[{"@type":"ReadAction","target":["https:\/\/afogadosfm.com.br\/afogadosfm\/2025\/09\/19\/falsos-profissionais-de-educacao-fisica-sao-flagrados-pelo-cref12-pe-em-afogados-da-ingazeira\/"]}]},{"@type":"ImageObject","inLanguage":"pt-BR","@id":"https:\/\/afogadosfm.com.br\/afogadosfm\/2025\/09\/19\/falsos-profissionais-de-educacao-fisica-sao-flagrados-pelo-cref12-pe-em-afogados-da-ingazeira\/#primaryimage","url":"https:\/\/i0.wp.com\/afogadosfm.com.br\/afogadosfm\/wp-content\/uploads\/2025\/09\/1_cref-712807.jpg?fit=400%2C266&ssl=1","contentUrl":"https:\/\/i0.wp.com\/afogadosfm.com.br\/afogadosfm\/wp-content\/uploads\/2025\/09\/1_cref-712807.jpg?fit=400%2C266&ssl=1","width":400,"height":266},{"@type":"BreadcrumbList","@id":"https:\/\/afogadosfm.com.br\/afogadosfm\/2025\/09\/19\/falsos-profissionais-de-educacao-fisica-sao-flagrados-pelo-cref12-pe-em-afogados-da-ingazeira\/#breadcrumb","itemListElement":[{"@type":"ListItem","position":1,"name":"In\u00edcio","item":"https:\/\/afogadosfm.com.br\/afogadosfm\/"},{"@type":"ListItem","position":2,"name":"Falsos profissionais de educa\u00e7\u00e3o f\u00edsica s\u00e3o flagrados pelo CREF12\/PE em Afogados da Ingazeira"}]},{"@type":"WebSite","@id":"https:\/\/afogadosfm.com.br\/afogadosfm\/#website","url":"https:\/\/afogadosfm.com.br\/afogadosfm\/","name":"Afogados FM","description":"Um site completo!","publisher":{"@id":"https:\/\/afogadosfm.com.br\/afogadosfm\/#organization"},"potentialAction":[{"@type":"SearchAction","target":{"@type":"EntryPoint","urlTemplate":"https:\/\/afogadosfm.com.br\/afogadosfm\/?s={search_term_string}"},"query-input":{"@type":"PropertyValueSpecification","valueRequired":true,"valueName":"search_term_string"}}],"inLanguage":"pt-BR"},{"@type":"Organization","@id":"https:\/\/afogadosfm.com.br\/afogadosfm\/#organization","name":"Afogados FM","url":"https:\/\/afogadosfm.com.br\/afogadosfm\/","logo":{"@type":"ImageObject","inLanguage":"pt-BR","@id":"https:\/\/afogadosfm.com.br\/afogadosfm\/#\/schema\/logo\/image\/","url":"https:\/\/i0.wp.com\/afogadosfm.com.br\/afogadosfm\/wp-content\/uploads\/2020\/06\/cropped-banner-afogados-4.jpg?fit=369%2C137&ssl=1","contentUrl":"https:\/\/i0.wp.com\/afogadosfm.com.br\/afogadosfm\/wp-content\/uploads\/2020\/06\/cropped-banner-afogados-4.jpg?fit=369%2C137&ssl=1","width":369,"height":137,"caption":"Afogados FM"},"image":{"@id":"https:\/\/afogadosfm.com.br\/afogadosfm\/#\/schema\/logo\/image\/"}},{"@type":"Person","@id":"https:\/\/afogadosfm.com.br\/afogadosfm\/#\/schema\/person\/60e56f2cf5dc960fc093fe093d9e9057","name":"afogadosfm","image":{"@type":"ImageObject","inLanguage":"pt-BR","@id":"https:\/\/secure.gravatar.com\/avatar\/e0359add7ed5dc3560906d861b52c6a8cf5c1e199d3a7dd85070998f49bd4701?s=96&d=mm&r=g","url":"https:\/\/secure.gravatar.com\/avatar\/e0359add7ed5dc3560906d861b52c6a8cf5c1e199d3a7dd85070998f49bd4701?s=96&d=mm&r=g","contentUrl":"https:\/\/secure.gravatar.com\/avatar\/e0359add7ed5dc3560906d861b52c6a8cf5c1e199d3a7dd85070998f49bd4701?s=96&d=mm&r=g","caption":"afogadosfm"},"url":"https:\/\/afogadosfm.com.br\/afogadosfm\/author\/afogadosfm\/"}]}},"jetpack_publicize_connections":[],"jetpack_featured_media_url":"https:\/\/i0.wp.com\/afogadosfm.com.br\/afogadosfm\/wp-content\/uploads\/2025\/09\/1_cref-712807.jpg?fit=400%2C266&ssl=1","jetpack-related-posts":[],"jetpack_sharing_enabled":true,"jetpack_likes_enabled":true,"_links":{"self":[{"href":"https:\/\/afogadosfm.com.br\/afogadosfm\/wp-json\/wp\/v2\/posts\/69154","targetHints":{"allow":["GET"]}}],"collection":[{"href":"https:\/\/afogadosfm.com.br\/afogadosfm\/wp-json\/wp\/v2\/posts"}],"about":[{"href":"https:\/\/afogadosfm.com.br\/afogadosfm\/wp-json\/wp\/v2\/types\/post"}],"author":[{"embeddable":true,"href":"https:\/\/afogadosfm.com.br\/afogadosfm\/wp-json\/wp\/v2\/users\/2"}],"replies":[{"embeddable":true,"href":"https:\/\/afogadosfm.com.br\/afogadosfm\/wp-json\/wp\/v2\/comments?post=69154"}],"version-history":[{"count":1,"href":"https:\/\/afogadosfm.com.br\/afogadosfm\/wp-json\/wp\/v2\/posts\/69154\/revisions"}],"predecessor-version":[{"id":69156,"href":"https:\/\/afogadosfm.com.br\/afogadosfm\/wp-json\/wp\/v2\/posts\/69154\/revisions\/69156"}],"wp:featuredmedia":[{"embeddable":true,"href":"https:\/\/afogadosfm.com.br\/afogadosfm\/wp-json\/wp\/v2\/media\/69155"}],"wp:attachment":[{"href":"https:\/\/afogadosfm.com.br\/afogadosfm\/wp-json\/wp\/v2\/media?parent=69154"}],"wp:term":[{"taxonomy":"category","embeddable":true,"href":"https:\/\/afogadosfm.com.br\/afogadosfm\/wp-json\/wp\/v2\/categories?post=69154"},{"taxonomy":"post_tag","embeddable":true,"href":"https:\/\/afogadosfm.com.br\/afogadosfm\/wp-json\/wp\/v2\/tags?post=69154"}],"curies":[{"name":"wp","href":"https:\/\/api.w.org\/{rel}","templated":true}]}}