{"id":69157,"date":"2025-09-19T05:55:16","date_gmt":"2025-09-19T08:55:16","guid":{"rendered":"https:\/\/afogadosfm.com.br\/afogadosfm\/?p=69157"},"modified":"2025-09-19T05:55:17","modified_gmt":"2025-09-19T08:55:17","slug":"76-diz-que-bolsonaro-deveria-apoiar-outro-nome-na-disputa-de-2026","status":"publish","type":"post","link":"https:\/\/afogadosfm.com.br\/afogadosfm\/2025\/09\/19\/76-diz-que-bolsonaro-deveria-apoiar-outro-nome-na-disputa-de-2026\/","title":{"rendered":"76% diz que Bolsonaro deveria apoiar outro nome na disputa de 2026"},"content":{"rendered":"\n<p>Pesquisa Genial\/Quaest divulgada nesta quinta-feira, 18, mostra que cresceu o porcentual de eleitores que afirmam que o ex-presidente Jair Bolsonaro (PL) deveria abrir m\u00e3o da candidatura a presidente em 2026 e apoiar outro candidato. O levantamento foi iniciado um dia ap\u00f3s a condena\u00e7\u00e3o de Bolsonaro a 27 anos e 3 meses de pris\u00e3o pela atua\u00e7\u00e3o na trama golpista.<\/p>\n\n\n\n<p>De acordo com o levantamento, 76% defendem que Bolsonaro passe o bast\u00e3o, ante 65% em agosto. Os entrevistados que querem que ele mantenha a candidatura ca\u00edram de 26% para 19%. N\u00e3o souberam ou n\u00e3o responderam 5%.<\/p>\n\n\n\n<p>A Quaest entrevistou 2.004 pessoas com 16 anos ou mais entre os dias 12 e 14 de setembro. A margem de erro \u00e9 de 2 pontos porcentuais para mais ou para menos e o n\u00edvel de confian\u00e7a \u00e9 de 95%.<\/p>\n\n\n\n<p>A pesquisa mostra que o eleitorado bolsonarista est\u00e1, mais do que nunca, dividido sobre o tema: 52% querem que Bolsonaro mantenha a candidatura, enquanto 46% afirmam que ele deveria abrir m\u00e3o. H\u00e1 um m\u00eas, o placar era mais folgado em favor da candidatura do ex-presidente: 66% a 31%.<\/p>\n\n\n\n<p>A Quaest tamb\u00e9m perguntou quem deveria suceder Bolsonaro. O mais citado foi o pr\u00f3prio ex-presidente, com 19%, mesmo patamar dos que defendem que ele mantenha a candidatura. O governador de S\u00e3o Paulo, Tarc\u00edsio de Freitas (Republicanos) \u00e9 o preferido de 15%, seguido do governador do Paran\u00e1, Ratinho J\u00fanior (PSD), com 9%, e da ex-primeira-dama Michelle Bolsonaro (PL), com 5%.<\/p>\n\n\n\n<p>Eduardo Leite (PSD), o ineleg\u00edvel Pablo Mar\u00e7al (PRTB) e Ronaldo Caiado t\u00eam 3% cada. Romeu Zema (Novo) tem 2% e Fl\u00e1vio Bolsonaro (PL) e Eduardo Bolsonaro (PL) 1% cada. Para 28%, nenhum dos nomes citados deve ser o sucessor; 11% n\u00e3o souberam ou n\u00e3o responderam.<\/p>\n\n\n\n<p>A Quaest tamb\u00e9m mediu qual deve ser o papel do presidente Luiz In\u00e1cio Lula da Silva (PT) na elei\u00e7\u00e3o. Para 59%, ele n\u00e3o deveria se candidatar \u00e0 reelei\u00e7\u00e3o, enquanto 39% afirmam que deveria. N\u00e3o houve varia\u00e7\u00e3o fora da margem de erro &#8211; em agosto, o resultado era de 58% a 39%. Com informa\u00e7\u00f5es do Estad\u00e3o Conte\u00fado.<\/p>\n","protected":false},"excerpt":{"rendered":"<p>Pesquisa Genial\/Quaest divulgada nesta quinta-feira, 18, mostra que cresceu o porcentual de eleitores que afirmam que o ex-presidente Jair Bolsonaro<\/p>\n","protected":false},"author":2,"featured_media":45953,"comment_status":"open","ping_status":"open","sticky":false,"template":"","format":"standard","meta":{"jetpack_post_was_ever_published":false,"_jetpack_newsletter_access":"","_jetpack_dont_email_post_to_subs":false,"_jetpack_newsletter_tier_id":0,"_jetpack_memberships_contains_paywalled_content":false,"_jetpack_memberships_contains_paid_content":false,"footnotes":"","jetpack_publicize_message":"","jetpack_publicize_feature_enabled":true,"jetpack_social_post_already_shared":true,"jetpack_social_options":{"image_generator_settings":{"template":"highway","default_image_id":0,"font":"","enabled":false},"version":2}},"categories":[35],"tags":[],"class_list":["post-69157","post","type-post","status-publish","format-standard","has-post-thumbnail","hentry","category-politica"],"yoast_head":"<!-- This site is optimized with the Yoast SEO plugin v27.5 - https:\/\/yoast.com\/product\/yoast-seo-wordpress\/ -->\n<title>76% diz que Bolsonaro deveria apoiar outro nome na disputa de 2026 - Afogados FM<\/title>\n<meta name=\"robots\" content=\"index, follow, max-snippet:-1, max-image-preview:large, max-video-preview:-1\" \/>\n<link rel=\"canonical\" href=\"https:\/\/afogadosfm.com.br\/afogadosfm\/2025\/09\/19\/76-diz-que-bolsonaro-deveria-apoiar-outro-nome-na-disputa-de-2026\/\" \/>\n<meta property=\"og:locale\" content=\"pt_BR\" \/>\n<meta property=\"og:type\" content=\"article\" \/>\n<meta property=\"og:title\" content=\"76% diz que Bolsonaro deveria apoiar outro nome na disputa de 2026 - Afogados FM\" \/>\n<meta property=\"og:description\" content=\"Pesquisa Genial\/Quaest divulgada nesta quinta-feira, 18, mostra que cresceu o porcentual de eleitores que afirmam que o ex-presidente Jair Bolsonaro\" \/>\n<meta property=\"og:url\" content=\"https:\/\/afogadosfm.com.br\/afogadosfm\/2025\/09\/19\/76-diz-que-bolsonaro-deveria-apoiar-outro-nome-na-disputa-de-2026\/\" \/>\n<meta property=\"og:site_name\" content=\"Afogados FM\" \/>\n<meta property=\"article:published_time\" content=\"2025-09-19T08:55:16+00:00\" \/>\n<meta property=\"article:modified_time\" content=\"2025-09-19T08:55:17+00:00\" \/>\n<meta property=\"og:image\" content=\"https:\/\/afogadosfm.com.br\/afogadosfm\/wp-content\/uploads\/2023\/03\/Bolsojoiasa.png\" \/>\n\t<meta property=\"og:image:width\" content=\"700\" \/>\n\t<meta property=\"og:image:height\" content=\"394\" \/>\n\t<meta property=\"og:image:type\" content=\"image\/png\" \/>\n<meta name=\"author\" content=\"afogadosfm\" \/>\n<meta name=\"twitter:card\" content=\"summary_large_image\" \/>\n<meta name=\"twitter:label1\" content=\"Escrito por\" \/>\n\t<meta name=\"twitter:data1\" content=\"afogadosfm\" \/>\n\t<meta name=\"twitter:label2\" content=\"Est. tempo de leitura\" \/>\n\t<meta name=\"twitter:data2\" content=\"3 minutos\" \/>\n<script type=\"application\/ld+json\" class=\"yoast-schema-graph\">{\"@context\":\"https:\\\/\\\/schema.org\",\"@graph\":[{\"@type\":\"Article\",\"@id\":\"https:\\\/\\\/afogadosfm.com.br\\\/afogadosfm\\\/2025\\\/09\\\/19\\\/76-diz-que-bolsonaro-deveria-apoiar-outro-nome-na-disputa-de-2026\\\/#article\",\"isPartOf\":{\"@id\":\"https:\\\/\\\/afogadosfm.com.br\\\/afogadosfm\\\/2025\\\/09\\\/19\\\/76-diz-que-bolsonaro-deveria-apoiar-outro-nome-na-disputa-de-2026\\\/\"},\"author\":{\"name\":\"afogadosfm\",\"@id\":\"https:\\\/\\\/afogadosfm.com.br\\\/afogadosfm\\\/#\\\/schema\\\/person\\\/60e56f2cf5dc960fc093fe093d9e9057\"},\"headline\":\"76% diz que Bolsonaro deveria apoiar outro nome na disputa de 2026\",\"datePublished\":\"2025-09-19T08:55:16+00:00\",\"dateModified\":\"2025-09-19T08:55:17+00:00\",\"mainEntityOfPage\":{\"@id\":\"https:\\\/\\\/afogadosfm.com.br\\\/afogadosfm\\\/2025\\\/09\\\/19\\\/76-diz-que-bolsonaro-deveria-apoiar-outro-nome-na-disputa-de-2026\\\/\"},\"wordCount\":351,\"commentCount\":0,\"publisher\":{\"@id\":\"https:\\\/\\\/afogadosfm.com.br\\\/afogadosfm\\\/#organization\"},\"image\":{\"@id\":\"https:\\\/\\\/afogadosfm.com.br\\\/afogadosfm\\\/2025\\\/09\\\/19\\\/76-diz-que-bolsonaro-deveria-apoiar-outro-nome-na-disputa-de-2026\\\/#primaryimage\"},\"thumbnailUrl\":\"https:\\\/\\\/i0.wp.com\\\/afogadosfm.com.br\\\/afogadosfm\\\/wp-content\\\/uploads\\\/2023\\\/03\\\/Bolsojoiasa.png?fit=700%2C394&ssl=1\",\"articleSection\":[\"Pol\u00edtica\"],\"inLanguage\":\"pt-BR\",\"potentialAction\":[{\"@type\":\"CommentAction\",\"name\":\"Comment\",\"target\":[\"https:\\\/\\\/afogadosfm.com.br\\\/afogadosfm\\\/2025\\\/09\\\/19\\\/76-diz-que-bolsonaro-deveria-apoiar-outro-nome-na-disputa-de-2026\\\/#respond\"]}]},{\"@type\":\"WebPage\",\"@id\":\"https:\\\/\\\/afogadosfm.com.br\\\/afogadosfm\\\/2025\\\/09\\\/19\\\/76-diz-que-bolsonaro-deveria-apoiar-outro-nome-na-disputa-de-2026\\\/\",\"url\":\"https:\\\/\\\/afogadosfm.com.br\\\/afogadosfm\\\/2025\\\/09\\\/19\\\/76-diz-que-bolsonaro-deveria-apoiar-outro-nome-na-disputa-de-2026\\\/\",\"name\":\"76% diz que Bolsonaro deveria apoiar outro nome na disputa de 2026 - Afogados FM\",\"isPartOf\":{\"@id\":\"https:\\\/\\\/afogadosfm.com.br\\\/afogadosfm\\\/#website\"},\"primaryImageOfPage\":{\"@id\":\"https:\\\/\\\/afogadosfm.com.br\\\/afogadosfm\\\/2025\\\/09\\\/19\\\/76-diz-que-bolsonaro-deveria-apoiar-outro-nome-na-disputa-de-2026\\\/#primaryimage\"},\"image\":{\"@id\":\"https:\\\/\\\/afogadosfm.com.br\\\/afogadosfm\\\/2025\\\/09\\\/19\\\/76-diz-que-bolsonaro-deveria-apoiar-outro-nome-na-disputa-de-2026\\\/#primaryimage\"},\"thumbnailUrl\":\"https:\\\/\\\/i0.wp.com\\\/afogadosfm.com.br\\\/afogadosfm\\\/wp-content\\\/uploads\\\/2023\\\/03\\\/Bolsojoiasa.png?fit=700%2C394&ssl=1\",\"datePublished\":\"2025-09-19T08:55:16+00:00\",\"dateModified\":\"2025-09-19T08:55:17+00:00\",\"breadcrumb\":{\"@id\":\"https:\\\/\\\/afogadosfm.com.br\\\/afogadosfm\\\/2025\\\/09\\\/19\\\/76-diz-que-bolsonaro-deveria-apoiar-outro-nome-na-disputa-de-2026\\\/#breadcrumb\"},\"inLanguage\":\"pt-BR\",\"potentialAction\":[{\"@type\":\"ReadAction\",\"target\":[\"https:\\\/\\\/afogadosfm.com.br\\\/afogadosfm\\\/2025\\\/09\\\/19\\\/76-diz-que-bolsonaro-deveria-apoiar-outro-nome-na-disputa-de-2026\\\/\"]}]},{\"@type\":\"ImageObject\",\"inLanguage\":\"pt-BR\",\"@id\":\"https:\\\/\\\/afogadosfm.com.br\\\/afogadosfm\\\/2025\\\/09\\\/19\\\/76-diz-que-bolsonaro-deveria-apoiar-outro-nome-na-disputa-de-2026\\\/#primaryimage\",\"url\":\"https:\\\/\\\/i0.wp.com\\\/afogadosfm.com.br\\\/afogadosfm\\\/wp-content\\\/uploads\\\/2023\\\/03\\\/Bolsojoiasa.png?fit=700%2C394&ssl=1\",\"contentUrl\":\"https:\\\/\\\/i0.wp.com\\\/afogadosfm.com.br\\\/afogadosfm\\\/wp-content\\\/uploads\\\/2023\\\/03\\\/Bolsojoiasa.png?fit=700%2C394&ssl=1\",\"width\":700,\"height\":394},{\"@type\":\"BreadcrumbList\",\"@id\":\"https:\\\/\\\/afogadosfm.com.br\\\/afogadosfm\\\/2025\\\/09\\\/19\\\/76-diz-que-bolsonaro-deveria-apoiar-outro-nome-na-disputa-de-2026\\\/#breadcrumb\",\"itemListElement\":[{\"@type\":\"ListItem\",\"position\":1,\"name\":\"In\u00edcio\",\"item\":\"https:\\\/\\\/afogadosfm.com.br\\\/afogadosfm\\\/\"},{\"@type\":\"ListItem\",\"position\":2,\"name\":\"76% diz que Bolsonaro deveria apoiar outro nome na disputa de 2026\"}]},{\"@type\":\"WebSite\",\"@id\":\"https:\\\/\\\/afogadosfm.com.br\\\/afogadosfm\\\/#website\",\"url\":\"https:\\\/\\\/afogadosfm.com.br\\\/afogadosfm\\\/\",\"name\":\"Afogados FM\",\"description\":\"Um site completo!\",\"publisher\":{\"@id\":\"https:\\\/\\\/afogadosfm.com.br\\\/afogadosfm\\\/#organization\"},\"potentialAction\":[{\"@type\":\"SearchAction\",\"target\":{\"@type\":\"EntryPoint\",\"urlTemplate\":\"https:\\\/\\\/afogadosfm.com.br\\\/afogadosfm\\\/?s={search_term_string}\"},\"query-input\":{\"@type\":\"PropertyValueSpecification\",\"valueRequired\":true,\"valueName\":\"search_term_string\"}}],\"inLanguage\":\"pt-BR\"},{\"@type\":\"Organization\",\"@id\":\"https:\\\/\\\/afogadosfm.com.br\\\/afogadosfm\\\/#organization\",\"name\":\"Afogados FM\",\"url\":\"https:\\\/\\\/afogadosfm.com.br\\\/afogadosfm\\\/\",\"logo\":{\"@type\":\"ImageObject\",\"inLanguage\":\"pt-BR\",\"@id\":\"https:\\\/\\\/afogadosfm.com.br\\\/afogadosfm\\\/#\\\/schema\\\/logo\\\/image\\\/\",\"url\":\"https:\\\/\\\/i0.wp.com\\\/afogadosfm.com.br\\\/afogadosfm\\\/wp-content\\\/uploads\\\/2020\\\/06\\\/cropped-banner-afogados-4.jpg?fit=369%2C137&ssl=1\",\"contentUrl\":\"https:\\\/\\\/i0.wp.com\\\/afogadosfm.com.br\\\/afogadosfm\\\/wp-content\\\/uploads\\\/2020\\\/06\\\/cropped-banner-afogados-4.jpg?fit=369%2C137&ssl=1\",\"width\":369,\"height\":137,\"caption\":\"Afogados FM\"},\"image\":{\"@id\":\"https:\\\/\\\/afogadosfm.com.br\\\/afogadosfm\\\/#\\\/schema\\\/logo\\\/image\\\/\"}},{\"@type\":\"Person\",\"@id\":\"https:\\\/\\\/afogadosfm.com.br\\\/afogadosfm\\\/#\\\/schema\\\/person\\\/60e56f2cf5dc960fc093fe093d9e9057\",\"name\":\"afogadosfm\",\"image\":{\"@type\":\"ImageObject\",\"inLanguage\":\"pt-BR\",\"@id\":\"https:\\\/\\\/secure.gravatar.com\\\/avatar\\\/e0359add7ed5dc3560906d861b52c6a8cf5c1e199d3a7dd85070998f49bd4701?s=96&d=mm&r=g\",\"url\":\"https:\\\/\\\/secure.gravatar.com\\\/avatar\\\/e0359add7ed5dc3560906d861b52c6a8cf5c1e199d3a7dd85070998f49bd4701?s=96&d=mm&r=g\",\"contentUrl\":\"https:\\\/\\\/secure.gravatar.com\\\/avatar\\\/e0359add7ed5dc3560906d861b52c6a8cf5c1e199d3a7dd85070998f49bd4701?s=96&d=mm&r=g\",\"caption\":\"afogadosfm\"},\"url\":\"https:\\\/\\\/afogadosfm.com.br\\\/afogadosfm\\\/author\\\/afogadosfm\\\/\"}]}<\/script>\n<!-- \/ Yoast SEO plugin. -->","yoast_head_json":{"title":"76% diz que Bolsonaro deveria apoiar outro nome na disputa de 2026 - Afogados FM","robots":{"index":"index","follow":"follow","max-snippet":"max-snippet:-1","max-image-preview":"max-image-preview:large","max-video-preview":"max-video-preview:-1"},"canonical":"https:\/\/afogadosfm.com.br\/afogadosfm\/2025\/09\/19\/76-diz-que-bolsonaro-deveria-apoiar-outro-nome-na-disputa-de-2026\/","og_locale":"pt_BR","og_type":"article","og_title":"76% diz que Bolsonaro deveria apoiar outro nome na disputa de 2026 - Afogados FM","og_description":"Pesquisa Genial\/Quaest divulgada nesta quinta-feira, 18, mostra que cresceu o porcentual de eleitores que afirmam que o ex-presidente Jair Bolsonaro","og_url":"https:\/\/afogadosfm.com.br\/afogadosfm\/2025\/09\/19\/76-diz-que-bolsonaro-deveria-apoiar-outro-nome-na-disputa-de-2026\/","og_site_name":"Afogados FM","article_published_time":"2025-09-19T08:55:16+00:00","article_modified_time":"2025-09-19T08:55:17+00:00","og_image":[{"width":700,"height":394,"url":"https:\/\/afogadosfm.com.br\/afogadosfm\/wp-content\/uploads\/2023\/03\/Bolsojoiasa.png","type":"image\/png"}],"author":"afogadosfm","twitter_card":"summary_large_image","twitter_misc":{"Escrito por":"afogadosfm","Est. tempo de leitura":"3 minutos"},"schema":{"@context":"https:\/\/schema.org","@graph":[{"@type":"Article","@id":"https:\/\/afogadosfm.com.br\/afogadosfm\/2025\/09\/19\/76-diz-que-bolsonaro-deveria-apoiar-outro-nome-na-disputa-de-2026\/#article","isPartOf":{"@id":"https:\/\/afogadosfm.com.br\/afogadosfm\/2025\/09\/19\/76-diz-que-bolsonaro-deveria-apoiar-outro-nome-na-disputa-de-2026\/"},"author":{"name":"afogadosfm","@id":"https:\/\/afogadosfm.com.br\/afogadosfm\/#\/schema\/person\/60e56f2cf5dc960fc093fe093d9e9057"},"headline":"76% diz que Bolsonaro deveria apoiar outro nome na disputa de 2026","datePublished":"2025-09-19T08:55:16+00:00","dateModified":"2025-09-19T08:55:17+00:00","mainEntityOfPage":{"@id":"https:\/\/afogadosfm.com.br\/afogadosfm\/2025\/09\/19\/76-diz-que-bolsonaro-deveria-apoiar-outro-nome-na-disputa-de-2026\/"},"wordCount":351,"commentCount":0,"publisher":{"@id":"https:\/\/afogadosfm.com.br\/afogadosfm\/#organization"},"image":{"@id":"https:\/\/afogadosfm.com.br\/afogadosfm\/2025\/09\/19\/76-diz-que-bolsonaro-deveria-apoiar-outro-nome-na-disputa-de-2026\/#primaryimage"},"thumbnailUrl":"https:\/\/i0.wp.com\/afogadosfm.com.br\/afogadosfm\/wp-content\/uploads\/2023\/03\/Bolsojoiasa.png?fit=700%2C394&ssl=1","articleSection":["Pol\u00edtica"],"inLanguage":"pt-BR","potentialAction":[{"@type":"CommentAction","name":"Comment","target":["https:\/\/afogadosfm.com.br\/afogadosfm\/2025\/09\/19\/76-diz-que-bolsonaro-deveria-apoiar-outro-nome-na-disputa-de-2026\/#respond"]}]},{"@type":"WebPage","@id":"https:\/\/afogadosfm.com.br\/afogadosfm\/2025\/09\/19\/76-diz-que-bolsonaro-deveria-apoiar-outro-nome-na-disputa-de-2026\/","url":"https:\/\/afogadosfm.com.br\/afogadosfm\/2025\/09\/19\/76-diz-que-bolsonaro-deveria-apoiar-outro-nome-na-disputa-de-2026\/","name":"76% diz que Bolsonaro deveria apoiar outro nome na disputa de 2026 - Afogados FM","isPartOf":{"@id":"https:\/\/afogadosfm.com.br\/afogadosfm\/#website"},"primaryImageOfPage":{"@id":"https:\/\/afogadosfm.com.br\/afogadosfm\/2025\/09\/19\/76-diz-que-bolsonaro-deveria-apoiar-outro-nome-na-disputa-de-2026\/#primaryimage"},"image":{"@id":"https:\/\/afogadosfm.com.br\/afogadosfm\/2025\/09\/19\/76-diz-que-bolsonaro-deveria-apoiar-outro-nome-na-disputa-de-2026\/#primaryimage"},"thumbnailUrl":"https:\/\/i0.wp.com\/afogadosfm.com.br\/afogadosfm\/wp-content\/uploads\/2023\/03\/Bolsojoiasa.png?fit=700%2C394&ssl=1","datePublished":"2025-09-19T08:55:16+00:00","dateModified":"2025-09-19T08:55:17+00:00","breadcrumb":{"@id":"https:\/\/afogadosfm.com.br\/afogadosfm\/2025\/09\/19\/76-diz-que-bolsonaro-deveria-apoiar-outro-nome-na-disputa-de-2026\/#breadcrumb"},"inLanguage":"pt-BR","potentialAction":[{"@type":"ReadAction","target":["https:\/\/afogadosfm.com.br\/afogadosfm\/2025\/09\/19\/76-diz-que-bolsonaro-deveria-apoiar-outro-nome-na-disputa-de-2026\/"]}]},{"@type":"ImageObject","inLanguage":"pt-BR","@id":"https:\/\/afogadosfm.com.br\/afogadosfm\/2025\/09\/19\/76-diz-que-bolsonaro-deveria-apoiar-outro-nome-na-disputa-de-2026\/#primaryimage","url":"https:\/\/i0.wp.com\/afogadosfm.com.br\/afogadosfm\/wp-content\/uploads\/2023\/03\/Bolsojoiasa.png?fit=700%2C394&ssl=1","contentUrl":"https:\/\/i0.wp.com\/afogadosfm.com.br\/afogadosfm\/wp-content\/uploads\/2023\/03\/Bolsojoiasa.png?fit=700%2C394&ssl=1","width":700,"height":394},{"@type":"BreadcrumbList","@id":"https:\/\/afogadosfm.com.br\/afogadosfm\/2025\/09\/19\/76-diz-que-bolsonaro-deveria-apoiar-outro-nome-na-disputa-de-2026\/#breadcrumb","itemListElement":[{"@type":"ListItem","position":1,"name":"In\u00edcio","item":"https:\/\/afogadosfm.com.br\/afogadosfm\/"},{"@type":"ListItem","position":2,"name":"76% diz que Bolsonaro deveria apoiar outro nome na disputa de 2026"}]},{"@type":"WebSite","@id":"https:\/\/afogadosfm.com.br\/afogadosfm\/#website","url":"https:\/\/afogadosfm.com.br\/afogadosfm\/","name":"Afogados FM","description":"Um site completo!","publisher":{"@id":"https:\/\/afogadosfm.com.br\/afogadosfm\/#organization"},"potentialAction":[{"@type":"SearchAction","target":{"@type":"EntryPoint","urlTemplate":"https:\/\/afogadosfm.com.br\/afogadosfm\/?s={search_term_string}"},"query-input":{"@type":"PropertyValueSpecification","valueRequired":true,"valueName":"search_term_string"}}],"inLanguage":"pt-BR"},{"@type":"Organization","@id":"https:\/\/afogadosfm.com.br\/afogadosfm\/#organization","name":"Afogados FM","url":"https:\/\/afogadosfm.com.br\/afogadosfm\/","logo":{"@type":"ImageObject","inLanguage":"pt-BR","@id":"https:\/\/afogadosfm.com.br\/afogadosfm\/#\/schema\/logo\/image\/","url":"https:\/\/i0.wp.com\/afogadosfm.com.br\/afogadosfm\/wp-content\/uploads\/2020\/06\/cropped-banner-afogados-4.jpg?fit=369%2C137&ssl=1","contentUrl":"https:\/\/i0.wp.com\/afogadosfm.com.br\/afogadosfm\/wp-content\/uploads\/2020\/06\/cropped-banner-afogados-4.jpg?fit=369%2C137&ssl=1","width":369,"height":137,"caption":"Afogados FM"},"image":{"@id":"https:\/\/afogadosfm.com.br\/afogadosfm\/#\/schema\/logo\/image\/"}},{"@type":"Person","@id":"https:\/\/afogadosfm.com.br\/afogadosfm\/#\/schema\/person\/60e56f2cf5dc960fc093fe093d9e9057","name":"afogadosfm","image":{"@type":"ImageObject","inLanguage":"pt-BR","@id":"https:\/\/secure.gravatar.com\/avatar\/e0359add7ed5dc3560906d861b52c6a8cf5c1e199d3a7dd85070998f49bd4701?s=96&d=mm&r=g","url":"https:\/\/secure.gravatar.com\/avatar\/e0359add7ed5dc3560906d861b52c6a8cf5c1e199d3a7dd85070998f49bd4701?s=96&d=mm&r=g","contentUrl":"https:\/\/secure.gravatar.com\/avatar\/e0359add7ed5dc3560906d861b52c6a8cf5c1e199d3a7dd85070998f49bd4701?s=96&d=mm&r=g","caption":"afogadosfm"},"url":"https:\/\/afogadosfm.com.br\/afogadosfm\/author\/afogadosfm\/"}]}},"jetpack_publicize_connections":[],"jetpack_featured_media_url":"https:\/\/i0.wp.com\/afogadosfm.com.br\/afogadosfm\/wp-content\/uploads\/2023\/03\/Bolsojoiasa.png?fit=700%2C394&ssl=1","jetpack-related-posts":[],"jetpack_sharing_enabled":true,"jetpack_likes_enabled":true,"_links":{"self":[{"href":"https:\/\/afogadosfm.com.br\/afogadosfm\/wp-json\/wp\/v2\/posts\/69157","targetHints":{"allow":["GET"]}}],"collection":[{"href":"https:\/\/afogadosfm.com.br\/afogadosfm\/wp-json\/wp\/v2\/posts"}],"about":[{"href":"https:\/\/afogadosfm.com.br\/afogadosfm\/wp-json\/wp\/v2\/types\/post"}],"author":[{"embeddable":true,"href":"https:\/\/afogadosfm.com.br\/afogadosfm\/wp-json\/wp\/v2\/users\/2"}],"replies":[{"embeddable":true,"href":"https:\/\/afogadosfm.com.br\/afogadosfm\/wp-json\/wp\/v2\/comments?post=69157"}],"version-history":[{"count":1,"href":"https:\/\/afogadosfm.com.br\/afogadosfm\/wp-json\/wp\/v2\/posts\/69157\/revisions"}],"predecessor-version":[{"id":69158,"href":"https:\/\/afogadosfm.com.br\/afogadosfm\/wp-json\/wp\/v2\/posts\/69157\/revisions\/69158"}],"wp:featuredmedia":[{"embeddable":true,"href":"https:\/\/afogadosfm.com.br\/afogadosfm\/wp-json\/wp\/v2\/media\/45953"}],"wp:attachment":[{"href":"https:\/\/afogadosfm.com.br\/afogadosfm\/wp-json\/wp\/v2\/media?parent=69157"}],"wp:term":[{"taxonomy":"category","embeddable":true,"href":"https:\/\/afogadosfm.com.br\/afogadosfm\/wp-json\/wp\/v2\/categories?post=69157"},{"taxonomy":"post_tag","embeddable":true,"href":"https:\/\/afogadosfm.com.br\/afogadosfm\/wp-json\/wp\/v2\/tags?post=69157"}],"curies":[{"name":"wp","href":"https:\/\/api.w.org\/{rel}","templated":true}]}}