{"id":69167,"date":"2025-09-19T06:59:27","date_gmt":"2025-09-19T09:59:27","guid":{"rendered":"https:\/\/afogadosfm.com.br\/afogadosfm\/?p=69167"},"modified":"2025-09-19T06:59:29","modified_gmt":"2025-09-19T09:59:29","slug":"especialistas-defendem-acoes-para-conter-superendividamento-de-servidores-publicos","status":"publish","type":"post","link":"https:\/\/afogadosfm.com.br\/afogadosfm\/2025\/09\/19\/especialistas-defendem-acoes-para-conter-superendividamento-de-servidores-publicos\/","title":{"rendered":"Especialistas defendem a\u00e7\u00f5es para conter superendividamento de servidores p\u00fablicos"},"content":{"rendered":"\n<p>Em audi\u00eancia p\u00fablica, a Comiss\u00e3o de Defesa do Consumidor debateu o tema do&nbsp; superendividamento dos servidores p\u00fablicos. Especialistas acusam os bancos de explorar os funcion\u00e1rios da administra\u00e7\u00e3o p\u00fablica por meio do cr\u00e9dito consignado, um tipo de empr\u00e9stimo no qual as parcelas s\u00e3o descontadas diretamente do sal\u00e1rio, aposentadoria ou pens\u00e3o do contratante.<\/p>\n\n\n\n<p>De acordo com dados do Banco Central apresentados durante a audi\u00eancia, somente em 2024, o saldo de opera\u00e7\u00f5es de cr\u00e9dito consignado para o setor p\u00fablico ultrapassou R$ 212 bilh\u00f5es, com proje\u00e7\u00e3o de R$ 230 bilh\u00f5es para 2025. Servidores com mais de 50 anos concentram 60% desse volume e 25% dos servidores federais comprometem mais de 40% da renda com d\u00edvidas. Entre os inativos, o problema aumenta: 45% deles comprometem quase metade da renda, com o pagamento de empr\u00e9stimos.<\/p>\n\n\n\n<p>Considera-se superendividamento quando o n\u00edvel de d\u00edvidas decorrente de opera\u00e7\u00f5es financeiras ultrapassa 50% do sal\u00e1rio recebido. Atualmente h\u00e1 casos de servidores com at\u00e9 70% do sal\u00e1rio comprometido com essas opera\u00e7\u00f5es.<\/p>\n\n\n\n<p>O deputado Daniel Almeida (PCdoB-BA), um dos autores do requerimento para realizar a audi\u00eancia, criticou o sistema financeiro atual:<\/p>\n\n\n\n<p>&#8220;Um setor que deveria ser suporte para a atividade econ\u00f4mica e para ajudar as pessoas a ter acesso a bens, a condi\u00e7\u00f5es mais favor\u00e1veis para consumir, ele acaba sugando toda a energia do setor produtivo e de outros setores. \u00c9 um sistema que ganhou for\u00e7a, que ganhou prest\u00edgio, que ganhou poder pol\u00edtico e que \u00e9 quase intoc\u00e1vel.&#8221;<\/p>\n\n\n\n<p>Wellinton de Queiroz, advogado especializado em direito do consumidor, afirmou que, para os bancos, o cr\u00e9dito consignado \u00e9 extremamente vantajoso:<\/p>\n\n\n\n<p>\u201cOs servidores p\u00fablicos est\u00e3o sendo explorados pelos bancos, est\u00e3o sendo extorquidos pelos bancos. Hoje n\u00e3o h\u00e1 opera\u00e7\u00e3o produto no banco melhor do que o consignado em termos de rentabilidade, porque o consignado n\u00e3o tem risco, praticamente rico zero.\u201d<\/p>\n\n\n\n<p>O presidente do SINDJUS (Sindicato dos Trabalhadores do Poder Judici\u00e1rio e do Minist\u00e9rio P\u00fablico da Uni\u00e3o no Distrito Federal), Jose Rodrigues Costa Neto, explicou que, como t\u00eam sal\u00e1rios garantidos, os servidores p\u00fablicos se tornam alvos preferenciais das institui\u00e7\u00f5es financeiras, que oferecem o cr\u00e9dito com facilidade.<\/p>\n\n\n\n<p>De acordo com o presidente da Confedera\u00e7\u00e3o dos Servidores P\u00fablicos do Brasil (CSPB), Jo\u00e3o Domingos, a entidade fez levantamentos que indicam, em m\u00e9dia, que mais de 60% do corpo de funcion\u00e1rios est\u00e1 endividada. Atualmente, h\u00e1 12 milh\u00f5es de servidores p\u00fablicos no pa\u00eds, o que equivaleria a mais de 7 milh\u00f5es de trabalhadores e trabalhadoras com algum n\u00edvel de d\u00edvida.<\/p>\n\n\n\n<p>Al\u00e9m de diagnosticar o problema, os especialistas defenderam a tomada de provid\u00eancias para conter o endividamento e o superendividamento. Jo\u00e3o Domingos prop\u00f4s que os parlamentares e os \u00f3rg\u00e3os de classe se envolvam na busca por solu\u00e7\u00f5es:<\/p>\n\n\n\n<p>\u201cPrimeiro confesso que n\u00f3s estamos trabalhando de forma coordenada em cima da reinvindica\u00e7\u00e3o, talvez a mais forte aqui, de ser criado um grupo de trabalho nesta Comiss\u00e3o de Defesa do Consumidor, para propor solu\u00e7\u00f5es n\u00e3o apenas legislativas, mas outros tipos de norma, mas, sobretudo que alcance as esferas da administra\u00e7\u00e3o p\u00fablica, o munic\u00edpio, o estado, a Uni\u00e3o e os tr\u00eas poderes constitu\u00eddos.\u201d<\/p>\n\n\n\n<p>Jose Rodrigues Costa Neto, do SINDJUS, destacou a necessidade de mais investimentos em educa\u00e7\u00e3o financeira e em pol\u00edticas p\u00fablicas, entre outras medidas:<\/p>\n\n\n\n<p>\u201cPrecisamos de uma a\u00e7\u00e3o coordenada entre governos, sindicatos, institui\u00e7\u00f5es financeiras e sociedade civil. \u00c9 essencial investir em educa\u00e7\u00e3o financeira, limitar descontos abusivos em folha, criar canais seguros de renegocia\u00e7\u00e3o de d\u00edvidas e proteger o servidor com pol\u00edticas p\u00fablicas eficazes.\u201d<\/p>\n\n\n\n<p>Para Costa Neto, muitos servidores que contratam cr\u00e9dito consignado pensam no valor da parcela de forma isolada. \u00c9 como se s\u00f3 observassem o percentual de 35% do sal\u00e1rio l\u00edquido, sem perceberem o impacto cumulativo de m\u00faltiplas opera\u00e7\u00f5es no or\u00e7amento dom\u00e9stico. O problema acaba prejudicando fam\u00edlias inteiras e impacta a administra\u00e7\u00e3o p\u00fablica.<\/p>\n\n\n\n<p>Da R\u00e1dio C\u00e2mara, de Bras\u00edlia, Isadora Marinho.<\/p>\n","protected":false},"excerpt":{"rendered":"<p>Em audi\u00eancia p\u00fablica, a Comiss\u00e3o de Defesa do Consumidor debateu o tema do&nbsp; superendividamento dos servidores p\u00fablicos. Especialistas acusam os<\/p>\n","protected":false},"author":2,"featured_media":66454,"comment_status":"open","ping_status":"open","sticky":false,"template":"","format":"standard","meta":{"jetpack_post_was_ever_published":false,"_jetpack_newsletter_access":"","_jetpack_dont_email_post_to_subs":false,"_jetpack_newsletter_tier_id":0,"_jetpack_memberships_contains_paywalled_content":false,"_jetpack_memberships_contains_paid_content":false,"footnotes":"","jetpack_publicize_message":"","jetpack_publicize_feature_enabled":true,"jetpack_social_post_already_shared":true,"jetpack_social_options":{"image_generator_settings":{"template":"highway","default_image_id":0,"font":"","enabled":false},"version":2}},"categories":[12],"tags":[],"class_list":["post-69167","post","type-post","status-publish","format-standard","has-post-thumbnail","hentry","category-brasil"],"yoast_head":"<!-- This site is optimized with the Yoast SEO plugin v27.5 - https:\/\/yoast.com\/product\/yoast-seo-wordpress\/ -->\n<title>Especialistas defendem a\u00e7\u00f5es para conter superendividamento de servidores p\u00fablicos - Afogados FM<\/title>\n<meta name=\"robots\" content=\"index, follow, max-snippet:-1, max-image-preview:large, max-video-preview:-1\" \/>\n<link rel=\"canonical\" href=\"https:\/\/afogadosfm.com.br\/afogadosfm\/2025\/09\/19\/especialistas-defendem-acoes-para-conter-superendividamento-de-servidores-publicos\/\" \/>\n<meta property=\"og:locale\" content=\"pt_BR\" \/>\n<meta property=\"og:type\" content=\"article\" \/>\n<meta property=\"og:title\" content=\"Especialistas defendem a\u00e7\u00f5es para conter superendividamento de servidores p\u00fablicos - Afogados FM\" \/>\n<meta property=\"og:description\" content=\"Em audi\u00eancia p\u00fablica, a Comiss\u00e3o de Defesa do Consumidor debateu o tema do&nbsp; superendividamento dos servidores p\u00fablicos. Especialistas acusam os\" \/>\n<meta property=\"og:url\" content=\"https:\/\/afogadosfm.com.br\/afogadosfm\/2025\/09\/19\/especialistas-defendem-acoes-para-conter-superendividamento-de-servidores-publicos\/\" \/>\n<meta property=\"og:site_name\" content=\"Afogados FM\" \/>\n<meta property=\"article:published_time\" content=\"2025-09-19T09:59:27+00:00\" \/>\n<meta property=\"article:modified_time\" content=\"2025-09-19T09:59:29+00:00\" \/>\n<meta property=\"og:image\" content=\"https:\/\/afogadosfm.com.br\/afogadosfm\/wp-content\/uploads\/2025\/06\/real.jpeg\" \/>\n\t<meta property=\"og:image:width\" content=\"474\" \/>\n\t<meta property=\"og:image:height\" content=\"315\" \/>\n\t<meta property=\"og:image:type\" content=\"image\/jpeg\" \/>\n<meta name=\"author\" content=\"afogadosfm\" \/>\n<meta name=\"twitter:card\" content=\"summary_large_image\" \/>\n<meta name=\"twitter:label1\" content=\"Escrito por\" \/>\n\t<meta name=\"twitter:data1\" content=\"afogadosfm\" \/>\n\t<meta name=\"twitter:label2\" content=\"Est. tempo de leitura\" \/>\n\t<meta name=\"twitter:data2\" content=\"4 minutos\" \/>\n<script type=\"application\/ld+json\" class=\"yoast-schema-graph\">{\"@context\":\"https:\\\/\\\/schema.org\",\"@graph\":[{\"@type\":\"Article\",\"@id\":\"https:\\\/\\\/afogadosfm.com.br\\\/afogadosfm\\\/2025\\\/09\\\/19\\\/especialistas-defendem-acoes-para-conter-superendividamento-de-servidores-publicos\\\/#article\",\"isPartOf\":{\"@id\":\"https:\\\/\\\/afogadosfm.com.br\\\/afogadosfm\\\/2025\\\/09\\\/19\\\/especialistas-defendem-acoes-para-conter-superendividamento-de-servidores-publicos\\\/\"},\"author\":{\"name\":\"afogadosfm\",\"@id\":\"https:\\\/\\\/afogadosfm.com.br\\\/afogadosfm\\\/#\\\/schema\\\/person\\\/60e56f2cf5dc960fc093fe093d9e9057\"},\"headline\":\"Especialistas defendem a\u00e7\u00f5es para conter superendividamento de servidores p\u00fablicos\",\"datePublished\":\"2025-09-19T09:59:27+00:00\",\"dateModified\":\"2025-09-19T09:59:29+00:00\",\"mainEntityOfPage\":{\"@id\":\"https:\\\/\\\/afogadosfm.com.br\\\/afogadosfm\\\/2025\\\/09\\\/19\\\/especialistas-defendem-acoes-para-conter-superendividamento-de-servidores-publicos\\\/\"},\"wordCount\":708,\"commentCount\":0,\"publisher\":{\"@id\":\"https:\\\/\\\/afogadosfm.com.br\\\/afogadosfm\\\/#organization\"},\"image\":{\"@id\":\"https:\\\/\\\/afogadosfm.com.br\\\/afogadosfm\\\/2025\\\/09\\\/19\\\/especialistas-defendem-acoes-para-conter-superendividamento-de-servidores-publicos\\\/#primaryimage\"},\"thumbnailUrl\":\"https:\\\/\\\/i0.wp.com\\\/afogadosfm.com.br\\\/afogadosfm\\\/wp-content\\\/uploads\\\/2025\\\/06\\\/real.jpeg?fit=474%2C315&ssl=1\",\"articleSection\":[\"Brasil\"],\"inLanguage\":\"pt-BR\",\"potentialAction\":[{\"@type\":\"CommentAction\",\"name\":\"Comment\",\"target\":[\"https:\\\/\\\/afogadosfm.com.br\\\/afogadosfm\\\/2025\\\/09\\\/19\\\/especialistas-defendem-acoes-para-conter-superendividamento-de-servidores-publicos\\\/#respond\"]}]},{\"@type\":\"WebPage\",\"@id\":\"https:\\\/\\\/afogadosfm.com.br\\\/afogadosfm\\\/2025\\\/09\\\/19\\\/especialistas-defendem-acoes-para-conter-superendividamento-de-servidores-publicos\\\/\",\"url\":\"https:\\\/\\\/afogadosfm.com.br\\\/afogadosfm\\\/2025\\\/09\\\/19\\\/especialistas-defendem-acoes-para-conter-superendividamento-de-servidores-publicos\\\/\",\"name\":\"Especialistas defendem a\u00e7\u00f5es para conter superendividamento de servidores p\u00fablicos - Afogados FM\",\"isPartOf\":{\"@id\":\"https:\\\/\\\/afogadosfm.com.br\\\/afogadosfm\\\/#website\"},\"primaryImageOfPage\":{\"@id\":\"https:\\\/\\\/afogadosfm.com.br\\\/afogadosfm\\\/2025\\\/09\\\/19\\\/especialistas-defendem-acoes-para-conter-superendividamento-de-servidores-publicos\\\/#primaryimage\"},\"image\":{\"@id\":\"https:\\\/\\\/afogadosfm.com.br\\\/afogadosfm\\\/2025\\\/09\\\/19\\\/especialistas-defendem-acoes-para-conter-superendividamento-de-servidores-publicos\\\/#primaryimage\"},\"thumbnailUrl\":\"https:\\\/\\\/i0.wp.com\\\/afogadosfm.com.br\\\/afogadosfm\\\/wp-content\\\/uploads\\\/2025\\\/06\\\/real.jpeg?fit=474%2C315&ssl=1\",\"datePublished\":\"2025-09-19T09:59:27+00:00\",\"dateModified\":\"2025-09-19T09:59:29+00:00\",\"breadcrumb\":{\"@id\":\"https:\\\/\\\/afogadosfm.com.br\\\/afogadosfm\\\/2025\\\/09\\\/19\\\/especialistas-defendem-acoes-para-conter-superendividamento-de-servidores-publicos\\\/#breadcrumb\"},\"inLanguage\":\"pt-BR\",\"potentialAction\":[{\"@type\":\"ReadAction\",\"target\":[\"https:\\\/\\\/afogadosfm.com.br\\\/afogadosfm\\\/2025\\\/09\\\/19\\\/especialistas-defendem-acoes-para-conter-superendividamento-de-servidores-publicos\\\/\"]}]},{\"@type\":\"ImageObject\",\"inLanguage\":\"pt-BR\",\"@id\":\"https:\\\/\\\/afogadosfm.com.br\\\/afogadosfm\\\/2025\\\/09\\\/19\\\/especialistas-defendem-acoes-para-conter-superendividamento-de-servidores-publicos\\\/#primaryimage\",\"url\":\"https:\\\/\\\/i0.wp.com\\\/afogadosfm.com.br\\\/afogadosfm\\\/wp-content\\\/uploads\\\/2025\\\/06\\\/real.jpeg?fit=474%2C315&ssl=1\",\"contentUrl\":\"https:\\\/\\\/i0.wp.com\\\/afogadosfm.com.br\\\/afogadosfm\\\/wp-content\\\/uploads\\\/2025\\\/06\\\/real.jpeg?fit=474%2C315&ssl=1\",\"width\":474,\"height\":315},{\"@type\":\"BreadcrumbList\",\"@id\":\"https:\\\/\\\/afogadosfm.com.br\\\/afogadosfm\\\/2025\\\/09\\\/19\\\/especialistas-defendem-acoes-para-conter-superendividamento-de-servidores-publicos\\\/#breadcrumb\",\"itemListElement\":[{\"@type\":\"ListItem\",\"position\":1,\"name\":\"In\u00edcio\",\"item\":\"https:\\\/\\\/afogadosfm.com.br\\\/afogadosfm\\\/\"},{\"@type\":\"ListItem\",\"position\":2,\"name\":\"Especialistas defendem a\u00e7\u00f5es para conter superendividamento de servidores p\u00fablicos\"}]},{\"@type\":\"WebSite\",\"@id\":\"https:\\\/\\\/afogadosfm.com.br\\\/afogadosfm\\\/#website\",\"url\":\"https:\\\/\\\/afogadosfm.com.br\\\/afogadosfm\\\/\",\"name\":\"Afogados FM\",\"description\":\"Um site completo!\",\"publisher\":{\"@id\":\"https:\\\/\\\/afogadosfm.com.br\\\/afogadosfm\\\/#organization\"},\"potentialAction\":[{\"@type\":\"SearchAction\",\"target\":{\"@type\":\"EntryPoint\",\"urlTemplate\":\"https:\\\/\\\/afogadosfm.com.br\\\/afogadosfm\\\/?s={search_term_string}\"},\"query-input\":{\"@type\":\"PropertyValueSpecification\",\"valueRequired\":true,\"valueName\":\"search_term_string\"}}],\"inLanguage\":\"pt-BR\"},{\"@type\":\"Organization\",\"@id\":\"https:\\\/\\\/afogadosfm.com.br\\\/afogadosfm\\\/#organization\",\"name\":\"Afogados FM\",\"url\":\"https:\\\/\\\/afogadosfm.com.br\\\/afogadosfm\\\/\",\"logo\":{\"@type\":\"ImageObject\",\"inLanguage\":\"pt-BR\",\"@id\":\"https:\\\/\\\/afogadosfm.com.br\\\/afogadosfm\\\/#\\\/schema\\\/logo\\\/image\\\/\",\"url\":\"https:\\\/\\\/i0.wp.com\\\/afogadosfm.com.br\\\/afogadosfm\\\/wp-content\\\/uploads\\\/2020\\\/06\\\/cropped-banner-afogados-4.jpg?fit=369%2C137&ssl=1\",\"contentUrl\":\"https:\\\/\\\/i0.wp.com\\\/afogadosfm.com.br\\\/afogadosfm\\\/wp-content\\\/uploads\\\/2020\\\/06\\\/cropped-banner-afogados-4.jpg?fit=369%2C137&ssl=1\",\"width\":369,\"height\":137,\"caption\":\"Afogados FM\"},\"image\":{\"@id\":\"https:\\\/\\\/afogadosfm.com.br\\\/afogadosfm\\\/#\\\/schema\\\/logo\\\/image\\\/\"}},{\"@type\":\"Person\",\"@id\":\"https:\\\/\\\/afogadosfm.com.br\\\/afogadosfm\\\/#\\\/schema\\\/person\\\/60e56f2cf5dc960fc093fe093d9e9057\",\"name\":\"afogadosfm\",\"image\":{\"@type\":\"ImageObject\",\"inLanguage\":\"pt-BR\",\"@id\":\"https:\\\/\\\/secure.gravatar.com\\\/avatar\\\/e0359add7ed5dc3560906d861b52c6a8cf5c1e199d3a7dd85070998f49bd4701?s=96&d=mm&r=g\",\"url\":\"https:\\\/\\\/secure.gravatar.com\\\/avatar\\\/e0359add7ed5dc3560906d861b52c6a8cf5c1e199d3a7dd85070998f49bd4701?s=96&d=mm&r=g\",\"contentUrl\":\"https:\\\/\\\/secure.gravatar.com\\\/avatar\\\/e0359add7ed5dc3560906d861b52c6a8cf5c1e199d3a7dd85070998f49bd4701?s=96&d=mm&r=g\",\"caption\":\"afogadosfm\"},\"url\":\"https:\\\/\\\/afogadosfm.com.br\\\/afogadosfm\\\/author\\\/afogadosfm\\\/\"}]}<\/script>\n<!-- \/ Yoast SEO plugin. -->","yoast_head_json":{"title":"Especialistas defendem a\u00e7\u00f5es para conter superendividamento de servidores p\u00fablicos - Afogados FM","robots":{"index":"index","follow":"follow","max-snippet":"max-snippet:-1","max-image-preview":"max-image-preview:large","max-video-preview":"max-video-preview:-1"},"canonical":"https:\/\/afogadosfm.com.br\/afogadosfm\/2025\/09\/19\/especialistas-defendem-acoes-para-conter-superendividamento-de-servidores-publicos\/","og_locale":"pt_BR","og_type":"article","og_title":"Especialistas defendem a\u00e7\u00f5es para conter superendividamento de servidores p\u00fablicos - Afogados FM","og_description":"Em audi\u00eancia p\u00fablica, a Comiss\u00e3o de Defesa do Consumidor debateu o tema do&nbsp; superendividamento dos servidores p\u00fablicos. Especialistas acusam os","og_url":"https:\/\/afogadosfm.com.br\/afogadosfm\/2025\/09\/19\/especialistas-defendem-acoes-para-conter-superendividamento-de-servidores-publicos\/","og_site_name":"Afogados FM","article_published_time":"2025-09-19T09:59:27+00:00","article_modified_time":"2025-09-19T09:59:29+00:00","og_image":[{"width":474,"height":315,"url":"https:\/\/afogadosfm.com.br\/afogadosfm\/wp-content\/uploads\/2025\/06\/real.jpeg","type":"image\/jpeg"}],"author":"afogadosfm","twitter_card":"summary_large_image","twitter_misc":{"Escrito por":"afogadosfm","Est. tempo de leitura":"4 minutos"},"schema":{"@context":"https:\/\/schema.org","@graph":[{"@type":"Article","@id":"https:\/\/afogadosfm.com.br\/afogadosfm\/2025\/09\/19\/especialistas-defendem-acoes-para-conter-superendividamento-de-servidores-publicos\/#article","isPartOf":{"@id":"https:\/\/afogadosfm.com.br\/afogadosfm\/2025\/09\/19\/especialistas-defendem-acoes-para-conter-superendividamento-de-servidores-publicos\/"},"author":{"name":"afogadosfm","@id":"https:\/\/afogadosfm.com.br\/afogadosfm\/#\/schema\/person\/60e56f2cf5dc960fc093fe093d9e9057"},"headline":"Especialistas defendem a\u00e7\u00f5es para conter superendividamento de servidores p\u00fablicos","datePublished":"2025-09-19T09:59:27+00:00","dateModified":"2025-09-19T09:59:29+00:00","mainEntityOfPage":{"@id":"https:\/\/afogadosfm.com.br\/afogadosfm\/2025\/09\/19\/especialistas-defendem-acoes-para-conter-superendividamento-de-servidores-publicos\/"},"wordCount":708,"commentCount":0,"publisher":{"@id":"https:\/\/afogadosfm.com.br\/afogadosfm\/#organization"},"image":{"@id":"https:\/\/afogadosfm.com.br\/afogadosfm\/2025\/09\/19\/especialistas-defendem-acoes-para-conter-superendividamento-de-servidores-publicos\/#primaryimage"},"thumbnailUrl":"https:\/\/i0.wp.com\/afogadosfm.com.br\/afogadosfm\/wp-content\/uploads\/2025\/06\/real.jpeg?fit=474%2C315&ssl=1","articleSection":["Brasil"],"inLanguage":"pt-BR","potentialAction":[{"@type":"CommentAction","name":"Comment","target":["https:\/\/afogadosfm.com.br\/afogadosfm\/2025\/09\/19\/especialistas-defendem-acoes-para-conter-superendividamento-de-servidores-publicos\/#respond"]}]},{"@type":"WebPage","@id":"https:\/\/afogadosfm.com.br\/afogadosfm\/2025\/09\/19\/especialistas-defendem-acoes-para-conter-superendividamento-de-servidores-publicos\/","url":"https:\/\/afogadosfm.com.br\/afogadosfm\/2025\/09\/19\/especialistas-defendem-acoes-para-conter-superendividamento-de-servidores-publicos\/","name":"Especialistas defendem a\u00e7\u00f5es para conter superendividamento de servidores p\u00fablicos - Afogados FM","isPartOf":{"@id":"https:\/\/afogadosfm.com.br\/afogadosfm\/#website"},"primaryImageOfPage":{"@id":"https:\/\/afogadosfm.com.br\/afogadosfm\/2025\/09\/19\/especialistas-defendem-acoes-para-conter-superendividamento-de-servidores-publicos\/#primaryimage"},"image":{"@id":"https:\/\/afogadosfm.com.br\/afogadosfm\/2025\/09\/19\/especialistas-defendem-acoes-para-conter-superendividamento-de-servidores-publicos\/#primaryimage"},"thumbnailUrl":"https:\/\/i0.wp.com\/afogadosfm.com.br\/afogadosfm\/wp-content\/uploads\/2025\/06\/real.jpeg?fit=474%2C315&ssl=1","datePublished":"2025-09-19T09:59:27+00:00","dateModified":"2025-09-19T09:59:29+00:00","breadcrumb":{"@id":"https:\/\/afogadosfm.com.br\/afogadosfm\/2025\/09\/19\/especialistas-defendem-acoes-para-conter-superendividamento-de-servidores-publicos\/#breadcrumb"},"inLanguage":"pt-BR","potentialAction":[{"@type":"ReadAction","target":["https:\/\/afogadosfm.com.br\/afogadosfm\/2025\/09\/19\/especialistas-defendem-acoes-para-conter-superendividamento-de-servidores-publicos\/"]}]},{"@type":"ImageObject","inLanguage":"pt-BR","@id":"https:\/\/afogadosfm.com.br\/afogadosfm\/2025\/09\/19\/especialistas-defendem-acoes-para-conter-superendividamento-de-servidores-publicos\/#primaryimage","url":"https:\/\/i0.wp.com\/afogadosfm.com.br\/afogadosfm\/wp-content\/uploads\/2025\/06\/real.jpeg?fit=474%2C315&ssl=1","contentUrl":"https:\/\/i0.wp.com\/afogadosfm.com.br\/afogadosfm\/wp-content\/uploads\/2025\/06\/real.jpeg?fit=474%2C315&ssl=1","width":474,"height":315},{"@type":"BreadcrumbList","@id":"https:\/\/afogadosfm.com.br\/afogadosfm\/2025\/09\/19\/especialistas-defendem-acoes-para-conter-superendividamento-de-servidores-publicos\/#breadcrumb","itemListElement":[{"@type":"ListItem","position":1,"name":"In\u00edcio","item":"https:\/\/afogadosfm.com.br\/afogadosfm\/"},{"@type":"ListItem","position":2,"name":"Especialistas defendem a\u00e7\u00f5es para conter superendividamento de servidores p\u00fablicos"}]},{"@type":"WebSite","@id":"https:\/\/afogadosfm.com.br\/afogadosfm\/#website","url":"https:\/\/afogadosfm.com.br\/afogadosfm\/","name":"Afogados FM","description":"Um site completo!","publisher":{"@id":"https:\/\/afogadosfm.com.br\/afogadosfm\/#organization"},"potentialAction":[{"@type":"SearchAction","target":{"@type":"EntryPoint","urlTemplate":"https:\/\/afogadosfm.com.br\/afogadosfm\/?s={search_term_string}"},"query-input":{"@type":"PropertyValueSpecification","valueRequired":true,"valueName":"search_term_string"}}],"inLanguage":"pt-BR"},{"@type":"Organization","@id":"https:\/\/afogadosfm.com.br\/afogadosfm\/#organization","name":"Afogados FM","url":"https:\/\/afogadosfm.com.br\/afogadosfm\/","logo":{"@type":"ImageObject","inLanguage":"pt-BR","@id":"https:\/\/afogadosfm.com.br\/afogadosfm\/#\/schema\/logo\/image\/","url":"https:\/\/i0.wp.com\/afogadosfm.com.br\/afogadosfm\/wp-content\/uploads\/2020\/06\/cropped-banner-afogados-4.jpg?fit=369%2C137&ssl=1","contentUrl":"https:\/\/i0.wp.com\/afogadosfm.com.br\/afogadosfm\/wp-content\/uploads\/2020\/06\/cropped-banner-afogados-4.jpg?fit=369%2C137&ssl=1","width":369,"height":137,"caption":"Afogados FM"},"image":{"@id":"https:\/\/afogadosfm.com.br\/afogadosfm\/#\/schema\/logo\/image\/"}},{"@type":"Person","@id":"https:\/\/afogadosfm.com.br\/afogadosfm\/#\/schema\/person\/60e56f2cf5dc960fc093fe093d9e9057","name":"afogadosfm","image":{"@type":"ImageObject","inLanguage":"pt-BR","@id":"https:\/\/secure.gravatar.com\/avatar\/e0359add7ed5dc3560906d861b52c6a8cf5c1e199d3a7dd85070998f49bd4701?s=96&d=mm&r=g","url":"https:\/\/secure.gravatar.com\/avatar\/e0359add7ed5dc3560906d861b52c6a8cf5c1e199d3a7dd85070998f49bd4701?s=96&d=mm&r=g","contentUrl":"https:\/\/secure.gravatar.com\/avatar\/e0359add7ed5dc3560906d861b52c6a8cf5c1e199d3a7dd85070998f49bd4701?s=96&d=mm&r=g","caption":"afogadosfm"},"url":"https:\/\/afogadosfm.com.br\/afogadosfm\/author\/afogadosfm\/"}]}},"jetpack_publicize_connections":[],"jetpack_featured_media_url":"https:\/\/i0.wp.com\/afogadosfm.com.br\/afogadosfm\/wp-content\/uploads\/2025\/06\/real.jpeg?fit=474%2C315&ssl=1","jetpack-related-posts":[],"jetpack_sharing_enabled":true,"jetpack_likes_enabled":true,"_links":{"self":[{"href":"https:\/\/afogadosfm.com.br\/afogadosfm\/wp-json\/wp\/v2\/posts\/69167","targetHints":{"allow":["GET"]}}],"collection":[{"href":"https:\/\/afogadosfm.com.br\/afogadosfm\/wp-json\/wp\/v2\/posts"}],"about":[{"href":"https:\/\/afogadosfm.com.br\/afogadosfm\/wp-json\/wp\/v2\/types\/post"}],"author":[{"embeddable":true,"href":"https:\/\/afogadosfm.com.br\/afogadosfm\/wp-json\/wp\/v2\/users\/2"}],"replies":[{"embeddable":true,"href":"https:\/\/afogadosfm.com.br\/afogadosfm\/wp-json\/wp\/v2\/comments?post=69167"}],"version-history":[{"count":1,"href":"https:\/\/afogadosfm.com.br\/afogadosfm\/wp-json\/wp\/v2\/posts\/69167\/revisions"}],"predecessor-version":[{"id":69168,"href":"https:\/\/afogadosfm.com.br\/afogadosfm\/wp-json\/wp\/v2\/posts\/69167\/revisions\/69168"}],"wp:featuredmedia":[{"embeddable":true,"href":"https:\/\/afogadosfm.com.br\/afogadosfm\/wp-json\/wp\/v2\/media\/66454"}],"wp:attachment":[{"href":"https:\/\/afogadosfm.com.br\/afogadosfm\/wp-json\/wp\/v2\/media?parent=69167"}],"wp:term":[{"taxonomy":"category","embeddable":true,"href":"https:\/\/afogadosfm.com.br\/afogadosfm\/wp-json\/wp\/v2\/categories?post=69167"},{"taxonomy":"post_tag","embeddable":true,"href":"https:\/\/afogadosfm.com.br\/afogadosfm\/wp-json\/wp\/v2\/tags?post=69167"}],"curies":[{"name":"wp","href":"https:\/\/api.w.org\/{rel}","templated":true}]}}