{"id":69171,"date":"2025-09-19T07:11:47","date_gmt":"2025-09-19T10:11:47","guid":{"rendered":"https:\/\/afogadosfm.com.br\/afogadosfm\/?p=69171"},"modified":"2025-09-19T07:11:47","modified_gmt":"2025-09-19T10:11:47","slug":"eduardo-bolsonaro-falta-a-votacao-de-anistia-ao-pai-e-culpa-problemas-tecnicos","status":"publish","type":"post","link":"https:\/\/afogadosfm.com.br\/afogadosfm\/2025\/09\/19\/eduardo-bolsonaro-falta-a-votacao-de-anistia-ao-pai-e-culpa-problemas-tecnicos\/","title":{"rendered":"Eduardo Bolsonaro falta a vota\u00e7\u00e3o de anistia ao pai e culpa &#8216;problemas t\u00e9cnicos&#8217;"},"content":{"rendered":"\n<p>O deputado federal Eduardo Bolsonaro (PL-SP), um dos principais defensores da anistia para seu pai, n\u00e3o registrou seu voto na sess\u00e3o da C\u00e2mara que aprovou a urg\u00eancia para a tramita\u00e7\u00e3o do projeto. O parlamentar, que est\u00e1 nos Estados Unidos desde fevereiro, justificou a aus\u00eancia na vota\u00e7\u00e3o semipresencial alegando &#8220;problemas t\u00e9cnicos&#8221;.<\/p>\n\n\n\n<p>Pelas redes sociais, Eduardo manifestou seu voto favor\u00e1vel e afirmou que comunicaria oficialmente a presid\u00eancia da Casa. A aus\u00eancia, no entanto, ocorre em um momento delicado para o deputado, que j\u00e1 acumula 23 faltas n\u00e3o justificadas em sess\u00f5es neste ano, ap\u00f3s o t\u00e9rmino de sua licen\u00e7a.<\/p>\n\n\n\n<p>A Constitui\u00e7\u00e3o prev\u00ea a possibilidade de cassa\u00e7\u00e3o do mandato para quem falta a mais de um ter\u00e7o das sess\u00f5es.<\/p>\n\n\n\n<p>A campanha pela anistia foi intensificada pela fam\u00edlia ap\u00f3s a recente condena\u00e7\u00e3o de Jair Bolsonaro a 27 anos e 3 meses de pris\u00e3o por tentativa de golpe de Estado.<\/p>\n\n\n\n<p>Em um movimento visto nos bastidores como uma tentativa de se proteger de um processo por quebra de decoro devido \u00e0s aus\u00eancias, Eduardo Bolsonaro foi nomeado, na \u00faltima ter\u00e7a-feira (16), o novo l\u00edder da minoria na C\u00e2mara. O cargo confere mais peso institucional e pode ser usado como justificativa para sua atua\u00e7\u00e3o pol\u00edtica mesmo \u00e0 dist\u00e2ncia.<\/p>\n\n\n\n<p>A deputada Caroline de Toni (PL-SC) renunciou ao posto para que o filho do ex-presidente pudesse assumir a lideran\u00e7a. Com informa\u00e7\u00f5es do Estad\u00e3o Conte\u00fado.<\/p>\n","protected":false},"excerpt":{"rendered":"<p>O deputado federal Eduardo Bolsonaro (PL-SP), um dos principais defensores da anistia para seu pai, n\u00e3o registrou seu voto na<\/p>\n","protected":false},"author":2,"featured_media":13480,"comment_status":"open","ping_status":"open","sticky":false,"template":"","format":"standard","meta":{"jetpack_post_was_ever_published":false,"_jetpack_newsletter_access":"","_jetpack_dont_email_post_to_subs":false,"_jetpack_newsletter_tier_id":0,"_jetpack_memberships_contains_paywalled_content":false,"_jetpack_memberships_contains_paid_content":false,"footnotes":"","jetpack_publicize_message":"","jetpack_publicize_feature_enabled":true,"jetpack_social_post_already_shared":true,"jetpack_social_options":{"image_generator_settings":{"template":"highway","default_image_id":0,"font":"","enabled":false},"version":2}},"categories":[35],"tags":[],"class_list":["post-69171","post","type-post","status-publish","format-standard","has-post-thumbnail","hentry","category-politica"],"yoast_head":"<!-- This site is optimized with the Yoast SEO plugin v27.5 - https:\/\/yoast.com\/product\/yoast-seo-wordpress\/ -->\n<title>Eduardo Bolsonaro falta a vota\u00e7\u00e3o de anistia ao pai e culpa &#039;problemas t\u00e9cnicos&#039; - Afogados FM<\/title>\n<meta name=\"robots\" content=\"index, follow, max-snippet:-1, max-image-preview:large, max-video-preview:-1\" \/>\n<link rel=\"canonical\" href=\"https:\/\/afogadosfm.com.br\/afogadosfm\/2025\/09\/19\/eduardo-bolsonaro-falta-a-votacao-de-anistia-ao-pai-e-culpa-problemas-tecnicos\/\" \/>\n<meta property=\"og:locale\" content=\"pt_BR\" \/>\n<meta property=\"og:type\" content=\"article\" \/>\n<meta property=\"og:title\" content=\"Eduardo Bolsonaro falta a vota\u00e7\u00e3o de anistia ao pai e culpa &#039;problemas t\u00e9cnicos&#039; - Afogados FM\" \/>\n<meta property=\"og:description\" content=\"O deputado federal Eduardo Bolsonaro (PL-SP), um dos principais defensores da anistia para seu pai, n\u00e3o registrou seu voto na\" \/>\n<meta property=\"og:url\" content=\"https:\/\/afogadosfm.com.br\/afogadosfm\/2025\/09\/19\/eduardo-bolsonaro-falta-a-votacao-de-anistia-ao-pai-e-culpa-problemas-tecnicos\/\" \/>\n<meta property=\"og:site_name\" content=\"Afogados FM\" \/>\n<meta property=\"article:published_time\" content=\"2025-09-19T10:11:47+00:00\" \/>\n<meta property=\"og:image\" content=\"https:\/\/afogadosfm.com.br\/afogadosfm\/wp-content\/uploads\/2019\/10\/psl-1.jpg\" \/>\n\t<meta property=\"og:image:width\" content=\"960\" \/>\n\t<meta property=\"og:image:height\" content=\"540\" \/>\n\t<meta property=\"og:image:type\" content=\"image\/jpeg\" \/>\n<meta name=\"author\" content=\"afogadosfm\" \/>\n<meta name=\"twitter:card\" content=\"summary_large_image\" \/>\n<meta name=\"twitter:label1\" content=\"Escrito por\" \/>\n\t<meta name=\"twitter:data1\" content=\"afogadosfm\" \/>\n\t<meta name=\"twitter:label2\" content=\"Est. tempo de leitura\" \/>\n\t<meta name=\"twitter:data2\" content=\"2 minutos\" \/>\n<script type=\"application\/ld+json\" class=\"yoast-schema-graph\">{\"@context\":\"https:\\\/\\\/schema.org\",\"@graph\":[{\"@type\":\"Article\",\"@id\":\"https:\\\/\\\/afogadosfm.com.br\\\/afogadosfm\\\/2025\\\/09\\\/19\\\/eduardo-bolsonaro-falta-a-votacao-de-anistia-ao-pai-e-culpa-problemas-tecnicos\\\/#article\",\"isPartOf\":{\"@id\":\"https:\\\/\\\/afogadosfm.com.br\\\/afogadosfm\\\/2025\\\/09\\\/19\\\/eduardo-bolsonaro-falta-a-votacao-de-anistia-ao-pai-e-culpa-problemas-tecnicos\\\/\"},\"author\":{\"name\":\"afogadosfm\",\"@id\":\"https:\\\/\\\/afogadosfm.com.br\\\/afogadosfm\\\/#\\\/schema\\\/person\\\/60e56f2cf5dc960fc093fe093d9e9057\"},\"headline\":\"Eduardo Bolsonaro falta a vota\u00e7\u00e3o de anistia ao pai e culpa &#8216;problemas t\u00e9cnicos&#8217;\",\"datePublished\":\"2025-09-19T10:11:47+00:00\",\"mainEntityOfPage\":{\"@id\":\"https:\\\/\\\/afogadosfm.com.br\\\/afogadosfm\\\/2025\\\/09\\\/19\\\/eduardo-bolsonaro-falta-a-votacao-de-anistia-ao-pai-e-culpa-problemas-tecnicos\\\/\"},\"wordCount\":269,\"commentCount\":0,\"publisher\":{\"@id\":\"https:\\\/\\\/afogadosfm.com.br\\\/afogadosfm\\\/#organization\"},\"image\":{\"@id\":\"https:\\\/\\\/afogadosfm.com.br\\\/afogadosfm\\\/2025\\\/09\\\/19\\\/eduardo-bolsonaro-falta-a-votacao-de-anistia-ao-pai-e-culpa-problemas-tecnicos\\\/#primaryimage\"},\"thumbnailUrl\":\"https:\\\/\\\/i0.wp.com\\\/afogadosfm.com.br\\\/afogadosfm\\\/wp-content\\\/uploads\\\/2019\\\/10\\\/psl-1.jpg?fit=960%2C540&ssl=1\",\"articleSection\":[\"Pol\u00edtica\"],\"inLanguage\":\"pt-BR\",\"potentialAction\":[{\"@type\":\"CommentAction\",\"name\":\"Comment\",\"target\":[\"https:\\\/\\\/afogadosfm.com.br\\\/afogadosfm\\\/2025\\\/09\\\/19\\\/eduardo-bolsonaro-falta-a-votacao-de-anistia-ao-pai-e-culpa-problemas-tecnicos\\\/#respond\"]}]},{\"@type\":\"WebPage\",\"@id\":\"https:\\\/\\\/afogadosfm.com.br\\\/afogadosfm\\\/2025\\\/09\\\/19\\\/eduardo-bolsonaro-falta-a-votacao-de-anistia-ao-pai-e-culpa-problemas-tecnicos\\\/\",\"url\":\"https:\\\/\\\/afogadosfm.com.br\\\/afogadosfm\\\/2025\\\/09\\\/19\\\/eduardo-bolsonaro-falta-a-votacao-de-anistia-ao-pai-e-culpa-problemas-tecnicos\\\/\",\"name\":\"Eduardo Bolsonaro falta a vota\u00e7\u00e3o de anistia ao pai e culpa 'problemas t\u00e9cnicos' - Afogados FM\",\"isPartOf\":{\"@id\":\"https:\\\/\\\/afogadosfm.com.br\\\/afogadosfm\\\/#website\"},\"primaryImageOfPage\":{\"@id\":\"https:\\\/\\\/afogadosfm.com.br\\\/afogadosfm\\\/2025\\\/09\\\/19\\\/eduardo-bolsonaro-falta-a-votacao-de-anistia-ao-pai-e-culpa-problemas-tecnicos\\\/#primaryimage\"},\"image\":{\"@id\":\"https:\\\/\\\/afogadosfm.com.br\\\/afogadosfm\\\/2025\\\/09\\\/19\\\/eduardo-bolsonaro-falta-a-votacao-de-anistia-ao-pai-e-culpa-problemas-tecnicos\\\/#primaryimage\"},\"thumbnailUrl\":\"https:\\\/\\\/i0.wp.com\\\/afogadosfm.com.br\\\/afogadosfm\\\/wp-content\\\/uploads\\\/2019\\\/10\\\/psl-1.jpg?fit=960%2C540&ssl=1\",\"datePublished\":\"2025-09-19T10:11:47+00:00\",\"breadcrumb\":{\"@id\":\"https:\\\/\\\/afogadosfm.com.br\\\/afogadosfm\\\/2025\\\/09\\\/19\\\/eduardo-bolsonaro-falta-a-votacao-de-anistia-ao-pai-e-culpa-problemas-tecnicos\\\/#breadcrumb\"},\"inLanguage\":\"pt-BR\",\"potentialAction\":[{\"@type\":\"ReadAction\",\"target\":[\"https:\\\/\\\/afogadosfm.com.br\\\/afogadosfm\\\/2025\\\/09\\\/19\\\/eduardo-bolsonaro-falta-a-votacao-de-anistia-ao-pai-e-culpa-problemas-tecnicos\\\/\"]}]},{\"@type\":\"ImageObject\",\"inLanguage\":\"pt-BR\",\"@id\":\"https:\\\/\\\/afogadosfm.com.br\\\/afogadosfm\\\/2025\\\/09\\\/19\\\/eduardo-bolsonaro-falta-a-votacao-de-anistia-ao-pai-e-culpa-problemas-tecnicos\\\/#primaryimage\",\"url\":\"https:\\\/\\\/i0.wp.com\\\/afogadosfm.com.br\\\/afogadosfm\\\/wp-content\\\/uploads\\\/2019\\\/10\\\/psl-1.jpg?fit=960%2C540&ssl=1\",\"contentUrl\":\"https:\\\/\\\/i0.wp.com\\\/afogadosfm.com.br\\\/afogadosfm\\\/wp-content\\\/uploads\\\/2019\\\/10\\\/psl-1.jpg?fit=960%2C540&ssl=1\",\"width\":960,\"height\":540,\"caption\":\"(Bras\u00edlia DF, 15\\\/08\\\/2019) Presidente Jair Bolsonaro o deputado Eduardo Bolsonaro durante encontro com Francis X. Suarez, Prefeito de Miami\\\/EUA. Foto: Marcos Corr\u00eaa\\\/PR\"},{\"@type\":\"BreadcrumbList\",\"@id\":\"https:\\\/\\\/afogadosfm.com.br\\\/afogadosfm\\\/2025\\\/09\\\/19\\\/eduardo-bolsonaro-falta-a-votacao-de-anistia-ao-pai-e-culpa-problemas-tecnicos\\\/#breadcrumb\",\"itemListElement\":[{\"@type\":\"ListItem\",\"position\":1,\"name\":\"In\u00edcio\",\"item\":\"https:\\\/\\\/afogadosfm.com.br\\\/afogadosfm\\\/\"},{\"@type\":\"ListItem\",\"position\":2,\"name\":\"Eduardo Bolsonaro falta a vota\u00e7\u00e3o de anistia ao pai e culpa &#8216;problemas t\u00e9cnicos&#8217;\"}]},{\"@type\":\"WebSite\",\"@id\":\"https:\\\/\\\/afogadosfm.com.br\\\/afogadosfm\\\/#website\",\"url\":\"https:\\\/\\\/afogadosfm.com.br\\\/afogadosfm\\\/\",\"name\":\"Afogados FM\",\"description\":\"Um site completo!\",\"publisher\":{\"@id\":\"https:\\\/\\\/afogadosfm.com.br\\\/afogadosfm\\\/#organization\"},\"potentialAction\":[{\"@type\":\"SearchAction\",\"target\":{\"@type\":\"EntryPoint\",\"urlTemplate\":\"https:\\\/\\\/afogadosfm.com.br\\\/afogadosfm\\\/?s={search_term_string}\"},\"query-input\":{\"@type\":\"PropertyValueSpecification\",\"valueRequired\":true,\"valueName\":\"search_term_string\"}}],\"inLanguage\":\"pt-BR\"},{\"@type\":\"Organization\",\"@id\":\"https:\\\/\\\/afogadosfm.com.br\\\/afogadosfm\\\/#organization\",\"name\":\"Afogados FM\",\"url\":\"https:\\\/\\\/afogadosfm.com.br\\\/afogadosfm\\\/\",\"logo\":{\"@type\":\"ImageObject\",\"inLanguage\":\"pt-BR\",\"@id\":\"https:\\\/\\\/afogadosfm.com.br\\\/afogadosfm\\\/#\\\/schema\\\/logo\\\/image\\\/\",\"url\":\"https:\\\/\\\/i0.wp.com\\\/afogadosfm.com.br\\\/afogadosfm\\\/wp-content\\\/uploads\\\/2020\\\/06\\\/cropped-banner-afogados-4.jpg?fit=369%2C137&ssl=1\",\"contentUrl\":\"https:\\\/\\\/i0.wp.com\\\/afogadosfm.com.br\\\/afogadosfm\\\/wp-content\\\/uploads\\\/2020\\\/06\\\/cropped-banner-afogados-4.jpg?fit=369%2C137&ssl=1\",\"width\":369,\"height\":137,\"caption\":\"Afogados FM\"},\"image\":{\"@id\":\"https:\\\/\\\/afogadosfm.com.br\\\/afogadosfm\\\/#\\\/schema\\\/logo\\\/image\\\/\"}},{\"@type\":\"Person\",\"@id\":\"https:\\\/\\\/afogadosfm.com.br\\\/afogadosfm\\\/#\\\/schema\\\/person\\\/60e56f2cf5dc960fc093fe093d9e9057\",\"name\":\"afogadosfm\",\"image\":{\"@type\":\"ImageObject\",\"inLanguage\":\"pt-BR\",\"@id\":\"https:\\\/\\\/secure.gravatar.com\\\/avatar\\\/e0359add7ed5dc3560906d861b52c6a8cf5c1e199d3a7dd85070998f49bd4701?s=96&d=mm&r=g\",\"url\":\"https:\\\/\\\/secure.gravatar.com\\\/avatar\\\/e0359add7ed5dc3560906d861b52c6a8cf5c1e199d3a7dd85070998f49bd4701?s=96&d=mm&r=g\",\"contentUrl\":\"https:\\\/\\\/secure.gravatar.com\\\/avatar\\\/e0359add7ed5dc3560906d861b52c6a8cf5c1e199d3a7dd85070998f49bd4701?s=96&d=mm&r=g\",\"caption\":\"afogadosfm\"},\"url\":\"https:\\\/\\\/afogadosfm.com.br\\\/afogadosfm\\\/author\\\/afogadosfm\\\/\"}]}<\/script>\n<!-- \/ Yoast SEO plugin. -->","yoast_head_json":{"title":"Eduardo Bolsonaro falta a vota\u00e7\u00e3o de anistia ao pai e culpa 'problemas t\u00e9cnicos' - Afogados FM","robots":{"index":"index","follow":"follow","max-snippet":"max-snippet:-1","max-image-preview":"max-image-preview:large","max-video-preview":"max-video-preview:-1"},"canonical":"https:\/\/afogadosfm.com.br\/afogadosfm\/2025\/09\/19\/eduardo-bolsonaro-falta-a-votacao-de-anistia-ao-pai-e-culpa-problemas-tecnicos\/","og_locale":"pt_BR","og_type":"article","og_title":"Eduardo Bolsonaro falta a vota\u00e7\u00e3o de anistia ao pai e culpa 'problemas t\u00e9cnicos' - Afogados FM","og_description":"O deputado federal Eduardo Bolsonaro (PL-SP), um dos principais defensores da anistia para seu pai, n\u00e3o registrou seu voto na","og_url":"https:\/\/afogadosfm.com.br\/afogadosfm\/2025\/09\/19\/eduardo-bolsonaro-falta-a-votacao-de-anistia-ao-pai-e-culpa-problemas-tecnicos\/","og_site_name":"Afogados FM","article_published_time":"2025-09-19T10:11:47+00:00","og_image":[{"width":960,"height":540,"url":"https:\/\/afogadosfm.com.br\/afogadosfm\/wp-content\/uploads\/2019\/10\/psl-1.jpg","type":"image\/jpeg"}],"author":"afogadosfm","twitter_card":"summary_large_image","twitter_misc":{"Escrito por":"afogadosfm","Est. tempo de leitura":"2 minutos"},"schema":{"@context":"https:\/\/schema.org","@graph":[{"@type":"Article","@id":"https:\/\/afogadosfm.com.br\/afogadosfm\/2025\/09\/19\/eduardo-bolsonaro-falta-a-votacao-de-anistia-ao-pai-e-culpa-problemas-tecnicos\/#article","isPartOf":{"@id":"https:\/\/afogadosfm.com.br\/afogadosfm\/2025\/09\/19\/eduardo-bolsonaro-falta-a-votacao-de-anistia-ao-pai-e-culpa-problemas-tecnicos\/"},"author":{"name":"afogadosfm","@id":"https:\/\/afogadosfm.com.br\/afogadosfm\/#\/schema\/person\/60e56f2cf5dc960fc093fe093d9e9057"},"headline":"Eduardo Bolsonaro falta a vota\u00e7\u00e3o de anistia ao pai e culpa &#8216;problemas t\u00e9cnicos&#8217;","datePublished":"2025-09-19T10:11:47+00:00","mainEntityOfPage":{"@id":"https:\/\/afogadosfm.com.br\/afogadosfm\/2025\/09\/19\/eduardo-bolsonaro-falta-a-votacao-de-anistia-ao-pai-e-culpa-problemas-tecnicos\/"},"wordCount":269,"commentCount":0,"publisher":{"@id":"https:\/\/afogadosfm.com.br\/afogadosfm\/#organization"},"image":{"@id":"https:\/\/afogadosfm.com.br\/afogadosfm\/2025\/09\/19\/eduardo-bolsonaro-falta-a-votacao-de-anistia-ao-pai-e-culpa-problemas-tecnicos\/#primaryimage"},"thumbnailUrl":"https:\/\/i0.wp.com\/afogadosfm.com.br\/afogadosfm\/wp-content\/uploads\/2019\/10\/psl-1.jpg?fit=960%2C540&ssl=1","articleSection":["Pol\u00edtica"],"inLanguage":"pt-BR","potentialAction":[{"@type":"CommentAction","name":"Comment","target":["https:\/\/afogadosfm.com.br\/afogadosfm\/2025\/09\/19\/eduardo-bolsonaro-falta-a-votacao-de-anistia-ao-pai-e-culpa-problemas-tecnicos\/#respond"]}]},{"@type":"WebPage","@id":"https:\/\/afogadosfm.com.br\/afogadosfm\/2025\/09\/19\/eduardo-bolsonaro-falta-a-votacao-de-anistia-ao-pai-e-culpa-problemas-tecnicos\/","url":"https:\/\/afogadosfm.com.br\/afogadosfm\/2025\/09\/19\/eduardo-bolsonaro-falta-a-votacao-de-anistia-ao-pai-e-culpa-problemas-tecnicos\/","name":"Eduardo Bolsonaro falta a vota\u00e7\u00e3o de anistia ao pai e culpa 'problemas t\u00e9cnicos' - Afogados FM","isPartOf":{"@id":"https:\/\/afogadosfm.com.br\/afogadosfm\/#website"},"primaryImageOfPage":{"@id":"https:\/\/afogadosfm.com.br\/afogadosfm\/2025\/09\/19\/eduardo-bolsonaro-falta-a-votacao-de-anistia-ao-pai-e-culpa-problemas-tecnicos\/#primaryimage"},"image":{"@id":"https:\/\/afogadosfm.com.br\/afogadosfm\/2025\/09\/19\/eduardo-bolsonaro-falta-a-votacao-de-anistia-ao-pai-e-culpa-problemas-tecnicos\/#primaryimage"},"thumbnailUrl":"https:\/\/i0.wp.com\/afogadosfm.com.br\/afogadosfm\/wp-content\/uploads\/2019\/10\/psl-1.jpg?fit=960%2C540&ssl=1","datePublished":"2025-09-19T10:11:47+00:00","breadcrumb":{"@id":"https:\/\/afogadosfm.com.br\/afogadosfm\/2025\/09\/19\/eduardo-bolsonaro-falta-a-votacao-de-anistia-ao-pai-e-culpa-problemas-tecnicos\/#breadcrumb"},"inLanguage":"pt-BR","potentialAction":[{"@type":"ReadAction","target":["https:\/\/afogadosfm.com.br\/afogadosfm\/2025\/09\/19\/eduardo-bolsonaro-falta-a-votacao-de-anistia-ao-pai-e-culpa-problemas-tecnicos\/"]}]},{"@type":"ImageObject","inLanguage":"pt-BR","@id":"https:\/\/afogadosfm.com.br\/afogadosfm\/2025\/09\/19\/eduardo-bolsonaro-falta-a-votacao-de-anistia-ao-pai-e-culpa-problemas-tecnicos\/#primaryimage","url":"https:\/\/i0.wp.com\/afogadosfm.com.br\/afogadosfm\/wp-content\/uploads\/2019\/10\/psl-1.jpg?fit=960%2C540&ssl=1","contentUrl":"https:\/\/i0.wp.com\/afogadosfm.com.br\/afogadosfm\/wp-content\/uploads\/2019\/10\/psl-1.jpg?fit=960%2C540&ssl=1","width":960,"height":540,"caption":"(Bras\u00edlia DF, 15\/08\/2019) Presidente Jair Bolsonaro o deputado Eduardo Bolsonaro durante encontro com Francis X. Suarez, Prefeito de Miami\/EUA. Foto: Marcos Corr\u00eaa\/PR"},{"@type":"BreadcrumbList","@id":"https:\/\/afogadosfm.com.br\/afogadosfm\/2025\/09\/19\/eduardo-bolsonaro-falta-a-votacao-de-anistia-ao-pai-e-culpa-problemas-tecnicos\/#breadcrumb","itemListElement":[{"@type":"ListItem","position":1,"name":"In\u00edcio","item":"https:\/\/afogadosfm.com.br\/afogadosfm\/"},{"@type":"ListItem","position":2,"name":"Eduardo Bolsonaro falta a vota\u00e7\u00e3o de anistia ao pai e culpa &#8216;problemas t\u00e9cnicos&#8217;"}]},{"@type":"WebSite","@id":"https:\/\/afogadosfm.com.br\/afogadosfm\/#website","url":"https:\/\/afogadosfm.com.br\/afogadosfm\/","name":"Afogados FM","description":"Um site completo!","publisher":{"@id":"https:\/\/afogadosfm.com.br\/afogadosfm\/#organization"},"potentialAction":[{"@type":"SearchAction","target":{"@type":"EntryPoint","urlTemplate":"https:\/\/afogadosfm.com.br\/afogadosfm\/?s={search_term_string}"},"query-input":{"@type":"PropertyValueSpecification","valueRequired":true,"valueName":"search_term_string"}}],"inLanguage":"pt-BR"},{"@type":"Organization","@id":"https:\/\/afogadosfm.com.br\/afogadosfm\/#organization","name":"Afogados FM","url":"https:\/\/afogadosfm.com.br\/afogadosfm\/","logo":{"@type":"ImageObject","inLanguage":"pt-BR","@id":"https:\/\/afogadosfm.com.br\/afogadosfm\/#\/schema\/logo\/image\/","url":"https:\/\/i0.wp.com\/afogadosfm.com.br\/afogadosfm\/wp-content\/uploads\/2020\/06\/cropped-banner-afogados-4.jpg?fit=369%2C137&ssl=1","contentUrl":"https:\/\/i0.wp.com\/afogadosfm.com.br\/afogadosfm\/wp-content\/uploads\/2020\/06\/cropped-banner-afogados-4.jpg?fit=369%2C137&ssl=1","width":369,"height":137,"caption":"Afogados FM"},"image":{"@id":"https:\/\/afogadosfm.com.br\/afogadosfm\/#\/schema\/logo\/image\/"}},{"@type":"Person","@id":"https:\/\/afogadosfm.com.br\/afogadosfm\/#\/schema\/person\/60e56f2cf5dc960fc093fe093d9e9057","name":"afogadosfm","image":{"@type":"ImageObject","inLanguage":"pt-BR","@id":"https:\/\/secure.gravatar.com\/avatar\/e0359add7ed5dc3560906d861b52c6a8cf5c1e199d3a7dd85070998f49bd4701?s=96&d=mm&r=g","url":"https:\/\/secure.gravatar.com\/avatar\/e0359add7ed5dc3560906d861b52c6a8cf5c1e199d3a7dd85070998f49bd4701?s=96&d=mm&r=g","contentUrl":"https:\/\/secure.gravatar.com\/avatar\/e0359add7ed5dc3560906d861b52c6a8cf5c1e199d3a7dd85070998f49bd4701?s=96&d=mm&r=g","caption":"afogadosfm"},"url":"https:\/\/afogadosfm.com.br\/afogadosfm\/author\/afogadosfm\/"}]}},"jetpack_publicize_connections":[],"jetpack_featured_media_url":"https:\/\/i0.wp.com\/afogadosfm.com.br\/afogadosfm\/wp-content\/uploads\/2019\/10\/psl-1.jpg?fit=960%2C540&ssl=1","jetpack-related-posts":[],"jetpack_sharing_enabled":true,"jetpack_likes_enabled":true,"_links":{"self":[{"href":"https:\/\/afogadosfm.com.br\/afogadosfm\/wp-json\/wp\/v2\/posts\/69171","targetHints":{"allow":["GET"]}}],"collection":[{"href":"https:\/\/afogadosfm.com.br\/afogadosfm\/wp-json\/wp\/v2\/posts"}],"about":[{"href":"https:\/\/afogadosfm.com.br\/afogadosfm\/wp-json\/wp\/v2\/types\/post"}],"author":[{"embeddable":true,"href":"https:\/\/afogadosfm.com.br\/afogadosfm\/wp-json\/wp\/v2\/users\/2"}],"replies":[{"embeddable":true,"href":"https:\/\/afogadosfm.com.br\/afogadosfm\/wp-json\/wp\/v2\/comments?post=69171"}],"version-history":[{"count":1,"href":"https:\/\/afogadosfm.com.br\/afogadosfm\/wp-json\/wp\/v2\/posts\/69171\/revisions"}],"predecessor-version":[{"id":69172,"href":"https:\/\/afogadosfm.com.br\/afogadosfm\/wp-json\/wp\/v2\/posts\/69171\/revisions\/69172"}],"wp:featuredmedia":[{"embeddable":true,"href":"https:\/\/afogadosfm.com.br\/afogadosfm\/wp-json\/wp\/v2\/media\/13480"}],"wp:attachment":[{"href":"https:\/\/afogadosfm.com.br\/afogadosfm\/wp-json\/wp\/v2\/media?parent=69171"}],"wp:term":[{"taxonomy":"category","embeddable":true,"href":"https:\/\/afogadosfm.com.br\/afogadosfm\/wp-json\/wp\/v2\/categories?post=69171"},{"taxonomy":"post_tag","embeddable":true,"href":"https:\/\/afogadosfm.com.br\/afogadosfm\/wp-json\/wp\/v2\/tags?post=69171"}],"curies":[{"name":"wp","href":"https:\/\/api.w.org\/{rel}","templated":true}]}}