{"id":69186,"date":"2025-09-20T07:26:47","date_gmt":"2025-09-20T10:26:47","guid":{"rendered":"https:\/\/afogadosfm.com.br\/afogadosfm\/?p=69186"},"modified":"2025-09-20T07:26:48","modified_gmt":"2025-09-20T10:26:48","slug":"eduardo-bolsonaro-e-silas-malafaia-criticam-relator-da-pec-da-anistia-piada","status":"publish","type":"post","link":"https:\/\/afogadosfm.com.br\/afogadosfm\/2025\/09\/20\/eduardo-bolsonaro-e-silas-malafaia-criticam-relator-da-pec-da-anistia-piada\/","title":{"rendered":"Eduardo Bolsonaro e Silas Malafaia criticam relator da PEC da anistia: &#8220;Piada&#8221;"},"content":{"rendered":"\n<p>O deputado federal Eduardo Bolsonaro (PL-SP) e o l\u00edder religioso Silas Malafaia criticaram duramente, nesta sexta-feira, 19, o deputado Paulinho da For\u00e7a (Solidariedade-SP), rec\u00e9m-nomeado relator do Projeto de Lei da Anistia na C\u00e2mara dos Deputados.<\/p>\n\n\n\n<p>Em publica\u00e7\u00f5es nas redes sociais, Eduardo Bolsonaro, que est\u00e1 morando nos Estados Unidos desde fevereiro deste ano, afirmou que a proposta de anistia \u201campla, geral e irrestrita\u201d n\u00e3o est\u00e1 em negocia\u00e7\u00e3o e classificou o acordo proposto por Paulinho como \u201cindecoroso e infame\u201d.<\/p>\n\n\n\n<p>\u201cDeputado Paulinho da For\u00e7a, vou retribuir o conselho que me deu sobre colocar a m\u00e3o na consci\u00eancia. Entenda de uma vez por todas: eu n\u00e3o abri m\u00e3o da minha vida no Brasil e arrisquei tudo para trazer justi\u00e7a e liberdade para meu povo em troca de algum acordo indecoroso e infame como o que est\u00e1 propondo\u201d, escreveu Eduardo.<\/p>\n\n\n\n<p>O deputado ainda alertou que Paulinho corre o risco de ser visto como \u201ccolaborador do regime de exce\u00e7\u00e3o\u201d do ministro do Supremo Tribunal Federal (STF) Alexandre de Moraes, relator da A\u00e7\u00e3o Penal 2668, que condenou o ex-presidente Jair Bolsonaro a 27 anos e 3 meses de pris\u00e3o por articular um plano para abolir o Estado Democr\u00e1tico de Direito.<\/p>\n\n\n\n<p>Paulinho da For\u00e7a foi nomeado relator do PL da Anistia nesta semana. Como revelou o Estad\u00e3o, o parlamentar tem defendido uma mudan\u00e7a de enfoque no projeto, propondo redu\u00e7\u00e3o de penas em vez de uma anistia ampla. Na quinta-feira, 18, ele se reuniu com o deputado A\u00e9cio Neves (PSDB-MG) e o ex-presidente Michel Temer para discutir o texto.<\/p>\n\n\n\n<p>Tamb\u00e9m nesta sexta-feira, o pastor Silas Malafaia fez duras cr\u00edticas a Paulinho e ao ex-presidente Temer, por seu suposto envolvimento na negocia\u00e7\u00e3o da proposta.<\/p>\n\n\n\n<p>\u201cS\u00f3 pode ser piada chamar Temer de \u2018constitucionalista\u2019. N\u00e3o acredito. Quer dizer que precisa de acordo com o STF e o Executivo para uma anistia? Um pacto?\u2026 E a Constitui\u00e7\u00e3o, senhor constitucionalista, foi jogada na lata do lixo? Uma dosagem de penas compete ao STF, n\u00e3o ao Congresso. Se [o STF] cometeu algum erro, que reduza as penas por conta da covardia, do erro e da persegui\u00e7\u00e3o pol\u00edtica\u201d, disse Malafaia.<\/p>\n\n\n\n<p>Paulinho tem afirmado que a proposta atual n\u00e3o se trata de uma anistia ampla, mas sim de redu\u00e7\u00e3o de penas para os envolvidos nos atos de 8 de janeiro de 2023, entre eles o pr\u00f3prio ex-presidente Bolsonaro, que foi condenado recentemente.<\/p>\n\n\n\n<p>Malafaia reagiu duramente \u00e0 mudan\u00e7a da proposta. \u201cEm 1979, houve uma anistia ampla, geral e irrestrita para a turma da esquerda, guerrilheiros, assaltantes de bancos, gente que queria dar um golpe comunista no Brasil. Foi dada uma anistia total. Agora, essa esquerda vagabunda \u00e9 contra. E o senhor, um \u2018constitucionalista\u2019, falar uma asneira dessas? O Artigo 48 diz que \u00e9 compet\u00eancia exclusiva do Congresso conceder anistia. O Congresso n\u00e3o tem que pedir autoriza\u00e7\u00e3o ao Executivo ou ao Judici\u00e1rio\u201d, afirmou.<\/p>\n\n\n\n<p>Do Estad\u00e3o<\/p>\n","protected":false},"excerpt":{"rendered":"<p>O deputado federal Eduardo Bolsonaro (PL-SP) e o l\u00edder religioso Silas Malafaia criticaram duramente, nesta sexta-feira, 19, o deputado Paulinho<\/p>\n","protected":false},"author":2,"featured_media":11891,"comment_status":"open","ping_status":"open","sticky":false,"template":"","format":"standard","meta":{"jetpack_post_was_ever_published":false,"_jetpack_newsletter_access":"","_jetpack_dont_email_post_to_subs":false,"_jetpack_newsletter_tier_id":0,"_jetpack_memberships_contains_paywalled_content":false,"_jetpack_memberships_contains_paid_content":false,"footnotes":"","jetpack_publicize_message":"","jetpack_publicize_feature_enabled":true,"jetpack_social_post_already_shared":true,"jetpack_social_options":{"image_generator_settings":{"template":"highway","default_image_id":0,"font":"","enabled":false},"version":2}},"categories":[12],"tags":[],"class_list":["post-69186","post","type-post","status-publish","format-standard","has-post-thumbnail","hentry","category-brasil"],"yoast_head":"<!-- This site is optimized with the Yoast SEO plugin v27.5 - https:\/\/yoast.com\/product\/yoast-seo-wordpress\/ -->\n<title>Eduardo Bolsonaro e Silas Malafaia criticam relator da PEC da anistia: &quot;Piada&quot; - Afogados FM<\/title>\n<meta name=\"robots\" content=\"index, follow, max-snippet:-1, max-image-preview:large, max-video-preview:-1\" \/>\n<link rel=\"canonical\" href=\"https:\/\/afogadosfm.com.br\/afogadosfm\/2025\/09\/20\/eduardo-bolsonaro-e-silas-malafaia-criticam-relator-da-pec-da-anistia-piada\/\" \/>\n<meta property=\"og:locale\" content=\"pt_BR\" \/>\n<meta property=\"og:type\" content=\"article\" \/>\n<meta property=\"og:title\" content=\"Eduardo Bolsonaro e Silas Malafaia criticam relator da PEC da anistia: &quot;Piada&quot; - Afogados FM\" \/>\n<meta property=\"og:description\" content=\"O deputado federal Eduardo Bolsonaro (PL-SP) e o l\u00edder religioso Silas Malafaia criticaram duramente, nesta sexta-feira, 19, o deputado Paulinho\" \/>\n<meta property=\"og:url\" content=\"https:\/\/afogadosfm.com.br\/afogadosfm\/2025\/09\/20\/eduardo-bolsonaro-e-silas-malafaia-criticam-relator-da-pec-da-anistia-piada\/\" \/>\n<meta property=\"og:site_name\" content=\"Afogados FM\" \/>\n<meta property=\"article:published_time\" content=\"2025-09-20T10:26:47+00:00\" \/>\n<meta property=\"article:modified_time\" content=\"2025-09-20T10:26:48+00:00\" \/>\n<meta property=\"og:image\" content=\"https:\/\/afogadosfm.com.br\/afogadosfm\/wp-content\/uploads\/2019\/08\/eduardo-bolso.jpg\" \/>\n\t<meta property=\"og:image:width\" content=\"800\" \/>\n\t<meta property=\"og:image:height\" content=\"533\" \/>\n\t<meta property=\"og:image:type\" content=\"image\/jpeg\" \/>\n<meta name=\"author\" content=\"afogadosfm\" \/>\n<meta name=\"twitter:card\" content=\"summary_large_image\" \/>\n<meta name=\"twitter:label1\" content=\"Escrito por\" \/>\n\t<meta name=\"twitter:data1\" content=\"afogadosfm\" \/>\n\t<meta name=\"twitter:label2\" content=\"Est. tempo de leitura\" \/>\n\t<meta name=\"twitter:data2\" content=\"3 minutos\" \/>\n<script type=\"application\/ld+json\" class=\"yoast-schema-graph\">{\"@context\":\"https:\\\/\\\/schema.org\",\"@graph\":[{\"@type\":\"Article\",\"@id\":\"https:\\\/\\\/afogadosfm.com.br\\\/afogadosfm\\\/2025\\\/09\\\/20\\\/eduardo-bolsonaro-e-silas-malafaia-criticam-relator-da-pec-da-anistia-piada\\\/#article\",\"isPartOf\":{\"@id\":\"https:\\\/\\\/afogadosfm.com.br\\\/afogadosfm\\\/2025\\\/09\\\/20\\\/eduardo-bolsonaro-e-silas-malafaia-criticam-relator-da-pec-da-anistia-piada\\\/\"},\"author\":{\"name\":\"afogadosfm\",\"@id\":\"https:\\\/\\\/afogadosfm.com.br\\\/afogadosfm\\\/#\\\/schema\\\/person\\\/60e56f2cf5dc960fc093fe093d9e9057\"},\"headline\":\"Eduardo Bolsonaro e Silas Malafaia criticam relator da PEC da anistia: &#8220;Piada&#8221;\",\"datePublished\":\"2025-09-20T10:26:47+00:00\",\"dateModified\":\"2025-09-20T10:26:48+00:00\",\"mainEntityOfPage\":{\"@id\":\"https:\\\/\\\/afogadosfm.com.br\\\/afogadosfm\\\/2025\\\/09\\\/20\\\/eduardo-bolsonaro-e-silas-malafaia-criticam-relator-da-pec-da-anistia-piada\\\/\"},\"wordCount\":505,\"commentCount\":0,\"publisher\":{\"@id\":\"https:\\\/\\\/afogadosfm.com.br\\\/afogadosfm\\\/#organization\"},\"image\":{\"@id\":\"https:\\\/\\\/afogadosfm.com.br\\\/afogadosfm\\\/2025\\\/09\\\/20\\\/eduardo-bolsonaro-e-silas-malafaia-criticam-relator-da-pec-da-anistia-piada\\\/#primaryimage\"},\"thumbnailUrl\":\"https:\\\/\\\/i0.wp.com\\\/afogadosfm.com.br\\\/afogadosfm\\\/wp-content\\\/uploads\\\/2019\\\/08\\\/eduardo-bolso.jpg?fit=800%2C533&ssl=1\",\"articleSection\":[\"Brasil\"],\"inLanguage\":\"pt-BR\",\"potentialAction\":[{\"@type\":\"CommentAction\",\"name\":\"Comment\",\"target\":[\"https:\\\/\\\/afogadosfm.com.br\\\/afogadosfm\\\/2025\\\/09\\\/20\\\/eduardo-bolsonaro-e-silas-malafaia-criticam-relator-da-pec-da-anistia-piada\\\/#respond\"]}]},{\"@type\":\"WebPage\",\"@id\":\"https:\\\/\\\/afogadosfm.com.br\\\/afogadosfm\\\/2025\\\/09\\\/20\\\/eduardo-bolsonaro-e-silas-malafaia-criticam-relator-da-pec-da-anistia-piada\\\/\",\"url\":\"https:\\\/\\\/afogadosfm.com.br\\\/afogadosfm\\\/2025\\\/09\\\/20\\\/eduardo-bolsonaro-e-silas-malafaia-criticam-relator-da-pec-da-anistia-piada\\\/\",\"name\":\"Eduardo Bolsonaro e Silas Malafaia criticam relator da PEC da anistia: \\\"Piada\\\" - Afogados FM\",\"isPartOf\":{\"@id\":\"https:\\\/\\\/afogadosfm.com.br\\\/afogadosfm\\\/#website\"},\"primaryImageOfPage\":{\"@id\":\"https:\\\/\\\/afogadosfm.com.br\\\/afogadosfm\\\/2025\\\/09\\\/20\\\/eduardo-bolsonaro-e-silas-malafaia-criticam-relator-da-pec-da-anistia-piada\\\/#primaryimage\"},\"image\":{\"@id\":\"https:\\\/\\\/afogadosfm.com.br\\\/afogadosfm\\\/2025\\\/09\\\/20\\\/eduardo-bolsonaro-e-silas-malafaia-criticam-relator-da-pec-da-anistia-piada\\\/#primaryimage\"},\"thumbnailUrl\":\"https:\\\/\\\/i0.wp.com\\\/afogadosfm.com.br\\\/afogadosfm\\\/wp-content\\\/uploads\\\/2019\\\/08\\\/eduardo-bolso.jpg?fit=800%2C533&ssl=1\",\"datePublished\":\"2025-09-20T10:26:47+00:00\",\"dateModified\":\"2025-09-20T10:26:48+00:00\",\"breadcrumb\":{\"@id\":\"https:\\\/\\\/afogadosfm.com.br\\\/afogadosfm\\\/2025\\\/09\\\/20\\\/eduardo-bolsonaro-e-silas-malafaia-criticam-relator-da-pec-da-anistia-piada\\\/#breadcrumb\"},\"inLanguage\":\"pt-BR\",\"potentialAction\":[{\"@type\":\"ReadAction\",\"target\":[\"https:\\\/\\\/afogadosfm.com.br\\\/afogadosfm\\\/2025\\\/09\\\/20\\\/eduardo-bolsonaro-e-silas-malafaia-criticam-relator-da-pec-da-anistia-piada\\\/\"]}]},{\"@type\":\"ImageObject\",\"inLanguage\":\"pt-BR\",\"@id\":\"https:\\\/\\\/afogadosfm.com.br\\\/afogadosfm\\\/2025\\\/09\\\/20\\\/eduardo-bolsonaro-e-silas-malafaia-criticam-relator-da-pec-da-anistia-piada\\\/#primaryimage\",\"url\":\"https:\\\/\\\/i0.wp.com\\\/afogadosfm.com.br\\\/afogadosfm\\\/wp-content\\\/uploads\\\/2019\\\/08\\\/eduardo-bolso.jpg?fit=800%2C533&ssl=1\",\"contentUrl\":\"https:\\\/\\\/i0.wp.com\\\/afogadosfm.com.br\\\/afogadosfm\\\/wp-content\\\/uploads\\\/2019\\\/08\\\/eduardo-bolso.jpg?fit=800%2C533&ssl=1\",\"width\":800,\"height\":533},{\"@type\":\"BreadcrumbList\",\"@id\":\"https:\\\/\\\/afogadosfm.com.br\\\/afogadosfm\\\/2025\\\/09\\\/20\\\/eduardo-bolsonaro-e-silas-malafaia-criticam-relator-da-pec-da-anistia-piada\\\/#breadcrumb\",\"itemListElement\":[{\"@type\":\"ListItem\",\"position\":1,\"name\":\"In\u00edcio\",\"item\":\"https:\\\/\\\/afogadosfm.com.br\\\/afogadosfm\\\/\"},{\"@type\":\"ListItem\",\"position\":2,\"name\":\"Eduardo Bolsonaro e Silas Malafaia criticam relator da PEC da anistia: &#8220;Piada&#8221;\"}]},{\"@type\":\"WebSite\",\"@id\":\"https:\\\/\\\/afogadosfm.com.br\\\/afogadosfm\\\/#website\",\"url\":\"https:\\\/\\\/afogadosfm.com.br\\\/afogadosfm\\\/\",\"name\":\"Afogados FM\",\"description\":\"Um site completo!\",\"publisher\":{\"@id\":\"https:\\\/\\\/afogadosfm.com.br\\\/afogadosfm\\\/#organization\"},\"potentialAction\":[{\"@type\":\"SearchAction\",\"target\":{\"@type\":\"EntryPoint\",\"urlTemplate\":\"https:\\\/\\\/afogadosfm.com.br\\\/afogadosfm\\\/?s={search_term_string}\"},\"query-input\":{\"@type\":\"PropertyValueSpecification\",\"valueRequired\":true,\"valueName\":\"search_term_string\"}}],\"inLanguage\":\"pt-BR\"},{\"@type\":\"Organization\",\"@id\":\"https:\\\/\\\/afogadosfm.com.br\\\/afogadosfm\\\/#organization\",\"name\":\"Afogados FM\",\"url\":\"https:\\\/\\\/afogadosfm.com.br\\\/afogadosfm\\\/\",\"logo\":{\"@type\":\"ImageObject\",\"inLanguage\":\"pt-BR\",\"@id\":\"https:\\\/\\\/afogadosfm.com.br\\\/afogadosfm\\\/#\\\/schema\\\/logo\\\/image\\\/\",\"url\":\"https:\\\/\\\/i0.wp.com\\\/afogadosfm.com.br\\\/afogadosfm\\\/wp-content\\\/uploads\\\/2020\\\/06\\\/cropped-banner-afogados-4.jpg?fit=369%2C137&ssl=1\",\"contentUrl\":\"https:\\\/\\\/i0.wp.com\\\/afogadosfm.com.br\\\/afogadosfm\\\/wp-content\\\/uploads\\\/2020\\\/06\\\/cropped-banner-afogados-4.jpg?fit=369%2C137&ssl=1\",\"width\":369,\"height\":137,\"caption\":\"Afogados FM\"},\"image\":{\"@id\":\"https:\\\/\\\/afogadosfm.com.br\\\/afogadosfm\\\/#\\\/schema\\\/logo\\\/image\\\/\"}},{\"@type\":\"Person\",\"@id\":\"https:\\\/\\\/afogadosfm.com.br\\\/afogadosfm\\\/#\\\/schema\\\/person\\\/60e56f2cf5dc960fc093fe093d9e9057\",\"name\":\"afogadosfm\",\"image\":{\"@type\":\"ImageObject\",\"inLanguage\":\"pt-BR\",\"@id\":\"https:\\\/\\\/secure.gravatar.com\\\/avatar\\\/e0359add7ed5dc3560906d861b52c6a8cf5c1e199d3a7dd85070998f49bd4701?s=96&d=mm&r=g\",\"url\":\"https:\\\/\\\/secure.gravatar.com\\\/avatar\\\/e0359add7ed5dc3560906d861b52c6a8cf5c1e199d3a7dd85070998f49bd4701?s=96&d=mm&r=g\",\"contentUrl\":\"https:\\\/\\\/secure.gravatar.com\\\/avatar\\\/e0359add7ed5dc3560906d861b52c6a8cf5c1e199d3a7dd85070998f49bd4701?s=96&d=mm&r=g\",\"caption\":\"afogadosfm\"},\"url\":\"https:\\\/\\\/afogadosfm.com.br\\\/afogadosfm\\\/author\\\/afogadosfm\\\/\"}]}<\/script>\n<!-- \/ Yoast SEO plugin. -->","yoast_head_json":{"title":"Eduardo Bolsonaro e Silas Malafaia criticam relator da PEC da anistia: \"Piada\" - Afogados FM","robots":{"index":"index","follow":"follow","max-snippet":"max-snippet:-1","max-image-preview":"max-image-preview:large","max-video-preview":"max-video-preview:-1"},"canonical":"https:\/\/afogadosfm.com.br\/afogadosfm\/2025\/09\/20\/eduardo-bolsonaro-e-silas-malafaia-criticam-relator-da-pec-da-anistia-piada\/","og_locale":"pt_BR","og_type":"article","og_title":"Eduardo Bolsonaro e Silas Malafaia criticam relator da PEC da anistia: \"Piada\" - Afogados FM","og_description":"O deputado federal Eduardo Bolsonaro (PL-SP) e o l\u00edder religioso Silas Malafaia criticaram duramente, nesta sexta-feira, 19, o deputado Paulinho","og_url":"https:\/\/afogadosfm.com.br\/afogadosfm\/2025\/09\/20\/eduardo-bolsonaro-e-silas-malafaia-criticam-relator-da-pec-da-anistia-piada\/","og_site_name":"Afogados FM","article_published_time":"2025-09-20T10:26:47+00:00","article_modified_time":"2025-09-20T10:26:48+00:00","og_image":[{"width":800,"height":533,"url":"https:\/\/afogadosfm.com.br\/afogadosfm\/wp-content\/uploads\/2019\/08\/eduardo-bolso.jpg","type":"image\/jpeg"}],"author":"afogadosfm","twitter_card":"summary_large_image","twitter_misc":{"Escrito por":"afogadosfm","Est. tempo de leitura":"3 minutos"},"schema":{"@context":"https:\/\/schema.org","@graph":[{"@type":"Article","@id":"https:\/\/afogadosfm.com.br\/afogadosfm\/2025\/09\/20\/eduardo-bolsonaro-e-silas-malafaia-criticam-relator-da-pec-da-anistia-piada\/#article","isPartOf":{"@id":"https:\/\/afogadosfm.com.br\/afogadosfm\/2025\/09\/20\/eduardo-bolsonaro-e-silas-malafaia-criticam-relator-da-pec-da-anistia-piada\/"},"author":{"name":"afogadosfm","@id":"https:\/\/afogadosfm.com.br\/afogadosfm\/#\/schema\/person\/60e56f2cf5dc960fc093fe093d9e9057"},"headline":"Eduardo Bolsonaro e Silas Malafaia criticam relator da PEC da anistia: &#8220;Piada&#8221;","datePublished":"2025-09-20T10:26:47+00:00","dateModified":"2025-09-20T10:26:48+00:00","mainEntityOfPage":{"@id":"https:\/\/afogadosfm.com.br\/afogadosfm\/2025\/09\/20\/eduardo-bolsonaro-e-silas-malafaia-criticam-relator-da-pec-da-anistia-piada\/"},"wordCount":505,"commentCount":0,"publisher":{"@id":"https:\/\/afogadosfm.com.br\/afogadosfm\/#organization"},"image":{"@id":"https:\/\/afogadosfm.com.br\/afogadosfm\/2025\/09\/20\/eduardo-bolsonaro-e-silas-malafaia-criticam-relator-da-pec-da-anistia-piada\/#primaryimage"},"thumbnailUrl":"https:\/\/i0.wp.com\/afogadosfm.com.br\/afogadosfm\/wp-content\/uploads\/2019\/08\/eduardo-bolso.jpg?fit=800%2C533&ssl=1","articleSection":["Brasil"],"inLanguage":"pt-BR","potentialAction":[{"@type":"CommentAction","name":"Comment","target":["https:\/\/afogadosfm.com.br\/afogadosfm\/2025\/09\/20\/eduardo-bolsonaro-e-silas-malafaia-criticam-relator-da-pec-da-anistia-piada\/#respond"]}]},{"@type":"WebPage","@id":"https:\/\/afogadosfm.com.br\/afogadosfm\/2025\/09\/20\/eduardo-bolsonaro-e-silas-malafaia-criticam-relator-da-pec-da-anistia-piada\/","url":"https:\/\/afogadosfm.com.br\/afogadosfm\/2025\/09\/20\/eduardo-bolsonaro-e-silas-malafaia-criticam-relator-da-pec-da-anistia-piada\/","name":"Eduardo Bolsonaro e Silas Malafaia criticam relator da PEC da anistia: \"Piada\" - Afogados FM","isPartOf":{"@id":"https:\/\/afogadosfm.com.br\/afogadosfm\/#website"},"primaryImageOfPage":{"@id":"https:\/\/afogadosfm.com.br\/afogadosfm\/2025\/09\/20\/eduardo-bolsonaro-e-silas-malafaia-criticam-relator-da-pec-da-anistia-piada\/#primaryimage"},"image":{"@id":"https:\/\/afogadosfm.com.br\/afogadosfm\/2025\/09\/20\/eduardo-bolsonaro-e-silas-malafaia-criticam-relator-da-pec-da-anistia-piada\/#primaryimage"},"thumbnailUrl":"https:\/\/i0.wp.com\/afogadosfm.com.br\/afogadosfm\/wp-content\/uploads\/2019\/08\/eduardo-bolso.jpg?fit=800%2C533&ssl=1","datePublished":"2025-09-20T10:26:47+00:00","dateModified":"2025-09-20T10:26:48+00:00","breadcrumb":{"@id":"https:\/\/afogadosfm.com.br\/afogadosfm\/2025\/09\/20\/eduardo-bolsonaro-e-silas-malafaia-criticam-relator-da-pec-da-anistia-piada\/#breadcrumb"},"inLanguage":"pt-BR","potentialAction":[{"@type":"ReadAction","target":["https:\/\/afogadosfm.com.br\/afogadosfm\/2025\/09\/20\/eduardo-bolsonaro-e-silas-malafaia-criticam-relator-da-pec-da-anistia-piada\/"]}]},{"@type":"ImageObject","inLanguage":"pt-BR","@id":"https:\/\/afogadosfm.com.br\/afogadosfm\/2025\/09\/20\/eduardo-bolsonaro-e-silas-malafaia-criticam-relator-da-pec-da-anistia-piada\/#primaryimage","url":"https:\/\/i0.wp.com\/afogadosfm.com.br\/afogadosfm\/wp-content\/uploads\/2019\/08\/eduardo-bolso.jpg?fit=800%2C533&ssl=1","contentUrl":"https:\/\/i0.wp.com\/afogadosfm.com.br\/afogadosfm\/wp-content\/uploads\/2019\/08\/eduardo-bolso.jpg?fit=800%2C533&ssl=1","width":800,"height":533},{"@type":"BreadcrumbList","@id":"https:\/\/afogadosfm.com.br\/afogadosfm\/2025\/09\/20\/eduardo-bolsonaro-e-silas-malafaia-criticam-relator-da-pec-da-anistia-piada\/#breadcrumb","itemListElement":[{"@type":"ListItem","position":1,"name":"In\u00edcio","item":"https:\/\/afogadosfm.com.br\/afogadosfm\/"},{"@type":"ListItem","position":2,"name":"Eduardo Bolsonaro e Silas Malafaia criticam relator da PEC da anistia: &#8220;Piada&#8221;"}]},{"@type":"WebSite","@id":"https:\/\/afogadosfm.com.br\/afogadosfm\/#website","url":"https:\/\/afogadosfm.com.br\/afogadosfm\/","name":"Afogados FM","description":"Um site completo!","publisher":{"@id":"https:\/\/afogadosfm.com.br\/afogadosfm\/#organization"},"potentialAction":[{"@type":"SearchAction","target":{"@type":"EntryPoint","urlTemplate":"https:\/\/afogadosfm.com.br\/afogadosfm\/?s={search_term_string}"},"query-input":{"@type":"PropertyValueSpecification","valueRequired":true,"valueName":"search_term_string"}}],"inLanguage":"pt-BR"},{"@type":"Organization","@id":"https:\/\/afogadosfm.com.br\/afogadosfm\/#organization","name":"Afogados FM","url":"https:\/\/afogadosfm.com.br\/afogadosfm\/","logo":{"@type":"ImageObject","inLanguage":"pt-BR","@id":"https:\/\/afogadosfm.com.br\/afogadosfm\/#\/schema\/logo\/image\/","url":"https:\/\/i0.wp.com\/afogadosfm.com.br\/afogadosfm\/wp-content\/uploads\/2020\/06\/cropped-banner-afogados-4.jpg?fit=369%2C137&ssl=1","contentUrl":"https:\/\/i0.wp.com\/afogadosfm.com.br\/afogadosfm\/wp-content\/uploads\/2020\/06\/cropped-banner-afogados-4.jpg?fit=369%2C137&ssl=1","width":369,"height":137,"caption":"Afogados FM"},"image":{"@id":"https:\/\/afogadosfm.com.br\/afogadosfm\/#\/schema\/logo\/image\/"}},{"@type":"Person","@id":"https:\/\/afogadosfm.com.br\/afogadosfm\/#\/schema\/person\/60e56f2cf5dc960fc093fe093d9e9057","name":"afogadosfm","image":{"@type":"ImageObject","inLanguage":"pt-BR","@id":"https:\/\/secure.gravatar.com\/avatar\/e0359add7ed5dc3560906d861b52c6a8cf5c1e199d3a7dd85070998f49bd4701?s=96&d=mm&r=g","url":"https:\/\/secure.gravatar.com\/avatar\/e0359add7ed5dc3560906d861b52c6a8cf5c1e199d3a7dd85070998f49bd4701?s=96&d=mm&r=g","contentUrl":"https:\/\/secure.gravatar.com\/avatar\/e0359add7ed5dc3560906d861b52c6a8cf5c1e199d3a7dd85070998f49bd4701?s=96&d=mm&r=g","caption":"afogadosfm"},"url":"https:\/\/afogadosfm.com.br\/afogadosfm\/author\/afogadosfm\/"}]}},"jetpack_publicize_connections":[],"jetpack_featured_media_url":"https:\/\/i0.wp.com\/afogadosfm.com.br\/afogadosfm\/wp-content\/uploads\/2019\/08\/eduardo-bolso.jpg?fit=800%2C533&ssl=1","jetpack-related-posts":[],"jetpack_sharing_enabled":true,"jetpack_likes_enabled":true,"_links":{"self":[{"href":"https:\/\/afogadosfm.com.br\/afogadosfm\/wp-json\/wp\/v2\/posts\/69186","targetHints":{"allow":["GET"]}}],"collection":[{"href":"https:\/\/afogadosfm.com.br\/afogadosfm\/wp-json\/wp\/v2\/posts"}],"about":[{"href":"https:\/\/afogadosfm.com.br\/afogadosfm\/wp-json\/wp\/v2\/types\/post"}],"author":[{"embeddable":true,"href":"https:\/\/afogadosfm.com.br\/afogadosfm\/wp-json\/wp\/v2\/users\/2"}],"replies":[{"embeddable":true,"href":"https:\/\/afogadosfm.com.br\/afogadosfm\/wp-json\/wp\/v2\/comments?post=69186"}],"version-history":[{"count":1,"href":"https:\/\/afogadosfm.com.br\/afogadosfm\/wp-json\/wp\/v2\/posts\/69186\/revisions"}],"predecessor-version":[{"id":69187,"href":"https:\/\/afogadosfm.com.br\/afogadosfm\/wp-json\/wp\/v2\/posts\/69186\/revisions\/69187"}],"wp:featuredmedia":[{"embeddable":true,"href":"https:\/\/afogadosfm.com.br\/afogadosfm\/wp-json\/wp\/v2\/media\/11891"}],"wp:attachment":[{"href":"https:\/\/afogadosfm.com.br\/afogadosfm\/wp-json\/wp\/v2\/media?parent=69186"}],"wp:term":[{"taxonomy":"category","embeddable":true,"href":"https:\/\/afogadosfm.com.br\/afogadosfm\/wp-json\/wp\/v2\/categories?post=69186"},{"taxonomy":"post_tag","embeddable":true,"href":"https:\/\/afogadosfm.com.br\/afogadosfm\/wp-json\/wp\/v2\/tags?post=69186"}],"curies":[{"name":"wp","href":"https:\/\/api.w.org\/{rel}","templated":true}]}}