{"id":69190,"date":"2025-09-20T07:33:13","date_gmt":"2025-09-20T10:33:13","guid":{"rendered":"https:\/\/afogadosfm.com.br\/afogadosfm\/?p=69190"},"modified":"2025-09-20T07:33:14","modified_gmt":"2025-09-20T10:33:14","slug":"aviao-com-quase-200-quilos-de-cocaina-com-inscricao-spacex-cai-em-alagoas","status":"publish","type":"post","link":"https:\/\/afogadosfm.com.br\/afogadosfm\/2025\/09\/20\/aviao-com-quase-200-quilos-de-cocaina-com-inscricao-spacex-cai-em-alagoas\/","title":{"rendered":"Avi\u00e3o com quase 200 quilos de coca\u00edna com inscri\u00e7\u00e3o &#8220;SpaceX&#8221; cai em Alagoas"},"content":{"rendered":"\n<p>Um avi\u00e3o monomotor carregado de quase 200 quilos de coca\u00edna, guardados em forma de tabletes embalados com um s\u00edmbolo que lembra o logotipo da empresa Spacex, do bilion\u00e1rio Elon Musk, caiu em um canavial em Coruripe, litoral Sul de Alagoas, no \u00faltimo domingo (14).<\/p>\n\n\n\n<p>Foram, ao todo, 198 kg de coca\u00edna encontrados espalhados pelo local do impacto. O piloto era o \u00fanico a bordo e morreu no local. Ainda n\u00e3o se sabe se a tentativa foi motivada por pane mec\u00e2nica ou por uma opera\u00e7\u00e3o planejada para descarregar a droga. Ele teria sido identificado como o australiano Timothy J. Clark, de acordo com o portal g1.<\/p>\n\n\n\n<p>A Pol\u00edcia Civil de Alagoas abriu investiga\u00e7\u00e3o para identificar a origem e o destino da coca\u00edna, enquanto o Centro de Investiga\u00e7\u00e3o e Preven\u00e7\u00e3o de Acidentes Aeron\u00e1uticos (CENIPA), da For\u00e7a A\u00e9rea Brasileira, ficar\u00e1 respons\u00e1vel por apurar as causas da queda da aeronave.<\/p>\n\n\n\n<p>Poss\u00edvel narcotr\u00e1fico<br>A presen\u00e7a de quase 200 quilos de coca\u00edna, embalados com uma marca que sugere profissionalismo, somada ao fato de o piloto ser estrangeiro, refor\u00e7a a hip\u00f3tese de que a aeronave fazia parte de uma rota internacional de narcotr\u00e1fico.<\/p>\n\n\n\n<p>Em geral, o Brasil \u00e9 um ponto estrat\u00e9gico para envio da droga a outros pa\u00edses, especialmente pela facilidade de acesso a\u00e9reo e mar\u00edtimo na regi\u00e3o Nordeste.<\/p>\n\n\n\n<p>O narcotr\u00e1fico \u00e9 a atividade criminosa que envolve a produ\u00e7\u00e3o, transporte, distribui\u00e7\u00e3o e comercializa\u00e7\u00e3o de drogas ilegais, movimentando bilh\u00f5es de d\u00f3lares em todo o mundo. Trata-se de um crime organizado de car\u00e1ter transnacional, que frequentemente se vale de rotas a\u00e9reas, mar\u00edtimas e terrestres para transportar subst\u00e2ncias proibidas, como coca\u00edna, maconha e hero\u00edna, burlando fronteiras e autoridades.<\/p>\n","protected":false},"excerpt":{"rendered":"<p>Um avi\u00e3o monomotor carregado de quase 200 quilos de coca\u00edna, guardados em forma de tabletes embalados com um s\u00edmbolo que<\/p>\n","protected":false},"author":2,"featured_media":69191,"comment_status":"open","ping_status":"open","sticky":false,"template":"","format":"standard","meta":{"jetpack_post_was_ever_published":false,"_jetpack_newsletter_access":"","_jetpack_dont_email_post_to_subs":false,"_jetpack_newsletter_tier_id":0,"_jetpack_memberships_contains_paywalled_content":false,"_jetpack_memberships_contains_paid_content":false,"footnotes":"","jetpack_publicize_message":"","jetpack_publicize_feature_enabled":true,"jetpack_social_post_already_shared":true,"jetpack_social_options":{"image_generator_settings":{"template":"highway","default_image_id":0,"font":"","enabled":false},"version":2}},"categories":[31],"tags":[],"class_list":["post-69190","post","type-post","status-publish","format-standard","has-post-thumbnail","hentry","category-nordeste"],"yoast_head":"<!-- This site is optimized with the Yoast SEO plugin v27.5 - https:\/\/yoast.com\/product\/yoast-seo-wordpress\/ -->\n<title>Avi\u00e3o com quase 200 quilos de coca\u00edna com inscri\u00e7\u00e3o &quot;SpaceX&quot; cai em Alagoas - Afogados FM<\/title>\n<meta name=\"robots\" content=\"index, follow, max-snippet:-1, max-image-preview:large, max-video-preview:-1\" \/>\n<link rel=\"canonical\" href=\"https:\/\/afogadosfm.com.br\/afogadosfm\/2025\/09\/20\/aviao-com-quase-200-quilos-de-cocaina-com-inscricao-spacex-cai-em-alagoas\/\" \/>\n<meta property=\"og:locale\" content=\"pt_BR\" \/>\n<meta property=\"og:type\" content=\"article\" \/>\n<meta property=\"og:title\" content=\"Avi\u00e3o com quase 200 quilos de coca\u00edna com inscri\u00e7\u00e3o &quot;SpaceX&quot; cai em Alagoas - Afogados FM\" \/>\n<meta property=\"og:description\" content=\"Um avi\u00e3o monomotor carregado de quase 200 quilos de coca\u00edna, guardados em forma de tabletes embalados com um s\u00edmbolo que\" \/>\n<meta property=\"og:url\" content=\"https:\/\/afogadosfm.com.br\/afogadosfm\/2025\/09\/20\/aviao-com-quase-200-quilos-de-cocaina-com-inscricao-spacex-cai-em-alagoas\/\" \/>\n<meta property=\"og:site_name\" content=\"Afogados FM\" \/>\n<meta property=\"article:published_time\" content=\"2025-09-20T10:33:13+00:00\" \/>\n<meta property=\"article:modified_time\" content=\"2025-09-20T10:33:14+00:00\" \/>\n<meta property=\"og:image\" content=\"https:\/\/afogadosfm.com.br\/afogadosfm\/wp-content\/uploads\/2025\/09\/cocaal.jpg\" \/>\n\t<meta property=\"og:image:width\" content=\"534\" \/>\n\t<meta property=\"og:image:height\" content=\"300\" \/>\n\t<meta property=\"og:image:type\" content=\"image\/jpeg\" \/>\n<meta name=\"author\" content=\"afogadosfm\" \/>\n<meta name=\"twitter:card\" content=\"summary_large_image\" \/>\n<meta name=\"twitter:label1\" content=\"Escrito por\" \/>\n\t<meta name=\"twitter:data1\" content=\"afogadosfm\" \/>\n\t<meta name=\"twitter:label2\" content=\"Est. tempo de leitura\" \/>\n\t<meta name=\"twitter:data2\" content=\"2 minutos\" \/>\n<script type=\"application\/ld+json\" class=\"yoast-schema-graph\">{\"@context\":\"https:\\\/\\\/schema.org\",\"@graph\":[{\"@type\":\"Article\",\"@id\":\"https:\\\/\\\/afogadosfm.com.br\\\/afogadosfm\\\/2025\\\/09\\\/20\\\/aviao-com-quase-200-quilos-de-cocaina-com-inscricao-spacex-cai-em-alagoas\\\/#article\",\"isPartOf\":{\"@id\":\"https:\\\/\\\/afogadosfm.com.br\\\/afogadosfm\\\/2025\\\/09\\\/20\\\/aviao-com-quase-200-quilos-de-cocaina-com-inscricao-spacex-cai-em-alagoas\\\/\"},\"author\":{\"name\":\"afogadosfm\",\"@id\":\"https:\\\/\\\/afogadosfm.com.br\\\/afogadosfm\\\/#\\\/schema\\\/person\\\/60e56f2cf5dc960fc093fe093d9e9057\"},\"headline\":\"Avi\u00e3o com quase 200 quilos de coca\u00edna com inscri\u00e7\u00e3o &#8220;SpaceX&#8221; cai em Alagoas\",\"datePublished\":\"2025-09-20T10:33:13+00:00\",\"dateModified\":\"2025-09-20T10:33:14+00:00\",\"mainEntityOfPage\":{\"@id\":\"https:\\\/\\\/afogadosfm.com.br\\\/afogadosfm\\\/2025\\\/09\\\/20\\\/aviao-com-quase-200-quilos-de-cocaina-com-inscricao-spacex-cai-em-alagoas\\\/\"},\"wordCount\":317,\"commentCount\":0,\"publisher\":{\"@id\":\"https:\\\/\\\/afogadosfm.com.br\\\/afogadosfm\\\/#organization\"},\"image\":{\"@id\":\"https:\\\/\\\/afogadosfm.com.br\\\/afogadosfm\\\/2025\\\/09\\\/20\\\/aviao-com-quase-200-quilos-de-cocaina-com-inscricao-spacex-cai-em-alagoas\\\/#primaryimage\"},\"thumbnailUrl\":\"https:\\\/\\\/i0.wp.com\\\/afogadosfm.com.br\\\/afogadosfm\\\/wp-content\\\/uploads\\\/2025\\\/09\\\/cocaal.jpg?fit=534%2C300&ssl=1\",\"articleSection\":[\"Nordeste\"],\"inLanguage\":\"pt-BR\",\"potentialAction\":[{\"@type\":\"CommentAction\",\"name\":\"Comment\",\"target\":[\"https:\\\/\\\/afogadosfm.com.br\\\/afogadosfm\\\/2025\\\/09\\\/20\\\/aviao-com-quase-200-quilos-de-cocaina-com-inscricao-spacex-cai-em-alagoas\\\/#respond\"]}]},{\"@type\":\"WebPage\",\"@id\":\"https:\\\/\\\/afogadosfm.com.br\\\/afogadosfm\\\/2025\\\/09\\\/20\\\/aviao-com-quase-200-quilos-de-cocaina-com-inscricao-spacex-cai-em-alagoas\\\/\",\"url\":\"https:\\\/\\\/afogadosfm.com.br\\\/afogadosfm\\\/2025\\\/09\\\/20\\\/aviao-com-quase-200-quilos-de-cocaina-com-inscricao-spacex-cai-em-alagoas\\\/\",\"name\":\"Avi\u00e3o com quase 200 quilos de coca\u00edna com inscri\u00e7\u00e3o \\\"SpaceX\\\" cai em Alagoas - Afogados FM\",\"isPartOf\":{\"@id\":\"https:\\\/\\\/afogadosfm.com.br\\\/afogadosfm\\\/#website\"},\"primaryImageOfPage\":{\"@id\":\"https:\\\/\\\/afogadosfm.com.br\\\/afogadosfm\\\/2025\\\/09\\\/20\\\/aviao-com-quase-200-quilos-de-cocaina-com-inscricao-spacex-cai-em-alagoas\\\/#primaryimage\"},\"image\":{\"@id\":\"https:\\\/\\\/afogadosfm.com.br\\\/afogadosfm\\\/2025\\\/09\\\/20\\\/aviao-com-quase-200-quilos-de-cocaina-com-inscricao-spacex-cai-em-alagoas\\\/#primaryimage\"},\"thumbnailUrl\":\"https:\\\/\\\/i0.wp.com\\\/afogadosfm.com.br\\\/afogadosfm\\\/wp-content\\\/uploads\\\/2025\\\/09\\\/cocaal.jpg?fit=534%2C300&ssl=1\",\"datePublished\":\"2025-09-20T10:33:13+00:00\",\"dateModified\":\"2025-09-20T10:33:14+00:00\",\"breadcrumb\":{\"@id\":\"https:\\\/\\\/afogadosfm.com.br\\\/afogadosfm\\\/2025\\\/09\\\/20\\\/aviao-com-quase-200-quilos-de-cocaina-com-inscricao-spacex-cai-em-alagoas\\\/#breadcrumb\"},\"inLanguage\":\"pt-BR\",\"potentialAction\":[{\"@type\":\"ReadAction\",\"target\":[\"https:\\\/\\\/afogadosfm.com.br\\\/afogadosfm\\\/2025\\\/09\\\/20\\\/aviao-com-quase-200-quilos-de-cocaina-com-inscricao-spacex-cai-em-alagoas\\\/\"]}]},{\"@type\":\"ImageObject\",\"inLanguage\":\"pt-BR\",\"@id\":\"https:\\\/\\\/afogadosfm.com.br\\\/afogadosfm\\\/2025\\\/09\\\/20\\\/aviao-com-quase-200-quilos-de-cocaina-com-inscricao-spacex-cai-em-alagoas\\\/#primaryimage\",\"url\":\"https:\\\/\\\/i0.wp.com\\\/afogadosfm.com.br\\\/afogadosfm\\\/wp-content\\\/uploads\\\/2025\\\/09\\\/cocaal.jpg?fit=534%2C300&ssl=1\",\"contentUrl\":\"https:\\\/\\\/i0.wp.com\\\/afogadosfm.com.br\\\/afogadosfm\\\/wp-content\\\/uploads\\\/2025\\\/09\\\/cocaal.jpg?fit=534%2C300&ssl=1\",\"width\":534,\"height\":300},{\"@type\":\"BreadcrumbList\",\"@id\":\"https:\\\/\\\/afogadosfm.com.br\\\/afogadosfm\\\/2025\\\/09\\\/20\\\/aviao-com-quase-200-quilos-de-cocaina-com-inscricao-spacex-cai-em-alagoas\\\/#breadcrumb\",\"itemListElement\":[{\"@type\":\"ListItem\",\"position\":1,\"name\":\"In\u00edcio\",\"item\":\"https:\\\/\\\/afogadosfm.com.br\\\/afogadosfm\\\/\"},{\"@type\":\"ListItem\",\"position\":2,\"name\":\"Avi\u00e3o com quase 200 quilos de coca\u00edna com inscri\u00e7\u00e3o &#8220;SpaceX&#8221; cai em Alagoas\"}]},{\"@type\":\"WebSite\",\"@id\":\"https:\\\/\\\/afogadosfm.com.br\\\/afogadosfm\\\/#website\",\"url\":\"https:\\\/\\\/afogadosfm.com.br\\\/afogadosfm\\\/\",\"name\":\"Afogados FM\",\"description\":\"Um site completo!\",\"publisher\":{\"@id\":\"https:\\\/\\\/afogadosfm.com.br\\\/afogadosfm\\\/#organization\"},\"potentialAction\":[{\"@type\":\"SearchAction\",\"target\":{\"@type\":\"EntryPoint\",\"urlTemplate\":\"https:\\\/\\\/afogadosfm.com.br\\\/afogadosfm\\\/?s={search_term_string}\"},\"query-input\":{\"@type\":\"PropertyValueSpecification\",\"valueRequired\":true,\"valueName\":\"search_term_string\"}}],\"inLanguage\":\"pt-BR\"},{\"@type\":\"Organization\",\"@id\":\"https:\\\/\\\/afogadosfm.com.br\\\/afogadosfm\\\/#organization\",\"name\":\"Afogados FM\",\"url\":\"https:\\\/\\\/afogadosfm.com.br\\\/afogadosfm\\\/\",\"logo\":{\"@type\":\"ImageObject\",\"inLanguage\":\"pt-BR\",\"@id\":\"https:\\\/\\\/afogadosfm.com.br\\\/afogadosfm\\\/#\\\/schema\\\/logo\\\/image\\\/\",\"url\":\"https:\\\/\\\/i0.wp.com\\\/afogadosfm.com.br\\\/afogadosfm\\\/wp-content\\\/uploads\\\/2020\\\/06\\\/cropped-banner-afogados-4.jpg?fit=369%2C137&ssl=1\",\"contentUrl\":\"https:\\\/\\\/i0.wp.com\\\/afogadosfm.com.br\\\/afogadosfm\\\/wp-content\\\/uploads\\\/2020\\\/06\\\/cropped-banner-afogados-4.jpg?fit=369%2C137&ssl=1\",\"width\":369,\"height\":137,\"caption\":\"Afogados FM\"},\"image\":{\"@id\":\"https:\\\/\\\/afogadosfm.com.br\\\/afogadosfm\\\/#\\\/schema\\\/logo\\\/image\\\/\"}},{\"@type\":\"Person\",\"@id\":\"https:\\\/\\\/afogadosfm.com.br\\\/afogadosfm\\\/#\\\/schema\\\/person\\\/60e56f2cf5dc960fc093fe093d9e9057\",\"name\":\"afogadosfm\",\"image\":{\"@type\":\"ImageObject\",\"inLanguage\":\"pt-BR\",\"@id\":\"https:\\\/\\\/secure.gravatar.com\\\/avatar\\\/e0359add7ed5dc3560906d861b52c6a8cf5c1e199d3a7dd85070998f49bd4701?s=96&d=mm&r=g\",\"url\":\"https:\\\/\\\/secure.gravatar.com\\\/avatar\\\/e0359add7ed5dc3560906d861b52c6a8cf5c1e199d3a7dd85070998f49bd4701?s=96&d=mm&r=g\",\"contentUrl\":\"https:\\\/\\\/secure.gravatar.com\\\/avatar\\\/e0359add7ed5dc3560906d861b52c6a8cf5c1e199d3a7dd85070998f49bd4701?s=96&d=mm&r=g\",\"caption\":\"afogadosfm\"},\"url\":\"https:\\\/\\\/afogadosfm.com.br\\\/afogadosfm\\\/author\\\/afogadosfm\\\/\"}]}<\/script>\n<!-- \/ Yoast SEO plugin. -->","yoast_head_json":{"title":"Avi\u00e3o com quase 200 quilos de coca\u00edna com inscri\u00e7\u00e3o \"SpaceX\" cai em Alagoas - Afogados FM","robots":{"index":"index","follow":"follow","max-snippet":"max-snippet:-1","max-image-preview":"max-image-preview:large","max-video-preview":"max-video-preview:-1"},"canonical":"https:\/\/afogadosfm.com.br\/afogadosfm\/2025\/09\/20\/aviao-com-quase-200-quilos-de-cocaina-com-inscricao-spacex-cai-em-alagoas\/","og_locale":"pt_BR","og_type":"article","og_title":"Avi\u00e3o com quase 200 quilos de coca\u00edna com inscri\u00e7\u00e3o \"SpaceX\" cai em Alagoas - Afogados FM","og_description":"Um avi\u00e3o monomotor carregado de quase 200 quilos de coca\u00edna, guardados em forma de tabletes embalados com um s\u00edmbolo que","og_url":"https:\/\/afogadosfm.com.br\/afogadosfm\/2025\/09\/20\/aviao-com-quase-200-quilos-de-cocaina-com-inscricao-spacex-cai-em-alagoas\/","og_site_name":"Afogados FM","article_published_time":"2025-09-20T10:33:13+00:00","article_modified_time":"2025-09-20T10:33:14+00:00","og_image":[{"width":534,"height":300,"url":"https:\/\/afogadosfm.com.br\/afogadosfm\/wp-content\/uploads\/2025\/09\/cocaal.jpg","type":"image\/jpeg"}],"author":"afogadosfm","twitter_card":"summary_large_image","twitter_misc":{"Escrito por":"afogadosfm","Est. tempo de leitura":"2 minutos"},"schema":{"@context":"https:\/\/schema.org","@graph":[{"@type":"Article","@id":"https:\/\/afogadosfm.com.br\/afogadosfm\/2025\/09\/20\/aviao-com-quase-200-quilos-de-cocaina-com-inscricao-spacex-cai-em-alagoas\/#article","isPartOf":{"@id":"https:\/\/afogadosfm.com.br\/afogadosfm\/2025\/09\/20\/aviao-com-quase-200-quilos-de-cocaina-com-inscricao-spacex-cai-em-alagoas\/"},"author":{"name":"afogadosfm","@id":"https:\/\/afogadosfm.com.br\/afogadosfm\/#\/schema\/person\/60e56f2cf5dc960fc093fe093d9e9057"},"headline":"Avi\u00e3o com quase 200 quilos de coca\u00edna com inscri\u00e7\u00e3o &#8220;SpaceX&#8221; cai em Alagoas","datePublished":"2025-09-20T10:33:13+00:00","dateModified":"2025-09-20T10:33:14+00:00","mainEntityOfPage":{"@id":"https:\/\/afogadosfm.com.br\/afogadosfm\/2025\/09\/20\/aviao-com-quase-200-quilos-de-cocaina-com-inscricao-spacex-cai-em-alagoas\/"},"wordCount":317,"commentCount":0,"publisher":{"@id":"https:\/\/afogadosfm.com.br\/afogadosfm\/#organization"},"image":{"@id":"https:\/\/afogadosfm.com.br\/afogadosfm\/2025\/09\/20\/aviao-com-quase-200-quilos-de-cocaina-com-inscricao-spacex-cai-em-alagoas\/#primaryimage"},"thumbnailUrl":"https:\/\/i0.wp.com\/afogadosfm.com.br\/afogadosfm\/wp-content\/uploads\/2025\/09\/cocaal.jpg?fit=534%2C300&ssl=1","articleSection":["Nordeste"],"inLanguage":"pt-BR","potentialAction":[{"@type":"CommentAction","name":"Comment","target":["https:\/\/afogadosfm.com.br\/afogadosfm\/2025\/09\/20\/aviao-com-quase-200-quilos-de-cocaina-com-inscricao-spacex-cai-em-alagoas\/#respond"]}]},{"@type":"WebPage","@id":"https:\/\/afogadosfm.com.br\/afogadosfm\/2025\/09\/20\/aviao-com-quase-200-quilos-de-cocaina-com-inscricao-spacex-cai-em-alagoas\/","url":"https:\/\/afogadosfm.com.br\/afogadosfm\/2025\/09\/20\/aviao-com-quase-200-quilos-de-cocaina-com-inscricao-spacex-cai-em-alagoas\/","name":"Avi\u00e3o com quase 200 quilos de coca\u00edna com inscri\u00e7\u00e3o \"SpaceX\" cai em Alagoas - Afogados FM","isPartOf":{"@id":"https:\/\/afogadosfm.com.br\/afogadosfm\/#website"},"primaryImageOfPage":{"@id":"https:\/\/afogadosfm.com.br\/afogadosfm\/2025\/09\/20\/aviao-com-quase-200-quilos-de-cocaina-com-inscricao-spacex-cai-em-alagoas\/#primaryimage"},"image":{"@id":"https:\/\/afogadosfm.com.br\/afogadosfm\/2025\/09\/20\/aviao-com-quase-200-quilos-de-cocaina-com-inscricao-spacex-cai-em-alagoas\/#primaryimage"},"thumbnailUrl":"https:\/\/i0.wp.com\/afogadosfm.com.br\/afogadosfm\/wp-content\/uploads\/2025\/09\/cocaal.jpg?fit=534%2C300&ssl=1","datePublished":"2025-09-20T10:33:13+00:00","dateModified":"2025-09-20T10:33:14+00:00","breadcrumb":{"@id":"https:\/\/afogadosfm.com.br\/afogadosfm\/2025\/09\/20\/aviao-com-quase-200-quilos-de-cocaina-com-inscricao-spacex-cai-em-alagoas\/#breadcrumb"},"inLanguage":"pt-BR","potentialAction":[{"@type":"ReadAction","target":["https:\/\/afogadosfm.com.br\/afogadosfm\/2025\/09\/20\/aviao-com-quase-200-quilos-de-cocaina-com-inscricao-spacex-cai-em-alagoas\/"]}]},{"@type":"ImageObject","inLanguage":"pt-BR","@id":"https:\/\/afogadosfm.com.br\/afogadosfm\/2025\/09\/20\/aviao-com-quase-200-quilos-de-cocaina-com-inscricao-spacex-cai-em-alagoas\/#primaryimage","url":"https:\/\/i0.wp.com\/afogadosfm.com.br\/afogadosfm\/wp-content\/uploads\/2025\/09\/cocaal.jpg?fit=534%2C300&ssl=1","contentUrl":"https:\/\/i0.wp.com\/afogadosfm.com.br\/afogadosfm\/wp-content\/uploads\/2025\/09\/cocaal.jpg?fit=534%2C300&ssl=1","width":534,"height":300},{"@type":"BreadcrumbList","@id":"https:\/\/afogadosfm.com.br\/afogadosfm\/2025\/09\/20\/aviao-com-quase-200-quilos-de-cocaina-com-inscricao-spacex-cai-em-alagoas\/#breadcrumb","itemListElement":[{"@type":"ListItem","position":1,"name":"In\u00edcio","item":"https:\/\/afogadosfm.com.br\/afogadosfm\/"},{"@type":"ListItem","position":2,"name":"Avi\u00e3o com quase 200 quilos de coca\u00edna com inscri\u00e7\u00e3o &#8220;SpaceX&#8221; cai em Alagoas"}]},{"@type":"WebSite","@id":"https:\/\/afogadosfm.com.br\/afogadosfm\/#website","url":"https:\/\/afogadosfm.com.br\/afogadosfm\/","name":"Afogados FM","description":"Um site completo!","publisher":{"@id":"https:\/\/afogadosfm.com.br\/afogadosfm\/#organization"},"potentialAction":[{"@type":"SearchAction","target":{"@type":"EntryPoint","urlTemplate":"https:\/\/afogadosfm.com.br\/afogadosfm\/?s={search_term_string}"},"query-input":{"@type":"PropertyValueSpecification","valueRequired":true,"valueName":"search_term_string"}}],"inLanguage":"pt-BR"},{"@type":"Organization","@id":"https:\/\/afogadosfm.com.br\/afogadosfm\/#organization","name":"Afogados FM","url":"https:\/\/afogadosfm.com.br\/afogadosfm\/","logo":{"@type":"ImageObject","inLanguage":"pt-BR","@id":"https:\/\/afogadosfm.com.br\/afogadosfm\/#\/schema\/logo\/image\/","url":"https:\/\/i0.wp.com\/afogadosfm.com.br\/afogadosfm\/wp-content\/uploads\/2020\/06\/cropped-banner-afogados-4.jpg?fit=369%2C137&ssl=1","contentUrl":"https:\/\/i0.wp.com\/afogadosfm.com.br\/afogadosfm\/wp-content\/uploads\/2020\/06\/cropped-banner-afogados-4.jpg?fit=369%2C137&ssl=1","width":369,"height":137,"caption":"Afogados FM"},"image":{"@id":"https:\/\/afogadosfm.com.br\/afogadosfm\/#\/schema\/logo\/image\/"}},{"@type":"Person","@id":"https:\/\/afogadosfm.com.br\/afogadosfm\/#\/schema\/person\/60e56f2cf5dc960fc093fe093d9e9057","name":"afogadosfm","image":{"@type":"ImageObject","inLanguage":"pt-BR","@id":"https:\/\/secure.gravatar.com\/avatar\/e0359add7ed5dc3560906d861b52c6a8cf5c1e199d3a7dd85070998f49bd4701?s=96&d=mm&r=g","url":"https:\/\/secure.gravatar.com\/avatar\/e0359add7ed5dc3560906d861b52c6a8cf5c1e199d3a7dd85070998f49bd4701?s=96&d=mm&r=g","contentUrl":"https:\/\/secure.gravatar.com\/avatar\/e0359add7ed5dc3560906d861b52c6a8cf5c1e199d3a7dd85070998f49bd4701?s=96&d=mm&r=g","caption":"afogadosfm"},"url":"https:\/\/afogadosfm.com.br\/afogadosfm\/author\/afogadosfm\/"}]}},"jetpack_publicize_connections":[],"jetpack_featured_media_url":"https:\/\/i0.wp.com\/afogadosfm.com.br\/afogadosfm\/wp-content\/uploads\/2025\/09\/cocaal.jpg?fit=534%2C300&ssl=1","jetpack-related-posts":[],"jetpack_sharing_enabled":true,"jetpack_likes_enabled":true,"_links":{"self":[{"href":"https:\/\/afogadosfm.com.br\/afogadosfm\/wp-json\/wp\/v2\/posts\/69190","targetHints":{"allow":["GET"]}}],"collection":[{"href":"https:\/\/afogadosfm.com.br\/afogadosfm\/wp-json\/wp\/v2\/posts"}],"about":[{"href":"https:\/\/afogadosfm.com.br\/afogadosfm\/wp-json\/wp\/v2\/types\/post"}],"author":[{"embeddable":true,"href":"https:\/\/afogadosfm.com.br\/afogadosfm\/wp-json\/wp\/v2\/users\/2"}],"replies":[{"embeddable":true,"href":"https:\/\/afogadosfm.com.br\/afogadosfm\/wp-json\/wp\/v2\/comments?post=69190"}],"version-history":[{"count":1,"href":"https:\/\/afogadosfm.com.br\/afogadosfm\/wp-json\/wp\/v2\/posts\/69190\/revisions"}],"predecessor-version":[{"id":69192,"href":"https:\/\/afogadosfm.com.br\/afogadosfm\/wp-json\/wp\/v2\/posts\/69190\/revisions\/69192"}],"wp:featuredmedia":[{"embeddable":true,"href":"https:\/\/afogadosfm.com.br\/afogadosfm\/wp-json\/wp\/v2\/media\/69191"}],"wp:attachment":[{"href":"https:\/\/afogadosfm.com.br\/afogadosfm\/wp-json\/wp\/v2\/media?parent=69190"}],"wp:term":[{"taxonomy":"category","embeddable":true,"href":"https:\/\/afogadosfm.com.br\/afogadosfm\/wp-json\/wp\/v2\/categories?post=69190"},{"taxonomy":"post_tag","embeddable":true,"href":"https:\/\/afogadosfm.com.br\/afogadosfm\/wp-json\/wp\/v2\/tags?post=69190"}],"curies":[{"name":"wp","href":"https:\/\/api.w.org\/{rel}","templated":true}]}}