{"id":69206,"date":"2025-09-21T04:05:00","date_gmt":"2025-09-21T07:05:00","guid":{"rendered":"https:\/\/afogadosfm.com.br\/afogadosfm\/?p=69206"},"modified":"2025-09-22T04:11:45","modified_gmt":"2025-09-22T07:11:45","slug":"de-serra-talhada-ao-front-pernambucano-troca-oficina-mecanica-pela-guerra-na-ucrania","status":"publish","type":"post","link":"https:\/\/afogadosfm.com.br\/afogadosfm\/2025\/09\/21\/de-serra-talhada-ao-front-pernambucano-troca-oficina-mecanica-pela-guerra-na-ucrania\/","title":{"rendered":"De Serra Talhada ao front: pernambucano troca oficina mec\u00e2nica pela guerra na Ucr\u00e2nia"},"content":{"rendered":"\n<p>Longe do Sert\u00e3o de Pernambuco, o jovem Jo\u00e3o Ferraz, de 28 anos, natural de Serra Talhada, vive hoje uma realidade extrema: a guerra. Ex-mec\u00e2nico, ele trocou a rotina da oficina pelo combate armado na linha de frente da Ucr\u00e2nia, onde atua como volunt\u00e1rio em uma brigada estrangeira do Ex\u00e9rcito Ucraniano.<\/p>\n\n\n\n<p>Sem ter servido ao Ex\u00e9rcito Brasileiro, Jo\u00e3o come\u00e7ou a acompanhar o conflito desde os primeiros ataques russos em 2022 e decidiu que queria se alistar. Por meio de um site oficial, passou por entrevistas, exames f\u00edsicos e uma checagem de antecedentes at\u00e9 receber uma carta-convite. \u201cSempre gostei de militarismo. Esse foi um dos motivos. O outro \u00e9 o que a R\u00fassia est\u00e1 fazendo, atacando cidades, matando civis\u201d, declarou.<\/p>\n\n\n\n<p>Hoje, identificado nas redes como \u201cCav\u00eara\u201d, nome de guerra representado por um emoji de caveira, ele soma mais de 33 mil seguidores no Instagram, onde publica v\u00eddeos diretamente do front. Em meio a tiros, trincheiras e explos\u00f5es, segura o fuzil com uma m\u00e3o e o celular com a outra para mostrar a dura realidade do campo de batalha. Na bio, uma frase em ucraniano chama aten\u00e7\u00e3o: \u201cSlava Ukraini\u201d (\u201cGl\u00f3ria \u00e0 Ucr\u00e2nia\u201d).<\/p>\n\n\n\n<p>Jo\u00e3o revela que o cotidiano na guerra \u00e9 imprevis\u00edvel: pode haver momentos de repouso, mas tamb\u00e9m miss\u00f5es inesperadas e extremamente perigosas. \u201cSe cumprir a miss\u00e3o, deu certo. Se n\u00e3o der certo, n\u00e3o tem mais v\u00eddeo, n\u00e3o tem mais foto, n\u00e3o tem mais nada\u201d, resume, com a frieza de quem convive com o risco de morte a cada instante.<\/p>\n\n\n\n<p>A press\u00e3o psicol\u00f3gica atinge muitos dos combatentes estrangeiros. Dos 29 brasileiros que iniciaram na mesma brigada, segundo ele, apenas 18 permanecem. \u201cTem gente que surta, entra em p\u00e2nico, n\u00e3o consegue lutar. Outros fogem. Muitos n\u00e3o aguentam\u201d.<\/p>\n\n\n\n<p>Apesar do medo, que admite sentir, Jo\u00e3o afirma que n\u00e3o h\u00e1 espa\u00e7o para hesita\u00e7\u00e3o no campo de batalha. \u201cMedo todo mundo sente. Mas aqui n\u00e3o tem espa\u00e7o pra isso. Com medo, voc\u00ea n\u00e3o faz o que tem de ser feito\u201d, diz, em um tom que reflete a brutalidade da guerra e o impacto psicol\u00f3gico dos combates.<\/p>\n\n\n\n<p>A hist\u00f3ria de Jo\u00e3o Ferraz exemplifica a trajet\u00f3ria de brasileiros que, mesmo sem experi\u00eancia militar pr\u00e9via, decidiram enfrentar o campo de guerra ucraniano movidos por convic\u00e7\u00f5es pessoais e o desejo de combater o avan\u00e7o russo no Leste Europeu.<\/p>\n","protected":false},"excerpt":{"rendered":"<p>Longe do Sert\u00e3o de Pernambuco, o jovem Jo\u00e3o Ferraz, de 28 anos, natural de Serra Talhada, vive hoje uma realidade<\/p>\n","protected":false},"author":2,"featured_media":69207,"comment_status":"open","ping_status":"open","sticky":false,"template":"","format":"standard","meta":{"jetpack_post_was_ever_published":false,"_jetpack_newsletter_access":"","_jetpack_dont_email_post_to_subs":false,"_jetpack_newsletter_tier_id":0,"_jetpack_memberships_contains_paywalled_content":false,"_jetpack_memberships_contains_paid_content":false,"footnotes":"","jetpack_publicize_message":"","jetpack_publicize_feature_enabled":true,"jetpack_social_post_already_shared":true,"jetpack_social_options":{"image_generator_settings":{"template":"highway","default_image_id":0,"font":"","enabled":false},"version":2}},"categories":[42],"tags":[],"class_list":["post-69206","post","type-post","status-publish","format-standard","has-post-thumbnail","hentry","category-mundo"],"yoast_head":"<!-- This site is optimized with the Yoast SEO plugin v27.5 - https:\/\/yoast.com\/product\/yoast-seo-wordpress\/ -->\n<title>De Serra Talhada ao front: pernambucano troca oficina mec\u00e2nica pela guerra na Ucr\u00e2nia - Afogados FM<\/title>\n<meta name=\"robots\" content=\"index, follow, max-snippet:-1, max-image-preview:large, max-video-preview:-1\" \/>\n<link rel=\"canonical\" href=\"https:\/\/afogadosfm.com.br\/afogadosfm\/2025\/09\/21\/de-serra-talhada-ao-front-pernambucano-troca-oficina-mecanica-pela-guerra-na-ucrania\/\" \/>\n<meta property=\"og:locale\" content=\"pt_BR\" \/>\n<meta property=\"og:type\" content=\"article\" \/>\n<meta property=\"og:title\" content=\"De Serra Talhada ao front: pernambucano troca oficina mec\u00e2nica pela guerra na Ucr\u00e2nia - Afogados FM\" \/>\n<meta property=\"og:description\" content=\"Longe do Sert\u00e3o de Pernambuco, o jovem Jo\u00e3o Ferraz, de 28 anos, natural de Serra Talhada, vive hoje uma realidade\" \/>\n<meta property=\"og:url\" content=\"https:\/\/afogadosfm.com.br\/afogadosfm\/2025\/09\/21\/de-serra-talhada-ao-front-pernambucano-troca-oficina-mecanica-pela-guerra-na-ucrania\/\" \/>\n<meta property=\"og:site_name\" content=\"Afogados FM\" \/>\n<meta property=\"article:published_time\" content=\"2025-09-21T07:05:00+00:00\" \/>\n<meta property=\"article:modified_time\" content=\"2025-09-22T07:11:45+00:00\" \/>\n<meta property=\"og:image\" content=\"https:\/\/afogadosfm.com.br\/afogadosfm\/wp-content\/uploads\/2025\/09\/aa-128.jpg\" \/>\n\t<meta property=\"og:image:width\" content=\"599\" \/>\n\t<meta property=\"og:image:height\" content=\"513\" \/>\n\t<meta property=\"og:image:type\" content=\"image\/jpeg\" \/>\n<meta name=\"author\" content=\"afogadosfm\" \/>\n<meta name=\"twitter:card\" content=\"summary_large_image\" \/>\n<meta name=\"twitter:label1\" content=\"Escrito por\" \/>\n\t<meta name=\"twitter:data1\" content=\"afogadosfm\" \/>\n\t<meta name=\"twitter:label2\" content=\"Est. tempo de leitura\" \/>\n\t<meta name=\"twitter:data2\" content=\"3 minutos\" \/>\n<script type=\"application\/ld+json\" class=\"yoast-schema-graph\">{\"@context\":\"https:\\\/\\\/schema.org\",\"@graph\":[{\"@type\":\"Article\",\"@id\":\"https:\\\/\\\/afogadosfm.com.br\\\/afogadosfm\\\/2025\\\/09\\\/21\\\/de-serra-talhada-ao-front-pernambucano-troca-oficina-mecanica-pela-guerra-na-ucrania\\\/#article\",\"isPartOf\":{\"@id\":\"https:\\\/\\\/afogadosfm.com.br\\\/afogadosfm\\\/2025\\\/09\\\/21\\\/de-serra-talhada-ao-front-pernambucano-troca-oficina-mecanica-pela-guerra-na-ucrania\\\/\"},\"author\":{\"name\":\"afogadosfm\",\"@id\":\"https:\\\/\\\/afogadosfm.com.br\\\/afogadosfm\\\/#\\\/schema\\\/person\\\/60e56f2cf5dc960fc093fe093d9e9057\"},\"headline\":\"De Serra Talhada ao front: pernambucano troca oficina mec\u00e2nica pela guerra na Ucr\u00e2nia\",\"datePublished\":\"2025-09-21T07:05:00+00:00\",\"dateModified\":\"2025-09-22T07:11:45+00:00\",\"mainEntityOfPage\":{\"@id\":\"https:\\\/\\\/afogadosfm.com.br\\\/afogadosfm\\\/2025\\\/09\\\/21\\\/de-serra-talhada-ao-front-pernambucano-troca-oficina-mecanica-pela-guerra-na-ucrania\\\/\"},\"wordCount\":432,\"commentCount\":0,\"publisher\":{\"@id\":\"https:\\\/\\\/afogadosfm.com.br\\\/afogadosfm\\\/#organization\"},\"image\":{\"@id\":\"https:\\\/\\\/afogadosfm.com.br\\\/afogadosfm\\\/2025\\\/09\\\/21\\\/de-serra-talhada-ao-front-pernambucano-troca-oficina-mecanica-pela-guerra-na-ucrania\\\/#primaryimage\"},\"thumbnailUrl\":\"https:\\\/\\\/i0.wp.com\\\/afogadosfm.com.br\\\/afogadosfm\\\/wp-content\\\/uploads\\\/2025\\\/09\\\/aa-128.jpg?fit=599%2C513&ssl=1\",\"articleSection\":[\"Mundo\"],\"inLanguage\":\"pt-BR\",\"potentialAction\":[{\"@type\":\"CommentAction\",\"name\":\"Comment\",\"target\":[\"https:\\\/\\\/afogadosfm.com.br\\\/afogadosfm\\\/2025\\\/09\\\/21\\\/de-serra-talhada-ao-front-pernambucano-troca-oficina-mecanica-pela-guerra-na-ucrania\\\/#respond\"]}]},{\"@type\":\"WebPage\",\"@id\":\"https:\\\/\\\/afogadosfm.com.br\\\/afogadosfm\\\/2025\\\/09\\\/21\\\/de-serra-talhada-ao-front-pernambucano-troca-oficina-mecanica-pela-guerra-na-ucrania\\\/\",\"url\":\"https:\\\/\\\/afogadosfm.com.br\\\/afogadosfm\\\/2025\\\/09\\\/21\\\/de-serra-talhada-ao-front-pernambucano-troca-oficina-mecanica-pela-guerra-na-ucrania\\\/\",\"name\":\"De Serra Talhada ao front: pernambucano troca oficina mec\u00e2nica pela guerra na Ucr\u00e2nia - Afogados FM\",\"isPartOf\":{\"@id\":\"https:\\\/\\\/afogadosfm.com.br\\\/afogadosfm\\\/#website\"},\"primaryImageOfPage\":{\"@id\":\"https:\\\/\\\/afogadosfm.com.br\\\/afogadosfm\\\/2025\\\/09\\\/21\\\/de-serra-talhada-ao-front-pernambucano-troca-oficina-mecanica-pela-guerra-na-ucrania\\\/#primaryimage\"},\"image\":{\"@id\":\"https:\\\/\\\/afogadosfm.com.br\\\/afogadosfm\\\/2025\\\/09\\\/21\\\/de-serra-talhada-ao-front-pernambucano-troca-oficina-mecanica-pela-guerra-na-ucrania\\\/#primaryimage\"},\"thumbnailUrl\":\"https:\\\/\\\/i0.wp.com\\\/afogadosfm.com.br\\\/afogadosfm\\\/wp-content\\\/uploads\\\/2025\\\/09\\\/aa-128.jpg?fit=599%2C513&ssl=1\",\"datePublished\":\"2025-09-21T07:05:00+00:00\",\"dateModified\":\"2025-09-22T07:11:45+00:00\",\"breadcrumb\":{\"@id\":\"https:\\\/\\\/afogadosfm.com.br\\\/afogadosfm\\\/2025\\\/09\\\/21\\\/de-serra-talhada-ao-front-pernambucano-troca-oficina-mecanica-pela-guerra-na-ucrania\\\/#breadcrumb\"},\"inLanguage\":\"pt-BR\",\"potentialAction\":[{\"@type\":\"ReadAction\",\"target\":[\"https:\\\/\\\/afogadosfm.com.br\\\/afogadosfm\\\/2025\\\/09\\\/21\\\/de-serra-talhada-ao-front-pernambucano-troca-oficina-mecanica-pela-guerra-na-ucrania\\\/\"]}]},{\"@type\":\"ImageObject\",\"inLanguage\":\"pt-BR\",\"@id\":\"https:\\\/\\\/afogadosfm.com.br\\\/afogadosfm\\\/2025\\\/09\\\/21\\\/de-serra-talhada-ao-front-pernambucano-troca-oficina-mecanica-pela-guerra-na-ucrania\\\/#primaryimage\",\"url\":\"https:\\\/\\\/i0.wp.com\\\/afogadosfm.com.br\\\/afogadosfm\\\/wp-content\\\/uploads\\\/2025\\\/09\\\/aa-128.jpg?fit=599%2C513&ssl=1\",\"contentUrl\":\"https:\\\/\\\/i0.wp.com\\\/afogadosfm.com.br\\\/afogadosfm\\\/wp-content\\\/uploads\\\/2025\\\/09\\\/aa-128.jpg?fit=599%2C513&ssl=1\",\"width\":599,\"height\":513},{\"@type\":\"BreadcrumbList\",\"@id\":\"https:\\\/\\\/afogadosfm.com.br\\\/afogadosfm\\\/2025\\\/09\\\/21\\\/de-serra-talhada-ao-front-pernambucano-troca-oficina-mecanica-pela-guerra-na-ucrania\\\/#breadcrumb\",\"itemListElement\":[{\"@type\":\"ListItem\",\"position\":1,\"name\":\"In\u00edcio\",\"item\":\"https:\\\/\\\/afogadosfm.com.br\\\/afogadosfm\\\/\"},{\"@type\":\"ListItem\",\"position\":2,\"name\":\"De Serra Talhada ao front: pernambucano troca oficina mec\u00e2nica pela guerra na Ucr\u00e2nia\"}]},{\"@type\":\"WebSite\",\"@id\":\"https:\\\/\\\/afogadosfm.com.br\\\/afogadosfm\\\/#website\",\"url\":\"https:\\\/\\\/afogadosfm.com.br\\\/afogadosfm\\\/\",\"name\":\"Afogados FM\",\"description\":\"Um site completo!\",\"publisher\":{\"@id\":\"https:\\\/\\\/afogadosfm.com.br\\\/afogadosfm\\\/#organization\"},\"potentialAction\":[{\"@type\":\"SearchAction\",\"target\":{\"@type\":\"EntryPoint\",\"urlTemplate\":\"https:\\\/\\\/afogadosfm.com.br\\\/afogadosfm\\\/?s={search_term_string}\"},\"query-input\":{\"@type\":\"PropertyValueSpecification\",\"valueRequired\":true,\"valueName\":\"search_term_string\"}}],\"inLanguage\":\"pt-BR\"},{\"@type\":\"Organization\",\"@id\":\"https:\\\/\\\/afogadosfm.com.br\\\/afogadosfm\\\/#organization\",\"name\":\"Afogados FM\",\"url\":\"https:\\\/\\\/afogadosfm.com.br\\\/afogadosfm\\\/\",\"logo\":{\"@type\":\"ImageObject\",\"inLanguage\":\"pt-BR\",\"@id\":\"https:\\\/\\\/afogadosfm.com.br\\\/afogadosfm\\\/#\\\/schema\\\/logo\\\/image\\\/\",\"url\":\"https:\\\/\\\/i0.wp.com\\\/afogadosfm.com.br\\\/afogadosfm\\\/wp-content\\\/uploads\\\/2020\\\/06\\\/cropped-banner-afogados-4.jpg?fit=369%2C137&ssl=1\",\"contentUrl\":\"https:\\\/\\\/i0.wp.com\\\/afogadosfm.com.br\\\/afogadosfm\\\/wp-content\\\/uploads\\\/2020\\\/06\\\/cropped-banner-afogados-4.jpg?fit=369%2C137&ssl=1\",\"width\":369,\"height\":137,\"caption\":\"Afogados FM\"},\"image\":{\"@id\":\"https:\\\/\\\/afogadosfm.com.br\\\/afogadosfm\\\/#\\\/schema\\\/logo\\\/image\\\/\"}},{\"@type\":\"Person\",\"@id\":\"https:\\\/\\\/afogadosfm.com.br\\\/afogadosfm\\\/#\\\/schema\\\/person\\\/60e56f2cf5dc960fc093fe093d9e9057\",\"name\":\"afogadosfm\",\"image\":{\"@type\":\"ImageObject\",\"inLanguage\":\"pt-BR\",\"@id\":\"https:\\\/\\\/secure.gravatar.com\\\/avatar\\\/e0359add7ed5dc3560906d861b52c6a8cf5c1e199d3a7dd85070998f49bd4701?s=96&d=mm&r=g\",\"url\":\"https:\\\/\\\/secure.gravatar.com\\\/avatar\\\/e0359add7ed5dc3560906d861b52c6a8cf5c1e199d3a7dd85070998f49bd4701?s=96&d=mm&r=g\",\"contentUrl\":\"https:\\\/\\\/secure.gravatar.com\\\/avatar\\\/e0359add7ed5dc3560906d861b52c6a8cf5c1e199d3a7dd85070998f49bd4701?s=96&d=mm&r=g\",\"caption\":\"afogadosfm\"},\"url\":\"https:\\\/\\\/afogadosfm.com.br\\\/afogadosfm\\\/author\\\/afogadosfm\\\/\"}]}<\/script>\n<!-- \/ Yoast SEO plugin. -->","yoast_head_json":{"title":"De Serra Talhada ao front: pernambucano troca oficina mec\u00e2nica pela guerra na Ucr\u00e2nia - Afogados FM","robots":{"index":"index","follow":"follow","max-snippet":"max-snippet:-1","max-image-preview":"max-image-preview:large","max-video-preview":"max-video-preview:-1"},"canonical":"https:\/\/afogadosfm.com.br\/afogadosfm\/2025\/09\/21\/de-serra-talhada-ao-front-pernambucano-troca-oficina-mecanica-pela-guerra-na-ucrania\/","og_locale":"pt_BR","og_type":"article","og_title":"De Serra Talhada ao front: pernambucano troca oficina mec\u00e2nica pela guerra na Ucr\u00e2nia - Afogados FM","og_description":"Longe do Sert\u00e3o de Pernambuco, o jovem Jo\u00e3o Ferraz, de 28 anos, natural de Serra Talhada, vive hoje uma realidade","og_url":"https:\/\/afogadosfm.com.br\/afogadosfm\/2025\/09\/21\/de-serra-talhada-ao-front-pernambucano-troca-oficina-mecanica-pela-guerra-na-ucrania\/","og_site_name":"Afogados FM","article_published_time":"2025-09-21T07:05:00+00:00","article_modified_time":"2025-09-22T07:11:45+00:00","og_image":[{"width":599,"height":513,"url":"https:\/\/afogadosfm.com.br\/afogadosfm\/wp-content\/uploads\/2025\/09\/aa-128.jpg","type":"image\/jpeg"}],"author":"afogadosfm","twitter_card":"summary_large_image","twitter_misc":{"Escrito por":"afogadosfm","Est. tempo de leitura":"3 minutos"},"schema":{"@context":"https:\/\/schema.org","@graph":[{"@type":"Article","@id":"https:\/\/afogadosfm.com.br\/afogadosfm\/2025\/09\/21\/de-serra-talhada-ao-front-pernambucano-troca-oficina-mecanica-pela-guerra-na-ucrania\/#article","isPartOf":{"@id":"https:\/\/afogadosfm.com.br\/afogadosfm\/2025\/09\/21\/de-serra-talhada-ao-front-pernambucano-troca-oficina-mecanica-pela-guerra-na-ucrania\/"},"author":{"name":"afogadosfm","@id":"https:\/\/afogadosfm.com.br\/afogadosfm\/#\/schema\/person\/60e56f2cf5dc960fc093fe093d9e9057"},"headline":"De Serra Talhada ao front: pernambucano troca oficina mec\u00e2nica pela guerra na Ucr\u00e2nia","datePublished":"2025-09-21T07:05:00+00:00","dateModified":"2025-09-22T07:11:45+00:00","mainEntityOfPage":{"@id":"https:\/\/afogadosfm.com.br\/afogadosfm\/2025\/09\/21\/de-serra-talhada-ao-front-pernambucano-troca-oficina-mecanica-pela-guerra-na-ucrania\/"},"wordCount":432,"commentCount":0,"publisher":{"@id":"https:\/\/afogadosfm.com.br\/afogadosfm\/#organization"},"image":{"@id":"https:\/\/afogadosfm.com.br\/afogadosfm\/2025\/09\/21\/de-serra-talhada-ao-front-pernambucano-troca-oficina-mecanica-pela-guerra-na-ucrania\/#primaryimage"},"thumbnailUrl":"https:\/\/i0.wp.com\/afogadosfm.com.br\/afogadosfm\/wp-content\/uploads\/2025\/09\/aa-128.jpg?fit=599%2C513&ssl=1","articleSection":["Mundo"],"inLanguage":"pt-BR","potentialAction":[{"@type":"CommentAction","name":"Comment","target":["https:\/\/afogadosfm.com.br\/afogadosfm\/2025\/09\/21\/de-serra-talhada-ao-front-pernambucano-troca-oficina-mecanica-pela-guerra-na-ucrania\/#respond"]}]},{"@type":"WebPage","@id":"https:\/\/afogadosfm.com.br\/afogadosfm\/2025\/09\/21\/de-serra-talhada-ao-front-pernambucano-troca-oficina-mecanica-pela-guerra-na-ucrania\/","url":"https:\/\/afogadosfm.com.br\/afogadosfm\/2025\/09\/21\/de-serra-talhada-ao-front-pernambucano-troca-oficina-mecanica-pela-guerra-na-ucrania\/","name":"De Serra Talhada ao front: pernambucano troca oficina mec\u00e2nica pela guerra na Ucr\u00e2nia - Afogados FM","isPartOf":{"@id":"https:\/\/afogadosfm.com.br\/afogadosfm\/#website"},"primaryImageOfPage":{"@id":"https:\/\/afogadosfm.com.br\/afogadosfm\/2025\/09\/21\/de-serra-talhada-ao-front-pernambucano-troca-oficina-mecanica-pela-guerra-na-ucrania\/#primaryimage"},"image":{"@id":"https:\/\/afogadosfm.com.br\/afogadosfm\/2025\/09\/21\/de-serra-talhada-ao-front-pernambucano-troca-oficina-mecanica-pela-guerra-na-ucrania\/#primaryimage"},"thumbnailUrl":"https:\/\/i0.wp.com\/afogadosfm.com.br\/afogadosfm\/wp-content\/uploads\/2025\/09\/aa-128.jpg?fit=599%2C513&ssl=1","datePublished":"2025-09-21T07:05:00+00:00","dateModified":"2025-09-22T07:11:45+00:00","breadcrumb":{"@id":"https:\/\/afogadosfm.com.br\/afogadosfm\/2025\/09\/21\/de-serra-talhada-ao-front-pernambucano-troca-oficina-mecanica-pela-guerra-na-ucrania\/#breadcrumb"},"inLanguage":"pt-BR","potentialAction":[{"@type":"ReadAction","target":["https:\/\/afogadosfm.com.br\/afogadosfm\/2025\/09\/21\/de-serra-talhada-ao-front-pernambucano-troca-oficina-mecanica-pela-guerra-na-ucrania\/"]}]},{"@type":"ImageObject","inLanguage":"pt-BR","@id":"https:\/\/afogadosfm.com.br\/afogadosfm\/2025\/09\/21\/de-serra-talhada-ao-front-pernambucano-troca-oficina-mecanica-pela-guerra-na-ucrania\/#primaryimage","url":"https:\/\/i0.wp.com\/afogadosfm.com.br\/afogadosfm\/wp-content\/uploads\/2025\/09\/aa-128.jpg?fit=599%2C513&ssl=1","contentUrl":"https:\/\/i0.wp.com\/afogadosfm.com.br\/afogadosfm\/wp-content\/uploads\/2025\/09\/aa-128.jpg?fit=599%2C513&ssl=1","width":599,"height":513},{"@type":"BreadcrumbList","@id":"https:\/\/afogadosfm.com.br\/afogadosfm\/2025\/09\/21\/de-serra-talhada-ao-front-pernambucano-troca-oficina-mecanica-pela-guerra-na-ucrania\/#breadcrumb","itemListElement":[{"@type":"ListItem","position":1,"name":"In\u00edcio","item":"https:\/\/afogadosfm.com.br\/afogadosfm\/"},{"@type":"ListItem","position":2,"name":"De Serra Talhada ao front: pernambucano troca oficina mec\u00e2nica pela guerra na Ucr\u00e2nia"}]},{"@type":"WebSite","@id":"https:\/\/afogadosfm.com.br\/afogadosfm\/#website","url":"https:\/\/afogadosfm.com.br\/afogadosfm\/","name":"Afogados FM","description":"Um site completo!","publisher":{"@id":"https:\/\/afogadosfm.com.br\/afogadosfm\/#organization"},"potentialAction":[{"@type":"SearchAction","target":{"@type":"EntryPoint","urlTemplate":"https:\/\/afogadosfm.com.br\/afogadosfm\/?s={search_term_string}"},"query-input":{"@type":"PropertyValueSpecification","valueRequired":true,"valueName":"search_term_string"}}],"inLanguage":"pt-BR"},{"@type":"Organization","@id":"https:\/\/afogadosfm.com.br\/afogadosfm\/#organization","name":"Afogados FM","url":"https:\/\/afogadosfm.com.br\/afogadosfm\/","logo":{"@type":"ImageObject","inLanguage":"pt-BR","@id":"https:\/\/afogadosfm.com.br\/afogadosfm\/#\/schema\/logo\/image\/","url":"https:\/\/i0.wp.com\/afogadosfm.com.br\/afogadosfm\/wp-content\/uploads\/2020\/06\/cropped-banner-afogados-4.jpg?fit=369%2C137&ssl=1","contentUrl":"https:\/\/i0.wp.com\/afogadosfm.com.br\/afogadosfm\/wp-content\/uploads\/2020\/06\/cropped-banner-afogados-4.jpg?fit=369%2C137&ssl=1","width":369,"height":137,"caption":"Afogados FM"},"image":{"@id":"https:\/\/afogadosfm.com.br\/afogadosfm\/#\/schema\/logo\/image\/"}},{"@type":"Person","@id":"https:\/\/afogadosfm.com.br\/afogadosfm\/#\/schema\/person\/60e56f2cf5dc960fc093fe093d9e9057","name":"afogadosfm","image":{"@type":"ImageObject","inLanguage":"pt-BR","@id":"https:\/\/secure.gravatar.com\/avatar\/e0359add7ed5dc3560906d861b52c6a8cf5c1e199d3a7dd85070998f49bd4701?s=96&d=mm&r=g","url":"https:\/\/secure.gravatar.com\/avatar\/e0359add7ed5dc3560906d861b52c6a8cf5c1e199d3a7dd85070998f49bd4701?s=96&d=mm&r=g","contentUrl":"https:\/\/secure.gravatar.com\/avatar\/e0359add7ed5dc3560906d861b52c6a8cf5c1e199d3a7dd85070998f49bd4701?s=96&d=mm&r=g","caption":"afogadosfm"},"url":"https:\/\/afogadosfm.com.br\/afogadosfm\/author\/afogadosfm\/"}]}},"jetpack_publicize_connections":[],"jetpack_featured_media_url":"https:\/\/i0.wp.com\/afogadosfm.com.br\/afogadosfm\/wp-content\/uploads\/2025\/09\/aa-128.jpg?fit=599%2C513&ssl=1","jetpack-related-posts":[],"jetpack_sharing_enabled":true,"jetpack_likes_enabled":true,"_links":{"self":[{"href":"https:\/\/afogadosfm.com.br\/afogadosfm\/wp-json\/wp\/v2\/posts\/69206","targetHints":{"allow":["GET"]}}],"collection":[{"href":"https:\/\/afogadosfm.com.br\/afogadosfm\/wp-json\/wp\/v2\/posts"}],"about":[{"href":"https:\/\/afogadosfm.com.br\/afogadosfm\/wp-json\/wp\/v2\/types\/post"}],"author":[{"embeddable":true,"href":"https:\/\/afogadosfm.com.br\/afogadosfm\/wp-json\/wp\/v2\/users\/2"}],"replies":[{"embeddable":true,"href":"https:\/\/afogadosfm.com.br\/afogadosfm\/wp-json\/wp\/v2\/comments?post=69206"}],"version-history":[{"count":1,"href":"https:\/\/afogadosfm.com.br\/afogadosfm\/wp-json\/wp\/v2\/posts\/69206\/revisions"}],"predecessor-version":[{"id":69208,"href":"https:\/\/afogadosfm.com.br\/afogadosfm\/wp-json\/wp\/v2\/posts\/69206\/revisions\/69208"}],"wp:featuredmedia":[{"embeddable":true,"href":"https:\/\/afogadosfm.com.br\/afogadosfm\/wp-json\/wp\/v2\/media\/69207"}],"wp:attachment":[{"href":"https:\/\/afogadosfm.com.br\/afogadosfm\/wp-json\/wp\/v2\/media?parent=69206"}],"wp:term":[{"taxonomy":"category","embeddable":true,"href":"https:\/\/afogadosfm.com.br\/afogadosfm\/wp-json\/wp\/v2\/categories?post=69206"},{"taxonomy":"post_tag","embeddable":true,"href":"https:\/\/afogadosfm.com.br\/afogadosfm\/wp-json\/wp\/v2\/tags?post=69206"}],"curies":[{"name":"wp","href":"https:\/\/api.w.org\/{rel}","templated":true}]}}