{"id":69209,"date":"2025-09-21T04:12:00","date_gmt":"2025-09-21T07:12:00","guid":{"rendered":"https:\/\/afogadosfm.com.br\/afogadosfm\/?p=69209"},"modified":"2025-09-22T04:14:21","modified_gmt":"2025-09-22T07:14:21","slug":"encerrada-com-sucesso-a-festa-de-setembro-na-caatingueira","status":"publish","type":"post","link":"https:\/\/afogadosfm.com.br\/afogadosfm\/2025\/09\/21\/encerrada-com-sucesso-a-festa-de-setembro-na-caatingueira\/","title":{"rendered":"Encerrada com sucesso a Festa de Setembro na Caatingueira"},"content":{"rendered":"\n<p>Foi encerrada neste s\u00e1bado (20) a Festa de Setembro da comunidade da Caatingueira, munic\u00edpio de Iguaracy, com grande participa\u00e7\u00e3o popular e uma programa\u00e7\u00e3o marcada por manifesta\u00e7\u00f5es culturais, religiosas e momentos de confraterniza\u00e7\u00e3o. A festa teve in\u00edcio na \u00faltima quinta-feira (18) e contou com tr\u00eas dias intensos de celebra\u00e7\u00f5es e encontros que movimentaram a localidade.<\/p>\n\n\n\n<p>Durante a programa\u00e7\u00e3o, moradores e visitantes puderam prestigiar atividades religiosas al\u00e9m de apresenta\u00e7\u00f5es culturais, caf\u00e9 comunit\u00e1rio e atra\u00e7\u00f5es musicais que valorizaram os artistas da terra e da regi\u00e3o. O evento refor\u00e7ou o sentimento de pertencimento e identidade cultural da comunidade.<\/p>\n\n\n\n<figure class=\"wp-block-image\"><a href=\"https:\/\/i0.wp.com\/blogger.googleusercontent.com\/img\/b\/R29vZ2xl\/AVvXsEh1eZAoBlJhzvavwdOIRHifnuLmTi3mghPudhHZqzmmOLF37sgbG9an6gBO2iWuPzGgp4-077Tz1cSaRgNi4qEpVmDG5DnX7qbLjTX2-j0ua1Q_JmrmUFKJJ01RVxUpboMPb3YwZYl7JXb60_awTTmrBxAzltLws5Vzm3J-qwMuHrJlDxKASMVhST7om5Ga\/s4032\/013b11f0-0229-4f20-8949-40d6486c51dd.jpeg?ssl=1\"><img data-recalc-dims=\"1\" decoding=\"async\" src=\"https:\/\/i0.wp.com\/blogger.googleusercontent.com\/img\/b\/R29vZ2xl\/AVvXsEh1eZAoBlJhzvavwdOIRHifnuLmTi3mghPudhHZqzmmOLF37sgbG9an6gBO2iWuPzGgp4-077Tz1cSaRgNi4qEpVmDG5DnX7qbLjTX2-j0ua1Q_JmrmUFKJJ01RVxUpboMPb3YwZYl7JXb60_awTTmrBxAzltLws5Vzm3J-qwMuHrJlDxKASMVhST7om5Ga\/w400-h300\/013b11f0-0229-4f20-8949-40d6486c51dd.jpeg?w=840&#038;ssl=1\" alt=\"\"\/><\/a><\/figure>\n\n\n\n<figure class=\"wp-block-image\"><a href=\"https:\/\/i0.wp.com\/blogger.googleusercontent.com\/img\/b\/R29vZ2xl\/AVvXsEhQ_rgTK5ezCujvra7iCFkWTjCC_M3wpYsfppRAkqBPWNj-4-lLkjiewc0R7c7JEQldTKZrS6FTPSR6WlFoXk0icStILfCS8RL2uzk9fHr3v55xEpgk2GmtPAg3DxlwLQBi0patzRV1o9oEdjw8X87JKsWqxStX4vadOcVMNzc7VGRZh0drFZfH1UaHdDOX\/s4032\/8a90e2b5-2b9d-4d16-85f5-91100b7eedbf.jpeg?ssl=1\"><img data-recalc-dims=\"1\" decoding=\"async\" src=\"https:\/\/i0.wp.com\/blogger.googleusercontent.com\/img\/b\/R29vZ2xl\/AVvXsEhQ_rgTK5ezCujvra7iCFkWTjCC_M3wpYsfppRAkqBPWNj-4-lLkjiewc0R7c7JEQldTKZrS6FTPSR6WlFoXk0icStILfCS8RL2uzk9fHr3v55xEpgk2GmtPAg3DxlwLQBi0patzRV1o9oEdjw8X87JKsWqxStX4vadOcVMNzc7VGRZh0drFZfH1UaHdDOX\/w400-h300\/8a90e2b5-2b9d-4d16-85f5-91100b7eedbf.jpeg?w=840&#038;ssl=1\" alt=\"\"\/><\/a><\/figure>\n\n\n\n<p>O prefeito de Iguaracy, Dr. Pedro Alves, que esteve presente prestigiando as festividades junto com autoridades municipais, integrantes da equipe de governo e do povo, destacou a import\u00e2ncia do momento:<\/p>\n\n\n\n<p>&nbsp;\u201cA Festa de Setembro na Caatingueira \u00e9 um s\u00edmbolo da for\u00e7a da nossa tradi\u00e7\u00e3o. \u00c9 gratificante ver a comunidade unida, celebrando sua f\u00e9 e suas ra\u00edzes. Seguiremos apoiando eventos como este, que fortalecem a cultura e o esp\u00edrito coletivo do nosso povo\u201d, afirmou o gestor.<\/p>\n\n\n\n<p>O evento foi promovido pela Prefeitura de Iguaracy, atrav\u00e9s da Secretaria Municipal de Cultura e Turismo.<\/p>\n\n\n\n<figure class=\"wp-block-image\"><a href=\"https:\/\/i0.wp.com\/blogger.googleusercontent.com\/img\/b\/R29vZ2xl\/AVvXsEi-qERO8t00YBgnrUCvGwI0k47VznDY8tMvDgujowL7Aybr1cEVvY0bW18g0L53sbFm3HWBauQf-RJi0QOIdfPZYTo9XK1VSnjSHiD6-qlBr-9AID9CyGuQ6VJcWCzQR9Zw3rLaOsJ_g8f0CqjmJxpkwWTW-IK3cnbghqtsxOkyM6jEsFNQKh_Kq8DEjx70\/s4032\/c2e366d4-ec90-40ea-bc82-f13795260559.jpeg?ssl=1\"><img data-recalc-dims=\"1\" decoding=\"async\" src=\"https:\/\/i0.wp.com\/blogger.googleusercontent.com\/img\/b\/R29vZ2xl\/AVvXsEi-qERO8t00YBgnrUCvGwI0k47VznDY8tMvDgujowL7Aybr1cEVvY0bW18g0L53sbFm3HWBauQf-RJi0QOIdfPZYTo9XK1VSnjSHiD6-qlBr-9AID9CyGuQ6VJcWCzQR9Zw3rLaOsJ_g8f0CqjmJxpkwWTW-IK3cnbghqtsxOkyM6jEsFNQKh_Kq8DEjx70\/w400-h300\/c2e366d4-ec90-40ea-bc82-f13795260559.jpeg?w=840&#038;ssl=1\" alt=\"\"\/><\/a><\/figure>\n\n\n\n<figure class=\"wp-block-image\"><a href=\"https:\/\/i0.wp.com\/blogger.googleusercontent.com\/img\/b\/R29vZ2xl\/AVvXsEgjzopPFem-5x-h3-K50EjtgEpWI6oeJjvn_B1B4yOoiY9b82XH4M5p0pqy9XuavacD93acyRSUTOha9SIbmFNfSg3FJ6rJqWW4lhCoCi6JDKa3gK5Nq84Ytmk9zuT3AHFXVgUjYuTcIxlQz3bIALOreY-Hz8NQSdxnv1jBLje7lo447Fw04ooAknwzlePW\/s4032\/4254ea65-314c-4045-834c-b17fcee7eb1a.jpeg?ssl=1\"><img data-recalc-dims=\"1\" decoding=\"async\" src=\"https:\/\/i0.wp.com\/blogger.googleusercontent.com\/img\/b\/R29vZ2xl\/AVvXsEgjzopPFem-5x-h3-K50EjtgEpWI6oeJjvn_B1B4yOoiY9b82XH4M5p0pqy9XuavacD93acyRSUTOha9SIbmFNfSg3FJ6rJqWW4lhCoCi6JDKa3gK5Nq84Ytmk9zuT3AHFXVgUjYuTcIxlQz3bIALOreY-Hz8NQSdxnv1jBLje7lo447Fw04ooAknwzlePW\/w400-h300\/4254ea65-314c-4045-834c-b17fcee7eb1a.jpeg?w=840&#038;ssl=1\" alt=\"\"\/><\/a><\/figure>\n\n\n\n<figure class=\"wp-block-image\"><a href=\"https:\/\/i0.wp.com\/blogger.googleusercontent.com\/img\/b\/R29vZ2xl\/AVvXsEi5UTmryWGf8S7Z5OSgUK-Q36CYKjZrSum3Hz02bi8_18BmSKpGl0X5PwuDvlZkghX16EG9fth8vTmkUprlElBhLJ63MFPcgemcRBvBw3Ckh_BY3rv-qmthoriHTY2lJlVXYQ9_OeVEK8jKtZrXsJUZPGwFywUk-aTkX_kZ7EZV0tOw_5LgKtU9YUh3jpb7\/s4032\/28537660-d006-4b75-a863-46b9a6761b05.jpeg?ssl=1\"><img data-recalc-dims=\"1\" decoding=\"async\" src=\"https:\/\/i0.wp.com\/blogger.googleusercontent.com\/img\/b\/R29vZ2xl\/AVvXsEi5UTmryWGf8S7Z5OSgUK-Q36CYKjZrSum3Hz02bi8_18BmSKpGl0X5PwuDvlZkghX16EG9fth8vTmkUprlElBhLJ63MFPcgemcRBvBw3Ckh_BY3rv-qmthoriHTY2lJlVXYQ9_OeVEK8jKtZrXsJUZPGwFywUk-aTkX_kZ7EZV0tOw_5LgKtU9YUh3jpb7\/w400-h300\/28537660-d006-4b75-a863-46b9a6761b05.jpeg?w=840&#038;ssl=1\" alt=\"\"\/><\/a><\/figure>\n\n\n\n<figure class=\"wp-block-image\"><a href=\"https:\/\/i0.wp.com\/blogger.googleusercontent.com\/img\/b\/R29vZ2xl\/AVvXsEgw4xpBJUVOIRq4ESLrNfbV7eI_ni6zVjBi4OH8zGBxBbqC60L6qAJ1FXcv7FVwF-6e2QOJX9lVdplZbpiga08L7ZzbASGdvWkzhToERFu98sJ3EUjX7MZ_RUiSkFC8Sor_MHKWFu3SlcAkh0jcRGx-PIxgj3IjZNeFFAJclqKsNnqToM_wjHdxh7waRdI4\/s1280\/5016e744-0907-4464-bbd4-98564c13d558.jpeg?ssl=1\"><img data-recalc-dims=\"1\" decoding=\"async\" src=\"https:\/\/i0.wp.com\/blogger.googleusercontent.com\/img\/b\/R29vZ2xl\/AVvXsEgw4xpBJUVOIRq4ESLrNfbV7eI_ni6zVjBi4OH8zGBxBbqC60L6qAJ1FXcv7FVwF-6e2QOJX9lVdplZbpiga08L7ZzbASGdvWkzhToERFu98sJ3EUjX7MZ_RUiSkFC8Sor_MHKWFu3SlcAkh0jcRGx-PIxgj3IjZNeFFAJclqKsNnqToM_wjHdxh7waRdI4\/w400-h300\/5016e744-0907-4464-bbd4-98564c13d558.jpeg?w=840&#038;ssl=1\" alt=\"\"\/><\/a><\/figure>\n\n\n\n<figure class=\"wp-block-image\"><a href=\"https:\/\/i0.wp.com\/blogger.googleusercontent.com\/img\/b\/R29vZ2xl\/AVvXsEi5wflsgK-ro6oPip9tolgmMqMLZMYY3odv6nnh2nJJoXvyLhQxYrYKD5HmAMhsI4DJNmXkLB906G6muMFCoiMBLZea4Qxbnv9_pIC7CIaAUogMsFZPofPStKN4yXXxMtGT5VYLF1GO04g3QcUwQj5_w3phPEQ9LewbiU3X8iy8Yyox2PXNQRDlQ9jQUrTf\/s1280\/55e101fa-3032-4546-9838-37d35019c453.jpeg?ssl=1\"><img data-recalc-dims=\"1\" decoding=\"async\" src=\"https:\/\/i0.wp.com\/blogger.googleusercontent.com\/img\/b\/R29vZ2xl\/AVvXsEi5wflsgK-ro6oPip9tolgmMqMLZMYY3odv6nnh2nJJoXvyLhQxYrYKD5HmAMhsI4DJNmXkLB906G6muMFCoiMBLZea4Qxbnv9_pIC7CIaAUogMsFZPofPStKN4yXXxMtGT5VYLF1GO04g3QcUwQj5_w3phPEQ9LewbiU3X8iy8Yyox2PXNQRDlQ9jQUrTf\/w400-h300\/55e101fa-3032-4546-9838-37d35019c453.jpeg?w=840&#038;ssl=1\" alt=\"\"\/><\/a><\/figure>\n\n\n\n<figure class=\"wp-block-image\"><a href=\"https:\/\/i0.wp.com\/blogger.googleusercontent.com\/img\/b\/R29vZ2xl\/AVvXsEgaq-g56yAyJSaBqpY9jtAqwBznbv9WMTTo5mWR3GROMISOPIoYfWFIlGtnivebU1Yp3OtZvC4uYMnvaz6bPrSx-aewg7wXKTCWgzvsjuI250CMlmR-Ou6E-j-iE6N5MvMXkwIPJNlo158aV5_zFfw0EJWOeY-0tt8t6E573P1lZ4nYsBtAfcKTGOiUehSK\/s1280\/dbf68919-ef05-432c-a2c8-e05c06f08490.jpeg?ssl=1\"><img data-recalc-dims=\"1\" decoding=\"async\" src=\"https:\/\/i0.wp.com\/blogger.googleusercontent.com\/img\/b\/R29vZ2xl\/AVvXsEgaq-g56yAyJSaBqpY9jtAqwBznbv9WMTTo5mWR3GROMISOPIoYfWFIlGtnivebU1Yp3OtZvC4uYMnvaz6bPrSx-aewg7wXKTCWgzvsjuI250CMlmR-Ou6E-j-iE6N5MvMXkwIPJNlo158aV5_zFfw0EJWOeY-0tt8t6E573P1lZ4nYsBtAfcKTGOiUehSK\/w400-h300\/dbf68919-ef05-432c-a2c8-e05c06f08490.jpeg?w=840&#038;ssl=1\" alt=\"\"\/><\/a><\/figure>\n","protected":false},"excerpt":{"rendered":"<p>Foi encerrada neste s\u00e1bado (20) a Festa de Setembro da comunidade da Caatingueira, munic\u00edpio de Iguaracy, com grande participa\u00e7\u00e3o popular<\/p>\n","protected":false},"author":2,"featured_media":69210,"comment_status":"open","ping_status":"open","sticky":false,"template":"","format":"standard","meta":{"jetpack_post_was_ever_published":false,"_jetpack_newsletter_access":"","_jetpack_dont_email_post_to_subs":false,"_jetpack_newsletter_tier_id":0,"_jetpack_memberships_contains_paywalled_content":false,"_jetpack_memberships_contains_paid_content":false,"footnotes":"","jetpack_publicize_message":"","jetpack_publicize_feature_enabled":true,"jetpack_social_post_already_shared":true,"jetpack_social_options":{"image_generator_settings":{"template":"highway","default_image_id":0,"font":"","enabled":false},"version":2}},"categories":[32],"tags":[],"class_list":["post-69209","post","type-post","status-publish","format-standard","has-post-thumbnail","hentry","category-sertao"],"yoast_head":"<!-- This site is optimized with the Yoast SEO plugin v27.5 - https:\/\/yoast.com\/product\/yoast-seo-wordpress\/ -->\n<title>Encerrada com sucesso a Festa de Setembro na Caatingueira - Afogados FM<\/title>\n<meta name=\"robots\" content=\"index, follow, max-snippet:-1, max-image-preview:large, max-video-preview:-1\" \/>\n<link rel=\"canonical\" href=\"https:\/\/afogadosfm.com.br\/afogadosfm\/2025\/09\/21\/encerrada-com-sucesso-a-festa-de-setembro-na-caatingueira\/\" \/>\n<meta property=\"og:locale\" content=\"pt_BR\" \/>\n<meta property=\"og:type\" content=\"article\" \/>\n<meta property=\"og:title\" content=\"Encerrada com sucesso a Festa de Setembro na Caatingueira - Afogados FM\" \/>\n<meta property=\"og:description\" content=\"Foi encerrada neste s\u00e1bado (20) a Festa de Setembro da comunidade da Caatingueira, munic\u00edpio de Iguaracy, com grande participa\u00e7\u00e3o popular\" \/>\n<meta property=\"og:url\" content=\"https:\/\/afogadosfm.com.br\/afogadosfm\/2025\/09\/21\/encerrada-com-sucesso-a-festa-de-setembro-na-caatingueira\/\" \/>\n<meta property=\"og:site_name\" content=\"Afogados FM\" \/>\n<meta property=\"article:published_time\" content=\"2025-09-21T07:12:00+00:00\" \/>\n<meta property=\"article:modified_time\" content=\"2025-09-22T07:14:21+00:00\" \/>\n<meta property=\"og:image\" content=\"https:\/\/afogadosfm.com.br\/afogadosfm\/wp-content\/uploads\/2025\/09\/02d41012-3e58-4630-9a62-911eff3a34b7.jpeg\" \/>\n\t<meta property=\"og:image:width\" content=\"400\" \/>\n\t<meta property=\"og:image:height\" content=\"300\" \/>\n\t<meta property=\"og:image:type\" content=\"image\/jpeg\" \/>\n<meta name=\"author\" content=\"afogadosfm\" \/>\n<meta name=\"twitter:card\" content=\"summary_large_image\" \/>\n<meta name=\"twitter:label1\" content=\"Escrito por\" \/>\n\t<meta name=\"twitter:data1\" content=\"afogadosfm\" \/>\n\t<meta name=\"twitter:label2\" content=\"Est. tempo de leitura\" \/>\n\t<meta name=\"twitter:data2\" content=\"3 minutos\" \/>\n<script type=\"application\/ld+json\" class=\"yoast-schema-graph\">{\"@context\":\"https:\\\/\\\/schema.org\",\"@graph\":[{\"@type\":\"Article\",\"@id\":\"https:\\\/\\\/afogadosfm.com.br\\\/afogadosfm\\\/2025\\\/09\\\/21\\\/encerrada-com-sucesso-a-festa-de-setembro-na-caatingueira\\\/#article\",\"isPartOf\":{\"@id\":\"https:\\\/\\\/afogadosfm.com.br\\\/afogadosfm\\\/2025\\\/09\\\/21\\\/encerrada-com-sucesso-a-festa-de-setembro-na-caatingueira\\\/\"},\"author\":{\"name\":\"afogadosfm\",\"@id\":\"https:\\\/\\\/afogadosfm.com.br\\\/afogadosfm\\\/#\\\/schema\\\/person\\\/60e56f2cf5dc960fc093fe093d9e9057\"},\"headline\":\"Encerrada com sucesso a Festa de Setembro na Caatingueira\",\"datePublished\":\"2025-09-21T07:12:00+00:00\",\"dateModified\":\"2025-09-22T07:14:21+00:00\",\"mainEntityOfPage\":{\"@id\":\"https:\\\/\\\/afogadosfm.com.br\\\/afogadosfm\\\/2025\\\/09\\\/21\\\/encerrada-com-sucesso-a-festa-de-setembro-na-caatingueira\\\/\"},\"wordCount\":214,\"commentCount\":0,\"publisher\":{\"@id\":\"https:\\\/\\\/afogadosfm.com.br\\\/afogadosfm\\\/#organization\"},\"image\":{\"@id\":\"https:\\\/\\\/afogadosfm.com.br\\\/afogadosfm\\\/2025\\\/09\\\/21\\\/encerrada-com-sucesso-a-festa-de-setembro-na-caatingueira\\\/#primaryimage\"},\"thumbnailUrl\":\"https:\\\/\\\/i0.wp.com\\\/afogadosfm.com.br\\\/afogadosfm\\\/wp-content\\\/uploads\\\/2025\\\/09\\\/02d41012-3e58-4630-9a62-911eff3a34b7.jpeg?fit=400%2C300&ssl=1\",\"articleSection\":[\"Sert\u00e3o\"],\"inLanguage\":\"pt-BR\",\"potentialAction\":[{\"@type\":\"CommentAction\",\"name\":\"Comment\",\"target\":[\"https:\\\/\\\/afogadosfm.com.br\\\/afogadosfm\\\/2025\\\/09\\\/21\\\/encerrada-com-sucesso-a-festa-de-setembro-na-caatingueira\\\/#respond\"]}]},{\"@type\":\"WebPage\",\"@id\":\"https:\\\/\\\/afogadosfm.com.br\\\/afogadosfm\\\/2025\\\/09\\\/21\\\/encerrada-com-sucesso-a-festa-de-setembro-na-caatingueira\\\/\",\"url\":\"https:\\\/\\\/afogadosfm.com.br\\\/afogadosfm\\\/2025\\\/09\\\/21\\\/encerrada-com-sucesso-a-festa-de-setembro-na-caatingueira\\\/\",\"name\":\"Encerrada com sucesso a Festa de Setembro na Caatingueira - Afogados FM\",\"isPartOf\":{\"@id\":\"https:\\\/\\\/afogadosfm.com.br\\\/afogadosfm\\\/#website\"},\"primaryImageOfPage\":{\"@id\":\"https:\\\/\\\/afogadosfm.com.br\\\/afogadosfm\\\/2025\\\/09\\\/21\\\/encerrada-com-sucesso-a-festa-de-setembro-na-caatingueira\\\/#primaryimage\"},\"image\":{\"@id\":\"https:\\\/\\\/afogadosfm.com.br\\\/afogadosfm\\\/2025\\\/09\\\/21\\\/encerrada-com-sucesso-a-festa-de-setembro-na-caatingueira\\\/#primaryimage\"},\"thumbnailUrl\":\"https:\\\/\\\/i0.wp.com\\\/afogadosfm.com.br\\\/afogadosfm\\\/wp-content\\\/uploads\\\/2025\\\/09\\\/02d41012-3e58-4630-9a62-911eff3a34b7.jpeg?fit=400%2C300&ssl=1\",\"datePublished\":\"2025-09-21T07:12:00+00:00\",\"dateModified\":\"2025-09-22T07:14:21+00:00\",\"breadcrumb\":{\"@id\":\"https:\\\/\\\/afogadosfm.com.br\\\/afogadosfm\\\/2025\\\/09\\\/21\\\/encerrada-com-sucesso-a-festa-de-setembro-na-caatingueira\\\/#breadcrumb\"},\"inLanguage\":\"pt-BR\",\"potentialAction\":[{\"@type\":\"ReadAction\",\"target\":[\"https:\\\/\\\/afogadosfm.com.br\\\/afogadosfm\\\/2025\\\/09\\\/21\\\/encerrada-com-sucesso-a-festa-de-setembro-na-caatingueira\\\/\"]}]},{\"@type\":\"ImageObject\",\"inLanguage\":\"pt-BR\",\"@id\":\"https:\\\/\\\/afogadosfm.com.br\\\/afogadosfm\\\/2025\\\/09\\\/21\\\/encerrada-com-sucesso-a-festa-de-setembro-na-caatingueira\\\/#primaryimage\",\"url\":\"https:\\\/\\\/i0.wp.com\\\/afogadosfm.com.br\\\/afogadosfm\\\/wp-content\\\/uploads\\\/2025\\\/09\\\/02d41012-3e58-4630-9a62-911eff3a34b7.jpeg?fit=400%2C300&ssl=1\",\"contentUrl\":\"https:\\\/\\\/i0.wp.com\\\/afogadosfm.com.br\\\/afogadosfm\\\/wp-content\\\/uploads\\\/2025\\\/09\\\/02d41012-3e58-4630-9a62-911eff3a34b7.jpeg?fit=400%2C300&ssl=1\",\"width\":400,\"height\":300},{\"@type\":\"BreadcrumbList\",\"@id\":\"https:\\\/\\\/afogadosfm.com.br\\\/afogadosfm\\\/2025\\\/09\\\/21\\\/encerrada-com-sucesso-a-festa-de-setembro-na-caatingueira\\\/#breadcrumb\",\"itemListElement\":[{\"@type\":\"ListItem\",\"position\":1,\"name\":\"In\u00edcio\",\"item\":\"https:\\\/\\\/afogadosfm.com.br\\\/afogadosfm\\\/\"},{\"@type\":\"ListItem\",\"position\":2,\"name\":\"Encerrada com sucesso a Festa de Setembro na Caatingueira\"}]},{\"@type\":\"WebSite\",\"@id\":\"https:\\\/\\\/afogadosfm.com.br\\\/afogadosfm\\\/#website\",\"url\":\"https:\\\/\\\/afogadosfm.com.br\\\/afogadosfm\\\/\",\"name\":\"Afogados FM\",\"description\":\"Um site completo!\",\"publisher\":{\"@id\":\"https:\\\/\\\/afogadosfm.com.br\\\/afogadosfm\\\/#organization\"},\"potentialAction\":[{\"@type\":\"SearchAction\",\"target\":{\"@type\":\"EntryPoint\",\"urlTemplate\":\"https:\\\/\\\/afogadosfm.com.br\\\/afogadosfm\\\/?s={search_term_string}\"},\"query-input\":{\"@type\":\"PropertyValueSpecification\",\"valueRequired\":true,\"valueName\":\"search_term_string\"}}],\"inLanguage\":\"pt-BR\"},{\"@type\":\"Organization\",\"@id\":\"https:\\\/\\\/afogadosfm.com.br\\\/afogadosfm\\\/#organization\",\"name\":\"Afogados FM\",\"url\":\"https:\\\/\\\/afogadosfm.com.br\\\/afogadosfm\\\/\",\"logo\":{\"@type\":\"ImageObject\",\"inLanguage\":\"pt-BR\",\"@id\":\"https:\\\/\\\/afogadosfm.com.br\\\/afogadosfm\\\/#\\\/schema\\\/logo\\\/image\\\/\",\"url\":\"https:\\\/\\\/i0.wp.com\\\/afogadosfm.com.br\\\/afogadosfm\\\/wp-content\\\/uploads\\\/2020\\\/06\\\/cropped-banner-afogados-4.jpg?fit=369%2C137&ssl=1\",\"contentUrl\":\"https:\\\/\\\/i0.wp.com\\\/afogadosfm.com.br\\\/afogadosfm\\\/wp-content\\\/uploads\\\/2020\\\/06\\\/cropped-banner-afogados-4.jpg?fit=369%2C137&ssl=1\",\"width\":369,\"height\":137,\"caption\":\"Afogados FM\"},\"image\":{\"@id\":\"https:\\\/\\\/afogadosfm.com.br\\\/afogadosfm\\\/#\\\/schema\\\/logo\\\/image\\\/\"}},{\"@type\":\"Person\",\"@id\":\"https:\\\/\\\/afogadosfm.com.br\\\/afogadosfm\\\/#\\\/schema\\\/person\\\/60e56f2cf5dc960fc093fe093d9e9057\",\"name\":\"afogadosfm\",\"image\":{\"@type\":\"ImageObject\",\"inLanguage\":\"pt-BR\",\"@id\":\"https:\\\/\\\/secure.gravatar.com\\\/avatar\\\/e0359add7ed5dc3560906d861b52c6a8cf5c1e199d3a7dd85070998f49bd4701?s=96&d=mm&r=g\",\"url\":\"https:\\\/\\\/secure.gravatar.com\\\/avatar\\\/e0359add7ed5dc3560906d861b52c6a8cf5c1e199d3a7dd85070998f49bd4701?s=96&d=mm&r=g\",\"contentUrl\":\"https:\\\/\\\/secure.gravatar.com\\\/avatar\\\/e0359add7ed5dc3560906d861b52c6a8cf5c1e199d3a7dd85070998f49bd4701?s=96&d=mm&r=g\",\"caption\":\"afogadosfm\"},\"url\":\"https:\\\/\\\/afogadosfm.com.br\\\/afogadosfm\\\/author\\\/afogadosfm\\\/\"}]}<\/script>\n<!-- \/ Yoast SEO plugin. -->","yoast_head_json":{"title":"Encerrada com sucesso a Festa de Setembro na Caatingueira - Afogados FM","robots":{"index":"index","follow":"follow","max-snippet":"max-snippet:-1","max-image-preview":"max-image-preview:large","max-video-preview":"max-video-preview:-1"},"canonical":"https:\/\/afogadosfm.com.br\/afogadosfm\/2025\/09\/21\/encerrada-com-sucesso-a-festa-de-setembro-na-caatingueira\/","og_locale":"pt_BR","og_type":"article","og_title":"Encerrada com sucesso a Festa de Setembro na Caatingueira - Afogados FM","og_description":"Foi encerrada neste s\u00e1bado (20) a Festa de Setembro da comunidade da Caatingueira, munic\u00edpio de Iguaracy, com grande participa\u00e7\u00e3o popular","og_url":"https:\/\/afogadosfm.com.br\/afogadosfm\/2025\/09\/21\/encerrada-com-sucesso-a-festa-de-setembro-na-caatingueira\/","og_site_name":"Afogados FM","article_published_time":"2025-09-21T07:12:00+00:00","article_modified_time":"2025-09-22T07:14:21+00:00","og_image":[{"width":400,"height":300,"url":"https:\/\/afogadosfm.com.br\/afogadosfm\/wp-content\/uploads\/2025\/09\/02d41012-3e58-4630-9a62-911eff3a34b7.jpeg","type":"image\/jpeg"}],"author":"afogadosfm","twitter_card":"summary_large_image","twitter_misc":{"Escrito por":"afogadosfm","Est. tempo de leitura":"3 minutos"},"schema":{"@context":"https:\/\/schema.org","@graph":[{"@type":"Article","@id":"https:\/\/afogadosfm.com.br\/afogadosfm\/2025\/09\/21\/encerrada-com-sucesso-a-festa-de-setembro-na-caatingueira\/#article","isPartOf":{"@id":"https:\/\/afogadosfm.com.br\/afogadosfm\/2025\/09\/21\/encerrada-com-sucesso-a-festa-de-setembro-na-caatingueira\/"},"author":{"name":"afogadosfm","@id":"https:\/\/afogadosfm.com.br\/afogadosfm\/#\/schema\/person\/60e56f2cf5dc960fc093fe093d9e9057"},"headline":"Encerrada com sucesso a Festa de Setembro na Caatingueira","datePublished":"2025-09-21T07:12:00+00:00","dateModified":"2025-09-22T07:14:21+00:00","mainEntityOfPage":{"@id":"https:\/\/afogadosfm.com.br\/afogadosfm\/2025\/09\/21\/encerrada-com-sucesso-a-festa-de-setembro-na-caatingueira\/"},"wordCount":214,"commentCount":0,"publisher":{"@id":"https:\/\/afogadosfm.com.br\/afogadosfm\/#organization"},"image":{"@id":"https:\/\/afogadosfm.com.br\/afogadosfm\/2025\/09\/21\/encerrada-com-sucesso-a-festa-de-setembro-na-caatingueira\/#primaryimage"},"thumbnailUrl":"https:\/\/i0.wp.com\/afogadosfm.com.br\/afogadosfm\/wp-content\/uploads\/2025\/09\/02d41012-3e58-4630-9a62-911eff3a34b7.jpeg?fit=400%2C300&ssl=1","articleSection":["Sert\u00e3o"],"inLanguage":"pt-BR","potentialAction":[{"@type":"CommentAction","name":"Comment","target":["https:\/\/afogadosfm.com.br\/afogadosfm\/2025\/09\/21\/encerrada-com-sucesso-a-festa-de-setembro-na-caatingueira\/#respond"]}]},{"@type":"WebPage","@id":"https:\/\/afogadosfm.com.br\/afogadosfm\/2025\/09\/21\/encerrada-com-sucesso-a-festa-de-setembro-na-caatingueira\/","url":"https:\/\/afogadosfm.com.br\/afogadosfm\/2025\/09\/21\/encerrada-com-sucesso-a-festa-de-setembro-na-caatingueira\/","name":"Encerrada com sucesso a Festa de Setembro na Caatingueira - Afogados FM","isPartOf":{"@id":"https:\/\/afogadosfm.com.br\/afogadosfm\/#website"},"primaryImageOfPage":{"@id":"https:\/\/afogadosfm.com.br\/afogadosfm\/2025\/09\/21\/encerrada-com-sucesso-a-festa-de-setembro-na-caatingueira\/#primaryimage"},"image":{"@id":"https:\/\/afogadosfm.com.br\/afogadosfm\/2025\/09\/21\/encerrada-com-sucesso-a-festa-de-setembro-na-caatingueira\/#primaryimage"},"thumbnailUrl":"https:\/\/i0.wp.com\/afogadosfm.com.br\/afogadosfm\/wp-content\/uploads\/2025\/09\/02d41012-3e58-4630-9a62-911eff3a34b7.jpeg?fit=400%2C300&ssl=1","datePublished":"2025-09-21T07:12:00+00:00","dateModified":"2025-09-22T07:14:21+00:00","breadcrumb":{"@id":"https:\/\/afogadosfm.com.br\/afogadosfm\/2025\/09\/21\/encerrada-com-sucesso-a-festa-de-setembro-na-caatingueira\/#breadcrumb"},"inLanguage":"pt-BR","potentialAction":[{"@type":"ReadAction","target":["https:\/\/afogadosfm.com.br\/afogadosfm\/2025\/09\/21\/encerrada-com-sucesso-a-festa-de-setembro-na-caatingueira\/"]}]},{"@type":"ImageObject","inLanguage":"pt-BR","@id":"https:\/\/afogadosfm.com.br\/afogadosfm\/2025\/09\/21\/encerrada-com-sucesso-a-festa-de-setembro-na-caatingueira\/#primaryimage","url":"https:\/\/i0.wp.com\/afogadosfm.com.br\/afogadosfm\/wp-content\/uploads\/2025\/09\/02d41012-3e58-4630-9a62-911eff3a34b7.jpeg?fit=400%2C300&ssl=1","contentUrl":"https:\/\/i0.wp.com\/afogadosfm.com.br\/afogadosfm\/wp-content\/uploads\/2025\/09\/02d41012-3e58-4630-9a62-911eff3a34b7.jpeg?fit=400%2C300&ssl=1","width":400,"height":300},{"@type":"BreadcrumbList","@id":"https:\/\/afogadosfm.com.br\/afogadosfm\/2025\/09\/21\/encerrada-com-sucesso-a-festa-de-setembro-na-caatingueira\/#breadcrumb","itemListElement":[{"@type":"ListItem","position":1,"name":"In\u00edcio","item":"https:\/\/afogadosfm.com.br\/afogadosfm\/"},{"@type":"ListItem","position":2,"name":"Encerrada com sucesso a Festa de Setembro na Caatingueira"}]},{"@type":"WebSite","@id":"https:\/\/afogadosfm.com.br\/afogadosfm\/#website","url":"https:\/\/afogadosfm.com.br\/afogadosfm\/","name":"Afogados FM","description":"Um site completo!","publisher":{"@id":"https:\/\/afogadosfm.com.br\/afogadosfm\/#organization"},"potentialAction":[{"@type":"SearchAction","target":{"@type":"EntryPoint","urlTemplate":"https:\/\/afogadosfm.com.br\/afogadosfm\/?s={search_term_string}"},"query-input":{"@type":"PropertyValueSpecification","valueRequired":true,"valueName":"search_term_string"}}],"inLanguage":"pt-BR"},{"@type":"Organization","@id":"https:\/\/afogadosfm.com.br\/afogadosfm\/#organization","name":"Afogados FM","url":"https:\/\/afogadosfm.com.br\/afogadosfm\/","logo":{"@type":"ImageObject","inLanguage":"pt-BR","@id":"https:\/\/afogadosfm.com.br\/afogadosfm\/#\/schema\/logo\/image\/","url":"https:\/\/i0.wp.com\/afogadosfm.com.br\/afogadosfm\/wp-content\/uploads\/2020\/06\/cropped-banner-afogados-4.jpg?fit=369%2C137&ssl=1","contentUrl":"https:\/\/i0.wp.com\/afogadosfm.com.br\/afogadosfm\/wp-content\/uploads\/2020\/06\/cropped-banner-afogados-4.jpg?fit=369%2C137&ssl=1","width":369,"height":137,"caption":"Afogados FM"},"image":{"@id":"https:\/\/afogadosfm.com.br\/afogadosfm\/#\/schema\/logo\/image\/"}},{"@type":"Person","@id":"https:\/\/afogadosfm.com.br\/afogadosfm\/#\/schema\/person\/60e56f2cf5dc960fc093fe093d9e9057","name":"afogadosfm","image":{"@type":"ImageObject","inLanguage":"pt-BR","@id":"https:\/\/secure.gravatar.com\/avatar\/e0359add7ed5dc3560906d861b52c6a8cf5c1e199d3a7dd85070998f49bd4701?s=96&d=mm&r=g","url":"https:\/\/secure.gravatar.com\/avatar\/e0359add7ed5dc3560906d861b52c6a8cf5c1e199d3a7dd85070998f49bd4701?s=96&d=mm&r=g","contentUrl":"https:\/\/secure.gravatar.com\/avatar\/e0359add7ed5dc3560906d861b52c6a8cf5c1e199d3a7dd85070998f49bd4701?s=96&d=mm&r=g","caption":"afogadosfm"},"url":"https:\/\/afogadosfm.com.br\/afogadosfm\/author\/afogadosfm\/"}]}},"jetpack_publicize_connections":[],"jetpack_featured_media_url":"https:\/\/i0.wp.com\/afogadosfm.com.br\/afogadosfm\/wp-content\/uploads\/2025\/09\/02d41012-3e58-4630-9a62-911eff3a34b7.jpeg?fit=400%2C300&ssl=1","jetpack-related-posts":[],"jetpack_sharing_enabled":true,"jetpack_likes_enabled":true,"_links":{"self":[{"href":"https:\/\/afogadosfm.com.br\/afogadosfm\/wp-json\/wp\/v2\/posts\/69209","targetHints":{"allow":["GET"]}}],"collection":[{"href":"https:\/\/afogadosfm.com.br\/afogadosfm\/wp-json\/wp\/v2\/posts"}],"about":[{"href":"https:\/\/afogadosfm.com.br\/afogadosfm\/wp-json\/wp\/v2\/types\/post"}],"author":[{"embeddable":true,"href":"https:\/\/afogadosfm.com.br\/afogadosfm\/wp-json\/wp\/v2\/users\/2"}],"replies":[{"embeddable":true,"href":"https:\/\/afogadosfm.com.br\/afogadosfm\/wp-json\/wp\/v2\/comments?post=69209"}],"version-history":[{"count":1,"href":"https:\/\/afogadosfm.com.br\/afogadosfm\/wp-json\/wp\/v2\/posts\/69209\/revisions"}],"predecessor-version":[{"id":69211,"href":"https:\/\/afogadosfm.com.br\/afogadosfm\/wp-json\/wp\/v2\/posts\/69209\/revisions\/69211"}],"wp:featuredmedia":[{"embeddable":true,"href":"https:\/\/afogadosfm.com.br\/afogadosfm\/wp-json\/wp\/v2\/media\/69210"}],"wp:attachment":[{"href":"https:\/\/afogadosfm.com.br\/afogadosfm\/wp-json\/wp\/v2\/media?parent=69209"}],"wp:term":[{"taxonomy":"category","embeddable":true,"href":"https:\/\/afogadosfm.com.br\/afogadosfm\/wp-json\/wp\/v2\/categories?post=69209"},{"taxonomy":"post_tag","embeddable":true,"href":"https:\/\/afogadosfm.com.br\/afogadosfm\/wp-json\/wp\/v2\/tags?post=69209"}],"curies":[{"name":"wp","href":"https:\/\/api.w.org\/{rel}","templated":true}]}}