{"id":69212,"date":"2025-09-21T04:16:00","date_gmt":"2025-09-21T07:16:00","guid":{"rendered":"https:\/\/afogadosfm.com.br\/afogadosfm\/?p=69212"},"modified":"2025-09-22T04:17:42","modified_gmt":"2025-09-22T07:17:42","slug":"atos-conta-pec-da-blindagem-e-anistia-ocorrem-neste-domingo-21","status":"publish","type":"post","link":"https:\/\/afogadosfm.com.br\/afogadosfm\/2025\/09\/21\/atos-conta-pec-da-blindagem-e-anistia-ocorrem-neste-domingo-21\/","title":{"rendered":"Atos conta PEC da blindagem e Anistia ocorrem neste domingo (21)"},"content":{"rendered":"\n<p>Est\u00e3o marcados para este domingo (21), em, ao menos, 30 cidades e 22 capitais, protestos contra a Proposta de Emenda \u00e0 Constitui\u00e7\u00e3o (PEC) da Blindagem, como ficou conhecido o projeto aprovado pela C\u00e2mara na \u00faltima ter\u00e7a-feira (16). A proposta, na pr\u00e1tica, dificulta a abertura de processos criminais contra parlamentares.<\/p>\n\n\n\n<p> Em Bras\u00edlia (fotos), o ato iniciou \u00e0s 10h, na frente do Museu Nacional. As manifesta\u00e7\u00f5es tamb\u00e9m criticam a proposta de anistia para condenados por tentativa de golpe de Estado. Dentre eles, o ex-presidente Jair Bolsonaro, condenado pelo Supremo Tribunal Federal (STF) a 27 anos de pris\u00e3o.<\/p>\n\n\n\n<p> A mobiliza\u00e7\u00e3o deste domingo tamb\u00e9m \u00e9 feita por integrantes da base do governo no Congresso, bem como centrais sindicais, movimentos populares e outras organiza\u00e7\u00f5es da sociedade civil. Eles desaprovam o que chamam de &#8220;PEC da Bandidagem&#8221;, devido ao potencial de suspender a apura\u00e7\u00e3o de crimes.<\/p>\n\n\n\n<p>A PEC da Blindagem, como aprovada pela C\u00e2mara em regime de urg\u00eancia, prev\u00ea que que qualquer abertura de a\u00e7\u00e3o penal contra parlamentar depende de autoriza\u00e7\u00e3o pr\u00e9via, da maioria absoluta do Senado ou da C\u00e2mara.<\/p>\n\n\n\n<p> Pelo texto, os parlamentares t\u00eam 90 dias para decidir se autorizam ou n\u00e3o a investiga\u00e7\u00e3o criminal contra um colega, a contar de quando o Supremo enviar o pedido ao Congresso.<\/p>\n\n\n\n<p>Defensores da medida dizem que a proposta \u00e9 uma rea\u00e7\u00e3o ao que chamam de abuso de poder do Supremo Tribunal Federal (STF) e que as medidas restabelecem prerrogativas originais previstas na Constitui\u00e7\u00e3o de 1988, mas que foram mudadas posteriormente.<\/p>\n","protected":false},"excerpt":{"rendered":"<p>Est\u00e3o marcados para este domingo (21), em, ao menos, 30 cidades e 22 capitais, protestos contra a Proposta de Emenda<\/p>\n","protected":false},"author":2,"featured_media":11015,"comment_status":"open","ping_status":"open","sticky":false,"template":"","format":"standard","meta":{"jetpack_post_was_ever_published":false,"_jetpack_newsletter_access":"","_jetpack_dont_email_post_to_subs":false,"_jetpack_newsletter_tier_id":0,"_jetpack_memberships_contains_paywalled_content":false,"_jetpack_memberships_contains_paid_content":false,"footnotes":"","jetpack_publicize_message":"","jetpack_publicize_feature_enabled":true,"jetpack_social_post_already_shared":true,"jetpack_social_options":{"image_generator_settings":{"template":"highway","default_image_id":0,"font":"","enabled":false},"version":2}},"categories":[12],"tags":[],"class_list":["post-69212","post","type-post","status-publish","format-standard","has-post-thumbnail","hentry","category-brasil"],"yoast_head":"<!-- This site is optimized with the Yoast SEO plugin v27.5 - https:\/\/yoast.com\/product\/yoast-seo-wordpress\/ -->\n<title>Atos conta PEC da blindagem e Anistia ocorrem neste domingo (21) - Afogados FM<\/title>\n<meta name=\"robots\" content=\"index, follow, max-snippet:-1, max-image-preview:large, max-video-preview:-1\" \/>\n<link rel=\"canonical\" href=\"https:\/\/afogadosfm.com.br\/afogadosfm\/2025\/09\/21\/atos-conta-pec-da-blindagem-e-anistia-ocorrem-neste-domingo-21\/\" \/>\n<meta property=\"og:locale\" content=\"pt_BR\" \/>\n<meta property=\"og:type\" content=\"article\" \/>\n<meta property=\"og:title\" content=\"Atos conta PEC da blindagem e Anistia ocorrem neste domingo (21) - Afogados FM\" \/>\n<meta property=\"og:description\" content=\"Est\u00e3o marcados para este domingo (21), em, ao menos, 30 cidades e 22 capitais, protestos contra a Proposta de Emenda\" \/>\n<meta property=\"og:url\" content=\"https:\/\/afogadosfm.com.br\/afogadosfm\/2025\/09\/21\/atos-conta-pec-da-blindagem-e-anistia-ocorrem-neste-domingo-21\/\" \/>\n<meta property=\"og:site_name\" content=\"Afogados FM\" \/>\n<meta property=\"article:published_time\" content=\"2025-09-21T07:16:00+00:00\" \/>\n<meta property=\"article:modified_time\" content=\"2025-09-22T07:17:42+00:00\" \/>\n<meta property=\"og:image\" content=\"https:\/\/afogadosfm.com.br\/afogadosfm\/wp-content\/uploads\/2019\/06\/trombone.jpg\" \/>\n\t<meta property=\"og:image:width\" content=\"274\" \/>\n\t<meta property=\"og:image:height\" content=\"184\" \/>\n\t<meta property=\"og:image:type\" content=\"image\/jpeg\" \/>\n<meta name=\"author\" content=\"afogadosfm\" \/>\n<meta name=\"twitter:card\" content=\"summary_large_image\" \/>\n<meta name=\"twitter:label1\" content=\"Escrito por\" \/>\n\t<meta name=\"twitter:data1\" content=\"afogadosfm\" \/>\n\t<meta name=\"twitter:label2\" content=\"Est. tempo de leitura\" \/>\n\t<meta name=\"twitter:data2\" content=\"2 minutos\" \/>\n<script type=\"application\/ld+json\" class=\"yoast-schema-graph\">{\"@context\":\"https:\\\/\\\/schema.org\",\"@graph\":[{\"@type\":\"Article\",\"@id\":\"https:\\\/\\\/afogadosfm.com.br\\\/afogadosfm\\\/2025\\\/09\\\/21\\\/atos-conta-pec-da-blindagem-e-anistia-ocorrem-neste-domingo-21\\\/#article\",\"isPartOf\":{\"@id\":\"https:\\\/\\\/afogadosfm.com.br\\\/afogadosfm\\\/2025\\\/09\\\/21\\\/atos-conta-pec-da-blindagem-e-anistia-ocorrem-neste-domingo-21\\\/\"},\"author\":{\"name\":\"afogadosfm\",\"@id\":\"https:\\\/\\\/afogadosfm.com.br\\\/afogadosfm\\\/#\\\/schema\\\/person\\\/60e56f2cf5dc960fc093fe093d9e9057\"},\"headline\":\"Atos conta PEC da blindagem e Anistia ocorrem neste domingo (21)\",\"datePublished\":\"2025-09-21T07:16:00+00:00\",\"dateModified\":\"2025-09-22T07:17:42+00:00\",\"mainEntityOfPage\":{\"@id\":\"https:\\\/\\\/afogadosfm.com.br\\\/afogadosfm\\\/2025\\\/09\\\/21\\\/atos-conta-pec-da-blindagem-e-anistia-ocorrem-neste-domingo-21\\\/\"},\"wordCount\":267,\"commentCount\":0,\"publisher\":{\"@id\":\"https:\\\/\\\/afogadosfm.com.br\\\/afogadosfm\\\/#organization\"},\"image\":{\"@id\":\"https:\\\/\\\/afogadosfm.com.br\\\/afogadosfm\\\/2025\\\/09\\\/21\\\/atos-conta-pec-da-blindagem-e-anistia-ocorrem-neste-domingo-21\\\/#primaryimage\"},\"thumbnailUrl\":\"https:\\\/\\\/i0.wp.com\\\/afogadosfm.com.br\\\/afogadosfm\\\/wp-content\\\/uploads\\\/2019\\\/06\\\/trombone.jpg?fit=274%2C184&ssl=1\",\"articleSection\":[\"Brasil\"],\"inLanguage\":\"pt-BR\",\"potentialAction\":[{\"@type\":\"CommentAction\",\"name\":\"Comment\",\"target\":[\"https:\\\/\\\/afogadosfm.com.br\\\/afogadosfm\\\/2025\\\/09\\\/21\\\/atos-conta-pec-da-blindagem-e-anistia-ocorrem-neste-domingo-21\\\/#respond\"]}]},{\"@type\":\"WebPage\",\"@id\":\"https:\\\/\\\/afogadosfm.com.br\\\/afogadosfm\\\/2025\\\/09\\\/21\\\/atos-conta-pec-da-blindagem-e-anistia-ocorrem-neste-domingo-21\\\/\",\"url\":\"https:\\\/\\\/afogadosfm.com.br\\\/afogadosfm\\\/2025\\\/09\\\/21\\\/atos-conta-pec-da-blindagem-e-anistia-ocorrem-neste-domingo-21\\\/\",\"name\":\"Atos conta PEC da blindagem e Anistia ocorrem neste domingo (21) - Afogados FM\",\"isPartOf\":{\"@id\":\"https:\\\/\\\/afogadosfm.com.br\\\/afogadosfm\\\/#website\"},\"primaryImageOfPage\":{\"@id\":\"https:\\\/\\\/afogadosfm.com.br\\\/afogadosfm\\\/2025\\\/09\\\/21\\\/atos-conta-pec-da-blindagem-e-anistia-ocorrem-neste-domingo-21\\\/#primaryimage\"},\"image\":{\"@id\":\"https:\\\/\\\/afogadosfm.com.br\\\/afogadosfm\\\/2025\\\/09\\\/21\\\/atos-conta-pec-da-blindagem-e-anistia-ocorrem-neste-domingo-21\\\/#primaryimage\"},\"thumbnailUrl\":\"https:\\\/\\\/i0.wp.com\\\/afogadosfm.com.br\\\/afogadosfm\\\/wp-content\\\/uploads\\\/2019\\\/06\\\/trombone.jpg?fit=274%2C184&ssl=1\",\"datePublished\":\"2025-09-21T07:16:00+00:00\",\"dateModified\":\"2025-09-22T07:17:42+00:00\",\"breadcrumb\":{\"@id\":\"https:\\\/\\\/afogadosfm.com.br\\\/afogadosfm\\\/2025\\\/09\\\/21\\\/atos-conta-pec-da-blindagem-e-anistia-ocorrem-neste-domingo-21\\\/#breadcrumb\"},\"inLanguage\":\"pt-BR\",\"potentialAction\":[{\"@type\":\"ReadAction\",\"target\":[\"https:\\\/\\\/afogadosfm.com.br\\\/afogadosfm\\\/2025\\\/09\\\/21\\\/atos-conta-pec-da-blindagem-e-anistia-ocorrem-neste-domingo-21\\\/\"]}]},{\"@type\":\"ImageObject\",\"inLanguage\":\"pt-BR\",\"@id\":\"https:\\\/\\\/afogadosfm.com.br\\\/afogadosfm\\\/2025\\\/09\\\/21\\\/atos-conta-pec-da-blindagem-e-anistia-ocorrem-neste-domingo-21\\\/#primaryimage\",\"url\":\"https:\\\/\\\/i0.wp.com\\\/afogadosfm.com.br\\\/afogadosfm\\\/wp-content\\\/uploads\\\/2019\\\/06\\\/trombone.jpg?fit=274%2C184&ssl=1\",\"contentUrl\":\"https:\\\/\\\/i0.wp.com\\\/afogadosfm.com.br\\\/afogadosfm\\\/wp-content\\\/uploads\\\/2019\\\/06\\\/trombone.jpg?fit=274%2C184&ssl=1\",\"width\":274,\"height\":184},{\"@type\":\"BreadcrumbList\",\"@id\":\"https:\\\/\\\/afogadosfm.com.br\\\/afogadosfm\\\/2025\\\/09\\\/21\\\/atos-conta-pec-da-blindagem-e-anistia-ocorrem-neste-domingo-21\\\/#breadcrumb\",\"itemListElement\":[{\"@type\":\"ListItem\",\"position\":1,\"name\":\"In\u00edcio\",\"item\":\"https:\\\/\\\/afogadosfm.com.br\\\/afogadosfm\\\/\"},{\"@type\":\"ListItem\",\"position\":2,\"name\":\"Atos conta PEC da blindagem e Anistia ocorrem neste domingo (21)\"}]},{\"@type\":\"WebSite\",\"@id\":\"https:\\\/\\\/afogadosfm.com.br\\\/afogadosfm\\\/#website\",\"url\":\"https:\\\/\\\/afogadosfm.com.br\\\/afogadosfm\\\/\",\"name\":\"Afogados FM\",\"description\":\"Um site completo!\",\"publisher\":{\"@id\":\"https:\\\/\\\/afogadosfm.com.br\\\/afogadosfm\\\/#organization\"},\"potentialAction\":[{\"@type\":\"SearchAction\",\"target\":{\"@type\":\"EntryPoint\",\"urlTemplate\":\"https:\\\/\\\/afogadosfm.com.br\\\/afogadosfm\\\/?s={search_term_string}\"},\"query-input\":{\"@type\":\"PropertyValueSpecification\",\"valueRequired\":true,\"valueName\":\"search_term_string\"}}],\"inLanguage\":\"pt-BR\"},{\"@type\":\"Organization\",\"@id\":\"https:\\\/\\\/afogadosfm.com.br\\\/afogadosfm\\\/#organization\",\"name\":\"Afogados FM\",\"url\":\"https:\\\/\\\/afogadosfm.com.br\\\/afogadosfm\\\/\",\"logo\":{\"@type\":\"ImageObject\",\"inLanguage\":\"pt-BR\",\"@id\":\"https:\\\/\\\/afogadosfm.com.br\\\/afogadosfm\\\/#\\\/schema\\\/logo\\\/image\\\/\",\"url\":\"https:\\\/\\\/i0.wp.com\\\/afogadosfm.com.br\\\/afogadosfm\\\/wp-content\\\/uploads\\\/2020\\\/06\\\/cropped-banner-afogados-4.jpg?fit=369%2C137&ssl=1\",\"contentUrl\":\"https:\\\/\\\/i0.wp.com\\\/afogadosfm.com.br\\\/afogadosfm\\\/wp-content\\\/uploads\\\/2020\\\/06\\\/cropped-banner-afogados-4.jpg?fit=369%2C137&ssl=1\",\"width\":369,\"height\":137,\"caption\":\"Afogados FM\"},\"image\":{\"@id\":\"https:\\\/\\\/afogadosfm.com.br\\\/afogadosfm\\\/#\\\/schema\\\/logo\\\/image\\\/\"}},{\"@type\":\"Person\",\"@id\":\"https:\\\/\\\/afogadosfm.com.br\\\/afogadosfm\\\/#\\\/schema\\\/person\\\/60e56f2cf5dc960fc093fe093d9e9057\",\"name\":\"afogadosfm\",\"image\":{\"@type\":\"ImageObject\",\"inLanguage\":\"pt-BR\",\"@id\":\"https:\\\/\\\/secure.gravatar.com\\\/avatar\\\/e0359add7ed5dc3560906d861b52c6a8cf5c1e199d3a7dd85070998f49bd4701?s=96&d=mm&r=g\",\"url\":\"https:\\\/\\\/secure.gravatar.com\\\/avatar\\\/e0359add7ed5dc3560906d861b52c6a8cf5c1e199d3a7dd85070998f49bd4701?s=96&d=mm&r=g\",\"contentUrl\":\"https:\\\/\\\/secure.gravatar.com\\\/avatar\\\/e0359add7ed5dc3560906d861b52c6a8cf5c1e199d3a7dd85070998f49bd4701?s=96&d=mm&r=g\",\"caption\":\"afogadosfm\"},\"url\":\"https:\\\/\\\/afogadosfm.com.br\\\/afogadosfm\\\/author\\\/afogadosfm\\\/\"}]}<\/script>\n<!-- \/ Yoast SEO plugin. -->","yoast_head_json":{"title":"Atos conta PEC da blindagem e Anistia ocorrem neste domingo (21) - Afogados FM","robots":{"index":"index","follow":"follow","max-snippet":"max-snippet:-1","max-image-preview":"max-image-preview:large","max-video-preview":"max-video-preview:-1"},"canonical":"https:\/\/afogadosfm.com.br\/afogadosfm\/2025\/09\/21\/atos-conta-pec-da-blindagem-e-anistia-ocorrem-neste-domingo-21\/","og_locale":"pt_BR","og_type":"article","og_title":"Atos conta PEC da blindagem e Anistia ocorrem neste domingo (21) - Afogados FM","og_description":"Est\u00e3o marcados para este domingo (21), em, ao menos, 30 cidades e 22 capitais, protestos contra a Proposta de Emenda","og_url":"https:\/\/afogadosfm.com.br\/afogadosfm\/2025\/09\/21\/atos-conta-pec-da-blindagem-e-anistia-ocorrem-neste-domingo-21\/","og_site_name":"Afogados FM","article_published_time":"2025-09-21T07:16:00+00:00","article_modified_time":"2025-09-22T07:17:42+00:00","og_image":[{"width":274,"height":184,"url":"https:\/\/afogadosfm.com.br\/afogadosfm\/wp-content\/uploads\/2019\/06\/trombone.jpg","type":"image\/jpeg"}],"author":"afogadosfm","twitter_card":"summary_large_image","twitter_misc":{"Escrito por":"afogadosfm","Est. tempo de leitura":"2 minutos"},"schema":{"@context":"https:\/\/schema.org","@graph":[{"@type":"Article","@id":"https:\/\/afogadosfm.com.br\/afogadosfm\/2025\/09\/21\/atos-conta-pec-da-blindagem-e-anistia-ocorrem-neste-domingo-21\/#article","isPartOf":{"@id":"https:\/\/afogadosfm.com.br\/afogadosfm\/2025\/09\/21\/atos-conta-pec-da-blindagem-e-anistia-ocorrem-neste-domingo-21\/"},"author":{"name":"afogadosfm","@id":"https:\/\/afogadosfm.com.br\/afogadosfm\/#\/schema\/person\/60e56f2cf5dc960fc093fe093d9e9057"},"headline":"Atos conta PEC da blindagem e Anistia ocorrem neste domingo (21)","datePublished":"2025-09-21T07:16:00+00:00","dateModified":"2025-09-22T07:17:42+00:00","mainEntityOfPage":{"@id":"https:\/\/afogadosfm.com.br\/afogadosfm\/2025\/09\/21\/atos-conta-pec-da-blindagem-e-anistia-ocorrem-neste-domingo-21\/"},"wordCount":267,"commentCount":0,"publisher":{"@id":"https:\/\/afogadosfm.com.br\/afogadosfm\/#organization"},"image":{"@id":"https:\/\/afogadosfm.com.br\/afogadosfm\/2025\/09\/21\/atos-conta-pec-da-blindagem-e-anistia-ocorrem-neste-domingo-21\/#primaryimage"},"thumbnailUrl":"https:\/\/i0.wp.com\/afogadosfm.com.br\/afogadosfm\/wp-content\/uploads\/2019\/06\/trombone.jpg?fit=274%2C184&ssl=1","articleSection":["Brasil"],"inLanguage":"pt-BR","potentialAction":[{"@type":"CommentAction","name":"Comment","target":["https:\/\/afogadosfm.com.br\/afogadosfm\/2025\/09\/21\/atos-conta-pec-da-blindagem-e-anistia-ocorrem-neste-domingo-21\/#respond"]}]},{"@type":"WebPage","@id":"https:\/\/afogadosfm.com.br\/afogadosfm\/2025\/09\/21\/atos-conta-pec-da-blindagem-e-anistia-ocorrem-neste-domingo-21\/","url":"https:\/\/afogadosfm.com.br\/afogadosfm\/2025\/09\/21\/atos-conta-pec-da-blindagem-e-anistia-ocorrem-neste-domingo-21\/","name":"Atos conta PEC da blindagem e Anistia ocorrem neste domingo (21) - Afogados FM","isPartOf":{"@id":"https:\/\/afogadosfm.com.br\/afogadosfm\/#website"},"primaryImageOfPage":{"@id":"https:\/\/afogadosfm.com.br\/afogadosfm\/2025\/09\/21\/atos-conta-pec-da-blindagem-e-anistia-ocorrem-neste-domingo-21\/#primaryimage"},"image":{"@id":"https:\/\/afogadosfm.com.br\/afogadosfm\/2025\/09\/21\/atos-conta-pec-da-blindagem-e-anistia-ocorrem-neste-domingo-21\/#primaryimage"},"thumbnailUrl":"https:\/\/i0.wp.com\/afogadosfm.com.br\/afogadosfm\/wp-content\/uploads\/2019\/06\/trombone.jpg?fit=274%2C184&ssl=1","datePublished":"2025-09-21T07:16:00+00:00","dateModified":"2025-09-22T07:17:42+00:00","breadcrumb":{"@id":"https:\/\/afogadosfm.com.br\/afogadosfm\/2025\/09\/21\/atos-conta-pec-da-blindagem-e-anistia-ocorrem-neste-domingo-21\/#breadcrumb"},"inLanguage":"pt-BR","potentialAction":[{"@type":"ReadAction","target":["https:\/\/afogadosfm.com.br\/afogadosfm\/2025\/09\/21\/atos-conta-pec-da-blindagem-e-anistia-ocorrem-neste-domingo-21\/"]}]},{"@type":"ImageObject","inLanguage":"pt-BR","@id":"https:\/\/afogadosfm.com.br\/afogadosfm\/2025\/09\/21\/atos-conta-pec-da-blindagem-e-anistia-ocorrem-neste-domingo-21\/#primaryimage","url":"https:\/\/i0.wp.com\/afogadosfm.com.br\/afogadosfm\/wp-content\/uploads\/2019\/06\/trombone.jpg?fit=274%2C184&ssl=1","contentUrl":"https:\/\/i0.wp.com\/afogadosfm.com.br\/afogadosfm\/wp-content\/uploads\/2019\/06\/trombone.jpg?fit=274%2C184&ssl=1","width":274,"height":184},{"@type":"BreadcrumbList","@id":"https:\/\/afogadosfm.com.br\/afogadosfm\/2025\/09\/21\/atos-conta-pec-da-blindagem-e-anistia-ocorrem-neste-domingo-21\/#breadcrumb","itemListElement":[{"@type":"ListItem","position":1,"name":"In\u00edcio","item":"https:\/\/afogadosfm.com.br\/afogadosfm\/"},{"@type":"ListItem","position":2,"name":"Atos conta PEC da blindagem e Anistia ocorrem neste domingo (21)"}]},{"@type":"WebSite","@id":"https:\/\/afogadosfm.com.br\/afogadosfm\/#website","url":"https:\/\/afogadosfm.com.br\/afogadosfm\/","name":"Afogados FM","description":"Um site completo!","publisher":{"@id":"https:\/\/afogadosfm.com.br\/afogadosfm\/#organization"},"potentialAction":[{"@type":"SearchAction","target":{"@type":"EntryPoint","urlTemplate":"https:\/\/afogadosfm.com.br\/afogadosfm\/?s={search_term_string}"},"query-input":{"@type":"PropertyValueSpecification","valueRequired":true,"valueName":"search_term_string"}}],"inLanguage":"pt-BR"},{"@type":"Organization","@id":"https:\/\/afogadosfm.com.br\/afogadosfm\/#organization","name":"Afogados FM","url":"https:\/\/afogadosfm.com.br\/afogadosfm\/","logo":{"@type":"ImageObject","inLanguage":"pt-BR","@id":"https:\/\/afogadosfm.com.br\/afogadosfm\/#\/schema\/logo\/image\/","url":"https:\/\/i0.wp.com\/afogadosfm.com.br\/afogadosfm\/wp-content\/uploads\/2020\/06\/cropped-banner-afogados-4.jpg?fit=369%2C137&ssl=1","contentUrl":"https:\/\/i0.wp.com\/afogadosfm.com.br\/afogadosfm\/wp-content\/uploads\/2020\/06\/cropped-banner-afogados-4.jpg?fit=369%2C137&ssl=1","width":369,"height":137,"caption":"Afogados FM"},"image":{"@id":"https:\/\/afogadosfm.com.br\/afogadosfm\/#\/schema\/logo\/image\/"}},{"@type":"Person","@id":"https:\/\/afogadosfm.com.br\/afogadosfm\/#\/schema\/person\/60e56f2cf5dc960fc093fe093d9e9057","name":"afogadosfm","image":{"@type":"ImageObject","inLanguage":"pt-BR","@id":"https:\/\/secure.gravatar.com\/avatar\/e0359add7ed5dc3560906d861b52c6a8cf5c1e199d3a7dd85070998f49bd4701?s=96&d=mm&r=g","url":"https:\/\/secure.gravatar.com\/avatar\/e0359add7ed5dc3560906d861b52c6a8cf5c1e199d3a7dd85070998f49bd4701?s=96&d=mm&r=g","contentUrl":"https:\/\/secure.gravatar.com\/avatar\/e0359add7ed5dc3560906d861b52c6a8cf5c1e199d3a7dd85070998f49bd4701?s=96&d=mm&r=g","caption":"afogadosfm"},"url":"https:\/\/afogadosfm.com.br\/afogadosfm\/author\/afogadosfm\/"}]}},"jetpack_publicize_connections":[],"jetpack_featured_media_url":"https:\/\/i0.wp.com\/afogadosfm.com.br\/afogadosfm\/wp-content\/uploads\/2019\/06\/trombone.jpg?fit=274%2C184&ssl=1","jetpack-related-posts":[],"jetpack_sharing_enabled":true,"jetpack_likes_enabled":true,"_links":{"self":[{"href":"https:\/\/afogadosfm.com.br\/afogadosfm\/wp-json\/wp\/v2\/posts\/69212","targetHints":{"allow":["GET"]}}],"collection":[{"href":"https:\/\/afogadosfm.com.br\/afogadosfm\/wp-json\/wp\/v2\/posts"}],"about":[{"href":"https:\/\/afogadosfm.com.br\/afogadosfm\/wp-json\/wp\/v2\/types\/post"}],"author":[{"embeddable":true,"href":"https:\/\/afogadosfm.com.br\/afogadosfm\/wp-json\/wp\/v2\/users\/2"}],"replies":[{"embeddable":true,"href":"https:\/\/afogadosfm.com.br\/afogadosfm\/wp-json\/wp\/v2\/comments?post=69212"}],"version-history":[{"count":1,"href":"https:\/\/afogadosfm.com.br\/afogadosfm\/wp-json\/wp\/v2\/posts\/69212\/revisions"}],"predecessor-version":[{"id":69213,"href":"https:\/\/afogadosfm.com.br\/afogadosfm\/wp-json\/wp\/v2\/posts\/69212\/revisions\/69213"}],"wp:featuredmedia":[{"embeddable":true,"href":"https:\/\/afogadosfm.com.br\/afogadosfm\/wp-json\/wp\/v2\/media\/11015"}],"wp:attachment":[{"href":"https:\/\/afogadosfm.com.br\/afogadosfm\/wp-json\/wp\/v2\/media?parent=69212"}],"wp:term":[{"taxonomy":"category","embeddable":true,"href":"https:\/\/afogadosfm.com.br\/afogadosfm\/wp-json\/wp\/v2\/categories?post=69212"},{"taxonomy":"post_tag","embeddable":true,"href":"https:\/\/afogadosfm.com.br\/afogadosfm\/wp-json\/wp\/v2\/tags?post=69212"}],"curies":[{"name":"wp","href":"https:\/\/api.w.org\/{rel}","templated":true}]}}