{"id":69216,"date":"2025-09-22T04:23:12","date_gmt":"2025-09-22T07:23:12","guid":{"rendered":"https:\/\/afogadosfm.com.br\/afogadosfm\/?p=69216"},"modified":"2025-09-22T04:23:13","modified_gmt":"2025-09-22T07:23:13","slug":"pe-sesc-realizara-a-semana-move-no-sertao","status":"publish","type":"post","link":"https:\/\/afogadosfm.com.br\/afogadosfm\/2025\/09\/22\/pe-sesc-realizara-a-semana-move-no-sertao\/","title":{"rendered":"PE: Sesc realizar\u00e1 a Semana Move no Sert\u00e3o"},"content":{"rendered":"\n<p>O Sesc Pernambuco participa, de 22 a 28 de setembro, da Semana Move, campanha internacional de incentivo \u00e0 pr\u00e1tica de esportes e atividades f\u00edsicas. A iniciativa \u00e9 promovida pela International Sport and Culture Association (ISCA), com apoio da Unesco e coordena\u00e7\u00e3o do Sesc S\u00e3o Paulo na Am\u00e9rica Latina. O objetivo \u00e9 estimular h\u00e1bitos de vida mais ativos e conscientizar sobre os benef\u00edcios do movimento para a sa\u00fade.<\/p>\n\n\n\n<p>No estado, as atividades acontecem em unidades do Sesc no Grande Recife, Zona da Mata Norte, Agreste e Sert\u00e3o. \u201cN\u00e3o existe sa\u00fade e bem-estar sem movimento. \u00c9 por essa raz\u00e3o que realizamos a Semana Move, uma iniciativa anual de grande import\u00e2ncia. Nosso objetivo \u00e9 incentivar a popula\u00e7\u00e3o a se exercitar com atividades divertidas, variadas e de f\u00e1cil acesso em todas as nossas unidades\u201d, afirma Bernardo Peixoto, presidente do Sistema Fecom\u00e9rcio\/Sesc\/Senac em Pernambuco.<\/p>\n\n\n\n<p>No Sert\u00e3o, a programa\u00e7\u00e3o ser\u00e1 realizada em Araripina, Bodoc\u00f3, Floresta, Petrolina, Serra Talhada e Triunfo. Em Araripina, o Sesc Ler promove, no dia 24, aulas especiais de nata\u00e7\u00e3o, hidrogin\u00e1stica e muscula\u00e7\u00e3o. Das 14h \u00e0s 20h, a academia abre para que os alunos levem um convidado para participar de uma aula de muscula\u00e7\u00e3o.<\/p>\n\n\n\n<p>Em Bodoc\u00f3, as atividades acontecem de 22 a 28 de setembro, incluindo futsal sub-11, gin\u00e1stica laboral para funcion\u00e1rios, aul\u00f5es de futsal feminino sub-9 e sub-11, hidrogin\u00e1stica, festival de nata\u00e7\u00e3o e torneio de futsal. No dia 23, \u00e0s 16h, haver\u00e1 aul\u00e3o de nata\u00e7\u00e3o gratuito e aberto ao p\u00fablico. No dia 24, \u00e0s 17h, ser\u00e1 a vez da hidrogin\u00e1stica tamb\u00e9m aberta \u00e0 comunidade.<\/p>\n\n\n\n<p>Em Floresta, a Semana Move ocorre de 22 a 26 de setembro com atividades de nata\u00e7\u00e3o, futebol society e hidrogin\u00e1stica. No dia 24, \u00e0s 19h, ser\u00e1 realizado um aul\u00e3o de gin\u00e1stica multifuncional para alunos e convidados. J\u00e1 no dia 26, os alunos tamb\u00e9m poder\u00e3o levar convidados para um aul\u00e3o de hidrogin\u00e1stica.<\/p>\n\n\n\n<p>Em Petrolina, a programa\u00e7\u00e3o ser\u00e1 realizada de 22 a 26 de setembro, com atividades de muscula\u00e7\u00e3o e gin\u00e1stica funcional para alunos, funcion\u00e1rios e p\u00fablico externo. Nos dias 24 e 25, a academia abre as portas para n\u00e3o matriculados, que poder\u00e3o treinar em hor\u00e1rios espec\u00edficos (11h \u00e0s 12h, 12h \u00e0s 13h e 13h \u00e0s 14h), mediante agendamento na supervis\u00e3o de esportes e doa\u00e7\u00e3o de 1kg de alimento n\u00e3o perec\u00edvel para o programa Mesa Brasil Sesc. No dia 26, \u00e0s 19h, ser\u00e1 promovido um aul\u00e3o de gin\u00e1stica funcional, tamb\u00e9m mediante doa\u00e7\u00e3o de alimento.<\/p>\n\n\n\n<p>No Sert\u00e3o do Paje\u00fa, o Sesc Serra Talhada realiza atividades de 23 a 25 de setembro, com aulas de gin\u00e1stica funcional, hidrogin\u00e1stica e alongamento. No dia 23, \u00e0s 18h30, haver\u00e1 uma aula aberta de funcional no Campo de Futebol Society para pessoas com mais de 15 anos. J\u00e1 em Triunfo, a programa\u00e7\u00e3o de 23 a 25 ser\u00e1 exclusiva para alunos, com desafios aqu\u00e1ticos, aula especial de alongamento e festival de nata\u00e7\u00e3o.<\/p>\n\n\n\n<p>A cidade de Arcoverde, no Sert\u00e3o, vai vivenciar uma semana intensa de atividades f\u00edsicas, do dia 22 ao dia 27 de setembro. Nos dias 22 e 24, \u00e0s 16h, haver\u00e1 aul\u00f5es de ritmos, na unidade. Neste mesmo per\u00edodo, \u00e0s 19h, tamb\u00e9m no Sesc, acontecem sess\u00f5es de gin\u00e1stica funcional. Da segunda (22) \u00e0 sexta (26), ser\u00e3o realizadas atividades de gin\u00e1stica laboral, em lojas do com\u00e9rcio, no Centro da cidade, sempre das 8h \u00e0s 10h e das 14h \u00e0s 16h. Tamb\u00e9m de 22 a 26 de setembro, das 8h \u00e0s 18h, o Sesc promove partidas de futsal infantil, no gin\u00e1sio da unidade em quadras p\u00fablicas. Do dia 22 ao dia 27, ser\u00e1 a vez da a\u00e7\u00e3o Portas Abertas, na qual a academia de muscula\u00e7\u00e3o e as piscinas estar\u00e3o liberadas para o p\u00fablico, das 5h \u00e0s 22h. Para participar das aulas de hidrogin\u00e1stica e nata\u00e7\u00e3o, \u00e9 preciso fazer um agendamento pr\u00e9vio na Central de Relacionamento da unidade.<\/p>\n","protected":false},"excerpt":{"rendered":"<p>O Sesc Pernambuco participa, de 22 a 28 de setembro, da Semana Move, campanha internacional de incentivo \u00e0 pr\u00e1tica de<\/p>\n","protected":false},"author":2,"featured_media":69217,"comment_status":"open","ping_status":"open","sticky":false,"template":"","format":"standard","meta":{"jetpack_post_was_ever_published":false,"_jetpack_newsletter_access":"","_jetpack_dont_email_post_to_subs":false,"_jetpack_newsletter_tier_id":0,"_jetpack_memberships_contains_paywalled_content":false,"_jetpack_memberships_contains_paid_content":false,"footnotes":"","jetpack_publicize_message":"","jetpack_publicize_feature_enabled":true,"jetpack_social_post_already_shared":true,"jetpack_social_options":{"image_generator_settings":{"template":"highway","default_image_id":0,"font":"","enabled":false},"version":2}},"categories":[32],"tags":[],"class_list":["post-69216","post","type-post","status-publish","format-standard","has-post-thumbnail","hentry","category-sertao"],"yoast_head":"<!-- This site is optimized with the Yoast SEO plugin v27.5 - https:\/\/yoast.com\/product\/yoast-seo-wordpress\/ -->\n<title>PE: Sesc realizar\u00e1 a Semana Move no Sert\u00e3o - Afogados FM<\/title>\n<meta name=\"robots\" content=\"index, follow, max-snippet:-1, max-image-preview:large, max-video-preview:-1\" \/>\n<link rel=\"canonical\" href=\"https:\/\/afogadosfm.com.br\/afogadosfm\/2025\/09\/22\/pe-sesc-realizara-a-semana-move-no-sertao\/\" \/>\n<meta property=\"og:locale\" content=\"pt_BR\" \/>\n<meta property=\"og:type\" content=\"article\" \/>\n<meta property=\"og:title\" content=\"PE: Sesc realizar\u00e1 a Semana Move no Sert\u00e3o - Afogados FM\" \/>\n<meta property=\"og:description\" content=\"O Sesc Pernambuco participa, de 22 a 28 de setembro, da Semana Move, campanha internacional de incentivo \u00e0 pr\u00e1tica de\" \/>\n<meta property=\"og:url\" content=\"https:\/\/afogadosfm.com.br\/afogadosfm\/2025\/09\/22\/pe-sesc-realizara-a-semana-move-no-sertao\/\" \/>\n<meta property=\"og:site_name\" content=\"Afogados FM\" \/>\n<meta property=\"article:published_time\" content=\"2025-09-22T07:23:12+00:00\" \/>\n<meta property=\"article:modified_time\" content=\"2025-09-22T07:23:13+00:00\" \/>\n<meta property=\"og:image\" content=\"https:\/\/afogadosfm.com.br\/afogadosfm\/wp-content\/uploads\/2025\/09\/Sesc-Floresta.jpg\" \/>\n\t<meta property=\"og:image:width\" content=\"850\" \/>\n\t<meta property=\"og:image:height\" content=\"565\" \/>\n\t<meta property=\"og:image:type\" content=\"image\/jpeg\" \/>\n<meta name=\"author\" content=\"afogadosfm\" \/>\n<meta name=\"twitter:card\" content=\"summary_large_image\" \/>\n<meta name=\"twitter:label1\" content=\"Escrito por\" \/>\n\t<meta name=\"twitter:data1\" content=\"afogadosfm\" \/>\n\t<meta name=\"twitter:label2\" content=\"Est. tempo de leitura\" \/>\n\t<meta name=\"twitter:data2\" content=\"4 minutos\" \/>\n<script type=\"application\/ld+json\" class=\"yoast-schema-graph\">{\"@context\":\"https:\\\/\\\/schema.org\",\"@graph\":[{\"@type\":\"Article\",\"@id\":\"https:\\\/\\\/afogadosfm.com.br\\\/afogadosfm\\\/2025\\\/09\\\/22\\\/pe-sesc-realizara-a-semana-move-no-sertao\\\/#article\",\"isPartOf\":{\"@id\":\"https:\\\/\\\/afogadosfm.com.br\\\/afogadosfm\\\/2025\\\/09\\\/22\\\/pe-sesc-realizara-a-semana-move-no-sertao\\\/\"},\"author\":{\"name\":\"afogadosfm\",\"@id\":\"https:\\\/\\\/afogadosfm.com.br\\\/afogadosfm\\\/#\\\/schema\\\/person\\\/60e56f2cf5dc960fc093fe093d9e9057\"},\"headline\":\"PE: Sesc realizar\u00e1 a Semana Move no Sert\u00e3o\",\"datePublished\":\"2025-09-22T07:23:12+00:00\",\"dateModified\":\"2025-09-22T07:23:13+00:00\",\"mainEntityOfPage\":{\"@id\":\"https:\\\/\\\/afogadosfm.com.br\\\/afogadosfm\\\/2025\\\/09\\\/22\\\/pe-sesc-realizara-a-semana-move-no-sertao\\\/\"},\"wordCount\":673,\"commentCount\":0,\"publisher\":{\"@id\":\"https:\\\/\\\/afogadosfm.com.br\\\/afogadosfm\\\/#organization\"},\"image\":{\"@id\":\"https:\\\/\\\/afogadosfm.com.br\\\/afogadosfm\\\/2025\\\/09\\\/22\\\/pe-sesc-realizara-a-semana-move-no-sertao\\\/#primaryimage\"},\"thumbnailUrl\":\"https:\\\/\\\/i0.wp.com\\\/afogadosfm.com.br\\\/afogadosfm\\\/wp-content\\\/uploads\\\/2025\\\/09\\\/Sesc-Floresta.jpg?fit=850%2C565&ssl=1\",\"articleSection\":[\"Sert\u00e3o\"],\"inLanguage\":\"pt-BR\",\"potentialAction\":[{\"@type\":\"CommentAction\",\"name\":\"Comment\",\"target\":[\"https:\\\/\\\/afogadosfm.com.br\\\/afogadosfm\\\/2025\\\/09\\\/22\\\/pe-sesc-realizara-a-semana-move-no-sertao\\\/#respond\"]}]},{\"@type\":\"WebPage\",\"@id\":\"https:\\\/\\\/afogadosfm.com.br\\\/afogadosfm\\\/2025\\\/09\\\/22\\\/pe-sesc-realizara-a-semana-move-no-sertao\\\/\",\"url\":\"https:\\\/\\\/afogadosfm.com.br\\\/afogadosfm\\\/2025\\\/09\\\/22\\\/pe-sesc-realizara-a-semana-move-no-sertao\\\/\",\"name\":\"PE: Sesc realizar\u00e1 a Semana Move no Sert\u00e3o - Afogados FM\",\"isPartOf\":{\"@id\":\"https:\\\/\\\/afogadosfm.com.br\\\/afogadosfm\\\/#website\"},\"primaryImageOfPage\":{\"@id\":\"https:\\\/\\\/afogadosfm.com.br\\\/afogadosfm\\\/2025\\\/09\\\/22\\\/pe-sesc-realizara-a-semana-move-no-sertao\\\/#primaryimage\"},\"image\":{\"@id\":\"https:\\\/\\\/afogadosfm.com.br\\\/afogadosfm\\\/2025\\\/09\\\/22\\\/pe-sesc-realizara-a-semana-move-no-sertao\\\/#primaryimage\"},\"thumbnailUrl\":\"https:\\\/\\\/i0.wp.com\\\/afogadosfm.com.br\\\/afogadosfm\\\/wp-content\\\/uploads\\\/2025\\\/09\\\/Sesc-Floresta.jpg?fit=850%2C565&ssl=1\",\"datePublished\":\"2025-09-22T07:23:12+00:00\",\"dateModified\":\"2025-09-22T07:23:13+00:00\",\"breadcrumb\":{\"@id\":\"https:\\\/\\\/afogadosfm.com.br\\\/afogadosfm\\\/2025\\\/09\\\/22\\\/pe-sesc-realizara-a-semana-move-no-sertao\\\/#breadcrumb\"},\"inLanguage\":\"pt-BR\",\"potentialAction\":[{\"@type\":\"ReadAction\",\"target\":[\"https:\\\/\\\/afogadosfm.com.br\\\/afogadosfm\\\/2025\\\/09\\\/22\\\/pe-sesc-realizara-a-semana-move-no-sertao\\\/\"]}]},{\"@type\":\"ImageObject\",\"inLanguage\":\"pt-BR\",\"@id\":\"https:\\\/\\\/afogadosfm.com.br\\\/afogadosfm\\\/2025\\\/09\\\/22\\\/pe-sesc-realizara-a-semana-move-no-sertao\\\/#primaryimage\",\"url\":\"https:\\\/\\\/i0.wp.com\\\/afogadosfm.com.br\\\/afogadosfm\\\/wp-content\\\/uploads\\\/2025\\\/09\\\/Sesc-Floresta.jpg?fit=850%2C565&ssl=1\",\"contentUrl\":\"https:\\\/\\\/i0.wp.com\\\/afogadosfm.com.br\\\/afogadosfm\\\/wp-content\\\/uploads\\\/2025\\\/09\\\/Sesc-Floresta.jpg?fit=850%2C565&ssl=1\",\"width\":850,\"height\":565},{\"@type\":\"BreadcrumbList\",\"@id\":\"https:\\\/\\\/afogadosfm.com.br\\\/afogadosfm\\\/2025\\\/09\\\/22\\\/pe-sesc-realizara-a-semana-move-no-sertao\\\/#breadcrumb\",\"itemListElement\":[{\"@type\":\"ListItem\",\"position\":1,\"name\":\"In\u00edcio\",\"item\":\"https:\\\/\\\/afogadosfm.com.br\\\/afogadosfm\\\/\"},{\"@type\":\"ListItem\",\"position\":2,\"name\":\"PE: Sesc realizar\u00e1 a Semana Move no Sert\u00e3o\"}]},{\"@type\":\"WebSite\",\"@id\":\"https:\\\/\\\/afogadosfm.com.br\\\/afogadosfm\\\/#website\",\"url\":\"https:\\\/\\\/afogadosfm.com.br\\\/afogadosfm\\\/\",\"name\":\"Afogados FM\",\"description\":\"Um site completo!\",\"publisher\":{\"@id\":\"https:\\\/\\\/afogadosfm.com.br\\\/afogadosfm\\\/#organization\"},\"potentialAction\":[{\"@type\":\"SearchAction\",\"target\":{\"@type\":\"EntryPoint\",\"urlTemplate\":\"https:\\\/\\\/afogadosfm.com.br\\\/afogadosfm\\\/?s={search_term_string}\"},\"query-input\":{\"@type\":\"PropertyValueSpecification\",\"valueRequired\":true,\"valueName\":\"search_term_string\"}}],\"inLanguage\":\"pt-BR\"},{\"@type\":\"Organization\",\"@id\":\"https:\\\/\\\/afogadosfm.com.br\\\/afogadosfm\\\/#organization\",\"name\":\"Afogados FM\",\"url\":\"https:\\\/\\\/afogadosfm.com.br\\\/afogadosfm\\\/\",\"logo\":{\"@type\":\"ImageObject\",\"inLanguage\":\"pt-BR\",\"@id\":\"https:\\\/\\\/afogadosfm.com.br\\\/afogadosfm\\\/#\\\/schema\\\/logo\\\/image\\\/\",\"url\":\"https:\\\/\\\/i0.wp.com\\\/afogadosfm.com.br\\\/afogadosfm\\\/wp-content\\\/uploads\\\/2020\\\/06\\\/cropped-banner-afogados-4.jpg?fit=369%2C137&ssl=1\",\"contentUrl\":\"https:\\\/\\\/i0.wp.com\\\/afogadosfm.com.br\\\/afogadosfm\\\/wp-content\\\/uploads\\\/2020\\\/06\\\/cropped-banner-afogados-4.jpg?fit=369%2C137&ssl=1\",\"width\":369,\"height\":137,\"caption\":\"Afogados FM\"},\"image\":{\"@id\":\"https:\\\/\\\/afogadosfm.com.br\\\/afogadosfm\\\/#\\\/schema\\\/logo\\\/image\\\/\"}},{\"@type\":\"Person\",\"@id\":\"https:\\\/\\\/afogadosfm.com.br\\\/afogadosfm\\\/#\\\/schema\\\/person\\\/60e56f2cf5dc960fc093fe093d9e9057\",\"name\":\"afogadosfm\",\"image\":{\"@type\":\"ImageObject\",\"inLanguage\":\"pt-BR\",\"@id\":\"https:\\\/\\\/secure.gravatar.com\\\/avatar\\\/e0359add7ed5dc3560906d861b52c6a8cf5c1e199d3a7dd85070998f49bd4701?s=96&d=mm&r=g\",\"url\":\"https:\\\/\\\/secure.gravatar.com\\\/avatar\\\/e0359add7ed5dc3560906d861b52c6a8cf5c1e199d3a7dd85070998f49bd4701?s=96&d=mm&r=g\",\"contentUrl\":\"https:\\\/\\\/secure.gravatar.com\\\/avatar\\\/e0359add7ed5dc3560906d861b52c6a8cf5c1e199d3a7dd85070998f49bd4701?s=96&d=mm&r=g\",\"caption\":\"afogadosfm\"},\"url\":\"https:\\\/\\\/afogadosfm.com.br\\\/afogadosfm\\\/author\\\/afogadosfm\\\/\"}]}<\/script>\n<!-- \/ Yoast SEO plugin. -->","yoast_head_json":{"title":"PE: Sesc realizar\u00e1 a Semana Move no Sert\u00e3o - Afogados FM","robots":{"index":"index","follow":"follow","max-snippet":"max-snippet:-1","max-image-preview":"max-image-preview:large","max-video-preview":"max-video-preview:-1"},"canonical":"https:\/\/afogadosfm.com.br\/afogadosfm\/2025\/09\/22\/pe-sesc-realizara-a-semana-move-no-sertao\/","og_locale":"pt_BR","og_type":"article","og_title":"PE: Sesc realizar\u00e1 a Semana Move no Sert\u00e3o - Afogados FM","og_description":"O Sesc Pernambuco participa, de 22 a 28 de setembro, da Semana Move, campanha internacional de incentivo \u00e0 pr\u00e1tica de","og_url":"https:\/\/afogadosfm.com.br\/afogadosfm\/2025\/09\/22\/pe-sesc-realizara-a-semana-move-no-sertao\/","og_site_name":"Afogados FM","article_published_time":"2025-09-22T07:23:12+00:00","article_modified_time":"2025-09-22T07:23:13+00:00","og_image":[{"width":850,"height":565,"url":"https:\/\/afogadosfm.com.br\/afogadosfm\/wp-content\/uploads\/2025\/09\/Sesc-Floresta.jpg","type":"image\/jpeg"}],"author":"afogadosfm","twitter_card":"summary_large_image","twitter_misc":{"Escrito por":"afogadosfm","Est. tempo de leitura":"4 minutos"},"schema":{"@context":"https:\/\/schema.org","@graph":[{"@type":"Article","@id":"https:\/\/afogadosfm.com.br\/afogadosfm\/2025\/09\/22\/pe-sesc-realizara-a-semana-move-no-sertao\/#article","isPartOf":{"@id":"https:\/\/afogadosfm.com.br\/afogadosfm\/2025\/09\/22\/pe-sesc-realizara-a-semana-move-no-sertao\/"},"author":{"name":"afogadosfm","@id":"https:\/\/afogadosfm.com.br\/afogadosfm\/#\/schema\/person\/60e56f2cf5dc960fc093fe093d9e9057"},"headline":"PE: Sesc realizar\u00e1 a Semana Move no Sert\u00e3o","datePublished":"2025-09-22T07:23:12+00:00","dateModified":"2025-09-22T07:23:13+00:00","mainEntityOfPage":{"@id":"https:\/\/afogadosfm.com.br\/afogadosfm\/2025\/09\/22\/pe-sesc-realizara-a-semana-move-no-sertao\/"},"wordCount":673,"commentCount":0,"publisher":{"@id":"https:\/\/afogadosfm.com.br\/afogadosfm\/#organization"},"image":{"@id":"https:\/\/afogadosfm.com.br\/afogadosfm\/2025\/09\/22\/pe-sesc-realizara-a-semana-move-no-sertao\/#primaryimage"},"thumbnailUrl":"https:\/\/i0.wp.com\/afogadosfm.com.br\/afogadosfm\/wp-content\/uploads\/2025\/09\/Sesc-Floresta.jpg?fit=850%2C565&ssl=1","articleSection":["Sert\u00e3o"],"inLanguage":"pt-BR","potentialAction":[{"@type":"CommentAction","name":"Comment","target":["https:\/\/afogadosfm.com.br\/afogadosfm\/2025\/09\/22\/pe-sesc-realizara-a-semana-move-no-sertao\/#respond"]}]},{"@type":"WebPage","@id":"https:\/\/afogadosfm.com.br\/afogadosfm\/2025\/09\/22\/pe-sesc-realizara-a-semana-move-no-sertao\/","url":"https:\/\/afogadosfm.com.br\/afogadosfm\/2025\/09\/22\/pe-sesc-realizara-a-semana-move-no-sertao\/","name":"PE: Sesc realizar\u00e1 a Semana Move no Sert\u00e3o - Afogados FM","isPartOf":{"@id":"https:\/\/afogadosfm.com.br\/afogadosfm\/#website"},"primaryImageOfPage":{"@id":"https:\/\/afogadosfm.com.br\/afogadosfm\/2025\/09\/22\/pe-sesc-realizara-a-semana-move-no-sertao\/#primaryimage"},"image":{"@id":"https:\/\/afogadosfm.com.br\/afogadosfm\/2025\/09\/22\/pe-sesc-realizara-a-semana-move-no-sertao\/#primaryimage"},"thumbnailUrl":"https:\/\/i0.wp.com\/afogadosfm.com.br\/afogadosfm\/wp-content\/uploads\/2025\/09\/Sesc-Floresta.jpg?fit=850%2C565&ssl=1","datePublished":"2025-09-22T07:23:12+00:00","dateModified":"2025-09-22T07:23:13+00:00","breadcrumb":{"@id":"https:\/\/afogadosfm.com.br\/afogadosfm\/2025\/09\/22\/pe-sesc-realizara-a-semana-move-no-sertao\/#breadcrumb"},"inLanguage":"pt-BR","potentialAction":[{"@type":"ReadAction","target":["https:\/\/afogadosfm.com.br\/afogadosfm\/2025\/09\/22\/pe-sesc-realizara-a-semana-move-no-sertao\/"]}]},{"@type":"ImageObject","inLanguage":"pt-BR","@id":"https:\/\/afogadosfm.com.br\/afogadosfm\/2025\/09\/22\/pe-sesc-realizara-a-semana-move-no-sertao\/#primaryimage","url":"https:\/\/i0.wp.com\/afogadosfm.com.br\/afogadosfm\/wp-content\/uploads\/2025\/09\/Sesc-Floresta.jpg?fit=850%2C565&ssl=1","contentUrl":"https:\/\/i0.wp.com\/afogadosfm.com.br\/afogadosfm\/wp-content\/uploads\/2025\/09\/Sesc-Floresta.jpg?fit=850%2C565&ssl=1","width":850,"height":565},{"@type":"BreadcrumbList","@id":"https:\/\/afogadosfm.com.br\/afogadosfm\/2025\/09\/22\/pe-sesc-realizara-a-semana-move-no-sertao\/#breadcrumb","itemListElement":[{"@type":"ListItem","position":1,"name":"In\u00edcio","item":"https:\/\/afogadosfm.com.br\/afogadosfm\/"},{"@type":"ListItem","position":2,"name":"PE: Sesc realizar\u00e1 a Semana Move no Sert\u00e3o"}]},{"@type":"WebSite","@id":"https:\/\/afogadosfm.com.br\/afogadosfm\/#website","url":"https:\/\/afogadosfm.com.br\/afogadosfm\/","name":"Afogados FM","description":"Um site completo!","publisher":{"@id":"https:\/\/afogadosfm.com.br\/afogadosfm\/#organization"},"potentialAction":[{"@type":"SearchAction","target":{"@type":"EntryPoint","urlTemplate":"https:\/\/afogadosfm.com.br\/afogadosfm\/?s={search_term_string}"},"query-input":{"@type":"PropertyValueSpecification","valueRequired":true,"valueName":"search_term_string"}}],"inLanguage":"pt-BR"},{"@type":"Organization","@id":"https:\/\/afogadosfm.com.br\/afogadosfm\/#organization","name":"Afogados FM","url":"https:\/\/afogadosfm.com.br\/afogadosfm\/","logo":{"@type":"ImageObject","inLanguage":"pt-BR","@id":"https:\/\/afogadosfm.com.br\/afogadosfm\/#\/schema\/logo\/image\/","url":"https:\/\/i0.wp.com\/afogadosfm.com.br\/afogadosfm\/wp-content\/uploads\/2020\/06\/cropped-banner-afogados-4.jpg?fit=369%2C137&ssl=1","contentUrl":"https:\/\/i0.wp.com\/afogadosfm.com.br\/afogadosfm\/wp-content\/uploads\/2020\/06\/cropped-banner-afogados-4.jpg?fit=369%2C137&ssl=1","width":369,"height":137,"caption":"Afogados FM"},"image":{"@id":"https:\/\/afogadosfm.com.br\/afogadosfm\/#\/schema\/logo\/image\/"}},{"@type":"Person","@id":"https:\/\/afogadosfm.com.br\/afogadosfm\/#\/schema\/person\/60e56f2cf5dc960fc093fe093d9e9057","name":"afogadosfm","image":{"@type":"ImageObject","inLanguage":"pt-BR","@id":"https:\/\/secure.gravatar.com\/avatar\/e0359add7ed5dc3560906d861b52c6a8cf5c1e199d3a7dd85070998f49bd4701?s=96&d=mm&r=g","url":"https:\/\/secure.gravatar.com\/avatar\/e0359add7ed5dc3560906d861b52c6a8cf5c1e199d3a7dd85070998f49bd4701?s=96&d=mm&r=g","contentUrl":"https:\/\/secure.gravatar.com\/avatar\/e0359add7ed5dc3560906d861b52c6a8cf5c1e199d3a7dd85070998f49bd4701?s=96&d=mm&r=g","caption":"afogadosfm"},"url":"https:\/\/afogadosfm.com.br\/afogadosfm\/author\/afogadosfm\/"}]}},"jetpack_publicize_connections":[],"jetpack_featured_media_url":"https:\/\/i0.wp.com\/afogadosfm.com.br\/afogadosfm\/wp-content\/uploads\/2025\/09\/Sesc-Floresta.jpg?fit=850%2C565&ssl=1","jetpack-related-posts":[],"jetpack_sharing_enabled":true,"jetpack_likes_enabled":true,"_links":{"self":[{"href":"https:\/\/afogadosfm.com.br\/afogadosfm\/wp-json\/wp\/v2\/posts\/69216","targetHints":{"allow":["GET"]}}],"collection":[{"href":"https:\/\/afogadosfm.com.br\/afogadosfm\/wp-json\/wp\/v2\/posts"}],"about":[{"href":"https:\/\/afogadosfm.com.br\/afogadosfm\/wp-json\/wp\/v2\/types\/post"}],"author":[{"embeddable":true,"href":"https:\/\/afogadosfm.com.br\/afogadosfm\/wp-json\/wp\/v2\/users\/2"}],"replies":[{"embeddable":true,"href":"https:\/\/afogadosfm.com.br\/afogadosfm\/wp-json\/wp\/v2\/comments?post=69216"}],"version-history":[{"count":1,"href":"https:\/\/afogadosfm.com.br\/afogadosfm\/wp-json\/wp\/v2\/posts\/69216\/revisions"}],"predecessor-version":[{"id":69218,"href":"https:\/\/afogadosfm.com.br\/afogadosfm\/wp-json\/wp\/v2\/posts\/69216\/revisions\/69218"}],"wp:featuredmedia":[{"embeddable":true,"href":"https:\/\/afogadosfm.com.br\/afogadosfm\/wp-json\/wp\/v2\/media\/69217"}],"wp:attachment":[{"href":"https:\/\/afogadosfm.com.br\/afogadosfm\/wp-json\/wp\/v2\/media?parent=69216"}],"wp:term":[{"taxonomy":"category","embeddable":true,"href":"https:\/\/afogadosfm.com.br\/afogadosfm\/wp-json\/wp\/v2\/categories?post=69216"},{"taxonomy":"post_tag","embeddable":true,"href":"https:\/\/afogadosfm.com.br\/afogadosfm\/wp-json\/wp\/v2\/tags?post=69216"}],"curies":[{"name":"wp","href":"https:\/\/api.w.org\/{rel}","templated":true}]}}