{"id":69227,"date":"2025-09-22T04:39:29","date_gmt":"2025-09-22T07:39:29","guid":{"rendered":"https:\/\/afogadosfm.com.br\/afogadosfm\/?p=69227"},"modified":"2025-09-22T04:39:31","modified_gmt":"2025-09-22T07:39:31","slug":"inss-pagamentos-dos-beneficios-de-setembro-comecam-nesta-semana-confira-as-datas","status":"publish","type":"post","link":"https:\/\/afogadosfm.com.br\/afogadosfm\/2025\/09\/22\/inss-pagamentos-dos-beneficios-de-setembro-comecam-nesta-semana-confira-as-datas\/","title":{"rendered":"INSS: pagamentos dos benef\u00edcios de setembro come\u00e7am nesta semana; confira as datas"},"content":{"rendered":"\n<p>Benefici\u00e1rios do Instituto Nacional de Seguro Social (INSS) receber\u00e3o os valores referentes ao m\u00eas de setembro a partir da pr\u00f3xima quarta-feira (24). O cronograma de pagamentos \u00e9 organizado de acordo com o d\u00edgito final do cadastro no benef\u00edcio.<\/p>\n\n\n\n<p>Para quem ganha at\u00e9 um sal\u00e1rio-m\u00ednimo e possui benef\u00edcio com final de 1 a 5, o pagamento ser\u00e1 efetuado dentro dos \u00faltimos cinco dias \u00fateis do pr\u00f3prio m\u00eas de setembro. J\u00e1 os benefici\u00e1rios com renda superior ao piso e aqueles de renda m\u00ednima com final de 6 a 0 receber\u00e3o seus valores no mesmo per\u00edodo: durante os cinco primeiros dias \u00fateis de outubro.<\/p>\n\n\n\n<p><strong>Calend\u00e1rio do INSS de setembro para quem ganha at\u00e9 um sal\u00e1rio m\u00ednimo:<\/strong><\/p>\n\n\n\n<figure class=\"wp-block-image\"><img data-recalc-dims=\"1\" decoding=\"async\" src=\"https:\/\/i0.wp.com\/penoticias.com.br\/blog\/wp-content\/uploads\/2025\/09\/a-10.png?w=840&#038;ssl=1\" alt=\"\" class=\"wp-image-197572\"\/><\/figure>\n\n\n\n<p><strong>Calend\u00e1rio do INSS de setembro para quem ganha mais de um sal\u00e1rio m\u00ednimo:<\/strong><\/p>\n\n\n\n<figure class=\"wp-block-image\"><img data-recalc-dims=\"1\" decoding=\"async\" src=\"https:\/\/i0.wp.com\/penoticias.com.br\/blog\/wp-content\/uploads\/2025\/09\/a-2-1.png?w=840&#038;ssl=1\" alt=\"\" class=\"wp-image-197573\"\/><\/figure>\n\n\n\n<p>Para determinar o dia exato do seu pagamento, o primeiro passo \u00e9 identificar o algarismo final do seu n\u00famero de benef\u00edcio, que \u00e9 sempre o que vem antes do tra\u00e7o. Por exemplo, se o n\u00famero for 123-4, o d\u00edgito a ser considerado \u00e9 o 3.<\/p>\n\n\n\n<p>Essa informa\u00e7\u00e3o pode ser encontrada na sua carta de concess\u00e3o ou no extrato de pagamento, que voc\u00ea pode acessar nos aplicativos do INSS para dispositivos Android ou iOS. Caso prefira, \u00e9 poss\u00edvel obt\u00ea-la ligando para a Central 135, que atende de segunda a s\u00e1bado, das 7h \u00e0s 22h.<\/p>\n\n\n\n<p>Com o n\u00famero final em m\u00e3os, consulte o calend\u00e1rio de pagamentos do ano vigente, verificando a data correspondente \u00e0 sua faixa de renda. Lembre-se que os dep\u00f3sitos s\u00e3o efetuados apenas em dias \u00fateis, excluindo fins de semana e feriados.<\/p>\n","protected":false},"excerpt":{"rendered":"<p>Benefici\u00e1rios do Instituto Nacional de Seguro Social (INSS) receber\u00e3o os valores referentes ao m\u00eas de setembro a partir da pr\u00f3xima<\/p>\n","protected":false},"author":2,"featured_media":66628,"comment_status":"open","ping_status":"open","sticky":false,"template":"","format":"standard","meta":{"jetpack_post_was_ever_published":false,"_jetpack_newsletter_access":"","_jetpack_dont_email_post_to_subs":false,"_jetpack_newsletter_tier_id":0,"_jetpack_memberships_contains_paywalled_content":false,"_jetpack_memberships_contains_paid_content":false,"footnotes":"","jetpack_publicize_message":"","jetpack_publicize_feature_enabled":true,"jetpack_social_post_already_shared":true,"jetpack_social_options":{"image_generator_settings":{"template":"highway","default_image_id":0,"font":"","enabled":false},"version":2}},"categories":[12],"tags":[],"class_list":["post-69227","post","type-post","status-publish","format-standard","has-post-thumbnail","hentry","category-brasil"],"yoast_head":"<!-- This site is optimized with the Yoast SEO plugin v27.5 - https:\/\/yoast.com\/product\/yoast-seo-wordpress\/ -->\n<title>INSS: pagamentos dos benef\u00edcios de setembro come\u00e7am nesta semana; confira as datas - Afogados FM<\/title>\n<meta name=\"robots\" content=\"index, follow, max-snippet:-1, max-image-preview:large, max-video-preview:-1\" \/>\n<link rel=\"canonical\" href=\"https:\/\/afogadosfm.com.br\/afogadosfm\/2025\/09\/22\/inss-pagamentos-dos-beneficios-de-setembro-comecam-nesta-semana-confira-as-datas\/\" \/>\n<meta property=\"og:locale\" content=\"pt_BR\" \/>\n<meta property=\"og:type\" content=\"article\" \/>\n<meta property=\"og:title\" content=\"INSS: pagamentos dos benef\u00edcios de setembro come\u00e7am nesta semana; confira as datas - Afogados FM\" \/>\n<meta property=\"og:description\" content=\"Benefici\u00e1rios do Instituto Nacional de Seguro Social (INSS) receber\u00e3o os valores referentes ao m\u00eas de setembro a partir da pr\u00f3xima\" \/>\n<meta property=\"og:url\" content=\"https:\/\/afogadosfm.com.br\/afogadosfm\/2025\/09\/22\/inss-pagamentos-dos-beneficios-de-setembro-comecam-nesta-semana-confira-as-datas\/\" \/>\n<meta property=\"og:site_name\" content=\"Afogados FM\" \/>\n<meta property=\"article:published_time\" content=\"2025-09-22T07:39:29+00:00\" \/>\n<meta property=\"article:modified_time\" content=\"2025-09-22T07:39:31+00:00\" \/>\n<meta property=\"og:image\" content=\"https:\/\/afogadosfm.com.br\/afogadosfm\/wp-content\/uploads\/2025\/06\/real-1.jpeg\" \/>\n\t<meta property=\"og:image:width\" content=\"474\" \/>\n\t<meta property=\"og:image:height\" content=\"315\" \/>\n\t<meta property=\"og:image:type\" content=\"image\/jpeg\" \/>\n<meta name=\"author\" content=\"afogadosfm\" \/>\n<meta name=\"twitter:card\" content=\"summary_large_image\" \/>\n<meta name=\"twitter:label1\" content=\"Escrito por\" \/>\n\t<meta name=\"twitter:data1\" content=\"afogadosfm\" \/>\n\t<meta name=\"twitter:label2\" content=\"Est. tempo de leitura\" \/>\n\t<meta name=\"twitter:data2\" content=\"3 minutos\" \/>\n<script type=\"application\/ld+json\" class=\"yoast-schema-graph\">{\"@context\":\"https:\\\/\\\/schema.org\",\"@graph\":[{\"@type\":\"Article\",\"@id\":\"https:\\\/\\\/afogadosfm.com.br\\\/afogadosfm\\\/2025\\\/09\\\/22\\\/inss-pagamentos-dos-beneficios-de-setembro-comecam-nesta-semana-confira-as-datas\\\/#article\",\"isPartOf\":{\"@id\":\"https:\\\/\\\/afogadosfm.com.br\\\/afogadosfm\\\/2025\\\/09\\\/22\\\/inss-pagamentos-dos-beneficios-de-setembro-comecam-nesta-semana-confira-as-datas\\\/\"},\"author\":{\"name\":\"afogadosfm\",\"@id\":\"https:\\\/\\\/afogadosfm.com.br\\\/afogadosfm\\\/#\\\/schema\\\/person\\\/60e56f2cf5dc960fc093fe093d9e9057\"},\"headline\":\"INSS: pagamentos dos benef\u00edcios de setembro come\u00e7am nesta semana; confira as datas\",\"datePublished\":\"2025-09-22T07:39:29+00:00\",\"dateModified\":\"2025-09-22T07:39:31+00:00\",\"mainEntityOfPage\":{\"@id\":\"https:\\\/\\\/afogadosfm.com.br\\\/afogadosfm\\\/2025\\\/09\\\/22\\\/inss-pagamentos-dos-beneficios-de-setembro-comecam-nesta-semana-confira-as-datas\\\/\"},\"wordCount\":295,\"commentCount\":0,\"publisher\":{\"@id\":\"https:\\\/\\\/afogadosfm.com.br\\\/afogadosfm\\\/#organization\"},\"image\":{\"@id\":\"https:\\\/\\\/afogadosfm.com.br\\\/afogadosfm\\\/2025\\\/09\\\/22\\\/inss-pagamentos-dos-beneficios-de-setembro-comecam-nesta-semana-confira-as-datas\\\/#primaryimage\"},\"thumbnailUrl\":\"https:\\\/\\\/i0.wp.com\\\/afogadosfm.com.br\\\/afogadosfm\\\/wp-content\\\/uploads\\\/2025\\\/06\\\/real-1.jpeg?fit=474%2C315&ssl=1\",\"articleSection\":[\"Brasil\"],\"inLanguage\":\"pt-BR\",\"potentialAction\":[{\"@type\":\"CommentAction\",\"name\":\"Comment\",\"target\":[\"https:\\\/\\\/afogadosfm.com.br\\\/afogadosfm\\\/2025\\\/09\\\/22\\\/inss-pagamentos-dos-beneficios-de-setembro-comecam-nesta-semana-confira-as-datas\\\/#respond\"]}]},{\"@type\":\"WebPage\",\"@id\":\"https:\\\/\\\/afogadosfm.com.br\\\/afogadosfm\\\/2025\\\/09\\\/22\\\/inss-pagamentos-dos-beneficios-de-setembro-comecam-nesta-semana-confira-as-datas\\\/\",\"url\":\"https:\\\/\\\/afogadosfm.com.br\\\/afogadosfm\\\/2025\\\/09\\\/22\\\/inss-pagamentos-dos-beneficios-de-setembro-comecam-nesta-semana-confira-as-datas\\\/\",\"name\":\"INSS: pagamentos dos benef\u00edcios de setembro come\u00e7am nesta semana; confira as datas - Afogados FM\",\"isPartOf\":{\"@id\":\"https:\\\/\\\/afogadosfm.com.br\\\/afogadosfm\\\/#website\"},\"primaryImageOfPage\":{\"@id\":\"https:\\\/\\\/afogadosfm.com.br\\\/afogadosfm\\\/2025\\\/09\\\/22\\\/inss-pagamentos-dos-beneficios-de-setembro-comecam-nesta-semana-confira-as-datas\\\/#primaryimage\"},\"image\":{\"@id\":\"https:\\\/\\\/afogadosfm.com.br\\\/afogadosfm\\\/2025\\\/09\\\/22\\\/inss-pagamentos-dos-beneficios-de-setembro-comecam-nesta-semana-confira-as-datas\\\/#primaryimage\"},\"thumbnailUrl\":\"https:\\\/\\\/i0.wp.com\\\/afogadosfm.com.br\\\/afogadosfm\\\/wp-content\\\/uploads\\\/2025\\\/06\\\/real-1.jpeg?fit=474%2C315&ssl=1\",\"datePublished\":\"2025-09-22T07:39:29+00:00\",\"dateModified\":\"2025-09-22T07:39:31+00:00\",\"breadcrumb\":{\"@id\":\"https:\\\/\\\/afogadosfm.com.br\\\/afogadosfm\\\/2025\\\/09\\\/22\\\/inss-pagamentos-dos-beneficios-de-setembro-comecam-nesta-semana-confira-as-datas\\\/#breadcrumb\"},\"inLanguage\":\"pt-BR\",\"potentialAction\":[{\"@type\":\"ReadAction\",\"target\":[\"https:\\\/\\\/afogadosfm.com.br\\\/afogadosfm\\\/2025\\\/09\\\/22\\\/inss-pagamentos-dos-beneficios-de-setembro-comecam-nesta-semana-confira-as-datas\\\/\"]}]},{\"@type\":\"ImageObject\",\"inLanguage\":\"pt-BR\",\"@id\":\"https:\\\/\\\/afogadosfm.com.br\\\/afogadosfm\\\/2025\\\/09\\\/22\\\/inss-pagamentos-dos-beneficios-de-setembro-comecam-nesta-semana-confira-as-datas\\\/#primaryimage\",\"url\":\"https:\\\/\\\/i0.wp.com\\\/afogadosfm.com.br\\\/afogadosfm\\\/wp-content\\\/uploads\\\/2025\\\/06\\\/real-1.jpeg?fit=474%2C315&ssl=1\",\"contentUrl\":\"https:\\\/\\\/i0.wp.com\\\/afogadosfm.com.br\\\/afogadosfm\\\/wp-content\\\/uploads\\\/2025\\\/06\\\/real-1.jpeg?fit=474%2C315&ssl=1\",\"width\":474,\"height\":315},{\"@type\":\"BreadcrumbList\",\"@id\":\"https:\\\/\\\/afogadosfm.com.br\\\/afogadosfm\\\/2025\\\/09\\\/22\\\/inss-pagamentos-dos-beneficios-de-setembro-comecam-nesta-semana-confira-as-datas\\\/#breadcrumb\",\"itemListElement\":[{\"@type\":\"ListItem\",\"position\":1,\"name\":\"In\u00edcio\",\"item\":\"https:\\\/\\\/afogadosfm.com.br\\\/afogadosfm\\\/\"},{\"@type\":\"ListItem\",\"position\":2,\"name\":\"INSS: pagamentos dos benef\u00edcios de setembro come\u00e7am nesta semana; confira as datas\"}]},{\"@type\":\"WebSite\",\"@id\":\"https:\\\/\\\/afogadosfm.com.br\\\/afogadosfm\\\/#website\",\"url\":\"https:\\\/\\\/afogadosfm.com.br\\\/afogadosfm\\\/\",\"name\":\"Afogados FM\",\"description\":\"Um site completo!\",\"publisher\":{\"@id\":\"https:\\\/\\\/afogadosfm.com.br\\\/afogadosfm\\\/#organization\"},\"potentialAction\":[{\"@type\":\"SearchAction\",\"target\":{\"@type\":\"EntryPoint\",\"urlTemplate\":\"https:\\\/\\\/afogadosfm.com.br\\\/afogadosfm\\\/?s={search_term_string}\"},\"query-input\":{\"@type\":\"PropertyValueSpecification\",\"valueRequired\":true,\"valueName\":\"search_term_string\"}}],\"inLanguage\":\"pt-BR\"},{\"@type\":\"Organization\",\"@id\":\"https:\\\/\\\/afogadosfm.com.br\\\/afogadosfm\\\/#organization\",\"name\":\"Afogados FM\",\"url\":\"https:\\\/\\\/afogadosfm.com.br\\\/afogadosfm\\\/\",\"logo\":{\"@type\":\"ImageObject\",\"inLanguage\":\"pt-BR\",\"@id\":\"https:\\\/\\\/afogadosfm.com.br\\\/afogadosfm\\\/#\\\/schema\\\/logo\\\/image\\\/\",\"url\":\"https:\\\/\\\/i0.wp.com\\\/afogadosfm.com.br\\\/afogadosfm\\\/wp-content\\\/uploads\\\/2020\\\/06\\\/cropped-banner-afogados-4.jpg?fit=369%2C137&ssl=1\",\"contentUrl\":\"https:\\\/\\\/i0.wp.com\\\/afogadosfm.com.br\\\/afogadosfm\\\/wp-content\\\/uploads\\\/2020\\\/06\\\/cropped-banner-afogados-4.jpg?fit=369%2C137&ssl=1\",\"width\":369,\"height\":137,\"caption\":\"Afogados FM\"},\"image\":{\"@id\":\"https:\\\/\\\/afogadosfm.com.br\\\/afogadosfm\\\/#\\\/schema\\\/logo\\\/image\\\/\"}},{\"@type\":\"Person\",\"@id\":\"https:\\\/\\\/afogadosfm.com.br\\\/afogadosfm\\\/#\\\/schema\\\/person\\\/60e56f2cf5dc960fc093fe093d9e9057\",\"name\":\"afogadosfm\",\"image\":{\"@type\":\"ImageObject\",\"inLanguage\":\"pt-BR\",\"@id\":\"https:\\\/\\\/secure.gravatar.com\\\/avatar\\\/e0359add7ed5dc3560906d861b52c6a8cf5c1e199d3a7dd85070998f49bd4701?s=96&d=mm&r=g\",\"url\":\"https:\\\/\\\/secure.gravatar.com\\\/avatar\\\/e0359add7ed5dc3560906d861b52c6a8cf5c1e199d3a7dd85070998f49bd4701?s=96&d=mm&r=g\",\"contentUrl\":\"https:\\\/\\\/secure.gravatar.com\\\/avatar\\\/e0359add7ed5dc3560906d861b52c6a8cf5c1e199d3a7dd85070998f49bd4701?s=96&d=mm&r=g\",\"caption\":\"afogadosfm\"},\"url\":\"https:\\\/\\\/afogadosfm.com.br\\\/afogadosfm\\\/author\\\/afogadosfm\\\/\"}]}<\/script>\n<!-- \/ Yoast SEO plugin. -->","yoast_head_json":{"title":"INSS: pagamentos dos benef\u00edcios de setembro come\u00e7am nesta semana; confira as datas - Afogados FM","robots":{"index":"index","follow":"follow","max-snippet":"max-snippet:-1","max-image-preview":"max-image-preview:large","max-video-preview":"max-video-preview:-1"},"canonical":"https:\/\/afogadosfm.com.br\/afogadosfm\/2025\/09\/22\/inss-pagamentos-dos-beneficios-de-setembro-comecam-nesta-semana-confira-as-datas\/","og_locale":"pt_BR","og_type":"article","og_title":"INSS: pagamentos dos benef\u00edcios de setembro come\u00e7am nesta semana; confira as datas - Afogados FM","og_description":"Benefici\u00e1rios do Instituto Nacional de Seguro Social (INSS) receber\u00e3o os valores referentes ao m\u00eas de setembro a partir da pr\u00f3xima","og_url":"https:\/\/afogadosfm.com.br\/afogadosfm\/2025\/09\/22\/inss-pagamentos-dos-beneficios-de-setembro-comecam-nesta-semana-confira-as-datas\/","og_site_name":"Afogados FM","article_published_time":"2025-09-22T07:39:29+00:00","article_modified_time":"2025-09-22T07:39:31+00:00","og_image":[{"width":474,"height":315,"url":"https:\/\/afogadosfm.com.br\/afogadosfm\/wp-content\/uploads\/2025\/06\/real-1.jpeg","type":"image\/jpeg"}],"author":"afogadosfm","twitter_card":"summary_large_image","twitter_misc":{"Escrito por":"afogadosfm","Est. tempo de leitura":"3 minutos"},"schema":{"@context":"https:\/\/schema.org","@graph":[{"@type":"Article","@id":"https:\/\/afogadosfm.com.br\/afogadosfm\/2025\/09\/22\/inss-pagamentos-dos-beneficios-de-setembro-comecam-nesta-semana-confira-as-datas\/#article","isPartOf":{"@id":"https:\/\/afogadosfm.com.br\/afogadosfm\/2025\/09\/22\/inss-pagamentos-dos-beneficios-de-setembro-comecam-nesta-semana-confira-as-datas\/"},"author":{"name":"afogadosfm","@id":"https:\/\/afogadosfm.com.br\/afogadosfm\/#\/schema\/person\/60e56f2cf5dc960fc093fe093d9e9057"},"headline":"INSS: pagamentos dos benef\u00edcios de setembro come\u00e7am nesta semana; confira as datas","datePublished":"2025-09-22T07:39:29+00:00","dateModified":"2025-09-22T07:39:31+00:00","mainEntityOfPage":{"@id":"https:\/\/afogadosfm.com.br\/afogadosfm\/2025\/09\/22\/inss-pagamentos-dos-beneficios-de-setembro-comecam-nesta-semana-confira-as-datas\/"},"wordCount":295,"commentCount":0,"publisher":{"@id":"https:\/\/afogadosfm.com.br\/afogadosfm\/#organization"},"image":{"@id":"https:\/\/afogadosfm.com.br\/afogadosfm\/2025\/09\/22\/inss-pagamentos-dos-beneficios-de-setembro-comecam-nesta-semana-confira-as-datas\/#primaryimage"},"thumbnailUrl":"https:\/\/i0.wp.com\/afogadosfm.com.br\/afogadosfm\/wp-content\/uploads\/2025\/06\/real-1.jpeg?fit=474%2C315&ssl=1","articleSection":["Brasil"],"inLanguage":"pt-BR","potentialAction":[{"@type":"CommentAction","name":"Comment","target":["https:\/\/afogadosfm.com.br\/afogadosfm\/2025\/09\/22\/inss-pagamentos-dos-beneficios-de-setembro-comecam-nesta-semana-confira-as-datas\/#respond"]}]},{"@type":"WebPage","@id":"https:\/\/afogadosfm.com.br\/afogadosfm\/2025\/09\/22\/inss-pagamentos-dos-beneficios-de-setembro-comecam-nesta-semana-confira-as-datas\/","url":"https:\/\/afogadosfm.com.br\/afogadosfm\/2025\/09\/22\/inss-pagamentos-dos-beneficios-de-setembro-comecam-nesta-semana-confira-as-datas\/","name":"INSS: pagamentos dos benef\u00edcios de setembro come\u00e7am nesta semana; confira as datas - Afogados FM","isPartOf":{"@id":"https:\/\/afogadosfm.com.br\/afogadosfm\/#website"},"primaryImageOfPage":{"@id":"https:\/\/afogadosfm.com.br\/afogadosfm\/2025\/09\/22\/inss-pagamentos-dos-beneficios-de-setembro-comecam-nesta-semana-confira-as-datas\/#primaryimage"},"image":{"@id":"https:\/\/afogadosfm.com.br\/afogadosfm\/2025\/09\/22\/inss-pagamentos-dos-beneficios-de-setembro-comecam-nesta-semana-confira-as-datas\/#primaryimage"},"thumbnailUrl":"https:\/\/i0.wp.com\/afogadosfm.com.br\/afogadosfm\/wp-content\/uploads\/2025\/06\/real-1.jpeg?fit=474%2C315&ssl=1","datePublished":"2025-09-22T07:39:29+00:00","dateModified":"2025-09-22T07:39:31+00:00","breadcrumb":{"@id":"https:\/\/afogadosfm.com.br\/afogadosfm\/2025\/09\/22\/inss-pagamentos-dos-beneficios-de-setembro-comecam-nesta-semana-confira-as-datas\/#breadcrumb"},"inLanguage":"pt-BR","potentialAction":[{"@type":"ReadAction","target":["https:\/\/afogadosfm.com.br\/afogadosfm\/2025\/09\/22\/inss-pagamentos-dos-beneficios-de-setembro-comecam-nesta-semana-confira-as-datas\/"]}]},{"@type":"ImageObject","inLanguage":"pt-BR","@id":"https:\/\/afogadosfm.com.br\/afogadosfm\/2025\/09\/22\/inss-pagamentos-dos-beneficios-de-setembro-comecam-nesta-semana-confira-as-datas\/#primaryimage","url":"https:\/\/i0.wp.com\/afogadosfm.com.br\/afogadosfm\/wp-content\/uploads\/2025\/06\/real-1.jpeg?fit=474%2C315&ssl=1","contentUrl":"https:\/\/i0.wp.com\/afogadosfm.com.br\/afogadosfm\/wp-content\/uploads\/2025\/06\/real-1.jpeg?fit=474%2C315&ssl=1","width":474,"height":315},{"@type":"BreadcrumbList","@id":"https:\/\/afogadosfm.com.br\/afogadosfm\/2025\/09\/22\/inss-pagamentos-dos-beneficios-de-setembro-comecam-nesta-semana-confira-as-datas\/#breadcrumb","itemListElement":[{"@type":"ListItem","position":1,"name":"In\u00edcio","item":"https:\/\/afogadosfm.com.br\/afogadosfm\/"},{"@type":"ListItem","position":2,"name":"INSS: pagamentos dos benef\u00edcios de setembro come\u00e7am nesta semana; confira as datas"}]},{"@type":"WebSite","@id":"https:\/\/afogadosfm.com.br\/afogadosfm\/#website","url":"https:\/\/afogadosfm.com.br\/afogadosfm\/","name":"Afogados FM","description":"Um site completo!","publisher":{"@id":"https:\/\/afogadosfm.com.br\/afogadosfm\/#organization"},"potentialAction":[{"@type":"SearchAction","target":{"@type":"EntryPoint","urlTemplate":"https:\/\/afogadosfm.com.br\/afogadosfm\/?s={search_term_string}"},"query-input":{"@type":"PropertyValueSpecification","valueRequired":true,"valueName":"search_term_string"}}],"inLanguage":"pt-BR"},{"@type":"Organization","@id":"https:\/\/afogadosfm.com.br\/afogadosfm\/#organization","name":"Afogados FM","url":"https:\/\/afogadosfm.com.br\/afogadosfm\/","logo":{"@type":"ImageObject","inLanguage":"pt-BR","@id":"https:\/\/afogadosfm.com.br\/afogadosfm\/#\/schema\/logo\/image\/","url":"https:\/\/i0.wp.com\/afogadosfm.com.br\/afogadosfm\/wp-content\/uploads\/2020\/06\/cropped-banner-afogados-4.jpg?fit=369%2C137&ssl=1","contentUrl":"https:\/\/i0.wp.com\/afogadosfm.com.br\/afogadosfm\/wp-content\/uploads\/2020\/06\/cropped-banner-afogados-4.jpg?fit=369%2C137&ssl=1","width":369,"height":137,"caption":"Afogados FM"},"image":{"@id":"https:\/\/afogadosfm.com.br\/afogadosfm\/#\/schema\/logo\/image\/"}},{"@type":"Person","@id":"https:\/\/afogadosfm.com.br\/afogadosfm\/#\/schema\/person\/60e56f2cf5dc960fc093fe093d9e9057","name":"afogadosfm","image":{"@type":"ImageObject","inLanguage":"pt-BR","@id":"https:\/\/secure.gravatar.com\/avatar\/e0359add7ed5dc3560906d861b52c6a8cf5c1e199d3a7dd85070998f49bd4701?s=96&d=mm&r=g","url":"https:\/\/secure.gravatar.com\/avatar\/e0359add7ed5dc3560906d861b52c6a8cf5c1e199d3a7dd85070998f49bd4701?s=96&d=mm&r=g","contentUrl":"https:\/\/secure.gravatar.com\/avatar\/e0359add7ed5dc3560906d861b52c6a8cf5c1e199d3a7dd85070998f49bd4701?s=96&d=mm&r=g","caption":"afogadosfm"},"url":"https:\/\/afogadosfm.com.br\/afogadosfm\/author\/afogadosfm\/"}]}},"jetpack_publicize_connections":[],"jetpack_featured_media_url":"https:\/\/i0.wp.com\/afogadosfm.com.br\/afogadosfm\/wp-content\/uploads\/2025\/06\/real-1.jpeg?fit=474%2C315&ssl=1","jetpack-related-posts":[],"jetpack_sharing_enabled":true,"jetpack_likes_enabled":true,"_links":{"self":[{"href":"https:\/\/afogadosfm.com.br\/afogadosfm\/wp-json\/wp\/v2\/posts\/69227","targetHints":{"allow":["GET"]}}],"collection":[{"href":"https:\/\/afogadosfm.com.br\/afogadosfm\/wp-json\/wp\/v2\/posts"}],"about":[{"href":"https:\/\/afogadosfm.com.br\/afogadosfm\/wp-json\/wp\/v2\/types\/post"}],"author":[{"embeddable":true,"href":"https:\/\/afogadosfm.com.br\/afogadosfm\/wp-json\/wp\/v2\/users\/2"}],"replies":[{"embeddable":true,"href":"https:\/\/afogadosfm.com.br\/afogadosfm\/wp-json\/wp\/v2\/comments?post=69227"}],"version-history":[{"count":1,"href":"https:\/\/afogadosfm.com.br\/afogadosfm\/wp-json\/wp\/v2\/posts\/69227\/revisions"}],"predecessor-version":[{"id":69228,"href":"https:\/\/afogadosfm.com.br\/afogadosfm\/wp-json\/wp\/v2\/posts\/69227\/revisions\/69228"}],"wp:featuredmedia":[{"embeddable":true,"href":"https:\/\/afogadosfm.com.br\/afogadosfm\/wp-json\/wp\/v2\/media\/66628"}],"wp:attachment":[{"href":"https:\/\/afogadosfm.com.br\/afogadosfm\/wp-json\/wp\/v2\/media?parent=69227"}],"wp:term":[{"taxonomy":"category","embeddable":true,"href":"https:\/\/afogadosfm.com.br\/afogadosfm\/wp-json\/wp\/v2\/categories?post=69227"},{"taxonomy":"post_tag","embeddable":true,"href":"https:\/\/afogadosfm.com.br\/afogadosfm\/wp-json\/wp\/v2\/tags?post=69227"}],"curies":[{"name":"wp","href":"https:\/\/api.w.org\/{rel}","templated":true}]}}