{"id":69281,"date":"2025-09-24T05:56:00","date_gmt":"2025-09-24T08:56:00","guid":{"rendered":"https:\/\/afogadosfm.com.br\/afogadosfm\/?p=69281"},"modified":"2025-09-24T05:56:01","modified_gmt":"2025-09-24T08:56:01","slug":"pl-que-isenta-ir-ate-r4-5-mil-reais-sera-votada-nesta-quarta-24","status":"publish","type":"post","link":"https:\/\/afogadosfm.com.br\/afogadosfm\/2025\/09\/24\/pl-que-isenta-ir-ate-r4-5-mil-reais-sera-votada-nesta-quarta-24\/","title":{"rendered":"PL que isenta IR at\u00e9 R4 5 mil reais ser\u00e1 votada nesta quarta (24)"},"content":{"rendered":"\n<p>O presidente da C\u00e2mara dos Deputados, Hugo Motta (Republicanos-PB), disse nesta ter\u00e7a-feira (23) que o projeto do governo federal que isenta quem ganha at\u00e9 R$ 5 mil do Imposto de Renda (IR) ser\u00e1 votado na quarta-feira da pr\u00f3xima semana (1\u00ba). O relator, Arthur Lira (PP-AL), apresentou nesta ter\u00e7a-feira o seu parecer durante reuni\u00e3o do col\u00e9gio de l\u00edderes.<\/p>\n\n\n\n<p>&#8220;A C\u00e2mara dos Deputados votar\u00e1 na quarta-feira (1\/10) o projeto de isen\u00e7\u00e3o do imposto de renda (PL 1.087\/25), sob relatoria do deputado Arthur Lira. O parlamentar apresentou hoje seu relat\u00f3rio ao Col\u00e9gio de L\u00edderes. Vamos avan\u00e7ar com equil\u00edbrio e di\u00e1logo, trabalhando em pautas importantes para o Brasil&#8221;, disse Motta em uma rede social.<\/p>\n\n\n\n<p>Mais cedo, Motta j\u00e1 havia sinalizado a possibilidade de pautar a proposta na pr\u00f3xima semana. \u201cVamos ter reuni\u00e3o de l\u00edderes onde o relator da mat\u00e9ria, Arthur Lira, ir\u00e1 apresentar seu relat\u00f3rio no col\u00e9gio de l\u00edderes e, ap\u00f3s essa apresenta\u00e7\u00e3o, devemos j\u00e1 tra\u00e7ar um cronograma de vota\u00e7\u00e3o, para que a C\u00e2mara possa trazer o seu posicionamento sobre esse tema t\u00e3o importante para a sociedade brasileira\u201d, disse.<\/p>\n\n\n\n<p>O texto votado na comiss\u00e3o especial que analisou o tema, em agosto, manteve em 10% a al\u00edquota extra m\u00e1xima a ser cobrada das pessoas que ganham a partir de R$ 1,2 milh\u00e3o por ano.<\/p>\n\n\n\n<p>No projeto, o governo federal prop\u00f5e que a cobran\u00e7a de al\u00edquota extra sobre os mais ricos vai compensar o al\u00edvio de imposto sobre os mais pobres. As al\u00edquotas adicionais progressivas afetar\u00e3o quem ganha mais de R$ 600 mil por ano, atingindo o patamar m\u00e1ximo de 10% para quem ganha mais de R$ 1,2 milh\u00e3o.<\/p>\n\n\n\n<p>Al\u00e9m de confirmar essa al\u00edquota extra, o relator elevou, de R$ 7 mil para R$ 7,35 mil por m\u00eas, a faixa de renda a ser beneficiada com redu\u00e7\u00e3o parcial do IR.<\/p>\n\n\n\n<p>O projeto de lei estende a isen\u00e7\u00e3o de IR para quem ganha at\u00e9 R$ 5 mil mensais e, na vers\u00e3o original, previa redu\u00e7\u00e3o da cobran\u00e7a para quem ganhasse at\u00e9 R$ 7 mil. Com informa\u00e7\u00f5es da Ag\u00eancia Brasil.<\/p>\n","protected":false},"excerpt":{"rendered":"<p>O presidente da C\u00e2mara dos Deputados, Hugo Motta (Republicanos-PB), disse nesta ter\u00e7a-feira (23) que o projeto do governo federal que<\/p>\n","protected":false},"author":2,"featured_media":32756,"comment_status":"open","ping_status":"open","sticky":false,"template":"","format":"standard","meta":{"jetpack_post_was_ever_published":false,"_jetpack_newsletter_access":"","_jetpack_dont_email_post_to_subs":false,"_jetpack_newsletter_tier_id":0,"_jetpack_memberships_contains_paywalled_content":false,"_jetpack_memberships_contains_paid_content":false,"footnotes":"","jetpack_publicize_message":"","jetpack_publicize_feature_enabled":true,"jetpack_social_post_already_shared":true,"jetpack_social_options":{"image_generator_settings":{"template":"highway","default_image_id":0,"font":"","enabled":false},"version":2}},"categories":[35],"tags":[],"class_list":["post-69281","post","type-post","status-publish","format-standard","has-post-thumbnail","hentry","category-politica"],"yoast_head":"<!-- This site is optimized with the Yoast SEO plugin v27.5 - https:\/\/yoast.com\/product\/yoast-seo-wordpress\/ -->\n<title>PL que isenta IR at\u00e9 R4 5 mil reais ser\u00e1 votada nesta quarta (24) - Afogados FM<\/title>\n<meta name=\"robots\" content=\"index, follow, max-snippet:-1, max-image-preview:large, max-video-preview:-1\" \/>\n<link rel=\"canonical\" href=\"https:\/\/afogadosfm.com.br\/afogadosfm\/2025\/09\/24\/pl-que-isenta-ir-ate-r4-5-mil-reais-sera-votada-nesta-quarta-24\/\" \/>\n<meta property=\"og:locale\" content=\"pt_BR\" \/>\n<meta property=\"og:type\" content=\"article\" \/>\n<meta property=\"og:title\" content=\"PL que isenta IR at\u00e9 R4 5 mil reais ser\u00e1 votada nesta quarta (24) - Afogados FM\" \/>\n<meta property=\"og:description\" content=\"O presidente da C\u00e2mara dos Deputados, Hugo Motta (Republicanos-PB), disse nesta ter\u00e7a-feira (23) que o projeto do governo federal que\" \/>\n<meta property=\"og:url\" content=\"https:\/\/afogadosfm.com.br\/afogadosfm\/2025\/09\/24\/pl-que-isenta-ir-ate-r4-5-mil-reais-sera-votada-nesta-quarta-24\/\" \/>\n<meta property=\"og:site_name\" content=\"Afogados FM\" \/>\n<meta property=\"article:published_time\" content=\"2025-09-24T08:56:00+00:00\" \/>\n<meta property=\"article:modified_time\" content=\"2025-09-24T08:56:01+00:00\" \/>\n<meta property=\"og:image\" content=\"https:\/\/afogadosfm.com.br\/afogadosfm\/wp-content\/uploads\/2021\/11\/51353479591_39626c972e_o.jpg\" \/>\n\t<meta property=\"og:image:width\" content=\"390\" \/>\n\t<meta property=\"og:image:height\" content=\"240\" \/>\n\t<meta property=\"og:image:type\" content=\"image\/jpeg\" \/>\n<meta name=\"author\" content=\"afogadosfm\" \/>\n<meta name=\"twitter:card\" content=\"summary_large_image\" \/>\n<meta name=\"twitter:label1\" content=\"Escrito por\" \/>\n\t<meta name=\"twitter:data1\" content=\"afogadosfm\" \/>\n\t<meta name=\"twitter:label2\" content=\"Est. tempo de leitura\" \/>\n\t<meta name=\"twitter:data2\" content=\"3 minutos\" \/>\n<script type=\"application\/ld+json\" class=\"yoast-schema-graph\">{\"@context\":\"https:\\\/\\\/schema.org\",\"@graph\":[{\"@type\":\"Article\",\"@id\":\"https:\\\/\\\/afogadosfm.com.br\\\/afogadosfm\\\/2025\\\/09\\\/24\\\/pl-que-isenta-ir-ate-r4-5-mil-reais-sera-votada-nesta-quarta-24\\\/#article\",\"isPartOf\":{\"@id\":\"https:\\\/\\\/afogadosfm.com.br\\\/afogadosfm\\\/2025\\\/09\\\/24\\\/pl-que-isenta-ir-ate-r4-5-mil-reais-sera-votada-nesta-quarta-24\\\/\"},\"author\":{\"name\":\"afogadosfm\",\"@id\":\"https:\\\/\\\/afogadosfm.com.br\\\/afogadosfm\\\/#\\\/schema\\\/person\\\/60e56f2cf5dc960fc093fe093d9e9057\"},\"headline\":\"PL que isenta IR at\u00e9 R4 5 mil reais ser\u00e1 votada nesta quarta (24)\",\"datePublished\":\"2025-09-24T08:56:00+00:00\",\"dateModified\":\"2025-09-24T08:56:01+00:00\",\"mainEntityOfPage\":{\"@id\":\"https:\\\/\\\/afogadosfm.com.br\\\/afogadosfm\\\/2025\\\/09\\\/24\\\/pl-que-isenta-ir-ate-r4-5-mil-reais-sera-votada-nesta-quarta-24\\\/\"},\"wordCount\":379,\"commentCount\":0,\"publisher\":{\"@id\":\"https:\\\/\\\/afogadosfm.com.br\\\/afogadosfm\\\/#organization\"},\"image\":{\"@id\":\"https:\\\/\\\/afogadosfm.com.br\\\/afogadosfm\\\/2025\\\/09\\\/24\\\/pl-que-isenta-ir-ate-r4-5-mil-reais-sera-votada-nesta-quarta-24\\\/#primaryimage\"},\"thumbnailUrl\":\"https:\\\/\\\/i0.wp.com\\\/afogadosfm.com.br\\\/afogadosfm\\\/wp-content\\\/uploads\\\/2021\\\/11\\\/51353479591_39626c972e_o.jpg?fit=390%2C240&ssl=1\",\"articleSection\":[\"Pol\u00edtica\"],\"inLanguage\":\"pt-BR\",\"potentialAction\":[{\"@type\":\"CommentAction\",\"name\":\"Comment\",\"target\":[\"https:\\\/\\\/afogadosfm.com.br\\\/afogadosfm\\\/2025\\\/09\\\/24\\\/pl-que-isenta-ir-ate-r4-5-mil-reais-sera-votada-nesta-quarta-24\\\/#respond\"]}]},{\"@type\":\"WebPage\",\"@id\":\"https:\\\/\\\/afogadosfm.com.br\\\/afogadosfm\\\/2025\\\/09\\\/24\\\/pl-que-isenta-ir-ate-r4-5-mil-reais-sera-votada-nesta-quarta-24\\\/\",\"url\":\"https:\\\/\\\/afogadosfm.com.br\\\/afogadosfm\\\/2025\\\/09\\\/24\\\/pl-que-isenta-ir-ate-r4-5-mil-reais-sera-votada-nesta-quarta-24\\\/\",\"name\":\"PL que isenta IR at\u00e9 R4 5 mil reais ser\u00e1 votada nesta quarta (24) - Afogados FM\",\"isPartOf\":{\"@id\":\"https:\\\/\\\/afogadosfm.com.br\\\/afogadosfm\\\/#website\"},\"primaryImageOfPage\":{\"@id\":\"https:\\\/\\\/afogadosfm.com.br\\\/afogadosfm\\\/2025\\\/09\\\/24\\\/pl-que-isenta-ir-ate-r4-5-mil-reais-sera-votada-nesta-quarta-24\\\/#primaryimage\"},\"image\":{\"@id\":\"https:\\\/\\\/afogadosfm.com.br\\\/afogadosfm\\\/2025\\\/09\\\/24\\\/pl-que-isenta-ir-ate-r4-5-mil-reais-sera-votada-nesta-quarta-24\\\/#primaryimage\"},\"thumbnailUrl\":\"https:\\\/\\\/i0.wp.com\\\/afogadosfm.com.br\\\/afogadosfm\\\/wp-content\\\/uploads\\\/2021\\\/11\\\/51353479591_39626c972e_o.jpg?fit=390%2C240&ssl=1\",\"datePublished\":\"2025-09-24T08:56:00+00:00\",\"dateModified\":\"2025-09-24T08:56:01+00:00\",\"breadcrumb\":{\"@id\":\"https:\\\/\\\/afogadosfm.com.br\\\/afogadosfm\\\/2025\\\/09\\\/24\\\/pl-que-isenta-ir-ate-r4-5-mil-reais-sera-votada-nesta-quarta-24\\\/#breadcrumb\"},\"inLanguage\":\"pt-BR\",\"potentialAction\":[{\"@type\":\"ReadAction\",\"target\":[\"https:\\\/\\\/afogadosfm.com.br\\\/afogadosfm\\\/2025\\\/09\\\/24\\\/pl-que-isenta-ir-ate-r4-5-mil-reais-sera-votada-nesta-quarta-24\\\/\"]}]},{\"@type\":\"ImageObject\",\"inLanguage\":\"pt-BR\",\"@id\":\"https:\\\/\\\/afogadosfm.com.br\\\/afogadosfm\\\/2025\\\/09\\\/24\\\/pl-que-isenta-ir-ate-r4-5-mil-reais-sera-votada-nesta-quarta-24\\\/#primaryimage\",\"url\":\"https:\\\/\\\/i0.wp.com\\\/afogadosfm.com.br\\\/afogadosfm\\\/wp-content\\\/uploads\\\/2021\\\/11\\\/51353479591_39626c972e_o.jpg?fit=390%2C240&ssl=1\",\"contentUrl\":\"https:\\\/\\\/i0.wp.com\\\/afogadosfm.com.br\\\/afogadosfm\\\/wp-content\\\/uploads\\\/2021\\\/11\\\/51353479591_39626c972e_o.jpg?fit=390%2C240&ssl=1\",\"width\":390,\"height\":240,\"caption\":\"O Congresso Nacional est\u00e1 iluminado com a cor laranja em apoio \u00e0 Semana Mundial de Amamenta\u00e7\u00e3o e ao M\u00eas do Aleitamento Materno, institu\u00eddo no Brasil pela Lei 13.435\\\/2.017. A solicita\u00e7\u00e3o partiu do Minist\u00e9rio da Sa\u00fade e o tema da campanha deste ano \u00e9 \u201cProteger a amamenta\u00e7\u00e3o: uma responsabilidade compartilhada\u201d. Segundo o minist\u00e9rio, o m\u00eas da campanha \u00e9 conhecido como \u201cAgosto Dourado\u201d, porque a cor dourada est\u00e1 relacionada ao padr\u00e3o ouro de qualidade do leite materno. A ilumina\u00e7\u00e3o ficar\u00e1 at\u00e9 o dia 7 deste m\u00eas. Foto: Waldemir Barreto\\\/Ag\u00eancia Senado\"},{\"@type\":\"BreadcrumbList\",\"@id\":\"https:\\\/\\\/afogadosfm.com.br\\\/afogadosfm\\\/2025\\\/09\\\/24\\\/pl-que-isenta-ir-ate-r4-5-mil-reais-sera-votada-nesta-quarta-24\\\/#breadcrumb\",\"itemListElement\":[{\"@type\":\"ListItem\",\"position\":1,\"name\":\"In\u00edcio\",\"item\":\"https:\\\/\\\/afogadosfm.com.br\\\/afogadosfm\\\/\"},{\"@type\":\"ListItem\",\"position\":2,\"name\":\"PL que isenta IR at\u00e9 R4 5 mil reais ser\u00e1 votada nesta quarta (24)\"}]},{\"@type\":\"WebSite\",\"@id\":\"https:\\\/\\\/afogadosfm.com.br\\\/afogadosfm\\\/#website\",\"url\":\"https:\\\/\\\/afogadosfm.com.br\\\/afogadosfm\\\/\",\"name\":\"Afogados FM\",\"description\":\"Um site completo!\",\"publisher\":{\"@id\":\"https:\\\/\\\/afogadosfm.com.br\\\/afogadosfm\\\/#organization\"},\"potentialAction\":[{\"@type\":\"SearchAction\",\"target\":{\"@type\":\"EntryPoint\",\"urlTemplate\":\"https:\\\/\\\/afogadosfm.com.br\\\/afogadosfm\\\/?s={search_term_string}\"},\"query-input\":{\"@type\":\"PropertyValueSpecification\",\"valueRequired\":true,\"valueName\":\"search_term_string\"}}],\"inLanguage\":\"pt-BR\"},{\"@type\":\"Organization\",\"@id\":\"https:\\\/\\\/afogadosfm.com.br\\\/afogadosfm\\\/#organization\",\"name\":\"Afogados FM\",\"url\":\"https:\\\/\\\/afogadosfm.com.br\\\/afogadosfm\\\/\",\"logo\":{\"@type\":\"ImageObject\",\"inLanguage\":\"pt-BR\",\"@id\":\"https:\\\/\\\/afogadosfm.com.br\\\/afogadosfm\\\/#\\\/schema\\\/logo\\\/image\\\/\",\"url\":\"https:\\\/\\\/i0.wp.com\\\/afogadosfm.com.br\\\/afogadosfm\\\/wp-content\\\/uploads\\\/2020\\\/06\\\/cropped-banner-afogados-4.jpg?fit=369%2C137&ssl=1\",\"contentUrl\":\"https:\\\/\\\/i0.wp.com\\\/afogadosfm.com.br\\\/afogadosfm\\\/wp-content\\\/uploads\\\/2020\\\/06\\\/cropped-banner-afogados-4.jpg?fit=369%2C137&ssl=1\",\"width\":369,\"height\":137,\"caption\":\"Afogados FM\"},\"image\":{\"@id\":\"https:\\\/\\\/afogadosfm.com.br\\\/afogadosfm\\\/#\\\/schema\\\/logo\\\/image\\\/\"}},{\"@type\":\"Person\",\"@id\":\"https:\\\/\\\/afogadosfm.com.br\\\/afogadosfm\\\/#\\\/schema\\\/person\\\/60e56f2cf5dc960fc093fe093d9e9057\",\"name\":\"afogadosfm\",\"image\":{\"@type\":\"ImageObject\",\"inLanguage\":\"pt-BR\",\"@id\":\"https:\\\/\\\/secure.gravatar.com\\\/avatar\\\/e0359add7ed5dc3560906d861b52c6a8cf5c1e199d3a7dd85070998f49bd4701?s=96&d=mm&r=g\",\"url\":\"https:\\\/\\\/secure.gravatar.com\\\/avatar\\\/e0359add7ed5dc3560906d861b52c6a8cf5c1e199d3a7dd85070998f49bd4701?s=96&d=mm&r=g\",\"contentUrl\":\"https:\\\/\\\/secure.gravatar.com\\\/avatar\\\/e0359add7ed5dc3560906d861b52c6a8cf5c1e199d3a7dd85070998f49bd4701?s=96&d=mm&r=g\",\"caption\":\"afogadosfm\"},\"url\":\"https:\\\/\\\/afogadosfm.com.br\\\/afogadosfm\\\/author\\\/afogadosfm\\\/\"}]}<\/script>\n<!-- \/ Yoast SEO plugin. -->","yoast_head_json":{"title":"PL que isenta IR at\u00e9 R4 5 mil reais ser\u00e1 votada nesta quarta (24) - Afogados FM","robots":{"index":"index","follow":"follow","max-snippet":"max-snippet:-1","max-image-preview":"max-image-preview:large","max-video-preview":"max-video-preview:-1"},"canonical":"https:\/\/afogadosfm.com.br\/afogadosfm\/2025\/09\/24\/pl-que-isenta-ir-ate-r4-5-mil-reais-sera-votada-nesta-quarta-24\/","og_locale":"pt_BR","og_type":"article","og_title":"PL que isenta IR at\u00e9 R4 5 mil reais ser\u00e1 votada nesta quarta (24) - Afogados FM","og_description":"O presidente da C\u00e2mara dos Deputados, Hugo Motta (Republicanos-PB), disse nesta ter\u00e7a-feira (23) que o projeto do governo federal que","og_url":"https:\/\/afogadosfm.com.br\/afogadosfm\/2025\/09\/24\/pl-que-isenta-ir-ate-r4-5-mil-reais-sera-votada-nesta-quarta-24\/","og_site_name":"Afogados FM","article_published_time":"2025-09-24T08:56:00+00:00","article_modified_time":"2025-09-24T08:56:01+00:00","og_image":[{"width":390,"height":240,"url":"https:\/\/afogadosfm.com.br\/afogadosfm\/wp-content\/uploads\/2021\/11\/51353479591_39626c972e_o.jpg","type":"image\/jpeg"}],"author":"afogadosfm","twitter_card":"summary_large_image","twitter_misc":{"Escrito por":"afogadosfm","Est. tempo de leitura":"3 minutos"},"schema":{"@context":"https:\/\/schema.org","@graph":[{"@type":"Article","@id":"https:\/\/afogadosfm.com.br\/afogadosfm\/2025\/09\/24\/pl-que-isenta-ir-ate-r4-5-mil-reais-sera-votada-nesta-quarta-24\/#article","isPartOf":{"@id":"https:\/\/afogadosfm.com.br\/afogadosfm\/2025\/09\/24\/pl-que-isenta-ir-ate-r4-5-mil-reais-sera-votada-nesta-quarta-24\/"},"author":{"name":"afogadosfm","@id":"https:\/\/afogadosfm.com.br\/afogadosfm\/#\/schema\/person\/60e56f2cf5dc960fc093fe093d9e9057"},"headline":"PL que isenta IR at\u00e9 R4 5 mil reais ser\u00e1 votada nesta quarta (24)","datePublished":"2025-09-24T08:56:00+00:00","dateModified":"2025-09-24T08:56:01+00:00","mainEntityOfPage":{"@id":"https:\/\/afogadosfm.com.br\/afogadosfm\/2025\/09\/24\/pl-que-isenta-ir-ate-r4-5-mil-reais-sera-votada-nesta-quarta-24\/"},"wordCount":379,"commentCount":0,"publisher":{"@id":"https:\/\/afogadosfm.com.br\/afogadosfm\/#organization"},"image":{"@id":"https:\/\/afogadosfm.com.br\/afogadosfm\/2025\/09\/24\/pl-que-isenta-ir-ate-r4-5-mil-reais-sera-votada-nesta-quarta-24\/#primaryimage"},"thumbnailUrl":"https:\/\/i0.wp.com\/afogadosfm.com.br\/afogadosfm\/wp-content\/uploads\/2021\/11\/51353479591_39626c972e_o.jpg?fit=390%2C240&ssl=1","articleSection":["Pol\u00edtica"],"inLanguage":"pt-BR","potentialAction":[{"@type":"CommentAction","name":"Comment","target":["https:\/\/afogadosfm.com.br\/afogadosfm\/2025\/09\/24\/pl-que-isenta-ir-ate-r4-5-mil-reais-sera-votada-nesta-quarta-24\/#respond"]}]},{"@type":"WebPage","@id":"https:\/\/afogadosfm.com.br\/afogadosfm\/2025\/09\/24\/pl-que-isenta-ir-ate-r4-5-mil-reais-sera-votada-nesta-quarta-24\/","url":"https:\/\/afogadosfm.com.br\/afogadosfm\/2025\/09\/24\/pl-que-isenta-ir-ate-r4-5-mil-reais-sera-votada-nesta-quarta-24\/","name":"PL que isenta IR at\u00e9 R4 5 mil reais ser\u00e1 votada nesta quarta (24) - Afogados FM","isPartOf":{"@id":"https:\/\/afogadosfm.com.br\/afogadosfm\/#website"},"primaryImageOfPage":{"@id":"https:\/\/afogadosfm.com.br\/afogadosfm\/2025\/09\/24\/pl-que-isenta-ir-ate-r4-5-mil-reais-sera-votada-nesta-quarta-24\/#primaryimage"},"image":{"@id":"https:\/\/afogadosfm.com.br\/afogadosfm\/2025\/09\/24\/pl-que-isenta-ir-ate-r4-5-mil-reais-sera-votada-nesta-quarta-24\/#primaryimage"},"thumbnailUrl":"https:\/\/i0.wp.com\/afogadosfm.com.br\/afogadosfm\/wp-content\/uploads\/2021\/11\/51353479591_39626c972e_o.jpg?fit=390%2C240&ssl=1","datePublished":"2025-09-24T08:56:00+00:00","dateModified":"2025-09-24T08:56:01+00:00","breadcrumb":{"@id":"https:\/\/afogadosfm.com.br\/afogadosfm\/2025\/09\/24\/pl-que-isenta-ir-ate-r4-5-mil-reais-sera-votada-nesta-quarta-24\/#breadcrumb"},"inLanguage":"pt-BR","potentialAction":[{"@type":"ReadAction","target":["https:\/\/afogadosfm.com.br\/afogadosfm\/2025\/09\/24\/pl-que-isenta-ir-ate-r4-5-mil-reais-sera-votada-nesta-quarta-24\/"]}]},{"@type":"ImageObject","inLanguage":"pt-BR","@id":"https:\/\/afogadosfm.com.br\/afogadosfm\/2025\/09\/24\/pl-que-isenta-ir-ate-r4-5-mil-reais-sera-votada-nesta-quarta-24\/#primaryimage","url":"https:\/\/i0.wp.com\/afogadosfm.com.br\/afogadosfm\/wp-content\/uploads\/2021\/11\/51353479591_39626c972e_o.jpg?fit=390%2C240&ssl=1","contentUrl":"https:\/\/i0.wp.com\/afogadosfm.com.br\/afogadosfm\/wp-content\/uploads\/2021\/11\/51353479591_39626c972e_o.jpg?fit=390%2C240&ssl=1","width":390,"height":240,"caption":"O Congresso Nacional est\u00e1 iluminado com a cor laranja em apoio \u00e0 Semana Mundial de Amamenta\u00e7\u00e3o e ao M\u00eas do Aleitamento Materno, institu\u00eddo no Brasil pela Lei 13.435\/2.017. A solicita\u00e7\u00e3o partiu do Minist\u00e9rio da Sa\u00fade e o tema da campanha deste ano \u00e9 \u201cProteger a amamenta\u00e7\u00e3o: uma responsabilidade compartilhada\u201d. Segundo o minist\u00e9rio, o m\u00eas da campanha \u00e9 conhecido como \u201cAgosto Dourado\u201d, porque a cor dourada est\u00e1 relacionada ao padr\u00e3o ouro de qualidade do leite materno. A ilumina\u00e7\u00e3o ficar\u00e1 at\u00e9 o dia 7 deste m\u00eas. Foto: Waldemir Barreto\/Ag\u00eancia Senado"},{"@type":"BreadcrumbList","@id":"https:\/\/afogadosfm.com.br\/afogadosfm\/2025\/09\/24\/pl-que-isenta-ir-ate-r4-5-mil-reais-sera-votada-nesta-quarta-24\/#breadcrumb","itemListElement":[{"@type":"ListItem","position":1,"name":"In\u00edcio","item":"https:\/\/afogadosfm.com.br\/afogadosfm\/"},{"@type":"ListItem","position":2,"name":"PL que isenta IR at\u00e9 R4 5 mil reais ser\u00e1 votada nesta quarta (24)"}]},{"@type":"WebSite","@id":"https:\/\/afogadosfm.com.br\/afogadosfm\/#website","url":"https:\/\/afogadosfm.com.br\/afogadosfm\/","name":"Afogados FM","description":"Um site completo!","publisher":{"@id":"https:\/\/afogadosfm.com.br\/afogadosfm\/#organization"},"potentialAction":[{"@type":"SearchAction","target":{"@type":"EntryPoint","urlTemplate":"https:\/\/afogadosfm.com.br\/afogadosfm\/?s={search_term_string}"},"query-input":{"@type":"PropertyValueSpecification","valueRequired":true,"valueName":"search_term_string"}}],"inLanguage":"pt-BR"},{"@type":"Organization","@id":"https:\/\/afogadosfm.com.br\/afogadosfm\/#organization","name":"Afogados FM","url":"https:\/\/afogadosfm.com.br\/afogadosfm\/","logo":{"@type":"ImageObject","inLanguage":"pt-BR","@id":"https:\/\/afogadosfm.com.br\/afogadosfm\/#\/schema\/logo\/image\/","url":"https:\/\/i0.wp.com\/afogadosfm.com.br\/afogadosfm\/wp-content\/uploads\/2020\/06\/cropped-banner-afogados-4.jpg?fit=369%2C137&ssl=1","contentUrl":"https:\/\/i0.wp.com\/afogadosfm.com.br\/afogadosfm\/wp-content\/uploads\/2020\/06\/cropped-banner-afogados-4.jpg?fit=369%2C137&ssl=1","width":369,"height":137,"caption":"Afogados FM"},"image":{"@id":"https:\/\/afogadosfm.com.br\/afogadosfm\/#\/schema\/logo\/image\/"}},{"@type":"Person","@id":"https:\/\/afogadosfm.com.br\/afogadosfm\/#\/schema\/person\/60e56f2cf5dc960fc093fe093d9e9057","name":"afogadosfm","image":{"@type":"ImageObject","inLanguage":"pt-BR","@id":"https:\/\/secure.gravatar.com\/avatar\/e0359add7ed5dc3560906d861b52c6a8cf5c1e199d3a7dd85070998f49bd4701?s=96&d=mm&r=g","url":"https:\/\/secure.gravatar.com\/avatar\/e0359add7ed5dc3560906d861b52c6a8cf5c1e199d3a7dd85070998f49bd4701?s=96&d=mm&r=g","contentUrl":"https:\/\/secure.gravatar.com\/avatar\/e0359add7ed5dc3560906d861b52c6a8cf5c1e199d3a7dd85070998f49bd4701?s=96&d=mm&r=g","caption":"afogadosfm"},"url":"https:\/\/afogadosfm.com.br\/afogadosfm\/author\/afogadosfm\/"}]}},"jetpack_publicize_connections":[],"jetpack_featured_media_url":"https:\/\/i0.wp.com\/afogadosfm.com.br\/afogadosfm\/wp-content\/uploads\/2021\/11\/51353479591_39626c972e_o.jpg?fit=390%2C240&ssl=1","jetpack-related-posts":[],"jetpack_sharing_enabled":true,"jetpack_likes_enabled":true,"_links":{"self":[{"href":"https:\/\/afogadosfm.com.br\/afogadosfm\/wp-json\/wp\/v2\/posts\/69281","targetHints":{"allow":["GET"]}}],"collection":[{"href":"https:\/\/afogadosfm.com.br\/afogadosfm\/wp-json\/wp\/v2\/posts"}],"about":[{"href":"https:\/\/afogadosfm.com.br\/afogadosfm\/wp-json\/wp\/v2\/types\/post"}],"author":[{"embeddable":true,"href":"https:\/\/afogadosfm.com.br\/afogadosfm\/wp-json\/wp\/v2\/users\/2"}],"replies":[{"embeddable":true,"href":"https:\/\/afogadosfm.com.br\/afogadosfm\/wp-json\/wp\/v2\/comments?post=69281"}],"version-history":[{"count":1,"href":"https:\/\/afogadosfm.com.br\/afogadosfm\/wp-json\/wp\/v2\/posts\/69281\/revisions"}],"predecessor-version":[{"id":69282,"href":"https:\/\/afogadosfm.com.br\/afogadosfm\/wp-json\/wp\/v2\/posts\/69281\/revisions\/69282"}],"wp:featuredmedia":[{"embeddable":true,"href":"https:\/\/afogadosfm.com.br\/afogadosfm\/wp-json\/wp\/v2\/media\/32756"}],"wp:attachment":[{"href":"https:\/\/afogadosfm.com.br\/afogadosfm\/wp-json\/wp\/v2\/media?parent=69281"}],"wp:term":[{"taxonomy":"category","embeddable":true,"href":"https:\/\/afogadosfm.com.br\/afogadosfm\/wp-json\/wp\/v2\/categories?post=69281"},{"taxonomy":"post_tag","embeddable":true,"href":"https:\/\/afogadosfm.com.br\/afogadosfm\/wp-json\/wp\/v2\/tags?post=69281"}],"curies":[{"name":"wp","href":"https:\/\/api.w.org\/{rel}","templated":true}]}}