{"id":69292,"date":"2025-09-25T05:44:06","date_gmt":"2025-09-25T08:44:06","guid":{"rendered":"https:\/\/afogadosfm.com.br\/afogadosfm\/?p=69292"},"modified":"2025-09-25T05:44:07","modified_gmt":"2025-09-25T08:44:07","slug":"prefeito-de-iguaracy-discute-fortalecimento-da-saude-publica-em-reuniao-com-a-secretaria-estadual-zilda-do-rego","status":"publish","type":"post","link":"https:\/\/afogadosfm.com.br\/afogadosfm\/2025\/09\/25\/prefeito-de-iguaracy-discute-fortalecimento-da-saude-publica-em-reuniao-com-a-secretaria-estadual-zilda-do-rego\/","title":{"rendered":"Prefeito de Iguaracy discute fortalecimento da sa\u00fade p\u00fablica em reuni\u00e3o com a secretaria estadual Zilda do Rego"},"content":{"rendered":"\n<p>O prefeito Dr. Pedro Alves, de Iguaracy, participou nesta quarta-feira (24), de uma reuni\u00e3o com a secret\u00e1ria de Sa\u00fade de Pernambuco, Zilda do Rego, com o objetivo de alinhar diretrizes para o fortalecimento das pol\u00edticas p\u00fablicas de sa\u00fade no munic\u00edpio de Iguaracy.<\/p>\n\n\n\n<p>A agenda, realizada na sede da Secretaria de Sa\u00fade, abordou a avalia\u00e7\u00e3o de projetos em andamento no munic\u00edpio. O prefeito esteve acompanhado do secret\u00e1rio-executivo de Gest\u00e3o Estrat\u00e9gica, Dr. Anderson Oliveira, que destacou a import\u00e2ncia da integra\u00e7\u00e3o entre as diversas \u00e1reas da sa\u00fade para garantir mais efici\u00eancia nos servi\u00e7os.<\/p>\n\n\n\n<p>Tamb\u00e9m estiveram presentes Gabriela Santana, diretora-geral de Rela\u00e7\u00f5es Institucionais e natural de Iguaracy, e Rinaldo Albuquerque, assessor do deputado estadual licenciado e secret\u00e1rio de Turismo e Lazer de Pernambuco, Kaio Mani\u00e7oba.<\/p>\n\n\n\n<p>Durante o encontro, Dr. Pedro Alves reafirmou seu compromisso com o bem-estar da popula\u00e7\u00e3o e a melhoria cont\u00ednua dos servi\u00e7os p\u00fablicos de sa\u00fade.<\/p>\n\n\n\n<p>\u201cEstamos trabalhando com foco em resultados reais para a popula\u00e7\u00e3o. Unir for\u00e7as com o Governo do Estado \u00e9 essencial para transformar a sa\u00fade p\u00fablica e melhorar a qualidade de vida do nosso povo\u201d, afirmou.<\/p>\n\n\n\n<p>A visita integra uma s\u00e9rie de compromissos administrativos voltados ao planejamento estrat\u00e9gico da sa\u00fade em Iguaracy.<\/p>\n","protected":false},"excerpt":{"rendered":"<p>O prefeito Dr. Pedro Alves, de Iguaracy, participou nesta quarta-feira (24), de uma reuni\u00e3o com a secret\u00e1ria de Sa\u00fade de<\/p>\n","protected":false},"author":2,"featured_media":69293,"comment_status":"open","ping_status":"open","sticky":false,"template":"","format":"standard","meta":{"jetpack_post_was_ever_published":false,"_jetpack_newsletter_access":"","_jetpack_dont_email_post_to_subs":false,"_jetpack_newsletter_tier_id":0,"_jetpack_memberships_contains_paywalled_content":false,"_jetpack_memberships_contains_paid_content":false,"footnotes":"","jetpack_publicize_message":"","jetpack_publicize_feature_enabled":true,"jetpack_social_post_already_shared":true,"jetpack_social_options":{"image_generator_settings":{"template":"highway","default_image_id":0,"font":"","enabled":false},"version":2}},"categories":[32],"tags":[],"class_list":["post-69292","post","type-post","status-publish","format-standard","has-post-thumbnail","hentry","category-sertao"],"yoast_head":"<!-- This site is optimized with the Yoast SEO plugin v27.5 - https:\/\/yoast.com\/product\/yoast-seo-wordpress\/ -->\n<title>Prefeito de Iguaracy discute fortalecimento da sa\u00fade p\u00fablica em reuni\u00e3o com a secretaria estadual Zilda do Rego - Afogados FM<\/title>\n<meta name=\"robots\" content=\"index, follow, max-snippet:-1, max-image-preview:large, max-video-preview:-1\" \/>\n<link rel=\"canonical\" href=\"https:\/\/afogadosfm.com.br\/afogadosfm\/2025\/09\/25\/prefeito-de-iguaracy-discute-fortalecimento-da-saude-publica-em-reuniao-com-a-secretaria-estadual-zilda-do-rego\/\" \/>\n<meta property=\"og:locale\" content=\"pt_BR\" \/>\n<meta property=\"og:type\" content=\"article\" \/>\n<meta property=\"og:title\" content=\"Prefeito de Iguaracy discute fortalecimento da sa\u00fade p\u00fablica em reuni\u00e3o com a secretaria estadual Zilda do Rego - Afogados FM\" \/>\n<meta property=\"og:description\" content=\"O prefeito Dr. Pedro Alves, de Iguaracy, participou nesta quarta-feira (24), de uma reuni\u00e3o com a secret\u00e1ria de Sa\u00fade de\" \/>\n<meta property=\"og:url\" content=\"https:\/\/afogadosfm.com.br\/afogadosfm\/2025\/09\/25\/prefeito-de-iguaracy-discute-fortalecimento-da-saude-publica-em-reuniao-com-a-secretaria-estadual-zilda-do-rego\/\" \/>\n<meta property=\"og:site_name\" content=\"Afogados FM\" \/>\n<meta property=\"article:published_time\" content=\"2025-09-25T08:44:06+00:00\" \/>\n<meta property=\"article:modified_time\" content=\"2025-09-25T08:44:07+00:00\" \/>\n<meta property=\"og:image\" content=\"https:\/\/afogadosfm.com.br\/afogadosfm\/wp-content\/uploads\/2025\/09\/aa-147-768x538-1.jpg\" \/>\n\t<meta property=\"og:image:width\" content=\"768\" \/>\n\t<meta property=\"og:image:height\" content=\"538\" \/>\n\t<meta property=\"og:image:type\" content=\"image\/jpeg\" \/>\n<meta name=\"author\" content=\"afogadosfm\" \/>\n<meta name=\"twitter:card\" content=\"summary_large_image\" \/>\n<meta name=\"twitter:label1\" content=\"Escrito por\" \/>\n\t<meta name=\"twitter:data1\" content=\"afogadosfm\" \/>\n\t<meta name=\"twitter:label2\" content=\"Est. tempo de leitura\" \/>\n\t<meta name=\"twitter:data2\" content=\"2 minutos\" \/>\n<script type=\"application\/ld+json\" class=\"yoast-schema-graph\">{\"@context\":\"https:\\\/\\\/schema.org\",\"@graph\":[{\"@type\":\"Article\",\"@id\":\"https:\\\/\\\/afogadosfm.com.br\\\/afogadosfm\\\/2025\\\/09\\\/25\\\/prefeito-de-iguaracy-discute-fortalecimento-da-saude-publica-em-reuniao-com-a-secretaria-estadual-zilda-do-rego\\\/#article\",\"isPartOf\":{\"@id\":\"https:\\\/\\\/afogadosfm.com.br\\\/afogadosfm\\\/2025\\\/09\\\/25\\\/prefeito-de-iguaracy-discute-fortalecimento-da-saude-publica-em-reuniao-com-a-secretaria-estadual-zilda-do-rego\\\/\"},\"author\":{\"name\":\"afogadosfm\",\"@id\":\"https:\\\/\\\/afogadosfm.com.br\\\/afogadosfm\\\/#\\\/schema\\\/person\\\/60e56f2cf5dc960fc093fe093d9e9057\"},\"headline\":\"Prefeito de Iguaracy discute fortalecimento da sa\u00fade p\u00fablica em reuni\u00e3o com a secretaria estadual Zilda do Rego\",\"datePublished\":\"2025-09-25T08:44:06+00:00\",\"dateModified\":\"2025-09-25T08:44:07+00:00\",\"mainEntityOfPage\":{\"@id\":\"https:\\\/\\\/afogadosfm.com.br\\\/afogadosfm\\\/2025\\\/09\\\/25\\\/prefeito-de-iguaracy-discute-fortalecimento-da-saude-publica-em-reuniao-com-a-secretaria-estadual-zilda-do-rego\\\/\"},\"wordCount\":246,\"commentCount\":0,\"publisher\":{\"@id\":\"https:\\\/\\\/afogadosfm.com.br\\\/afogadosfm\\\/#organization\"},\"image\":{\"@id\":\"https:\\\/\\\/afogadosfm.com.br\\\/afogadosfm\\\/2025\\\/09\\\/25\\\/prefeito-de-iguaracy-discute-fortalecimento-da-saude-publica-em-reuniao-com-a-secretaria-estadual-zilda-do-rego\\\/#primaryimage\"},\"thumbnailUrl\":\"https:\\\/\\\/i0.wp.com\\\/afogadosfm.com.br\\\/afogadosfm\\\/wp-content\\\/uploads\\\/2025\\\/09\\\/aa-147-768x538-1.jpg?fit=768%2C538&ssl=1\",\"articleSection\":[\"Sert\u00e3o\"],\"inLanguage\":\"pt-BR\",\"potentialAction\":[{\"@type\":\"CommentAction\",\"name\":\"Comment\",\"target\":[\"https:\\\/\\\/afogadosfm.com.br\\\/afogadosfm\\\/2025\\\/09\\\/25\\\/prefeito-de-iguaracy-discute-fortalecimento-da-saude-publica-em-reuniao-com-a-secretaria-estadual-zilda-do-rego\\\/#respond\"]}]},{\"@type\":\"WebPage\",\"@id\":\"https:\\\/\\\/afogadosfm.com.br\\\/afogadosfm\\\/2025\\\/09\\\/25\\\/prefeito-de-iguaracy-discute-fortalecimento-da-saude-publica-em-reuniao-com-a-secretaria-estadual-zilda-do-rego\\\/\",\"url\":\"https:\\\/\\\/afogadosfm.com.br\\\/afogadosfm\\\/2025\\\/09\\\/25\\\/prefeito-de-iguaracy-discute-fortalecimento-da-saude-publica-em-reuniao-com-a-secretaria-estadual-zilda-do-rego\\\/\",\"name\":\"Prefeito de Iguaracy discute fortalecimento da sa\u00fade p\u00fablica em reuni\u00e3o com a secretaria estadual Zilda do Rego - Afogados FM\",\"isPartOf\":{\"@id\":\"https:\\\/\\\/afogadosfm.com.br\\\/afogadosfm\\\/#website\"},\"primaryImageOfPage\":{\"@id\":\"https:\\\/\\\/afogadosfm.com.br\\\/afogadosfm\\\/2025\\\/09\\\/25\\\/prefeito-de-iguaracy-discute-fortalecimento-da-saude-publica-em-reuniao-com-a-secretaria-estadual-zilda-do-rego\\\/#primaryimage\"},\"image\":{\"@id\":\"https:\\\/\\\/afogadosfm.com.br\\\/afogadosfm\\\/2025\\\/09\\\/25\\\/prefeito-de-iguaracy-discute-fortalecimento-da-saude-publica-em-reuniao-com-a-secretaria-estadual-zilda-do-rego\\\/#primaryimage\"},\"thumbnailUrl\":\"https:\\\/\\\/i0.wp.com\\\/afogadosfm.com.br\\\/afogadosfm\\\/wp-content\\\/uploads\\\/2025\\\/09\\\/aa-147-768x538-1.jpg?fit=768%2C538&ssl=1\",\"datePublished\":\"2025-09-25T08:44:06+00:00\",\"dateModified\":\"2025-09-25T08:44:07+00:00\",\"breadcrumb\":{\"@id\":\"https:\\\/\\\/afogadosfm.com.br\\\/afogadosfm\\\/2025\\\/09\\\/25\\\/prefeito-de-iguaracy-discute-fortalecimento-da-saude-publica-em-reuniao-com-a-secretaria-estadual-zilda-do-rego\\\/#breadcrumb\"},\"inLanguage\":\"pt-BR\",\"potentialAction\":[{\"@type\":\"ReadAction\",\"target\":[\"https:\\\/\\\/afogadosfm.com.br\\\/afogadosfm\\\/2025\\\/09\\\/25\\\/prefeito-de-iguaracy-discute-fortalecimento-da-saude-publica-em-reuniao-com-a-secretaria-estadual-zilda-do-rego\\\/\"]}]},{\"@type\":\"ImageObject\",\"inLanguage\":\"pt-BR\",\"@id\":\"https:\\\/\\\/afogadosfm.com.br\\\/afogadosfm\\\/2025\\\/09\\\/25\\\/prefeito-de-iguaracy-discute-fortalecimento-da-saude-publica-em-reuniao-com-a-secretaria-estadual-zilda-do-rego\\\/#primaryimage\",\"url\":\"https:\\\/\\\/i0.wp.com\\\/afogadosfm.com.br\\\/afogadosfm\\\/wp-content\\\/uploads\\\/2025\\\/09\\\/aa-147-768x538-1.jpg?fit=768%2C538&ssl=1\",\"contentUrl\":\"https:\\\/\\\/i0.wp.com\\\/afogadosfm.com.br\\\/afogadosfm\\\/wp-content\\\/uploads\\\/2025\\\/09\\\/aa-147-768x538-1.jpg?fit=768%2C538&ssl=1\",\"width\":768,\"height\":538},{\"@type\":\"BreadcrumbList\",\"@id\":\"https:\\\/\\\/afogadosfm.com.br\\\/afogadosfm\\\/2025\\\/09\\\/25\\\/prefeito-de-iguaracy-discute-fortalecimento-da-saude-publica-em-reuniao-com-a-secretaria-estadual-zilda-do-rego\\\/#breadcrumb\",\"itemListElement\":[{\"@type\":\"ListItem\",\"position\":1,\"name\":\"In\u00edcio\",\"item\":\"https:\\\/\\\/afogadosfm.com.br\\\/afogadosfm\\\/\"},{\"@type\":\"ListItem\",\"position\":2,\"name\":\"Prefeito de Iguaracy discute fortalecimento da sa\u00fade p\u00fablica em reuni\u00e3o com a secretaria estadual Zilda do Rego\"}]},{\"@type\":\"WebSite\",\"@id\":\"https:\\\/\\\/afogadosfm.com.br\\\/afogadosfm\\\/#website\",\"url\":\"https:\\\/\\\/afogadosfm.com.br\\\/afogadosfm\\\/\",\"name\":\"Afogados FM\",\"description\":\"Um site completo!\",\"publisher\":{\"@id\":\"https:\\\/\\\/afogadosfm.com.br\\\/afogadosfm\\\/#organization\"},\"potentialAction\":[{\"@type\":\"SearchAction\",\"target\":{\"@type\":\"EntryPoint\",\"urlTemplate\":\"https:\\\/\\\/afogadosfm.com.br\\\/afogadosfm\\\/?s={search_term_string}\"},\"query-input\":{\"@type\":\"PropertyValueSpecification\",\"valueRequired\":true,\"valueName\":\"search_term_string\"}}],\"inLanguage\":\"pt-BR\"},{\"@type\":\"Organization\",\"@id\":\"https:\\\/\\\/afogadosfm.com.br\\\/afogadosfm\\\/#organization\",\"name\":\"Afogados FM\",\"url\":\"https:\\\/\\\/afogadosfm.com.br\\\/afogadosfm\\\/\",\"logo\":{\"@type\":\"ImageObject\",\"inLanguage\":\"pt-BR\",\"@id\":\"https:\\\/\\\/afogadosfm.com.br\\\/afogadosfm\\\/#\\\/schema\\\/logo\\\/image\\\/\",\"url\":\"https:\\\/\\\/i0.wp.com\\\/afogadosfm.com.br\\\/afogadosfm\\\/wp-content\\\/uploads\\\/2020\\\/06\\\/cropped-banner-afogados-4.jpg?fit=369%2C137&ssl=1\",\"contentUrl\":\"https:\\\/\\\/i0.wp.com\\\/afogadosfm.com.br\\\/afogadosfm\\\/wp-content\\\/uploads\\\/2020\\\/06\\\/cropped-banner-afogados-4.jpg?fit=369%2C137&ssl=1\",\"width\":369,\"height\":137,\"caption\":\"Afogados FM\"},\"image\":{\"@id\":\"https:\\\/\\\/afogadosfm.com.br\\\/afogadosfm\\\/#\\\/schema\\\/logo\\\/image\\\/\"}},{\"@type\":\"Person\",\"@id\":\"https:\\\/\\\/afogadosfm.com.br\\\/afogadosfm\\\/#\\\/schema\\\/person\\\/60e56f2cf5dc960fc093fe093d9e9057\",\"name\":\"afogadosfm\",\"image\":{\"@type\":\"ImageObject\",\"inLanguage\":\"pt-BR\",\"@id\":\"https:\\\/\\\/secure.gravatar.com\\\/avatar\\\/e0359add7ed5dc3560906d861b52c6a8cf5c1e199d3a7dd85070998f49bd4701?s=96&d=mm&r=g\",\"url\":\"https:\\\/\\\/secure.gravatar.com\\\/avatar\\\/e0359add7ed5dc3560906d861b52c6a8cf5c1e199d3a7dd85070998f49bd4701?s=96&d=mm&r=g\",\"contentUrl\":\"https:\\\/\\\/secure.gravatar.com\\\/avatar\\\/e0359add7ed5dc3560906d861b52c6a8cf5c1e199d3a7dd85070998f49bd4701?s=96&d=mm&r=g\",\"caption\":\"afogadosfm\"},\"url\":\"https:\\\/\\\/afogadosfm.com.br\\\/afogadosfm\\\/author\\\/afogadosfm\\\/\"}]}<\/script>\n<!-- \/ Yoast SEO plugin. -->","yoast_head_json":{"title":"Prefeito de Iguaracy discute fortalecimento da sa\u00fade p\u00fablica em reuni\u00e3o com a secretaria estadual Zilda do Rego - Afogados FM","robots":{"index":"index","follow":"follow","max-snippet":"max-snippet:-1","max-image-preview":"max-image-preview:large","max-video-preview":"max-video-preview:-1"},"canonical":"https:\/\/afogadosfm.com.br\/afogadosfm\/2025\/09\/25\/prefeito-de-iguaracy-discute-fortalecimento-da-saude-publica-em-reuniao-com-a-secretaria-estadual-zilda-do-rego\/","og_locale":"pt_BR","og_type":"article","og_title":"Prefeito de Iguaracy discute fortalecimento da sa\u00fade p\u00fablica em reuni\u00e3o com a secretaria estadual Zilda do Rego - Afogados FM","og_description":"O prefeito Dr. Pedro Alves, de Iguaracy, participou nesta quarta-feira (24), de uma reuni\u00e3o com a secret\u00e1ria de Sa\u00fade de","og_url":"https:\/\/afogadosfm.com.br\/afogadosfm\/2025\/09\/25\/prefeito-de-iguaracy-discute-fortalecimento-da-saude-publica-em-reuniao-com-a-secretaria-estadual-zilda-do-rego\/","og_site_name":"Afogados FM","article_published_time":"2025-09-25T08:44:06+00:00","article_modified_time":"2025-09-25T08:44:07+00:00","og_image":[{"width":768,"height":538,"url":"https:\/\/afogadosfm.com.br\/afogadosfm\/wp-content\/uploads\/2025\/09\/aa-147-768x538-1.jpg","type":"image\/jpeg"}],"author":"afogadosfm","twitter_card":"summary_large_image","twitter_misc":{"Escrito por":"afogadosfm","Est. tempo de leitura":"2 minutos"},"schema":{"@context":"https:\/\/schema.org","@graph":[{"@type":"Article","@id":"https:\/\/afogadosfm.com.br\/afogadosfm\/2025\/09\/25\/prefeito-de-iguaracy-discute-fortalecimento-da-saude-publica-em-reuniao-com-a-secretaria-estadual-zilda-do-rego\/#article","isPartOf":{"@id":"https:\/\/afogadosfm.com.br\/afogadosfm\/2025\/09\/25\/prefeito-de-iguaracy-discute-fortalecimento-da-saude-publica-em-reuniao-com-a-secretaria-estadual-zilda-do-rego\/"},"author":{"name":"afogadosfm","@id":"https:\/\/afogadosfm.com.br\/afogadosfm\/#\/schema\/person\/60e56f2cf5dc960fc093fe093d9e9057"},"headline":"Prefeito de Iguaracy discute fortalecimento da sa\u00fade p\u00fablica em reuni\u00e3o com a secretaria estadual Zilda do Rego","datePublished":"2025-09-25T08:44:06+00:00","dateModified":"2025-09-25T08:44:07+00:00","mainEntityOfPage":{"@id":"https:\/\/afogadosfm.com.br\/afogadosfm\/2025\/09\/25\/prefeito-de-iguaracy-discute-fortalecimento-da-saude-publica-em-reuniao-com-a-secretaria-estadual-zilda-do-rego\/"},"wordCount":246,"commentCount":0,"publisher":{"@id":"https:\/\/afogadosfm.com.br\/afogadosfm\/#organization"},"image":{"@id":"https:\/\/afogadosfm.com.br\/afogadosfm\/2025\/09\/25\/prefeito-de-iguaracy-discute-fortalecimento-da-saude-publica-em-reuniao-com-a-secretaria-estadual-zilda-do-rego\/#primaryimage"},"thumbnailUrl":"https:\/\/i0.wp.com\/afogadosfm.com.br\/afogadosfm\/wp-content\/uploads\/2025\/09\/aa-147-768x538-1.jpg?fit=768%2C538&ssl=1","articleSection":["Sert\u00e3o"],"inLanguage":"pt-BR","potentialAction":[{"@type":"CommentAction","name":"Comment","target":["https:\/\/afogadosfm.com.br\/afogadosfm\/2025\/09\/25\/prefeito-de-iguaracy-discute-fortalecimento-da-saude-publica-em-reuniao-com-a-secretaria-estadual-zilda-do-rego\/#respond"]}]},{"@type":"WebPage","@id":"https:\/\/afogadosfm.com.br\/afogadosfm\/2025\/09\/25\/prefeito-de-iguaracy-discute-fortalecimento-da-saude-publica-em-reuniao-com-a-secretaria-estadual-zilda-do-rego\/","url":"https:\/\/afogadosfm.com.br\/afogadosfm\/2025\/09\/25\/prefeito-de-iguaracy-discute-fortalecimento-da-saude-publica-em-reuniao-com-a-secretaria-estadual-zilda-do-rego\/","name":"Prefeito de Iguaracy discute fortalecimento da sa\u00fade p\u00fablica em reuni\u00e3o com a secretaria estadual Zilda do Rego - Afogados FM","isPartOf":{"@id":"https:\/\/afogadosfm.com.br\/afogadosfm\/#website"},"primaryImageOfPage":{"@id":"https:\/\/afogadosfm.com.br\/afogadosfm\/2025\/09\/25\/prefeito-de-iguaracy-discute-fortalecimento-da-saude-publica-em-reuniao-com-a-secretaria-estadual-zilda-do-rego\/#primaryimage"},"image":{"@id":"https:\/\/afogadosfm.com.br\/afogadosfm\/2025\/09\/25\/prefeito-de-iguaracy-discute-fortalecimento-da-saude-publica-em-reuniao-com-a-secretaria-estadual-zilda-do-rego\/#primaryimage"},"thumbnailUrl":"https:\/\/i0.wp.com\/afogadosfm.com.br\/afogadosfm\/wp-content\/uploads\/2025\/09\/aa-147-768x538-1.jpg?fit=768%2C538&ssl=1","datePublished":"2025-09-25T08:44:06+00:00","dateModified":"2025-09-25T08:44:07+00:00","breadcrumb":{"@id":"https:\/\/afogadosfm.com.br\/afogadosfm\/2025\/09\/25\/prefeito-de-iguaracy-discute-fortalecimento-da-saude-publica-em-reuniao-com-a-secretaria-estadual-zilda-do-rego\/#breadcrumb"},"inLanguage":"pt-BR","potentialAction":[{"@type":"ReadAction","target":["https:\/\/afogadosfm.com.br\/afogadosfm\/2025\/09\/25\/prefeito-de-iguaracy-discute-fortalecimento-da-saude-publica-em-reuniao-com-a-secretaria-estadual-zilda-do-rego\/"]}]},{"@type":"ImageObject","inLanguage":"pt-BR","@id":"https:\/\/afogadosfm.com.br\/afogadosfm\/2025\/09\/25\/prefeito-de-iguaracy-discute-fortalecimento-da-saude-publica-em-reuniao-com-a-secretaria-estadual-zilda-do-rego\/#primaryimage","url":"https:\/\/i0.wp.com\/afogadosfm.com.br\/afogadosfm\/wp-content\/uploads\/2025\/09\/aa-147-768x538-1.jpg?fit=768%2C538&ssl=1","contentUrl":"https:\/\/i0.wp.com\/afogadosfm.com.br\/afogadosfm\/wp-content\/uploads\/2025\/09\/aa-147-768x538-1.jpg?fit=768%2C538&ssl=1","width":768,"height":538},{"@type":"BreadcrumbList","@id":"https:\/\/afogadosfm.com.br\/afogadosfm\/2025\/09\/25\/prefeito-de-iguaracy-discute-fortalecimento-da-saude-publica-em-reuniao-com-a-secretaria-estadual-zilda-do-rego\/#breadcrumb","itemListElement":[{"@type":"ListItem","position":1,"name":"In\u00edcio","item":"https:\/\/afogadosfm.com.br\/afogadosfm\/"},{"@type":"ListItem","position":2,"name":"Prefeito de Iguaracy discute fortalecimento da sa\u00fade p\u00fablica em reuni\u00e3o com a secretaria estadual Zilda do Rego"}]},{"@type":"WebSite","@id":"https:\/\/afogadosfm.com.br\/afogadosfm\/#website","url":"https:\/\/afogadosfm.com.br\/afogadosfm\/","name":"Afogados FM","description":"Um site completo!","publisher":{"@id":"https:\/\/afogadosfm.com.br\/afogadosfm\/#organization"},"potentialAction":[{"@type":"SearchAction","target":{"@type":"EntryPoint","urlTemplate":"https:\/\/afogadosfm.com.br\/afogadosfm\/?s={search_term_string}"},"query-input":{"@type":"PropertyValueSpecification","valueRequired":true,"valueName":"search_term_string"}}],"inLanguage":"pt-BR"},{"@type":"Organization","@id":"https:\/\/afogadosfm.com.br\/afogadosfm\/#organization","name":"Afogados FM","url":"https:\/\/afogadosfm.com.br\/afogadosfm\/","logo":{"@type":"ImageObject","inLanguage":"pt-BR","@id":"https:\/\/afogadosfm.com.br\/afogadosfm\/#\/schema\/logo\/image\/","url":"https:\/\/i0.wp.com\/afogadosfm.com.br\/afogadosfm\/wp-content\/uploads\/2020\/06\/cropped-banner-afogados-4.jpg?fit=369%2C137&ssl=1","contentUrl":"https:\/\/i0.wp.com\/afogadosfm.com.br\/afogadosfm\/wp-content\/uploads\/2020\/06\/cropped-banner-afogados-4.jpg?fit=369%2C137&ssl=1","width":369,"height":137,"caption":"Afogados FM"},"image":{"@id":"https:\/\/afogadosfm.com.br\/afogadosfm\/#\/schema\/logo\/image\/"}},{"@type":"Person","@id":"https:\/\/afogadosfm.com.br\/afogadosfm\/#\/schema\/person\/60e56f2cf5dc960fc093fe093d9e9057","name":"afogadosfm","image":{"@type":"ImageObject","inLanguage":"pt-BR","@id":"https:\/\/secure.gravatar.com\/avatar\/e0359add7ed5dc3560906d861b52c6a8cf5c1e199d3a7dd85070998f49bd4701?s=96&d=mm&r=g","url":"https:\/\/secure.gravatar.com\/avatar\/e0359add7ed5dc3560906d861b52c6a8cf5c1e199d3a7dd85070998f49bd4701?s=96&d=mm&r=g","contentUrl":"https:\/\/secure.gravatar.com\/avatar\/e0359add7ed5dc3560906d861b52c6a8cf5c1e199d3a7dd85070998f49bd4701?s=96&d=mm&r=g","caption":"afogadosfm"},"url":"https:\/\/afogadosfm.com.br\/afogadosfm\/author\/afogadosfm\/"}]}},"jetpack_publicize_connections":[],"jetpack_featured_media_url":"https:\/\/i0.wp.com\/afogadosfm.com.br\/afogadosfm\/wp-content\/uploads\/2025\/09\/aa-147-768x538-1.jpg?fit=768%2C538&ssl=1","jetpack-related-posts":[],"jetpack_sharing_enabled":true,"jetpack_likes_enabled":true,"_links":{"self":[{"href":"https:\/\/afogadosfm.com.br\/afogadosfm\/wp-json\/wp\/v2\/posts\/69292","targetHints":{"allow":["GET"]}}],"collection":[{"href":"https:\/\/afogadosfm.com.br\/afogadosfm\/wp-json\/wp\/v2\/posts"}],"about":[{"href":"https:\/\/afogadosfm.com.br\/afogadosfm\/wp-json\/wp\/v2\/types\/post"}],"author":[{"embeddable":true,"href":"https:\/\/afogadosfm.com.br\/afogadosfm\/wp-json\/wp\/v2\/users\/2"}],"replies":[{"embeddable":true,"href":"https:\/\/afogadosfm.com.br\/afogadosfm\/wp-json\/wp\/v2\/comments?post=69292"}],"version-history":[{"count":1,"href":"https:\/\/afogadosfm.com.br\/afogadosfm\/wp-json\/wp\/v2\/posts\/69292\/revisions"}],"predecessor-version":[{"id":69294,"href":"https:\/\/afogadosfm.com.br\/afogadosfm\/wp-json\/wp\/v2\/posts\/69292\/revisions\/69294"}],"wp:featuredmedia":[{"embeddable":true,"href":"https:\/\/afogadosfm.com.br\/afogadosfm\/wp-json\/wp\/v2\/media\/69293"}],"wp:attachment":[{"href":"https:\/\/afogadosfm.com.br\/afogadosfm\/wp-json\/wp\/v2\/media?parent=69292"}],"wp:term":[{"taxonomy":"category","embeddable":true,"href":"https:\/\/afogadosfm.com.br\/afogadosfm\/wp-json\/wp\/v2\/categories?post=69292"},{"taxonomy":"post_tag","embeddable":true,"href":"https:\/\/afogadosfm.com.br\/afogadosfm\/wp-json\/wp\/v2\/tags?post=69292"}],"curies":[{"name":"wp","href":"https:\/\/api.w.org\/{rel}","templated":true}]}}