{"id":69297,"date":"2025-09-25T05:48:17","date_gmt":"2025-09-25T08:48:17","guid":{"rendered":"https:\/\/afogadosfm.com.br\/afogadosfm\/?p=69297"},"modified":"2025-09-25T06:25:49","modified_gmt":"2025-09-25T09:25:49","slug":"afogados-vicentinho-critica-falta-de-dialogo-com-o-executivo-e-alerta-sobre-risco-de-cassacao-de-vereadores","status":"publish","type":"post","link":"https:\/\/afogadosfm.com.br\/afogadosfm\/2025\/09\/25\/afogados-vicentinho-critica-falta-de-dialogo-com-o-executivo-e-alerta-sobre-risco-de-cassacao-de-vereadores\/","title":{"rendered":"Afogados: Vicentinho critica falta de di\u00e1logo com o executivo e alerta sobre risco de cassa\u00e7\u00e3o de vereadores"},"content":{"rendered":"\n<p>O presidente da C\u00e2mara de Afogados da Ingazeira, Vicentinho Zuza, comentou na ultima ter\u00e7a-feira (23) os recentes embates entre os vereadores Edson do Cosm\u00e9tico e M\u00e1rio Martins, que t\u00eam marcado as sess\u00f5es da Casa. Em entrevista ele afirmou que a situa\u00e7\u00e3o \u201cj\u00e1 passou do limite aceit\u00e1vel\u201d e admitiu que, em caso de agress\u00e3o f\u00edsica ou quebra de decoro, pode ser aberta sindic\u00e2ncia com possibilidade de cassa\u00e7\u00e3o de mandatos.<\/p>\n\n\n\n<p>\u201cSe eu tiver que entrar para a hist\u00f3ria como o presidente que abriu a primeira sindic\u00e2ncia e teve vereador cassado em Afogados, n\u00e3o vou me curvar disso. J\u00e1 estudei o regimento e, se houver den\u00fancia formal, a comiss\u00e3o de \u00e9tica ser\u00e1 formada\u201d, declarou.<\/p>\n\n\n\n<figure class=\"wp-block-image size-full\"><img data-recalc-dims=\"1\" loading=\"lazy\" decoding=\"async\" width=\"828\" height=\"952\" src=\"https:\/\/i0.wp.com\/afogadosfm.com.br\/afogadosfm\/wp-content\/uploads\/2024\/10\/vicentinho.jpg?resize=828%2C952&#038;ssl=1\" alt=\"\" class=\"wp-image-60384\" srcset=\"https:\/\/i0.wp.com\/afogadosfm.com.br\/afogadosfm\/wp-content\/uploads\/2024\/10\/vicentinho.jpg?w=828&amp;ssl=1 828w, https:\/\/i0.wp.com\/afogadosfm.com.br\/afogadosfm\/wp-content\/uploads\/2024\/10\/vicentinho.jpg?resize=261%2C300&amp;ssl=1 261w, https:\/\/i0.wp.com\/afogadosfm.com.br\/afogadosfm\/wp-content\/uploads\/2024\/10\/vicentinho.jpg?resize=768%2C883&amp;ssl=1 768w\" sizes=\"auto, (max-width: 828px) 100vw, 828px\" \/><figcaption class=\"wp-element-caption\">Screenshot<\/figcaption><\/figure>\n\n\n\n<p>Vicentinho disse que j\u00e1 conversou individualmente com os dois parlamentares, mas reconhece que as desaven\u00e7as de cunho pessoal t\u00eam prejudicado a imagem da C\u00e2mara. \u201cA popula\u00e7\u00e3o n\u00e3o quer ouvir ataques pessoais. Isso n\u00e3o \u00e9 bom para a Casa nem para eles\u201d, afirmou.<\/p>\n\n\n\n<p>Falta de di\u00e1logo com o governo<\/p>\n\n\n\n<p>Outro ponto levantado pelo presidente foi a aus\u00eancia de articula\u00e7\u00e3o entre a base governista e o Executivo. Segundo ele, os vereadores da situa\u00e7\u00e3o n\u00e3o t\u00eam informa\u00e7\u00f5es suficientes para responder \u00e0s acusa\u00e7\u00f5es da oposi\u00e7\u00e3o.<\/p>\n\n\n\n<p>\u201cN\u00e3o tem esse di\u00e1logo entre governo e C\u00e2mara. N\u00e3o existe. Voc\u00ea n\u00e3o tem como defender o que n\u00e3o sabe. Se eu ligo para um secret\u00e1rio numa ter\u00e7a ou quinta-feira, que s\u00e3o dias de sess\u00e3o, \u00e9 porque preciso de informa\u00e7\u00f5es, mas muitos n\u00e3o atendem. At\u00e9 hoje n\u00e3o houve uma reuni\u00e3o do prefeito Sandrinho com a bancada\u201d, disse.<\/p>\n\n\n\n<p>Ele tamb\u00e9m criticou a aus\u00eancia do secret\u00e1rio de Governo nas sess\u00f5es. \u201cN\u00e3o vejo o governo acompanhar a C\u00e2mara. Isso fragiliza a defesa\u201d, avaliou.<\/p>\n\n\n\n<p>por Romero Moraes<\/p>\n","protected":false},"excerpt":{"rendered":"<p>O presidente da C\u00e2mara de Afogados da Ingazeira, Vicentinho Zuza, comentou na ultima ter\u00e7a-feira (23) os recentes embates entre os<\/p>\n","protected":false},"author":2,"featured_media":17815,"comment_status":"open","ping_status":"open","sticky":false,"template":"","format":"standard","meta":{"jetpack_post_was_ever_published":false,"_jetpack_newsletter_access":"","_jetpack_dont_email_post_to_subs":false,"_jetpack_newsletter_tier_id":0,"_jetpack_memberships_contains_paywalled_content":false,"_jetpack_memberships_contains_paid_content":false,"footnotes":"","jetpack_publicize_message":"","jetpack_publicize_feature_enabled":true,"jetpack_social_post_already_shared":true,"jetpack_social_options":{"image_generator_settings":{"template":"highway","default_image_id":0,"font":"","enabled":false},"version":2}},"categories":[14],"tags":[],"class_list":["post-69297","post","type-post","status-publish","format-standard","has-post-thumbnail","hentry","category-afogados-da-ingazeira"],"yoast_head":"<!-- This site is optimized with the Yoast SEO plugin v27.5 - https:\/\/yoast.com\/product\/yoast-seo-wordpress\/ -->\n<title>Afogados: Vicentinho critica falta de di\u00e1logo com o executivo e alerta sobre risco de cassa\u00e7\u00e3o de vereadores - Afogados FM<\/title>\n<meta name=\"robots\" content=\"index, follow, max-snippet:-1, max-image-preview:large, max-video-preview:-1\" \/>\n<link rel=\"canonical\" href=\"https:\/\/afogadosfm.com.br\/afogadosfm\/2025\/09\/25\/afogados-vicentinho-critica-falta-de-dialogo-com-o-executivo-e-alerta-sobre-risco-de-cassacao-de-vereadores\/\" \/>\n<meta property=\"og:locale\" content=\"pt_BR\" \/>\n<meta property=\"og:type\" content=\"article\" \/>\n<meta property=\"og:title\" content=\"Afogados: Vicentinho critica falta de di\u00e1logo com o executivo e alerta sobre risco de cassa\u00e7\u00e3o de vereadores - Afogados FM\" \/>\n<meta property=\"og:description\" content=\"O presidente da C\u00e2mara de Afogados da Ingazeira, Vicentinho Zuza, comentou na ultima ter\u00e7a-feira (23) os recentes embates entre os\" \/>\n<meta property=\"og:url\" content=\"https:\/\/afogadosfm.com.br\/afogadosfm\/2025\/09\/25\/afogados-vicentinho-critica-falta-de-dialogo-com-o-executivo-e-alerta-sobre-risco-de-cassacao-de-vereadores\/\" \/>\n<meta property=\"og:site_name\" content=\"Afogados FM\" \/>\n<meta property=\"article:published_time\" content=\"2025-09-25T08:48:17+00:00\" \/>\n<meta property=\"article:modified_time\" content=\"2025-09-25T09:25:49+00:00\" \/>\n<meta property=\"og:image\" content=\"https:\/\/afogadosfm.com.br\/afogadosfm\/wp-content\/uploads\/2020\/06\/Camaraaf.jpg\" \/>\n\t<meta property=\"og:image:width\" content=\"300\" \/>\n\t<meta property=\"og:image:height\" content=\"213\" \/>\n\t<meta property=\"og:image:type\" content=\"image\/jpeg\" \/>\n<meta name=\"author\" content=\"afogadosfm\" \/>\n<meta name=\"twitter:card\" content=\"summary_large_image\" \/>\n<meta name=\"twitter:label1\" content=\"Escrito por\" \/>\n\t<meta name=\"twitter:data1\" content=\"afogadosfm\" \/>\n\t<meta name=\"twitter:label2\" content=\"Est. tempo de leitura\" \/>\n\t<meta name=\"twitter:data2\" content=\"2 minutos\" \/>\n<script type=\"application\/ld+json\" class=\"yoast-schema-graph\">{\"@context\":\"https:\\\/\\\/schema.org\",\"@graph\":[{\"@type\":\"Article\",\"@id\":\"https:\\\/\\\/afogadosfm.com.br\\\/afogadosfm\\\/2025\\\/09\\\/25\\\/afogados-vicentinho-critica-falta-de-dialogo-com-o-executivo-e-alerta-sobre-risco-de-cassacao-de-vereadores\\\/#article\",\"isPartOf\":{\"@id\":\"https:\\\/\\\/afogadosfm.com.br\\\/afogadosfm\\\/2025\\\/09\\\/25\\\/afogados-vicentinho-critica-falta-de-dialogo-com-o-executivo-e-alerta-sobre-risco-de-cassacao-de-vereadores\\\/\"},\"author\":{\"name\":\"afogadosfm\",\"@id\":\"https:\\\/\\\/afogadosfm.com.br\\\/afogadosfm\\\/#\\\/schema\\\/person\\\/60e56f2cf5dc960fc093fe093d9e9057\"},\"headline\":\"Afogados: Vicentinho critica falta de di\u00e1logo com o executivo e alerta sobre risco de cassa\u00e7\u00e3o de vereadores\",\"datePublished\":\"2025-09-25T08:48:17+00:00\",\"dateModified\":\"2025-09-25T09:25:49+00:00\",\"mainEntityOfPage\":{\"@id\":\"https:\\\/\\\/afogadosfm.com.br\\\/afogadosfm\\\/2025\\\/09\\\/25\\\/afogados-vicentinho-critica-falta-de-dialogo-com-o-executivo-e-alerta-sobre-risco-de-cassacao-de-vereadores\\\/\"},\"wordCount\":343,\"commentCount\":0,\"publisher\":{\"@id\":\"https:\\\/\\\/afogadosfm.com.br\\\/afogadosfm\\\/#organization\"},\"image\":{\"@id\":\"https:\\\/\\\/afogadosfm.com.br\\\/afogadosfm\\\/2025\\\/09\\\/25\\\/afogados-vicentinho-critica-falta-de-dialogo-com-o-executivo-e-alerta-sobre-risco-de-cassacao-de-vereadores\\\/#primaryimage\"},\"thumbnailUrl\":\"https:\\\/\\\/i0.wp.com\\\/afogadosfm.com.br\\\/afogadosfm\\\/wp-content\\\/uploads\\\/2020\\\/06\\\/Camaraaf.jpg?fit=300%2C213&ssl=1\",\"articleSection\":[\"Afogados da Ingazeira\"],\"inLanguage\":\"pt-BR\",\"potentialAction\":[{\"@type\":\"CommentAction\",\"name\":\"Comment\",\"target\":[\"https:\\\/\\\/afogadosfm.com.br\\\/afogadosfm\\\/2025\\\/09\\\/25\\\/afogados-vicentinho-critica-falta-de-dialogo-com-o-executivo-e-alerta-sobre-risco-de-cassacao-de-vereadores\\\/#respond\"]}]},{\"@type\":\"WebPage\",\"@id\":\"https:\\\/\\\/afogadosfm.com.br\\\/afogadosfm\\\/2025\\\/09\\\/25\\\/afogados-vicentinho-critica-falta-de-dialogo-com-o-executivo-e-alerta-sobre-risco-de-cassacao-de-vereadores\\\/\",\"url\":\"https:\\\/\\\/afogadosfm.com.br\\\/afogadosfm\\\/2025\\\/09\\\/25\\\/afogados-vicentinho-critica-falta-de-dialogo-com-o-executivo-e-alerta-sobre-risco-de-cassacao-de-vereadores\\\/\",\"name\":\"Afogados: Vicentinho critica falta de di\u00e1logo com o executivo e alerta sobre risco de cassa\u00e7\u00e3o de vereadores - Afogados FM\",\"isPartOf\":{\"@id\":\"https:\\\/\\\/afogadosfm.com.br\\\/afogadosfm\\\/#website\"},\"primaryImageOfPage\":{\"@id\":\"https:\\\/\\\/afogadosfm.com.br\\\/afogadosfm\\\/2025\\\/09\\\/25\\\/afogados-vicentinho-critica-falta-de-dialogo-com-o-executivo-e-alerta-sobre-risco-de-cassacao-de-vereadores\\\/#primaryimage\"},\"image\":{\"@id\":\"https:\\\/\\\/afogadosfm.com.br\\\/afogadosfm\\\/2025\\\/09\\\/25\\\/afogados-vicentinho-critica-falta-de-dialogo-com-o-executivo-e-alerta-sobre-risco-de-cassacao-de-vereadores\\\/#primaryimage\"},\"thumbnailUrl\":\"https:\\\/\\\/i0.wp.com\\\/afogadosfm.com.br\\\/afogadosfm\\\/wp-content\\\/uploads\\\/2020\\\/06\\\/Camaraaf.jpg?fit=300%2C213&ssl=1\",\"datePublished\":\"2025-09-25T08:48:17+00:00\",\"dateModified\":\"2025-09-25T09:25:49+00:00\",\"breadcrumb\":{\"@id\":\"https:\\\/\\\/afogadosfm.com.br\\\/afogadosfm\\\/2025\\\/09\\\/25\\\/afogados-vicentinho-critica-falta-de-dialogo-com-o-executivo-e-alerta-sobre-risco-de-cassacao-de-vereadores\\\/#breadcrumb\"},\"inLanguage\":\"pt-BR\",\"potentialAction\":[{\"@type\":\"ReadAction\",\"target\":[\"https:\\\/\\\/afogadosfm.com.br\\\/afogadosfm\\\/2025\\\/09\\\/25\\\/afogados-vicentinho-critica-falta-de-dialogo-com-o-executivo-e-alerta-sobre-risco-de-cassacao-de-vereadores\\\/\"]}]},{\"@type\":\"ImageObject\",\"inLanguage\":\"pt-BR\",\"@id\":\"https:\\\/\\\/afogadosfm.com.br\\\/afogadosfm\\\/2025\\\/09\\\/25\\\/afogados-vicentinho-critica-falta-de-dialogo-com-o-executivo-e-alerta-sobre-risco-de-cassacao-de-vereadores\\\/#primaryimage\",\"url\":\"https:\\\/\\\/i0.wp.com\\\/afogadosfm.com.br\\\/afogadosfm\\\/wp-content\\\/uploads\\\/2020\\\/06\\\/Camaraaf.jpg?fit=300%2C213&ssl=1\",\"contentUrl\":\"https:\\\/\\\/i0.wp.com\\\/afogadosfm.com.br\\\/afogadosfm\\\/wp-content\\\/uploads\\\/2020\\\/06\\\/Camaraaf.jpg?fit=300%2C213&ssl=1\",\"width\":300,\"height\":213},{\"@type\":\"BreadcrumbList\",\"@id\":\"https:\\\/\\\/afogadosfm.com.br\\\/afogadosfm\\\/2025\\\/09\\\/25\\\/afogados-vicentinho-critica-falta-de-dialogo-com-o-executivo-e-alerta-sobre-risco-de-cassacao-de-vereadores\\\/#breadcrumb\",\"itemListElement\":[{\"@type\":\"ListItem\",\"position\":1,\"name\":\"In\u00edcio\",\"item\":\"https:\\\/\\\/afogadosfm.com.br\\\/afogadosfm\\\/\"},{\"@type\":\"ListItem\",\"position\":2,\"name\":\"Afogados: Vicentinho critica falta de di\u00e1logo com o executivo e alerta sobre risco de cassa\u00e7\u00e3o de vereadores\"}]},{\"@type\":\"WebSite\",\"@id\":\"https:\\\/\\\/afogadosfm.com.br\\\/afogadosfm\\\/#website\",\"url\":\"https:\\\/\\\/afogadosfm.com.br\\\/afogadosfm\\\/\",\"name\":\"Afogados FM\",\"description\":\"Um site completo!\",\"publisher\":{\"@id\":\"https:\\\/\\\/afogadosfm.com.br\\\/afogadosfm\\\/#organization\"},\"potentialAction\":[{\"@type\":\"SearchAction\",\"target\":{\"@type\":\"EntryPoint\",\"urlTemplate\":\"https:\\\/\\\/afogadosfm.com.br\\\/afogadosfm\\\/?s={search_term_string}\"},\"query-input\":{\"@type\":\"PropertyValueSpecification\",\"valueRequired\":true,\"valueName\":\"search_term_string\"}}],\"inLanguage\":\"pt-BR\"},{\"@type\":\"Organization\",\"@id\":\"https:\\\/\\\/afogadosfm.com.br\\\/afogadosfm\\\/#organization\",\"name\":\"Afogados FM\",\"url\":\"https:\\\/\\\/afogadosfm.com.br\\\/afogadosfm\\\/\",\"logo\":{\"@type\":\"ImageObject\",\"inLanguage\":\"pt-BR\",\"@id\":\"https:\\\/\\\/afogadosfm.com.br\\\/afogadosfm\\\/#\\\/schema\\\/logo\\\/image\\\/\",\"url\":\"https:\\\/\\\/i0.wp.com\\\/afogadosfm.com.br\\\/afogadosfm\\\/wp-content\\\/uploads\\\/2020\\\/06\\\/cropped-banner-afogados-4.jpg?fit=369%2C137&ssl=1\",\"contentUrl\":\"https:\\\/\\\/i0.wp.com\\\/afogadosfm.com.br\\\/afogadosfm\\\/wp-content\\\/uploads\\\/2020\\\/06\\\/cropped-banner-afogados-4.jpg?fit=369%2C137&ssl=1\",\"width\":369,\"height\":137,\"caption\":\"Afogados FM\"},\"image\":{\"@id\":\"https:\\\/\\\/afogadosfm.com.br\\\/afogadosfm\\\/#\\\/schema\\\/logo\\\/image\\\/\"}},{\"@type\":\"Person\",\"@id\":\"https:\\\/\\\/afogadosfm.com.br\\\/afogadosfm\\\/#\\\/schema\\\/person\\\/60e56f2cf5dc960fc093fe093d9e9057\",\"name\":\"afogadosfm\",\"image\":{\"@type\":\"ImageObject\",\"inLanguage\":\"pt-BR\",\"@id\":\"https:\\\/\\\/secure.gravatar.com\\\/avatar\\\/e0359add7ed5dc3560906d861b52c6a8cf5c1e199d3a7dd85070998f49bd4701?s=96&d=mm&r=g\",\"url\":\"https:\\\/\\\/secure.gravatar.com\\\/avatar\\\/e0359add7ed5dc3560906d861b52c6a8cf5c1e199d3a7dd85070998f49bd4701?s=96&d=mm&r=g\",\"contentUrl\":\"https:\\\/\\\/secure.gravatar.com\\\/avatar\\\/e0359add7ed5dc3560906d861b52c6a8cf5c1e199d3a7dd85070998f49bd4701?s=96&d=mm&r=g\",\"caption\":\"afogadosfm\"},\"url\":\"https:\\\/\\\/afogadosfm.com.br\\\/afogadosfm\\\/author\\\/afogadosfm\\\/\"}]}<\/script>\n<!-- \/ Yoast SEO plugin. -->","yoast_head_json":{"title":"Afogados: Vicentinho critica falta de di\u00e1logo com o executivo e alerta sobre risco de cassa\u00e7\u00e3o de vereadores - Afogados FM","robots":{"index":"index","follow":"follow","max-snippet":"max-snippet:-1","max-image-preview":"max-image-preview:large","max-video-preview":"max-video-preview:-1"},"canonical":"https:\/\/afogadosfm.com.br\/afogadosfm\/2025\/09\/25\/afogados-vicentinho-critica-falta-de-dialogo-com-o-executivo-e-alerta-sobre-risco-de-cassacao-de-vereadores\/","og_locale":"pt_BR","og_type":"article","og_title":"Afogados: Vicentinho critica falta de di\u00e1logo com o executivo e alerta sobre risco de cassa\u00e7\u00e3o de vereadores - Afogados FM","og_description":"O presidente da C\u00e2mara de Afogados da Ingazeira, Vicentinho Zuza, comentou na ultima ter\u00e7a-feira (23) os recentes embates entre os","og_url":"https:\/\/afogadosfm.com.br\/afogadosfm\/2025\/09\/25\/afogados-vicentinho-critica-falta-de-dialogo-com-o-executivo-e-alerta-sobre-risco-de-cassacao-de-vereadores\/","og_site_name":"Afogados FM","article_published_time":"2025-09-25T08:48:17+00:00","article_modified_time":"2025-09-25T09:25:49+00:00","og_image":[{"width":300,"height":213,"url":"https:\/\/afogadosfm.com.br\/afogadosfm\/wp-content\/uploads\/2020\/06\/Camaraaf.jpg","type":"image\/jpeg"}],"author":"afogadosfm","twitter_card":"summary_large_image","twitter_misc":{"Escrito por":"afogadosfm","Est. tempo de leitura":"2 minutos"},"schema":{"@context":"https:\/\/schema.org","@graph":[{"@type":"Article","@id":"https:\/\/afogadosfm.com.br\/afogadosfm\/2025\/09\/25\/afogados-vicentinho-critica-falta-de-dialogo-com-o-executivo-e-alerta-sobre-risco-de-cassacao-de-vereadores\/#article","isPartOf":{"@id":"https:\/\/afogadosfm.com.br\/afogadosfm\/2025\/09\/25\/afogados-vicentinho-critica-falta-de-dialogo-com-o-executivo-e-alerta-sobre-risco-de-cassacao-de-vereadores\/"},"author":{"name":"afogadosfm","@id":"https:\/\/afogadosfm.com.br\/afogadosfm\/#\/schema\/person\/60e56f2cf5dc960fc093fe093d9e9057"},"headline":"Afogados: Vicentinho critica falta de di\u00e1logo com o executivo e alerta sobre risco de cassa\u00e7\u00e3o de vereadores","datePublished":"2025-09-25T08:48:17+00:00","dateModified":"2025-09-25T09:25:49+00:00","mainEntityOfPage":{"@id":"https:\/\/afogadosfm.com.br\/afogadosfm\/2025\/09\/25\/afogados-vicentinho-critica-falta-de-dialogo-com-o-executivo-e-alerta-sobre-risco-de-cassacao-de-vereadores\/"},"wordCount":343,"commentCount":0,"publisher":{"@id":"https:\/\/afogadosfm.com.br\/afogadosfm\/#organization"},"image":{"@id":"https:\/\/afogadosfm.com.br\/afogadosfm\/2025\/09\/25\/afogados-vicentinho-critica-falta-de-dialogo-com-o-executivo-e-alerta-sobre-risco-de-cassacao-de-vereadores\/#primaryimage"},"thumbnailUrl":"https:\/\/i0.wp.com\/afogadosfm.com.br\/afogadosfm\/wp-content\/uploads\/2020\/06\/Camaraaf.jpg?fit=300%2C213&ssl=1","articleSection":["Afogados da Ingazeira"],"inLanguage":"pt-BR","potentialAction":[{"@type":"CommentAction","name":"Comment","target":["https:\/\/afogadosfm.com.br\/afogadosfm\/2025\/09\/25\/afogados-vicentinho-critica-falta-de-dialogo-com-o-executivo-e-alerta-sobre-risco-de-cassacao-de-vereadores\/#respond"]}]},{"@type":"WebPage","@id":"https:\/\/afogadosfm.com.br\/afogadosfm\/2025\/09\/25\/afogados-vicentinho-critica-falta-de-dialogo-com-o-executivo-e-alerta-sobre-risco-de-cassacao-de-vereadores\/","url":"https:\/\/afogadosfm.com.br\/afogadosfm\/2025\/09\/25\/afogados-vicentinho-critica-falta-de-dialogo-com-o-executivo-e-alerta-sobre-risco-de-cassacao-de-vereadores\/","name":"Afogados: Vicentinho critica falta de di\u00e1logo com o executivo e alerta sobre risco de cassa\u00e7\u00e3o de vereadores - Afogados FM","isPartOf":{"@id":"https:\/\/afogadosfm.com.br\/afogadosfm\/#website"},"primaryImageOfPage":{"@id":"https:\/\/afogadosfm.com.br\/afogadosfm\/2025\/09\/25\/afogados-vicentinho-critica-falta-de-dialogo-com-o-executivo-e-alerta-sobre-risco-de-cassacao-de-vereadores\/#primaryimage"},"image":{"@id":"https:\/\/afogadosfm.com.br\/afogadosfm\/2025\/09\/25\/afogados-vicentinho-critica-falta-de-dialogo-com-o-executivo-e-alerta-sobre-risco-de-cassacao-de-vereadores\/#primaryimage"},"thumbnailUrl":"https:\/\/i0.wp.com\/afogadosfm.com.br\/afogadosfm\/wp-content\/uploads\/2020\/06\/Camaraaf.jpg?fit=300%2C213&ssl=1","datePublished":"2025-09-25T08:48:17+00:00","dateModified":"2025-09-25T09:25:49+00:00","breadcrumb":{"@id":"https:\/\/afogadosfm.com.br\/afogadosfm\/2025\/09\/25\/afogados-vicentinho-critica-falta-de-dialogo-com-o-executivo-e-alerta-sobre-risco-de-cassacao-de-vereadores\/#breadcrumb"},"inLanguage":"pt-BR","potentialAction":[{"@type":"ReadAction","target":["https:\/\/afogadosfm.com.br\/afogadosfm\/2025\/09\/25\/afogados-vicentinho-critica-falta-de-dialogo-com-o-executivo-e-alerta-sobre-risco-de-cassacao-de-vereadores\/"]}]},{"@type":"ImageObject","inLanguage":"pt-BR","@id":"https:\/\/afogadosfm.com.br\/afogadosfm\/2025\/09\/25\/afogados-vicentinho-critica-falta-de-dialogo-com-o-executivo-e-alerta-sobre-risco-de-cassacao-de-vereadores\/#primaryimage","url":"https:\/\/i0.wp.com\/afogadosfm.com.br\/afogadosfm\/wp-content\/uploads\/2020\/06\/Camaraaf.jpg?fit=300%2C213&ssl=1","contentUrl":"https:\/\/i0.wp.com\/afogadosfm.com.br\/afogadosfm\/wp-content\/uploads\/2020\/06\/Camaraaf.jpg?fit=300%2C213&ssl=1","width":300,"height":213},{"@type":"BreadcrumbList","@id":"https:\/\/afogadosfm.com.br\/afogadosfm\/2025\/09\/25\/afogados-vicentinho-critica-falta-de-dialogo-com-o-executivo-e-alerta-sobre-risco-de-cassacao-de-vereadores\/#breadcrumb","itemListElement":[{"@type":"ListItem","position":1,"name":"In\u00edcio","item":"https:\/\/afogadosfm.com.br\/afogadosfm\/"},{"@type":"ListItem","position":2,"name":"Afogados: Vicentinho critica falta de di\u00e1logo com o executivo e alerta sobre risco de cassa\u00e7\u00e3o de vereadores"}]},{"@type":"WebSite","@id":"https:\/\/afogadosfm.com.br\/afogadosfm\/#website","url":"https:\/\/afogadosfm.com.br\/afogadosfm\/","name":"Afogados FM","description":"Um site completo!","publisher":{"@id":"https:\/\/afogadosfm.com.br\/afogadosfm\/#organization"},"potentialAction":[{"@type":"SearchAction","target":{"@type":"EntryPoint","urlTemplate":"https:\/\/afogadosfm.com.br\/afogadosfm\/?s={search_term_string}"},"query-input":{"@type":"PropertyValueSpecification","valueRequired":true,"valueName":"search_term_string"}}],"inLanguage":"pt-BR"},{"@type":"Organization","@id":"https:\/\/afogadosfm.com.br\/afogadosfm\/#organization","name":"Afogados FM","url":"https:\/\/afogadosfm.com.br\/afogadosfm\/","logo":{"@type":"ImageObject","inLanguage":"pt-BR","@id":"https:\/\/afogadosfm.com.br\/afogadosfm\/#\/schema\/logo\/image\/","url":"https:\/\/i0.wp.com\/afogadosfm.com.br\/afogadosfm\/wp-content\/uploads\/2020\/06\/cropped-banner-afogados-4.jpg?fit=369%2C137&ssl=1","contentUrl":"https:\/\/i0.wp.com\/afogadosfm.com.br\/afogadosfm\/wp-content\/uploads\/2020\/06\/cropped-banner-afogados-4.jpg?fit=369%2C137&ssl=1","width":369,"height":137,"caption":"Afogados FM"},"image":{"@id":"https:\/\/afogadosfm.com.br\/afogadosfm\/#\/schema\/logo\/image\/"}},{"@type":"Person","@id":"https:\/\/afogadosfm.com.br\/afogadosfm\/#\/schema\/person\/60e56f2cf5dc960fc093fe093d9e9057","name":"afogadosfm","image":{"@type":"ImageObject","inLanguage":"pt-BR","@id":"https:\/\/secure.gravatar.com\/avatar\/e0359add7ed5dc3560906d861b52c6a8cf5c1e199d3a7dd85070998f49bd4701?s=96&d=mm&r=g","url":"https:\/\/secure.gravatar.com\/avatar\/e0359add7ed5dc3560906d861b52c6a8cf5c1e199d3a7dd85070998f49bd4701?s=96&d=mm&r=g","contentUrl":"https:\/\/secure.gravatar.com\/avatar\/e0359add7ed5dc3560906d861b52c6a8cf5c1e199d3a7dd85070998f49bd4701?s=96&d=mm&r=g","caption":"afogadosfm"},"url":"https:\/\/afogadosfm.com.br\/afogadosfm\/author\/afogadosfm\/"}]}},"jetpack_publicize_connections":[],"jetpack_featured_media_url":"https:\/\/i0.wp.com\/afogadosfm.com.br\/afogadosfm\/wp-content\/uploads\/2020\/06\/Camaraaf.jpg?fit=300%2C213&ssl=1","jetpack-related-posts":[],"jetpack_sharing_enabled":true,"jetpack_likes_enabled":true,"_links":{"self":[{"href":"https:\/\/afogadosfm.com.br\/afogadosfm\/wp-json\/wp\/v2\/posts\/69297","targetHints":{"allow":["GET"]}}],"collection":[{"href":"https:\/\/afogadosfm.com.br\/afogadosfm\/wp-json\/wp\/v2\/posts"}],"about":[{"href":"https:\/\/afogadosfm.com.br\/afogadosfm\/wp-json\/wp\/v2\/types\/post"}],"author":[{"embeddable":true,"href":"https:\/\/afogadosfm.com.br\/afogadosfm\/wp-json\/wp\/v2\/users\/2"}],"replies":[{"embeddable":true,"href":"https:\/\/afogadosfm.com.br\/afogadosfm\/wp-json\/wp\/v2\/comments?post=69297"}],"version-history":[{"count":5,"href":"https:\/\/afogadosfm.com.br\/afogadosfm\/wp-json\/wp\/v2\/posts\/69297\/revisions"}],"predecessor-version":[{"id":69317,"href":"https:\/\/afogadosfm.com.br\/afogadosfm\/wp-json\/wp\/v2\/posts\/69297\/revisions\/69317"}],"wp:featuredmedia":[{"embeddable":true,"href":"https:\/\/afogadosfm.com.br\/afogadosfm\/wp-json\/wp\/v2\/media\/17815"}],"wp:attachment":[{"href":"https:\/\/afogadosfm.com.br\/afogadosfm\/wp-json\/wp\/v2\/media?parent=69297"}],"wp:term":[{"taxonomy":"category","embeddable":true,"href":"https:\/\/afogadosfm.com.br\/afogadosfm\/wp-json\/wp\/v2\/categories?post=69297"},{"taxonomy":"post_tag","embeddable":true,"href":"https:\/\/afogadosfm.com.br\/afogadosfm\/wp-json\/wp\/v2\/tags?post=69297"}],"curies":[{"name":"wp","href":"https:\/\/api.w.org\/{rel}","templated":true}]}}