{"id":69356,"date":"2025-09-26T06:40:20","date_gmt":"2025-09-26T09:40:20","guid":{"rendered":"https:\/\/afogadosfm.com.br\/afogadosfm\/?p=69356"},"modified":"2025-09-26T06:40:21","modified_gmt":"2025-09-26T09:40:21","slug":"aves-vitimas-do-trafico-sao-abrigadas-pelo-centro-de-reabilitacao-da-cprh","status":"publish","type":"post","link":"https:\/\/afogadosfm.com.br\/afogadosfm\/2025\/09\/26\/aves-vitimas-do-trafico-sao-abrigadas-pelo-centro-de-reabilitacao-da-cprh\/","title":{"rendered":"Aves v\u00edtimas do tr\u00e1fico s\u00e3o abrigadas pelo Centro de Reabilita\u00e7\u00e3o da CPRH"},"content":{"rendered":"\n<p>Mais de 200 aves silvestres chegaram ao Centro de Triagem e Reabilita\u00e7\u00e3o de Animais Silvestres (Cetras), Zona Norte do Recife, nesta quinta-feira (25), apreendidas do tr\u00e1fico de animais. Elas foram encontradas durante opera\u00e7\u00e3o policial ocorrida no munic\u00edpio de Araripina, Sert\u00e3o pernambucano. S\u00e3o 171 papagaios, 32 gra\u00fanas, 10 periquitos e 03 maritacas. O grupo chegou com alguns animais feridos, uns mutilados e muitos filhotes rec\u00e9m-nascidos, que seriam levados para feiras em cidades do interior. Os animais estavam em graves condi\u00e7\u00f5es de maus-tratos e precisar\u00e3o de muita assist\u00eancia veterin\u00e1ria. No Centro, que pertence \u00e0 Ag\u00eancia Estadual de Meio Ambiente (CPRH), eles passaram por avalia\u00e7\u00e3o veterin\u00e1ria. Em seguida, seguir\u00e3o para a etapa de reabilita\u00e7\u00e3o e s\u00f3 depois de aptos seguem para o processo de soltura branda (esp\u00e9cie de aclimata\u00e7\u00e3o).<\/p>\n\n\n\n<p>A entrega oficial ocorreu ainda na cidade de Araripina, mas a transfer\u00eancia at\u00e9 o Cetras contou com a parceria do Ibama e da ONG BioDiverse. Conforme explicou o bi\u00f3logo do Cetras, Yuri Marinho, no caso dos filhotes de papagaio, eles devem passar, pelo menos, uns tr\u00eas meses para ganhar certa autonomia. At\u00e9 l\u00e1, ser\u00e3o alimentados, um a um, pelos bi\u00f3logos e m\u00e9dicos veterin\u00e1rios, como seriam pelos pr\u00f3prios pais. \u201cPara que o papagaio esteja apto para soltura, ele cumpre umas seis etapas da reabilita\u00e7\u00e3o, esses filhotes, por exemplo, devem levar mais de um ano at\u00e9 estarem prontos para a soltura\u201d, concluiu.<\/p>\n\n\n\n<p>No Cetras, os animais recebem atendimento de veterin\u00e1rios, bi\u00f3logos e tratadores especializados. Ap\u00f3s a chegada, eles est\u00e3o em um per\u00edodo de quarentena e est\u00e3o sendo submetidos a exames, testes e assist\u00eancia veterin\u00e1ria, de acordo com as condi\u00e7\u00f5es f\u00edsicas e de sa\u00fade. O espa\u00e7o tem \u00e1reas definidas para cada esp\u00e9cie, conforme as necessidades dos animais. Os papagaios, por exemplo, ap\u00f3s a reabilita\u00e7\u00e3o e quando estiverem aptos, ser\u00e3o liberados nos biomas de ocorr\u00eancia de acordo com cada esp\u00e9cie. Os animais mutilados, aqueles que n\u00e3o t\u00eam condi\u00e7\u00f5es de voltar \u00e0 natureza ser\u00e3o encaminhados para zool\u00f3gicos ou mantenedores de fauna, como ocorreu recentemente com cinco araras que foram doadas ao Parque Estadual Dois Irm\u00e3os (PEDI).<\/p>\n\n\n\n<p>De acordo com o Boletim de Ocorr\u00eancia registrado na delegacia de Araripina, dois suspeitos foram detidos durante a apreens\u00e3o. Eles declararam que vinham do interior do Piau\u00ed, onde compraram as aves, e seguiam para comercializar os animais numa feira na cidade de Caruaru, no Agreste. Pelo boletim, foram caracterizados os crimes de crueldade contra animais, posse e com\u00e9rcio ilegal de animais e ocorr\u00eancias contra o meio ambiente. Junto com as aves, os dois suspeitos foram encaminhados para a delegacia, onde foi registrado o crime. Al\u00e9m das aves, tamb\u00e9m houve apreens\u00e3o de aparelhos celulares e de um ve\u00edculo. A opera\u00e7\u00e3o foi realizada pelo Batalh\u00e3o Especializado de Policiamento do Interior (BEPI).<\/p>\n","protected":false},"excerpt":{"rendered":"<p>Mais de 200 aves silvestres chegaram ao Centro de Triagem e Reabilita\u00e7\u00e3o de Animais Silvestres (Cetras), Zona Norte do Recife,<\/p>\n","protected":false},"author":2,"featured_media":69357,"comment_status":"open","ping_status":"open","sticky":false,"template":"","format":"standard","meta":{"jetpack_post_was_ever_published":false,"_jetpack_newsletter_access":"","_jetpack_dont_email_post_to_subs":false,"_jetpack_newsletter_tier_id":0,"_jetpack_memberships_contains_paywalled_content":false,"_jetpack_memberships_contains_paid_content":false,"footnotes":"","jetpack_publicize_message":"","jetpack_publicize_feature_enabled":true,"jetpack_social_post_already_shared":true,"jetpack_social_options":{"image_generator_settings":{"template":"highway","default_image_id":0,"font":"","enabled":false},"version":2}},"categories":[13],"tags":[],"class_list":["post-69356","post","type-post","status-publish","format-standard","has-post-thumbnail","hentry","category-pernambuco"],"yoast_head":"<!-- This site is optimized with the Yoast SEO plugin v27.5 - https:\/\/yoast.com\/product\/yoast-seo-wordpress\/ -->\n<title>Aves v\u00edtimas do tr\u00e1fico s\u00e3o abrigadas pelo Centro de Reabilita\u00e7\u00e3o da CPRH - Afogados FM<\/title>\n<meta name=\"robots\" content=\"index, follow, max-snippet:-1, max-image-preview:large, max-video-preview:-1\" \/>\n<link rel=\"canonical\" href=\"https:\/\/afogadosfm.com.br\/afogadosfm\/2025\/09\/26\/aves-vitimas-do-trafico-sao-abrigadas-pelo-centro-de-reabilitacao-da-cprh\/\" \/>\n<meta property=\"og:locale\" content=\"pt_BR\" \/>\n<meta property=\"og:type\" content=\"article\" \/>\n<meta property=\"og:title\" content=\"Aves v\u00edtimas do tr\u00e1fico s\u00e3o abrigadas pelo Centro de Reabilita\u00e7\u00e3o da CPRH - Afogados FM\" \/>\n<meta property=\"og:description\" content=\"Mais de 200 aves silvestres chegaram ao Centro de Triagem e Reabilita\u00e7\u00e3o de Animais Silvestres (Cetras), Zona Norte do Recife,\" \/>\n<meta property=\"og:url\" content=\"https:\/\/afogadosfm.com.br\/afogadosfm\/2025\/09\/26\/aves-vitimas-do-trafico-sao-abrigadas-pelo-centro-de-reabilitacao-da-cprh\/\" \/>\n<meta property=\"og:site_name\" content=\"Afogados FM\" \/>\n<meta property=\"article:published_time\" content=\"2025-09-26T09:40:20+00:00\" \/>\n<meta property=\"article:modified_time\" content=\"2025-09-26T09:40:21+00:00\" \/>\n<meta property=\"og:image\" content=\"https:\/\/afogadosfm.com.br\/afogadosfm\/wp-content\/uploads\/2025\/09\/aves.jpg\" \/>\n\t<meta property=\"og:image:width\" content=\"1200\" \/>\n\t<meta property=\"og:image:height\" content=\"1600\" \/>\n\t<meta property=\"og:image:type\" content=\"image\/jpeg\" \/>\n<meta name=\"author\" content=\"afogadosfm\" \/>\n<meta name=\"twitter:card\" content=\"summary_large_image\" \/>\n<meta name=\"twitter:label1\" content=\"Escrito por\" \/>\n\t<meta name=\"twitter:data1\" content=\"afogadosfm\" \/>\n\t<meta name=\"twitter:label2\" content=\"Est. tempo de leitura\" \/>\n\t<meta name=\"twitter:data2\" content=\"3 minutos\" \/>\n<script type=\"application\/ld+json\" class=\"yoast-schema-graph\">{\"@context\":\"https:\\\/\\\/schema.org\",\"@graph\":[{\"@type\":\"Article\",\"@id\":\"https:\\\/\\\/afogadosfm.com.br\\\/afogadosfm\\\/2025\\\/09\\\/26\\\/aves-vitimas-do-trafico-sao-abrigadas-pelo-centro-de-reabilitacao-da-cprh\\\/#article\",\"isPartOf\":{\"@id\":\"https:\\\/\\\/afogadosfm.com.br\\\/afogadosfm\\\/2025\\\/09\\\/26\\\/aves-vitimas-do-trafico-sao-abrigadas-pelo-centro-de-reabilitacao-da-cprh\\\/\"},\"author\":{\"name\":\"afogadosfm\",\"@id\":\"https:\\\/\\\/afogadosfm.com.br\\\/afogadosfm\\\/#\\\/schema\\\/person\\\/60e56f2cf5dc960fc093fe093d9e9057\"},\"headline\":\"Aves v\u00edtimas do tr\u00e1fico s\u00e3o abrigadas pelo Centro de Reabilita\u00e7\u00e3o da CPRH\",\"datePublished\":\"2025-09-26T09:40:20+00:00\",\"dateModified\":\"2025-09-26T09:40:21+00:00\",\"mainEntityOfPage\":{\"@id\":\"https:\\\/\\\/afogadosfm.com.br\\\/afogadosfm\\\/2025\\\/09\\\/26\\\/aves-vitimas-do-trafico-sao-abrigadas-pelo-centro-de-reabilitacao-da-cprh\\\/\"},\"wordCount\":516,\"commentCount\":0,\"publisher\":{\"@id\":\"https:\\\/\\\/afogadosfm.com.br\\\/afogadosfm\\\/#organization\"},\"image\":{\"@id\":\"https:\\\/\\\/afogadosfm.com.br\\\/afogadosfm\\\/2025\\\/09\\\/26\\\/aves-vitimas-do-trafico-sao-abrigadas-pelo-centro-de-reabilitacao-da-cprh\\\/#primaryimage\"},\"thumbnailUrl\":\"https:\\\/\\\/i0.wp.com\\\/afogadosfm.com.br\\\/afogadosfm\\\/wp-content\\\/uploads\\\/2025\\\/09\\\/aves.jpg?fit=1200%2C1600&ssl=1\",\"articleSection\":[\"Pernambuco\"],\"inLanguage\":\"pt-BR\",\"potentialAction\":[{\"@type\":\"CommentAction\",\"name\":\"Comment\",\"target\":[\"https:\\\/\\\/afogadosfm.com.br\\\/afogadosfm\\\/2025\\\/09\\\/26\\\/aves-vitimas-do-trafico-sao-abrigadas-pelo-centro-de-reabilitacao-da-cprh\\\/#respond\"]}]},{\"@type\":\"WebPage\",\"@id\":\"https:\\\/\\\/afogadosfm.com.br\\\/afogadosfm\\\/2025\\\/09\\\/26\\\/aves-vitimas-do-trafico-sao-abrigadas-pelo-centro-de-reabilitacao-da-cprh\\\/\",\"url\":\"https:\\\/\\\/afogadosfm.com.br\\\/afogadosfm\\\/2025\\\/09\\\/26\\\/aves-vitimas-do-trafico-sao-abrigadas-pelo-centro-de-reabilitacao-da-cprh\\\/\",\"name\":\"Aves v\u00edtimas do tr\u00e1fico s\u00e3o abrigadas pelo Centro de Reabilita\u00e7\u00e3o da CPRH - Afogados FM\",\"isPartOf\":{\"@id\":\"https:\\\/\\\/afogadosfm.com.br\\\/afogadosfm\\\/#website\"},\"primaryImageOfPage\":{\"@id\":\"https:\\\/\\\/afogadosfm.com.br\\\/afogadosfm\\\/2025\\\/09\\\/26\\\/aves-vitimas-do-trafico-sao-abrigadas-pelo-centro-de-reabilitacao-da-cprh\\\/#primaryimage\"},\"image\":{\"@id\":\"https:\\\/\\\/afogadosfm.com.br\\\/afogadosfm\\\/2025\\\/09\\\/26\\\/aves-vitimas-do-trafico-sao-abrigadas-pelo-centro-de-reabilitacao-da-cprh\\\/#primaryimage\"},\"thumbnailUrl\":\"https:\\\/\\\/i0.wp.com\\\/afogadosfm.com.br\\\/afogadosfm\\\/wp-content\\\/uploads\\\/2025\\\/09\\\/aves.jpg?fit=1200%2C1600&ssl=1\",\"datePublished\":\"2025-09-26T09:40:20+00:00\",\"dateModified\":\"2025-09-26T09:40:21+00:00\",\"breadcrumb\":{\"@id\":\"https:\\\/\\\/afogadosfm.com.br\\\/afogadosfm\\\/2025\\\/09\\\/26\\\/aves-vitimas-do-trafico-sao-abrigadas-pelo-centro-de-reabilitacao-da-cprh\\\/#breadcrumb\"},\"inLanguage\":\"pt-BR\",\"potentialAction\":[{\"@type\":\"ReadAction\",\"target\":[\"https:\\\/\\\/afogadosfm.com.br\\\/afogadosfm\\\/2025\\\/09\\\/26\\\/aves-vitimas-do-trafico-sao-abrigadas-pelo-centro-de-reabilitacao-da-cprh\\\/\"]}]},{\"@type\":\"ImageObject\",\"inLanguage\":\"pt-BR\",\"@id\":\"https:\\\/\\\/afogadosfm.com.br\\\/afogadosfm\\\/2025\\\/09\\\/26\\\/aves-vitimas-do-trafico-sao-abrigadas-pelo-centro-de-reabilitacao-da-cprh\\\/#primaryimage\",\"url\":\"https:\\\/\\\/i0.wp.com\\\/afogadosfm.com.br\\\/afogadosfm\\\/wp-content\\\/uploads\\\/2025\\\/09\\\/aves.jpg?fit=1200%2C1600&ssl=1\",\"contentUrl\":\"https:\\\/\\\/i0.wp.com\\\/afogadosfm.com.br\\\/afogadosfm\\\/wp-content\\\/uploads\\\/2025\\\/09\\\/aves.jpg?fit=1200%2C1600&ssl=1\",\"width\":1200,\"height\":1600},{\"@type\":\"BreadcrumbList\",\"@id\":\"https:\\\/\\\/afogadosfm.com.br\\\/afogadosfm\\\/2025\\\/09\\\/26\\\/aves-vitimas-do-trafico-sao-abrigadas-pelo-centro-de-reabilitacao-da-cprh\\\/#breadcrumb\",\"itemListElement\":[{\"@type\":\"ListItem\",\"position\":1,\"name\":\"In\u00edcio\",\"item\":\"https:\\\/\\\/afogadosfm.com.br\\\/afogadosfm\\\/\"},{\"@type\":\"ListItem\",\"position\":2,\"name\":\"Aves v\u00edtimas do tr\u00e1fico s\u00e3o abrigadas pelo Centro de Reabilita\u00e7\u00e3o da CPRH\"}]},{\"@type\":\"WebSite\",\"@id\":\"https:\\\/\\\/afogadosfm.com.br\\\/afogadosfm\\\/#website\",\"url\":\"https:\\\/\\\/afogadosfm.com.br\\\/afogadosfm\\\/\",\"name\":\"Afogados FM\",\"description\":\"Um site completo!\",\"publisher\":{\"@id\":\"https:\\\/\\\/afogadosfm.com.br\\\/afogadosfm\\\/#organization\"},\"potentialAction\":[{\"@type\":\"SearchAction\",\"target\":{\"@type\":\"EntryPoint\",\"urlTemplate\":\"https:\\\/\\\/afogadosfm.com.br\\\/afogadosfm\\\/?s={search_term_string}\"},\"query-input\":{\"@type\":\"PropertyValueSpecification\",\"valueRequired\":true,\"valueName\":\"search_term_string\"}}],\"inLanguage\":\"pt-BR\"},{\"@type\":\"Organization\",\"@id\":\"https:\\\/\\\/afogadosfm.com.br\\\/afogadosfm\\\/#organization\",\"name\":\"Afogados FM\",\"url\":\"https:\\\/\\\/afogadosfm.com.br\\\/afogadosfm\\\/\",\"logo\":{\"@type\":\"ImageObject\",\"inLanguage\":\"pt-BR\",\"@id\":\"https:\\\/\\\/afogadosfm.com.br\\\/afogadosfm\\\/#\\\/schema\\\/logo\\\/image\\\/\",\"url\":\"https:\\\/\\\/i0.wp.com\\\/afogadosfm.com.br\\\/afogadosfm\\\/wp-content\\\/uploads\\\/2020\\\/06\\\/cropped-banner-afogados-4.jpg?fit=369%2C137&ssl=1\",\"contentUrl\":\"https:\\\/\\\/i0.wp.com\\\/afogadosfm.com.br\\\/afogadosfm\\\/wp-content\\\/uploads\\\/2020\\\/06\\\/cropped-banner-afogados-4.jpg?fit=369%2C137&ssl=1\",\"width\":369,\"height\":137,\"caption\":\"Afogados FM\"},\"image\":{\"@id\":\"https:\\\/\\\/afogadosfm.com.br\\\/afogadosfm\\\/#\\\/schema\\\/logo\\\/image\\\/\"}},{\"@type\":\"Person\",\"@id\":\"https:\\\/\\\/afogadosfm.com.br\\\/afogadosfm\\\/#\\\/schema\\\/person\\\/60e56f2cf5dc960fc093fe093d9e9057\",\"name\":\"afogadosfm\",\"image\":{\"@type\":\"ImageObject\",\"inLanguage\":\"pt-BR\",\"@id\":\"https:\\\/\\\/secure.gravatar.com\\\/avatar\\\/e0359add7ed5dc3560906d861b52c6a8cf5c1e199d3a7dd85070998f49bd4701?s=96&d=mm&r=g\",\"url\":\"https:\\\/\\\/secure.gravatar.com\\\/avatar\\\/e0359add7ed5dc3560906d861b52c6a8cf5c1e199d3a7dd85070998f49bd4701?s=96&d=mm&r=g\",\"contentUrl\":\"https:\\\/\\\/secure.gravatar.com\\\/avatar\\\/e0359add7ed5dc3560906d861b52c6a8cf5c1e199d3a7dd85070998f49bd4701?s=96&d=mm&r=g\",\"caption\":\"afogadosfm\"},\"url\":\"https:\\\/\\\/afogadosfm.com.br\\\/afogadosfm\\\/author\\\/afogadosfm\\\/\"}]}<\/script>\n<!-- \/ Yoast SEO plugin. -->","yoast_head_json":{"title":"Aves v\u00edtimas do tr\u00e1fico s\u00e3o abrigadas pelo Centro de Reabilita\u00e7\u00e3o da CPRH - Afogados FM","robots":{"index":"index","follow":"follow","max-snippet":"max-snippet:-1","max-image-preview":"max-image-preview:large","max-video-preview":"max-video-preview:-1"},"canonical":"https:\/\/afogadosfm.com.br\/afogadosfm\/2025\/09\/26\/aves-vitimas-do-trafico-sao-abrigadas-pelo-centro-de-reabilitacao-da-cprh\/","og_locale":"pt_BR","og_type":"article","og_title":"Aves v\u00edtimas do tr\u00e1fico s\u00e3o abrigadas pelo Centro de Reabilita\u00e7\u00e3o da CPRH - Afogados FM","og_description":"Mais de 200 aves silvestres chegaram ao Centro de Triagem e Reabilita\u00e7\u00e3o de Animais Silvestres (Cetras), Zona Norte do Recife,","og_url":"https:\/\/afogadosfm.com.br\/afogadosfm\/2025\/09\/26\/aves-vitimas-do-trafico-sao-abrigadas-pelo-centro-de-reabilitacao-da-cprh\/","og_site_name":"Afogados FM","article_published_time":"2025-09-26T09:40:20+00:00","article_modified_time":"2025-09-26T09:40:21+00:00","og_image":[{"width":1200,"height":1600,"url":"https:\/\/afogadosfm.com.br\/afogadosfm\/wp-content\/uploads\/2025\/09\/aves.jpg","type":"image\/jpeg"}],"author":"afogadosfm","twitter_card":"summary_large_image","twitter_misc":{"Escrito por":"afogadosfm","Est. tempo de leitura":"3 minutos"},"schema":{"@context":"https:\/\/schema.org","@graph":[{"@type":"Article","@id":"https:\/\/afogadosfm.com.br\/afogadosfm\/2025\/09\/26\/aves-vitimas-do-trafico-sao-abrigadas-pelo-centro-de-reabilitacao-da-cprh\/#article","isPartOf":{"@id":"https:\/\/afogadosfm.com.br\/afogadosfm\/2025\/09\/26\/aves-vitimas-do-trafico-sao-abrigadas-pelo-centro-de-reabilitacao-da-cprh\/"},"author":{"name":"afogadosfm","@id":"https:\/\/afogadosfm.com.br\/afogadosfm\/#\/schema\/person\/60e56f2cf5dc960fc093fe093d9e9057"},"headline":"Aves v\u00edtimas do tr\u00e1fico s\u00e3o abrigadas pelo Centro de Reabilita\u00e7\u00e3o da CPRH","datePublished":"2025-09-26T09:40:20+00:00","dateModified":"2025-09-26T09:40:21+00:00","mainEntityOfPage":{"@id":"https:\/\/afogadosfm.com.br\/afogadosfm\/2025\/09\/26\/aves-vitimas-do-trafico-sao-abrigadas-pelo-centro-de-reabilitacao-da-cprh\/"},"wordCount":516,"commentCount":0,"publisher":{"@id":"https:\/\/afogadosfm.com.br\/afogadosfm\/#organization"},"image":{"@id":"https:\/\/afogadosfm.com.br\/afogadosfm\/2025\/09\/26\/aves-vitimas-do-trafico-sao-abrigadas-pelo-centro-de-reabilitacao-da-cprh\/#primaryimage"},"thumbnailUrl":"https:\/\/i0.wp.com\/afogadosfm.com.br\/afogadosfm\/wp-content\/uploads\/2025\/09\/aves.jpg?fit=1200%2C1600&ssl=1","articleSection":["Pernambuco"],"inLanguage":"pt-BR","potentialAction":[{"@type":"CommentAction","name":"Comment","target":["https:\/\/afogadosfm.com.br\/afogadosfm\/2025\/09\/26\/aves-vitimas-do-trafico-sao-abrigadas-pelo-centro-de-reabilitacao-da-cprh\/#respond"]}]},{"@type":"WebPage","@id":"https:\/\/afogadosfm.com.br\/afogadosfm\/2025\/09\/26\/aves-vitimas-do-trafico-sao-abrigadas-pelo-centro-de-reabilitacao-da-cprh\/","url":"https:\/\/afogadosfm.com.br\/afogadosfm\/2025\/09\/26\/aves-vitimas-do-trafico-sao-abrigadas-pelo-centro-de-reabilitacao-da-cprh\/","name":"Aves v\u00edtimas do tr\u00e1fico s\u00e3o abrigadas pelo Centro de Reabilita\u00e7\u00e3o da CPRH - Afogados FM","isPartOf":{"@id":"https:\/\/afogadosfm.com.br\/afogadosfm\/#website"},"primaryImageOfPage":{"@id":"https:\/\/afogadosfm.com.br\/afogadosfm\/2025\/09\/26\/aves-vitimas-do-trafico-sao-abrigadas-pelo-centro-de-reabilitacao-da-cprh\/#primaryimage"},"image":{"@id":"https:\/\/afogadosfm.com.br\/afogadosfm\/2025\/09\/26\/aves-vitimas-do-trafico-sao-abrigadas-pelo-centro-de-reabilitacao-da-cprh\/#primaryimage"},"thumbnailUrl":"https:\/\/i0.wp.com\/afogadosfm.com.br\/afogadosfm\/wp-content\/uploads\/2025\/09\/aves.jpg?fit=1200%2C1600&ssl=1","datePublished":"2025-09-26T09:40:20+00:00","dateModified":"2025-09-26T09:40:21+00:00","breadcrumb":{"@id":"https:\/\/afogadosfm.com.br\/afogadosfm\/2025\/09\/26\/aves-vitimas-do-trafico-sao-abrigadas-pelo-centro-de-reabilitacao-da-cprh\/#breadcrumb"},"inLanguage":"pt-BR","potentialAction":[{"@type":"ReadAction","target":["https:\/\/afogadosfm.com.br\/afogadosfm\/2025\/09\/26\/aves-vitimas-do-trafico-sao-abrigadas-pelo-centro-de-reabilitacao-da-cprh\/"]}]},{"@type":"ImageObject","inLanguage":"pt-BR","@id":"https:\/\/afogadosfm.com.br\/afogadosfm\/2025\/09\/26\/aves-vitimas-do-trafico-sao-abrigadas-pelo-centro-de-reabilitacao-da-cprh\/#primaryimage","url":"https:\/\/i0.wp.com\/afogadosfm.com.br\/afogadosfm\/wp-content\/uploads\/2025\/09\/aves.jpg?fit=1200%2C1600&ssl=1","contentUrl":"https:\/\/i0.wp.com\/afogadosfm.com.br\/afogadosfm\/wp-content\/uploads\/2025\/09\/aves.jpg?fit=1200%2C1600&ssl=1","width":1200,"height":1600},{"@type":"BreadcrumbList","@id":"https:\/\/afogadosfm.com.br\/afogadosfm\/2025\/09\/26\/aves-vitimas-do-trafico-sao-abrigadas-pelo-centro-de-reabilitacao-da-cprh\/#breadcrumb","itemListElement":[{"@type":"ListItem","position":1,"name":"In\u00edcio","item":"https:\/\/afogadosfm.com.br\/afogadosfm\/"},{"@type":"ListItem","position":2,"name":"Aves v\u00edtimas do tr\u00e1fico s\u00e3o abrigadas pelo Centro de Reabilita\u00e7\u00e3o da CPRH"}]},{"@type":"WebSite","@id":"https:\/\/afogadosfm.com.br\/afogadosfm\/#website","url":"https:\/\/afogadosfm.com.br\/afogadosfm\/","name":"Afogados FM","description":"Um site completo!","publisher":{"@id":"https:\/\/afogadosfm.com.br\/afogadosfm\/#organization"},"potentialAction":[{"@type":"SearchAction","target":{"@type":"EntryPoint","urlTemplate":"https:\/\/afogadosfm.com.br\/afogadosfm\/?s={search_term_string}"},"query-input":{"@type":"PropertyValueSpecification","valueRequired":true,"valueName":"search_term_string"}}],"inLanguage":"pt-BR"},{"@type":"Organization","@id":"https:\/\/afogadosfm.com.br\/afogadosfm\/#organization","name":"Afogados FM","url":"https:\/\/afogadosfm.com.br\/afogadosfm\/","logo":{"@type":"ImageObject","inLanguage":"pt-BR","@id":"https:\/\/afogadosfm.com.br\/afogadosfm\/#\/schema\/logo\/image\/","url":"https:\/\/i0.wp.com\/afogadosfm.com.br\/afogadosfm\/wp-content\/uploads\/2020\/06\/cropped-banner-afogados-4.jpg?fit=369%2C137&ssl=1","contentUrl":"https:\/\/i0.wp.com\/afogadosfm.com.br\/afogadosfm\/wp-content\/uploads\/2020\/06\/cropped-banner-afogados-4.jpg?fit=369%2C137&ssl=1","width":369,"height":137,"caption":"Afogados FM"},"image":{"@id":"https:\/\/afogadosfm.com.br\/afogadosfm\/#\/schema\/logo\/image\/"}},{"@type":"Person","@id":"https:\/\/afogadosfm.com.br\/afogadosfm\/#\/schema\/person\/60e56f2cf5dc960fc093fe093d9e9057","name":"afogadosfm","image":{"@type":"ImageObject","inLanguage":"pt-BR","@id":"https:\/\/secure.gravatar.com\/avatar\/e0359add7ed5dc3560906d861b52c6a8cf5c1e199d3a7dd85070998f49bd4701?s=96&d=mm&r=g","url":"https:\/\/secure.gravatar.com\/avatar\/e0359add7ed5dc3560906d861b52c6a8cf5c1e199d3a7dd85070998f49bd4701?s=96&d=mm&r=g","contentUrl":"https:\/\/secure.gravatar.com\/avatar\/e0359add7ed5dc3560906d861b52c6a8cf5c1e199d3a7dd85070998f49bd4701?s=96&d=mm&r=g","caption":"afogadosfm"},"url":"https:\/\/afogadosfm.com.br\/afogadosfm\/author\/afogadosfm\/"}]}},"jetpack_publicize_connections":[],"jetpack_featured_media_url":"https:\/\/i0.wp.com\/afogadosfm.com.br\/afogadosfm\/wp-content\/uploads\/2025\/09\/aves.jpg?fit=1200%2C1600&ssl=1","jetpack-related-posts":[],"jetpack_sharing_enabled":true,"jetpack_likes_enabled":true,"_links":{"self":[{"href":"https:\/\/afogadosfm.com.br\/afogadosfm\/wp-json\/wp\/v2\/posts\/69356","targetHints":{"allow":["GET"]}}],"collection":[{"href":"https:\/\/afogadosfm.com.br\/afogadosfm\/wp-json\/wp\/v2\/posts"}],"about":[{"href":"https:\/\/afogadosfm.com.br\/afogadosfm\/wp-json\/wp\/v2\/types\/post"}],"author":[{"embeddable":true,"href":"https:\/\/afogadosfm.com.br\/afogadosfm\/wp-json\/wp\/v2\/users\/2"}],"replies":[{"embeddable":true,"href":"https:\/\/afogadosfm.com.br\/afogadosfm\/wp-json\/wp\/v2\/comments?post=69356"}],"version-history":[{"count":1,"href":"https:\/\/afogadosfm.com.br\/afogadosfm\/wp-json\/wp\/v2\/posts\/69356\/revisions"}],"predecessor-version":[{"id":69358,"href":"https:\/\/afogadosfm.com.br\/afogadosfm\/wp-json\/wp\/v2\/posts\/69356\/revisions\/69358"}],"wp:featuredmedia":[{"embeddable":true,"href":"https:\/\/afogadosfm.com.br\/afogadosfm\/wp-json\/wp\/v2\/media\/69357"}],"wp:attachment":[{"href":"https:\/\/afogadosfm.com.br\/afogadosfm\/wp-json\/wp\/v2\/media?parent=69356"}],"wp:term":[{"taxonomy":"category","embeddable":true,"href":"https:\/\/afogadosfm.com.br\/afogadosfm\/wp-json\/wp\/v2\/categories?post=69356"},{"taxonomy":"post_tag","embeddable":true,"href":"https:\/\/afogadosfm.com.br\/afogadosfm\/wp-json\/wp\/v2\/tags?post=69356"}],"curies":[{"name":"wp","href":"https:\/\/api.w.org\/{rel}","templated":true}]}}