{"id":69362,"date":"2025-09-26T06:53:13","date_gmt":"2025-09-26T09:53:13","guid":{"rendered":"https:\/\/afogadosfm.com.br\/afogadosfm\/?p=69362"},"modified":"2025-09-26T06:53:14","modified_gmt":"2025-09-26T09:53:14","slug":"camara-premia-criancas-e-adolescentes-vencedores-do-concurso-eu-e-a-lei-com-foco-no-direito-a-informacao","status":"publish","type":"post","link":"https:\/\/afogadosfm.com.br\/afogadosfm\/2025\/09\/26\/camara-premia-criancas-e-adolescentes-vencedores-do-concurso-eu-e-a-lei-com-foco-no-direito-a-informacao\/","title":{"rendered":"C\u00e2mara premia crian\u00e7as e adolescentes vencedores do concurso \u201cEu e a Lei\u201d com foco no direito \u00e0 informa\u00e7\u00e3o"},"content":{"rendered":"\n<p>A C\u00e2mara dos Deputados premiou (em 25\/09) os vencedores da terceira edi\u00e7\u00e3o do concurso \u201cEu e a Lei\u201d, que mobiliza jovens de todo o pa\u00eds a contar o impacto das leis em suas vidas por meio de programas radiof\u00f4nicos ou podcats de um a cinco minutos de dura\u00e7\u00e3o. O tema foi \u201cDireito \u00e0 informa\u00e7\u00e3o\u201d, sobretudo no \u00e2mbito do Estatuto da Crian\u00e7a e do Adolescente (Lei 8.69\/90), que completa 35 anos. O concurso recebeu 84 obras das cinco regi\u00f5es do Brasil, como destacou a jornalista da R\u00e1dio C\u00e2mara Cibelle Colmanetti, integrante da comiss\u00e3o julgadora.<\/p>\n\n\n\n<p>\u201cIsso demonstra a for\u00e7a e a capilaridade do concurso e mostra que os adolescentes e as crian\u00e7as se interessam sim por pol\u00edtica e t\u00eam muito a dizer sobre fake-news, direito \u00e0 verdade, direito a informa\u00e7\u00f5es adequadas a cada faixa et\u00e1ria, equidade no acesso \u00e0 informa\u00e7\u00e3o, comunica\u00e7\u00e3o acess\u00edvel a p\u00fablicos com diferentes necessidades, entre v\u00e1rios outros pontos abordados nos programas\u201d.<\/p>\n\n\n\n<p>O Plenarinho, portal infanto juvenil da C\u00e2mara, tamb\u00e9m integra a comiss\u00e3o julgadora. Ao parabenizar os vencedores, o secret\u00e1rio de comunica\u00e7\u00e3o social da C\u00e2mara, deputado Marx Beltr\u00e3o (PP-AL), exaltou a criatividade de crian\u00e7as e adolescentes e o incentivo dos professores e das escolas.<\/p>\n\n\n\n<p>\u201cEste concurso nasceu para mostrar que pol\u00edtica e cidadania n\u00e3o s\u00e3o coisas distantes nem complicadas. Ao contr\u00e1rio, t\u00eam tudo a ver com a vida real e, claro, com o futuro de cada um de voc\u00eas. E voc\u00eas mostraram, com criatividade e coragem, que sabem discutir isso muito bem. A democracia se fortalece quando damos voz \u00e0 juventude e valorizamos quem a forma\u201d.<\/p>\n\n\n\n<p>O concurso foi dividido em duas categorias de acordo com a faixa et\u00e1ria. Bruna Reis, da Escola Estadual Jarbas Passarinho, em Bel\u00e9m, no Par\u00e1, venceu na categoria de 10 a 14 anos com o programete \u201cFake-news: cuidado com o que voc\u00ea acredita\u201d.<\/p>\n\n\n\n<p>\u201cSe voc\u00ea viu uma not\u00edcia estranha, pare, pense e confira em outros lugares. N\u00e3o acredite em tudo o que aparece na internet\u201d.<\/p>\n\n\n\n<p>Na premia\u00e7\u00e3o, Bruna citou o apoio do professor Benedito Machado, que, h\u00e1 v\u00e1rios anos, desenvolve o projeto R\u00e1dio Passarinho em Bel\u00e9m, voltado para crian\u00e7as como ela.<\/p>\n\n\n\n<p>\u201cO meu professor conversou com a minha m\u00e3e e falou sobre esse programa. Eu falei que eu queria participar, porque acho muito importante a gente ter essa comunica\u00e7\u00e3o\u201d.<\/p>\n\n\n\n<p>Andressa Ara\u00fajo, Luiza Nunes e Cau\u00ea Ortiz, do Col\u00e9gio Tiradentes da Brigada Militar do Rio Grande do Sul, em Porto Alegre, foram os vencedores da categoria de 15 a 17 anos com o podcast \u201cInforma\u00e7\u00e3o na Palma da M\u00e3o\u201d.<\/p>\n\n\n\n<p>\u201cO podcast que acredita que direito n\u00e3o \u00e9 op\u00e7\u00e3o, \u00e9 obriga\u00e7\u00e3o. A informa\u00e7\u00e3o pode mudar destinos, proteger vidas e garantir os nossos direitos. Mas, ser\u00e1 que ela est\u00e1 mesmo chegando para todos os jovens do Brasil?\u201d<\/p>\n\n\n\n<p>Cursando o segundo ano do ensino m\u00e9dio, Andressa agradeceu o incentivo da professora Liziane Bacchi e a oportunidade proporcionada pelo concurso da C\u00e2mara.<\/p>\n\n\n\n<p>\u201cConcursos como \u2018Eu e a Lei\u2019 s\u00e3o fundamentais e valiosos porque nos desafiam a transformar conhecimento em a\u00e7\u00e3o. Eles despertam em n\u00f3s, jovens, o interesse por temas importantes, nos ajudam a desenvolver compet\u00eancias que levaremos para a vida inteira e nos motivam a ser agentes de mudan\u00e7a\u201d.<\/p>\n\n\n\n<p>A cerim\u00f4nia ainda homenageou os sete programas que receberam men\u00e7\u00e3o honrosa neste ano, entre eles o podcast \u201cNem toda not\u00edcia \u00e9 verdadeira. E agora?\u201d, feito por estudantes da Associa\u00e7\u00e3o Viver. O professor Vitor Freitas revelou a import\u00e2ncia da premia\u00e7\u00e3o para as crian\u00e7as que vivem em local emblem\u00e1tico de Bras\u00edlia.<\/p>\n\n\n\n<p>\u201cA Estrutural \u00e9 uma regi\u00e3o muito carente e com muitas crian\u00e7as em situa\u00e7\u00e3o de vulnerabilidade social. H\u00e1 28 anos, esse projeto foi iniciado ali, ao lado do antigo lix\u00e3o, e muitas delas t\u00eam a sensa\u00e7\u00e3o de que participar de projetos como esse \u00e9 uma realidade muito distante. Mas n\u00f3s podemos mostrar que o futuro delas \u00e9 muito promissor\u201d.<\/p>\n\n\n\n<p>Na mesma linha, o professor Benedito Machado, l\u00e1 de Bel\u00e9m, citou o papel questionador das crian\u00e7as para provocar reflex\u00f5es e consensos entre os adultos. Segundo ele, \u201cisso \u00e9 pol\u00edtica\u201d. Machado tamb\u00e9m celebrou o fato de a premia\u00e7\u00e3o ocorrer no Dia Nacional do R\u00e1dio, em 25 de setembro.<\/p>\n\n\n\n<p>\u201cA televis\u00e3o chegou: acabou o r\u00e1dio. Chegou a internet: acabou o r\u00e1dio. Quero incentivar a todos que usem o r\u00e1dio. O r\u00e1dio se modernizou: hoje, pela possibilidade da internet, voc\u00ea ouve r\u00e1dio em qualquer lugar do mundo, a qualquer hora e ainda reprisam os programas\u201d.<\/p>\n\n\n\n<p>Pois \u00e9, as obras vencedoras e as men\u00e7\u00f5es honrosas j\u00e1 foram mostradas no programa \u201c15 Minutos de Cidadania\u201d da R\u00e1dio C\u00e2mara e podem ser ouvidas, a qualquer hora, na p\u00e1gina do concurso (cd.leg.br\/euealei). Um coral de crian\u00e7as da Associa\u00e7\u00e3o Viver deixou recados durante a premia\u00e7\u00e3o do concurso \u201cEu e a Lei\u201d.<\/p>\n\n\n\n<p>\u201cAh, se o mundo inteiro me pudesse ouvir, tenho muito pra contar, dizer que aprendi&#8230;\u201d.<\/p>\n\n\n\n<p>Da R\u00e1dio C\u00e2mara, de Bras\u00edlia, Jos\u00e9 Carlos Oliveira<\/p>\n","protected":false},"excerpt":{"rendered":"<p>A C\u00e2mara dos Deputados premiou (em 25\/09) os vencedores da terceira edi\u00e7\u00e3o do concurso \u201cEu e a Lei\u201d, que mobiliza<\/p>\n","protected":false},"author":2,"featured_media":31179,"comment_status":"open","ping_status":"open","sticky":false,"template":"","format":"standard","meta":{"jetpack_post_was_ever_published":false,"_jetpack_newsletter_access":"","_jetpack_dont_email_post_to_subs":false,"_jetpack_newsletter_tier_id":0,"_jetpack_memberships_contains_paywalled_content":false,"_jetpack_memberships_contains_paid_content":false,"footnotes":"","jetpack_publicize_message":"","jetpack_publicize_feature_enabled":true,"jetpack_social_post_already_shared":true,"jetpack_social_options":{"image_generator_settings":{"template":"highway","default_image_id":0,"font":"","enabled":false},"version":2}},"categories":[12],"tags":[],"class_list":["post-69362","post","type-post","status-publish","format-standard","has-post-thumbnail","hentry","category-brasil"],"yoast_head":"<!-- This site is optimized with the Yoast SEO plugin v27.5 - https:\/\/yoast.com\/product\/yoast-seo-wordpress\/ -->\n<title>C\u00e2mara premia crian\u00e7as e adolescentes vencedores do concurso \u201cEu e a Lei\u201d com foco no direito \u00e0 informa\u00e7\u00e3o - Afogados FM<\/title>\n<meta name=\"robots\" content=\"index, follow, max-snippet:-1, max-image-preview:large, max-video-preview:-1\" \/>\n<link rel=\"canonical\" href=\"https:\/\/afogadosfm.com.br\/afogadosfm\/2025\/09\/26\/camara-premia-criancas-e-adolescentes-vencedores-do-concurso-eu-e-a-lei-com-foco-no-direito-a-informacao\/\" \/>\n<meta property=\"og:locale\" content=\"pt_BR\" \/>\n<meta property=\"og:type\" content=\"article\" \/>\n<meta property=\"og:title\" content=\"C\u00e2mara premia crian\u00e7as e adolescentes vencedores do concurso \u201cEu e a Lei\u201d com foco no direito \u00e0 informa\u00e7\u00e3o - Afogados FM\" \/>\n<meta property=\"og:description\" content=\"A C\u00e2mara dos Deputados premiou (em 25\/09) os vencedores da terceira edi\u00e7\u00e3o do concurso \u201cEu e a Lei\u201d, que mobiliza\" \/>\n<meta property=\"og:url\" content=\"https:\/\/afogadosfm.com.br\/afogadosfm\/2025\/09\/26\/camara-premia-criancas-e-adolescentes-vencedores-do-concurso-eu-e-a-lei-com-foco-no-direito-a-informacao\/\" \/>\n<meta property=\"og:site_name\" content=\"Afogados FM\" \/>\n<meta property=\"article:published_time\" content=\"2025-09-26T09:53:13+00:00\" \/>\n<meta property=\"article:modified_time\" content=\"2025-09-26T09:53:14+00:00\" \/>\n<meta property=\"og:image\" content=\"https:\/\/afogadosfm.com.br\/afogadosfm\/wp-content\/uploads\/2021\/09\/radio_63_anos2805219002_0.jpg\" \/>\n\t<meta property=\"og:image:width\" content=\"1170\" \/>\n\t<meta property=\"og:image:height\" content=\"700\" \/>\n\t<meta property=\"og:image:type\" content=\"image\/jpeg\" \/>\n<meta name=\"author\" content=\"afogadosfm\" \/>\n<meta name=\"twitter:card\" content=\"summary_large_image\" \/>\n<meta name=\"twitter:label1\" content=\"Escrito por\" \/>\n\t<meta name=\"twitter:data1\" content=\"afogadosfm\" \/>\n\t<meta name=\"twitter:label2\" content=\"Est. tempo de leitura\" \/>\n\t<meta name=\"twitter:data2\" content=\"5 minutos\" \/>\n<script type=\"application\/ld+json\" class=\"yoast-schema-graph\">{\"@context\":\"https:\\\/\\\/schema.org\",\"@graph\":[{\"@type\":\"Article\",\"@id\":\"https:\\\/\\\/afogadosfm.com.br\\\/afogadosfm\\\/2025\\\/09\\\/26\\\/camara-premia-criancas-e-adolescentes-vencedores-do-concurso-eu-e-a-lei-com-foco-no-direito-a-informacao\\\/#article\",\"isPartOf\":{\"@id\":\"https:\\\/\\\/afogadosfm.com.br\\\/afogadosfm\\\/2025\\\/09\\\/26\\\/camara-premia-criancas-e-adolescentes-vencedores-do-concurso-eu-e-a-lei-com-foco-no-direito-a-informacao\\\/\"},\"author\":{\"name\":\"afogadosfm\",\"@id\":\"https:\\\/\\\/afogadosfm.com.br\\\/afogadosfm\\\/#\\\/schema\\\/person\\\/60e56f2cf5dc960fc093fe093d9e9057\"},\"headline\":\"C\u00e2mara premia crian\u00e7as e adolescentes vencedores do concurso \u201cEu e a Lei\u201d com foco no direito \u00e0 informa\u00e7\u00e3o\",\"datePublished\":\"2025-09-26T09:53:13+00:00\",\"dateModified\":\"2025-09-26T09:53:14+00:00\",\"mainEntityOfPage\":{\"@id\":\"https:\\\/\\\/afogadosfm.com.br\\\/afogadosfm\\\/2025\\\/09\\\/26\\\/camara-premia-criancas-e-adolescentes-vencedores-do-concurso-eu-e-a-lei-com-foco-no-direito-a-informacao\\\/\"},\"wordCount\":894,\"commentCount\":0,\"publisher\":{\"@id\":\"https:\\\/\\\/afogadosfm.com.br\\\/afogadosfm\\\/#organization\"},\"image\":{\"@id\":\"https:\\\/\\\/afogadosfm.com.br\\\/afogadosfm\\\/2025\\\/09\\\/26\\\/camara-premia-criancas-e-adolescentes-vencedores-do-concurso-eu-e-a-lei-com-foco-no-direito-a-informacao\\\/#primaryimage\"},\"thumbnailUrl\":\"https:\\\/\\\/i0.wp.com\\\/afogadosfm.com.br\\\/afogadosfm\\\/wp-content\\\/uploads\\\/2021\\\/09\\\/radio_63_anos2805219002_0.jpg?fit=1170%2C700&ssl=1\",\"articleSection\":[\"Brasil\"],\"inLanguage\":\"pt-BR\",\"potentialAction\":[{\"@type\":\"CommentAction\",\"name\":\"Comment\",\"target\":[\"https:\\\/\\\/afogadosfm.com.br\\\/afogadosfm\\\/2025\\\/09\\\/26\\\/camara-premia-criancas-e-adolescentes-vencedores-do-concurso-eu-e-a-lei-com-foco-no-direito-a-informacao\\\/#respond\"]}]},{\"@type\":\"WebPage\",\"@id\":\"https:\\\/\\\/afogadosfm.com.br\\\/afogadosfm\\\/2025\\\/09\\\/26\\\/camara-premia-criancas-e-adolescentes-vencedores-do-concurso-eu-e-a-lei-com-foco-no-direito-a-informacao\\\/\",\"url\":\"https:\\\/\\\/afogadosfm.com.br\\\/afogadosfm\\\/2025\\\/09\\\/26\\\/camara-premia-criancas-e-adolescentes-vencedores-do-concurso-eu-e-a-lei-com-foco-no-direito-a-informacao\\\/\",\"name\":\"C\u00e2mara premia crian\u00e7as e adolescentes vencedores do concurso \u201cEu e a Lei\u201d com foco no direito \u00e0 informa\u00e7\u00e3o - Afogados FM\",\"isPartOf\":{\"@id\":\"https:\\\/\\\/afogadosfm.com.br\\\/afogadosfm\\\/#website\"},\"primaryImageOfPage\":{\"@id\":\"https:\\\/\\\/afogadosfm.com.br\\\/afogadosfm\\\/2025\\\/09\\\/26\\\/camara-premia-criancas-e-adolescentes-vencedores-do-concurso-eu-e-a-lei-com-foco-no-direito-a-informacao\\\/#primaryimage\"},\"image\":{\"@id\":\"https:\\\/\\\/afogadosfm.com.br\\\/afogadosfm\\\/2025\\\/09\\\/26\\\/camara-premia-criancas-e-adolescentes-vencedores-do-concurso-eu-e-a-lei-com-foco-no-direito-a-informacao\\\/#primaryimage\"},\"thumbnailUrl\":\"https:\\\/\\\/i0.wp.com\\\/afogadosfm.com.br\\\/afogadosfm\\\/wp-content\\\/uploads\\\/2021\\\/09\\\/radio_63_anos2805219002_0.jpg?fit=1170%2C700&ssl=1\",\"datePublished\":\"2025-09-26T09:53:13+00:00\",\"dateModified\":\"2025-09-26T09:53:14+00:00\",\"breadcrumb\":{\"@id\":\"https:\\\/\\\/afogadosfm.com.br\\\/afogadosfm\\\/2025\\\/09\\\/26\\\/camara-premia-criancas-e-adolescentes-vencedores-do-concurso-eu-e-a-lei-com-foco-no-direito-a-informacao\\\/#breadcrumb\"},\"inLanguage\":\"pt-BR\",\"potentialAction\":[{\"@type\":\"ReadAction\",\"target\":[\"https:\\\/\\\/afogadosfm.com.br\\\/afogadosfm\\\/2025\\\/09\\\/26\\\/camara-premia-criancas-e-adolescentes-vencedores-do-concurso-eu-e-a-lei-com-foco-no-direito-a-informacao\\\/\"]}]},{\"@type\":\"ImageObject\",\"inLanguage\":\"pt-BR\",\"@id\":\"https:\\\/\\\/afogadosfm.com.br\\\/afogadosfm\\\/2025\\\/09\\\/26\\\/camara-premia-criancas-e-adolescentes-vencedores-do-concurso-eu-e-a-lei-com-foco-no-direito-a-informacao\\\/#primaryimage\",\"url\":\"https:\\\/\\\/i0.wp.com\\\/afogadosfm.com.br\\\/afogadosfm\\\/wp-content\\\/uploads\\\/2021\\\/09\\\/radio_63_anos2805219002_0.jpg?fit=1170%2C700&ssl=1\",\"contentUrl\":\"https:\\\/\\\/i0.wp.com\\\/afogadosfm.com.br\\\/afogadosfm\\\/wp-content\\\/uploads\\\/2021\\\/09\\\/radio_63_anos2805219002_0.jpg?fit=1170%2C700&ssl=1\",\"width\":1170,\"height\":700,\"caption\":\"R\u00e1dio digital, R\u00e1dios EBC,R\u00e1dio AM celular\"},{\"@type\":\"BreadcrumbList\",\"@id\":\"https:\\\/\\\/afogadosfm.com.br\\\/afogadosfm\\\/2025\\\/09\\\/26\\\/camara-premia-criancas-e-adolescentes-vencedores-do-concurso-eu-e-a-lei-com-foco-no-direito-a-informacao\\\/#breadcrumb\",\"itemListElement\":[{\"@type\":\"ListItem\",\"position\":1,\"name\":\"In\u00edcio\",\"item\":\"https:\\\/\\\/afogadosfm.com.br\\\/afogadosfm\\\/\"},{\"@type\":\"ListItem\",\"position\":2,\"name\":\"C\u00e2mara premia crian\u00e7as e adolescentes vencedores do concurso \u201cEu e a Lei\u201d com foco no direito \u00e0 informa\u00e7\u00e3o\"}]},{\"@type\":\"WebSite\",\"@id\":\"https:\\\/\\\/afogadosfm.com.br\\\/afogadosfm\\\/#website\",\"url\":\"https:\\\/\\\/afogadosfm.com.br\\\/afogadosfm\\\/\",\"name\":\"Afogados FM\",\"description\":\"Um site completo!\",\"publisher\":{\"@id\":\"https:\\\/\\\/afogadosfm.com.br\\\/afogadosfm\\\/#organization\"},\"potentialAction\":[{\"@type\":\"SearchAction\",\"target\":{\"@type\":\"EntryPoint\",\"urlTemplate\":\"https:\\\/\\\/afogadosfm.com.br\\\/afogadosfm\\\/?s={search_term_string}\"},\"query-input\":{\"@type\":\"PropertyValueSpecification\",\"valueRequired\":true,\"valueName\":\"search_term_string\"}}],\"inLanguage\":\"pt-BR\"},{\"@type\":\"Organization\",\"@id\":\"https:\\\/\\\/afogadosfm.com.br\\\/afogadosfm\\\/#organization\",\"name\":\"Afogados FM\",\"url\":\"https:\\\/\\\/afogadosfm.com.br\\\/afogadosfm\\\/\",\"logo\":{\"@type\":\"ImageObject\",\"inLanguage\":\"pt-BR\",\"@id\":\"https:\\\/\\\/afogadosfm.com.br\\\/afogadosfm\\\/#\\\/schema\\\/logo\\\/image\\\/\",\"url\":\"https:\\\/\\\/i0.wp.com\\\/afogadosfm.com.br\\\/afogadosfm\\\/wp-content\\\/uploads\\\/2020\\\/06\\\/cropped-banner-afogados-4.jpg?fit=369%2C137&ssl=1\",\"contentUrl\":\"https:\\\/\\\/i0.wp.com\\\/afogadosfm.com.br\\\/afogadosfm\\\/wp-content\\\/uploads\\\/2020\\\/06\\\/cropped-banner-afogados-4.jpg?fit=369%2C137&ssl=1\",\"width\":369,\"height\":137,\"caption\":\"Afogados FM\"},\"image\":{\"@id\":\"https:\\\/\\\/afogadosfm.com.br\\\/afogadosfm\\\/#\\\/schema\\\/logo\\\/image\\\/\"}},{\"@type\":\"Person\",\"@id\":\"https:\\\/\\\/afogadosfm.com.br\\\/afogadosfm\\\/#\\\/schema\\\/person\\\/60e56f2cf5dc960fc093fe093d9e9057\",\"name\":\"afogadosfm\",\"image\":{\"@type\":\"ImageObject\",\"inLanguage\":\"pt-BR\",\"@id\":\"https:\\\/\\\/secure.gravatar.com\\\/avatar\\\/e0359add7ed5dc3560906d861b52c6a8cf5c1e199d3a7dd85070998f49bd4701?s=96&d=mm&r=g\",\"url\":\"https:\\\/\\\/secure.gravatar.com\\\/avatar\\\/e0359add7ed5dc3560906d861b52c6a8cf5c1e199d3a7dd85070998f49bd4701?s=96&d=mm&r=g\",\"contentUrl\":\"https:\\\/\\\/secure.gravatar.com\\\/avatar\\\/e0359add7ed5dc3560906d861b52c6a8cf5c1e199d3a7dd85070998f49bd4701?s=96&d=mm&r=g\",\"caption\":\"afogadosfm\"},\"url\":\"https:\\\/\\\/afogadosfm.com.br\\\/afogadosfm\\\/author\\\/afogadosfm\\\/\"}]}<\/script>\n<!-- \/ Yoast SEO plugin. -->","yoast_head_json":{"title":"C\u00e2mara premia crian\u00e7as e adolescentes vencedores do concurso \u201cEu e a Lei\u201d com foco no direito \u00e0 informa\u00e7\u00e3o - Afogados FM","robots":{"index":"index","follow":"follow","max-snippet":"max-snippet:-1","max-image-preview":"max-image-preview:large","max-video-preview":"max-video-preview:-1"},"canonical":"https:\/\/afogadosfm.com.br\/afogadosfm\/2025\/09\/26\/camara-premia-criancas-e-adolescentes-vencedores-do-concurso-eu-e-a-lei-com-foco-no-direito-a-informacao\/","og_locale":"pt_BR","og_type":"article","og_title":"C\u00e2mara premia crian\u00e7as e adolescentes vencedores do concurso \u201cEu e a Lei\u201d com foco no direito \u00e0 informa\u00e7\u00e3o - Afogados FM","og_description":"A C\u00e2mara dos Deputados premiou (em 25\/09) os vencedores da terceira edi\u00e7\u00e3o do concurso \u201cEu e a Lei\u201d, que mobiliza","og_url":"https:\/\/afogadosfm.com.br\/afogadosfm\/2025\/09\/26\/camara-premia-criancas-e-adolescentes-vencedores-do-concurso-eu-e-a-lei-com-foco-no-direito-a-informacao\/","og_site_name":"Afogados FM","article_published_time":"2025-09-26T09:53:13+00:00","article_modified_time":"2025-09-26T09:53:14+00:00","og_image":[{"width":1170,"height":700,"url":"https:\/\/afogadosfm.com.br\/afogadosfm\/wp-content\/uploads\/2021\/09\/radio_63_anos2805219002_0.jpg","type":"image\/jpeg"}],"author":"afogadosfm","twitter_card":"summary_large_image","twitter_misc":{"Escrito por":"afogadosfm","Est. tempo de leitura":"5 minutos"},"schema":{"@context":"https:\/\/schema.org","@graph":[{"@type":"Article","@id":"https:\/\/afogadosfm.com.br\/afogadosfm\/2025\/09\/26\/camara-premia-criancas-e-adolescentes-vencedores-do-concurso-eu-e-a-lei-com-foco-no-direito-a-informacao\/#article","isPartOf":{"@id":"https:\/\/afogadosfm.com.br\/afogadosfm\/2025\/09\/26\/camara-premia-criancas-e-adolescentes-vencedores-do-concurso-eu-e-a-lei-com-foco-no-direito-a-informacao\/"},"author":{"name":"afogadosfm","@id":"https:\/\/afogadosfm.com.br\/afogadosfm\/#\/schema\/person\/60e56f2cf5dc960fc093fe093d9e9057"},"headline":"C\u00e2mara premia crian\u00e7as e adolescentes vencedores do concurso \u201cEu e a Lei\u201d com foco no direito \u00e0 informa\u00e7\u00e3o","datePublished":"2025-09-26T09:53:13+00:00","dateModified":"2025-09-26T09:53:14+00:00","mainEntityOfPage":{"@id":"https:\/\/afogadosfm.com.br\/afogadosfm\/2025\/09\/26\/camara-premia-criancas-e-adolescentes-vencedores-do-concurso-eu-e-a-lei-com-foco-no-direito-a-informacao\/"},"wordCount":894,"commentCount":0,"publisher":{"@id":"https:\/\/afogadosfm.com.br\/afogadosfm\/#organization"},"image":{"@id":"https:\/\/afogadosfm.com.br\/afogadosfm\/2025\/09\/26\/camara-premia-criancas-e-adolescentes-vencedores-do-concurso-eu-e-a-lei-com-foco-no-direito-a-informacao\/#primaryimage"},"thumbnailUrl":"https:\/\/i0.wp.com\/afogadosfm.com.br\/afogadosfm\/wp-content\/uploads\/2021\/09\/radio_63_anos2805219002_0.jpg?fit=1170%2C700&ssl=1","articleSection":["Brasil"],"inLanguage":"pt-BR","potentialAction":[{"@type":"CommentAction","name":"Comment","target":["https:\/\/afogadosfm.com.br\/afogadosfm\/2025\/09\/26\/camara-premia-criancas-e-adolescentes-vencedores-do-concurso-eu-e-a-lei-com-foco-no-direito-a-informacao\/#respond"]}]},{"@type":"WebPage","@id":"https:\/\/afogadosfm.com.br\/afogadosfm\/2025\/09\/26\/camara-premia-criancas-e-adolescentes-vencedores-do-concurso-eu-e-a-lei-com-foco-no-direito-a-informacao\/","url":"https:\/\/afogadosfm.com.br\/afogadosfm\/2025\/09\/26\/camara-premia-criancas-e-adolescentes-vencedores-do-concurso-eu-e-a-lei-com-foco-no-direito-a-informacao\/","name":"C\u00e2mara premia crian\u00e7as e adolescentes vencedores do concurso \u201cEu e a Lei\u201d com foco no direito \u00e0 informa\u00e7\u00e3o - Afogados FM","isPartOf":{"@id":"https:\/\/afogadosfm.com.br\/afogadosfm\/#website"},"primaryImageOfPage":{"@id":"https:\/\/afogadosfm.com.br\/afogadosfm\/2025\/09\/26\/camara-premia-criancas-e-adolescentes-vencedores-do-concurso-eu-e-a-lei-com-foco-no-direito-a-informacao\/#primaryimage"},"image":{"@id":"https:\/\/afogadosfm.com.br\/afogadosfm\/2025\/09\/26\/camara-premia-criancas-e-adolescentes-vencedores-do-concurso-eu-e-a-lei-com-foco-no-direito-a-informacao\/#primaryimage"},"thumbnailUrl":"https:\/\/i0.wp.com\/afogadosfm.com.br\/afogadosfm\/wp-content\/uploads\/2021\/09\/radio_63_anos2805219002_0.jpg?fit=1170%2C700&ssl=1","datePublished":"2025-09-26T09:53:13+00:00","dateModified":"2025-09-26T09:53:14+00:00","breadcrumb":{"@id":"https:\/\/afogadosfm.com.br\/afogadosfm\/2025\/09\/26\/camara-premia-criancas-e-adolescentes-vencedores-do-concurso-eu-e-a-lei-com-foco-no-direito-a-informacao\/#breadcrumb"},"inLanguage":"pt-BR","potentialAction":[{"@type":"ReadAction","target":["https:\/\/afogadosfm.com.br\/afogadosfm\/2025\/09\/26\/camara-premia-criancas-e-adolescentes-vencedores-do-concurso-eu-e-a-lei-com-foco-no-direito-a-informacao\/"]}]},{"@type":"ImageObject","inLanguage":"pt-BR","@id":"https:\/\/afogadosfm.com.br\/afogadosfm\/2025\/09\/26\/camara-premia-criancas-e-adolescentes-vencedores-do-concurso-eu-e-a-lei-com-foco-no-direito-a-informacao\/#primaryimage","url":"https:\/\/i0.wp.com\/afogadosfm.com.br\/afogadosfm\/wp-content\/uploads\/2021\/09\/radio_63_anos2805219002_0.jpg?fit=1170%2C700&ssl=1","contentUrl":"https:\/\/i0.wp.com\/afogadosfm.com.br\/afogadosfm\/wp-content\/uploads\/2021\/09\/radio_63_anos2805219002_0.jpg?fit=1170%2C700&ssl=1","width":1170,"height":700,"caption":"R\u00e1dio digital, R\u00e1dios EBC,R\u00e1dio AM celular"},{"@type":"BreadcrumbList","@id":"https:\/\/afogadosfm.com.br\/afogadosfm\/2025\/09\/26\/camara-premia-criancas-e-adolescentes-vencedores-do-concurso-eu-e-a-lei-com-foco-no-direito-a-informacao\/#breadcrumb","itemListElement":[{"@type":"ListItem","position":1,"name":"In\u00edcio","item":"https:\/\/afogadosfm.com.br\/afogadosfm\/"},{"@type":"ListItem","position":2,"name":"C\u00e2mara premia crian\u00e7as e adolescentes vencedores do concurso \u201cEu e a Lei\u201d com foco no direito \u00e0 informa\u00e7\u00e3o"}]},{"@type":"WebSite","@id":"https:\/\/afogadosfm.com.br\/afogadosfm\/#website","url":"https:\/\/afogadosfm.com.br\/afogadosfm\/","name":"Afogados FM","description":"Um site completo!","publisher":{"@id":"https:\/\/afogadosfm.com.br\/afogadosfm\/#organization"},"potentialAction":[{"@type":"SearchAction","target":{"@type":"EntryPoint","urlTemplate":"https:\/\/afogadosfm.com.br\/afogadosfm\/?s={search_term_string}"},"query-input":{"@type":"PropertyValueSpecification","valueRequired":true,"valueName":"search_term_string"}}],"inLanguage":"pt-BR"},{"@type":"Organization","@id":"https:\/\/afogadosfm.com.br\/afogadosfm\/#organization","name":"Afogados FM","url":"https:\/\/afogadosfm.com.br\/afogadosfm\/","logo":{"@type":"ImageObject","inLanguage":"pt-BR","@id":"https:\/\/afogadosfm.com.br\/afogadosfm\/#\/schema\/logo\/image\/","url":"https:\/\/i0.wp.com\/afogadosfm.com.br\/afogadosfm\/wp-content\/uploads\/2020\/06\/cropped-banner-afogados-4.jpg?fit=369%2C137&ssl=1","contentUrl":"https:\/\/i0.wp.com\/afogadosfm.com.br\/afogadosfm\/wp-content\/uploads\/2020\/06\/cropped-banner-afogados-4.jpg?fit=369%2C137&ssl=1","width":369,"height":137,"caption":"Afogados FM"},"image":{"@id":"https:\/\/afogadosfm.com.br\/afogadosfm\/#\/schema\/logo\/image\/"}},{"@type":"Person","@id":"https:\/\/afogadosfm.com.br\/afogadosfm\/#\/schema\/person\/60e56f2cf5dc960fc093fe093d9e9057","name":"afogadosfm","image":{"@type":"ImageObject","inLanguage":"pt-BR","@id":"https:\/\/secure.gravatar.com\/avatar\/e0359add7ed5dc3560906d861b52c6a8cf5c1e199d3a7dd85070998f49bd4701?s=96&d=mm&r=g","url":"https:\/\/secure.gravatar.com\/avatar\/e0359add7ed5dc3560906d861b52c6a8cf5c1e199d3a7dd85070998f49bd4701?s=96&d=mm&r=g","contentUrl":"https:\/\/secure.gravatar.com\/avatar\/e0359add7ed5dc3560906d861b52c6a8cf5c1e199d3a7dd85070998f49bd4701?s=96&d=mm&r=g","caption":"afogadosfm"},"url":"https:\/\/afogadosfm.com.br\/afogadosfm\/author\/afogadosfm\/"}]}},"jetpack_publicize_connections":[],"jetpack_featured_media_url":"https:\/\/i0.wp.com\/afogadosfm.com.br\/afogadosfm\/wp-content\/uploads\/2021\/09\/radio_63_anos2805219002_0.jpg?fit=1170%2C700&ssl=1","jetpack-related-posts":[],"jetpack_sharing_enabled":true,"jetpack_likes_enabled":true,"_links":{"self":[{"href":"https:\/\/afogadosfm.com.br\/afogadosfm\/wp-json\/wp\/v2\/posts\/69362","targetHints":{"allow":["GET"]}}],"collection":[{"href":"https:\/\/afogadosfm.com.br\/afogadosfm\/wp-json\/wp\/v2\/posts"}],"about":[{"href":"https:\/\/afogadosfm.com.br\/afogadosfm\/wp-json\/wp\/v2\/types\/post"}],"author":[{"embeddable":true,"href":"https:\/\/afogadosfm.com.br\/afogadosfm\/wp-json\/wp\/v2\/users\/2"}],"replies":[{"embeddable":true,"href":"https:\/\/afogadosfm.com.br\/afogadosfm\/wp-json\/wp\/v2\/comments?post=69362"}],"version-history":[{"count":1,"href":"https:\/\/afogadosfm.com.br\/afogadosfm\/wp-json\/wp\/v2\/posts\/69362\/revisions"}],"predecessor-version":[{"id":69363,"href":"https:\/\/afogadosfm.com.br\/afogadosfm\/wp-json\/wp\/v2\/posts\/69362\/revisions\/69363"}],"wp:featuredmedia":[{"embeddable":true,"href":"https:\/\/afogadosfm.com.br\/afogadosfm\/wp-json\/wp\/v2\/media\/31179"}],"wp:attachment":[{"href":"https:\/\/afogadosfm.com.br\/afogadosfm\/wp-json\/wp\/v2\/media?parent=69362"}],"wp:term":[{"taxonomy":"category","embeddable":true,"href":"https:\/\/afogadosfm.com.br\/afogadosfm\/wp-json\/wp\/v2\/categories?post=69362"},{"taxonomy":"post_tag","embeddable":true,"href":"https:\/\/afogadosfm.com.br\/afogadosfm\/wp-json\/wp\/v2\/tags?post=69362"}],"curies":[{"name":"wp","href":"https:\/\/api.w.org\/{rel}","templated":true}]}}