{"id":69395,"date":"2025-09-28T04:27:00","date_gmt":"2025-09-28T07:27:00","guid":{"rendered":"https:\/\/afogadosfm.com.br\/afogadosfm\/?p=69395"},"modified":"2025-09-29T04:28:43","modified_gmt":"2025-09-29T07:28:43","slug":"pm-deflagra-megaoperacao-fecha-batalhao-contra-homicidios-em-todo-estado-de-pernambuco","status":"publish","type":"post","link":"https:\/\/afogadosfm.com.br\/afogadosfm\/2025\/09\/28\/pm-deflagra-megaoperacao-fecha-batalhao-contra-homicidios-em-todo-estado-de-pernambuco\/","title":{"rendered":"PM deflagra megaopera\u00e7\u00e3o \u201cFecha Batalh\u00e3o\u201d contra homic\u00eddios em todo estado de Pernambuco"},"content":{"rendered":"\n<p>Teve in\u00edcio na \u00faltima sexta-feira a Opera\u00e7\u00e3o Fecha Batalh\u00e3o, uma mega a\u00e7\u00e3o integrada da Pol\u00edcia Militar de Pernambuco, voltada ao combate aos homic\u00eddios em todo o estado. A opera\u00e7\u00e3o seguir\u00e1 nesta segunda (29) e ter\u00e7a-feira (30), mobilizando todo o efetivo da corpora\u00e7\u00e3o, incluindo policiais da capital, do Quartel do Comando-Geral, das diretorias especializadas (Diresp), integradas (Dinter I e II) e da Diretoria de Articula\u00e7\u00e3o Social e Direitos Humanos (Dasdh).<\/p>\n\n\n\n<p>O esquema operacional prev\u00ea o emprego di\u00e1rio de 252 viaturas e 756 policiais militares, atuando em todo o territ\u00f3rio pernambucano. O principal objetivo \u00e9 reduzir as Mortes Violentas Intencionais (MVI), com foco em \u00e1reas mapeadas pela Diretoria de Planejamento Operacional (DPO) como de maior incid\u00eancia criminal.<\/p>\n\n\n\n<p>Durante a opera\u00e7\u00e3o, as equipes realizam rondas, abordagens, incurs\u00f5es, blitz e bloqueios em pontos estrat\u00e9gicos, ampliando a presen\u00e7a policial nas ruas e refor\u00e7ando o policiamento ostensivo.<\/p>\n\n\n\n<p>O foco das a\u00e7\u00f5es est\u00e1 voltado para \u00e1reas cr\u00edticas das \u00c1reas Integradas de Seguran\u00e7a (AIS), abrangendo munic\u00edpios da Regi\u00e3o Metropolitana, Agreste e Sert\u00e3o. A iniciativa busca dar uma resposta imediata \u00e0 criminalidade, fortalecer a sensa\u00e7\u00e3o de seguran\u00e7a e proteger a popula\u00e7\u00e3o pernambucana.<\/p>\n","protected":false},"excerpt":{"rendered":"<p>Teve in\u00edcio na \u00faltima sexta-feira a Opera\u00e7\u00e3o Fecha Batalh\u00e3o, uma mega a\u00e7\u00e3o integrada da Pol\u00edcia Militar de Pernambuco, voltada ao<\/p>\n","protected":false},"author":2,"featured_media":3685,"comment_status":"open","ping_status":"open","sticky":false,"template":"","format":"standard","meta":{"jetpack_post_was_ever_published":false,"_jetpack_newsletter_access":"","_jetpack_dont_email_post_to_subs":false,"_jetpack_newsletter_tier_id":0,"_jetpack_memberships_contains_paywalled_content":false,"_jetpack_memberships_contains_paid_content":false,"footnotes":"","jetpack_publicize_message":"","jetpack_publicize_feature_enabled":true,"jetpack_social_post_already_shared":true,"jetpack_social_options":{"image_generator_settings":{"template":"highway","default_image_id":0,"font":"","enabled":false},"version":2}},"categories":[13],"tags":[],"class_list":["post-69395","post","type-post","status-publish","format-standard","has-post-thumbnail","hentry","category-pernambuco"],"yoast_head":"<!-- This site is optimized with the Yoast SEO plugin v27.5 - https:\/\/yoast.com\/product\/yoast-seo-wordpress\/ -->\n<title>PM deflagra megaopera\u00e7\u00e3o \u201cFecha Batalh\u00e3o\u201d contra homic\u00eddios em todo estado de Pernambuco - Afogados FM<\/title>\n<meta name=\"robots\" content=\"index, follow, max-snippet:-1, max-image-preview:large, max-video-preview:-1\" \/>\n<link rel=\"canonical\" href=\"https:\/\/afogadosfm.com.br\/afogadosfm\/2025\/09\/28\/pm-deflagra-megaoperacao-fecha-batalhao-contra-homicidios-em-todo-estado-de-pernambuco\/\" \/>\n<meta property=\"og:locale\" content=\"pt_BR\" \/>\n<meta property=\"og:type\" content=\"article\" \/>\n<meta property=\"og:title\" content=\"PM deflagra megaopera\u00e7\u00e3o \u201cFecha Batalh\u00e3o\u201d contra homic\u00eddios em todo estado de Pernambuco - Afogados FM\" \/>\n<meta property=\"og:description\" content=\"Teve in\u00edcio na \u00faltima sexta-feira a Opera\u00e7\u00e3o Fecha Batalh\u00e3o, uma mega a\u00e7\u00e3o integrada da Pol\u00edcia Militar de Pernambuco, voltada ao\" \/>\n<meta property=\"og:url\" content=\"https:\/\/afogadosfm.com.br\/afogadosfm\/2025\/09\/28\/pm-deflagra-megaoperacao-fecha-batalhao-contra-homicidios-em-todo-estado-de-pernambuco\/\" \/>\n<meta property=\"og:site_name\" content=\"Afogados FM\" \/>\n<meta property=\"article:published_time\" content=\"2025-09-28T07:27:00+00:00\" \/>\n<meta property=\"article:modified_time\" content=\"2025-09-29T07:28:43+00:00\" \/>\n<meta property=\"og:image\" content=\"https:\/\/afogadosfm.com.br\/afogadosfm\/wp-content\/uploads\/2018\/05\/pmpe.jpg\" \/>\n\t<meta property=\"og:image:width\" content=\"944\" \/>\n\t<meta property=\"og:image:height\" content=\"1121\" \/>\n\t<meta property=\"og:image:type\" content=\"image\/jpeg\" \/>\n<meta name=\"author\" content=\"afogadosfm\" \/>\n<meta name=\"twitter:card\" content=\"summary_large_image\" \/>\n<meta name=\"twitter:label1\" content=\"Escrito por\" \/>\n\t<meta name=\"twitter:data1\" content=\"afogadosfm\" \/>\n\t<meta name=\"twitter:label2\" content=\"Est. tempo de leitura\" \/>\n\t<meta name=\"twitter:data2\" content=\"2 minutos\" \/>\n<script type=\"application\/ld+json\" class=\"yoast-schema-graph\">{\"@context\":\"https:\\\/\\\/schema.org\",\"@graph\":[{\"@type\":\"Article\",\"@id\":\"https:\\\/\\\/afogadosfm.com.br\\\/afogadosfm\\\/2025\\\/09\\\/28\\\/pm-deflagra-megaoperacao-fecha-batalhao-contra-homicidios-em-todo-estado-de-pernambuco\\\/#article\",\"isPartOf\":{\"@id\":\"https:\\\/\\\/afogadosfm.com.br\\\/afogadosfm\\\/2025\\\/09\\\/28\\\/pm-deflagra-megaoperacao-fecha-batalhao-contra-homicidios-em-todo-estado-de-pernambuco\\\/\"},\"author\":{\"name\":\"afogadosfm\",\"@id\":\"https:\\\/\\\/afogadosfm.com.br\\\/afogadosfm\\\/#\\\/schema\\\/person\\\/60e56f2cf5dc960fc093fe093d9e9057\"},\"headline\":\"PM deflagra megaopera\u00e7\u00e3o \u201cFecha Batalh\u00e3o\u201d contra homic\u00eddios em todo estado de Pernambuco\",\"datePublished\":\"2025-09-28T07:27:00+00:00\",\"dateModified\":\"2025-09-29T07:28:43+00:00\",\"mainEntityOfPage\":{\"@id\":\"https:\\\/\\\/afogadosfm.com.br\\\/afogadosfm\\\/2025\\\/09\\\/28\\\/pm-deflagra-megaoperacao-fecha-batalhao-contra-homicidios-em-todo-estado-de-pernambuco\\\/\"},\"wordCount\":219,\"commentCount\":0,\"publisher\":{\"@id\":\"https:\\\/\\\/afogadosfm.com.br\\\/afogadosfm\\\/#organization\"},\"image\":{\"@id\":\"https:\\\/\\\/afogadosfm.com.br\\\/afogadosfm\\\/2025\\\/09\\\/28\\\/pm-deflagra-megaoperacao-fecha-batalhao-contra-homicidios-em-todo-estado-de-pernambuco\\\/#primaryimage\"},\"thumbnailUrl\":\"https:\\\/\\\/i0.wp.com\\\/afogadosfm.com.br\\\/afogadosfm\\\/wp-content\\\/uploads\\\/2018\\\/05\\\/pmpe.jpg?fit=944%2C1121&ssl=1\",\"articleSection\":[\"Pernambuco\"],\"inLanguage\":\"pt-BR\",\"potentialAction\":[{\"@type\":\"CommentAction\",\"name\":\"Comment\",\"target\":[\"https:\\\/\\\/afogadosfm.com.br\\\/afogadosfm\\\/2025\\\/09\\\/28\\\/pm-deflagra-megaoperacao-fecha-batalhao-contra-homicidios-em-todo-estado-de-pernambuco\\\/#respond\"]}]},{\"@type\":\"WebPage\",\"@id\":\"https:\\\/\\\/afogadosfm.com.br\\\/afogadosfm\\\/2025\\\/09\\\/28\\\/pm-deflagra-megaoperacao-fecha-batalhao-contra-homicidios-em-todo-estado-de-pernambuco\\\/\",\"url\":\"https:\\\/\\\/afogadosfm.com.br\\\/afogadosfm\\\/2025\\\/09\\\/28\\\/pm-deflagra-megaoperacao-fecha-batalhao-contra-homicidios-em-todo-estado-de-pernambuco\\\/\",\"name\":\"PM deflagra megaopera\u00e7\u00e3o \u201cFecha Batalh\u00e3o\u201d contra homic\u00eddios em todo estado de Pernambuco - Afogados FM\",\"isPartOf\":{\"@id\":\"https:\\\/\\\/afogadosfm.com.br\\\/afogadosfm\\\/#website\"},\"primaryImageOfPage\":{\"@id\":\"https:\\\/\\\/afogadosfm.com.br\\\/afogadosfm\\\/2025\\\/09\\\/28\\\/pm-deflagra-megaoperacao-fecha-batalhao-contra-homicidios-em-todo-estado-de-pernambuco\\\/#primaryimage\"},\"image\":{\"@id\":\"https:\\\/\\\/afogadosfm.com.br\\\/afogadosfm\\\/2025\\\/09\\\/28\\\/pm-deflagra-megaoperacao-fecha-batalhao-contra-homicidios-em-todo-estado-de-pernambuco\\\/#primaryimage\"},\"thumbnailUrl\":\"https:\\\/\\\/i0.wp.com\\\/afogadosfm.com.br\\\/afogadosfm\\\/wp-content\\\/uploads\\\/2018\\\/05\\\/pmpe.jpg?fit=944%2C1121&ssl=1\",\"datePublished\":\"2025-09-28T07:27:00+00:00\",\"dateModified\":\"2025-09-29T07:28:43+00:00\",\"breadcrumb\":{\"@id\":\"https:\\\/\\\/afogadosfm.com.br\\\/afogadosfm\\\/2025\\\/09\\\/28\\\/pm-deflagra-megaoperacao-fecha-batalhao-contra-homicidios-em-todo-estado-de-pernambuco\\\/#breadcrumb\"},\"inLanguage\":\"pt-BR\",\"potentialAction\":[{\"@type\":\"ReadAction\",\"target\":[\"https:\\\/\\\/afogadosfm.com.br\\\/afogadosfm\\\/2025\\\/09\\\/28\\\/pm-deflagra-megaoperacao-fecha-batalhao-contra-homicidios-em-todo-estado-de-pernambuco\\\/\"]}]},{\"@type\":\"ImageObject\",\"inLanguage\":\"pt-BR\",\"@id\":\"https:\\\/\\\/afogadosfm.com.br\\\/afogadosfm\\\/2025\\\/09\\\/28\\\/pm-deflagra-megaoperacao-fecha-batalhao-contra-homicidios-em-todo-estado-de-pernambuco\\\/#primaryimage\",\"url\":\"https:\\\/\\\/i0.wp.com\\\/afogadosfm.com.br\\\/afogadosfm\\\/wp-content\\\/uploads\\\/2018\\\/05\\\/pmpe.jpg?fit=944%2C1121&ssl=1\",\"contentUrl\":\"https:\\\/\\\/i0.wp.com\\\/afogadosfm.com.br\\\/afogadosfm\\\/wp-content\\\/uploads\\\/2018\\\/05\\\/pmpe.jpg?fit=944%2C1121&ssl=1\",\"width\":944,\"height\":1121},{\"@type\":\"BreadcrumbList\",\"@id\":\"https:\\\/\\\/afogadosfm.com.br\\\/afogadosfm\\\/2025\\\/09\\\/28\\\/pm-deflagra-megaoperacao-fecha-batalhao-contra-homicidios-em-todo-estado-de-pernambuco\\\/#breadcrumb\",\"itemListElement\":[{\"@type\":\"ListItem\",\"position\":1,\"name\":\"In\u00edcio\",\"item\":\"https:\\\/\\\/afogadosfm.com.br\\\/afogadosfm\\\/\"},{\"@type\":\"ListItem\",\"position\":2,\"name\":\"PM deflagra megaopera\u00e7\u00e3o \u201cFecha Batalh\u00e3o\u201d contra homic\u00eddios em todo estado de Pernambuco\"}]},{\"@type\":\"WebSite\",\"@id\":\"https:\\\/\\\/afogadosfm.com.br\\\/afogadosfm\\\/#website\",\"url\":\"https:\\\/\\\/afogadosfm.com.br\\\/afogadosfm\\\/\",\"name\":\"Afogados FM\",\"description\":\"Um site completo!\",\"publisher\":{\"@id\":\"https:\\\/\\\/afogadosfm.com.br\\\/afogadosfm\\\/#organization\"},\"potentialAction\":[{\"@type\":\"SearchAction\",\"target\":{\"@type\":\"EntryPoint\",\"urlTemplate\":\"https:\\\/\\\/afogadosfm.com.br\\\/afogadosfm\\\/?s={search_term_string}\"},\"query-input\":{\"@type\":\"PropertyValueSpecification\",\"valueRequired\":true,\"valueName\":\"search_term_string\"}}],\"inLanguage\":\"pt-BR\"},{\"@type\":\"Organization\",\"@id\":\"https:\\\/\\\/afogadosfm.com.br\\\/afogadosfm\\\/#organization\",\"name\":\"Afogados FM\",\"url\":\"https:\\\/\\\/afogadosfm.com.br\\\/afogadosfm\\\/\",\"logo\":{\"@type\":\"ImageObject\",\"inLanguage\":\"pt-BR\",\"@id\":\"https:\\\/\\\/afogadosfm.com.br\\\/afogadosfm\\\/#\\\/schema\\\/logo\\\/image\\\/\",\"url\":\"https:\\\/\\\/i0.wp.com\\\/afogadosfm.com.br\\\/afogadosfm\\\/wp-content\\\/uploads\\\/2020\\\/06\\\/cropped-banner-afogados-4.jpg?fit=369%2C137&ssl=1\",\"contentUrl\":\"https:\\\/\\\/i0.wp.com\\\/afogadosfm.com.br\\\/afogadosfm\\\/wp-content\\\/uploads\\\/2020\\\/06\\\/cropped-banner-afogados-4.jpg?fit=369%2C137&ssl=1\",\"width\":369,\"height\":137,\"caption\":\"Afogados FM\"},\"image\":{\"@id\":\"https:\\\/\\\/afogadosfm.com.br\\\/afogadosfm\\\/#\\\/schema\\\/logo\\\/image\\\/\"}},{\"@type\":\"Person\",\"@id\":\"https:\\\/\\\/afogadosfm.com.br\\\/afogadosfm\\\/#\\\/schema\\\/person\\\/60e56f2cf5dc960fc093fe093d9e9057\",\"name\":\"afogadosfm\",\"image\":{\"@type\":\"ImageObject\",\"inLanguage\":\"pt-BR\",\"@id\":\"https:\\\/\\\/secure.gravatar.com\\\/avatar\\\/e0359add7ed5dc3560906d861b52c6a8cf5c1e199d3a7dd85070998f49bd4701?s=96&d=mm&r=g\",\"url\":\"https:\\\/\\\/secure.gravatar.com\\\/avatar\\\/e0359add7ed5dc3560906d861b52c6a8cf5c1e199d3a7dd85070998f49bd4701?s=96&d=mm&r=g\",\"contentUrl\":\"https:\\\/\\\/secure.gravatar.com\\\/avatar\\\/e0359add7ed5dc3560906d861b52c6a8cf5c1e199d3a7dd85070998f49bd4701?s=96&d=mm&r=g\",\"caption\":\"afogadosfm\"},\"url\":\"https:\\\/\\\/afogadosfm.com.br\\\/afogadosfm\\\/author\\\/afogadosfm\\\/\"}]}<\/script>\n<!-- \/ Yoast SEO plugin. -->","yoast_head_json":{"title":"PM deflagra megaopera\u00e7\u00e3o \u201cFecha Batalh\u00e3o\u201d contra homic\u00eddios em todo estado de Pernambuco - Afogados FM","robots":{"index":"index","follow":"follow","max-snippet":"max-snippet:-1","max-image-preview":"max-image-preview:large","max-video-preview":"max-video-preview:-1"},"canonical":"https:\/\/afogadosfm.com.br\/afogadosfm\/2025\/09\/28\/pm-deflagra-megaoperacao-fecha-batalhao-contra-homicidios-em-todo-estado-de-pernambuco\/","og_locale":"pt_BR","og_type":"article","og_title":"PM deflagra megaopera\u00e7\u00e3o \u201cFecha Batalh\u00e3o\u201d contra homic\u00eddios em todo estado de Pernambuco - Afogados FM","og_description":"Teve in\u00edcio na \u00faltima sexta-feira a Opera\u00e7\u00e3o Fecha Batalh\u00e3o, uma mega a\u00e7\u00e3o integrada da Pol\u00edcia Militar de Pernambuco, voltada ao","og_url":"https:\/\/afogadosfm.com.br\/afogadosfm\/2025\/09\/28\/pm-deflagra-megaoperacao-fecha-batalhao-contra-homicidios-em-todo-estado-de-pernambuco\/","og_site_name":"Afogados FM","article_published_time":"2025-09-28T07:27:00+00:00","article_modified_time":"2025-09-29T07:28:43+00:00","og_image":[{"width":944,"height":1121,"url":"https:\/\/afogadosfm.com.br\/afogadosfm\/wp-content\/uploads\/2018\/05\/pmpe.jpg","type":"image\/jpeg"}],"author":"afogadosfm","twitter_card":"summary_large_image","twitter_misc":{"Escrito por":"afogadosfm","Est. tempo de leitura":"2 minutos"},"schema":{"@context":"https:\/\/schema.org","@graph":[{"@type":"Article","@id":"https:\/\/afogadosfm.com.br\/afogadosfm\/2025\/09\/28\/pm-deflagra-megaoperacao-fecha-batalhao-contra-homicidios-em-todo-estado-de-pernambuco\/#article","isPartOf":{"@id":"https:\/\/afogadosfm.com.br\/afogadosfm\/2025\/09\/28\/pm-deflagra-megaoperacao-fecha-batalhao-contra-homicidios-em-todo-estado-de-pernambuco\/"},"author":{"name":"afogadosfm","@id":"https:\/\/afogadosfm.com.br\/afogadosfm\/#\/schema\/person\/60e56f2cf5dc960fc093fe093d9e9057"},"headline":"PM deflagra megaopera\u00e7\u00e3o \u201cFecha Batalh\u00e3o\u201d contra homic\u00eddios em todo estado de Pernambuco","datePublished":"2025-09-28T07:27:00+00:00","dateModified":"2025-09-29T07:28:43+00:00","mainEntityOfPage":{"@id":"https:\/\/afogadosfm.com.br\/afogadosfm\/2025\/09\/28\/pm-deflagra-megaoperacao-fecha-batalhao-contra-homicidios-em-todo-estado-de-pernambuco\/"},"wordCount":219,"commentCount":0,"publisher":{"@id":"https:\/\/afogadosfm.com.br\/afogadosfm\/#organization"},"image":{"@id":"https:\/\/afogadosfm.com.br\/afogadosfm\/2025\/09\/28\/pm-deflagra-megaoperacao-fecha-batalhao-contra-homicidios-em-todo-estado-de-pernambuco\/#primaryimage"},"thumbnailUrl":"https:\/\/i0.wp.com\/afogadosfm.com.br\/afogadosfm\/wp-content\/uploads\/2018\/05\/pmpe.jpg?fit=944%2C1121&ssl=1","articleSection":["Pernambuco"],"inLanguage":"pt-BR","potentialAction":[{"@type":"CommentAction","name":"Comment","target":["https:\/\/afogadosfm.com.br\/afogadosfm\/2025\/09\/28\/pm-deflagra-megaoperacao-fecha-batalhao-contra-homicidios-em-todo-estado-de-pernambuco\/#respond"]}]},{"@type":"WebPage","@id":"https:\/\/afogadosfm.com.br\/afogadosfm\/2025\/09\/28\/pm-deflagra-megaoperacao-fecha-batalhao-contra-homicidios-em-todo-estado-de-pernambuco\/","url":"https:\/\/afogadosfm.com.br\/afogadosfm\/2025\/09\/28\/pm-deflagra-megaoperacao-fecha-batalhao-contra-homicidios-em-todo-estado-de-pernambuco\/","name":"PM deflagra megaopera\u00e7\u00e3o \u201cFecha Batalh\u00e3o\u201d contra homic\u00eddios em todo estado de Pernambuco - Afogados FM","isPartOf":{"@id":"https:\/\/afogadosfm.com.br\/afogadosfm\/#website"},"primaryImageOfPage":{"@id":"https:\/\/afogadosfm.com.br\/afogadosfm\/2025\/09\/28\/pm-deflagra-megaoperacao-fecha-batalhao-contra-homicidios-em-todo-estado-de-pernambuco\/#primaryimage"},"image":{"@id":"https:\/\/afogadosfm.com.br\/afogadosfm\/2025\/09\/28\/pm-deflagra-megaoperacao-fecha-batalhao-contra-homicidios-em-todo-estado-de-pernambuco\/#primaryimage"},"thumbnailUrl":"https:\/\/i0.wp.com\/afogadosfm.com.br\/afogadosfm\/wp-content\/uploads\/2018\/05\/pmpe.jpg?fit=944%2C1121&ssl=1","datePublished":"2025-09-28T07:27:00+00:00","dateModified":"2025-09-29T07:28:43+00:00","breadcrumb":{"@id":"https:\/\/afogadosfm.com.br\/afogadosfm\/2025\/09\/28\/pm-deflagra-megaoperacao-fecha-batalhao-contra-homicidios-em-todo-estado-de-pernambuco\/#breadcrumb"},"inLanguage":"pt-BR","potentialAction":[{"@type":"ReadAction","target":["https:\/\/afogadosfm.com.br\/afogadosfm\/2025\/09\/28\/pm-deflagra-megaoperacao-fecha-batalhao-contra-homicidios-em-todo-estado-de-pernambuco\/"]}]},{"@type":"ImageObject","inLanguage":"pt-BR","@id":"https:\/\/afogadosfm.com.br\/afogadosfm\/2025\/09\/28\/pm-deflagra-megaoperacao-fecha-batalhao-contra-homicidios-em-todo-estado-de-pernambuco\/#primaryimage","url":"https:\/\/i0.wp.com\/afogadosfm.com.br\/afogadosfm\/wp-content\/uploads\/2018\/05\/pmpe.jpg?fit=944%2C1121&ssl=1","contentUrl":"https:\/\/i0.wp.com\/afogadosfm.com.br\/afogadosfm\/wp-content\/uploads\/2018\/05\/pmpe.jpg?fit=944%2C1121&ssl=1","width":944,"height":1121},{"@type":"BreadcrumbList","@id":"https:\/\/afogadosfm.com.br\/afogadosfm\/2025\/09\/28\/pm-deflagra-megaoperacao-fecha-batalhao-contra-homicidios-em-todo-estado-de-pernambuco\/#breadcrumb","itemListElement":[{"@type":"ListItem","position":1,"name":"In\u00edcio","item":"https:\/\/afogadosfm.com.br\/afogadosfm\/"},{"@type":"ListItem","position":2,"name":"PM deflagra megaopera\u00e7\u00e3o \u201cFecha Batalh\u00e3o\u201d contra homic\u00eddios em todo estado de Pernambuco"}]},{"@type":"WebSite","@id":"https:\/\/afogadosfm.com.br\/afogadosfm\/#website","url":"https:\/\/afogadosfm.com.br\/afogadosfm\/","name":"Afogados FM","description":"Um site completo!","publisher":{"@id":"https:\/\/afogadosfm.com.br\/afogadosfm\/#organization"},"potentialAction":[{"@type":"SearchAction","target":{"@type":"EntryPoint","urlTemplate":"https:\/\/afogadosfm.com.br\/afogadosfm\/?s={search_term_string}"},"query-input":{"@type":"PropertyValueSpecification","valueRequired":true,"valueName":"search_term_string"}}],"inLanguage":"pt-BR"},{"@type":"Organization","@id":"https:\/\/afogadosfm.com.br\/afogadosfm\/#organization","name":"Afogados FM","url":"https:\/\/afogadosfm.com.br\/afogadosfm\/","logo":{"@type":"ImageObject","inLanguage":"pt-BR","@id":"https:\/\/afogadosfm.com.br\/afogadosfm\/#\/schema\/logo\/image\/","url":"https:\/\/i0.wp.com\/afogadosfm.com.br\/afogadosfm\/wp-content\/uploads\/2020\/06\/cropped-banner-afogados-4.jpg?fit=369%2C137&ssl=1","contentUrl":"https:\/\/i0.wp.com\/afogadosfm.com.br\/afogadosfm\/wp-content\/uploads\/2020\/06\/cropped-banner-afogados-4.jpg?fit=369%2C137&ssl=1","width":369,"height":137,"caption":"Afogados FM"},"image":{"@id":"https:\/\/afogadosfm.com.br\/afogadosfm\/#\/schema\/logo\/image\/"}},{"@type":"Person","@id":"https:\/\/afogadosfm.com.br\/afogadosfm\/#\/schema\/person\/60e56f2cf5dc960fc093fe093d9e9057","name":"afogadosfm","image":{"@type":"ImageObject","inLanguage":"pt-BR","@id":"https:\/\/secure.gravatar.com\/avatar\/e0359add7ed5dc3560906d861b52c6a8cf5c1e199d3a7dd85070998f49bd4701?s=96&d=mm&r=g","url":"https:\/\/secure.gravatar.com\/avatar\/e0359add7ed5dc3560906d861b52c6a8cf5c1e199d3a7dd85070998f49bd4701?s=96&d=mm&r=g","contentUrl":"https:\/\/secure.gravatar.com\/avatar\/e0359add7ed5dc3560906d861b52c6a8cf5c1e199d3a7dd85070998f49bd4701?s=96&d=mm&r=g","caption":"afogadosfm"},"url":"https:\/\/afogadosfm.com.br\/afogadosfm\/author\/afogadosfm\/"}]}},"jetpack_publicize_connections":[],"jetpack_featured_media_url":"https:\/\/i0.wp.com\/afogadosfm.com.br\/afogadosfm\/wp-content\/uploads\/2018\/05\/pmpe.jpg?fit=944%2C1121&ssl=1","jetpack-related-posts":[],"jetpack_sharing_enabled":true,"jetpack_likes_enabled":true,"_links":{"self":[{"href":"https:\/\/afogadosfm.com.br\/afogadosfm\/wp-json\/wp\/v2\/posts\/69395","targetHints":{"allow":["GET"]}}],"collection":[{"href":"https:\/\/afogadosfm.com.br\/afogadosfm\/wp-json\/wp\/v2\/posts"}],"about":[{"href":"https:\/\/afogadosfm.com.br\/afogadosfm\/wp-json\/wp\/v2\/types\/post"}],"author":[{"embeddable":true,"href":"https:\/\/afogadosfm.com.br\/afogadosfm\/wp-json\/wp\/v2\/users\/2"}],"replies":[{"embeddable":true,"href":"https:\/\/afogadosfm.com.br\/afogadosfm\/wp-json\/wp\/v2\/comments?post=69395"}],"version-history":[{"count":1,"href":"https:\/\/afogadosfm.com.br\/afogadosfm\/wp-json\/wp\/v2\/posts\/69395\/revisions"}],"predecessor-version":[{"id":69396,"href":"https:\/\/afogadosfm.com.br\/afogadosfm\/wp-json\/wp\/v2\/posts\/69395\/revisions\/69396"}],"wp:featuredmedia":[{"embeddable":true,"href":"https:\/\/afogadosfm.com.br\/afogadosfm\/wp-json\/wp\/v2\/media\/3685"}],"wp:attachment":[{"href":"https:\/\/afogadosfm.com.br\/afogadosfm\/wp-json\/wp\/v2\/media?parent=69395"}],"wp:term":[{"taxonomy":"category","embeddable":true,"href":"https:\/\/afogadosfm.com.br\/afogadosfm\/wp-json\/wp\/v2\/categories?post=69395"},{"taxonomy":"post_tag","embeddable":true,"href":"https:\/\/afogadosfm.com.br\/afogadosfm\/wp-json\/wp\/v2\/tags?post=69395"}],"curies":[{"name":"wp","href":"https:\/\/api.w.org\/{rel}","templated":true}]}}