{"id":69417,"date":"2025-09-29T06:14:35","date_gmt":"2025-09-29T09:14:35","guid":{"rendered":"https:\/\/afogadosfm.com.br\/afogadosfm\/?p=69417"},"modified":"2025-09-29T06:19:13","modified_gmt":"2025-09-29T09:19:13","slug":"serra-talhada-homem-acusado-de-estuprar-crianca-de-10-anos-e-encontrado-morto-no-banheiro-da-cadeia","status":"publish","type":"post","link":"https:\/\/afogadosfm.com.br\/afogadosfm\/2025\/09\/29\/serra-talhada-homem-acusado-de-estuprar-crianca-de-10-anos-e-encontrado-morto-no-banheiro-da-cadeia\/","title":{"rendered":"Serra Talhada: Homem acusado de estuprar crian\u00e7a de 10 anos \u00e9 encontrado morto no banheiro da cadeia"},"content":{"rendered":"\n<p>Morreu, na noite deste domingo (28), o homem de 40 anos que havia sido preso em flagrante no s\u00e1bado (27) sob a acusa\u00e7\u00e3o de estuprar uma menina de 10 anos em Serra Talhada, no Sert\u00e3o de Pernambuco.<\/p>\n\n\n\n<p>M. P. dos Santos foi encontrado morto por outros detentos dentro do banheiro da cela onde estava, no Estabelecimento Penal do munic\u00edpio.<\/p>\n\n\n\n<p>O incidente ocorreu por volta das 18h55, apenas uma hora e dez minutos ap\u00f3s Marcondes ter dado entrada na unidade prisional, \u00e0s 17h45.<\/p>\n\n\n\n<p>Segundo o registro policial, ele estava na cela n\u00ba O9, destinada \u00e0 triagem de novos presos, juntamente com outros seis homens. Foram os pr\u00f3prios colegas de cela que alertaram os guardas prisionais, informando que haviam encontrado a v\u00edtima ca\u00edda no banheiro, se debatendo como se estivesse em uma crise convulsiva. Eles o moveram para o ch\u00e3o da cela.<\/p>\n\n\n\n<p><br>enquanto o socorro era acionado. Uma equipe do SAMU foi chamada, mas ao chegar ao local, apenas p\u00f4de constatar o \u00f3bito.<\/p>\n\n\n\n<p>Do Junior Campos<\/p>\n","protected":false},"excerpt":{"rendered":"<p>Morreu, na noite deste domingo (28), o homem de 40 anos que havia sido preso em flagrante no s\u00e1bado (27)<\/p>\n","protected":false},"author":2,"featured_media":69418,"comment_status":"open","ping_status":"open","sticky":false,"template":"","format":"standard","meta":{"jetpack_post_was_ever_published":false,"_jetpack_newsletter_access":"","_jetpack_dont_email_post_to_subs":false,"_jetpack_newsletter_tier_id":0,"_jetpack_memberships_contains_paywalled_content":false,"_jetpack_memberships_contains_paid_content":false,"footnotes":"","jetpack_publicize_message":"","jetpack_publicize_feature_enabled":true,"jetpack_social_post_already_shared":true,"jetpack_social_options":{"image_generator_settings":{"template":"highway","default_image_id":0,"font":"","enabled":false},"version":2}},"categories":[34],"tags":[],"class_list":["post-69417","post","type-post","status-publish","format-standard","has-post-thumbnail","hentry","category-policia"],"yoast_head":"<!-- This site is optimized with the Yoast SEO plugin v27.5 - https:\/\/yoast.com\/product\/yoast-seo-wordpress\/ -->\n<title>Serra Talhada: Homem acusado de estuprar crian\u00e7a de 10 anos \u00e9 encontrado morto no banheiro da cadeia - Afogados FM<\/title>\n<meta name=\"robots\" content=\"index, follow, max-snippet:-1, max-image-preview:large, max-video-preview:-1\" \/>\n<link rel=\"canonical\" href=\"https:\/\/afogadosfm.com.br\/afogadosfm\/2025\/09\/29\/serra-talhada-homem-acusado-de-estuprar-crianca-de-10-anos-e-encontrado-morto-no-banheiro-da-cadeia\/\" \/>\n<meta property=\"og:locale\" content=\"pt_BR\" \/>\n<meta property=\"og:type\" content=\"article\" \/>\n<meta property=\"og:title\" content=\"Serra Talhada: Homem acusado de estuprar crian\u00e7a de 10 anos \u00e9 encontrado morto no banheiro da cadeia - Afogados FM\" \/>\n<meta property=\"og:description\" content=\"Morreu, na noite deste domingo (28), o homem de 40 anos que havia sido preso em flagrante no s\u00e1bado (27)\" \/>\n<meta property=\"og:url\" content=\"https:\/\/afogadosfm.com.br\/afogadosfm\/2025\/09\/29\/serra-talhada-homem-acusado-de-estuprar-crianca-de-10-anos-e-encontrado-morto-no-banheiro-da-cadeia\/\" \/>\n<meta property=\"og:site_name\" content=\"Afogados FM\" \/>\n<meta property=\"article:published_time\" content=\"2025-09-29T09:14:35+00:00\" \/>\n<meta property=\"article:modified_time\" content=\"2025-09-29T09:19:13+00:00\" \/>\n<meta property=\"og:image\" content=\"https:\/\/afogadosfm.com.br\/afogadosfm\/wp-content\/uploads\/2025\/09\/cadeia.jpg\" \/>\n\t<meta property=\"og:image:width\" content=\"800\" \/>\n\t<meta property=\"og:image:height\" content=\"530\" \/>\n\t<meta property=\"og:image:type\" content=\"image\/jpeg\" \/>\n<meta name=\"author\" content=\"afogadosfm\" \/>\n<meta name=\"twitter:card\" content=\"summary_large_image\" \/>\n<meta name=\"twitter:label1\" content=\"Escrito por\" \/>\n\t<meta name=\"twitter:data1\" content=\"afogadosfm\" \/>\n\t<meta name=\"twitter:label2\" content=\"Est. tempo de leitura\" \/>\n\t<meta name=\"twitter:data2\" content=\"2 minutos\" \/>\n<script type=\"application\/ld+json\" class=\"yoast-schema-graph\">{\"@context\":\"https:\\\/\\\/schema.org\",\"@graph\":[{\"@type\":\"Article\",\"@id\":\"https:\\\/\\\/afogadosfm.com.br\\\/afogadosfm\\\/2025\\\/09\\\/29\\\/serra-talhada-homem-acusado-de-estuprar-crianca-de-10-anos-e-encontrado-morto-no-banheiro-da-cadeia\\\/#article\",\"isPartOf\":{\"@id\":\"https:\\\/\\\/afogadosfm.com.br\\\/afogadosfm\\\/2025\\\/09\\\/29\\\/serra-talhada-homem-acusado-de-estuprar-crianca-de-10-anos-e-encontrado-morto-no-banheiro-da-cadeia\\\/\"},\"author\":{\"name\":\"afogadosfm\",\"@id\":\"https:\\\/\\\/afogadosfm.com.br\\\/afogadosfm\\\/#\\\/schema\\\/person\\\/60e56f2cf5dc960fc093fe093d9e9057\"},\"headline\":\"Serra Talhada: Homem acusado de estuprar crian\u00e7a de 10 anos \u00e9 encontrado morto no banheiro da cadeia\",\"datePublished\":\"2025-09-29T09:14:35+00:00\",\"dateModified\":\"2025-09-29T09:19:13+00:00\",\"mainEntityOfPage\":{\"@id\":\"https:\\\/\\\/afogadosfm.com.br\\\/afogadosfm\\\/2025\\\/09\\\/29\\\/serra-talhada-homem-acusado-de-estuprar-crianca-de-10-anos-e-encontrado-morto-no-banheiro-da-cadeia\\\/\"},\"wordCount\":185,\"commentCount\":0,\"publisher\":{\"@id\":\"https:\\\/\\\/afogadosfm.com.br\\\/afogadosfm\\\/#organization\"},\"image\":{\"@id\":\"https:\\\/\\\/afogadosfm.com.br\\\/afogadosfm\\\/2025\\\/09\\\/29\\\/serra-talhada-homem-acusado-de-estuprar-crianca-de-10-anos-e-encontrado-morto-no-banheiro-da-cadeia\\\/#primaryimage\"},\"thumbnailUrl\":\"https:\\\/\\\/i0.wp.com\\\/afogadosfm.com.br\\\/afogadosfm\\\/wp-content\\\/uploads\\\/2025\\\/09\\\/cadeia.jpg?fit=800%2C530&ssl=1\",\"articleSection\":[\"Pol\u00edcia\"],\"inLanguage\":\"pt-BR\",\"potentialAction\":[{\"@type\":\"CommentAction\",\"name\":\"Comment\",\"target\":[\"https:\\\/\\\/afogadosfm.com.br\\\/afogadosfm\\\/2025\\\/09\\\/29\\\/serra-talhada-homem-acusado-de-estuprar-crianca-de-10-anos-e-encontrado-morto-no-banheiro-da-cadeia\\\/#respond\"]}]},{\"@type\":\"WebPage\",\"@id\":\"https:\\\/\\\/afogadosfm.com.br\\\/afogadosfm\\\/2025\\\/09\\\/29\\\/serra-talhada-homem-acusado-de-estuprar-crianca-de-10-anos-e-encontrado-morto-no-banheiro-da-cadeia\\\/\",\"url\":\"https:\\\/\\\/afogadosfm.com.br\\\/afogadosfm\\\/2025\\\/09\\\/29\\\/serra-talhada-homem-acusado-de-estuprar-crianca-de-10-anos-e-encontrado-morto-no-banheiro-da-cadeia\\\/\",\"name\":\"Serra Talhada: Homem acusado de estuprar crian\u00e7a de 10 anos \u00e9 encontrado morto no banheiro da cadeia - Afogados FM\",\"isPartOf\":{\"@id\":\"https:\\\/\\\/afogadosfm.com.br\\\/afogadosfm\\\/#website\"},\"primaryImageOfPage\":{\"@id\":\"https:\\\/\\\/afogadosfm.com.br\\\/afogadosfm\\\/2025\\\/09\\\/29\\\/serra-talhada-homem-acusado-de-estuprar-crianca-de-10-anos-e-encontrado-morto-no-banheiro-da-cadeia\\\/#primaryimage\"},\"image\":{\"@id\":\"https:\\\/\\\/afogadosfm.com.br\\\/afogadosfm\\\/2025\\\/09\\\/29\\\/serra-talhada-homem-acusado-de-estuprar-crianca-de-10-anos-e-encontrado-morto-no-banheiro-da-cadeia\\\/#primaryimage\"},\"thumbnailUrl\":\"https:\\\/\\\/i0.wp.com\\\/afogadosfm.com.br\\\/afogadosfm\\\/wp-content\\\/uploads\\\/2025\\\/09\\\/cadeia.jpg?fit=800%2C530&ssl=1\",\"datePublished\":\"2025-09-29T09:14:35+00:00\",\"dateModified\":\"2025-09-29T09:19:13+00:00\",\"breadcrumb\":{\"@id\":\"https:\\\/\\\/afogadosfm.com.br\\\/afogadosfm\\\/2025\\\/09\\\/29\\\/serra-talhada-homem-acusado-de-estuprar-crianca-de-10-anos-e-encontrado-morto-no-banheiro-da-cadeia\\\/#breadcrumb\"},\"inLanguage\":\"pt-BR\",\"potentialAction\":[{\"@type\":\"ReadAction\",\"target\":[\"https:\\\/\\\/afogadosfm.com.br\\\/afogadosfm\\\/2025\\\/09\\\/29\\\/serra-talhada-homem-acusado-de-estuprar-crianca-de-10-anos-e-encontrado-morto-no-banheiro-da-cadeia\\\/\"]}]},{\"@type\":\"ImageObject\",\"inLanguage\":\"pt-BR\",\"@id\":\"https:\\\/\\\/afogadosfm.com.br\\\/afogadosfm\\\/2025\\\/09\\\/29\\\/serra-talhada-homem-acusado-de-estuprar-crianca-de-10-anos-e-encontrado-morto-no-banheiro-da-cadeia\\\/#primaryimage\",\"url\":\"https:\\\/\\\/i0.wp.com\\\/afogadosfm.com.br\\\/afogadosfm\\\/wp-content\\\/uploads\\\/2025\\\/09\\\/cadeia.jpg?fit=800%2C530&ssl=1\",\"contentUrl\":\"https:\\\/\\\/i0.wp.com\\\/afogadosfm.com.br\\\/afogadosfm\\\/wp-content\\\/uploads\\\/2025\\\/09\\\/cadeia.jpg?fit=800%2C530&ssl=1\",\"width\":800,\"height\":530},{\"@type\":\"BreadcrumbList\",\"@id\":\"https:\\\/\\\/afogadosfm.com.br\\\/afogadosfm\\\/2025\\\/09\\\/29\\\/serra-talhada-homem-acusado-de-estuprar-crianca-de-10-anos-e-encontrado-morto-no-banheiro-da-cadeia\\\/#breadcrumb\",\"itemListElement\":[{\"@type\":\"ListItem\",\"position\":1,\"name\":\"In\u00edcio\",\"item\":\"https:\\\/\\\/afogadosfm.com.br\\\/afogadosfm\\\/\"},{\"@type\":\"ListItem\",\"position\":2,\"name\":\"Serra Talhada: Homem acusado de estuprar crian\u00e7a de 10 anos \u00e9 encontrado morto no banheiro da cadeia\"}]},{\"@type\":\"WebSite\",\"@id\":\"https:\\\/\\\/afogadosfm.com.br\\\/afogadosfm\\\/#website\",\"url\":\"https:\\\/\\\/afogadosfm.com.br\\\/afogadosfm\\\/\",\"name\":\"Afogados FM\",\"description\":\"Um site completo!\",\"publisher\":{\"@id\":\"https:\\\/\\\/afogadosfm.com.br\\\/afogadosfm\\\/#organization\"},\"potentialAction\":[{\"@type\":\"SearchAction\",\"target\":{\"@type\":\"EntryPoint\",\"urlTemplate\":\"https:\\\/\\\/afogadosfm.com.br\\\/afogadosfm\\\/?s={search_term_string}\"},\"query-input\":{\"@type\":\"PropertyValueSpecification\",\"valueRequired\":true,\"valueName\":\"search_term_string\"}}],\"inLanguage\":\"pt-BR\"},{\"@type\":\"Organization\",\"@id\":\"https:\\\/\\\/afogadosfm.com.br\\\/afogadosfm\\\/#organization\",\"name\":\"Afogados FM\",\"url\":\"https:\\\/\\\/afogadosfm.com.br\\\/afogadosfm\\\/\",\"logo\":{\"@type\":\"ImageObject\",\"inLanguage\":\"pt-BR\",\"@id\":\"https:\\\/\\\/afogadosfm.com.br\\\/afogadosfm\\\/#\\\/schema\\\/logo\\\/image\\\/\",\"url\":\"https:\\\/\\\/i0.wp.com\\\/afogadosfm.com.br\\\/afogadosfm\\\/wp-content\\\/uploads\\\/2020\\\/06\\\/cropped-banner-afogados-4.jpg?fit=369%2C137&ssl=1\",\"contentUrl\":\"https:\\\/\\\/i0.wp.com\\\/afogadosfm.com.br\\\/afogadosfm\\\/wp-content\\\/uploads\\\/2020\\\/06\\\/cropped-banner-afogados-4.jpg?fit=369%2C137&ssl=1\",\"width\":369,\"height\":137,\"caption\":\"Afogados FM\"},\"image\":{\"@id\":\"https:\\\/\\\/afogadosfm.com.br\\\/afogadosfm\\\/#\\\/schema\\\/logo\\\/image\\\/\"}},{\"@type\":\"Person\",\"@id\":\"https:\\\/\\\/afogadosfm.com.br\\\/afogadosfm\\\/#\\\/schema\\\/person\\\/60e56f2cf5dc960fc093fe093d9e9057\",\"name\":\"afogadosfm\",\"image\":{\"@type\":\"ImageObject\",\"inLanguage\":\"pt-BR\",\"@id\":\"https:\\\/\\\/secure.gravatar.com\\\/avatar\\\/e0359add7ed5dc3560906d861b52c6a8cf5c1e199d3a7dd85070998f49bd4701?s=96&d=mm&r=g\",\"url\":\"https:\\\/\\\/secure.gravatar.com\\\/avatar\\\/e0359add7ed5dc3560906d861b52c6a8cf5c1e199d3a7dd85070998f49bd4701?s=96&d=mm&r=g\",\"contentUrl\":\"https:\\\/\\\/secure.gravatar.com\\\/avatar\\\/e0359add7ed5dc3560906d861b52c6a8cf5c1e199d3a7dd85070998f49bd4701?s=96&d=mm&r=g\",\"caption\":\"afogadosfm\"},\"url\":\"https:\\\/\\\/afogadosfm.com.br\\\/afogadosfm\\\/author\\\/afogadosfm\\\/\"}]}<\/script>\n<!-- \/ Yoast SEO plugin. -->","yoast_head_json":{"title":"Serra Talhada: Homem acusado de estuprar crian\u00e7a de 10 anos \u00e9 encontrado morto no banheiro da cadeia - Afogados FM","robots":{"index":"index","follow":"follow","max-snippet":"max-snippet:-1","max-image-preview":"max-image-preview:large","max-video-preview":"max-video-preview:-1"},"canonical":"https:\/\/afogadosfm.com.br\/afogadosfm\/2025\/09\/29\/serra-talhada-homem-acusado-de-estuprar-crianca-de-10-anos-e-encontrado-morto-no-banheiro-da-cadeia\/","og_locale":"pt_BR","og_type":"article","og_title":"Serra Talhada: Homem acusado de estuprar crian\u00e7a de 10 anos \u00e9 encontrado morto no banheiro da cadeia - Afogados FM","og_description":"Morreu, na noite deste domingo (28), o homem de 40 anos que havia sido preso em flagrante no s\u00e1bado (27)","og_url":"https:\/\/afogadosfm.com.br\/afogadosfm\/2025\/09\/29\/serra-talhada-homem-acusado-de-estuprar-crianca-de-10-anos-e-encontrado-morto-no-banheiro-da-cadeia\/","og_site_name":"Afogados FM","article_published_time":"2025-09-29T09:14:35+00:00","article_modified_time":"2025-09-29T09:19:13+00:00","og_image":[{"width":800,"height":530,"url":"https:\/\/afogadosfm.com.br\/afogadosfm\/wp-content\/uploads\/2025\/09\/cadeia.jpg","type":"image\/jpeg"}],"author":"afogadosfm","twitter_card":"summary_large_image","twitter_misc":{"Escrito por":"afogadosfm","Est. tempo de leitura":"2 minutos"},"schema":{"@context":"https:\/\/schema.org","@graph":[{"@type":"Article","@id":"https:\/\/afogadosfm.com.br\/afogadosfm\/2025\/09\/29\/serra-talhada-homem-acusado-de-estuprar-crianca-de-10-anos-e-encontrado-morto-no-banheiro-da-cadeia\/#article","isPartOf":{"@id":"https:\/\/afogadosfm.com.br\/afogadosfm\/2025\/09\/29\/serra-talhada-homem-acusado-de-estuprar-crianca-de-10-anos-e-encontrado-morto-no-banheiro-da-cadeia\/"},"author":{"name":"afogadosfm","@id":"https:\/\/afogadosfm.com.br\/afogadosfm\/#\/schema\/person\/60e56f2cf5dc960fc093fe093d9e9057"},"headline":"Serra Talhada: Homem acusado de estuprar crian\u00e7a de 10 anos \u00e9 encontrado morto no banheiro da cadeia","datePublished":"2025-09-29T09:14:35+00:00","dateModified":"2025-09-29T09:19:13+00:00","mainEntityOfPage":{"@id":"https:\/\/afogadosfm.com.br\/afogadosfm\/2025\/09\/29\/serra-talhada-homem-acusado-de-estuprar-crianca-de-10-anos-e-encontrado-morto-no-banheiro-da-cadeia\/"},"wordCount":185,"commentCount":0,"publisher":{"@id":"https:\/\/afogadosfm.com.br\/afogadosfm\/#organization"},"image":{"@id":"https:\/\/afogadosfm.com.br\/afogadosfm\/2025\/09\/29\/serra-talhada-homem-acusado-de-estuprar-crianca-de-10-anos-e-encontrado-morto-no-banheiro-da-cadeia\/#primaryimage"},"thumbnailUrl":"https:\/\/i0.wp.com\/afogadosfm.com.br\/afogadosfm\/wp-content\/uploads\/2025\/09\/cadeia.jpg?fit=800%2C530&ssl=1","articleSection":["Pol\u00edcia"],"inLanguage":"pt-BR","potentialAction":[{"@type":"CommentAction","name":"Comment","target":["https:\/\/afogadosfm.com.br\/afogadosfm\/2025\/09\/29\/serra-talhada-homem-acusado-de-estuprar-crianca-de-10-anos-e-encontrado-morto-no-banheiro-da-cadeia\/#respond"]}]},{"@type":"WebPage","@id":"https:\/\/afogadosfm.com.br\/afogadosfm\/2025\/09\/29\/serra-talhada-homem-acusado-de-estuprar-crianca-de-10-anos-e-encontrado-morto-no-banheiro-da-cadeia\/","url":"https:\/\/afogadosfm.com.br\/afogadosfm\/2025\/09\/29\/serra-talhada-homem-acusado-de-estuprar-crianca-de-10-anos-e-encontrado-morto-no-banheiro-da-cadeia\/","name":"Serra Talhada: Homem acusado de estuprar crian\u00e7a de 10 anos \u00e9 encontrado morto no banheiro da cadeia - Afogados FM","isPartOf":{"@id":"https:\/\/afogadosfm.com.br\/afogadosfm\/#website"},"primaryImageOfPage":{"@id":"https:\/\/afogadosfm.com.br\/afogadosfm\/2025\/09\/29\/serra-talhada-homem-acusado-de-estuprar-crianca-de-10-anos-e-encontrado-morto-no-banheiro-da-cadeia\/#primaryimage"},"image":{"@id":"https:\/\/afogadosfm.com.br\/afogadosfm\/2025\/09\/29\/serra-talhada-homem-acusado-de-estuprar-crianca-de-10-anos-e-encontrado-morto-no-banheiro-da-cadeia\/#primaryimage"},"thumbnailUrl":"https:\/\/i0.wp.com\/afogadosfm.com.br\/afogadosfm\/wp-content\/uploads\/2025\/09\/cadeia.jpg?fit=800%2C530&ssl=1","datePublished":"2025-09-29T09:14:35+00:00","dateModified":"2025-09-29T09:19:13+00:00","breadcrumb":{"@id":"https:\/\/afogadosfm.com.br\/afogadosfm\/2025\/09\/29\/serra-talhada-homem-acusado-de-estuprar-crianca-de-10-anos-e-encontrado-morto-no-banheiro-da-cadeia\/#breadcrumb"},"inLanguage":"pt-BR","potentialAction":[{"@type":"ReadAction","target":["https:\/\/afogadosfm.com.br\/afogadosfm\/2025\/09\/29\/serra-talhada-homem-acusado-de-estuprar-crianca-de-10-anos-e-encontrado-morto-no-banheiro-da-cadeia\/"]}]},{"@type":"ImageObject","inLanguage":"pt-BR","@id":"https:\/\/afogadosfm.com.br\/afogadosfm\/2025\/09\/29\/serra-talhada-homem-acusado-de-estuprar-crianca-de-10-anos-e-encontrado-morto-no-banheiro-da-cadeia\/#primaryimage","url":"https:\/\/i0.wp.com\/afogadosfm.com.br\/afogadosfm\/wp-content\/uploads\/2025\/09\/cadeia.jpg?fit=800%2C530&ssl=1","contentUrl":"https:\/\/i0.wp.com\/afogadosfm.com.br\/afogadosfm\/wp-content\/uploads\/2025\/09\/cadeia.jpg?fit=800%2C530&ssl=1","width":800,"height":530},{"@type":"BreadcrumbList","@id":"https:\/\/afogadosfm.com.br\/afogadosfm\/2025\/09\/29\/serra-talhada-homem-acusado-de-estuprar-crianca-de-10-anos-e-encontrado-morto-no-banheiro-da-cadeia\/#breadcrumb","itemListElement":[{"@type":"ListItem","position":1,"name":"In\u00edcio","item":"https:\/\/afogadosfm.com.br\/afogadosfm\/"},{"@type":"ListItem","position":2,"name":"Serra Talhada: Homem acusado de estuprar crian\u00e7a de 10 anos \u00e9 encontrado morto no banheiro da cadeia"}]},{"@type":"WebSite","@id":"https:\/\/afogadosfm.com.br\/afogadosfm\/#website","url":"https:\/\/afogadosfm.com.br\/afogadosfm\/","name":"Afogados FM","description":"Um site completo!","publisher":{"@id":"https:\/\/afogadosfm.com.br\/afogadosfm\/#organization"},"potentialAction":[{"@type":"SearchAction","target":{"@type":"EntryPoint","urlTemplate":"https:\/\/afogadosfm.com.br\/afogadosfm\/?s={search_term_string}"},"query-input":{"@type":"PropertyValueSpecification","valueRequired":true,"valueName":"search_term_string"}}],"inLanguage":"pt-BR"},{"@type":"Organization","@id":"https:\/\/afogadosfm.com.br\/afogadosfm\/#organization","name":"Afogados FM","url":"https:\/\/afogadosfm.com.br\/afogadosfm\/","logo":{"@type":"ImageObject","inLanguage":"pt-BR","@id":"https:\/\/afogadosfm.com.br\/afogadosfm\/#\/schema\/logo\/image\/","url":"https:\/\/i0.wp.com\/afogadosfm.com.br\/afogadosfm\/wp-content\/uploads\/2020\/06\/cropped-banner-afogados-4.jpg?fit=369%2C137&ssl=1","contentUrl":"https:\/\/i0.wp.com\/afogadosfm.com.br\/afogadosfm\/wp-content\/uploads\/2020\/06\/cropped-banner-afogados-4.jpg?fit=369%2C137&ssl=1","width":369,"height":137,"caption":"Afogados FM"},"image":{"@id":"https:\/\/afogadosfm.com.br\/afogadosfm\/#\/schema\/logo\/image\/"}},{"@type":"Person","@id":"https:\/\/afogadosfm.com.br\/afogadosfm\/#\/schema\/person\/60e56f2cf5dc960fc093fe093d9e9057","name":"afogadosfm","image":{"@type":"ImageObject","inLanguage":"pt-BR","@id":"https:\/\/secure.gravatar.com\/avatar\/e0359add7ed5dc3560906d861b52c6a8cf5c1e199d3a7dd85070998f49bd4701?s=96&d=mm&r=g","url":"https:\/\/secure.gravatar.com\/avatar\/e0359add7ed5dc3560906d861b52c6a8cf5c1e199d3a7dd85070998f49bd4701?s=96&d=mm&r=g","contentUrl":"https:\/\/secure.gravatar.com\/avatar\/e0359add7ed5dc3560906d861b52c6a8cf5c1e199d3a7dd85070998f49bd4701?s=96&d=mm&r=g","caption":"afogadosfm"},"url":"https:\/\/afogadosfm.com.br\/afogadosfm\/author\/afogadosfm\/"}]}},"jetpack_publicize_connections":[],"jetpack_featured_media_url":"https:\/\/i0.wp.com\/afogadosfm.com.br\/afogadosfm\/wp-content\/uploads\/2025\/09\/cadeia.jpg?fit=800%2C530&ssl=1","jetpack-related-posts":[],"jetpack_sharing_enabled":true,"jetpack_likes_enabled":true,"_links":{"self":[{"href":"https:\/\/afogadosfm.com.br\/afogadosfm\/wp-json\/wp\/v2\/posts\/69417","targetHints":{"allow":["GET"]}}],"collection":[{"href":"https:\/\/afogadosfm.com.br\/afogadosfm\/wp-json\/wp\/v2\/posts"}],"about":[{"href":"https:\/\/afogadosfm.com.br\/afogadosfm\/wp-json\/wp\/v2\/types\/post"}],"author":[{"embeddable":true,"href":"https:\/\/afogadosfm.com.br\/afogadosfm\/wp-json\/wp\/v2\/users\/2"}],"replies":[{"embeddable":true,"href":"https:\/\/afogadosfm.com.br\/afogadosfm\/wp-json\/wp\/v2\/comments?post=69417"}],"version-history":[{"count":2,"href":"https:\/\/afogadosfm.com.br\/afogadosfm\/wp-json\/wp\/v2\/posts\/69417\/revisions"}],"predecessor-version":[{"id":69421,"href":"https:\/\/afogadosfm.com.br\/afogadosfm\/wp-json\/wp\/v2\/posts\/69417\/revisions\/69421"}],"wp:featuredmedia":[{"embeddable":true,"href":"https:\/\/afogadosfm.com.br\/afogadosfm\/wp-json\/wp\/v2\/media\/69418"}],"wp:attachment":[{"href":"https:\/\/afogadosfm.com.br\/afogadosfm\/wp-json\/wp\/v2\/media?parent=69417"}],"wp:term":[{"taxonomy":"category","embeddable":true,"href":"https:\/\/afogadosfm.com.br\/afogadosfm\/wp-json\/wp\/v2\/categories?post=69417"},{"taxonomy":"post_tag","embeddable":true,"href":"https:\/\/afogadosfm.com.br\/afogadosfm\/wp-json\/wp\/v2\/tags?post=69417"}],"curies":[{"name":"wp","href":"https:\/\/api.w.org\/{rel}","templated":true}]}}