{"id":69424,"date":"2025-09-29T06:50:48","date_gmt":"2025-09-29T09:50:48","guid":{"rendered":"https:\/\/afogadosfm.com.br\/afogadosfm\/?p=69424"},"modified":"2025-09-29T06:50:49","modified_gmt":"2025-09-29T09:50:49","slug":"projeto-que-amplia-isencao-de-imposto-de-renda-deve-ser-votado-nesta-semana","status":"publish","type":"post","link":"https:\/\/afogadosfm.com.br\/afogadosfm\/2025\/09\/29\/projeto-que-amplia-isencao-de-imposto-de-renda-deve-ser-votado-nesta-semana\/","title":{"rendered":"Projeto que amplia isen\u00e7\u00e3o de Imposto de Renda deve ser votado nesta semana"},"content":{"rendered":"\n<p>O Col\u00e9gio de L\u00edderes acertou para quarta-feira (1) a vota\u00e7\u00e3o do projeto (PL 1087\/25) que amplia a isen\u00e7\u00e3o do imposto de renda para quem ganha at\u00e9 cinco mil reais. O relator, deputado Arthur Lira (PP-AL), do PP de Alagoas, passou os \u00faltimos dias explicando \u00e0s bancadas partid\u00e1rias os detalhes do texto, que tamb\u00e9m reduz o imposto para quem ganha at\u00e9 R$7.350,00 e cria al\u00edquota m\u00ednima de 10% para quem ganha a partir de um milh\u00e3o e duzentos mil reais ao ano.<\/p>\n\n\n\n<p>&#8220;Mesmo a C\u00e2mara tendo deputados que pensem t\u00e3o diferentes, a gente tenta fazer um debate mais t\u00e9cnico poss\u00edvel para que no momento de muita confus\u00e3o pol\u00edtica a gente tenha uma luz de sobriedade, que a gente possa fazer o melhor debate poss\u00edvel, isso ficou bem entendido. 2\u201905 O presidente Hugo ent\u00e3o acertou um calend\u00e1rio com os l\u00edderes que abrindo o prazo de emendamento, a gente vai estar \u00e0 disposi\u00e7\u00e3o das bancadas e na quarta-feira da semana que vem o projeto vir\u00e1 a Plen\u00e1rio para vota\u00e7\u00e3o na C\u00e2mara dos Deputados&#8221;.<\/p>\n\n\n\n<p>O relator do projeto (PL 2162\/23) da anistia aos condenados pelos atos antidemocr\u00e1ticos, deputado Paulinho da For\u00e7a (Solidariedade-SP), do Solidariedade de S\u00e3o Paulo, tamb\u00e9m esteve em cada lideran\u00e7a negociando com os partidos um texto alternativo que prev\u00ea a redu\u00e7\u00e3o nas penas aplicadas pelo Supremo Tribunal Federal. Segundo o relator, o projeto est\u00e1 pronto para ser votado.<\/p>\n\n\n\n<p>&#8220;Apesar das diverg\u00eancias que a gente tem na Casa, tanto \u00e0 esquerda, quanto \u00e0 direita, o projeto avan\u00e7a pelo centro e eu tenho certeza que n\u00f3s vamos aprov\u00e1-la. Aposto que o texto vai agradar a grande maioria do Congresso&#8221;.<\/p>\n\n\n\n<p>Para o deputado mineiro A\u00e9cio Neves (PSDB-MG), do PSDB, a vota\u00e7\u00e3o da anistia \u00e9 fundamental para destravar a pauta da C\u00e2mara.<\/p>\n\n\n\n<p>&#8220;Uma sa\u00edda para esse impasse. Eu acho que o fato de a extrema direita e a extrema esquerda se colocarem contra o projeto mostra a sua virtude. O projeto do deputado Paulinho ele n\u00e3o est\u00e1 fazendo para agradar o Bolsonarismo ou agradar o presidente Lula. Ele est\u00e1 sendo feito pra gente destravar a agenda do Brasil. Para n\u00f3s voltarmos a falar em Educa\u00e7\u00e3o, Seguran\u00e7a P\u00fablica, de Imposto de Renda&#8221;.<\/p>\n\n\n\n<p>O l\u00edder da Federa\u00e7\u00e3o PT-PCdoB-PV, deputado Lindbergh Farias (PT-RJ), do Rio de Janeiro, discorda. Para ele, a pauta da anistia pode inviabilizar a aprova\u00e7\u00e3o do projeto que amplia a isen\u00e7\u00e3o do imposto de renda das pessoas f\u00edsicas.<\/p>\n\n\n\n<p>&#8220;O que foi acertado foi a vota\u00e7\u00e3o do imposto de renda pra pr\u00f3xima quarta-feira, tributa\u00e7\u00e3o dos mais ricos. Isso \u00e9 uma pauta que est\u00e1 vinculada \u00e0 vida do povo. E se a gente tulmutua colocando um tema como esse tanto a anistia quanto a redu\u00e7\u00e3o de penas, como revis\u00e3o de penas, a chance de a gente n\u00e3o votar o imposto de renda \u00e9 grande. At\u00e9 porque n\u00f3s sabemos que quando for discutida a revis\u00e3o de penas, que a gente \u00e9 contra, vai ter um destaque do PL de anistia ampla, geral e irrestrita&#8221;.<\/p>\n\n\n\n<p>Questionado, o presidente da C\u00e2mara, Hugo Motta (Republicanos-PB), negou que a vota\u00e7\u00e3o do projeto do imposto de renda esteja condicionada \u00e0 aprova\u00e7\u00e3o da anistia.<\/p>\n\n\n\n<p>&#8220;N\u00f3s j\u00e1 anunciamos a pauta para a pr\u00f3xima a quarta-feira, independente de qualquer outra mat\u00e9ria que esteja em discuss\u00e3o na Casa. N\u00e3o h\u00e1 vincula\u00e7\u00e3o da mat\u00e9ria do Imposto de Renda com nenhuma outra mat\u00e9ria. Essa foi uma associa\u00e7\u00e3o feita de maneira incorreta. N\u00f3s temos a tranquilidade de dizer que esta Casa ir\u00e1 apreciar, na pr\u00f3xima quarta-feira, a vota\u00e7\u00e3o da isen\u00e7\u00e3o do Imposto de Renda, para aquelas pessoas que ganham at\u00e9 5 mil reais. Mais de 15 milh\u00f5es de brasileiros e brasileiras ser\u00e3o beneficiados com essa medida&#8221;.<\/p>\n\n\n\n<p>Tamb\u00e9m podem entrar na pauta o projeto (PL 3834\/25) que simplifica as regras para o licenciamento ambiental; e o projeto (PL 226\/24) que regulamenta a pris\u00e3o preventiva. Esses e outros debates no Plen\u00e1rio voc\u00ea acompanha na R\u00e1dio e na TV C\u00e2mara, no canal da C\u00e2mara no Youtube e nas nossas redes sociais.<\/p>\n\n\n\n<p>Da R\u00e1dio C\u00e2mara, de Bras\u00edlia, Cid Queiroz<\/p>\n","protected":false},"excerpt":{"rendered":"<p>O Col\u00e9gio de L\u00edderes acertou para quarta-feira (1) a vota\u00e7\u00e3o do projeto (PL 1087\/25) que amplia a isen\u00e7\u00e3o do imposto<\/p>\n","protected":false},"author":2,"featured_media":2618,"comment_status":"open","ping_status":"open","sticky":false,"template":"","format":"standard","meta":{"jetpack_post_was_ever_published":false,"_jetpack_newsletter_access":"","_jetpack_dont_email_post_to_subs":false,"_jetpack_newsletter_tier_id":0,"_jetpack_memberships_contains_paywalled_content":false,"_jetpack_memberships_contains_paid_content":false,"footnotes":"","jetpack_publicize_message":"","jetpack_publicize_feature_enabled":true,"jetpack_social_post_already_shared":true,"jetpack_social_options":{"image_generator_settings":{"template":"highway","default_image_id":0,"font":"","enabled":false},"version":2}},"categories":[12],"tags":[],"class_list":["post-69424","post","type-post","status-publish","format-standard","has-post-thumbnail","hentry","category-brasil"],"yoast_head":"<!-- This site is optimized with the Yoast SEO plugin v27.5 - https:\/\/yoast.com\/product\/yoast-seo-wordpress\/ -->\n<title>Projeto que amplia isen\u00e7\u00e3o de Imposto de Renda deve ser votado nesta semana - Afogados FM<\/title>\n<meta name=\"robots\" content=\"index, follow, max-snippet:-1, max-image-preview:large, max-video-preview:-1\" \/>\n<link rel=\"canonical\" href=\"https:\/\/afogadosfm.com.br\/afogadosfm\/2025\/09\/29\/projeto-que-amplia-isencao-de-imposto-de-renda-deve-ser-votado-nesta-semana\/\" \/>\n<meta property=\"og:locale\" content=\"pt_BR\" \/>\n<meta property=\"og:type\" content=\"article\" \/>\n<meta property=\"og:title\" content=\"Projeto que amplia isen\u00e7\u00e3o de Imposto de Renda deve ser votado nesta semana - Afogados FM\" \/>\n<meta property=\"og:description\" content=\"O Col\u00e9gio de L\u00edderes acertou para quarta-feira (1) a vota\u00e7\u00e3o do projeto (PL 1087\/25) que amplia a isen\u00e7\u00e3o do imposto\" \/>\n<meta property=\"og:url\" content=\"https:\/\/afogadosfm.com.br\/afogadosfm\/2025\/09\/29\/projeto-que-amplia-isencao-de-imposto-de-renda-deve-ser-votado-nesta-semana\/\" \/>\n<meta property=\"og:site_name\" content=\"Afogados FM\" \/>\n<meta property=\"article:published_time\" content=\"2025-09-29T09:50:48+00:00\" \/>\n<meta property=\"article:modified_time\" content=\"2025-09-29T09:50:49+00:00\" \/>\n<meta property=\"og:image\" content=\"https:\/\/afogadosfm.com.br\/afogadosfm\/wp-content\/uploads\/2018\/03\/receita.jpg\" \/>\n\t<meta property=\"og:image:width\" content=\"473\" \/>\n\t<meta property=\"og:image:height\" content=\"308\" \/>\n\t<meta property=\"og:image:type\" content=\"image\/jpeg\" \/>\n<meta name=\"author\" content=\"afogadosfm\" \/>\n<meta name=\"twitter:card\" content=\"summary_large_image\" \/>\n<meta name=\"twitter:label1\" content=\"Escrito por\" \/>\n\t<meta name=\"twitter:data1\" content=\"afogadosfm\" \/>\n\t<meta name=\"twitter:label2\" content=\"Est. tempo de leitura\" \/>\n\t<meta name=\"twitter:data2\" content=\"4 minutos\" \/>\n<script type=\"application\/ld+json\" class=\"yoast-schema-graph\">{\"@context\":\"https:\\\/\\\/schema.org\",\"@graph\":[{\"@type\":\"Article\",\"@id\":\"https:\\\/\\\/afogadosfm.com.br\\\/afogadosfm\\\/2025\\\/09\\\/29\\\/projeto-que-amplia-isencao-de-imposto-de-renda-deve-ser-votado-nesta-semana\\\/#article\",\"isPartOf\":{\"@id\":\"https:\\\/\\\/afogadosfm.com.br\\\/afogadosfm\\\/2025\\\/09\\\/29\\\/projeto-que-amplia-isencao-de-imposto-de-renda-deve-ser-votado-nesta-semana\\\/\"},\"author\":{\"name\":\"afogadosfm\",\"@id\":\"https:\\\/\\\/afogadosfm.com.br\\\/afogadosfm\\\/#\\\/schema\\\/person\\\/60e56f2cf5dc960fc093fe093d9e9057\"},\"headline\":\"Projeto que amplia isen\u00e7\u00e3o de Imposto de Renda deve ser votado nesta semana\",\"datePublished\":\"2025-09-29T09:50:48+00:00\",\"dateModified\":\"2025-09-29T09:50:49+00:00\",\"mainEntityOfPage\":{\"@id\":\"https:\\\/\\\/afogadosfm.com.br\\\/afogadosfm\\\/2025\\\/09\\\/29\\\/projeto-que-amplia-isencao-de-imposto-de-renda-deve-ser-votado-nesta-semana\\\/\"},\"wordCount\":732,\"commentCount\":0,\"publisher\":{\"@id\":\"https:\\\/\\\/afogadosfm.com.br\\\/afogadosfm\\\/#organization\"},\"image\":{\"@id\":\"https:\\\/\\\/afogadosfm.com.br\\\/afogadosfm\\\/2025\\\/09\\\/29\\\/projeto-que-amplia-isencao-de-imposto-de-renda-deve-ser-votado-nesta-semana\\\/#primaryimage\"},\"thumbnailUrl\":\"https:\\\/\\\/i0.wp.com\\\/afogadosfm.com.br\\\/afogadosfm\\\/wp-content\\\/uploads\\\/2018\\\/03\\\/receita.jpg?fit=473%2C308&ssl=1\",\"articleSection\":[\"Brasil\"],\"inLanguage\":\"pt-BR\",\"potentialAction\":[{\"@type\":\"CommentAction\",\"name\":\"Comment\",\"target\":[\"https:\\\/\\\/afogadosfm.com.br\\\/afogadosfm\\\/2025\\\/09\\\/29\\\/projeto-que-amplia-isencao-de-imposto-de-renda-deve-ser-votado-nesta-semana\\\/#respond\"]}]},{\"@type\":\"WebPage\",\"@id\":\"https:\\\/\\\/afogadosfm.com.br\\\/afogadosfm\\\/2025\\\/09\\\/29\\\/projeto-que-amplia-isencao-de-imposto-de-renda-deve-ser-votado-nesta-semana\\\/\",\"url\":\"https:\\\/\\\/afogadosfm.com.br\\\/afogadosfm\\\/2025\\\/09\\\/29\\\/projeto-que-amplia-isencao-de-imposto-de-renda-deve-ser-votado-nesta-semana\\\/\",\"name\":\"Projeto que amplia isen\u00e7\u00e3o de Imposto de Renda deve ser votado nesta semana - Afogados FM\",\"isPartOf\":{\"@id\":\"https:\\\/\\\/afogadosfm.com.br\\\/afogadosfm\\\/#website\"},\"primaryImageOfPage\":{\"@id\":\"https:\\\/\\\/afogadosfm.com.br\\\/afogadosfm\\\/2025\\\/09\\\/29\\\/projeto-que-amplia-isencao-de-imposto-de-renda-deve-ser-votado-nesta-semana\\\/#primaryimage\"},\"image\":{\"@id\":\"https:\\\/\\\/afogadosfm.com.br\\\/afogadosfm\\\/2025\\\/09\\\/29\\\/projeto-que-amplia-isencao-de-imposto-de-renda-deve-ser-votado-nesta-semana\\\/#primaryimage\"},\"thumbnailUrl\":\"https:\\\/\\\/i0.wp.com\\\/afogadosfm.com.br\\\/afogadosfm\\\/wp-content\\\/uploads\\\/2018\\\/03\\\/receita.jpg?fit=473%2C308&ssl=1\",\"datePublished\":\"2025-09-29T09:50:48+00:00\",\"dateModified\":\"2025-09-29T09:50:49+00:00\",\"breadcrumb\":{\"@id\":\"https:\\\/\\\/afogadosfm.com.br\\\/afogadosfm\\\/2025\\\/09\\\/29\\\/projeto-que-amplia-isencao-de-imposto-de-renda-deve-ser-votado-nesta-semana\\\/#breadcrumb\"},\"inLanguage\":\"pt-BR\",\"potentialAction\":[{\"@type\":\"ReadAction\",\"target\":[\"https:\\\/\\\/afogadosfm.com.br\\\/afogadosfm\\\/2025\\\/09\\\/29\\\/projeto-que-amplia-isencao-de-imposto-de-renda-deve-ser-votado-nesta-semana\\\/\"]}]},{\"@type\":\"ImageObject\",\"inLanguage\":\"pt-BR\",\"@id\":\"https:\\\/\\\/afogadosfm.com.br\\\/afogadosfm\\\/2025\\\/09\\\/29\\\/projeto-que-amplia-isencao-de-imposto-de-renda-deve-ser-votado-nesta-semana\\\/#primaryimage\",\"url\":\"https:\\\/\\\/i0.wp.com\\\/afogadosfm.com.br\\\/afogadosfm\\\/wp-content\\\/uploads\\\/2018\\\/03\\\/receita.jpg?fit=473%2C308&ssl=1\",\"contentUrl\":\"https:\\\/\\\/i0.wp.com\\\/afogadosfm.com.br\\\/afogadosfm\\\/wp-content\\\/uploads\\\/2018\\\/03\\\/receita.jpg?fit=473%2C308&ssl=1\",\"width\":473,\"height\":308},{\"@type\":\"BreadcrumbList\",\"@id\":\"https:\\\/\\\/afogadosfm.com.br\\\/afogadosfm\\\/2025\\\/09\\\/29\\\/projeto-que-amplia-isencao-de-imposto-de-renda-deve-ser-votado-nesta-semana\\\/#breadcrumb\",\"itemListElement\":[{\"@type\":\"ListItem\",\"position\":1,\"name\":\"In\u00edcio\",\"item\":\"https:\\\/\\\/afogadosfm.com.br\\\/afogadosfm\\\/\"},{\"@type\":\"ListItem\",\"position\":2,\"name\":\"Projeto que amplia isen\u00e7\u00e3o de Imposto de Renda deve ser votado nesta semana\"}]},{\"@type\":\"WebSite\",\"@id\":\"https:\\\/\\\/afogadosfm.com.br\\\/afogadosfm\\\/#website\",\"url\":\"https:\\\/\\\/afogadosfm.com.br\\\/afogadosfm\\\/\",\"name\":\"Afogados FM\",\"description\":\"Um site completo!\",\"publisher\":{\"@id\":\"https:\\\/\\\/afogadosfm.com.br\\\/afogadosfm\\\/#organization\"},\"potentialAction\":[{\"@type\":\"SearchAction\",\"target\":{\"@type\":\"EntryPoint\",\"urlTemplate\":\"https:\\\/\\\/afogadosfm.com.br\\\/afogadosfm\\\/?s={search_term_string}\"},\"query-input\":{\"@type\":\"PropertyValueSpecification\",\"valueRequired\":true,\"valueName\":\"search_term_string\"}}],\"inLanguage\":\"pt-BR\"},{\"@type\":\"Organization\",\"@id\":\"https:\\\/\\\/afogadosfm.com.br\\\/afogadosfm\\\/#organization\",\"name\":\"Afogados FM\",\"url\":\"https:\\\/\\\/afogadosfm.com.br\\\/afogadosfm\\\/\",\"logo\":{\"@type\":\"ImageObject\",\"inLanguage\":\"pt-BR\",\"@id\":\"https:\\\/\\\/afogadosfm.com.br\\\/afogadosfm\\\/#\\\/schema\\\/logo\\\/image\\\/\",\"url\":\"https:\\\/\\\/i0.wp.com\\\/afogadosfm.com.br\\\/afogadosfm\\\/wp-content\\\/uploads\\\/2020\\\/06\\\/cropped-banner-afogados-4.jpg?fit=369%2C137&ssl=1\",\"contentUrl\":\"https:\\\/\\\/i0.wp.com\\\/afogadosfm.com.br\\\/afogadosfm\\\/wp-content\\\/uploads\\\/2020\\\/06\\\/cropped-banner-afogados-4.jpg?fit=369%2C137&ssl=1\",\"width\":369,\"height\":137,\"caption\":\"Afogados FM\"},\"image\":{\"@id\":\"https:\\\/\\\/afogadosfm.com.br\\\/afogadosfm\\\/#\\\/schema\\\/logo\\\/image\\\/\"}},{\"@type\":\"Person\",\"@id\":\"https:\\\/\\\/afogadosfm.com.br\\\/afogadosfm\\\/#\\\/schema\\\/person\\\/60e56f2cf5dc960fc093fe093d9e9057\",\"name\":\"afogadosfm\",\"image\":{\"@type\":\"ImageObject\",\"inLanguage\":\"pt-BR\",\"@id\":\"https:\\\/\\\/secure.gravatar.com\\\/avatar\\\/e0359add7ed5dc3560906d861b52c6a8cf5c1e199d3a7dd85070998f49bd4701?s=96&d=mm&r=g\",\"url\":\"https:\\\/\\\/secure.gravatar.com\\\/avatar\\\/e0359add7ed5dc3560906d861b52c6a8cf5c1e199d3a7dd85070998f49bd4701?s=96&d=mm&r=g\",\"contentUrl\":\"https:\\\/\\\/secure.gravatar.com\\\/avatar\\\/e0359add7ed5dc3560906d861b52c6a8cf5c1e199d3a7dd85070998f49bd4701?s=96&d=mm&r=g\",\"caption\":\"afogadosfm\"},\"url\":\"https:\\\/\\\/afogadosfm.com.br\\\/afogadosfm\\\/author\\\/afogadosfm\\\/\"}]}<\/script>\n<!-- \/ Yoast SEO plugin. -->","yoast_head_json":{"title":"Projeto que amplia isen\u00e7\u00e3o de Imposto de Renda deve ser votado nesta semana - Afogados FM","robots":{"index":"index","follow":"follow","max-snippet":"max-snippet:-1","max-image-preview":"max-image-preview:large","max-video-preview":"max-video-preview:-1"},"canonical":"https:\/\/afogadosfm.com.br\/afogadosfm\/2025\/09\/29\/projeto-que-amplia-isencao-de-imposto-de-renda-deve-ser-votado-nesta-semana\/","og_locale":"pt_BR","og_type":"article","og_title":"Projeto que amplia isen\u00e7\u00e3o de Imposto de Renda deve ser votado nesta semana - Afogados FM","og_description":"O Col\u00e9gio de L\u00edderes acertou para quarta-feira (1) a vota\u00e7\u00e3o do projeto (PL 1087\/25) que amplia a isen\u00e7\u00e3o do imposto","og_url":"https:\/\/afogadosfm.com.br\/afogadosfm\/2025\/09\/29\/projeto-que-amplia-isencao-de-imposto-de-renda-deve-ser-votado-nesta-semana\/","og_site_name":"Afogados FM","article_published_time":"2025-09-29T09:50:48+00:00","article_modified_time":"2025-09-29T09:50:49+00:00","og_image":[{"width":473,"height":308,"url":"https:\/\/afogadosfm.com.br\/afogadosfm\/wp-content\/uploads\/2018\/03\/receita.jpg","type":"image\/jpeg"}],"author":"afogadosfm","twitter_card":"summary_large_image","twitter_misc":{"Escrito por":"afogadosfm","Est. tempo de leitura":"4 minutos"},"schema":{"@context":"https:\/\/schema.org","@graph":[{"@type":"Article","@id":"https:\/\/afogadosfm.com.br\/afogadosfm\/2025\/09\/29\/projeto-que-amplia-isencao-de-imposto-de-renda-deve-ser-votado-nesta-semana\/#article","isPartOf":{"@id":"https:\/\/afogadosfm.com.br\/afogadosfm\/2025\/09\/29\/projeto-que-amplia-isencao-de-imposto-de-renda-deve-ser-votado-nesta-semana\/"},"author":{"name":"afogadosfm","@id":"https:\/\/afogadosfm.com.br\/afogadosfm\/#\/schema\/person\/60e56f2cf5dc960fc093fe093d9e9057"},"headline":"Projeto que amplia isen\u00e7\u00e3o de Imposto de Renda deve ser votado nesta semana","datePublished":"2025-09-29T09:50:48+00:00","dateModified":"2025-09-29T09:50:49+00:00","mainEntityOfPage":{"@id":"https:\/\/afogadosfm.com.br\/afogadosfm\/2025\/09\/29\/projeto-que-amplia-isencao-de-imposto-de-renda-deve-ser-votado-nesta-semana\/"},"wordCount":732,"commentCount":0,"publisher":{"@id":"https:\/\/afogadosfm.com.br\/afogadosfm\/#organization"},"image":{"@id":"https:\/\/afogadosfm.com.br\/afogadosfm\/2025\/09\/29\/projeto-que-amplia-isencao-de-imposto-de-renda-deve-ser-votado-nesta-semana\/#primaryimage"},"thumbnailUrl":"https:\/\/i0.wp.com\/afogadosfm.com.br\/afogadosfm\/wp-content\/uploads\/2018\/03\/receita.jpg?fit=473%2C308&ssl=1","articleSection":["Brasil"],"inLanguage":"pt-BR","potentialAction":[{"@type":"CommentAction","name":"Comment","target":["https:\/\/afogadosfm.com.br\/afogadosfm\/2025\/09\/29\/projeto-que-amplia-isencao-de-imposto-de-renda-deve-ser-votado-nesta-semana\/#respond"]}]},{"@type":"WebPage","@id":"https:\/\/afogadosfm.com.br\/afogadosfm\/2025\/09\/29\/projeto-que-amplia-isencao-de-imposto-de-renda-deve-ser-votado-nesta-semana\/","url":"https:\/\/afogadosfm.com.br\/afogadosfm\/2025\/09\/29\/projeto-que-amplia-isencao-de-imposto-de-renda-deve-ser-votado-nesta-semana\/","name":"Projeto que amplia isen\u00e7\u00e3o de Imposto de Renda deve ser votado nesta semana - Afogados FM","isPartOf":{"@id":"https:\/\/afogadosfm.com.br\/afogadosfm\/#website"},"primaryImageOfPage":{"@id":"https:\/\/afogadosfm.com.br\/afogadosfm\/2025\/09\/29\/projeto-que-amplia-isencao-de-imposto-de-renda-deve-ser-votado-nesta-semana\/#primaryimage"},"image":{"@id":"https:\/\/afogadosfm.com.br\/afogadosfm\/2025\/09\/29\/projeto-que-amplia-isencao-de-imposto-de-renda-deve-ser-votado-nesta-semana\/#primaryimage"},"thumbnailUrl":"https:\/\/i0.wp.com\/afogadosfm.com.br\/afogadosfm\/wp-content\/uploads\/2018\/03\/receita.jpg?fit=473%2C308&ssl=1","datePublished":"2025-09-29T09:50:48+00:00","dateModified":"2025-09-29T09:50:49+00:00","breadcrumb":{"@id":"https:\/\/afogadosfm.com.br\/afogadosfm\/2025\/09\/29\/projeto-que-amplia-isencao-de-imposto-de-renda-deve-ser-votado-nesta-semana\/#breadcrumb"},"inLanguage":"pt-BR","potentialAction":[{"@type":"ReadAction","target":["https:\/\/afogadosfm.com.br\/afogadosfm\/2025\/09\/29\/projeto-que-amplia-isencao-de-imposto-de-renda-deve-ser-votado-nesta-semana\/"]}]},{"@type":"ImageObject","inLanguage":"pt-BR","@id":"https:\/\/afogadosfm.com.br\/afogadosfm\/2025\/09\/29\/projeto-que-amplia-isencao-de-imposto-de-renda-deve-ser-votado-nesta-semana\/#primaryimage","url":"https:\/\/i0.wp.com\/afogadosfm.com.br\/afogadosfm\/wp-content\/uploads\/2018\/03\/receita.jpg?fit=473%2C308&ssl=1","contentUrl":"https:\/\/i0.wp.com\/afogadosfm.com.br\/afogadosfm\/wp-content\/uploads\/2018\/03\/receita.jpg?fit=473%2C308&ssl=1","width":473,"height":308},{"@type":"BreadcrumbList","@id":"https:\/\/afogadosfm.com.br\/afogadosfm\/2025\/09\/29\/projeto-que-amplia-isencao-de-imposto-de-renda-deve-ser-votado-nesta-semana\/#breadcrumb","itemListElement":[{"@type":"ListItem","position":1,"name":"In\u00edcio","item":"https:\/\/afogadosfm.com.br\/afogadosfm\/"},{"@type":"ListItem","position":2,"name":"Projeto que amplia isen\u00e7\u00e3o de Imposto de Renda deve ser votado nesta semana"}]},{"@type":"WebSite","@id":"https:\/\/afogadosfm.com.br\/afogadosfm\/#website","url":"https:\/\/afogadosfm.com.br\/afogadosfm\/","name":"Afogados FM","description":"Um site completo!","publisher":{"@id":"https:\/\/afogadosfm.com.br\/afogadosfm\/#organization"},"potentialAction":[{"@type":"SearchAction","target":{"@type":"EntryPoint","urlTemplate":"https:\/\/afogadosfm.com.br\/afogadosfm\/?s={search_term_string}"},"query-input":{"@type":"PropertyValueSpecification","valueRequired":true,"valueName":"search_term_string"}}],"inLanguage":"pt-BR"},{"@type":"Organization","@id":"https:\/\/afogadosfm.com.br\/afogadosfm\/#organization","name":"Afogados FM","url":"https:\/\/afogadosfm.com.br\/afogadosfm\/","logo":{"@type":"ImageObject","inLanguage":"pt-BR","@id":"https:\/\/afogadosfm.com.br\/afogadosfm\/#\/schema\/logo\/image\/","url":"https:\/\/i0.wp.com\/afogadosfm.com.br\/afogadosfm\/wp-content\/uploads\/2020\/06\/cropped-banner-afogados-4.jpg?fit=369%2C137&ssl=1","contentUrl":"https:\/\/i0.wp.com\/afogadosfm.com.br\/afogadosfm\/wp-content\/uploads\/2020\/06\/cropped-banner-afogados-4.jpg?fit=369%2C137&ssl=1","width":369,"height":137,"caption":"Afogados FM"},"image":{"@id":"https:\/\/afogadosfm.com.br\/afogadosfm\/#\/schema\/logo\/image\/"}},{"@type":"Person","@id":"https:\/\/afogadosfm.com.br\/afogadosfm\/#\/schema\/person\/60e56f2cf5dc960fc093fe093d9e9057","name":"afogadosfm","image":{"@type":"ImageObject","inLanguage":"pt-BR","@id":"https:\/\/secure.gravatar.com\/avatar\/e0359add7ed5dc3560906d861b52c6a8cf5c1e199d3a7dd85070998f49bd4701?s=96&d=mm&r=g","url":"https:\/\/secure.gravatar.com\/avatar\/e0359add7ed5dc3560906d861b52c6a8cf5c1e199d3a7dd85070998f49bd4701?s=96&d=mm&r=g","contentUrl":"https:\/\/secure.gravatar.com\/avatar\/e0359add7ed5dc3560906d861b52c6a8cf5c1e199d3a7dd85070998f49bd4701?s=96&d=mm&r=g","caption":"afogadosfm"},"url":"https:\/\/afogadosfm.com.br\/afogadosfm\/author\/afogadosfm\/"}]}},"jetpack_publicize_connections":[],"jetpack_featured_media_url":"https:\/\/i0.wp.com\/afogadosfm.com.br\/afogadosfm\/wp-content\/uploads\/2018\/03\/receita.jpg?fit=473%2C308&ssl=1","jetpack-related-posts":[],"jetpack_sharing_enabled":true,"jetpack_likes_enabled":true,"_links":{"self":[{"href":"https:\/\/afogadosfm.com.br\/afogadosfm\/wp-json\/wp\/v2\/posts\/69424","targetHints":{"allow":["GET"]}}],"collection":[{"href":"https:\/\/afogadosfm.com.br\/afogadosfm\/wp-json\/wp\/v2\/posts"}],"about":[{"href":"https:\/\/afogadosfm.com.br\/afogadosfm\/wp-json\/wp\/v2\/types\/post"}],"author":[{"embeddable":true,"href":"https:\/\/afogadosfm.com.br\/afogadosfm\/wp-json\/wp\/v2\/users\/2"}],"replies":[{"embeddable":true,"href":"https:\/\/afogadosfm.com.br\/afogadosfm\/wp-json\/wp\/v2\/comments?post=69424"}],"version-history":[{"count":1,"href":"https:\/\/afogadosfm.com.br\/afogadosfm\/wp-json\/wp\/v2\/posts\/69424\/revisions"}],"predecessor-version":[{"id":69425,"href":"https:\/\/afogadosfm.com.br\/afogadosfm\/wp-json\/wp\/v2\/posts\/69424\/revisions\/69425"}],"wp:featuredmedia":[{"embeddable":true,"href":"https:\/\/afogadosfm.com.br\/afogadosfm\/wp-json\/wp\/v2\/media\/2618"}],"wp:attachment":[{"href":"https:\/\/afogadosfm.com.br\/afogadosfm\/wp-json\/wp\/v2\/media?parent=69424"}],"wp:term":[{"taxonomy":"category","embeddable":true,"href":"https:\/\/afogadosfm.com.br\/afogadosfm\/wp-json\/wp\/v2\/categories?post=69424"},{"taxonomy":"post_tag","embeddable":true,"href":"https:\/\/afogadosfm.com.br\/afogadosfm\/wp-json\/wp\/v2\/tags?post=69424"}],"curies":[{"name":"wp","href":"https:\/\/api.w.org\/{rel}","templated":true}]}}