{"id":69433,"date":"2025-09-30T05:39:35","date_gmt":"2025-09-30T08:39:35","guid":{"rendered":"https:\/\/afogadosfm.com.br\/afogadosfm\/?p=69433"},"modified":"2025-09-30T05:39:36","modified_gmt":"2025-09-30T08:39:36","slug":"23o-bpm-prende-homem-por-porte-ilegal-de-arma-e-receptacao-em-afogados-da-ingazeira","status":"publish","type":"post","link":"https:\/\/afogadosfm.com.br\/afogadosfm\/2025\/09\/30\/23o-bpm-prende-homem-por-porte-ilegal-de-arma-e-receptacao-em-afogados-da-ingazeira\/","title":{"rendered":"23\u00ba BPM prende homem por porte ilegal de arma e recepta\u00e7\u00e3o em Afogados da Ingazeira"},"content":{"rendered":"\n<p>Na tarde desta segunda-feira, 29 de setembro de 2025, o 23\u00ba Batalh\u00e3o da Pol\u00edcia Militar de Pernambuco, em *a\u00e7\u00e3o integrada com as equipes Malhas da Lei, ASI\/23\u00ba BPM e Pol\u00edcia Civil de Pernambuco (PCPE)*, realizou uma expressiva opera\u00e7\u00e3o que culminou no cumprimento de *Mandado de Busca e Apreens\u00e3o Criminal na resid\u00eancia de J. G. M. M., 46 anos*, na Quadra G do bairro Miguel Arraes em Afogados da Ingazeira.<\/p>\n\n\n\n<p>Durante a abordagem, o acusado foi surpreendido portando na cintura *uma pistola calibre .40, modelo 24\/7, n\u00ba 41355, com um carregador e 14 muni\u00e7\u00f5es intactas.<\/p>\n\n\n\n<p>&nbsp;A checagem de antecedentes revelou v\u00e1rias passagens criminais, incluindo *amea\u00e7a, tr\u00e1fico e homic\u00eddio, refor\u00e7ando a relev\u00e2ncia da pris\u00e3o perpetrada.<\/p>\n\n\n\n<p>&nbsp;Informa\u00e7\u00f5es apuradas indicavam que o local vinha sendo utilizado para intenso tr\u00e1fico de drogas.<\/p>\n\n\n\n<p>Na revista ao im\u00f3vel, foram ainda apreendidos:<\/p>\n\n\n\n<p>\u25aa\ufe0f *R$ 7.922,00 em esp\u00e9cie;*<\/p>\n\n\n\n<p>\u25aa\ufe0f *Duas balan\u00e7as de precis\u00e3o;*<\/p>\n\n\n\n<p>\u25aa\ufe0f *38g de maconha e 1g de crack;*<\/p>\n\n\n\n<p>\u25aa\ufe0f *Uma muni\u00e7\u00e3o calibre .38;*<\/p>\n\n\n\n<p>\u25aa\ufe0f *10 aparelhos celulares, sendo 5 da marca Samsung (um deles com queixa de roubo\/furto \u2013 IMEI 350341124902556), al\u00e9m de aparelhos das marcas Alcatel, Sony Ericsson, Acer e Motorola;*<\/p>\n\n\n\n<p>\u25aa\ufe0f *Dois pen drives, cart\u00f5es de cr\u00e9dito (Will, Magazine Luiza e Ourocard Banco do Brasil);*<\/p>\n\n\n\n<p>\u25aa\ufe0f *Um rel\u00f3gio Cassio Edifice, uma carteira com anota\u00e7\u00f5es e uma bainha de couro.*<\/p>\n\n\n\n<p>No momento da opera\u00e7\u00e3o, o investigado foi flagrado consumindo entorpecentes junto aos imputados *A. J. P. S., de 23 anos, F. F. R., de 20 anos, e C. E. L. S., de 18 anos*. Todos possuem passagem por *envolvimento com drogas*.<\/p>\n\n\n\n<p>O suspeito *C. E. L. S., 18 anos, possui diversas passagens criminais, entre elas por amea\u00e7a, &nbsp;viol\u00eancia dom\u00e9stica e posse e uso de entorpecentes*. Os outros dois envolvidos tamb\u00e9m apresentam antecedentes relacionados \u00e0 posse de &nbsp;entorpecentes.<\/p>\n\n\n\n<p>Diante dos fatos, todos os envolvidos e o material apreendido foram conduzidos *\u00e0 Delegacia de Pol\u00edcia Civil* para ado\u00e7\u00e3o das provid\u00eancias legais cab\u00edveis.<\/p>\n","protected":false},"excerpt":{"rendered":"<p>Na tarde desta segunda-feira, 29 de setembro de 2025, o 23\u00ba Batalh\u00e3o da Pol\u00edcia Militar de Pernambuco, em *a\u00e7\u00e3o integrada<\/p>\n","protected":false},"author":2,"featured_media":33834,"comment_status":"open","ping_status":"open","sticky":false,"template":"","format":"standard","meta":{"jetpack_post_was_ever_published":false,"_jetpack_newsletter_access":"","_jetpack_dont_email_post_to_subs":false,"_jetpack_newsletter_tier_id":0,"_jetpack_memberships_contains_paywalled_content":false,"_jetpack_memberships_contains_paid_content":false,"footnotes":"","jetpack_publicize_message":"","jetpack_publicize_feature_enabled":true,"jetpack_social_post_already_shared":true,"jetpack_social_options":{"image_generator_settings":{"template":"highway","default_image_id":0,"font":"","enabled":false},"version":2}},"categories":[14],"tags":[],"class_list":["post-69433","post","type-post","status-publish","format-standard","has-post-thumbnail","hentry","category-afogados-da-ingazeira"],"yoast_head":"<!-- This site is optimized with the Yoast SEO plugin v27.5 - https:\/\/yoast.com\/product\/yoast-seo-wordpress\/ -->\n<title>23\u00ba BPM prende homem por porte ilegal de arma e recepta\u00e7\u00e3o em Afogados da Ingazeira - Afogados FM<\/title>\n<meta name=\"robots\" content=\"index, follow, max-snippet:-1, max-image-preview:large, max-video-preview:-1\" \/>\n<link rel=\"canonical\" href=\"https:\/\/afogadosfm.com.br\/afogadosfm\/2025\/09\/30\/23o-bpm-prende-homem-por-porte-ilegal-de-arma-e-receptacao-em-afogados-da-ingazeira\/\" \/>\n<meta property=\"og:locale\" content=\"pt_BR\" \/>\n<meta property=\"og:type\" content=\"article\" \/>\n<meta property=\"og:title\" content=\"23\u00ba BPM prende homem por porte ilegal de arma e recepta\u00e7\u00e3o em Afogados da Ingazeira - Afogados FM\" \/>\n<meta property=\"og:description\" content=\"Na tarde desta segunda-feira, 29 de setembro de 2025, o 23\u00ba Batalh\u00e3o da Pol\u00edcia Militar de Pernambuco, em *a\u00e7\u00e3o integrada\" \/>\n<meta property=\"og:url\" content=\"https:\/\/afogadosfm.com.br\/afogadosfm\/2025\/09\/30\/23o-bpm-prende-homem-por-porte-ilegal-de-arma-e-receptacao-em-afogados-da-ingazeira\/\" \/>\n<meta property=\"og:site_name\" content=\"Afogados FM\" \/>\n<meta property=\"article:published_time\" content=\"2025-09-30T08:39:35+00:00\" \/>\n<meta property=\"article:modified_time\" content=\"2025-09-30T08:39:36+00:00\" \/>\n<meta property=\"og:image\" content=\"https:\/\/afogadosfm.com.br\/afogadosfm\/wp-content\/uploads\/2022\/01\/23bpm.jpg\" \/>\n\t<meta property=\"og:image:width\" content=\"198\" \/>\n\t<meta property=\"og:image:height\" content=\"220\" \/>\n\t<meta property=\"og:image:type\" content=\"image\/jpeg\" \/>\n<meta name=\"author\" content=\"afogadosfm\" \/>\n<meta name=\"twitter:card\" content=\"summary_large_image\" \/>\n<meta name=\"twitter:label1\" content=\"Escrito por\" \/>\n\t<meta name=\"twitter:data1\" content=\"afogadosfm\" \/>\n\t<meta name=\"twitter:label2\" content=\"Est. tempo de leitura\" \/>\n\t<meta name=\"twitter:data2\" content=\"2 minutos\" \/>\n<script type=\"application\/ld+json\" class=\"yoast-schema-graph\">{\"@context\":\"https:\\\/\\\/schema.org\",\"@graph\":[{\"@type\":\"Article\",\"@id\":\"https:\\\/\\\/afogadosfm.com.br\\\/afogadosfm\\\/2025\\\/09\\\/30\\\/23o-bpm-prende-homem-por-porte-ilegal-de-arma-e-receptacao-em-afogados-da-ingazeira\\\/#article\",\"isPartOf\":{\"@id\":\"https:\\\/\\\/afogadosfm.com.br\\\/afogadosfm\\\/2025\\\/09\\\/30\\\/23o-bpm-prende-homem-por-porte-ilegal-de-arma-e-receptacao-em-afogados-da-ingazeira\\\/\"},\"author\":{\"name\":\"afogadosfm\",\"@id\":\"https:\\\/\\\/afogadosfm.com.br\\\/afogadosfm\\\/#\\\/schema\\\/person\\\/60e56f2cf5dc960fc093fe093d9e9057\"},\"headline\":\"23\u00ba BPM prende homem por porte ilegal de arma e recepta\u00e7\u00e3o em Afogados da Ingazeira\",\"datePublished\":\"2025-09-30T08:39:35+00:00\",\"dateModified\":\"2025-09-30T08:39:36+00:00\",\"mainEntityOfPage\":{\"@id\":\"https:\\\/\\\/afogadosfm.com.br\\\/afogadosfm\\\/2025\\\/09\\\/30\\\/23o-bpm-prende-homem-por-porte-ilegal-de-arma-e-receptacao-em-afogados-da-ingazeira\\\/\"},\"wordCount\":344,\"commentCount\":0,\"publisher\":{\"@id\":\"https:\\\/\\\/afogadosfm.com.br\\\/afogadosfm\\\/#organization\"},\"image\":{\"@id\":\"https:\\\/\\\/afogadosfm.com.br\\\/afogadosfm\\\/2025\\\/09\\\/30\\\/23o-bpm-prende-homem-por-porte-ilegal-de-arma-e-receptacao-em-afogados-da-ingazeira\\\/#primaryimage\"},\"thumbnailUrl\":\"https:\\\/\\\/i0.wp.com\\\/afogadosfm.com.br\\\/afogadosfm\\\/wp-content\\\/uploads\\\/2022\\\/01\\\/23bpm.jpg?fit=198%2C220&ssl=1\",\"articleSection\":[\"Afogados da Ingazeira\"],\"inLanguage\":\"pt-BR\",\"potentialAction\":[{\"@type\":\"CommentAction\",\"name\":\"Comment\",\"target\":[\"https:\\\/\\\/afogadosfm.com.br\\\/afogadosfm\\\/2025\\\/09\\\/30\\\/23o-bpm-prende-homem-por-porte-ilegal-de-arma-e-receptacao-em-afogados-da-ingazeira\\\/#respond\"]}]},{\"@type\":\"WebPage\",\"@id\":\"https:\\\/\\\/afogadosfm.com.br\\\/afogadosfm\\\/2025\\\/09\\\/30\\\/23o-bpm-prende-homem-por-porte-ilegal-de-arma-e-receptacao-em-afogados-da-ingazeira\\\/\",\"url\":\"https:\\\/\\\/afogadosfm.com.br\\\/afogadosfm\\\/2025\\\/09\\\/30\\\/23o-bpm-prende-homem-por-porte-ilegal-de-arma-e-receptacao-em-afogados-da-ingazeira\\\/\",\"name\":\"23\u00ba BPM prende homem por porte ilegal de arma e recepta\u00e7\u00e3o em Afogados da Ingazeira - Afogados FM\",\"isPartOf\":{\"@id\":\"https:\\\/\\\/afogadosfm.com.br\\\/afogadosfm\\\/#website\"},\"primaryImageOfPage\":{\"@id\":\"https:\\\/\\\/afogadosfm.com.br\\\/afogadosfm\\\/2025\\\/09\\\/30\\\/23o-bpm-prende-homem-por-porte-ilegal-de-arma-e-receptacao-em-afogados-da-ingazeira\\\/#primaryimage\"},\"image\":{\"@id\":\"https:\\\/\\\/afogadosfm.com.br\\\/afogadosfm\\\/2025\\\/09\\\/30\\\/23o-bpm-prende-homem-por-porte-ilegal-de-arma-e-receptacao-em-afogados-da-ingazeira\\\/#primaryimage\"},\"thumbnailUrl\":\"https:\\\/\\\/i0.wp.com\\\/afogadosfm.com.br\\\/afogadosfm\\\/wp-content\\\/uploads\\\/2022\\\/01\\\/23bpm.jpg?fit=198%2C220&ssl=1\",\"datePublished\":\"2025-09-30T08:39:35+00:00\",\"dateModified\":\"2025-09-30T08:39:36+00:00\",\"breadcrumb\":{\"@id\":\"https:\\\/\\\/afogadosfm.com.br\\\/afogadosfm\\\/2025\\\/09\\\/30\\\/23o-bpm-prende-homem-por-porte-ilegal-de-arma-e-receptacao-em-afogados-da-ingazeira\\\/#breadcrumb\"},\"inLanguage\":\"pt-BR\",\"potentialAction\":[{\"@type\":\"ReadAction\",\"target\":[\"https:\\\/\\\/afogadosfm.com.br\\\/afogadosfm\\\/2025\\\/09\\\/30\\\/23o-bpm-prende-homem-por-porte-ilegal-de-arma-e-receptacao-em-afogados-da-ingazeira\\\/\"]}]},{\"@type\":\"ImageObject\",\"inLanguage\":\"pt-BR\",\"@id\":\"https:\\\/\\\/afogadosfm.com.br\\\/afogadosfm\\\/2025\\\/09\\\/30\\\/23o-bpm-prende-homem-por-porte-ilegal-de-arma-e-receptacao-em-afogados-da-ingazeira\\\/#primaryimage\",\"url\":\"https:\\\/\\\/i0.wp.com\\\/afogadosfm.com.br\\\/afogadosfm\\\/wp-content\\\/uploads\\\/2022\\\/01\\\/23bpm.jpg?fit=198%2C220&ssl=1\",\"contentUrl\":\"https:\\\/\\\/i0.wp.com\\\/afogadosfm.com.br\\\/afogadosfm\\\/wp-content\\\/uploads\\\/2022\\\/01\\\/23bpm.jpg?fit=198%2C220&ssl=1\",\"width\":198,\"height\":220},{\"@type\":\"BreadcrumbList\",\"@id\":\"https:\\\/\\\/afogadosfm.com.br\\\/afogadosfm\\\/2025\\\/09\\\/30\\\/23o-bpm-prende-homem-por-porte-ilegal-de-arma-e-receptacao-em-afogados-da-ingazeira\\\/#breadcrumb\",\"itemListElement\":[{\"@type\":\"ListItem\",\"position\":1,\"name\":\"In\u00edcio\",\"item\":\"https:\\\/\\\/afogadosfm.com.br\\\/afogadosfm\\\/\"},{\"@type\":\"ListItem\",\"position\":2,\"name\":\"23\u00ba BPM prende homem por porte ilegal de arma e recepta\u00e7\u00e3o em Afogados da Ingazeira\"}]},{\"@type\":\"WebSite\",\"@id\":\"https:\\\/\\\/afogadosfm.com.br\\\/afogadosfm\\\/#website\",\"url\":\"https:\\\/\\\/afogadosfm.com.br\\\/afogadosfm\\\/\",\"name\":\"Afogados FM\",\"description\":\"Um site completo!\",\"publisher\":{\"@id\":\"https:\\\/\\\/afogadosfm.com.br\\\/afogadosfm\\\/#organization\"},\"potentialAction\":[{\"@type\":\"SearchAction\",\"target\":{\"@type\":\"EntryPoint\",\"urlTemplate\":\"https:\\\/\\\/afogadosfm.com.br\\\/afogadosfm\\\/?s={search_term_string}\"},\"query-input\":{\"@type\":\"PropertyValueSpecification\",\"valueRequired\":true,\"valueName\":\"search_term_string\"}}],\"inLanguage\":\"pt-BR\"},{\"@type\":\"Organization\",\"@id\":\"https:\\\/\\\/afogadosfm.com.br\\\/afogadosfm\\\/#organization\",\"name\":\"Afogados FM\",\"url\":\"https:\\\/\\\/afogadosfm.com.br\\\/afogadosfm\\\/\",\"logo\":{\"@type\":\"ImageObject\",\"inLanguage\":\"pt-BR\",\"@id\":\"https:\\\/\\\/afogadosfm.com.br\\\/afogadosfm\\\/#\\\/schema\\\/logo\\\/image\\\/\",\"url\":\"https:\\\/\\\/i0.wp.com\\\/afogadosfm.com.br\\\/afogadosfm\\\/wp-content\\\/uploads\\\/2020\\\/06\\\/cropped-banner-afogados-4.jpg?fit=369%2C137&ssl=1\",\"contentUrl\":\"https:\\\/\\\/i0.wp.com\\\/afogadosfm.com.br\\\/afogadosfm\\\/wp-content\\\/uploads\\\/2020\\\/06\\\/cropped-banner-afogados-4.jpg?fit=369%2C137&ssl=1\",\"width\":369,\"height\":137,\"caption\":\"Afogados FM\"},\"image\":{\"@id\":\"https:\\\/\\\/afogadosfm.com.br\\\/afogadosfm\\\/#\\\/schema\\\/logo\\\/image\\\/\"}},{\"@type\":\"Person\",\"@id\":\"https:\\\/\\\/afogadosfm.com.br\\\/afogadosfm\\\/#\\\/schema\\\/person\\\/60e56f2cf5dc960fc093fe093d9e9057\",\"name\":\"afogadosfm\",\"image\":{\"@type\":\"ImageObject\",\"inLanguage\":\"pt-BR\",\"@id\":\"https:\\\/\\\/secure.gravatar.com\\\/avatar\\\/e0359add7ed5dc3560906d861b52c6a8cf5c1e199d3a7dd85070998f49bd4701?s=96&d=mm&r=g\",\"url\":\"https:\\\/\\\/secure.gravatar.com\\\/avatar\\\/e0359add7ed5dc3560906d861b52c6a8cf5c1e199d3a7dd85070998f49bd4701?s=96&d=mm&r=g\",\"contentUrl\":\"https:\\\/\\\/secure.gravatar.com\\\/avatar\\\/e0359add7ed5dc3560906d861b52c6a8cf5c1e199d3a7dd85070998f49bd4701?s=96&d=mm&r=g\",\"caption\":\"afogadosfm\"},\"url\":\"https:\\\/\\\/afogadosfm.com.br\\\/afogadosfm\\\/author\\\/afogadosfm\\\/\"}]}<\/script>\n<!-- \/ Yoast SEO plugin. -->","yoast_head_json":{"title":"23\u00ba BPM prende homem por porte ilegal de arma e recepta\u00e7\u00e3o em Afogados da Ingazeira - Afogados FM","robots":{"index":"index","follow":"follow","max-snippet":"max-snippet:-1","max-image-preview":"max-image-preview:large","max-video-preview":"max-video-preview:-1"},"canonical":"https:\/\/afogadosfm.com.br\/afogadosfm\/2025\/09\/30\/23o-bpm-prende-homem-por-porte-ilegal-de-arma-e-receptacao-em-afogados-da-ingazeira\/","og_locale":"pt_BR","og_type":"article","og_title":"23\u00ba BPM prende homem por porte ilegal de arma e recepta\u00e7\u00e3o em Afogados da Ingazeira - Afogados FM","og_description":"Na tarde desta segunda-feira, 29 de setembro de 2025, o 23\u00ba Batalh\u00e3o da Pol\u00edcia Militar de Pernambuco, em *a\u00e7\u00e3o integrada","og_url":"https:\/\/afogadosfm.com.br\/afogadosfm\/2025\/09\/30\/23o-bpm-prende-homem-por-porte-ilegal-de-arma-e-receptacao-em-afogados-da-ingazeira\/","og_site_name":"Afogados FM","article_published_time":"2025-09-30T08:39:35+00:00","article_modified_time":"2025-09-30T08:39:36+00:00","og_image":[{"width":198,"height":220,"url":"https:\/\/afogadosfm.com.br\/afogadosfm\/wp-content\/uploads\/2022\/01\/23bpm.jpg","type":"image\/jpeg"}],"author":"afogadosfm","twitter_card":"summary_large_image","twitter_misc":{"Escrito por":"afogadosfm","Est. tempo de leitura":"2 minutos"},"schema":{"@context":"https:\/\/schema.org","@graph":[{"@type":"Article","@id":"https:\/\/afogadosfm.com.br\/afogadosfm\/2025\/09\/30\/23o-bpm-prende-homem-por-porte-ilegal-de-arma-e-receptacao-em-afogados-da-ingazeira\/#article","isPartOf":{"@id":"https:\/\/afogadosfm.com.br\/afogadosfm\/2025\/09\/30\/23o-bpm-prende-homem-por-porte-ilegal-de-arma-e-receptacao-em-afogados-da-ingazeira\/"},"author":{"name":"afogadosfm","@id":"https:\/\/afogadosfm.com.br\/afogadosfm\/#\/schema\/person\/60e56f2cf5dc960fc093fe093d9e9057"},"headline":"23\u00ba BPM prende homem por porte ilegal de arma e recepta\u00e7\u00e3o em Afogados da Ingazeira","datePublished":"2025-09-30T08:39:35+00:00","dateModified":"2025-09-30T08:39:36+00:00","mainEntityOfPage":{"@id":"https:\/\/afogadosfm.com.br\/afogadosfm\/2025\/09\/30\/23o-bpm-prende-homem-por-porte-ilegal-de-arma-e-receptacao-em-afogados-da-ingazeira\/"},"wordCount":344,"commentCount":0,"publisher":{"@id":"https:\/\/afogadosfm.com.br\/afogadosfm\/#organization"},"image":{"@id":"https:\/\/afogadosfm.com.br\/afogadosfm\/2025\/09\/30\/23o-bpm-prende-homem-por-porte-ilegal-de-arma-e-receptacao-em-afogados-da-ingazeira\/#primaryimage"},"thumbnailUrl":"https:\/\/i0.wp.com\/afogadosfm.com.br\/afogadosfm\/wp-content\/uploads\/2022\/01\/23bpm.jpg?fit=198%2C220&ssl=1","articleSection":["Afogados da Ingazeira"],"inLanguage":"pt-BR","potentialAction":[{"@type":"CommentAction","name":"Comment","target":["https:\/\/afogadosfm.com.br\/afogadosfm\/2025\/09\/30\/23o-bpm-prende-homem-por-porte-ilegal-de-arma-e-receptacao-em-afogados-da-ingazeira\/#respond"]}]},{"@type":"WebPage","@id":"https:\/\/afogadosfm.com.br\/afogadosfm\/2025\/09\/30\/23o-bpm-prende-homem-por-porte-ilegal-de-arma-e-receptacao-em-afogados-da-ingazeira\/","url":"https:\/\/afogadosfm.com.br\/afogadosfm\/2025\/09\/30\/23o-bpm-prende-homem-por-porte-ilegal-de-arma-e-receptacao-em-afogados-da-ingazeira\/","name":"23\u00ba BPM prende homem por porte ilegal de arma e recepta\u00e7\u00e3o em Afogados da Ingazeira - Afogados FM","isPartOf":{"@id":"https:\/\/afogadosfm.com.br\/afogadosfm\/#website"},"primaryImageOfPage":{"@id":"https:\/\/afogadosfm.com.br\/afogadosfm\/2025\/09\/30\/23o-bpm-prende-homem-por-porte-ilegal-de-arma-e-receptacao-em-afogados-da-ingazeira\/#primaryimage"},"image":{"@id":"https:\/\/afogadosfm.com.br\/afogadosfm\/2025\/09\/30\/23o-bpm-prende-homem-por-porte-ilegal-de-arma-e-receptacao-em-afogados-da-ingazeira\/#primaryimage"},"thumbnailUrl":"https:\/\/i0.wp.com\/afogadosfm.com.br\/afogadosfm\/wp-content\/uploads\/2022\/01\/23bpm.jpg?fit=198%2C220&ssl=1","datePublished":"2025-09-30T08:39:35+00:00","dateModified":"2025-09-30T08:39:36+00:00","breadcrumb":{"@id":"https:\/\/afogadosfm.com.br\/afogadosfm\/2025\/09\/30\/23o-bpm-prende-homem-por-porte-ilegal-de-arma-e-receptacao-em-afogados-da-ingazeira\/#breadcrumb"},"inLanguage":"pt-BR","potentialAction":[{"@type":"ReadAction","target":["https:\/\/afogadosfm.com.br\/afogadosfm\/2025\/09\/30\/23o-bpm-prende-homem-por-porte-ilegal-de-arma-e-receptacao-em-afogados-da-ingazeira\/"]}]},{"@type":"ImageObject","inLanguage":"pt-BR","@id":"https:\/\/afogadosfm.com.br\/afogadosfm\/2025\/09\/30\/23o-bpm-prende-homem-por-porte-ilegal-de-arma-e-receptacao-em-afogados-da-ingazeira\/#primaryimage","url":"https:\/\/i0.wp.com\/afogadosfm.com.br\/afogadosfm\/wp-content\/uploads\/2022\/01\/23bpm.jpg?fit=198%2C220&ssl=1","contentUrl":"https:\/\/i0.wp.com\/afogadosfm.com.br\/afogadosfm\/wp-content\/uploads\/2022\/01\/23bpm.jpg?fit=198%2C220&ssl=1","width":198,"height":220},{"@type":"BreadcrumbList","@id":"https:\/\/afogadosfm.com.br\/afogadosfm\/2025\/09\/30\/23o-bpm-prende-homem-por-porte-ilegal-de-arma-e-receptacao-em-afogados-da-ingazeira\/#breadcrumb","itemListElement":[{"@type":"ListItem","position":1,"name":"In\u00edcio","item":"https:\/\/afogadosfm.com.br\/afogadosfm\/"},{"@type":"ListItem","position":2,"name":"23\u00ba BPM prende homem por porte ilegal de arma e recepta\u00e7\u00e3o em Afogados da Ingazeira"}]},{"@type":"WebSite","@id":"https:\/\/afogadosfm.com.br\/afogadosfm\/#website","url":"https:\/\/afogadosfm.com.br\/afogadosfm\/","name":"Afogados FM","description":"Um site completo!","publisher":{"@id":"https:\/\/afogadosfm.com.br\/afogadosfm\/#organization"},"potentialAction":[{"@type":"SearchAction","target":{"@type":"EntryPoint","urlTemplate":"https:\/\/afogadosfm.com.br\/afogadosfm\/?s={search_term_string}"},"query-input":{"@type":"PropertyValueSpecification","valueRequired":true,"valueName":"search_term_string"}}],"inLanguage":"pt-BR"},{"@type":"Organization","@id":"https:\/\/afogadosfm.com.br\/afogadosfm\/#organization","name":"Afogados FM","url":"https:\/\/afogadosfm.com.br\/afogadosfm\/","logo":{"@type":"ImageObject","inLanguage":"pt-BR","@id":"https:\/\/afogadosfm.com.br\/afogadosfm\/#\/schema\/logo\/image\/","url":"https:\/\/i0.wp.com\/afogadosfm.com.br\/afogadosfm\/wp-content\/uploads\/2020\/06\/cropped-banner-afogados-4.jpg?fit=369%2C137&ssl=1","contentUrl":"https:\/\/i0.wp.com\/afogadosfm.com.br\/afogadosfm\/wp-content\/uploads\/2020\/06\/cropped-banner-afogados-4.jpg?fit=369%2C137&ssl=1","width":369,"height":137,"caption":"Afogados FM"},"image":{"@id":"https:\/\/afogadosfm.com.br\/afogadosfm\/#\/schema\/logo\/image\/"}},{"@type":"Person","@id":"https:\/\/afogadosfm.com.br\/afogadosfm\/#\/schema\/person\/60e56f2cf5dc960fc093fe093d9e9057","name":"afogadosfm","image":{"@type":"ImageObject","inLanguage":"pt-BR","@id":"https:\/\/secure.gravatar.com\/avatar\/e0359add7ed5dc3560906d861b52c6a8cf5c1e199d3a7dd85070998f49bd4701?s=96&d=mm&r=g","url":"https:\/\/secure.gravatar.com\/avatar\/e0359add7ed5dc3560906d861b52c6a8cf5c1e199d3a7dd85070998f49bd4701?s=96&d=mm&r=g","contentUrl":"https:\/\/secure.gravatar.com\/avatar\/e0359add7ed5dc3560906d861b52c6a8cf5c1e199d3a7dd85070998f49bd4701?s=96&d=mm&r=g","caption":"afogadosfm"},"url":"https:\/\/afogadosfm.com.br\/afogadosfm\/author\/afogadosfm\/"}]}},"jetpack_publicize_connections":[],"jetpack_featured_media_url":"https:\/\/i0.wp.com\/afogadosfm.com.br\/afogadosfm\/wp-content\/uploads\/2022\/01\/23bpm.jpg?fit=198%2C220&ssl=1","jetpack-related-posts":[],"jetpack_sharing_enabled":true,"jetpack_likes_enabled":true,"_links":{"self":[{"href":"https:\/\/afogadosfm.com.br\/afogadosfm\/wp-json\/wp\/v2\/posts\/69433","targetHints":{"allow":["GET"]}}],"collection":[{"href":"https:\/\/afogadosfm.com.br\/afogadosfm\/wp-json\/wp\/v2\/posts"}],"about":[{"href":"https:\/\/afogadosfm.com.br\/afogadosfm\/wp-json\/wp\/v2\/types\/post"}],"author":[{"embeddable":true,"href":"https:\/\/afogadosfm.com.br\/afogadosfm\/wp-json\/wp\/v2\/users\/2"}],"replies":[{"embeddable":true,"href":"https:\/\/afogadosfm.com.br\/afogadosfm\/wp-json\/wp\/v2\/comments?post=69433"}],"version-history":[{"count":1,"href":"https:\/\/afogadosfm.com.br\/afogadosfm\/wp-json\/wp\/v2\/posts\/69433\/revisions"}],"predecessor-version":[{"id":69434,"href":"https:\/\/afogadosfm.com.br\/afogadosfm\/wp-json\/wp\/v2\/posts\/69433\/revisions\/69434"}],"wp:featuredmedia":[{"embeddable":true,"href":"https:\/\/afogadosfm.com.br\/afogadosfm\/wp-json\/wp\/v2\/media\/33834"}],"wp:attachment":[{"href":"https:\/\/afogadosfm.com.br\/afogadosfm\/wp-json\/wp\/v2\/media?parent=69433"}],"wp:term":[{"taxonomy":"category","embeddable":true,"href":"https:\/\/afogadosfm.com.br\/afogadosfm\/wp-json\/wp\/v2\/categories?post=69433"},{"taxonomy":"post_tag","embeddable":true,"href":"https:\/\/afogadosfm.com.br\/afogadosfm\/wp-json\/wp\/v2\/tags?post=69433"}],"curies":[{"name":"wp","href":"https:\/\/api.w.org\/{rel}","templated":true}]}}