{"id":69435,"date":"2025-09-30T05:42:41","date_gmt":"2025-09-30T08:42:41","guid":{"rendered":"https:\/\/afogadosfm.com.br\/afogadosfm\/?p=69435"},"modified":"2025-09-30T05:42:42","modified_gmt":"2025-09-30T08:42:42","slug":"poetisa-de-sao-jose-do-egito-promove-oficina-de-literatura-para-mulheres-no-cais-do-sertao-em-recife","status":"publish","type":"post","link":"https:\/\/afogadosfm.com.br\/afogadosfm\/2025\/09\/30\/poetisa-de-sao-jose-do-egito-promove-oficina-de-literatura-para-mulheres-no-cais-do-sertao-em-recife\/","title":{"rendered":"Poetisa de S\u00e3o Jos\u00e9 do Egito promove oficina de literatura para mulheres no Cais do Sert\u00e3o em Recife"},"content":{"rendered":"\n<p>Na pr\u00f3xima quinta-feira (02), a poetisa Isabelly Moreira, natural de S\u00e3o Jos\u00e9 do Egito, cidade reconhecida como a capital nordestina da poesia popular, realiza a partir das 14h, no Cais do Sert\u00e3o, no Recife, a oficina \u201cA Voz da Poesia \u2013 Mulheres que Versam\u201d. A atividade, com inscri\u00e7\u00f5es gratuitas realizadas no local, integra a programa\u00e7\u00e3o da exposi\u00e7\u00e3o \u201cVidas em Cordel\u201d, promovida pelo Museu da Pessoa com patroc\u00ednio oficial da Petrobras.<\/p>\n\n\n\n<p>Durante a oficina, Isabelly trabalhar\u00e1, ao lado de 15 mulheres participantes, textos e versos de autoras de diferentes estados do Nordeste, em especial de Pernambuco. A proposta \u00e9 estabelecer um di\u00e1logo \u00edntimo com a po\u00e9tica regional e valorizar as experi\u00eancias individuais de cada participante. As mulheres tamb\u00e9m ter\u00e3o espa\u00e7o para se expressar em exerc\u00edcios de escrita e produ\u00e7\u00e3o coletiva.<\/p>\n\n\n\n<p>A metodologia inclui ainda leituras, declama\u00e7\u00f5es e experimenta\u00e7\u00f5es com diferentes estilos po\u00e9ticos, com destaque para quadras e sextilhas. \u201cMais do que falar sobre m\u00e9tricas e estruturas, buscamos estimular a voz interior das participantes, criando espa\u00e7os de partilha, pertencimento e coletividade\u201d, ressalta Isabelly.<\/p>\n\n\n\n<p>Com temas que v\u00e3o do cotidiano e dos afetos \u00e0s quest\u00f5es ambientais, a atividade pretende unir tradi\u00e7\u00e3o e contemporaneidade, transformando a poesia em instrumento de autonomia, reconhecimento e inclus\u00e3o social. O encontro tamb\u00e9m visa estimular o pensamento cr\u00edtico, incentivar a reflex\u00f5es sobre o papel da mulher na sociedade e refor\u00e7ar o cordel como Patrim\u00f4nio Imaterial do Brasil.<\/p>\n\n\n\n<p><strong>Exposi\u00e7\u00e3o<\/strong><\/p>\n\n\n\n<p>A mostra \u201cVidas em Cordel\u201d chegou ao Recife em 15 de agosto, ap\u00f3s percorrer cinco estados e atrair mais de 80 mil visitantes presenciais e outros 190 mil no formato online. As obras est\u00e3o expostas na sala Todo Gonzaga, no 2\u00ba andar do Centro Cultural Cais do Sert\u00e3o, no Recife Antigo, com acesso gratuito at\u00e9 15 de dezembro. As visitas podem ser feitas das 10h \u00e0s 16h, de ter\u00e7a a sexta-feira, e das 11h \u00e0s 17h, aos s\u00e1bados e domingos.<\/p>\n\n\n\n<p>A edi\u00e7\u00e3o pernambucana mant\u00e9m a proposta de incorporar nomes locais \u00e0s hist\u00f3rias j\u00e1 apresentadas em outras cidades \u2014 como Ailton Krenak, com O Rio da Mem\u00f3ria, e Krystyna Drosdowicz, com A Guerrilheira que Enganou os Nazistas. Agora, soma quatro expoentes de Pernambuco: o educador Paulo Freire (1921\u20131997), patrono da educa\u00e7\u00e3o brasileira; o m\u00fasico, poeta, compositor, cantor e escultor Di Melo, o \u201cImorr\u00edvel\u201d; a conquista e patrim\u00f4nio vivo Ana L\u00facia do Coco; e a editora Aninha Ferraz, refer\u00eancia na preserva\u00e7\u00e3o e difus\u00e3o do cordel no pa\u00eds, \u00e0 frente da editora e produtora cultural Coqueiro.<\/p>\n\n\n\n<p>As hist\u00f3rias desses pernambucanos foram transformadas em cordel por artistas ligados \u00e0 literatura popular, entre eles os pernambucanos Jorge Fil\u00f3, poeta; Susana Morais, cordelista; e a pr\u00f3pria Isabelly Moreira, poetisa. O grupo \u00e9 acompanhado pelo professor Marco Haur\u00e9lio e o contador de hist\u00f3rias e escritor Jonas Sama\u00fama, ambos do trio de curadores da mostra.<\/p>\n\n\n\n<p>As xilogravuras s\u00e3o assinadas pela artes\u00e3 Maria Edna da Silva, oficineira Catarina Dantas, pelo artista pl\u00e1stico e \u00edcone dos quadrinhos J\u00f4 Oliveira e pelo multiartista Valdeck de Garanhuns, todos do estado, al\u00e9m da xilogravadora, pesquisadora em cultura popular e curadora da exposi\u00e7\u00e3o Luc\u00e9lia Borges. O time de artistas locais se junta a dezenas de colegas de outros pontos do pa\u00eds integrados \u00e0 exposi\u00e7\u00e3o em dois anos de itiner\u00e2ncia \u2013 completados agora, com a edi\u00e7\u00e3o em Pernambuco.<\/p>\n\n\n\n<p>Do PENot\u00edcias<\/p>\n","protected":false},"excerpt":{"rendered":"<p>Na pr\u00f3xima quinta-feira (02), a poetisa Isabelly Moreira, natural de S\u00e3o Jos\u00e9 do Egito, cidade reconhecida como a capital nordestina<\/p>\n","protected":false},"author":2,"featured_media":58321,"comment_status":"open","ping_status":"open","sticky":false,"template":"","format":"standard","meta":{"jetpack_post_was_ever_published":false,"_jetpack_newsletter_access":"","_jetpack_dont_email_post_to_subs":false,"_jetpack_newsletter_tier_id":0,"_jetpack_memberships_contains_paywalled_content":false,"_jetpack_memberships_contains_paid_content":false,"footnotes":"","jetpack_publicize_message":"","jetpack_publicize_feature_enabled":true,"jetpack_social_post_already_shared":true,"jetpack_social_options":{"image_generator_settings":{"template":"highway","default_image_id":0,"font":"","enabled":false},"version":2}},"categories":[33],"tags":[],"class_list":["post-69435","post","type-post","status-publish","format-standard","has-post-thumbnail","hentry","category-cultura"],"yoast_head":"<!-- This site is optimized with the Yoast SEO plugin v27.5 - https:\/\/yoast.com\/product\/yoast-seo-wordpress\/ -->\n<title>Poetisa de S\u00e3o Jos\u00e9 do Egito promove oficina de literatura para mulheres no Cais do Sert\u00e3o em Recife - Afogados FM<\/title>\n<meta name=\"robots\" content=\"index, follow, max-snippet:-1, max-image-preview:large, max-video-preview:-1\" \/>\n<link rel=\"canonical\" href=\"https:\/\/afogadosfm.com.br\/afogadosfm\/2025\/09\/30\/poetisa-de-sao-jose-do-egito-promove-oficina-de-literatura-para-mulheres-no-cais-do-sertao-em-recife\/\" \/>\n<meta property=\"og:locale\" content=\"pt_BR\" \/>\n<meta property=\"og:type\" content=\"article\" \/>\n<meta property=\"og:title\" content=\"Poetisa de S\u00e3o Jos\u00e9 do Egito promove oficina de literatura para mulheres no Cais do Sert\u00e3o em Recife - Afogados FM\" \/>\n<meta property=\"og:description\" content=\"Na pr\u00f3xima quinta-feira (02), a poetisa Isabelly Moreira, natural de S\u00e3o Jos\u00e9 do Egito, cidade reconhecida como a capital nordestina\" \/>\n<meta property=\"og:url\" content=\"https:\/\/afogadosfm.com.br\/afogadosfm\/2025\/09\/30\/poetisa-de-sao-jose-do-egito-promove-oficina-de-literatura-para-mulheres-no-cais-do-sertao-em-recife\/\" \/>\n<meta property=\"og:site_name\" content=\"Afogados FM\" \/>\n<meta property=\"article:published_time\" content=\"2025-09-30T08:42:41+00:00\" \/>\n<meta property=\"article:modified_time\" content=\"2025-09-30T08:42:42+00:00\" \/>\n<meta property=\"og:image\" content=\"https:\/\/afogadosfm.com.br\/afogadosfm\/wp-content\/uploads\/2024\/07\/isabely.jpg\" \/>\n\t<meta property=\"og:image:width\" content=\"703\" \/>\n\t<meta property=\"og:image:height\" content=\"480\" \/>\n\t<meta property=\"og:image:type\" content=\"image\/jpeg\" \/>\n<meta name=\"author\" content=\"afogadosfm\" \/>\n<meta name=\"twitter:card\" content=\"summary_large_image\" \/>\n<meta name=\"twitter:label1\" content=\"Escrito por\" \/>\n\t<meta name=\"twitter:data1\" content=\"afogadosfm\" \/>\n\t<meta name=\"twitter:label2\" content=\"Est. tempo de leitura\" \/>\n\t<meta name=\"twitter:data2\" content=\"4 minutos\" \/>\n<script type=\"application\/ld+json\" class=\"yoast-schema-graph\">{\"@context\":\"https:\\\/\\\/schema.org\",\"@graph\":[{\"@type\":\"Article\",\"@id\":\"https:\\\/\\\/afogadosfm.com.br\\\/afogadosfm\\\/2025\\\/09\\\/30\\\/poetisa-de-sao-jose-do-egito-promove-oficina-de-literatura-para-mulheres-no-cais-do-sertao-em-recife\\\/#article\",\"isPartOf\":{\"@id\":\"https:\\\/\\\/afogadosfm.com.br\\\/afogadosfm\\\/2025\\\/09\\\/30\\\/poetisa-de-sao-jose-do-egito-promove-oficina-de-literatura-para-mulheres-no-cais-do-sertao-em-recife\\\/\"},\"author\":{\"name\":\"afogadosfm\",\"@id\":\"https:\\\/\\\/afogadosfm.com.br\\\/afogadosfm\\\/#\\\/schema\\\/person\\\/60e56f2cf5dc960fc093fe093d9e9057\"},\"headline\":\"Poetisa de S\u00e3o Jos\u00e9 do Egito promove oficina de literatura para mulheres no Cais do Sert\u00e3o em Recife\",\"datePublished\":\"2025-09-30T08:42:41+00:00\",\"dateModified\":\"2025-09-30T08:42:42+00:00\",\"mainEntityOfPage\":{\"@id\":\"https:\\\/\\\/afogadosfm.com.br\\\/afogadosfm\\\/2025\\\/09\\\/30\\\/poetisa-de-sao-jose-do-egito-promove-oficina-de-literatura-para-mulheres-no-cais-do-sertao-em-recife\\\/\"},\"wordCount\":601,\"commentCount\":0,\"publisher\":{\"@id\":\"https:\\\/\\\/afogadosfm.com.br\\\/afogadosfm\\\/#organization\"},\"image\":{\"@id\":\"https:\\\/\\\/afogadosfm.com.br\\\/afogadosfm\\\/2025\\\/09\\\/30\\\/poetisa-de-sao-jose-do-egito-promove-oficina-de-literatura-para-mulheres-no-cais-do-sertao-em-recife\\\/#primaryimage\"},\"thumbnailUrl\":\"https:\\\/\\\/i0.wp.com\\\/afogadosfm.com.br\\\/afogadosfm\\\/wp-content\\\/uploads\\\/2024\\\/07\\\/isabely.jpg?fit=703%2C480&ssl=1\",\"articleSection\":[\"Cultura\"],\"inLanguage\":\"pt-BR\",\"potentialAction\":[{\"@type\":\"CommentAction\",\"name\":\"Comment\",\"target\":[\"https:\\\/\\\/afogadosfm.com.br\\\/afogadosfm\\\/2025\\\/09\\\/30\\\/poetisa-de-sao-jose-do-egito-promove-oficina-de-literatura-para-mulheres-no-cais-do-sertao-em-recife\\\/#respond\"]}]},{\"@type\":\"WebPage\",\"@id\":\"https:\\\/\\\/afogadosfm.com.br\\\/afogadosfm\\\/2025\\\/09\\\/30\\\/poetisa-de-sao-jose-do-egito-promove-oficina-de-literatura-para-mulheres-no-cais-do-sertao-em-recife\\\/\",\"url\":\"https:\\\/\\\/afogadosfm.com.br\\\/afogadosfm\\\/2025\\\/09\\\/30\\\/poetisa-de-sao-jose-do-egito-promove-oficina-de-literatura-para-mulheres-no-cais-do-sertao-em-recife\\\/\",\"name\":\"Poetisa de S\u00e3o Jos\u00e9 do Egito promove oficina de literatura para mulheres no Cais do Sert\u00e3o em Recife - Afogados FM\",\"isPartOf\":{\"@id\":\"https:\\\/\\\/afogadosfm.com.br\\\/afogadosfm\\\/#website\"},\"primaryImageOfPage\":{\"@id\":\"https:\\\/\\\/afogadosfm.com.br\\\/afogadosfm\\\/2025\\\/09\\\/30\\\/poetisa-de-sao-jose-do-egito-promove-oficina-de-literatura-para-mulheres-no-cais-do-sertao-em-recife\\\/#primaryimage\"},\"image\":{\"@id\":\"https:\\\/\\\/afogadosfm.com.br\\\/afogadosfm\\\/2025\\\/09\\\/30\\\/poetisa-de-sao-jose-do-egito-promove-oficina-de-literatura-para-mulheres-no-cais-do-sertao-em-recife\\\/#primaryimage\"},\"thumbnailUrl\":\"https:\\\/\\\/i0.wp.com\\\/afogadosfm.com.br\\\/afogadosfm\\\/wp-content\\\/uploads\\\/2024\\\/07\\\/isabely.jpg?fit=703%2C480&ssl=1\",\"datePublished\":\"2025-09-30T08:42:41+00:00\",\"dateModified\":\"2025-09-30T08:42:42+00:00\",\"breadcrumb\":{\"@id\":\"https:\\\/\\\/afogadosfm.com.br\\\/afogadosfm\\\/2025\\\/09\\\/30\\\/poetisa-de-sao-jose-do-egito-promove-oficina-de-literatura-para-mulheres-no-cais-do-sertao-em-recife\\\/#breadcrumb\"},\"inLanguage\":\"pt-BR\",\"potentialAction\":[{\"@type\":\"ReadAction\",\"target\":[\"https:\\\/\\\/afogadosfm.com.br\\\/afogadosfm\\\/2025\\\/09\\\/30\\\/poetisa-de-sao-jose-do-egito-promove-oficina-de-literatura-para-mulheres-no-cais-do-sertao-em-recife\\\/\"]}]},{\"@type\":\"ImageObject\",\"inLanguage\":\"pt-BR\",\"@id\":\"https:\\\/\\\/afogadosfm.com.br\\\/afogadosfm\\\/2025\\\/09\\\/30\\\/poetisa-de-sao-jose-do-egito-promove-oficina-de-literatura-para-mulheres-no-cais-do-sertao-em-recife\\\/#primaryimage\",\"url\":\"https:\\\/\\\/i0.wp.com\\\/afogadosfm.com.br\\\/afogadosfm\\\/wp-content\\\/uploads\\\/2024\\\/07\\\/isabely.jpg?fit=703%2C480&ssl=1\",\"contentUrl\":\"https:\\\/\\\/i0.wp.com\\\/afogadosfm.com.br\\\/afogadosfm\\\/wp-content\\\/uploads\\\/2024\\\/07\\\/isabely.jpg?fit=703%2C480&ssl=1\",\"width\":703,\"height\":480},{\"@type\":\"BreadcrumbList\",\"@id\":\"https:\\\/\\\/afogadosfm.com.br\\\/afogadosfm\\\/2025\\\/09\\\/30\\\/poetisa-de-sao-jose-do-egito-promove-oficina-de-literatura-para-mulheres-no-cais-do-sertao-em-recife\\\/#breadcrumb\",\"itemListElement\":[{\"@type\":\"ListItem\",\"position\":1,\"name\":\"In\u00edcio\",\"item\":\"https:\\\/\\\/afogadosfm.com.br\\\/afogadosfm\\\/\"},{\"@type\":\"ListItem\",\"position\":2,\"name\":\"Poetisa de S\u00e3o Jos\u00e9 do Egito promove oficina de literatura para mulheres no Cais do Sert\u00e3o em Recife\"}]},{\"@type\":\"WebSite\",\"@id\":\"https:\\\/\\\/afogadosfm.com.br\\\/afogadosfm\\\/#website\",\"url\":\"https:\\\/\\\/afogadosfm.com.br\\\/afogadosfm\\\/\",\"name\":\"Afogados FM\",\"description\":\"Um site completo!\",\"publisher\":{\"@id\":\"https:\\\/\\\/afogadosfm.com.br\\\/afogadosfm\\\/#organization\"},\"potentialAction\":[{\"@type\":\"SearchAction\",\"target\":{\"@type\":\"EntryPoint\",\"urlTemplate\":\"https:\\\/\\\/afogadosfm.com.br\\\/afogadosfm\\\/?s={search_term_string}\"},\"query-input\":{\"@type\":\"PropertyValueSpecification\",\"valueRequired\":true,\"valueName\":\"search_term_string\"}}],\"inLanguage\":\"pt-BR\"},{\"@type\":\"Organization\",\"@id\":\"https:\\\/\\\/afogadosfm.com.br\\\/afogadosfm\\\/#organization\",\"name\":\"Afogados FM\",\"url\":\"https:\\\/\\\/afogadosfm.com.br\\\/afogadosfm\\\/\",\"logo\":{\"@type\":\"ImageObject\",\"inLanguage\":\"pt-BR\",\"@id\":\"https:\\\/\\\/afogadosfm.com.br\\\/afogadosfm\\\/#\\\/schema\\\/logo\\\/image\\\/\",\"url\":\"https:\\\/\\\/i0.wp.com\\\/afogadosfm.com.br\\\/afogadosfm\\\/wp-content\\\/uploads\\\/2020\\\/06\\\/cropped-banner-afogados-4.jpg?fit=369%2C137&ssl=1\",\"contentUrl\":\"https:\\\/\\\/i0.wp.com\\\/afogadosfm.com.br\\\/afogadosfm\\\/wp-content\\\/uploads\\\/2020\\\/06\\\/cropped-banner-afogados-4.jpg?fit=369%2C137&ssl=1\",\"width\":369,\"height\":137,\"caption\":\"Afogados FM\"},\"image\":{\"@id\":\"https:\\\/\\\/afogadosfm.com.br\\\/afogadosfm\\\/#\\\/schema\\\/logo\\\/image\\\/\"}},{\"@type\":\"Person\",\"@id\":\"https:\\\/\\\/afogadosfm.com.br\\\/afogadosfm\\\/#\\\/schema\\\/person\\\/60e56f2cf5dc960fc093fe093d9e9057\",\"name\":\"afogadosfm\",\"image\":{\"@type\":\"ImageObject\",\"inLanguage\":\"pt-BR\",\"@id\":\"https:\\\/\\\/secure.gravatar.com\\\/avatar\\\/e0359add7ed5dc3560906d861b52c6a8cf5c1e199d3a7dd85070998f49bd4701?s=96&d=mm&r=g\",\"url\":\"https:\\\/\\\/secure.gravatar.com\\\/avatar\\\/e0359add7ed5dc3560906d861b52c6a8cf5c1e199d3a7dd85070998f49bd4701?s=96&d=mm&r=g\",\"contentUrl\":\"https:\\\/\\\/secure.gravatar.com\\\/avatar\\\/e0359add7ed5dc3560906d861b52c6a8cf5c1e199d3a7dd85070998f49bd4701?s=96&d=mm&r=g\",\"caption\":\"afogadosfm\"},\"url\":\"https:\\\/\\\/afogadosfm.com.br\\\/afogadosfm\\\/author\\\/afogadosfm\\\/\"}]}<\/script>\n<!-- \/ Yoast SEO plugin. -->","yoast_head_json":{"title":"Poetisa de S\u00e3o Jos\u00e9 do Egito promove oficina de literatura para mulheres no Cais do Sert\u00e3o em Recife - Afogados FM","robots":{"index":"index","follow":"follow","max-snippet":"max-snippet:-1","max-image-preview":"max-image-preview:large","max-video-preview":"max-video-preview:-1"},"canonical":"https:\/\/afogadosfm.com.br\/afogadosfm\/2025\/09\/30\/poetisa-de-sao-jose-do-egito-promove-oficina-de-literatura-para-mulheres-no-cais-do-sertao-em-recife\/","og_locale":"pt_BR","og_type":"article","og_title":"Poetisa de S\u00e3o Jos\u00e9 do Egito promove oficina de literatura para mulheres no Cais do Sert\u00e3o em Recife - Afogados FM","og_description":"Na pr\u00f3xima quinta-feira (02), a poetisa Isabelly Moreira, natural de S\u00e3o Jos\u00e9 do Egito, cidade reconhecida como a capital nordestina","og_url":"https:\/\/afogadosfm.com.br\/afogadosfm\/2025\/09\/30\/poetisa-de-sao-jose-do-egito-promove-oficina-de-literatura-para-mulheres-no-cais-do-sertao-em-recife\/","og_site_name":"Afogados FM","article_published_time":"2025-09-30T08:42:41+00:00","article_modified_time":"2025-09-30T08:42:42+00:00","og_image":[{"width":703,"height":480,"url":"https:\/\/afogadosfm.com.br\/afogadosfm\/wp-content\/uploads\/2024\/07\/isabely.jpg","type":"image\/jpeg"}],"author":"afogadosfm","twitter_card":"summary_large_image","twitter_misc":{"Escrito por":"afogadosfm","Est. tempo de leitura":"4 minutos"},"schema":{"@context":"https:\/\/schema.org","@graph":[{"@type":"Article","@id":"https:\/\/afogadosfm.com.br\/afogadosfm\/2025\/09\/30\/poetisa-de-sao-jose-do-egito-promove-oficina-de-literatura-para-mulheres-no-cais-do-sertao-em-recife\/#article","isPartOf":{"@id":"https:\/\/afogadosfm.com.br\/afogadosfm\/2025\/09\/30\/poetisa-de-sao-jose-do-egito-promove-oficina-de-literatura-para-mulheres-no-cais-do-sertao-em-recife\/"},"author":{"name":"afogadosfm","@id":"https:\/\/afogadosfm.com.br\/afogadosfm\/#\/schema\/person\/60e56f2cf5dc960fc093fe093d9e9057"},"headline":"Poetisa de S\u00e3o Jos\u00e9 do Egito promove oficina de literatura para mulheres no Cais do Sert\u00e3o em Recife","datePublished":"2025-09-30T08:42:41+00:00","dateModified":"2025-09-30T08:42:42+00:00","mainEntityOfPage":{"@id":"https:\/\/afogadosfm.com.br\/afogadosfm\/2025\/09\/30\/poetisa-de-sao-jose-do-egito-promove-oficina-de-literatura-para-mulheres-no-cais-do-sertao-em-recife\/"},"wordCount":601,"commentCount":0,"publisher":{"@id":"https:\/\/afogadosfm.com.br\/afogadosfm\/#organization"},"image":{"@id":"https:\/\/afogadosfm.com.br\/afogadosfm\/2025\/09\/30\/poetisa-de-sao-jose-do-egito-promove-oficina-de-literatura-para-mulheres-no-cais-do-sertao-em-recife\/#primaryimage"},"thumbnailUrl":"https:\/\/i0.wp.com\/afogadosfm.com.br\/afogadosfm\/wp-content\/uploads\/2024\/07\/isabely.jpg?fit=703%2C480&ssl=1","articleSection":["Cultura"],"inLanguage":"pt-BR","potentialAction":[{"@type":"CommentAction","name":"Comment","target":["https:\/\/afogadosfm.com.br\/afogadosfm\/2025\/09\/30\/poetisa-de-sao-jose-do-egito-promove-oficina-de-literatura-para-mulheres-no-cais-do-sertao-em-recife\/#respond"]}]},{"@type":"WebPage","@id":"https:\/\/afogadosfm.com.br\/afogadosfm\/2025\/09\/30\/poetisa-de-sao-jose-do-egito-promove-oficina-de-literatura-para-mulheres-no-cais-do-sertao-em-recife\/","url":"https:\/\/afogadosfm.com.br\/afogadosfm\/2025\/09\/30\/poetisa-de-sao-jose-do-egito-promove-oficina-de-literatura-para-mulheres-no-cais-do-sertao-em-recife\/","name":"Poetisa de S\u00e3o Jos\u00e9 do Egito promove oficina de literatura para mulheres no Cais do Sert\u00e3o em Recife - Afogados FM","isPartOf":{"@id":"https:\/\/afogadosfm.com.br\/afogadosfm\/#website"},"primaryImageOfPage":{"@id":"https:\/\/afogadosfm.com.br\/afogadosfm\/2025\/09\/30\/poetisa-de-sao-jose-do-egito-promove-oficina-de-literatura-para-mulheres-no-cais-do-sertao-em-recife\/#primaryimage"},"image":{"@id":"https:\/\/afogadosfm.com.br\/afogadosfm\/2025\/09\/30\/poetisa-de-sao-jose-do-egito-promove-oficina-de-literatura-para-mulheres-no-cais-do-sertao-em-recife\/#primaryimage"},"thumbnailUrl":"https:\/\/i0.wp.com\/afogadosfm.com.br\/afogadosfm\/wp-content\/uploads\/2024\/07\/isabely.jpg?fit=703%2C480&ssl=1","datePublished":"2025-09-30T08:42:41+00:00","dateModified":"2025-09-30T08:42:42+00:00","breadcrumb":{"@id":"https:\/\/afogadosfm.com.br\/afogadosfm\/2025\/09\/30\/poetisa-de-sao-jose-do-egito-promove-oficina-de-literatura-para-mulheres-no-cais-do-sertao-em-recife\/#breadcrumb"},"inLanguage":"pt-BR","potentialAction":[{"@type":"ReadAction","target":["https:\/\/afogadosfm.com.br\/afogadosfm\/2025\/09\/30\/poetisa-de-sao-jose-do-egito-promove-oficina-de-literatura-para-mulheres-no-cais-do-sertao-em-recife\/"]}]},{"@type":"ImageObject","inLanguage":"pt-BR","@id":"https:\/\/afogadosfm.com.br\/afogadosfm\/2025\/09\/30\/poetisa-de-sao-jose-do-egito-promove-oficina-de-literatura-para-mulheres-no-cais-do-sertao-em-recife\/#primaryimage","url":"https:\/\/i0.wp.com\/afogadosfm.com.br\/afogadosfm\/wp-content\/uploads\/2024\/07\/isabely.jpg?fit=703%2C480&ssl=1","contentUrl":"https:\/\/i0.wp.com\/afogadosfm.com.br\/afogadosfm\/wp-content\/uploads\/2024\/07\/isabely.jpg?fit=703%2C480&ssl=1","width":703,"height":480},{"@type":"BreadcrumbList","@id":"https:\/\/afogadosfm.com.br\/afogadosfm\/2025\/09\/30\/poetisa-de-sao-jose-do-egito-promove-oficina-de-literatura-para-mulheres-no-cais-do-sertao-em-recife\/#breadcrumb","itemListElement":[{"@type":"ListItem","position":1,"name":"In\u00edcio","item":"https:\/\/afogadosfm.com.br\/afogadosfm\/"},{"@type":"ListItem","position":2,"name":"Poetisa de S\u00e3o Jos\u00e9 do Egito promove oficina de literatura para mulheres no Cais do Sert\u00e3o em Recife"}]},{"@type":"WebSite","@id":"https:\/\/afogadosfm.com.br\/afogadosfm\/#website","url":"https:\/\/afogadosfm.com.br\/afogadosfm\/","name":"Afogados FM","description":"Um site completo!","publisher":{"@id":"https:\/\/afogadosfm.com.br\/afogadosfm\/#organization"},"potentialAction":[{"@type":"SearchAction","target":{"@type":"EntryPoint","urlTemplate":"https:\/\/afogadosfm.com.br\/afogadosfm\/?s={search_term_string}"},"query-input":{"@type":"PropertyValueSpecification","valueRequired":true,"valueName":"search_term_string"}}],"inLanguage":"pt-BR"},{"@type":"Organization","@id":"https:\/\/afogadosfm.com.br\/afogadosfm\/#organization","name":"Afogados FM","url":"https:\/\/afogadosfm.com.br\/afogadosfm\/","logo":{"@type":"ImageObject","inLanguage":"pt-BR","@id":"https:\/\/afogadosfm.com.br\/afogadosfm\/#\/schema\/logo\/image\/","url":"https:\/\/i0.wp.com\/afogadosfm.com.br\/afogadosfm\/wp-content\/uploads\/2020\/06\/cropped-banner-afogados-4.jpg?fit=369%2C137&ssl=1","contentUrl":"https:\/\/i0.wp.com\/afogadosfm.com.br\/afogadosfm\/wp-content\/uploads\/2020\/06\/cropped-banner-afogados-4.jpg?fit=369%2C137&ssl=1","width":369,"height":137,"caption":"Afogados FM"},"image":{"@id":"https:\/\/afogadosfm.com.br\/afogadosfm\/#\/schema\/logo\/image\/"}},{"@type":"Person","@id":"https:\/\/afogadosfm.com.br\/afogadosfm\/#\/schema\/person\/60e56f2cf5dc960fc093fe093d9e9057","name":"afogadosfm","image":{"@type":"ImageObject","inLanguage":"pt-BR","@id":"https:\/\/secure.gravatar.com\/avatar\/e0359add7ed5dc3560906d861b52c6a8cf5c1e199d3a7dd85070998f49bd4701?s=96&d=mm&r=g","url":"https:\/\/secure.gravatar.com\/avatar\/e0359add7ed5dc3560906d861b52c6a8cf5c1e199d3a7dd85070998f49bd4701?s=96&d=mm&r=g","contentUrl":"https:\/\/secure.gravatar.com\/avatar\/e0359add7ed5dc3560906d861b52c6a8cf5c1e199d3a7dd85070998f49bd4701?s=96&d=mm&r=g","caption":"afogadosfm"},"url":"https:\/\/afogadosfm.com.br\/afogadosfm\/author\/afogadosfm\/"}]}},"jetpack_publicize_connections":[],"jetpack_featured_media_url":"https:\/\/i0.wp.com\/afogadosfm.com.br\/afogadosfm\/wp-content\/uploads\/2024\/07\/isabely.jpg?fit=703%2C480&ssl=1","jetpack-related-posts":[],"jetpack_sharing_enabled":true,"jetpack_likes_enabled":true,"_links":{"self":[{"href":"https:\/\/afogadosfm.com.br\/afogadosfm\/wp-json\/wp\/v2\/posts\/69435","targetHints":{"allow":["GET"]}}],"collection":[{"href":"https:\/\/afogadosfm.com.br\/afogadosfm\/wp-json\/wp\/v2\/posts"}],"about":[{"href":"https:\/\/afogadosfm.com.br\/afogadosfm\/wp-json\/wp\/v2\/types\/post"}],"author":[{"embeddable":true,"href":"https:\/\/afogadosfm.com.br\/afogadosfm\/wp-json\/wp\/v2\/users\/2"}],"replies":[{"embeddable":true,"href":"https:\/\/afogadosfm.com.br\/afogadosfm\/wp-json\/wp\/v2\/comments?post=69435"}],"version-history":[{"count":1,"href":"https:\/\/afogadosfm.com.br\/afogadosfm\/wp-json\/wp\/v2\/posts\/69435\/revisions"}],"predecessor-version":[{"id":69436,"href":"https:\/\/afogadosfm.com.br\/afogadosfm\/wp-json\/wp\/v2\/posts\/69435\/revisions\/69436"}],"wp:featuredmedia":[{"embeddable":true,"href":"https:\/\/afogadosfm.com.br\/afogadosfm\/wp-json\/wp\/v2\/media\/58321"}],"wp:attachment":[{"href":"https:\/\/afogadosfm.com.br\/afogadosfm\/wp-json\/wp\/v2\/media?parent=69435"}],"wp:term":[{"taxonomy":"category","embeddable":true,"href":"https:\/\/afogadosfm.com.br\/afogadosfm\/wp-json\/wp\/v2\/categories?post=69435"},{"taxonomy":"post_tag","embeddable":true,"href":"https:\/\/afogadosfm.com.br\/afogadosfm\/wp-json\/wp\/v2\/tags?post=69435"}],"curies":[{"name":"wp","href":"https:\/\/api.w.org\/{rel}","templated":true}]}}