{"id":69439,"date":"2025-09-30T05:48:05","date_gmt":"2025-09-30T08:48:05","guid":{"rendered":"https:\/\/afogadosfm.com.br\/afogadosfm\/?p=69439"},"modified":"2025-09-30T05:48:06","modified_gmt":"2025-09-30T08:48:06","slug":"ex-promotor-do-mppe-e-condenado-por-receber-iphone-para-beneficiar-preso","status":"publish","type":"post","link":"https:\/\/afogadosfm.com.br\/afogadosfm\/2025\/09\/30\/ex-promotor-do-mppe-e-condenado-por-receber-iphone-para-beneficiar-preso\/","title":{"rendered":"Ex-promotor do MPPE \u00e9 condenado por receber Iphone para beneficiar preso"},"content":{"rendered":"\n<p>O ex-promotor do Minist\u00e9rio P\u00fablico de Pernambuco (MPPE) Marcellus Ugiette foi condenado, na \u00faltima quinta-feira (25), por improbidade administrativa por ter recebido R$ 3 mil e um iPhone 7 para beneficiar preso. Em mar\u00e7o deste ano, ele j\u00e1 havia sido condenado a 10 anos e 9 meses de pris\u00e3o por corrup\u00e7\u00e3o passiva e lavagem de dinheiro pelo mesmo epis\u00f3dio.<\/p>\n\n\n\n<p>A peti\u00e7\u00e3o inicial narra que o ent\u00e3o promotor, ap\u00f3s receber dep\u00f3sitos em dinheiro e o smartphone, teria agido para que o preso Gilson Fonseca dos Santos fosse recolhido ao Pres\u00eddio de Santa Cruz do Capibaribe, no Agreste de Pernambuco, e n\u00e3o na comarca do Recife, como determinado.<\/p>\n\n\n\n<p>As condutas foram tipificadas como atos de improbidade administrativa que resultam em enriquecimento il\u00edcito e que atentam contra os princ\u00edpios da administra\u00e7\u00e3o p\u00fablica.<\/p>\n\n\n\n<p>Outros r\u00e9us no processo, o detento Gilson Fonseca dos Santos e a esposa Genilza Gon\u00e7alves Carneiro alegaram que, sendo pessoas de pouca instru\u00e7\u00e3o e oriundas de cidade do interior, &#8220;agiram por desespero diante da condena\u00e7\u00e3o de Gilson e buscaram orienta\u00e7\u00e3o junto ao promotor de Justi\u00e7a&#8221;.<\/p>\n\n\n\n<p>Segundo o casal, a rela\u00e7\u00e3o com o ex-promotor evoluiu para uma amizade. O aparelho celular seria um presente de anivers\u00e1rio. J\u00e1 o dinheiro era um empr\u00e9stimo, devidamente quitado, sem qualquer nexo com a fun\u00e7\u00e3o p\u00fablica, de acordo com a vers\u00e3o.<\/p>\n\n\n\n<p>J\u00e1 Marcellus Ugiette apresentou contesta\u00e7\u00e3o alegando n\u00e3o haver elementos m\u00ednimos de materialidade e dolo. Ele tamb\u00e9m destacou que, por estar aposentado desde 30 de abril de 2019, seria imposs\u00edvel a aplica\u00e7\u00e3o da san\u00e7\u00e3o de cassa\u00e7\u00e3o de aposentadoria, prevista no pedido de condena\u00e7\u00e3o.<\/p>\n\n\n\n<p>Em nota, o advogado Leonardo Aguiar, que representa o ex-promotor, declarou que recebeu com surpresa a senten\u00e7a.<\/p>\n\n\n\n<p>&#8220;Entendemos que a decis\u00e3o foi precipitada, pois havia pedido expresso da defesa para a realiza\u00e7\u00e3o da fase de instru\u00e7\u00e3o processual, com a oitiva das testemunhas, oportunidade em que certamente todos os fatos restariam esclarecidos&#8221;, diz o posicionamento. O advogado adiantou que vai recorrer.<\/p>\n\n\n\n<p>Do DP<\/p>\n","protected":false},"excerpt":{"rendered":"<p>O ex-promotor do Minist\u00e9rio P\u00fablico de Pernambuco (MPPE) Marcellus Ugiette foi condenado, na \u00faltima quinta-feira (25), por improbidade administrativa por<\/p>\n","protected":false},"author":2,"featured_media":7960,"comment_status":"open","ping_status":"open","sticky":false,"template":"","format":"standard","meta":{"jetpack_post_was_ever_published":false,"_jetpack_newsletter_access":"","_jetpack_dont_email_post_to_subs":false,"_jetpack_newsletter_tier_id":0,"_jetpack_memberships_contains_paywalled_content":false,"_jetpack_memberships_contains_paid_content":false,"footnotes":"","jetpack_publicize_message":"","jetpack_publicize_feature_enabled":true,"jetpack_social_post_already_shared":true,"jetpack_social_options":{"image_generator_settings":{"template":"highway","default_image_id":0,"font":"","enabled":false},"version":2}},"categories":[13],"tags":[],"class_list":["post-69439","post","type-post","status-publish","format-standard","has-post-thumbnail","hentry","category-pernambuco"],"yoast_head":"<!-- This site is optimized with the Yoast SEO plugin v27.5 - https:\/\/yoast.com\/product\/yoast-seo-wordpress\/ -->\n<title>Ex-promotor do MPPE \u00e9 condenado por receber Iphone para beneficiar preso - Afogados FM<\/title>\n<meta name=\"robots\" content=\"index, follow, max-snippet:-1, max-image-preview:large, max-video-preview:-1\" \/>\n<link rel=\"canonical\" href=\"https:\/\/afogadosfm.com.br\/afogadosfm\/2025\/09\/30\/ex-promotor-do-mppe-e-condenado-por-receber-iphone-para-beneficiar-preso\/\" \/>\n<meta property=\"og:locale\" content=\"pt_BR\" \/>\n<meta property=\"og:type\" content=\"article\" \/>\n<meta property=\"og:title\" content=\"Ex-promotor do MPPE \u00e9 condenado por receber Iphone para beneficiar preso - Afogados FM\" \/>\n<meta property=\"og:description\" content=\"O ex-promotor do Minist\u00e9rio P\u00fablico de Pernambuco (MPPE) Marcellus Ugiette foi condenado, na \u00faltima quinta-feira (25), por improbidade administrativa por\" \/>\n<meta property=\"og:url\" content=\"https:\/\/afogadosfm.com.br\/afogadosfm\/2025\/09\/30\/ex-promotor-do-mppe-e-condenado-por-receber-iphone-para-beneficiar-preso\/\" \/>\n<meta property=\"og:site_name\" content=\"Afogados FM\" \/>\n<meta property=\"article:published_time\" content=\"2025-09-30T08:48:05+00:00\" \/>\n<meta property=\"article:modified_time\" content=\"2025-09-30T08:48:06+00:00\" \/>\n<meta property=\"og:image\" content=\"https:\/\/afogadosfm.com.br\/afogadosfm\/wp-content\/uploads\/2018\/12\/MPPE.jpg\" \/>\n\t<meta property=\"og:image:width\" content=\"350\" \/>\n\t<meta property=\"og:image:height\" content=\"245\" \/>\n\t<meta property=\"og:image:type\" content=\"image\/jpeg\" \/>\n<meta name=\"author\" content=\"afogadosfm\" \/>\n<meta name=\"twitter:card\" content=\"summary_large_image\" \/>\n<meta name=\"twitter:label1\" content=\"Escrito por\" \/>\n\t<meta name=\"twitter:data1\" content=\"afogadosfm\" \/>\n\t<meta name=\"twitter:label2\" content=\"Est. tempo de leitura\" \/>\n\t<meta name=\"twitter:data2\" content=\"2 minutos\" \/>\n<script type=\"application\/ld+json\" class=\"yoast-schema-graph\">{\"@context\":\"https:\\\/\\\/schema.org\",\"@graph\":[{\"@type\":\"Article\",\"@id\":\"https:\\\/\\\/afogadosfm.com.br\\\/afogadosfm\\\/2025\\\/09\\\/30\\\/ex-promotor-do-mppe-e-condenado-por-receber-iphone-para-beneficiar-preso\\\/#article\",\"isPartOf\":{\"@id\":\"https:\\\/\\\/afogadosfm.com.br\\\/afogadosfm\\\/2025\\\/09\\\/30\\\/ex-promotor-do-mppe-e-condenado-por-receber-iphone-para-beneficiar-preso\\\/\"},\"author\":{\"name\":\"afogadosfm\",\"@id\":\"https:\\\/\\\/afogadosfm.com.br\\\/afogadosfm\\\/#\\\/schema\\\/person\\\/60e56f2cf5dc960fc093fe093d9e9057\"},\"headline\":\"Ex-promotor do MPPE \u00e9 condenado por receber Iphone para beneficiar preso\",\"datePublished\":\"2025-09-30T08:48:05+00:00\",\"dateModified\":\"2025-09-30T08:48:06+00:00\",\"mainEntityOfPage\":{\"@id\":\"https:\\\/\\\/afogadosfm.com.br\\\/afogadosfm\\\/2025\\\/09\\\/30\\\/ex-promotor-do-mppe-e-condenado-por-receber-iphone-para-beneficiar-preso\\\/\"},\"wordCount\":362,\"commentCount\":0,\"publisher\":{\"@id\":\"https:\\\/\\\/afogadosfm.com.br\\\/afogadosfm\\\/#organization\"},\"image\":{\"@id\":\"https:\\\/\\\/afogadosfm.com.br\\\/afogadosfm\\\/2025\\\/09\\\/30\\\/ex-promotor-do-mppe-e-condenado-por-receber-iphone-para-beneficiar-preso\\\/#primaryimage\"},\"thumbnailUrl\":\"https:\\\/\\\/i0.wp.com\\\/afogadosfm.com.br\\\/afogadosfm\\\/wp-content\\\/uploads\\\/2018\\\/12\\\/MPPE.jpg?fit=350%2C245&ssl=1\",\"articleSection\":[\"Pernambuco\"],\"inLanguage\":\"pt-BR\",\"potentialAction\":[{\"@type\":\"CommentAction\",\"name\":\"Comment\",\"target\":[\"https:\\\/\\\/afogadosfm.com.br\\\/afogadosfm\\\/2025\\\/09\\\/30\\\/ex-promotor-do-mppe-e-condenado-por-receber-iphone-para-beneficiar-preso\\\/#respond\"]}]},{\"@type\":\"WebPage\",\"@id\":\"https:\\\/\\\/afogadosfm.com.br\\\/afogadosfm\\\/2025\\\/09\\\/30\\\/ex-promotor-do-mppe-e-condenado-por-receber-iphone-para-beneficiar-preso\\\/\",\"url\":\"https:\\\/\\\/afogadosfm.com.br\\\/afogadosfm\\\/2025\\\/09\\\/30\\\/ex-promotor-do-mppe-e-condenado-por-receber-iphone-para-beneficiar-preso\\\/\",\"name\":\"Ex-promotor do MPPE \u00e9 condenado por receber Iphone para beneficiar preso - Afogados FM\",\"isPartOf\":{\"@id\":\"https:\\\/\\\/afogadosfm.com.br\\\/afogadosfm\\\/#website\"},\"primaryImageOfPage\":{\"@id\":\"https:\\\/\\\/afogadosfm.com.br\\\/afogadosfm\\\/2025\\\/09\\\/30\\\/ex-promotor-do-mppe-e-condenado-por-receber-iphone-para-beneficiar-preso\\\/#primaryimage\"},\"image\":{\"@id\":\"https:\\\/\\\/afogadosfm.com.br\\\/afogadosfm\\\/2025\\\/09\\\/30\\\/ex-promotor-do-mppe-e-condenado-por-receber-iphone-para-beneficiar-preso\\\/#primaryimage\"},\"thumbnailUrl\":\"https:\\\/\\\/i0.wp.com\\\/afogadosfm.com.br\\\/afogadosfm\\\/wp-content\\\/uploads\\\/2018\\\/12\\\/MPPE.jpg?fit=350%2C245&ssl=1\",\"datePublished\":\"2025-09-30T08:48:05+00:00\",\"dateModified\":\"2025-09-30T08:48:06+00:00\",\"breadcrumb\":{\"@id\":\"https:\\\/\\\/afogadosfm.com.br\\\/afogadosfm\\\/2025\\\/09\\\/30\\\/ex-promotor-do-mppe-e-condenado-por-receber-iphone-para-beneficiar-preso\\\/#breadcrumb\"},\"inLanguage\":\"pt-BR\",\"potentialAction\":[{\"@type\":\"ReadAction\",\"target\":[\"https:\\\/\\\/afogadosfm.com.br\\\/afogadosfm\\\/2025\\\/09\\\/30\\\/ex-promotor-do-mppe-e-condenado-por-receber-iphone-para-beneficiar-preso\\\/\"]}]},{\"@type\":\"ImageObject\",\"inLanguage\":\"pt-BR\",\"@id\":\"https:\\\/\\\/afogadosfm.com.br\\\/afogadosfm\\\/2025\\\/09\\\/30\\\/ex-promotor-do-mppe-e-condenado-por-receber-iphone-para-beneficiar-preso\\\/#primaryimage\",\"url\":\"https:\\\/\\\/i0.wp.com\\\/afogadosfm.com.br\\\/afogadosfm\\\/wp-content\\\/uploads\\\/2018\\\/12\\\/MPPE.jpg?fit=350%2C245&ssl=1\",\"contentUrl\":\"https:\\\/\\\/i0.wp.com\\\/afogadosfm.com.br\\\/afogadosfm\\\/wp-content\\\/uploads\\\/2018\\\/12\\\/MPPE.jpg?fit=350%2C245&ssl=1\",\"width\":350,\"height\":245},{\"@type\":\"BreadcrumbList\",\"@id\":\"https:\\\/\\\/afogadosfm.com.br\\\/afogadosfm\\\/2025\\\/09\\\/30\\\/ex-promotor-do-mppe-e-condenado-por-receber-iphone-para-beneficiar-preso\\\/#breadcrumb\",\"itemListElement\":[{\"@type\":\"ListItem\",\"position\":1,\"name\":\"In\u00edcio\",\"item\":\"https:\\\/\\\/afogadosfm.com.br\\\/afogadosfm\\\/\"},{\"@type\":\"ListItem\",\"position\":2,\"name\":\"Ex-promotor do MPPE \u00e9 condenado por receber Iphone para beneficiar preso\"}]},{\"@type\":\"WebSite\",\"@id\":\"https:\\\/\\\/afogadosfm.com.br\\\/afogadosfm\\\/#website\",\"url\":\"https:\\\/\\\/afogadosfm.com.br\\\/afogadosfm\\\/\",\"name\":\"Afogados FM\",\"description\":\"Um site completo!\",\"publisher\":{\"@id\":\"https:\\\/\\\/afogadosfm.com.br\\\/afogadosfm\\\/#organization\"},\"potentialAction\":[{\"@type\":\"SearchAction\",\"target\":{\"@type\":\"EntryPoint\",\"urlTemplate\":\"https:\\\/\\\/afogadosfm.com.br\\\/afogadosfm\\\/?s={search_term_string}\"},\"query-input\":{\"@type\":\"PropertyValueSpecification\",\"valueRequired\":true,\"valueName\":\"search_term_string\"}}],\"inLanguage\":\"pt-BR\"},{\"@type\":\"Organization\",\"@id\":\"https:\\\/\\\/afogadosfm.com.br\\\/afogadosfm\\\/#organization\",\"name\":\"Afogados FM\",\"url\":\"https:\\\/\\\/afogadosfm.com.br\\\/afogadosfm\\\/\",\"logo\":{\"@type\":\"ImageObject\",\"inLanguage\":\"pt-BR\",\"@id\":\"https:\\\/\\\/afogadosfm.com.br\\\/afogadosfm\\\/#\\\/schema\\\/logo\\\/image\\\/\",\"url\":\"https:\\\/\\\/i0.wp.com\\\/afogadosfm.com.br\\\/afogadosfm\\\/wp-content\\\/uploads\\\/2020\\\/06\\\/cropped-banner-afogados-4.jpg?fit=369%2C137&ssl=1\",\"contentUrl\":\"https:\\\/\\\/i0.wp.com\\\/afogadosfm.com.br\\\/afogadosfm\\\/wp-content\\\/uploads\\\/2020\\\/06\\\/cropped-banner-afogados-4.jpg?fit=369%2C137&ssl=1\",\"width\":369,\"height\":137,\"caption\":\"Afogados FM\"},\"image\":{\"@id\":\"https:\\\/\\\/afogadosfm.com.br\\\/afogadosfm\\\/#\\\/schema\\\/logo\\\/image\\\/\"}},{\"@type\":\"Person\",\"@id\":\"https:\\\/\\\/afogadosfm.com.br\\\/afogadosfm\\\/#\\\/schema\\\/person\\\/60e56f2cf5dc960fc093fe093d9e9057\",\"name\":\"afogadosfm\",\"image\":{\"@type\":\"ImageObject\",\"inLanguage\":\"pt-BR\",\"@id\":\"https:\\\/\\\/secure.gravatar.com\\\/avatar\\\/e0359add7ed5dc3560906d861b52c6a8cf5c1e199d3a7dd85070998f49bd4701?s=96&d=mm&r=g\",\"url\":\"https:\\\/\\\/secure.gravatar.com\\\/avatar\\\/e0359add7ed5dc3560906d861b52c6a8cf5c1e199d3a7dd85070998f49bd4701?s=96&d=mm&r=g\",\"contentUrl\":\"https:\\\/\\\/secure.gravatar.com\\\/avatar\\\/e0359add7ed5dc3560906d861b52c6a8cf5c1e199d3a7dd85070998f49bd4701?s=96&d=mm&r=g\",\"caption\":\"afogadosfm\"},\"url\":\"https:\\\/\\\/afogadosfm.com.br\\\/afogadosfm\\\/author\\\/afogadosfm\\\/\"}]}<\/script>\n<!-- \/ Yoast SEO plugin. -->","yoast_head_json":{"title":"Ex-promotor do MPPE \u00e9 condenado por receber Iphone para beneficiar preso - Afogados FM","robots":{"index":"index","follow":"follow","max-snippet":"max-snippet:-1","max-image-preview":"max-image-preview:large","max-video-preview":"max-video-preview:-1"},"canonical":"https:\/\/afogadosfm.com.br\/afogadosfm\/2025\/09\/30\/ex-promotor-do-mppe-e-condenado-por-receber-iphone-para-beneficiar-preso\/","og_locale":"pt_BR","og_type":"article","og_title":"Ex-promotor do MPPE \u00e9 condenado por receber Iphone para beneficiar preso - Afogados FM","og_description":"O ex-promotor do Minist\u00e9rio P\u00fablico de Pernambuco (MPPE) Marcellus Ugiette foi condenado, na \u00faltima quinta-feira (25), por improbidade administrativa por","og_url":"https:\/\/afogadosfm.com.br\/afogadosfm\/2025\/09\/30\/ex-promotor-do-mppe-e-condenado-por-receber-iphone-para-beneficiar-preso\/","og_site_name":"Afogados FM","article_published_time":"2025-09-30T08:48:05+00:00","article_modified_time":"2025-09-30T08:48:06+00:00","og_image":[{"width":350,"height":245,"url":"https:\/\/afogadosfm.com.br\/afogadosfm\/wp-content\/uploads\/2018\/12\/MPPE.jpg","type":"image\/jpeg"}],"author":"afogadosfm","twitter_card":"summary_large_image","twitter_misc":{"Escrito por":"afogadosfm","Est. tempo de leitura":"2 minutos"},"schema":{"@context":"https:\/\/schema.org","@graph":[{"@type":"Article","@id":"https:\/\/afogadosfm.com.br\/afogadosfm\/2025\/09\/30\/ex-promotor-do-mppe-e-condenado-por-receber-iphone-para-beneficiar-preso\/#article","isPartOf":{"@id":"https:\/\/afogadosfm.com.br\/afogadosfm\/2025\/09\/30\/ex-promotor-do-mppe-e-condenado-por-receber-iphone-para-beneficiar-preso\/"},"author":{"name":"afogadosfm","@id":"https:\/\/afogadosfm.com.br\/afogadosfm\/#\/schema\/person\/60e56f2cf5dc960fc093fe093d9e9057"},"headline":"Ex-promotor do MPPE \u00e9 condenado por receber Iphone para beneficiar preso","datePublished":"2025-09-30T08:48:05+00:00","dateModified":"2025-09-30T08:48:06+00:00","mainEntityOfPage":{"@id":"https:\/\/afogadosfm.com.br\/afogadosfm\/2025\/09\/30\/ex-promotor-do-mppe-e-condenado-por-receber-iphone-para-beneficiar-preso\/"},"wordCount":362,"commentCount":0,"publisher":{"@id":"https:\/\/afogadosfm.com.br\/afogadosfm\/#organization"},"image":{"@id":"https:\/\/afogadosfm.com.br\/afogadosfm\/2025\/09\/30\/ex-promotor-do-mppe-e-condenado-por-receber-iphone-para-beneficiar-preso\/#primaryimage"},"thumbnailUrl":"https:\/\/i0.wp.com\/afogadosfm.com.br\/afogadosfm\/wp-content\/uploads\/2018\/12\/MPPE.jpg?fit=350%2C245&ssl=1","articleSection":["Pernambuco"],"inLanguage":"pt-BR","potentialAction":[{"@type":"CommentAction","name":"Comment","target":["https:\/\/afogadosfm.com.br\/afogadosfm\/2025\/09\/30\/ex-promotor-do-mppe-e-condenado-por-receber-iphone-para-beneficiar-preso\/#respond"]}]},{"@type":"WebPage","@id":"https:\/\/afogadosfm.com.br\/afogadosfm\/2025\/09\/30\/ex-promotor-do-mppe-e-condenado-por-receber-iphone-para-beneficiar-preso\/","url":"https:\/\/afogadosfm.com.br\/afogadosfm\/2025\/09\/30\/ex-promotor-do-mppe-e-condenado-por-receber-iphone-para-beneficiar-preso\/","name":"Ex-promotor do MPPE \u00e9 condenado por receber Iphone para beneficiar preso - Afogados FM","isPartOf":{"@id":"https:\/\/afogadosfm.com.br\/afogadosfm\/#website"},"primaryImageOfPage":{"@id":"https:\/\/afogadosfm.com.br\/afogadosfm\/2025\/09\/30\/ex-promotor-do-mppe-e-condenado-por-receber-iphone-para-beneficiar-preso\/#primaryimage"},"image":{"@id":"https:\/\/afogadosfm.com.br\/afogadosfm\/2025\/09\/30\/ex-promotor-do-mppe-e-condenado-por-receber-iphone-para-beneficiar-preso\/#primaryimage"},"thumbnailUrl":"https:\/\/i0.wp.com\/afogadosfm.com.br\/afogadosfm\/wp-content\/uploads\/2018\/12\/MPPE.jpg?fit=350%2C245&ssl=1","datePublished":"2025-09-30T08:48:05+00:00","dateModified":"2025-09-30T08:48:06+00:00","breadcrumb":{"@id":"https:\/\/afogadosfm.com.br\/afogadosfm\/2025\/09\/30\/ex-promotor-do-mppe-e-condenado-por-receber-iphone-para-beneficiar-preso\/#breadcrumb"},"inLanguage":"pt-BR","potentialAction":[{"@type":"ReadAction","target":["https:\/\/afogadosfm.com.br\/afogadosfm\/2025\/09\/30\/ex-promotor-do-mppe-e-condenado-por-receber-iphone-para-beneficiar-preso\/"]}]},{"@type":"ImageObject","inLanguage":"pt-BR","@id":"https:\/\/afogadosfm.com.br\/afogadosfm\/2025\/09\/30\/ex-promotor-do-mppe-e-condenado-por-receber-iphone-para-beneficiar-preso\/#primaryimage","url":"https:\/\/i0.wp.com\/afogadosfm.com.br\/afogadosfm\/wp-content\/uploads\/2018\/12\/MPPE.jpg?fit=350%2C245&ssl=1","contentUrl":"https:\/\/i0.wp.com\/afogadosfm.com.br\/afogadosfm\/wp-content\/uploads\/2018\/12\/MPPE.jpg?fit=350%2C245&ssl=1","width":350,"height":245},{"@type":"BreadcrumbList","@id":"https:\/\/afogadosfm.com.br\/afogadosfm\/2025\/09\/30\/ex-promotor-do-mppe-e-condenado-por-receber-iphone-para-beneficiar-preso\/#breadcrumb","itemListElement":[{"@type":"ListItem","position":1,"name":"In\u00edcio","item":"https:\/\/afogadosfm.com.br\/afogadosfm\/"},{"@type":"ListItem","position":2,"name":"Ex-promotor do MPPE \u00e9 condenado por receber Iphone para beneficiar preso"}]},{"@type":"WebSite","@id":"https:\/\/afogadosfm.com.br\/afogadosfm\/#website","url":"https:\/\/afogadosfm.com.br\/afogadosfm\/","name":"Afogados FM","description":"Um site completo!","publisher":{"@id":"https:\/\/afogadosfm.com.br\/afogadosfm\/#organization"},"potentialAction":[{"@type":"SearchAction","target":{"@type":"EntryPoint","urlTemplate":"https:\/\/afogadosfm.com.br\/afogadosfm\/?s={search_term_string}"},"query-input":{"@type":"PropertyValueSpecification","valueRequired":true,"valueName":"search_term_string"}}],"inLanguage":"pt-BR"},{"@type":"Organization","@id":"https:\/\/afogadosfm.com.br\/afogadosfm\/#organization","name":"Afogados FM","url":"https:\/\/afogadosfm.com.br\/afogadosfm\/","logo":{"@type":"ImageObject","inLanguage":"pt-BR","@id":"https:\/\/afogadosfm.com.br\/afogadosfm\/#\/schema\/logo\/image\/","url":"https:\/\/i0.wp.com\/afogadosfm.com.br\/afogadosfm\/wp-content\/uploads\/2020\/06\/cropped-banner-afogados-4.jpg?fit=369%2C137&ssl=1","contentUrl":"https:\/\/i0.wp.com\/afogadosfm.com.br\/afogadosfm\/wp-content\/uploads\/2020\/06\/cropped-banner-afogados-4.jpg?fit=369%2C137&ssl=1","width":369,"height":137,"caption":"Afogados FM"},"image":{"@id":"https:\/\/afogadosfm.com.br\/afogadosfm\/#\/schema\/logo\/image\/"}},{"@type":"Person","@id":"https:\/\/afogadosfm.com.br\/afogadosfm\/#\/schema\/person\/60e56f2cf5dc960fc093fe093d9e9057","name":"afogadosfm","image":{"@type":"ImageObject","inLanguage":"pt-BR","@id":"https:\/\/secure.gravatar.com\/avatar\/e0359add7ed5dc3560906d861b52c6a8cf5c1e199d3a7dd85070998f49bd4701?s=96&d=mm&r=g","url":"https:\/\/secure.gravatar.com\/avatar\/e0359add7ed5dc3560906d861b52c6a8cf5c1e199d3a7dd85070998f49bd4701?s=96&d=mm&r=g","contentUrl":"https:\/\/secure.gravatar.com\/avatar\/e0359add7ed5dc3560906d861b52c6a8cf5c1e199d3a7dd85070998f49bd4701?s=96&d=mm&r=g","caption":"afogadosfm"},"url":"https:\/\/afogadosfm.com.br\/afogadosfm\/author\/afogadosfm\/"}]}},"jetpack_publicize_connections":[],"jetpack_featured_media_url":"https:\/\/i0.wp.com\/afogadosfm.com.br\/afogadosfm\/wp-content\/uploads\/2018\/12\/MPPE.jpg?fit=350%2C245&ssl=1","jetpack-related-posts":[],"jetpack_sharing_enabled":true,"jetpack_likes_enabled":true,"_links":{"self":[{"href":"https:\/\/afogadosfm.com.br\/afogadosfm\/wp-json\/wp\/v2\/posts\/69439","targetHints":{"allow":["GET"]}}],"collection":[{"href":"https:\/\/afogadosfm.com.br\/afogadosfm\/wp-json\/wp\/v2\/posts"}],"about":[{"href":"https:\/\/afogadosfm.com.br\/afogadosfm\/wp-json\/wp\/v2\/types\/post"}],"author":[{"embeddable":true,"href":"https:\/\/afogadosfm.com.br\/afogadosfm\/wp-json\/wp\/v2\/users\/2"}],"replies":[{"embeddable":true,"href":"https:\/\/afogadosfm.com.br\/afogadosfm\/wp-json\/wp\/v2\/comments?post=69439"}],"version-history":[{"count":1,"href":"https:\/\/afogadosfm.com.br\/afogadosfm\/wp-json\/wp\/v2\/posts\/69439\/revisions"}],"predecessor-version":[{"id":69440,"href":"https:\/\/afogadosfm.com.br\/afogadosfm\/wp-json\/wp\/v2\/posts\/69439\/revisions\/69440"}],"wp:featuredmedia":[{"embeddable":true,"href":"https:\/\/afogadosfm.com.br\/afogadosfm\/wp-json\/wp\/v2\/media\/7960"}],"wp:attachment":[{"href":"https:\/\/afogadosfm.com.br\/afogadosfm\/wp-json\/wp\/v2\/media?parent=69439"}],"wp:term":[{"taxonomy":"category","embeddable":true,"href":"https:\/\/afogadosfm.com.br\/afogadosfm\/wp-json\/wp\/v2\/categories?post=69439"},{"taxonomy":"post_tag","embeddable":true,"href":"https:\/\/afogadosfm.com.br\/afogadosfm\/wp-json\/wp\/v2\/tags?post=69439"}],"curies":[{"name":"wp","href":"https:\/\/api.w.org\/{rel}","templated":true}]}}