{"id":69442,"date":"2025-09-30T05:58:11","date_gmt":"2025-09-30T08:58:11","guid":{"rendered":"https:\/\/afogadosfm.com.br\/afogadosfm\/?p=69442"},"modified":"2025-09-30T05:58:12","modified_gmt":"2025-09-30T08:58:12","slug":"outubro-rosa-hcp-alerta-para-o-risco-da-deteccao-do-cancer-de-mama","status":"publish","type":"post","link":"https:\/\/afogadosfm.com.br\/afogadosfm\/2025\/09\/30\/outubro-rosa-hcp-alerta-para-o-risco-da-deteccao-do-cancer-de-mama\/","title":{"rendered":"Outubro Rosa: HCP alerta para o risco da detec\u00e7\u00e3o do c\u00e2ncer de mama"},"content":{"rendered":"\n<p>O Hospital de C\u00e2ncer de Pernambuco (HCP) inicia, em outubro, a tradicional campanha Outubro Rosa, com o objetivo de conscientizar sobre o c\u00e2ncer de mama, o mais comum entre as mulheres, excluindo os casos de pele n\u00e3o melanoma. Com o lema \u201cCuidar \u00e9 um legado que atravessa gera\u00e7\u00f5es\u201d, a institui\u00e7\u00e3o, prestes a completar 80 anos, enfatiza a import\u00e2ncia do diagn\u00f3stico precoce na luta pela vida.<\/p>\n\n\n\n<p>De acordo com a Organiza\u00e7\u00e3o Mundial da Sa\u00fade (OMS), o c\u00e2ncer de mama registrou 2,3 milh\u00f5es de novos casos em 2022, com mais de 670 mil mortes no mundo. No Brasil, o Instituto Nacional de C\u00e2ncer (INCA) estima 73 mil novos casos em 2025. Em 2023, o HCP acolheu 687 novos diagn\u00f3sticos de c\u00e2ncer de mama, sendo a maioria mulheres, mas tamb\u00e9m com alguns homens diagnosticados.<\/p>\n\n\n\n<p>O c\u00e2ncer de mama \u00e9 mais frequente em mulheres acima dos 50 anos, mas tamb\u00e9m afeta mulheres mais jovens. Entre 2018 e 2023, mais de 108 mil brasileiras com menos de 50 anos receberam o diagn\u00f3stico. Os principais sinais de alerta incluem n\u00f3dulos, altera\u00e7\u00f5es no formato das mamas, secre\u00e7\u00e3o anormal e mudan\u00e7as na pele. O rastreamento \u00e9 feito principalmente por mamografia anual a partir dos 40 anos, com ultrassom para mulheres mais jovens.<\/p>\n\n\n\n<p>No HCP, as mamografias est\u00e3o dispon\u00edveis ao p\u00fablico externo mediante agendamento online. Para realizar o exame, \u00e9 necess\u00e1rio ter 40 anos ou mais, ou apresentar sintomas suspeitos, al\u00e9m de n\u00e3o ter feito mamografia no \u00faltimo ano. Em 2024, a institui\u00e7\u00e3o realizou 14.076 mamografias, refor\u00e7ando seu compromisso com a preven\u00e7\u00e3o e o diagn\u00f3stico precoce do c\u00e2ncer de mama.<\/p>\n\n\n\n<p>Da CBN<\/p>\n","protected":false},"excerpt":{"rendered":"<p>O Hospital de C\u00e2ncer de Pernambuco (HCP) inicia, em outubro, a tradicional campanha Outubro Rosa, com o objetivo de conscientizar<\/p>\n","protected":false},"author":2,"featured_media":6712,"comment_status":"open","ping_status":"open","sticky":false,"template":"","format":"standard","meta":{"jetpack_post_was_ever_published":false,"_jetpack_newsletter_access":"","_jetpack_dont_email_post_to_subs":false,"_jetpack_newsletter_tier_id":0,"_jetpack_memberships_contains_paywalled_content":false,"_jetpack_memberships_contains_paid_content":false,"footnotes":"","jetpack_publicize_message":"","jetpack_publicize_feature_enabled":true,"jetpack_social_post_already_shared":true,"jetpack_social_options":{"image_generator_settings":{"template":"highway","default_image_id":0,"font":"","enabled":false},"version":2}},"categories":[37],"tags":[],"class_list":["post-69442","post","type-post","status-publish","format-standard","has-post-thumbnail","hentry","category-saude"],"yoast_head":"<!-- This site is optimized with the Yoast SEO plugin v27.5 - https:\/\/yoast.com\/product\/yoast-seo-wordpress\/ -->\n<title>Outubro Rosa: HCP alerta para o risco da detec\u00e7\u00e3o do c\u00e2ncer de mama - Afogados FM<\/title>\n<meta name=\"robots\" content=\"index, follow, max-snippet:-1, max-image-preview:large, max-video-preview:-1\" \/>\n<link rel=\"canonical\" href=\"https:\/\/afogadosfm.com.br\/afogadosfm\/2025\/09\/30\/outubro-rosa-hcp-alerta-para-o-risco-da-deteccao-do-cancer-de-mama\/\" \/>\n<meta property=\"og:locale\" content=\"pt_BR\" \/>\n<meta property=\"og:type\" content=\"article\" \/>\n<meta property=\"og:title\" content=\"Outubro Rosa: HCP alerta para o risco da detec\u00e7\u00e3o do c\u00e2ncer de mama - Afogados FM\" \/>\n<meta property=\"og:description\" content=\"O Hospital de C\u00e2ncer de Pernambuco (HCP) inicia, em outubro, a tradicional campanha Outubro Rosa, com o objetivo de conscientizar\" \/>\n<meta property=\"og:url\" content=\"https:\/\/afogadosfm.com.br\/afogadosfm\/2025\/09\/30\/outubro-rosa-hcp-alerta-para-o-risco-da-deteccao-do-cancer-de-mama\/\" \/>\n<meta property=\"og:site_name\" content=\"Afogados FM\" \/>\n<meta property=\"article:published_time\" content=\"2025-09-30T08:58:11+00:00\" \/>\n<meta property=\"article:modified_time\" content=\"2025-09-30T08:58:12+00:00\" \/>\n<meta property=\"og:image\" content=\"https:\/\/afogadosfm.com.br\/afogadosfm\/wp-content\/uploads\/2018\/10\/outubro.jpg\" \/>\n\t<meta property=\"og:image:width\" content=\"300\" \/>\n\t<meta property=\"og:image:height\" content=\"157\" \/>\n\t<meta property=\"og:image:type\" content=\"image\/jpeg\" \/>\n<meta name=\"author\" content=\"afogadosfm\" \/>\n<meta name=\"twitter:card\" content=\"summary_large_image\" \/>\n<meta name=\"twitter:label1\" content=\"Escrito por\" \/>\n\t<meta name=\"twitter:data1\" content=\"afogadosfm\" \/>\n\t<meta name=\"twitter:label2\" content=\"Est. tempo de leitura\" \/>\n\t<meta name=\"twitter:data2\" content=\"2 minutos\" \/>\n<script type=\"application\/ld+json\" class=\"yoast-schema-graph\">{\"@context\":\"https:\\\/\\\/schema.org\",\"@graph\":[{\"@type\":\"Article\",\"@id\":\"https:\\\/\\\/afogadosfm.com.br\\\/afogadosfm\\\/2025\\\/09\\\/30\\\/outubro-rosa-hcp-alerta-para-o-risco-da-deteccao-do-cancer-de-mama\\\/#article\",\"isPartOf\":{\"@id\":\"https:\\\/\\\/afogadosfm.com.br\\\/afogadosfm\\\/2025\\\/09\\\/30\\\/outubro-rosa-hcp-alerta-para-o-risco-da-deteccao-do-cancer-de-mama\\\/\"},\"author\":{\"name\":\"afogadosfm\",\"@id\":\"https:\\\/\\\/afogadosfm.com.br\\\/afogadosfm\\\/#\\\/schema\\\/person\\\/60e56f2cf5dc960fc093fe093d9e9057\"},\"headline\":\"Outubro Rosa: HCP alerta para o risco da detec\u00e7\u00e3o do c\u00e2ncer de mama\",\"datePublished\":\"2025-09-30T08:58:11+00:00\",\"dateModified\":\"2025-09-30T08:58:12+00:00\",\"mainEntityOfPage\":{\"@id\":\"https:\\\/\\\/afogadosfm.com.br\\\/afogadosfm\\\/2025\\\/09\\\/30\\\/outubro-rosa-hcp-alerta-para-o-risco-da-deteccao-do-cancer-de-mama\\\/\"},\"wordCount\":290,\"commentCount\":0,\"publisher\":{\"@id\":\"https:\\\/\\\/afogadosfm.com.br\\\/afogadosfm\\\/#organization\"},\"image\":{\"@id\":\"https:\\\/\\\/afogadosfm.com.br\\\/afogadosfm\\\/2025\\\/09\\\/30\\\/outubro-rosa-hcp-alerta-para-o-risco-da-deteccao-do-cancer-de-mama\\\/#primaryimage\"},\"thumbnailUrl\":\"https:\\\/\\\/i0.wp.com\\\/afogadosfm.com.br\\\/afogadosfm\\\/wp-content\\\/uploads\\\/2018\\\/10\\\/outubro.jpg?fit=300%2C157&ssl=1\",\"articleSection\":[\"Sa\u00fade\"],\"inLanguage\":\"pt-BR\",\"potentialAction\":[{\"@type\":\"CommentAction\",\"name\":\"Comment\",\"target\":[\"https:\\\/\\\/afogadosfm.com.br\\\/afogadosfm\\\/2025\\\/09\\\/30\\\/outubro-rosa-hcp-alerta-para-o-risco-da-deteccao-do-cancer-de-mama\\\/#respond\"]}]},{\"@type\":\"WebPage\",\"@id\":\"https:\\\/\\\/afogadosfm.com.br\\\/afogadosfm\\\/2025\\\/09\\\/30\\\/outubro-rosa-hcp-alerta-para-o-risco-da-deteccao-do-cancer-de-mama\\\/\",\"url\":\"https:\\\/\\\/afogadosfm.com.br\\\/afogadosfm\\\/2025\\\/09\\\/30\\\/outubro-rosa-hcp-alerta-para-o-risco-da-deteccao-do-cancer-de-mama\\\/\",\"name\":\"Outubro Rosa: HCP alerta para o risco da detec\u00e7\u00e3o do c\u00e2ncer de mama - Afogados FM\",\"isPartOf\":{\"@id\":\"https:\\\/\\\/afogadosfm.com.br\\\/afogadosfm\\\/#website\"},\"primaryImageOfPage\":{\"@id\":\"https:\\\/\\\/afogadosfm.com.br\\\/afogadosfm\\\/2025\\\/09\\\/30\\\/outubro-rosa-hcp-alerta-para-o-risco-da-deteccao-do-cancer-de-mama\\\/#primaryimage\"},\"image\":{\"@id\":\"https:\\\/\\\/afogadosfm.com.br\\\/afogadosfm\\\/2025\\\/09\\\/30\\\/outubro-rosa-hcp-alerta-para-o-risco-da-deteccao-do-cancer-de-mama\\\/#primaryimage\"},\"thumbnailUrl\":\"https:\\\/\\\/i0.wp.com\\\/afogadosfm.com.br\\\/afogadosfm\\\/wp-content\\\/uploads\\\/2018\\\/10\\\/outubro.jpg?fit=300%2C157&ssl=1\",\"datePublished\":\"2025-09-30T08:58:11+00:00\",\"dateModified\":\"2025-09-30T08:58:12+00:00\",\"breadcrumb\":{\"@id\":\"https:\\\/\\\/afogadosfm.com.br\\\/afogadosfm\\\/2025\\\/09\\\/30\\\/outubro-rosa-hcp-alerta-para-o-risco-da-deteccao-do-cancer-de-mama\\\/#breadcrumb\"},\"inLanguage\":\"pt-BR\",\"potentialAction\":[{\"@type\":\"ReadAction\",\"target\":[\"https:\\\/\\\/afogadosfm.com.br\\\/afogadosfm\\\/2025\\\/09\\\/30\\\/outubro-rosa-hcp-alerta-para-o-risco-da-deteccao-do-cancer-de-mama\\\/\"]}]},{\"@type\":\"ImageObject\",\"inLanguage\":\"pt-BR\",\"@id\":\"https:\\\/\\\/afogadosfm.com.br\\\/afogadosfm\\\/2025\\\/09\\\/30\\\/outubro-rosa-hcp-alerta-para-o-risco-da-deteccao-do-cancer-de-mama\\\/#primaryimage\",\"url\":\"https:\\\/\\\/i0.wp.com\\\/afogadosfm.com.br\\\/afogadosfm\\\/wp-content\\\/uploads\\\/2018\\\/10\\\/outubro.jpg?fit=300%2C157&ssl=1\",\"contentUrl\":\"https:\\\/\\\/i0.wp.com\\\/afogadosfm.com.br\\\/afogadosfm\\\/wp-content\\\/uploads\\\/2018\\\/10\\\/outubro.jpg?fit=300%2C157&ssl=1\",\"width\":300,\"height\":157},{\"@type\":\"BreadcrumbList\",\"@id\":\"https:\\\/\\\/afogadosfm.com.br\\\/afogadosfm\\\/2025\\\/09\\\/30\\\/outubro-rosa-hcp-alerta-para-o-risco-da-deteccao-do-cancer-de-mama\\\/#breadcrumb\",\"itemListElement\":[{\"@type\":\"ListItem\",\"position\":1,\"name\":\"In\u00edcio\",\"item\":\"https:\\\/\\\/afogadosfm.com.br\\\/afogadosfm\\\/\"},{\"@type\":\"ListItem\",\"position\":2,\"name\":\"Outubro Rosa: HCP alerta para o risco da detec\u00e7\u00e3o do c\u00e2ncer de mama\"}]},{\"@type\":\"WebSite\",\"@id\":\"https:\\\/\\\/afogadosfm.com.br\\\/afogadosfm\\\/#website\",\"url\":\"https:\\\/\\\/afogadosfm.com.br\\\/afogadosfm\\\/\",\"name\":\"Afogados FM\",\"description\":\"Um site completo!\",\"publisher\":{\"@id\":\"https:\\\/\\\/afogadosfm.com.br\\\/afogadosfm\\\/#organization\"},\"potentialAction\":[{\"@type\":\"SearchAction\",\"target\":{\"@type\":\"EntryPoint\",\"urlTemplate\":\"https:\\\/\\\/afogadosfm.com.br\\\/afogadosfm\\\/?s={search_term_string}\"},\"query-input\":{\"@type\":\"PropertyValueSpecification\",\"valueRequired\":true,\"valueName\":\"search_term_string\"}}],\"inLanguage\":\"pt-BR\"},{\"@type\":\"Organization\",\"@id\":\"https:\\\/\\\/afogadosfm.com.br\\\/afogadosfm\\\/#organization\",\"name\":\"Afogados FM\",\"url\":\"https:\\\/\\\/afogadosfm.com.br\\\/afogadosfm\\\/\",\"logo\":{\"@type\":\"ImageObject\",\"inLanguage\":\"pt-BR\",\"@id\":\"https:\\\/\\\/afogadosfm.com.br\\\/afogadosfm\\\/#\\\/schema\\\/logo\\\/image\\\/\",\"url\":\"https:\\\/\\\/i0.wp.com\\\/afogadosfm.com.br\\\/afogadosfm\\\/wp-content\\\/uploads\\\/2020\\\/06\\\/cropped-banner-afogados-4.jpg?fit=369%2C137&ssl=1\",\"contentUrl\":\"https:\\\/\\\/i0.wp.com\\\/afogadosfm.com.br\\\/afogadosfm\\\/wp-content\\\/uploads\\\/2020\\\/06\\\/cropped-banner-afogados-4.jpg?fit=369%2C137&ssl=1\",\"width\":369,\"height\":137,\"caption\":\"Afogados FM\"},\"image\":{\"@id\":\"https:\\\/\\\/afogadosfm.com.br\\\/afogadosfm\\\/#\\\/schema\\\/logo\\\/image\\\/\"}},{\"@type\":\"Person\",\"@id\":\"https:\\\/\\\/afogadosfm.com.br\\\/afogadosfm\\\/#\\\/schema\\\/person\\\/60e56f2cf5dc960fc093fe093d9e9057\",\"name\":\"afogadosfm\",\"image\":{\"@type\":\"ImageObject\",\"inLanguage\":\"pt-BR\",\"@id\":\"https:\\\/\\\/secure.gravatar.com\\\/avatar\\\/e0359add7ed5dc3560906d861b52c6a8cf5c1e199d3a7dd85070998f49bd4701?s=96&d=mm&r=g\",\"url\":\"https:\\\/\\\/secure.gravatar.com\\\/avatar\\\/e0359add7ed5dc3560906d861b52c6a8cf5c1e199d3a7dd85070998f49bd4701?s=96&d=mm&r=g\",\"contentUrl\":\"https:\\\/\\\/secure.gravatar.com\\\/avatar\\\/e0359add7ed5dc3560906d861b52c6a8cf5c1e199d3a7dd85070998f49bd4701?s=96&d=mm&r=g\",\"caption\":\"afogadosfm\"},\"url\":\"https:\\\/\\\/afogadosfm.com.br\\\/afogadosfm\\\/author\\\/afogadosfm\\\/\"}]}<\/script>\n<!-- \/ Yoast SEO plugin. -->","yoast_head_json":{"title":"Outubro Rosa: HCP alerta para o risco da detec\u00e7\u00e3o do c\u00e2ncer de mama - Afogados FM","robots":{"index":"index","follow":"follow","max-snippet":"max-snippet:-1","max-image-preview":"max-image-preview:large","max-video-preview":"max-video-preview:-1"},"canonical":"https:\/\/afogadosfm.com.br\/afogadosfm\/2025\/09\/30\/outubro-rosa-hcp-alerta-para-o-risco-da-deteccao-do-cancer-de-mama\/","og_locale":"pt_BR","og_type":"article","og_title":"Outubro Rosa: HCP alerta para o risco da detec\u00e7\u00e3o do c\u00e2ncer de mama - Afogados FM","og_description":"O Hospital de C\u00e2ncer de Pernambuco (HCP) inicia, em outubro, a tradicional campanha Outubro Rosa, com o objetivo de conscientizar","og_url":"https:\/\/afogadosfm.com.br\/afogadosfm\/2025\/09\/30\/outubro-rosa-hcp-alerta-para-o-risco-da-deteccao-do-cancer-de-mama\/","og_site_name":"Afogados FM","article_published_time":"2025-09-30T08:58:11+00:00","article_modified_time":"2025-09-30T08:58:12+00:00","og_image":[{"width":300,"height":157,"url":"https:\/\/afogadosfm.com.br\/afogadosfm\/wp-content\/uploads\/2018\/10\/outubro.jpg","type":"image\/jpeg"}],"author":"afogadosfm","twitter_card":"summary_large_image","twitter_misc":{"Escrito por":"afogadosfm","Est. tempo de leitura":"2 minutos"},"schema":{"@context":"https:\/\/schema.org","@graph":[{"@type":"Article","@id":"https:\/\/afogadosfm.com.br\/afogadosfm\/2025\/09\/30\/outubro-rosa-hcp-alerta-para-o-risco-da-deteccao-do-cancer-de-mama\/#article","isPartOf":{"@id":"https:\/\/afogadosfm.com.br\/afogadosfm\/2025\/09\/30\/outubro-rosa-hcp-alerta-para-o-risco-da-deteccao-do-cancer-de-mama\/"},"author":{"name":"afogadosfm","@id":"https:\/\/afogadosfm.com.br\/afogadosfm\/#\/schema\/person\/60e56f2cf5dc960fc093fe093d9e9057"},"headline":"Outubro Rosa: HCP alerta para o risco da detec\u00e7\u00e3o do c\u00e2ncer de mama","datePublished":"2025-09-30T08:58:11+00:00","dateModified":"2025-09-30T08:58:12+00:00","mainEntityOfPage":{"@id":"https:\/\/afogadosfm.com.br\/afogadosfm\/2025\/09\/30\/outubro-rosa-hcp-alerta-para-o-risco-da-deteccao-do-cancer-de-mama\/"},"wordCount":290,"commentCount":0,"publisher":{"@id":"https:\/\/afogadosfm.com.br\/afogadosfm\/#organization"},"image":{"@id":"https:\/\/afogadosfm.com.br\/afogadosfm\/2025\/09\/30\/outubro-rosa-hcp-alerta-para-o-risco-da-deteccao-do-cancer-de-mama\/#primaryimage"},"thumbnailUrl":"https:\/\/i0.wp.com\/afogadosfm.com.br\/afogadosfm\/wp-content\/uploads\/2018\/10\/outubro.jpg?fit=300%2C157&ssl=1","articleSection":["Sa\u00fade"],"inLanguage":"pt-BR","potentialAction":[{"@type":"CommentAction","name":"Comment","target":["https:\/\/afogadosfm.com.br\/afogadosfm\/2025\/09\/30\/outubro-rosa-hcp-alerta-para-o-risco-da-deteccao-do-cancer-de-mama\/#respond"]}]},{"@type":"WebPage","@id":"https:\/\/afogadosfm.com.br\/afogadosfm\/2025\/09\/30\/outubro-rosa-hcp-alerta-para-o-risco-da-deteccao-do-cancer-de-mama\/","url":"https:\/\/afogadosfm.com.br\/afogadosfm\/2025\/09\/30\/outubro-rosa-hcp-alerta-para-o-risco-da-deteccao-do-cancer-de-mama\/","name":"Outubro Rosa: HCP alerta para o risco da detec\u00e7\u00e3o do c\u00e2ncer de mama - Afogados FM","isPartOf":{"@id":"https:\/\/afogadosfm.com.br\/afogadosfm\/#website"},"primaryImageOfPage":{"@id":"https:\/\/afogadosfm.com.br\/afogadosfm\/2025\/09\/30\/outubro-rosa-hcp-alerta-para-o-risco-da-deteccao-do-cancer-de-mama\/#primaryimage"},"image":{"@id":"https:\/\/afogadosfm.com.br\/afogadosfm\/2025\/09\/30\/outubro-rosa-hcp-alerta-para-o-risco-da-deteccao-do-cancer-de-mama\/#primaryimage"},"thumbnailUrl":"https:\/\/i0.wp.com\/afogadosfm.com.br\/afogadosfm\/wp-content\/uploads\/2018\/10\/outubro.jpg?fit=300%2C157&ssl=1","datePublished":"2025-09-30T08:58:11+00:00","dateModified":"2025-09-30T08:58:12+00:00","breadcrumb":{"@id":"https:\/\/afogadosfm.com.br\/afogadosfm\/2025\/09\/30\/outubro-rosa-hcp-alerta-para-o-risco-da-deteccao-do-cancer-de-mama\/#breadcrumb"},"inLanguage":"pt-BR","potentialAction":[{"@type":"ReadAction","target":["https:\/\/afogadosfm.com.br\/afogadosfm\/2025\/09\/30\/outubro-rosa-hcp-alerta-para-o-risco-da-deteccao-do-cancer-de-mama\/"]}]},{"@type":"ImageObject","inLanguage":"pt-BR","@id":"https:\/\/afogadosfm.com.br\/afogadosfm\/2025\/09\/30\/outubro-rosa-hcp-alerta-para-o-risco-da-deteccao-do-cancer-de-mama\/#primaryimage","url":"https:\/\/i0.wp.com\/afogadosfm.com.br\/afogadosfm\/wp-content\/uploads\/2018\/10\/outubro.jpg?fit=300%2C157&ssl=1","contentUrl":"https:\/\/i0.wp.com\/afogadosfm.com.br\/afogadosfm\/wp-content\/uploads\/2018\/10\/outubro.jpg?fit=300%2C157&ssl=1","width":300,"height":157},{"@type":"BreadcrumbList","@id":"https:\/\/afogadosfm.com.br\/afogadosfm\/2025\/09\/30\/outubro-rosa-hcp-alerta-para-o-risco-da-deteccao-do-cancer-de-mama\/#breadcrumb","itemListElement":[{"@type":"ListItem","position":1,"name":"In\u00edcio","item":"https:\/\/afogadosfm.com.br\/afogadosfm\/"},{"@type":"ListItem","position":2,"name":"Outubro Rosa: HCP alerta para o risco da detec\u00e7\u00e3o do c\u00e2ncer de mama"}]},{"@type":"WebSite","@id":"https:\/\/afogadosfm.com.br\/afogadosfm\/#website","url":"https:\/\/afogadosfm.com.br\/afogadosfm\/","name":"Afogados FM","description":"Um site completo!","publisher":{"@id":"https:\/\/afogadosfm.com.br\/afogadosfm\/#organization"},"potentialAction":[{"@type":"SearchAction","target":{"@type":"EntryPoint","urlTemplate":"https:\/\/afogadosfm.com.br\/afogadosfm\/?s={search_term_string}"},"query-input":{"@type":"PropertyValueSpecification","valueRequired":true,"valueName":"search_term_string"}}],"inLanguage":"pt-BR"},{"@type":"Organization","@id":"https:\/\/afogadosfm.com.br\/afogadosfm\/#organization","name":"Afogados FM","url":"https:\/\/afogadosfm.com.br\/afogadosfm\/","logo":{"@type":"ImageObject","inLanguage":"pt-BR","@id":"https:\/\/afogadosfm.com.br\/afogadosfm\/#\/schema\/logo\/image\/","url":"https:\/\/i0.wp.com\/afogadosfm.com.br\/afogadosfm\/wp-content\/uploads\/2020\/06\/cropped-banner-afogados-4.jpg?fit=369%2C137&ssl=1","contentUrl":"https:\/\/i0.wp.com\/afogadosfm.com.br\/afogadosfm\/wp-content\/uploads\/2020\/06\/cropped-banner-afogados-4.jpg?fit=369%2C137&ssl=1","width":369,"height":137,"caption":"Afogados FM"},"image":{"@id":"https:\/\/afogadosfm.com.br\/afogadosfm\/#\/schema\/logo\/image\/"}},{"@type":"Person","@id":"https:\/\/afogadosfm.com.br\/afogadosfm\/#\/schema\/person\/60e56f2cf5dc960fc093fe093d9e9057","name":"afogadosfm","image":{"@type":"ImageObject","inLanguage":"pt-BR","@id":"https:\/\/secure.gravatar.com\/avatar\/e0359add7ed5dc3560906d861b52c6a8cf5c1e199d3a7dd85070998f49bd4701?s=96&d=mm&r=g","url":"https:\/\/secure.gravatar.com\/avatar\/e0359add7ed5dc3560906d861b52c6a8cf5c1e199d3a7dd85070998f49bd4701?s=96&d=mm&r=g","contentUrl":"https:\/\/secure.gravatar.com\/avatar\/e0359add7ed5dc3560906d861b52c6a8cf5c1e199d3a7dd85070998f49bd4701?s=96&d=mm&r=g","caption":"afogadosfm"},"url":"https:\/\/afogadosfm.com.br\/afogadosfm\/author\/afogadosfm\/"}]}},"jetpack_publicize_connections":[],"jetpack_featured_media_url":"https:\/\/i0.wp.com\/afogadosfm.com.br\/afogadosfm\/wp-content\/uploads\/2018\/10\/outubro.jpg?fit=300%2C157&ssl=1","jetpack-related-posts":[],"jetpack_sharing_enabled":true,"jetpack_likes_enabled":true,"_links":{"self":[{"href":"https:\/\/afogadosfm.com.br\/afogadosfm\/wp-json\/wp\/v2\/posts\/69442","targetHints":{"allow":["GET"]}}],"collection":[{"href":"https:\/\/afogadosfm.com.br\/afogadosfm\/wp-json\/wp\/v2\/posts"}],"about":[{"href":"https:\/\/afogadosfm.com.br\/afogadosfm\/wp-json\/wp\/v2\/types\/post"}],"author":[{"embeddable":true,"href":"https:\/\/afogadosfm.com.br\/afogadosfm\/wp-json\/wp\/v2\/users\/2"}],"replies":[{"embeddable":true,"href":"https:\/\/afogadosfm.com.br\/afogadosfm\/wp-json\/wp\/v2\/comments?post=69442"}],"version-history":[{"count":1,"href":"https:\/\/afogadosfm.com.br\/afogadosfm\/wp-json\/wp\/v2\/posts\/69442\/revisions"}],"predecessor-version":[{"id":69443,"href":"https:\/\/afogadosfm.com.br\/afogadosfm\/wp-json\/wp\/v2\/posts\/69442\/revisions\/69443"}],"wp:featuredmedia":[{"embeddable":true,"href":"https:\/\/afogadosfm.com.br\/afogadosfm\/wp-json\/wp\/v2\/media\/6712"}],"wp:attachment":[{"href":"https:\/\/afogadosfm.com.br\/afogadosfm\/wp-json\/wp\/v2\/media?parent=69442"}],"wp:term":[{"taxonomy":"category","embeddable":true,"href":"https:\/\/afogadosfm.com.br\/afogadosfm\/wp-json\/wp\/v2\/categories?post=69442"},{"taxonomy":"post_tag","embeddable":true,"href":"https:\/\/afogadosfm.com.br\/afogadosfm\/wp-json\/wp\/v2\/tags?post=69442"}],"curies":[{"name":"wp","href":"https:\/\/api.w.org\/{rel}","templated":true}]}}