{"id":69450,"date":"2025-09-30T06:32:36","date_gmt":"2025-09-30T09:32:36","guid":{"rendered":"https:\/\/afogadosfm.com.br\/afogadosfm\/?p=69450"},"modified":"2025-09-30T06:32:37","modified_gmt":"2025-09-30T09:32:37","slug":"numeros-apresentados-por-ze-negao-e-edson-do-cosmetico-apresentam-grande-diferenca","status":"publish","type":"post","link":"https:\/\/afogadosfm.com.br\/afogadosfm\/2025\/09\/30\/numeros-apresentados-por-ze-negao-e-edson-do-cosmetico-apresentam-grande-diferenca\/","title":{"rendered":"N\u00fameros apresentados por Z\u00e9 Neg\u00e3o e Edson do Cosm\u00e9tico apresentam grande diferen\u00e7a"},"content":{"rendered":"\n<p>Chamou a aten\u00e7\u00e3o a disparidade dos n\u00fameros apresentados por Z\u00e9 Neg\u00e3o e pelo vereador Edson do Cosm\u00e9tico.<\/p>\n\n\n\n<p>Dia 18,\u00a0Em entrevista dada a Juliana Lima na quinta-feira (18), o vereador\u00a0Edson do Cosm\u00e9tico\u00a0disse que a Prefeitura de Afogados j\u00e1 gastou em torno de R$ 17 milh\u00f5es com as duas obras.<\/p>\n\n\n\n<p>Segundo Edson, os valores contratados com as duas empresas, a obra j\u00e1 custa mais de R$ 10,5 milh\u00f5es. \u201cA gente acredita que esse valor pode ser maior, uma vez que n\u00e3o conseguimos encontrar todos os contratos desde 2018\u201d, explicou.<\/p>\n\n\n\n<p>Quanto \u00e0 Usina Solar de Afogados da Ingazeira, disse que a prefeitura j\u00e1 destinou mais de R$ 6 milh\u00f5es para a obra desde 2023.<\/p>\n\n\n\n<p>Hoje, Z\u00e9 Neg\u00e3o disse que o P\u00e1tio da Feira consumiu R$ 3,1 milh\u00f5es e o Parque Solar, R$ 3,1 milh\u00f5es. Se somados&nbsp;R$ 200 mil de um terreno adquirido no S\u00e3o Braz, mais R$ 800 mil entre juros e tarifa do contrato de empr\u00e9stimo, se chega a R$ 4,1 milh\u00f5es.<\/p>\n\n\n\n<p>Z\u00e9 Neg\u00e3o disse que n\u00e3o pode responder pelo que falou Edson do Cosm\u00e9tico e que ele responde por suas declara\u00e7\u00f5es.<\/p>\n\n\n\n<p>Os n\u00fameros de Z\u00e9 est\u00e3o mais pr\u00f3ximos do que diz a prefeitura. Segundo o governo Sandrinho em nota, no p\u00e1tio da feira foram gastos R$ 3,01 milh\u00f5es e n\u00e3o R$ 10,5 milh\u00f5es. Na usina solar foram R$ 3,6 milh\u00f5es e n\u00e3o R$ 6 milh\u00f5es. O governo promete entregar as duas obras em breve.<\/p>\n\n\n\n<p>A quest\u00e3o \u00e9 que esses valores estouram o or\u00e7amento real segundo Z\u00e9 Neg\u00e3o,&nbsp; que diz ser necess\u00e1ria uma investiga\u00e7\u00e3o do Minist\u00e9rio P\u00fablico. E a prefeitura defende a lisura na execu\u00e7\u00e3o da obra.<\/p>\n\n\n\n<p>Do Nill Junior<\/p>\n","protected":false},"excerpt":{"rendered":"<p>Chamou a aten\u00e7\u00e3o a disparidade dos n\u00fameros apresentados por Z\u00e9 Neg\u00e3o e pelo vereador Edson do Cosm\u00e9tico. Dia 18,\u00a0Em entrevista<\/p>\n","protected":false},"author":2,"featured_media":69451,"comment_status":"open","ping_status":"open","sticky":false,"template":"","format":"standard","meta":{"jetpack_post_was_ever_published":false,"_jetpack_newsletter_access":"","_jetpack_dont_email_post_to_subs":false,"_jetpack_newsletter_tier_id":0,"_jetpack_memberships_contains_paywalled_content":false,"_jetpack_memberships_contains_paid_content":false,"footnotes":"","jetpack_publicize_message":"","jetpack_publicize_feature_enabled":true,"jetpack_social_post_already_shared":true,"jetpack_social_options":{"image_generator_settings":{"template":"highway","default_image_id":0,"font":"","enabled":false},"version":2}},"categories":[35],"tags":[],"class_list":["post-69450","post","type-post","status-publish","format-standard","has-post-thumbnail","hentry","category-politica"],"yoast_head":"<!-- This site is optimized with the Yoast SEO plugin v27.5 - https:\/\/yoast.com\/product\/yoast-seo-wordpress\/ -->\n<title>N\u00fameros apresentados por Z\u00e9 Neg\u00e3o e Edson do Cosm\u00e9tico apresentam grande diferen\u00e7a - Afogados FM<\/title>\n<meta name=\"robots\" content=\"index, follow, max-snippet:-1, max-image-preview:large, max-video-preview:-1\" \/>\n<link rel=\"canonical\" href=\"https:\/\/afogadosfm.com.br\/afogadosfm\/2025\/09\/30\/numeros-apresentados-por-ze-negao-e-edson-do-cosmetico-apresentam-grande-diferenca\/\" \/>\n<meta property=\"og:locale\" content=\"pt_BR\" \/>\n<meta property=\"og:type\" content=\"article\" \/>\n<meta property=\"og:title\" content=\"N\u00fameros apresentados por Z\u00e9 Neg\u00e3o e Edson do Cosm\u00e9tico apresentam grande diferen\u00e7a - Afogados FM\" \/>\n<meta property=\"og:description\" content=\"Chamou a aten\u00e7\u00e3o a disparidade dos n\u00fameros apresentados por Z\u00e9 Neg\u00e3o e pelo vereador Edson do Cosm\u00e9tico. Dia 18,\u00a0Em entrevista\" \/>\n<meta property=\"og:url\" content=\"https:\/\/afogadosfm.com.br\/afogadosfm\/2025\/09\/30\/numeros-apresentados-por-ze-negao-e-edson-do-cosmetico-apresentam-grande-diferenca\/\" \/>\n<meta property=\"og:site_name\" content=\"Afogados FM\" \/>\n<meta property=\"article:published_time\" content=\"2025-09-30T09:32:36+00:00\" \/>\n<meta property=\"article:modified_time\" content=\"2025-09-30T09:32:37+00:00\" \/>\n<meta property=\"og:image\" content=\"https:\/\/afogadosfm.com.br\/afogadosfm\/wp-content\/uploads\/2025\/09\/IMG_20250929_1751552.webp\" \/>\n\t<meta property=\"og:image:width\" content=\"768\" \/>\n\t<meta property=\"og:image:height\" content=\"682\" \/>\n\t<meta property=\"og:image:type\" content=\"image\/webp\" \/>\n<meta name=\"author\" content=\"afogadosfm\" \/>\n<meta name=\"twitter:card\" content=\"summary_large_image\" \/>\n<meta name=\"twitter:label1\" content=\"Escrito por\" \/>\n\t<meta name=\"twitter:data1\" content=\"afogadosfm\" \/>\n\t<meta name=\"twitter:label2\" content=\"Est. tempo de leitura\" \/>\n\t<meta name=\"twitter:data2\" content=\"2 minutos\" \/>\n<script type=\"application\/ld+json\" class=\"yoast-schema-graph\">{\"@context\":\"https:\\\/\\\/schema.org\",\"@graph\":[{\"@type\":\"Article\",\"@id\":\"https:\\\/\\\/afogadosfm.com.br\\\/afogadosfm\\\/2025\\\/09\\\/30\\\/numeros-apresentados-por-ze-negao-e-edson-do-cosmetico-apresentam-grande-diferenca\\\/#article\",\"isPartOf\":{\"@id\":\"https:\\\/\\\/afogadosfm.com.br\\\/afogadosfm\\\/2025\\\/09\\\/30\\\/numeros-apresentados-por-ze-negao-e-edson-do-cosmetico-apresentam-grande-diferenca\\\/\"},\"author\":{\"name\":\"afogadosfm\",\"@id\":\"https:\\\/\\\/afogadosfm.com.br\\\/afogadosfm\\\/#\\\/schema\\\/person\\\/60e56f2cf5dc960fc093fe093d9e9057\"},\"headline\":\"N\u00fameros apresentados por Z\u00e9 Neg\u00e3o e Edson do Cosm\u00e9tico apresentam grande diferen\u00e7a\",\"datePublished\":\"2025-09-30T09:32:36+00:00\",\"dateModified\":\"2025-09-30T09:32:37+00:00\",\"mainEntityOfPage\":{\"@id\":\"https:\\\/\\\/afogadosfm.com.br\\\/afogadosfm\\\/2025\\\/09\\\/30\\\/numeros-apresentados-por-ze-negao-e-edson-do-cosmetico-apresentam-grande-diferenca\\\/\"},\"wordCount\":310,\"commentCount\":0,\"publisher\":{\"@id\":\"https:\\\/\\\/afogadosfm.com.br\\\/afogadosfm\\\/#organization\"},\"image\":{\"@id\":\"https:\\\/\\\/afogadosfm.com.br\\\/afogadosfm\\\/2025\\\/09\\\/30\\\/numeros-apresentados-por-ze-negao-e-edson-do-cosmetico-apresentam-grande-diferenca\\\/#primaryimage\"},\"thumbnailUrl\":\"https:\\\/\\\/i0.wp.com\\\/afogadosfm.com.br\\\/afogadosfm\\\/wp-content\\\/uploads\\\/2025\\\/09\\\/IMG_20250929_1751552.webp?fit=768%2C682&ssl=1\",\"articleSection\":[\"Pol\u00edtica\"],\"inLanguage\":\"pt-BR\",\"potentialAction\":[{\"@type\":\"CommentAction\",\"name\":\"Comment\",\"target\":[\"https:\\\/\\\/afogadosfm.com.br\\\/afogadosfm\\\/2025\\\/09\\\/30\\\/numeros-apresentados-por-ze-negao-e-edson-do-cosmetico-apresentam-grande-diferenca\\\/#respond\"]}]},{\"@type\":\"WebPage\",\"@id\":\"https:\\\/\\\/afogadosfm.com.br\\\/afogadosfm\\\/2025\\\/09\\\/30\\\/numeros-apresentados-por-ze-negao-e-edson-do-cosmetico-apresentam-grande-diferenca\\\/\",\"url\":\"https:\\\/\\\/afogadosfm.com.br\\\/afogadosfm\\\/2025\\\/09\\\/30\\\/numeros-apresentados-por-ze-negao-e-edson-do-cosmetico-apresentam-grande-diferenca\\\/\",\"name\":\"N\u00fameros apresentados por Z\u00e9 Neg\u00e3o e Edson do Cosm\u00e9tico apresentam grande diferen\u00e7a - Afogados FM\",\"isPartOf\":{\"@id\":\"https:\\\/\\\/afogadosfm.com.br\\\/afogadosfm\\\/#website\"},\"primaryImageOfPage\":{\"@id\":\"https:\\\/\\\/afogadosfm.com.br\\\/afogadosfm\\\/2025\\\/09\\\/30\\\/numeros-apresentados-por-ze-negao-e-edson-do-cosmetico-apresentam-grande-diferenca\\\/#primaryimage\"},\"image\":{\"@id\":\"https:\\\/\\\/afogadosfm.com.br\\\/afogadosfm\\\/2025\\\/09\\\/30\\\/numeros-apresentados-por-ze-negao-e-edson-do-cosmetico-apresentam-grande-diferenca\\\/#primaryimage\"},\"thumbnailUrl\":\"https:\\\/\\\/i0.wp.com\\\/afogadosfm.com.br\\\/afogadosfm\\\/wp-content\\\/uploads\\\/2025\\\/09\\\/IMG_20250929_1751552.webp?fit=768%2C682&ssl=1\",\"datePublished\":\"2025-09-30T09:32:36+00:00\",\"dateModified\":\"2025-09-30T09:32:37+00:00\",\"breadcrumb\":{\"@id\":\"https:\\\/\\\/afogadosfm.com.br\\\/afogadosfm\\\/2025\\\/09\\\/30\\\/numeros-apresentados-por-ze-negao-e-edson-do-cosmetico-apresentam-grande-diferenca\\\/#breadcrumb\"},\"inLanguage\":\"pt-BR\",\"potentialAction\":[{\"@type\":\"ReadAction\",\"target\":[\"https:\\\/\\\/afogadosfm.com.br\\\/afogadosfm\\\/2025\\\/09\\\/30\\\/numeros-apresentados-por-ze-negao-e-edson-do-cosmetico-apresentam-grande-diferenca\\\/\"]}]},{\"@type\":\"ImageObject\",\"inLanguage\":\"pt-BR\",\"@id\":\"https:\\\/\\\/afogadosfm.com.br\\\/afogadosfm\\\/2025\\\/09\\\/30\\\/numeros-apresentados-por-ze-negao-e-edson-do-cosmetico-apresentam-grande-diferenca\\\/#primaryimage\",\"url\":\"https:\\\/\\\/i0.wp.com\\\/afogadosfm.com.br\\\/afogadosfm\\\/wp-content\\\/uploads\\\/2025\\\/09\\\/IMG_20250929_1751552.webp?fit=768%2C682&ssl=1\",\"contentUrl\":\"https:\\\/\\\/i0.wp.com\\\/afogadosfm.com.br\\\/afogadosfm\\\/wp-content\\\/uploads\\\/2025\\\/09\\\/IMG_20250929_1751552.webp?fit=768%2C682&ssl=1\",\"width\":768,\"height\":682},{\"@type\":\"BreadcrumbList\",\"@id\":\"https:\\\/\\\/afogadosfm.com.br\\\/afogadosfm\\\/2025\\\/09\\\/30\\\/numeros-apresentados-por-ze-negao-e-edson-do-cosmetico-apresentam-grande-diferenca\\\/#breadcrumb\",\"itemListElement\":[{\"@type\":\"ListItem\",\"position\":1,\"name\":\"In\u00edcio\",\"item\":\"https:\\\/\\\/afogadosfm.com.br\\\/afogadosfm\\\/\"},{\"@type\":\"ListItem\",\"position\":2,\"name\":\"N\u00fameros apresentados por Z\u00e9 Neg\u00e3o e Edson do Cosm\u00e9tico apresentam grande diferen\u00e7a\"}]},{\"@type\":\"WebSite\",\"@id\":\"https:\\\/\\\/afogadosfm.com.br\\\/afogadosfm\\\/#website\",\"url\":\"https:\\\/\\\/afogadosfm.com.br\\\/afogadosfm\\\/\",\"name\":\"Afogados FM\",\"description\":\"Um site completo!\",\"publisher\":{\"@id\":\"https:\\\/\\\/afogadosfm.com.br\\\/afogadosfm\\\/#organization\"},\"potentialAction\":[{\"@type\":\"SearchAction\",\"target\":{\"@type\":\"EntryPoint\",\"urlTemplate\":\"https:\\\/\\\/afogadosfm.com.br\\\/afogadosfm\\\/?s={search_term_string}\"},\"query-input\":{\"@type\":\"PropertyValueSpecification\",\"valueRequired\":true,\"valueName\":\"search_term_string\"}}],\"inLanguage\":\"pt-BR\"},{\"@type\":\"Organization\",\"@id\":\"https:\\\/\\\/afogadosfm.com.br\\\/afogadosfm\\\/#organization\",\"name\":\"Afogados FM\",\"url\":\"https:\\\/\\\/afogadosfm.com.br\\\/afogadosfm\\\/\",\"logo\":{\"@type\":\"ImageObject\",\"inLanguage\":\"pt-BR\",\"@id\":\"https:\\\/\\\/afogadosfm.com.br\\\/afogadosfm\\\/#\\\/schema\\\/logo\\\/image\\\/\",\"url\":\"https:\\\/\\\/i0.wp.com\\\/afogadosfm.com.br\\\/afogadosfm\\\/wp-content\\\/uploads\\\/2020\\\/06\\\/cropped-banner-afogados-4.jpg?fit=369%2C137&ssl=1\",\"contentUrl\":\"https:\\\/\\\/i0.wp.com\\\/afogadosfm.com.br\\\/afogadosfm\\\/wp-content\\\/uploads\\\/2020\\\/06\\\/cropped-banner-afogados-4.jpg?fit=369%2C137&ssl=1\",\"width\":369,\"height\":137,\"caption\":\"Afogados FM\"},\"image\":{\"@id\":\"https:\\\/\\\/afogadosfm.com.br\\\/afogadosfm\\\/#\\\/schema\\\/logo\\\/image\\\/\"}},{\"@type\":\"Person\",\"@id\":\"https:\\\/\\\/afogadosfm.com.br\\\/afogadosfm\\\/#\\\/schema\\\/person\\\/60e56f2cf5dc960fc093fe093d9e9057\",\"name\":\"afogadosfm\",\"image\":{\"@type\":\"ImageObject\",\"inLanguage\":\"pt-BR\",\"@id\":\"https:\\\/\\\/secure.gravatar.com\\\/avatar\\\/e0359add7ed5dc3560906d861b52c6a8cf5c1e199d3a7dd85070998f49bd4701?s=96&d=mm&r=g\",\"url\":\"https:\\\/\\\/secure.gravatar.com\\\/avatar\\\/e0359add7ed5dc3560906d861b52c6a8cf5c1e199d3a7dd85070998f49bd4701?s=96&d=mm&r=g\",\"contentUrl\":\"https:\\\/\\\/secure.gravatar.com\\\/avatar\\\/e0359add7ed5dc3560906d861b52c6a8cf5c1e199d3a7dd85070998f49bd4701?s=96&d=mm&r=g\",\"caption\":\"afogadosfm\"},\"url\":\"https:\\\/\\\/afogadosfm.com.br\\\/afogadosfm\\\/author\\\/afogadosfm\\\/\"}]}<\/script>\n<!-- \/ Yoast SEO plugin. -->","yoast_head_json":{"title":"N\u00fameros apresentados por Z\u00e9 Neg\u00e3o e Edson do Cosm\u00e9tico apresentam grande diferen\u00e7a - Afogados FM","robots":{"index":"index","follow":"follow","max-snippet":"max-snippet:-1","max-image-preview":"max-image-preview:large","max-video-preview":"max-video-preview:-1"},"canonical":"https:\/\/afogadosfm.com.br\/afogadosfm\/2025\/09\/30\/numeros-apresentados-por-ze-negao-e-edson-do-cosmetico-apresentam-grande-diferenca\/","og_locale":"pt_BR","og_type":"article","og_title":"N\u00fameros apresentados por Z\u00e9 Neg\u00e3o e Edson do Cosm\u00e9tico apresentam grande diferen\u00e7a - Afogados FM","og_description":"Chamou a aten\u00e7\u00e3o a disparidade dos n\u00fameros apresentados por Z\u00e9 Neg\u00e3o e pelo vereador Edson do Cosm\u00e9tico. Dia 18,\u00a0Em entrevista","og_url":"https:\/\/afogadosfm.com.br\/afogadosfm\/2025\/09\/30\/numeros-apresentados-por-ze-negao-e-edson-do-cosmetico-apresentam-grande-diferenca\/","og_site_name":"Afogados FM","article_published_time":"2025-09-30T09:32:36+00:00","article_modified_time":"2025-09-30T09:32:37+00:00","og_image":[{"width":768,"height":682,"url":"https:\/\/afogadosfm.com.br\/afogadosfm\/wp-content\/uploads\/2025\/09\/IMG_20250929_1751552.webp","type":"image\/webp"}],"author":"afogadosfm","twitter_card":"summary_large_image","twitter_misc":{"Escrito por":"afogadosfm","Est. tempo de leitura":"2 minutos"},"schema":{"@context":"https:\/\/schema.org","@graph":[{"@type":"Article","@id":"https:\/\/afogadosfm.com.br\/afogadosfm\/2025\/09\/30\/numeros-apresentados-por-ze-negao-e-edson-do-cosmetico-apresentam-grande-diferenca\/#article","isPartOf":{"@id":"https:\/\/afogadosfm.com.br\/afogadosfm\/2025\/09\/30\/numeros-apresentados-por-ze-negao-e-edson-do-cosmetico-apresentam-grande-diferenca\/"},"author":{"name":"afogadosfm","@id":"https:\/\/afogadosfm.com.br\/afogadosfm\/#\/schema\/person\/60e56f2cf5dc960fc093fe093d9e9057"},"headline":"N\u00fameros apresentados por Z\u00e9 Neg\u00e3o e Edson do Cosm\u00e9tico apresentam grande diferen\u00e7a","datePublished":"2025-09-30T09:32:36+00:00","dateModified":"2025-09-30T09:32:37+00:00","mainEntityOfPage":{"@id":"https:\/\/afogadosfm.com.br\/afogadosfm\/2025\/09\/30\/numeros-apresentados-por-ze-negao-e-edson-do-cosmetico-apresentam-grande-diferenca\/"},"wordCount":310,"commentCount":0,"publisher":{"@id":"https:\/\/afogadosfm.com.br\/afogadosfm\/#organization"},"image":{"@id":"https:\/\/afogadosfm.com.br\/afogadosfm\/2025\/09\/30\/numeros-apresentados-por-ze-negao-e-edson-do-cosmetico-apresentam-grande-diferenca\/#primaryimage"},"thumbnailUrl":"https:\/\/i0.wp.com\/afogadosfm.com.br\/afogadosfm\/wp-content\/uploads\/2025\/09\/IMG_20250929_1751552.webp?fit=768%2C682&ssl=1","articleSection":["Pol\u00edtica"],"inLanguage":"pt-BR","potentialAction":[{"@type":"CommentAction","name":"Comment","target":["https:\/\/afogadosfm.com.br\/afogadosfm\/2025\/09\/30\/numeros-apresentados-por-ze-negao-e-edson-do-cosmetico-apresentam-grande-diferenca\/#respond"]}]},{"@type":"WebPage","@id":"https:\/\/afogadosfm.com.br\/afogadosfm\/2025\/09\/30\/numeros-apresentados-por-ze-negao-e-edson-do-cosmetico-apresentam-grande-diferenca\/","url":"https:\/\/afogadosfm.com.br\/afogadosfm\/2025\/09\/30\/numeros-apresentados-por-ze-negao-e-edson-do-cosmetico-apresentam-grande-diferenca\/","name":"N\u00fameros apresentados por Z\u00e9 Neg\u00e3o e Edson do Cosm\u00e9tico apresentam grande diferen\u00e7a - Afogados FM","isPartOf":{"@id":"https:\/\/afogadosfm.com.br\/afogadosfm\/#website"},"primaryImageOfPage":{"@id":"https:\/\/afogadosfm.com.br\/afogadosfm\/2025\/09\/30\/numeros-apresentados-por-ze-negao-e-edson-do-cosmetico-apresentam-grande-diferenca\/#primaryimage"},"image":{"@id":"https:\/\/afogadosfm.com.br\/afogadosfm\/2025\/09\/30\/numeros-apresentados-por-ze-negao-e-edson-do-cosmetico-apresentam-grande-diferenca\/#primaryimage"},"thumbnailUrl":"https:\/\/i0.wp.com\/afogadosfm.com.br\/afogadosfm\/wp-content\/uploads\/2025\/09\/IMG_20250929_1751552.webp?fit=768%2C682&ssl=1","datePublished":"2025-09-30T09:32:36+00:00","dateModified":"2025-09-30T09:32:37+00:00","breadcrumb":{"@id":"https:\/\/afogadosfm.com.br\/afogadosfm\/2025\/09\/30\/numeros-apresentados-por-ze-negao-e-edson-do-cosmetico-apresentam-grande-diferenca\/#breadcrumb"},"inLanguage":"pt-BR","potentialAction":[{"@type":"ReadAction","target":["https:\/\/afogadosfm.com.br\/afogadosfm\/2025\/09\/30\/numeros-apresentados-por-ze-negao-e-edson-do-cosmetico-apresentam-grande-diferenca\/"]}]},{"@type":"ImageObject","inLanguage":"pt-BR","@id":"https:\/\/afogadosfm.com.br\/afogadosfm\/2025\/09\/30\/numeros-apresentados-por-ze-negao-e-edson-do-cosmetico-apresentam-grande-diferenca\/#primaryimage","url":"https:\/\/i0.wp.com\/afogadosfm.com.br\/afogadosfm\/wp-content\/uploads\/2025\/09\/IMG_20250929_1751552.webp?fit=768%2C682&ssl=1","contentUrl":"https:\/\/i0.wp.com\/afogadosfm.com.br\/afogadosfm\/wp-content\/uploads\/2025\/09\/IMG_20250929_1751552.webp?fit=768%2C682&ssl=1","width":768,"height":682},{"@type":"BreadcrumbList","@id":"https:\/\/afogadosfm.com.br\/afogadosfm\/2025\/09\/30\/numeros-apresentados-por-ze-negao-e-edson-do-cosmetico-apresentam-grande-diferenca\/#breadcrumb","itemListElement":[{"@type":"ListItem","position":1,"name":"In\u00edcio","item":"https:\/\/afogadosfm.com.br\/afogadosfm\/"},{"@type":"ListItem","position":2,"name":"N\u00fameros apresentados por Z\u00e9 Neg\u00e3o e Edson do Cosm\u00e9tico apresentam grande diferen\u00e7a"}]},{"@type":"WebSite","@id":"https:\/\/afogadosfm.com.br\/afogadosfm\/#website","url":"https:\/\/afogadosfm.com.br\/afogadosfm\/","name":"Afogados FM","description":"Um site completo!","publisher":{"@id":"https:\/\/afogadosfm.com.br\/afogadosfm\/#organization"},"potentialAction":[{"@type":"SearchAction","target":{"@type":"EntryPoint","urlTemplate":"https:\/\/afogadosfm.com.br\/afogadosfm\/?s={search_term_string}"},"query-input":{"@type":"PropertyValueSpecification","valueRequired":true,"valueName":"search_term_string"}}],"inLanguage":"pt-BR"},{"@type":"Organization","@id":"https:\/\/afogadosfm.com.br\/afogadosfm\/#organization","name":"Afogados FM","url":"https:\/\/afogadosfm.com.br\/afogadosfm\/","logo":{"@type":"ImageObject","inLanguage":"pt-BR","@id":"https:\/\/afogadosfm.com.br\/afogadosfm\/#\/schema\/logo\/image\/","url":"https:\/\/i0.wp.com\/afogadosfm.com.br\/afogadosfm\/wp-content\/uploads\/2020\/06\/cropped-banner-afogados-4.jpg?fit=369%2C137&ssl=1","contentUrl":"https:\/\/i0.wp.com\/afogadosfm.com.br\/afogadosfm\/wp-content\/uploads\/2020\/06\/cropped-banner-afogados-4.jpg?fit=369%2C137&ssl=1","width":369,"height":137,"caption":"Afogados FM"},"image":{"@id":"https:\/\/afogadosfm.com.br\/afogadosfm\/#\/schema\/logo\/image\/"}},{"@type":"Person","@id":"https:\/\/afogadosfm.com.br\/afogadosfm\/#\/schema\/person\/60e56f2cf5dc960fc093fe093d9e9057","name":"afogadosfm","image":{"@type":"ImageObject","inLanguage":"pt-BR","@id":"https:\/\/secure.gravatar.com\/avatar\/e0359add7ed5dc3560906d861b52c6a8cf5c1e199d3a7dd85070998f49bd4701?s=96&d=mm&r=g","url":"https:\/\/secure.gravatar.com\/avatar\/e0359add7ed5dc3560906d861b52c6a8cf5c1e199d3a7dd85070998f49bd4701?s=96&d=mm&r=g","contentUrl":"https:\/\/secure.gravatar.com\/avatar\/e0359add7ed5dc3560906d861b52c6a8cf5c1e199d3a7dd85070998f49bd4701?s=96&d=mm&r=g","caption":"afogadosfm"},"url":"https:\/\/afogadosfm.com.br\/afogadosfm\/author\/afogadosfm\/"}]}},"jetpack_publicize_connections":[],"jetpack_featured_media_url":"https:\/\/i0.wp.com\/afogadosfm.com.br\/afogadosfm\/wp-content\/uploads\/2025\/09\/IMG_20250929_1751552.webp?fit=768%2C682&ssl=1","jetpack-related-posts":[],"jetpack_sharing_enabled":true,"jetpack_likes_enabled":true,"_links":{"self":[{"href":"https:\/\/afogadosfm.com.br\/afogadosfm\/wp-json\/wp\/v2\/posts\/69450","targetHints":{"allow":["GET"]}}],"collection":[{"href":"https:\/\/afogadosfm.com.br\/afogadosfm\/wp-json\/wp\/v2\/posts"}],"about":[{"href":"https:\/\/afogadosfm.com.br\/afogadosfm\/wp-json\/wp\/v2\/types\/post"}],"author":[{"embeddable":true,"href":"https:\/\/afogadosfm.com.br\/afogadosfm\/wp-json\/wp\/v2\/users\/2"}],"replies":[{"embeddable":true,"href":"https:\/\/afogadosfm.com.br\/afogadosfm\/wp-json\/wp\/v2\/comments?post=69450"}],"version-history":[{"count":1,"href":"https:\/\/afogadosfm.com.br\/afogadosfm\/wp-json\/wp\/v2\/posts\/69450\/revisions"}],"predecessor-version":[{"id":69452,"href":"https:\/\/afogadosfm.com.br\/afogadosfm\/wp-json\/wp\/v2\/posts\/69450\/revisions\/69452"}],"wp:featuredmedia":[{"embeddable":true,"href":"https:\/\/afogadosfm.com.br\/afogadosfm\/wp-json\/wp\/v2\/media\/69451"}],"wp:attachment":[{"href":"https:\/\/afogadosfm.com.br\/afogadosfm\/wp-json\/wp\/v2\/media?parent=69450"}],"wp:term":[{"taxonomy":"category","embeddable":true,"href":"https:\/\/afogadosfm.com.br\/afogadosfm\/wp-json\/wp\/v2\/categories?post=69450"},{"taxonomy":"post_tag","embeddable":true,"href":"https:\/\/afogadosfm.com.br\/afogadosfm\/wp-json\/wp\/v2\/tags?post=69450"}],"curies":[{"name":"wp","href":"https:\/\/api.w.org\/{rel}","templated":true}]}}