{"id":69453,"date":"2025-09-30T17:16:43","date_gmt":"2025-09-30T20:16:43","guid":{"rendered":"https:\/\/afogadosfm.com.br\/afogadosfm\/?p=69453"},"modified":"2025-09-30T17:16:45","modified_gmt":"2025-09-30T20:16:45","slug":"ao-lado-de-diretor-da-unifip-sandrinho-visita-obra-da-faculdade-de-medicina","status":"publish","type":"post","link":"https:\/\/afogadosfm.com.br\/afogadosfm\/2025\/09\/30\/ao-lado-de-diretor-da-unifip-sandrinho-visita-obra-da-faculdade-de-medicina\/","title":{"rendered":"Ao lado de Diretor da UNIFIP, Sandrinho visita obra da faculdade de medicina"},"content":{"rendered":"\n<p>O Prefeito de Afogados da Ingazeira, Alessandro Palmeira, recebeu na manh\u00e3 desta ter\u00e7a (30), a visita do diretor do centro de ci\u00eancias m\u00e9dicas do Sert\u00e3o, da UNIFIP, Miguel Toledo. Ele esteve acompanhado dos engenheiros civis Arnaldo Dantas e Ilana Andrade, e de Gild\u00eania Trigueiro, tamb\u00e9m do corpo dirigente da UNIFIP.<\/p>\n\n\n\n<p>Ao lado do Prefeito Alessandro Palmeira e do secret\u00e1rio municipal de sa\u00fade, Artur Amorim, eles visitaram as futuras instala\u00e7\u00f5es da faculdade que ir\u00e1 abrigar cursos de medicina, medicina veterin\u00e1ria, enfermagem e radiologia, dentre outros poss\u00edveis cursos. A ordem de servi\u00e7o para o in\u00edcio da obra foi assinada em maio de 2024, com previs\u00e3o de conclus\u00e3o da obra em dois anos, num investimento privado inicial de R$ 10 milh\u00f5es.<\/p>\n\n\n\n<p>\u201cEstou muito feliz em ver as coisas andando, e a perspectiva de ver a faculdade conclu\u00edda se aproximando. Mantenho aqui meu compromisso em conceder bolsas de estudos para estudantes carentes, para que possamos ver o filho do pobre estudando medicina numa faculdade de alto n\u00edvel como a UNIFIP,\u201d destacou o Prefeito Alessandro Palmeira.<\/p>\n\n\n\n<p>A instala\u00e7\u00e3o da faculdade, ao lado do polo moveleiro, vai criar um novo polo indutor de desenvolvimento em Afogados da Ingazeira, com a atra\u00e7\u00e3o de professores e estudantes de outras regi\u00f5es do Estado e at\u00e9 do Pa\u00eds, valorizando os im\u00f3veis na regi\u00e3o, e trazendo novos investimentos para diversos outros setores da nossa economia.<\/p>\n","protected":false},"excerpt":{"rendered":"<p>O Prefeito de Afogados da Ingazeira, Alessandro Palmeira, recebeu na manh\u00e3 desta ter\u00e7a (30), a visita do diretor do centro<\/p>\n","protected":false},"author":2,"featured_media":69454,"comment_status":"open","ping_status":"open","sticky":false,"template":"","format":"standard","meta":{"jetpack_post_was_ever_published":false,"_jetpack_newsletter_access":"","_jetpack_dont_email_post_to_subs":false,"_jetpack_newsletter_tier_id":0,"_jetpack_memberships_contains_paywalled_content":false,"_jetpack_memberships_contains_paid_content":false,"footnotes":"","jetpack_publicize_message":"","jetpack_publicize_feature_enabled":true,"jetpack_social_post_already_shared":true,"jetpack_social_options":{"image_generator_settings":{"template":"highway","default_image_id":0,"font":"","enabled":false},"version":2}},"categories":[14],"tags":[],"class_list":["post-69453","post","type-post","status-publish","format-standard","has-post-thumbnail","hentry","category-afogados-da-ingazeira"],"yoast_head":"<!-- This site is optimized with the Yoast SEO plugin v27.5 - https:\/\/yoast.com\/product\/yoast-seo-wordpress\/ -->\n<title>Ao lado de Diretor da UNIFIP, Sandrinho visita obra da faculdade de medicina - Afogados FM<\/title>\n<meta name=\"robots\" content=\"index, follow, max-snippet:-1, max-image-preview:large, max-video-preview:-1\" \/>\n<link rel=\"canonical\" href=\"https:\/\/afogadosfm.com.br\/afogadosfm\/2025\/09\/30\/ao-lado-de-diretor-da-unifip-sandrinho-visita-obra-da-faculdade-de-medicina\/\" \/>\n<meta property=\"og:locale\" content=\"pt_BR\" \/>\n<meta property=\"og:type\" content=\"article\" \/>\n<meta property=\"og:title\" content=\"Ao lado de Diretor da UNIFIP, Sandrinho visita obra da faculdade de medicina - Afogados FM\" \/>\n<meta property=\"og:description\" content=\"O Prefeito de Afogados da Ingazeira, Alessandro Palmeira, recebeu na manh\u00e3 desta ter\u00e7a (30), a visita do diretor do centro\" \/>\n<meta property=\"og:url\" content=\"https:\/\/afogadosfm.com.br\/afogadosfm\/2025\/09\/30\/ao-lado-de-diretor-da-unifip-sandrinho-visita-obra-da-faculdade-de-medicina\/\" \/>\n<meta property=\"og:site_name\" content=\"Afogados FM\" \/>\n<meta property=\"article:published_time\" content=\"2025-09-30T20:16:43+00:00\" \/>\n<meta property=\"article:modified_time\" content=\"2025-09-30T20:16:45+00:00\" \/>\n<meta property=\"og:image\" content=\"https:\/\/afogadosfm.com.br\/afogadosfm\/wp-content\/uploads\/2025\/09\/f5d95ab0-856e-43a2-bf55-e031f4f5c864.jpeg\" \/>\n\t<meta property=\"og:image:width\" content=\"1600\" \/>\n\t<meta property=\"og:image:height\" content=\"1200\" \/>\n\t<meta property=\"og:image:type\" content=\"image\/jpeg\" \/>\n<meta name=\"author\" content=\"afogadosfm\" \/>\n<meta name=\"twitter:card\" content=\"summary_large_image\" \/>\n<meta name=\"twitter:label1\" content=\"Escrito por\" \/>\n\t<meta name=\"twitter:data1\" content=\"afogadosfm\" \/>\n\t<meta name=\"twitter:label2\" content=\"Est. tempo de leitura\" \/>\n\t<meta name=\"twitter:data2\" content=\"2 minutos\" \/>\n<script type=\"application\/ld+json\" class=\"yoast-schema-graph\">{\"@context\":\"https:\\\/\\\/schema.org\",\"@graph\":[{\"@type\":\"Article\",\"@id\":\"https:\\\/\\\/afogadosfm.com.br\\\/afogadosfm\\\/2025\\\/09\\\/30\\\/ao-lado-de-diretor-da-unifip-sandrinho-visita-obra-da-faculdade-de-medicina\\\/#article\",\"isPartOf\":{\"@id\":\"https:\\\/\\\/afogadosfm.com.br\\\/afogadosfm\\\/2025\\\/09\\\/30\\\/ao-lado-de-diretor-da-unifip-sandrinho-visita-obra-da-faculdade-de-medicina\\\/\"},\"author\":{\"name\":\"afogadosfm\",\"@id\":\"https:\\\/\\\/afogadosfm.com.br\\\/afogadosfm\\\/#\\\/schema\\\/person\\\/60e56f2cf5dc960fc093fe093d9e9057\"},\"headline\":\"Ao lado de Diretor da UNIFIP, Sandrinho visita obra da faculdade de medicina\",\"datePublished\":\"2025-09-30T20:16:43+00:00\",\"dateModified\":\"2025-09-30T20:16:45+00:00\",\"mainEntityOfPage\":{\"@id\":\"https:\\\/\\\/afogadosfm.com.br\\\/afogadosfm\\\/2025\\\/09\\\/30\\\/ao-lado-de-diretor-da-unifip-sandrinho-visita-obra-da-faculdade-de-medicina\\\/\"},\"wordCount\":258,\"commentCount\":0,\"publisher\":{\"@id\":\"https:\\\/\\\/afogadosfm.com.br\\\/afogadosfm\\\/#organization\"},\"image\":{\"@id\":\"https:\\\/\\\/afogadosfm.com.br\\\/afogadosfm\\\/2025\\\/09\\\/30\\\/ao-lado-de-diretor-da-unifip-sandrinho-visita-obra-da-faculdade-de-medicina\\\/#primaryimage\"},\"thumbnailUrl\":\"https:\\\/\\\/i0.wp.com\\\/afogadosfm.com.br\\\/afogadosfm\\\/wp-content\\\/uploads\\\/2025\\\/09\\\/f5d95ab0-856e-43a2-bf55-e031f4f5c864.jpeg?fit=1600%2C1200&ssl=1\",\"articleSection\":[\"Afogados da Ingazeira\"],\"inLanguage\":\"pt-BR\",\"potentialAction\":[{\"@type\":\"CommentAction\",\"name\":\"Comment\",\"target\":[\"https:\\\/\\\/afogadosfm.com.br\\\/afogadosfm\\\/2025\\\/09\\\/30\\\/ao-lado-de-diretor-da-unifip-sandrinho-visita-obra-da-faculdade-de-medicina\\\/#respond\"]}]},{\"@type\":\"WebPage\",\"@id\":\"https:\\\/\\\/afogadosfm.com.br\\\/afogadosfm\\\/2025\\\/09\\\/30\\\/ao-lado-de-diretor-da-unifip-sandrinho-visita-obra-da-faculdade-de-medicina\\\/\",\"url\":\"https:\\\/\\\/afogadosfm.com.br\\\/afogadosfm\\\/2025\\\/09\\\/30\\\/ao-lado-de-diretor-da-unifip-sandrinho-visita-obra-da-faculdade-de-medicina\\\/\",\"name\":\"Ao lado de Diretor da UNIFIP, Sandrinho visita obra da faculdade de medicina - Afogados FM\",\"isPartOf\":{\"@id\":\"https:\\\/\\\/afogadosfm.com.br\\\/afogadosfm\\\/#website\"},\"primaryImageOfPage\":{\"@id\":\"https:\\\/\\\/afogadosfm.com.br\\\/afogadosfm\\\/2025\\\/09\\\/30\\\/ao-lado-de-diretor-da-unifip-sandrinho-visita-obra-da-faculdade-de-medicina\\\/#primaryimage\"},\"image\":{\"@id\":\"https:\\\/\\\/afogadosfm.com.br\\\/afogadosfm\\\/2025\\\/09\\\/30\\\/ao-lado-de-diretor-da-unifip-sandrinho-visita-obra-da-faculdade-de-medicina\\\/#primaryimage\"},\"thumbnailUrl\":\"https:\\\/\\\/i0.wp.com\\\/afogadosfm.com.br\\\/afogadosfm\\\/wp-content\\\/uploads\\\/2025\\\/09\\\/f5d95ab0-856e-43a2-bf55-e031f4f5c864.jpeg?fit=1600%2C1200&ssl=1\",\"datePublished\":\"2025-09-30T20:16:43+00:00\",\"dateModified\":\"2025-09-30T20:16:45+00:00\",\"breadcrumb\":{\"@id\":\"https:\\\/\\\/afogadosfm.com.br\\\/afogadosfm\\\/2025\\\/09\\\/30\\\/ao-lado-de-diretor-da-unifip-sandrinho-visita-obra-da-faculdade-de-medicina\\\/#breadcrumb\"},\"inLanguage\":\"pt-BR\",\"potentialAction\":[{\"@type\":\"ReadAction\",\"target\":[\"https:\\\/\\\/afogadosfm.com.br\\\/afogadosfm\\\/2025\\\/09\\\/30\\\/ao-lado-de-diretor-da-unifip-sandrinho-visita-obra-da-faculdade-de-medicina\\\/\"]}]},{\"@type\":\"ImageObject\",\"inLanguage\":\"pt-BR\",\"@id\":\"https:\\\/\\\/afogadosfm.com.br\\\/afogadosfm\\\/2025\\\/09\\\/30\\\/ao-lado-de-diretor-da-unifip-sandrinho-visita-obra-da-faculdade-de-medicina\\\/#primaryimage\",\"url\":\"https:\\\/\\\/i0.wp.com\\\/afogadosfm.com.br\\\/afogadosfm\\\/wp-content\\\/uploads\\\/2025\\\/09\\\/f5d95ab0-856e-43a2-bf55-e031f4f5c864.jpeg?fit=1600%2C1200&ssl=1\",\"contentUrl\":\"https:\\\/\\\/i0.wp.com\\\/afogadosfm.com.br\\\/afogadosfm\\\/wp-content\\\/uploads\\\/2025\\\/09\\\/f5d95ab0-856e-43a2-bf55-e031f4f5c864.jpeg?fit=1600%2C1200&ssl=1\",\"width\":1600,\"height\":1200},{\"@type\":\"BreadcrumbList\",\"@id\":\"https:\\\/\\\/afogadosfm.com.br\\\/afogadosfm\\\/2025\\\/09\\\/30\\\/ao-lado-de-diretor-da-unifip-sandrinho-visita-obra-da-faculdade-de-medicina\\\/#breadcrumb\",\"itemListElement\":[{\"@type\":\"ListItem\",\"position\":1,\"name\":\"In\u00edcio\",\"item\":\"https:\\\/\\\/afogadosfm.com.br\\\/afogadosfm\\\/\"},{\"@type\":\"ListItem\",\"position\":2,\"name\":\"Ao lado de Diretor da UNIFIP, Sandrinho visita obra da faculdade de medicina\"}]},{\"@type\":\"WebSite\",\"@id\":\"https:\\\/\\\/afogadosfm.com.br\\\/afogadosfm\\\/#website\",\"url\":\"https:\\\/\\\/afogadosfm.com.br\\\/afogadosfm\\\/\",\"name\":\"Afogados FM\",\"description\":\"Um site completo!\",\"publisher\":{\"@id\":\"https:\\\/\\\/afogadosfm.com.br\\\/afogadosfm\\\/#organization\"},\"potentialAction\":[{\"@type\":\"SearchAction\",\"target\":{\"@type\":\"EntryPoint\",\"urlTemplate\":\"https:\\\/\\\/afogadosfm.com.br\\\/afogadosfm\\\/?s={search_term_string}\"},\"query-input\":{\"@type\":\"PropertyValueSpecification\",\"valueRequired\":true,\"valueName\":\"search_term_string\"}}],\"inLanguage\":\"pt-BR\"},{\"@type\":\"Organization\",\"@id\":\"https:\\\/\\\/afogadosfm.com.br\\\/afogadosfm\\\/#organization\",\"name\":\"Afogados FM\",\"url\":\"https:\\\/\\\/afogadosfm.com.br\\\/afogadosfm\\\/\",\"logo\":{\"@type\":\"ImageObject\",\"inLanguage\":\"pt-BR\",\"@id\":\"https:\\\/\\\/afogadosfm.com.br\\\/afogadosfm\\\/#\\\/schema\\\/logo\\\/image\\\/\",\"url\":\"https:\\\/\\\/i0.wp.com\\\/afogadosfm.com.br\\\/afogadosfm\\\/wp-content\\\/uploads\\\/2020\\\/06\\\/cropped-banner-afogados-4.jpg?fit=369%2C137&ssl=1\",\"contentUrl\":\"https:\\\/\\\/i0.wp.com\\\/afogadosfm.com.br\\\/afogadosfm\\\/wp-content\\\/uploads\\\/2020\\\/06\\\/cropped-banner-afogados-4.jpg?fit=369%2C137&ssl=1\",\"width\":369,\"height\":137,\"caption\":\"Afogados FM\"},\"image\":{\"@id\":\"https:\\\/\\\/afogadosfm.com.br\\\/afogadosfm\\\/#\\\/schema\\\/logo\\\/image\\\/\"}},{\"@type\":\"Person\",\"@id\":\"https:\\\/\\\/afogadosfm.com.br\\\/afogadosfm\\\/#\\\/schema\\\/person\\\/60e56f2cf5dc960fc093fe093d9e9057\",\"name\":\"afogadosfm\",\"image\":{\"@type\":\"ImageObject\",\"inLanguage\":\"pt-BR\",\"@id\":\"https:\\\/\\\/secure.gravatar.com\\\/avatar\\\/e0359add7ed5dc3560906d861b52c6a8cf5c1e199d3a7dd85070998f49bd4701?s=96&d=mm&r=g\",\"url\":\"https:\\\/\\\/secure.gravatar.com\\\/avatar\\\/e0359add7ed5dc3560906d861b52c6a8cf5c1e199d3a7dd85070998f49bd4701?s=96&d=mm&r=g\",\"contentUrl\":\"https:\\\/\\\/secure.gravatar.com\\\/avatar\\\/e0359add7ed5dc3560906d861b52c6a8cf5c1e199d3a7dd85070998f49bd4701?s=96&d=mm&r=g\",\"caption\":\"afogadosfm\"},\"url\":\"https:\\\/\\\/afogadosfm.com.br\\\/afogadosfm\\\/author\\\/afogadosfm\\\/\"}]}<\/script>\n<!-- \/ Yoast SEO plugin. -->","yoast_head_json":{"title":"Ao lado de Diretor da UNIFIP, Sandrinho visita obra da faculdade de medicina - Afogados FM","robots":{"index":"index","follow":"follow","max-snippet":"max-snippet:-1","max-image-preview":"max-image-preview:large","max-video-preview":"max-video-preview:-1"},"canonical":"https:\/\/afogadosfm.com.br\/afogadosfm\/2025\/09\/30\/ao-lado-de-diretor-da-unifip-sandrinho-visita-obra-da-faculdade-de-medicina\/","og_locale":"pt_BR","og_type":"article","og_title":"Ao lado de Diretor da UNIFIP, Sandrinho visita obra da faculdade de medicina - Afogados FM","og_description":"O Prefeito de Afogados da Ingazeira, Alessandro Palmeira, recebeu na manh\u00e3 desta ter\u00e7a (30), a visita do diretor do centro","og_url":"https:\/\/afogadosfm.com.br\/afogadosfm\/2025\/09\/30\/ao-lado-de-diretor-da-unifip-sandrinho-visita-obra-da-faculdade-de-medicina\/","og_site_name":"Afogados FM","article_published_time":"2025-09-30T20:16:43+00:00","article_modified_time":"2025-09-30T20:16:45+00:00","og_image":[{"width":1600,"height":1200,"url":"https:\/\/afogadosfm.com.br\/afogadosfm\/wp-content\/uploads\/2025\/09\/f5d95ab0-856e-43a2-bf55-e031f4f5c864.jpeg","type":"image\/jpeg"}],"author":"afogadosfm","twitter_card":"summary_large_image","twitter_misc":{"Escrito por":"afogadosfm","Est. tempo de leitura":"2 minutos"},"schema":{"@context":"https:\/\/schema.org","@graph":[{"@type":"Article","@id":"https:\/\/afogadosfm.com.br\/afogadosfm\/2025\/09\/30\/ao-lado-de-diretor-da-unifip-sandrinho-visita-obra-da-faculdade-de-medicina\/#article","isPartOf":{"@id":"https:\/\/afogadosfm.com.br\/afogadosfm\/2025\/09\/30\/ao-lado-de-diretor-da-unifip-sandrinho-visita-obra-da-faculdade-de-medicina\/"},"author":{"name":"afogadosfm","@id":"https:\/\/afogadosfm.com.br\/afogadosfm\/#\/schema\/person\/60e56f2cf5dc960fc093fe093d9e9057"},"headline":"Ao lado de Diretor da UNIFIP, Sandrinho visita obra da faculdade de medicina","datePublished":"2025-09-30T20:16:43+00:00","dateModified":"2025-09-30T20:16:45+00:00","mainEntityOfPage":{"@id":"https:\/\/afogadosfm.com.br\/afogadosfm\/2025\/09\/30\/ao-lado-de-diretor-da-unifip-sandrinho-visita-obra-da-faculdade-de-medicina\/"},"wordCount":258,"commentCount":0,"publisher":{"@id":"https:\/\/afogadosfm.com.br\/afogadosfm\/#organization"},"image":{"@id":"https:\/\/afogadosfm.com.br\/afogadosfm\/2025\/09\/30\/ao-lado-de-diretor-da-unifip-sandrinho-visita-obra-da-faculdade-de-medicina\/#primaryimage"},"thumbnailUrl":"https:\/\/i0.wp.com\/afogadosfm.com.br\/afogadosfm\/wp-content\/uploads\/2025\/09\/f5d95ab0-856e-43a2-bf55-e031f4f5c864.jpeg?fit=1600%2C1200&ssl=1","articleSection":["Afogados da Ingazeira"],"inLanguage":"pt-BR","potentialAction":[{"@type":"CommentAction","name":"Comment","target":["https:\/\/afogadosfm.com.br\/afogadosfm\/2025\/09\/30\/ao-lado-de-diretor-da-unifip-sandrinho-visita-obra-da-faculdade-de-medicina\/#respond"]}]},{"@type":"WebPage","@id":"https:\/\/afogadosfm.com.br\/afogadosfm\/2025\/09\/30\/ao-lado-de-diretor-da-unifip-sandrinho-visita-obra-da-faculdade-de-medicina\/","url":"https:\/\/afogadosfm.com.br\/afogadosfm\/2025\/09\/30\/ao-lado-de-diretor-da-unifip-sandrinho-visita-obra-da-faculdade-de-medicina\/","name":"Ao lado de Diretor da UNIFIP, Sandrinho visita obra da faculdade de medicina - Afogados FM","isPartOf":{"@id":"https:\/\/afogadosfm.com.br\/afogadosfm\/#website"},"primaryImageOfPage":{"@id":"https:\/\/afogadosfm.com.br\/afogadosfm\/2025\/09\/30\/ao-lado-de-diretor-da-unifip-sandrinho-visita-obra-da-faculdade-de-medicina\/#primaryimage"},"image":{"@id":"https:\/\/afogadosfm.com.br\/afogadosfm\/2025\/09\/30\/ao-lado-de-diretor-da-unifip-sandrinho-visita-obra-da-faculdade-de-medicina\/#primaryimage"},"thumbnailUrl":"https:\/\/i0.wp.com\/afogadosfm.com.br\/afogadosfm\/wp-content\/uploads\/2025\/09\/f5d95ab0-856e-43a2-bf55-e031f4f5c864.jpeg?fit=1600%2C1200&ssl=1","datePublished":"2025-09-30T20:16:43+00:00","dateModified":"2025-09-30T20:16:45+00:00","breadcrumb":{"@id":"https:\/\/afogadosfm.com.br\/afogadosfm\/2025\/09\/30\/ao-lado-de-diretor-da-unifip-sandrinho-visita-obra-da-faculdade-de-medicina\/#breadcrumb"},"inLanguage":"pt-BR","potentialAction":[{"@type":"ReadAction","target":["https:\/\/afogadosfm.com.br\/afogadosfm\/2025\/09\/30\/ao-lado-de-diretor-da-unifip-sandrinho-visita-obra-da-faculdade-de-medicina\/"]}]},{"@type":"ImageObject","inLanguage":"pt-BR","@id":"https:\/\/afogadosfm.com.br\/afogadosfm\/2025\/09\/30\/ao-lado-de-diretor-da-unifip-sandrinho-visita-obra-da-faculdade-de-medicina\/#primaryimage","url":"https:\/\/i0.wp.com\/afogadosfm.com.br\/afogadosfm\/wp-content\/uploads\/2025\/09\/f5d95ab0-856e-43a2-bf55-e031f4f5c864.jpeg?fit=1600%2C1200&ssl=1","contentUrl":"https:\/\/i0.wp.com\/afogadosfm.com.br\/afogadosfm\/wp-content\/uploads\/2025\/09\/f5d95ab0-856e-43a2-bf55-e031f4f5c864.jpeg?fit=1600%2C1200&ssl=1","width":1600,"height":1200},{"@type":"BreadcrumbList","@id":"https:\/\/afogadosfm.com.br\/afogadosfm\/2025\/09\/30\/ao-lado-de-diretor-da-unifip-sandrinho-visita-obra-da-faculdade-de-medicina\/#breadcrumb","itemListElement":[{"@type":"ListItem","position":1,"name":"In\u00edcio","item":"https:\/\/afogadosfm.com.br\/afogadosfm\/"},{"@type":"ListItem","position":2,"name":"Ao lado de Diretor da UNIFIP, Sandrinho visita obra da faculdade de medicina"}]},{"@type":"WebSite","@id":"https:\/\/afogadosfm.com.br\/afogadosfm\/#website","url":"https:\/\/afogadosfm.com.br\/afogadosfm\/","name":"Afogados FM","description":"Um site completo!","publisher":{"@id":"https:\/\/afogadosfm.com.br\/afogadosfm\/#organization"},"potentialAction":[{"@type":"SearchAction","target":{"@type":"EntryPoint","urlTemplate":"https:\/\/afogadosfm.com.br\/afogadosfm\/?s={search_term_string}"},"query-input":{"@type":"PropertyValueSpecification","valueRequired":true,"valueName":"search_term_string"}}],"inLanguage":"pt-BR"},{"@type":"Organization","@id":"https:\/\/afogadosfm.com.br\/afogadosfm\/#organization","name":"Afogados FM","url":"https:\/\/afogadosfm.com.br\/afogadosfm\/","logo":{"@type":"ImageObject","inLanguage":"pt-BR","@id":"https:\/\/afogadosfm.com.br\/afogadosfm\/#\/schema\/logo\/image\/","url":"https:\/\/i0.wp.com\/afogadosfm.com.br\/afogadosfm\/wp-content\/uploads\/2020\/06\/cropped-banner-afogados-4.jpg?fit=369%2C137&ssl=1","contentUrl":"https:\/\/i0.wp.com\/afogadosfm.com.br\/afogadosfm\/wp-content\/uploads\/2020\/06\/cropped-banner-afogados-4.jpg?fit=369%2C137&ssl=1","width":369,"height":137,"caption":"Afogados FM"},"image":{"@id":"https:\/\/afogadosfm.com.br\/afogadosfm\/#\/schema\/logo\/image\/"}},{"@type":"Person","@id":"https:\/\/afogadosfm.com.br\/afogadosfm\/#\/schema\/person\/60e56f2cf5dc960fc093fe093d9e9057","name":"afogadosfm","image":{"@type":"ImageObject","inLanguage":"pt-BR","@id":"https:\/\/secure.gravatar.com\/avatar\/e0359add7ed5dc3560906d861b52c6a8cf5c1e199d3a7dd85070998f49bd4701?s=96&d=mm&r=g","url":"https:\/\/secure.gravatar.com\/avatar\/e0359add7ed5dc3560906d861b52c6a8cf5c1e199d3a7dd85070998f49bd4701?s=96&d=mm&r=g","contentUrl":"https:\/\/secure.gravatar.com\/avatar\/e0359add7ed5dc3560906d861b52c6a8cf5c1e199d3a7dd85070998f49bd4701?s=96&d=mm&r=g","caption":"afogadosfm"},"url":"https:\/\/afogadosfm.com.br\/afogadosfm\/author\/afogadosfm\/"}]}},"jetpack_publicize_connections":[],"jetpack_featured_media_url":"https:\/\/i0.wp.com\/afogadosfm.com.br\/afogadosfm\/wp-content\/uploads\/2025\/09\/f5d95ab0-856e-43a2-bf55-e031f4f5c864.jpeg?fit=1600%2C1200&ssl=1","jetpack-related-posts":[],"jetpack_sharing_enabled":true,"jetpack_likes_enabled":true,"_links":{"self":[{"href":"https:\/\/afogadosfm.com.br\/afogadosfm\/wp-json\/wp\/v2\/posts\/69453","targetHints":{"allow":["GET"]}}],"collection":[{"href":"https:\/\/afogadosfm.com.br\/afogadosfm\/wp-json\/wp\/v2\/posts"}],"about":[{"href":"https:\/\/afogadosfm.com.br\/afogadosfm\/wp-json\/wp\/v2\/types\/post"}],"author":[{"embeddable":true,"href":"https:\/\/afogadosfm.com.br\/afogadosfm\/wp-json\/wp\/v2\/users\/2"}],"replies":[{"embeddable":true,"href":"https:\/\/afogadosfm.com.br\/afogadosfm\/wp-json\/wp\/v2\/comments?post=69453"}],"version-history":[{"count":1,"href":"https:\/\/afogadosfm.com.br\/afogadosfm\/wp-json\/wp\/v2\/posts\/69453\/revisions"}],"predecessor-version":[{"id":69455,"href":"https:\/\/afogadosfm.com.br\/afogadosfm\/wp-json\/wp\/v2\/posts\/69453\/revisions\/69455"}],"wp:featuredmedia":[{"embeddable":true,"href":"https:\/\/afogadosfm.com.br\/afogadosfm\/wp-json\/wp\/v2\/media\/69454"}],"wp:attachment":[{"href":"https:\/\/afogadosfm.com.br\/afogadosfm\/wp-json\/wp\/v2\/media?parent=69453"}],"wp:term":[{"taxonomy":"category","embeddable":true,"href":"https:\/\/afogadosfm.com.br\/afogadosfm\/wp-json\/wp\/v2\/categories?post=69453"},{"taxonomy":"post_tag","embeddable":true,"href":"https:\/\/afogadosfm.com.br\/afogadosfm\/wp-json\/wp\/v2\/tags?post=69453"}],"curies":[{"name":"wp","href":"https:\/\/api.w.org\/{rel}","templated":true}]}}