{"id":69456,"date":"2025-09-30T17:22:05","date_gmt":"2025-09-30T20:22:05","guid":{"rendered":"https:\/\/afogadosfm.com.br\/afogadosfm\/?p=69456"},"modified":"2025-09-30T17:22:06","modified_gmt":"2025-09-30T20:22:06","slug":"prefeitura-de-iguaracy-divulga-calendario-de-pagamento-dos-servidores-municipais","status":"publish","type":"post","link":"https:\/\/afogadosfm.com.br\/afogadosfm\/2025\/09\/30\/prefeitura-de-iguaracy-divulga-calendario-de-pagamento-dos-servidores-municipais\/","title":{"rendered":"Prefeitura de Iguaracy divulga calend\u00e1rio de pagamento dos servidores municipais"},"content":{"rendered":"\n<p>A Prefeitura de Iguaracy, por meio da Secretaria Municipal de Finan\u00e7as, informou nesta ter\u00e7a (30) o calend\u00e1rio oficial de pagamento dos servidores municipais referente ao m\u00eas de setembro.<\/p>\n\n\n\n<p>De acordo com a secret\u00e1ria de Finan\u00e7as, Helena Alves, o pagamento dos servidores ativos ser\u00e1 efetuado ainda nesta ter\u00e7a, dia 30 de setembro. J\u00e1 os servidores inativos (aposentados e pensionistas) ter\u00e3o seus vencimentos depositados nesta quarta, 1\u00ba de outubro.<\/p>\n\n\n\n<p>A gest\u00e3o municipal segue mantendo o compromisso com a pontualidade e valoriza\u00e7\u00e3o dos servidores, garantindo que os sal\u00e1rios sejam pagos dentro do prazo estabelecido, contribuindo para o equil\u00edbrio financeiro das fam\u00edlias e o fortalecimento da economia local.<\/p>\n\n\n\n<p>\u201cA organiza\u00e7\u00e3o e responsabilidade da gest\u00e3o financeira t\u00eam permitido que o munic\u00edpio mantenha o pagamento em dia. Essa \u00e9 uma prioridade do prefeito Dr. Pedro Alves\u201d, destacou Helena Alves.<\/p>\n\n\n\n<p>A Prefeitura refor\u00e7a seu compromisso com a transpar\u00eancia e responsabilidade fiscal, promovendo a\u00e7\u00f5es que garantem o respeito aos servidores p\u00fablicos e o bom funcionamento da m\u00e1quina administrativa.<\/p>\n","protected":false},"excerpt":{"rendered":"<p>A Prefeitura de Iguaracy, por meio da Secretaria Municipal de Finan\u00e7as, informou nesta ter\u00e7a (30) o calend\u00e1rio oficial de pagamento<\/p>\n","protected":false},"author":2,"featured_media":66628,"comment_status":"open","ping_status":"open","sticky":false,"template":"","format":"standard","meta":{"jetpack_post_was_ever_published":false,"_jetpack_newsletter_access":"","_jetpack_dont_email_post_to_subs":false,"_jetpack_newsletter_tier_id":0,"_jetpack_memberships_contains_paywalled_content":false,"_jetpack_memberships_contains_paid_content":false,"footnotes":"","jetpack_publicize_message":"","jetpack_publicize_feature_enabled":true,"jetpack_social_post_already_shared":true,"jetpack_social_options":{"image_generator_settings":{"template":"highway","default_image_id":0,"font":"","enabled":false},"version":2}},"categories":[32],"tags":[],"class_list":["post-69456","post","type-post","status-publish","format-standard","has-post-thumbnail","hentry","category-sertao"],"yoast_head":"<!-- This site is optimized with the Yoast SEO plugin v27.5 - https:\/\/yoast.com\/product\/yoast-seo-wordpress\/ -->\n<title>Prefeitura de Iguaracy divulga calend\u00e1rio de pagamento dos servidores municipais - Afogados FM<\/title>\n<meta name=\"robots\" content=\"index, follow, max-snippet:-1, max-image-preview:large, max-video-preview:-1\" \/>\n<link rel=\"canonical\" href=\"https:\/\/afogadosfm.com.br\/afogadosfm\/2025\/09\/30\/prefeitura-de-iguaracy-divulga-calendario-de-pagamento-dos-servidores-municipais\/\" \/>\n<meta property=\"og:locale\" content=\"pt_BR\" \/>\n<meta property=\"og:type\" content=\"article\" \/>\n<meta property=\"og:title\" content=\"Prefeitura de Iguaracy divulga calend\u00e1rio de pagamento dos servidores municipais - Afogados FM\" \/>\n<meta property=\"og:description\" content=\"A Prefeitura de Iguaracy, por meio da Secretaria Municipal de Finan\u00e7as, informou nesta ter\u00e7a (30) o calend\u00e1rio oficial de pagamento\" \/>\n<meta property=\"og:url\" content=\"https:\/\/afogadosfm.com.br\/afogadosfm\/2025\/09\/30\/prefeitura-de-iguaracy-divulga-calendario-de-pagamento-dos-servidores-municipais\/\" \/>\n<meta property=\"og:site_name\" content=\"Afogados FM\" \/>\n<meta property=\"article:published_time\" content=\"2025-09-30T20:22:05+00:00\" \/>\n<meta property=\"article:modified_time\" content=\"2025-09-30T20:22:06+00:00\" \/>\n<meta property=\"og:image\" content=\"https:\/\/afogadosfm.com.br\/afogadosfm\/wp-content\/uploads\/2025\/06\/real-1.jpeg\" \/>\n\t<meta property=\"og:image:width\" content=\"474\" \/>\n\t<meta property=\"og:image:height\" content=\"315\" \/>\n\t<meta property=\"og:image:type\" content=\"image\/jpeg\" \/>\n<meta name=\"author\" content=\"afogadosfm\" \/>\n<meta name=\"twitter:card\" content=\"summary_large_image\" \/>\n<meta name=\"twitter:label1\" content=\"Escrito por\" \/>\n\t<meta name=\"twitter:data1\" content=\"afogadosfm\" \/>\n\t<meta name=\"twitter:label2\" content=\"Est. tempo de leitura\" \/>\n\t<meta name=\"twitter:data2\" content=\"2 minutos\" \/>\n<script type=\"application\/ld+json\" class=\"yoast-schema-graph\">{\"@context\":\"https:\\\/\\\/schema.org\",\"@graph\":[{\"@type\":\"Article\",\"@id\":\"https:\\\/\\\/afogadosfm.com.br\\\/afogadosfm\\\/2025\\\/09\\\/30\\\/prefeitura-de-iguaracy-divulga-calendario-de-pagamento-dos-servidores-municipais\\\/#article\",\"isPartOf\":{\"@id\":\"https:\\\/\\\/afogadosfm.com.br\\\/afogadosfm\\\/2025\\\/09\\\/30\\\/prefeitura-de-iguaracy-divulga-calendario-de-pagamento-dos-servidores-municipais\\\/\"},\"author\":{\"name\":\"afogadosfm\",\"@id\":\"https:\\\/\\\/afogadosfm.com.br\\\/afogadosfm\\\/#\\\/schema\\\/person\\\/60e56f2cf5dc960fc093fe093d9e9057\"},\"headline\":\"Prefeitura de Iguaracy divulga calend\u00e1rio de pagamento dos servidores municipais\",\"datePublished\":\"2025-09-30T20:22:05+00:00\",\"dateModified\":\"2025-09-30T20:22:06+00:00\",\"mainEntityOfPage\":{\"@id\":\"https:\\\/\\\/afogadosfm.com.br\\\/afogadosfm\\\/2025\\\/09\\\/30\\\/prefeitura-de-iguaracy-divulga-calendario-de-pagamento-dos-servidores-municipais\\\/\"},\"wordCount\":189,\"commentCount\":0,\"publisher\":{\"@id\":\"https:\\\/\\\/afogadosfm.com.br\\\/afogadosfm\\\/#organization\"},\"image\":{\"@id\":\"https:\\\/\\\/afogadosfm.com.br\\\/afogadosfm\\\/2025\\\/09\\\/30\\\/prefeitura-de-iguaracy-divulga-calendario-de-pagamento-dos-servidores-municipais\\\/#primaryimage\"},\"thumbnailUrl\":\"https:\\\/\\\/i0.wp.com\\\/afogadosfm.com.br\\\/afogadosfm\\\/wp-content\\\/uploads\\\/2025\\\/06\\\/real-1.jpeg?fit=474%2C315&ssl=1\",\"articleSection\":[\"Sert\u00e3o\"],\"inLanguage\":\"pt-BR\",\"potentialAction\":[{\"@type\":\"CommentAction\",\"name\":\"Comment\",\"target\":[\"https:\\\/\\\/afogadosfm.com.br\\\/afogadosfm\\\/2025\\\/09\\\/30\\\/prefeitura-de-iguaracy-divulga-calendario-de-pagamento-dos-servidores-municipais\\\/#respond\"]}]},{\"@type\":\"WebPage\",\"@id\":\"https:\\\/\\\/afogadosfm.com.br\\\/afogadosfm\\\/2025\\\/09\\\/30\\\/prefeitura-de-iguaracy-divulga-calendario-de-pagamento-dos-servidores-municipais\\\/\",\"url\":\"https:\\\/\\\/afogadosfm.com.br\\\/afogadosfm\\\/2025\\\/09\\\/30\\\/prefeitura-de-iguaracy-divulga-calendario-de-pagamento-dos-servidores-municipais\\\/\",\"name\":\"Prefeitura de Iguaracy divulga calend\u00e1rio de pagamento dos servidores municipais - Afogados FM\",\"isPartOf\":{\"@id\":\"https:\\\/\\\/afogadosfm.com.br\\\/afogadosfm\\\/#website\"},\"primaryImageOfPage\":{\"@id\":\"https:\\\/\\\/afogadosfm.com.br\\\/afogadosfm\\\/2025\\\/09\\\/30\\\/prefeitura-de-iguaracy-divulga-calendario-de-pagamento-dos-servidores-municipais\\\/#primaryimage\"},\"image\":{\"@id\":\"https:\\\/\\\/afogadosfm.com.br\\\/afogadosfm\\\/2025\\\/09\\\/30\\\/prefeitura-de-iguaracy-divulga-calendario-de-pagamento-dos-servidores-municipais\\\/#primaryimage\"},\"thumbnailUrl\":\"https:\\\/\\\/i0.wp.com\\\/afogadosfm.com.br\\\/afogadosfm\\\/wp-content\\\/uploads\\\/2025\\\/06\\\/real-1.jpeg?fit=474%2C315&ssl=1\",\"datePublished\":\"2025-09-30T20:22:05+00:00\",\"dateModified\":\"2025-09-30T20:22:06+00:00\",\"breadcrumb\":{\"@id\":\"https:\\\/\\\/afogadosfm.com.br\\\/afogadosfm\\\/2025\\\/09\\\/30\\\/prefeitura-de-iguaracy-divulga-calendario-de-pagamento-dos-servidores-municipais\\\/#breadcrumb\"},\"inLanguage\":\"pt-BR\",\"potentialAction\":[{\"@type\":\"ReadAction\",\"target\":[\"https:\\\/\\\/afogadosfm.com.br\\\/afogadosfm\\\/2025\\\/09\\\/30\\\/prefeitura-de-iguaracy-divulga-calendario-de-pagamento-dos-servidores-municipais\\\/\"]}]},{\"@type\":\"ImageObject\",\"inLanguage\":\"pt-BR\",\"@id\":\"https:\\\/\\\/afogadosfm.com.br\\\/afogadosfm\\\/2025\\\/09\\\/30\\\/prefeitura-de-iguaracy-divulga-calendario-de-pagamento-dos-servidores-municipais\\\/#primaryimage\",\"url\":\"https:\\\/\\\/i0.wp.com\\\/afogadosfm.com.br\\\/afogadosfm\\\/wp-content\\\/uploads\\\/2025\\\/06\\\/real-1.jpeg?fit=474%2C315&ssl=1\",\"contentUrl\":\"https:\\\/\\\/i0.wp.com\\\/afogadosfm.com.br\\\/afogadosfm\\\/wp-content\\\/uploads\\\/2025\\\/06\\\/real-1.jpeg?fit=474%2C315&ssl=1\",\"width\":474,\"height\":315},{\"@type\":\"BreadcrumbList\",\"@id\":\"https:\\\/\\\/afogadosfm.com.br\\\/afogadosfm\\\/2025\\\/09\\\/30\\\/prefeitura-de-iguaracy-divulga-calendario-de-pagamento-dos-servidores-municipais\\\/#breadcrumb\",\"itemListElement\":[{\"@type\":\"ListItem\",\"position\":1,\"name\":\"In\u00edcio\",\"item\":\"https:\\\/\\\/afogadosfm.com.br\\\/afogadosfm\\\/\"},{\"@type\":\"ListItem\",\"position\":2,\"name\":\"Prefeitura de Iguaracy divulga calend\u00e1rio de pagamento dos servidores municipais\"}]},{\"@type\":\"WebSite\",\"@id\":\"https:\\\/\\\/afogadosfm.com.br\\\/afogadosfm\\\/#website\",\"url\":\"https:\\\/\\\/afogadosfm.com.br\\\/afogadosfm\\\/\",\"name\":\"Afogados FM\",\"description\":\"Um site completo!\",\"publisher\":{\"@id\":\"https:\\\/\\\/afogadosfm.com.br\\\/afogadosfm\\\/#organization\"},\"potentialAction\":[{\"@type\":\"SearchAction\",\"target\":{\"@type\":\"EntryPoint\",\"urlTemplate\":\"https:\\\/\\\/afogadosfm.com.br\\\/afogadosfm\\\/?s={search_term_string}\"},\"query-input\":{\"@type\":\"PropertyValueSpecification\",\"valueRequired\":true,\"valueName\":\"search_term_string\"}}],\"inLanguage\":\"pt-BR\"},{\"@type\":\"Organization\",\"@id\":\"https:\\\/\\\/afogadosfm.com.br\\\/afogadosfm\\\/#organization\",\"name\":\"Afogados FM\",\"url\":\"https:\\\/\\\/afogadosfm.com.br\\\/afogadosfm\\\/\",\"logo\":{\"@type\":\"ImageObject\",\"inLanguage\":\"pt-BR\",\"@id\":\"https:\\\/\\\/afogadosfm.com.br\\\/afogadosfm\\\/#\\\/schema\\\/logo\\\/image\\\/\",\"url\":\"https:\\\/\\\/i0.wp.com\\\/afogadosfm.com.br\\\/afogadosfm\\\/wp-content\\\/uploads\\\/2020\\\/06\\\/cropped-banner-afogados-4.jpg?fit=369%2C137&ssl=1\",\"contentUrl\":\"https:\\\/\\\/i0.wp.com\\\/afogadosfm.com.br\\\/afogadosfm\\\/wp-content\\\/uploads\\\/2020\\\/06\\\/cropped-banner-afogados-4.jpg?fit=369%2C137&ssl=1\",\"width\":369,\"height\":137,\"caption\":\"Afogados FM\"},\"image\":{\"@id\":\"https:\\\/\\\/afogadosfm.com.br\\\/afogadosfm\\\/#\\\/schema\\\/logo\\\/image\\\/\"}},{\"@type\":\"Person\",\"@id\":\"https:\\\/\\\/afogadosfm.com.br\\\/afogadosfm\\\/#\\\/schema\\\/person\\\/60e56f2cf5dc960fc093fe093d9e9057\",\"name\":\"afogadosfm\",\"image\":{\"@type\":\"ImageObject\",\"inLanguage\":\"pt-BR\",\"@id\":\"https:\\\/\\\/secure.gravatar.com\\\/avatar\\\/e0359add7ed5dc3560906d861b52c6a8cf5c1e199d3a7dd85070998f49bd4701?s=96&d=mm&r=g\",\"url\":\"https:\\\/\\\/secure.gravatar.com\\\/avatar\\\/e0359add7ed5dc3560906d861b52c6a8cf5c1e199d3a7dd85070998f49bd4701?s=96&d=mm&r=g\",\"contentUrl\":\"https:\\\/\\\/secure.gravatar.com\\\/avatar\\\/e0359add7ed5dc3560906d861b52c6a8cf5c1e199d3a7dd85070998f49bd4701?s=96&d=mm&r=g\",\"caption\":\"afogadosfm\"},\"url\":\"https:\\\/\\\/afogadosfm.com.br\\\/afogadosfm\\\/author\\\/afogadosfm\\\/\"}]}<\/script>\n<!-- \/ Yoast SEO plugin. -->","yoast_head_json":{"title":"Prefeitura de Iguaracy divulga calend\u00e1rio de pagamento dos servidores municipais - Afogados FM","robots":{"index":"index","follow":"follow","max-snippet":"max-snippet:-1","max-image-preview":"max-image-preview:large","max-video-preview":"max-video-preview:-1"},"canonical":"https:\/\/afogadosfm.com.br\/afogadosfm\/2025\/09\/30\/prefeitura-de-iguaracy-divulga-calendario-de-pagamento-dos-servidores-municipais\/","og_locale":"pt_BR","og_type":"article","og_title":"Prefeitura de Iguaracy divulga calend\u00e1rio de pagamento dos servidores municipais - Afogados FM","og_description":"A Prefeitura de Iguaracy, por meio da Secretaria Municipal de Finan\u00e7as, informou nesta ter\u00e7a (30) o calend\u00e1rio oficial de pagamento","og_url":"https:\/\/afogadosfm.com.br\/afogadosfm\/2025\/09\/30\/prefeitura-de-iguaracy-divulga-calendario-de-pagamento-dos-servidores-municipais\/","og_site_name":"Afogados FM","article_published_time":"2025-09-30T20:22:05+00:00","article_modified_time":"2025-09-30T20:22:06+00:00","og_image":[{"width":474,"height":315,"url":"https:\/\/afogadosfm.com.br\/afogadosfm\/wp-content\/uploads\/2025\/06\/real-1.jpeg","type":"image\/jpeg"}],"author":"afogadosfm","twitter_card":"summary_large_image","twitter_misc":{"Escrito por":"afogadosfm","Est. tempo de leitura":"2 minutos"},"schema":{"@context":"https:\/\/schema.org","@graph":[{"@type":"Article","@id":"https:\/\/afogadosfm.com.br\/afogadosfm\/2025\/09\/30\/prefeitura-de-iguaracy-divulga-calendario-de-pagamento-dos-servidores-municipais\/#article","isPartOf":{"@id":"https:\/\/afogadosfm.com.br\/afogadosfm\/2025\/09\/30\/prefeitura-de-iguaracy-divulga-calendario-de-pagamento-dos-servidores-municipais\/"},"author":{"name":"afogadosfm","@id":"https:\/\/afogadosfm.com.br\/afogadosfm\/#\/schema\/person\/60e56f2cf5dc960fc093fe093d9e9057"},"headline":"Prefeitura de Iguaracy divulga calend\u00e1rio de pagamento dos servidores municipais","datePublished":"2025-09-30T20:22:05+00:00","dateModified":"2025-09-30T20:22:06+00:00","mainEntityOfPage":{"@id":"https:\/\/afogadosfm.com.br\/afogadosfm\/2025\/09\/30\/prefeitura-de-iguaracy-divulga-calendario-de-pagamento-dos-servidores-municipais\/"},"wordCount":189,"commentCount":0,"publisher":{"@id":"https:\/\/afogadosfm.com.br\/afogadosfm\/#organization"},"image":{"@id":"https:\/\/afogadosfm.com.br\/afogadosfm\/2025\/09\/30\/prefeitura-de-iguaracy-divulga-calendario-de-pagamento-dos-servidores-municipais\/#primaryimage"},"thumbnailUrl":"https:\/\/i0.wp.com\/afogadosfm.com.br\/afogadosfm\/wp-content\/uploads\/2025\/06\/real-1.jpeg?fit=474%2C315&ssl=1","articleSection":["Sert\u00e3o"],"inLanguage":"pt-BR","potentialAction":[{"@type":"CommentAction","name":"Comment","target":["https:\/\/afogadosfm.com.br\/afogadosfm\/2025\/09\/30\/prefeitura-de-iguaracy-divulga-calendario-de-pagamento-dos-servidores-municipais\/#respond"]}]},{"@type":"WebPage","@id":"https:\/\/afogadosfm.com.br\/afogadosfm\/2025\/09\/30\/prefeitura-de-iguaracy-divulga-calendario-de-pagamento-dos-servidores-municipais\/","url":"https:\/\/afogadosfm.com.br\/afogadosfm\/2025\/09\/30\/prefeitura-de-iguaracy-divulga-calendario-de-pagamento-dos-servidores-municipais\/","name":"Prefeitura de Iguaracy divulga calend\u00e1rio de pagamento dos servidores municipais - Afogados FM","isPartOf":{"@id":"https:\/\/afogadosfm.com.br\/afogadosfm\/#website"},"primaryImageOfPage":{"@id":"https:\/\/afogadosfm.com.br\/afogadosfm\/2025\/09\/30\/prefeitura-de-iguaracy-divulga-calendario-de-pagamento-dos-servidores-municipais\/#primaryimage"},"image":{"@id":"https:\/\/afogadosfm.com.br\/afogadosfm\/2025\/09\/30\/prefeitura-de-iguaracy-divulga-calendario-de-pagamento-dos-servidores-municipais\/#primaryimage"},"thumbnailUrl":"https:\/\/i0.wp.com\/afogadosfm.com.br\/afogadosfm\/wp-content\/uploads\/2025\/06\/real-1.jpeg?fit=474%2C315&ssl=1","datePublished":"2025-09-30T20:22:05+00:00","dateModified":"2025-09-30T20:22:06+00:00","breadcrumb":{"@id":"https:\/\/afogadosfm.com.br\/afogadosfm\/2025\/09\/30\/prefeitura-de-iguaracy-divulga-calendario-de-pagamento-dos-servidores-municipais\/#breadcrumb"},"inLanguage":"pt-BR","potentialAction":[{"@type":"ReadAction","target":["https:\/\/afogadosfm.com.br\/afogadosfm\/2025\/09\/30\/prefeitura-de-iguaracy-divulga-calendario-de-pagamento-dos-servidores-municipais\/"]}]},{"@type":"ImageObject","inLanguage":"pt-BR","@id":"https:\/\/afogadosfm.com.br\/afogadosfm\/2025\/09\/30\/prefeitura-de-iguaracy-divulga-calendario-de-pagamento-dos-servidores-municipais\/#primaryimage","url":"https:\/\/i0.wp.com\/afogadosfm.com.br\/afogadosfm\/wp-content\/uploads\/2025\/06\/real-1.jpeg?fit=474%2C315&ssl=1","contentUrl":"https:\/\/i0.wp.com\/afogadosfm.com.br\/afogadosfm\/wp-content\/uploads\/2025\/06\/real-1.jpeg?fit=474%2C315&ssl=1","width":474,"height":315},{"@type":"BreadcrumbList","@id":"https:\/\/afogadosfm.com.br\/afogadosfm\/2025\/09\/30\/prefeitura-de-iguaracy-divulga-calendario-de-pagamento-dos-servidores-municipais\/#breadcrumb","itemListElement":[{"@type":"ListItem","position":1,"name":"In\u00edcio","item":"https:\/\/afogadosfm.com.br\/afogadosfm\/"},{"@type":"ListItem","position":2,"name":"Prefeitura de Iguaracy divulga calend\u00e1rio de pagamento dos servidores municipais"}]},{"@type":"WebSite","@id":"https:\/\/afogadosfm.com.br\/afogadosfm\/#website","url":"https:\/\/afogadosfm.com.br\/afogadosfm\/","name":"Afogados FM","description":"Um site completo!","publisher":{"@id":"https:\/\/afogadosfm.com.br\/afogadosfm\/#organization"},"potentialAction":[{"@type":"SearchAction","target":{"@type":"EntryPoint","urlTemplate":"https:\/\/afogadosfm.com.br\/afogadosfm\/?s={search_term_string}"},"query-input":{"@type":"PropertyValueSpecification","valueRequired":true,"valueName":"search_term_string"}}],"inLanguage":"pt-BR"},{"@type":"Organization","@id":"https:\/\/afogadosfm.com.br\/afogadosfm\/#organization","name":"Afogados FM","url":"https:\/\/afogadosfm.com.br\/afogadosfm\/","logo":{"@type":"ImageObject","inLanguage":"pt-BR","@id":"https:\/\/afogadosfm.com.br\/afogadosfm\/#\/schema\/logo\/image\/","url":"https:\/\/i0.wp.com\/afogadosfm.com.br\/afogadosfm\/wp-content\/uploads\/2020\/06\/cropped-banner-afogados-4.jpg?fit=369%2C137&ssl=1","contentUrl":"https:\/\/i0.wp.com\/afogadosfm.com.br\/afogadosfm\/wp-content\/uploads\/2020\/06\/cropped-banner-afogados-4.jpg?fit=369%2C137&ssl=1","width":369,"height":137,"caption":"Afogados FM"},"image":{"@id":"https:\/\/afogadosfm.com.br\/afogadosfm\/#\/schema\/logo\/image\/"}},{"@type":"Person","@id":"https:\/\/afogadosfm.com.br\/afogadosfm\/#\/schema\/person\/60e56f2cf5dc960fc093fe093d9e9057","name":"afogadosfm","image":{"@type":"ImageObject","inLanguage":"pt-BR","@id":"https:\/\/secure.gravatar.com\/avatar\/e0359add7ed5dc3560906d861b52c6a8cf5c1e199d3a7dd85070998f49bd4701?s=96&d=mm&r=g","url":"https:\/\/secure.gravatar.com\/avatar\/e0359add7ed5dc3560906d861b52c6a8cf5c1e199d3a7dd85070998f49bd4701?s=96&d=mm&r=g","contentUrl":"https:\/\/secure.gravatar.com\/avatar\/e0359add7ed5dc3560906d861b52c6a8cf5c1e199d3a7dd85070998f49bd4701?s=96&d=mm&r=g","caption":"afogadosfm"},"url":"https:\/\/afogadosfm.com.br\/afogadosfm\/author\/afogadosfm\/"}]}},"jetpack_publicize_connections":[],"jetpack_featured_media_url":"https:\/\/i0.wp.com\/afogadosfm.com.br\/afogadosfm\/wp-content\/uploads\/2025\/06\/real-1.jpeg?fit=474%2C315&ssl=1","jetpack-related-posts":[],"jetpack_sharing_enabled":true,"jetpack_likes_enabled":true,"_links":{"self":[{"href":"https:\/\/afogadosfm.com.br\/afogadosfm\/wp-json\/wp\/v2\/posts\/69456","targetHints":{"allow":["GET"]}}],"collection":[{"href":"https:\/\/afogadosfm.com.br\/afogadosfm\/wp-json\/wp\/v2\/posts"}],"about":[{"href":"https:\/\/afogadosfm.com.br\/afogadosfm\/wp-json\/wp\/v2\/types\/post"}],"author":[{"embeddable":true,"href":"https:\/\/afogadosfm.com.br\/afogadosfm\/wp-json\/wp\/v2\/users\/2"}],"replies":[{"embeddable":true,"href":"https:\/\/afogadosfm.com.br\/afogadosfm\/wp-json\/wp\/v2\/comments?post=69456"}],"version-history":[{"count":1,"href":"https:\/\/afogadosfm.com.br\/afogadosfm\/wp-json\/wp\/v2\/posts\/69456\/revisions"}],"predecessor-version":[{"id":69457,"href":"https:\/\/afogadosfm.com.br\/afogadosfm\/wp-json\/wp\/v2\/posts\/69456\/revisions\/69457"}],"wp:featuredmedia":[{"embeddable":true,"href":"https:\/\/afogadosfm.com.br\/afogadosfm\/wp-json\/wp\/v2\/media\/66628"}],"wp:attachment":[{"href":"https:\/\/afogadosfm.com.br\/afogadosfm\/wp-json\/wp\/v2\/media?parent=69456"}],"wp:term":[{"taxonomy":"category","embeddable":true,"href":"https:\/\/afogadosfm.com.br\/afogadosfm\/wp-json\/wp\/v2\/categories?post=69456"},{"taxonomy":"post_tag","embeddable":true,"href":"https:\/\/afogadosfm.com.br\/afogadosfm\/wp-json\/wp\/v2\/tags?post=69456"}],"curies":[{"name":"wp","href":"https:\/\/api.w.org\/{rel}","templated":true}]}}