{"id":69464,"date":"2025-10-01T05:53:49","date_gmt":"2025-10-01T08:53:49","guid":{"rendered":"https:\/\/afogadosfm.com.br\/afogadosfm\/?p=69464"},"modified":"2025-10-01T05:53:50","modified_gmt":"2025-10-01T08:53:50","slug":"pix-contara-com-botao-de-contestacao-a-partir-desta-quarta-feira-veja-como-vai-funcionar","status":"publish","type":"post","link":"https:\/\/afogadosfm.com.br\/afogadosfm\/2025\/10\/01\/pix-contara-com-botao-de-contestacao-a-partir-desta-quarta-feira-veja-como-vai-funcionar\/","title":{"rendered":"Pix contar\u00e1 com \u201cbot\u00e3o de contesta\u00e7\u00e3o\u201d a partir desta quarta-feira; veja como vai funcionar"},"content":{"rendered":"\n<p>A partir de quarta-feira (1\u00ba), os usu\u00e1rios do Pix podem acionar o \u201cbot\u00e3o de contesta\u00e7\u00e3o\u201d nos casos de fraude, golpe e coer\u00e7\u00e3o, informou o Banco Central (BC) nesta ter\u00e7a-feira (30).<\/p>\n\n\n\n<p>O objetivo da ferramenta, formalmente conhecida como autoatendimento do Mecanismo Especial de Devolu\u00e7\u00e3o (MED), \u00e9 permitir a contesta\u00e7\u00e3o de uma transa\u00e7\u00e3o de forma totalmente digital, sem a necessidade de intera\u00e7\u00e3o humana.<\/p>\n\n\n\n<p>A nova medida poder\u00e1 ser acionada pelo aplicativo da institui\u00e7\u00e3o financeira do usu\u00e1rio.<\/p>\n\n\n\n<p>Atualmente, a devolu\u00e7\u00e3o dos recursos \u00e9 feita apenas a partir da conta originalmente utilizada na fraude. O problema \u00e9 que os fraudadores, normalmente, conseguem retirar rapidamente os recursos dessa conta e transferi-los para outras contas. Assim, quando o cliente faz a reclama\u00e7\u00e3o \u00e9 comum que essa conta j\u00e1 n\u00e3o possua fundos para viabilizar a devolu\u00e7\u00e3o.<\/p>\n\n\n\n<p>O bot\u00e3o n\u00e3o vale para casos de erro e arrependimento pelos usu\u00e1rios, refor\u00e7ou o BC.<\/p>\n\n\n\n<p>Segundo Breno Lobo, chefe adjunto do Departamento de Competi\u00e7\u00e3o e de Estrutura do Mercado Financeiro (Decem) do BC, ao contestar a transa\u00e7\u00e3o, a informa\u00e7\u00e3o \u00e9 instantaneamente repassada ao banco do golpista, que dever\u00e1 bloquear os recursos em sua conta, caso existam.<\/p>\n\n\n\n<p>Valores parciais tamb\u00e9m podem ser bloqueados, informou o BC.<\/p>\n\n\n\n<p>\u201cDepois do bloqueio, ambos os bancos t\u00eam at\u00e9 sete dias para analisar a contesta\u00e7\u00e3o. Caso concordem que se trata realmente de um golpe, a devolu\u00e7\u00e3o \u00e9 efetuada diretamente para a conta da v\u00edtima. O prazo para essa devolu\u00e7\u00e3o \u00e9 de at\u00e9 onze dias ap\u00f3s a contesta\u00e7\u00e3o\u201d, explica.<\/p>\n\n\n\n<p>Ele ressalta que o \u201cbot\u00e3o de contesta\u00e7\u00e3o\u201d n\u00e3o se aplica a casos de desacordos comerciais, arrependimento e erros no envio do Pix, como digita\u00e7\u00e3o errada de chave, ou que envolvam terceiros de boa-f\u00e9, por exemplo.<\/p>\n","protected":false},"excerpt":{"rendered":"<p>A partir de quarta-feira (1\u00ba), os usu\u00e1rios do Pix podem acionar o \u201cbot\u00e3o de contesta\u00e7\u00e3o\u201d nos casos de fraude, golpe<\/p>\n","protected":false},"author":2,"featured_media":31306,"comment_status":"open","ping_status":"open","sticky":false,"template":"","format":"standard","meta":{"jetpack_post_was_ever_published":false,"_jetpack_newsletter_access":"","_jetpack_dont_email_post_to_subs":false,"_jetpack_newsletter_tier_id":0,"_jetpack_memberships_contains_paywalled_content":false,"_jetpack_memberships_contains_paid_content":false,"footnotes":"","jetpack_publicize_message":"","jetpack_publicize_feature_enabled":true,"jetpack_social_post_already_shared":true,"jetpack_social_options":{"image_generator_settings":{"template":"highway","default_image_id":0,"font":"","enabled":false},"version":2}},"categories":[12],"tags":[],"class_list":["post-69464","post","type-post","status-publish","format-standard","has-post-thumbnail","hentry","category-brasil"],"yoast_head":"<!-- This site is optimized with the Yoast SEO plugin v27.5 - https:\/\/yoast.com\/product\/yoast-seo-wordpress\/ -->\n<title>Pix contar\u00e1 com \u201cbot\u00e3o de contesta\u00e7\u00e3o\u201d a partir desta quarta-feira; veja como vai funcionar - Afogados FM<\/title>\n<meta name=\"robots\" content=\"index, follow, max-snippet:-1, max-image-preview:large, max-video-preview:-1\" \/>\n<link rel=\"canonical\" href=\"https:\/\/afogadosfm.com.br\/afogadosfm\/2025\/10\/01\/pix-contara-com-botao-de-contestacao-a-partir-desta-quarta-feira-veja-como-vai-funcionar\/\" \/>\n<meta property=\"og:locale\" content=\"pt_BR\" \/>\n<meta property=\"og:type\" content=\"article\" \/>\n<meta property=\"og:title\" content=\"Pix contar\u00e1 com \u201cbot\u00e3o de contesta\u00e7\u00e3o\u201d a partir desta quarta-feira; veja como vai funcionar - Afogados FM\" \/>\n<meta property=\"og:description\" content=\"A partir de quarta-feira (1\u00ba), os usu\u00e1rios do Pix podem acionar o \u201cbot\u00e3o de contesta\u00e7\u00e3o\u201d nos casos de fraude, golpe\" \/>\n<meta property=\"og:url\" content=\"https:\/\/afogadosfm.com.br\/afogadosfm\/2025\/10\/01\/pix-contara-com-botao-de-contestacao-a-partir-desta-quarta-feira-veja-como-vai-funcionar\/\" \/>\n<meta property=\"og:site_name\" content=\"Afogados FM\" \/>\n<meta property=\"article:published_time\" content=\"2025-10-01T08:53:49+00:00\" \/>\n<meta property=\"article:modified_time\" content=\"2025-10-01T08:53:50+00:00\" \/>\n<meta property=\"og:image\" content=\"https:\/\/afogadosfm.com.br\/afogadosfm\/wp-content\/uploads\/2021\/10\/pix.jpg\" \/>\n\t<meta property=\"og:image:width\" content=\"1100\" \/>\n\t<meta property=\"og:image:height\" content=\"984\" \/>\n\t<meta property=\"og:image:type\" content=\"image\/jpeg\" \/>\n<meta name=\"author\" content=\"afogadosfm\" \/>\n<meta name=\"twitter:card\" content=\"summary_large_image\" \/>\n<meta name=\"twitter:label1\" content=\"Escrito por\" \/>\n\t<meta name=\"twitter:data1\" content=\"afogadosfm\" \/>\n\t<meta name=\"twitter:label2\" content=\"Est. tempo de leitura\" \/>\n\t<meta name=\"twitter:data2\" content=\"2 minutos\" \/>\n<script type=\"application\/ld+json\" class=\"yoast-schema-graph\">{\"@context\":\"https:\\\/\\\/schema.org\",\"@graph\":[{\"@type\":\"Article\",\"@id\":\"https:\\\/\\\/afogadosfm.com.br\\\/afogadosfm\\\/2025\\\/10\\\/01\\\/pix-contara-com-botao-de-contestacao-a-partir-desta-quarta-feira-veja-como-vai-funcionar\\\/#article\",\"isPartOf\":{\"@id\":\"https:\\\/\\\/afogadosfm.com.br\\\/afogadosfm\\\/2025\\\/10\\\/01\\\/pix-contara-com-botao-de-contestacao-a-partir-desta-quarta-feira-veja-como-vai-funcionar\\\/\"},\"author\":{\"name\":\"afogadosfm\",\"@id\":\"https:\\\/\\\/afogadosfm.com.br\\\/afogadosfm\\\/#\\\/schema\\\/person\\\/60e56f2cf5dc960fc093fe093d9e9057\"},\"headline\":\"Pix contar\u00e1 com \u201cbot\u00e3o de contesta\u00e7\u00e3o\u201d a partir desta quarta-feira; veja como vai funcionar\",\"datePublished\":\"2025-10-01T08:53:49+00:00\",\"dateModified\":\"2025-10-01T08:53:50+00:00\",\"mainEntityOfPage\":{\"@id\":\"https:\\\/\\\/afogadosfm.com.br\\\/afogadosfm\\\/2025\\\/10\\\/01\\\/pix-contara-com-botao-de-contestacao-a-partir-desta-quarta-feira-veja-como-vai-funcionar\\\/\"},\"wordCount\":317,\"commentCount\":0,\"publisher\":{\"@id\":\"https:\\\/\\\/afogadosfm.com.br\\\/afogadosfm\\\/#organization\"},\"image\":{\"@id\":\"https:\\\/\\\/afogadosfm.com.br\\\/afogadosfm\\\/2025\\\/10\\\/01\\\/pix-contara-com-botao-de-contestacao-a-partir-desta-quarta-feira-veja-como-vai-funcionar\\\/#primaryimage\"},\"thumbnailUrl\":\"https:\\\/\\\/i0.wp.com\\\/afogadosfm.com.br\\\/afogadosfm\\\/wp-content\\\/uploads\\\/2021\\\/10\\\/pix.jpg?fit=1100%2C984&ssl=1\",\"articleSection\":[\"Brasil\"],\"inLanguage\":\"pt-BR\",\"potentialAction\":[{\"@type\":\"CommentAction\",\"name\":\"Comment\",\"target\":[\"https:\\\/\\\/afogadosfm.com.br\\\/afogadosfm\\\/2025\\\/10\\\/01\\\/pix-contara-com-botao-de-contestacao-a-partir-desta-quarta-feira-veja-como-vai-funcionar\\\/#respond\"]}]},{\"@type\":\"WebPage\",\"@id\":\"https:\\\/\\\/afogadosfm.com.br\\\/afogadosfm\\\/2025\\\/10\\\/01\\\/pix-contara-com-botao-de-contestacao-a-partir-desta-quarta-feira-veja-como-vai-funcionar\\\/\",\"url\":\"https:\\\/\\\/afogadosfm.com.br\\\/afogadosfm\\\/2025\\\/10\\\/01\\\/pix-contara-com-botao-de-contestacao-a-partir-desta-quarta-feira-veja-como-vai-funcionar\\\/\",\"name\":\"Pix contar\u00e1 com \u201cbot\u00e3o de contesta\u00e7\u00e3o\u201d a partir desta quarta-feira; veja como vai funcionar - Afogados FM\",\"isPartOf\":{\"@id\":\"https:\\\/\\\/afogadosfm.com.br\\\/afogadosfm\\\/#website\"},\"primaryImageOfPage\":{\"@id\":\"https:\\\/\\\/afogadosfm.com.br\\\/afogadosfm\\\/2025\\\/10\\\/01\\\/pix-contara-com-botao-de-contestacao-a-partir-desta-quarta-feira-veja-como-vai-funcionar\\\/#primaryimage\"},\"image\":{\"@id\":\"https:\\\/\\\/afogadosfm.com.br\\\/afogadosfm\\\/2025\\\/10\\\/01\\\/pix-contara-com-botao-de-contestacao-a-partir-desta-quarta-feira-veja-como-vai-funcionar\\\/#primaryimage\"},\"thumbnailUrl\":\"https:\\\/\\\/i0.wp.com\\\/afogadosfm.com.br\\\/afogadosfm\\\/wp-content\\\/uploads\\\/2021\\\/10\\\/pix.jpg?fit=1100%2C984&ssl=1\",\"datePublished\":\"2025-10-01T08:53:49+00:00\",\"dateModified\":\"2025-10-01T08:53:50+00:00\",\"breadcrumb\":{\"@id\":\"https:\\\/\\\/afogadosfm.com.br\\\/afogadosfm\\\/2025\\\/10\\\/01\\\/pix-contara-com-botao-de-contestacao-a-partir-desta-quarta-feira-veja-como-vai-funcionar\\\/#breadcrumb\"},\"inLanguage\":\"pt-BR\",\"potentialAction\":[{\"@type\":\"ReadAction\",\"target\":[\"https:\\\/\\\/afogadosfm.com.br\\\/afogadosfm\\\/2025\\\/10\\\/01\\\/pix-contara-com-botao-de-contestacao-a-partir-desta-quarta-feira-veja-como-vai-funcionar\\\/\"]}]},{\"@type\":\"ImageObject\",\"inLanguage\":\"pt-BR\",\"@id\":\"https:\\\/\\\/afogadosfm.com.br\\\/afogadosfm\\\/2025\\\/10\\\/01\\\/pix-contara-com-botao-de-contestacao-a-partir-desta-quarta-feira-veja-como-vai-funcionar\\\/#primaryimage\",\"url\":\"https:\\\/\\\/i0.wp.com\\\/afogadosfm.com.br\\\/afogadosfm\\\/wp-content\\\/uploads\\\/2021\\\/10\\\/pix.jpg?fit=1100%2C984&ssl=1\",\"contentUrl\":\"https:\\\/\\\/i0.wp.com\\\/afogadosfm.com.br\\\/afogadosfm\\\/wp-content\\\/uploads\\\/2021\\\/10\\\/pix.jpg?fit=1100%2C984&ssl=1\",\"width\":1100,\"height\":984},{\"@type\":\"BreadcrumbList\",\"@id\":\"https:\\\/\\\/afogadosfm.com.br\\\/afogadosfm\\\/2025\\\/10\\\/01\\\/pix-contara-com-botao-de-contestacao-a-partir-desta-quarta-feira-veja-como-vai-funcionar\\\/#breadcrumb\",\"itemListElement\":[{\"@type\":\"ListItem\",\"position\":1,\"name\":\"In\u00edcio\",\"item\":\"https:\\\/\\\/afogadosfm.com.br\\\/afogadosfm\\\/\"},{\"@type\":\"ListItem\",\"position\":2,\"name\":\"Pix contar\u00e1 com \u201cbot\u00e3o de contesta\u00e7\u00e3o\u201d a partir desta quarta-feira; veja como vai funcionar\"}]},{\"@type\":\"WebSite\",\"@id\":\"https:\\\/\\\/afogadosfm.com.br\\\/afogadosfm\\\/#website\",\"url\":\"https:\\\/\\\/afogadosfm.com.br\\\/afogadosfm\\\/\",\"name\":\"Afogados FM\",\"description\":\"Um site completo!\",\"publisher\":{\"@id\":\"https:\\\/\\\/afogadosfm.com.br\\\/afogadosfm\\\/#organization\"},\"potentialAction\":[{\"@type\":\"SearchAction\",\"target\":{\"@type\":\"EntryPoint\",\"urlTemplate\":\"https:\\\/\\\/afogadosfm.com.br\\\/afogadosfm\\\/?s={search_term_string}\"},\"query-input\":{\"@type\":\"PropertyValueSpecification\",\"valueRequired\":true,\"valueName\":\"search_term_string\"}}],\"inLanguage\":\"pt-BR\"},{\"@type\":\"Organization\",\"@id\":\"https:\\\/\\\/afogadosfm.com.br\\\/afogadosfm\\\/#organization\",\"name\":\"Afogados FM\",\"url\":\"https:\\\/\\\/afogadosfm.com.br\\\/afogadosfm\\\/\",\"logo\":{\"@type\":\"ImageObject\",\"inLanguage\":\"pt-BR\",\"@id\":\"https:\\\/\\\/afogadosfm.com.br\\\/afogadosfm\\\/#\\\/schema\\\/logo\\\/image\\\/\",\"url\":\"https:\\\/\\\/i0.wp.com\\\/afogadosfm.com.br\\\/afogadosfm\\\/wp-content\\\/uploads\\\/2020\\\/06\\\/cropped-banner-afogados-4.jpg?fit=369%2C137&ssl=1\",\"contentUrl\":\"https:\\\/\\\/i0.wp.com\\\/afogadosfm.com.br\\\/afogadosfm\\\/wp-content\\\/uploads\\\/2020\\\/06\\\/cropped-banner-afogados-4.jpg?fit=369%2C137&ssl=1\",\"width\":369,\"height\":137,\"caption\":\"Afogados FM\"},\"image\":{\"@id\":\"https:\\\/\\\/afogadosfm.com.br\\\/afogadosfm\\\/#\\\/schema\\\/logo\\\/image\\\/\"}},{\"@type\":\"Person\",\"@id\":\"https:\\\/\\\/afogadosfm.com.br\\\/afogadosfm\\\/#\\\/schema\\\/person\\\/60e56f2cf5dc960fc093fe093d9e9057\",\"name\":\"afogadosfm\",\"image\":{\"@type\":\"ImageObject\",\"inLanguage\":\"pt-BR\",\"@id\":\"https:\\\/\\\/secure.gravatar.com\\\/avatar\\\/e0359add7ed5dc3560906d861b52c6a8cf5c1e199d3a7dd85070998f49bd4701?s=96&d=mm&r=g\",\"url\":\"https:\\\/\\\/secure.gravatar.com\\\/avatar\\\/e0359add7ed5dc3560906d861b52c6a8cf5c1e199d3a7dd85070998f49bd4701?s=96&d=mm&r=g\",\"contentUrl\":\"https:\\\/\\\/secure.gravatar.com\\\/avatar\\\/e0359add7ed5dc3560906d861b52c6a8cf5c1e199d3a7dd85070998f49bd4701?s=96&d=mm&r=g\",\"caption\":\"afogadosfm\"},\"url\":\"https:\\\/\\\/afogadosfm.com.br\\\/afogadosfm\\\/author\\\/afogadosfm\\\/\"}]}<\/script>\n<!-- \/ Yoast SEO plugin. -->","yoast_head_json":{"title":"Pix contar\u00e1 com \u201cbot\u00e3o de contesta\u00e7\u00e3o\u201d a partir desta quarta-feira; veja como vai funcionar - Afogados FM","robots":{"index":"index","follow":"follow","max-snippet":"max-snippet:-1","max-image-preview":"max-image-preview:large","max-video-preview":"max-video-preview:-1"},"canonical":"https:\/\/afogadosfm.com.br\/afogadosfm\/2025\/10\/01\/pix-contara-com-botao-de-contestacao-a-partir-desta-quarta-feira-veja-como-vai-funcionar\/","og_locale":"pt_BR","og_type":"article","og_title":"Pix contar\u00e1 com \u201cbot\u00e3o de contesta\u00e7\u00e3o\u201d a partir desta quarta-feira; veja como vai funcionar - Afogados FM","og_description":"A partir de quarta-feira (1\u00ba), os usu\u00e1rios do Pix podem acionar o \u201cbot\u00e3o de contesta\u00e7\u00e3o\u201d nos casos de fraude, golpe","og_url":"https:\/\/afogadosfm.com.br\/afogadosfm\/2025\/10\/01\/pix-contara-com-botao-de-contestacao-a-partir-desta-quarta-feira-veja-como-vai-funcionar\/","og_site_name":"Afogados FM","article_published_time":"2025-10-01T08:53:49+00:00","article_modified_time":"2025-10-01T08:53:50+00:00","og_image":[{"width":1100,"height":984,"url":"https:\/\/afogadosfm.com.br\/afogadosfm\/wp-content\/uploads\/2021\/10\/pix.jpg","type":"image\/jpeg"}],"author":"afogadosfm","twitter_card":"summary_large_image","twitter_misc":{"Escrito por":"afogadosfm","Est. tempo de leitura":"2 minutos"},"schema":{"@context":"https:\/\/schema.org","@graph":[{"@type":"Article","@id":"https:\/\/afogadosfm.com.br\/afogadosfm\/2025\/10\/01\/pix-contara-com-botao-de-contestacao-a-partir-desta-quarta-feira-veja-como-vai-funcionar\/#article","isPartOf":{"@id":"https:\/\/afogadosfm.com.br\/afogadosfm\/2025\/10\/01\/pix-contara-com-botao-de-contestacao-a-partir-desta-quarta-feira-veja-como-vai-funcionar\/"},"author":{"name":"afogadosfm","@id":"https:\/\/afogadosfm.com.br\/afogadosfm\/#\/schema\/person\/60e56f2cf5dc960fc093fe093d9e9057"},"headline":"Pix contar\u00e1 com \u201cbot\u00e3o de contesta\u00e7\u00e3o\u201d a partir desta quarta-feira; veja como vai funcionar","datePublished":"2025-10-01T08:53:49+00:00","dateModified":"2025-10-01T08:53:50+00:00","mainEntityOfPage":{"@id":"https:\/\/afogadosfm.com.br\/afogadosfm\/2025\/10\/01\/pix-contara-com-botao-de-contestacao-a-partir-desta-quarta-feira-veja-como-vai-funcionar\/"},"wordCount":317,"commentCount":0,"publisher":{"@id":"https:\/\/afogadosfm.com.br\/afogadosfm\/#organization"},"image":{"@id":"https:\/\/afogadosfm.com.br\/afogadosfm\/2025\/10\/01\/pix-contara-com-botao-de-contestacao-a-partir-desta-quarta-feira-veja-como-vai-funcionar\/#primaryimage"},"thumbnailUrl":"https:\/\/i0.wp.com\/afogadosfm.com.br\/afogadosfm\/wp-content\/uploads\/2021\/10\/pix.jpg?fit=1100%2C984&ssl=1","articleSection":["Brasil"],"inLanguage":"pt-BR","potentialAction":[{"@type":"CommentAction","name":"Comment","target":["https:\/\/afogadosfm.com.br\/afogadosfm\/2025\/10\/01\/pix-contara-com-botao-de-contestacao-a-partir-desta-quarta-feira-veja-como-vai-funcionar\/#respond"]}]},{"@type":"WebPage","@id":"https:\/\/afogadosfm.com.br\/afogadosfm\/2025\/10\/01\/pix-contara-com-botao-de-contestacao-a-partir-desta-quarta-feira-veja-como-vai-funcionar\/","url":"https:\/\/afogadosfm.com.br\/afogadosfm\/2025\/10\/01\/pix-contara-com-botao-de-contestacao-a-partir-desta-quarta-feira-veja-como-vai-funcionar\/","name":"Pix contar\u00e1 com \u201cbot\u00e3o de contesta\u00e7\u00e3o\u201d a partir desta quarta-feira; veja como vai funcionar - Afogados FM","isPartOf":{"@id":"https:\/\/afogadosfm.com.br\/afogadosfm\/#website"},"primaryImageOfPage":{"@id":"https:\/\/afogadosfm.com.br\/afogadosfm\/2025\/10\/01\/pix-contara-com-botao-de-contestacao-a-partir-desta-quarta-feira-veja-como-vai-funcionar\/#primaryimage"},"image":{"@id":"https:\/\/afogadosfm.com.br\/afogadosfm\/2025\/10\/01\/pix-contara-com-botao-de-contestacao-a-partir-desta-quarta-feira-veja-como-vai-funcionar\/#primaryimage"},"thumbnailUrl":"https:\/\/i0.wp.com\/afogadosfm.com.br\/afogadosfm\/wp-content\/uploads\/2021\/10\/pix.jpg?fit=1100%2C984&ssl=1","datePublished":"2025-10-01T08:53:49+00:00","dateModified":"2025-10-01T08:53:50+00:00","breadcrumb":{"@id":"https:\/\/afogadosfm.com.br\/afogadosfm\/2025\/10\/01\/pix-contara-com-botao-de-contestacao-a-partir-desta-quarta-feira-veja-como-vai-funcionar\/#breadcrumb"},"inLanguage":"pt-BR","potentialAction":[{"@type":"ReadAction","target":["https:\/\/afogadosfm.com.br\/afogadosfm\/2025\/10\/01\/pix-contara-com-botao-de-contestacao-a-partir-desta-quarta-feira-veja-como-vai-funcionar\/"]}]},{"@type":"ImageObject","inLanguage":"pt-BR","@id":"https:\/\/afogadosfm.com.br\/afogadosfm\/2025\/10\/01\/pix-contara-com-botao-de-contestacao-a-partir-desta-quarta-feira-veja-como-vai-funcionar\/#primaryimage","url":"https:\/\/i0.wp.com\/afogadosfm.com.br\/afogadosfm\/wp-content\/uploads\/2021\/10\/pix.jpg?fit=1100%2C984&ssl=1","contentUrl":"https:\/\/i0.wp.com\/afogadosfm.com.br\/afogadosfm\/wp-content\/uploads\/2021\/10\/pix.jpg?fit=1100%2C984&ssl=1","width":1100,"height":984},{"@type":"BreadcrumbList","@id":"https:\/\/afogadosfm.com.br\/afogadosfm\/2025\/10\/01\/pix-contara-com-botao-de-contestacao-a-partir-desta-quarta-feira-veja-como-vai-funcionar\/#breadcrumb","itemListElement":[{"@type":"ListItem","position":1,"name":"In\u00edcio","item":"https:\/\/afogadosfm.com.br\/afogadosfm\/"},{"@type":"ListItem","position":2,"name":"Pix contar\u00e1 com \u201cbot\u00e3o de contesta\u00e7\u00e3o\u201d a partir desta quarta-feira; veja como vai funcionar"}]},{"@type":"WebSite","@id":"https:\/\/afogadosfm.com.br\/afogadosfm\/#website","url":"https:\/\/afogadosfm.com.br\/afogadosfm\/","name":"Afogados FM","description":"Um site completo!","publisher":{"@id":"https:\/\/afogadosfm.com.br\/afogadosfm\/#organization"},"potentialAction":[{"@type":"SearchAction","target":{"@type":"EntryPoint","urlTemplate":"https:\/\/afogadosfm.com.br\/afogadosfm\/?s={search_term_string}"},"query-input":{"@type":"PropertyValueSpecification","valueRequired":true,"valueName":"search_term_string"}}],"inLanguage":"pt-BR"},{"@type":"Organization","@id":"https:\/\/afogadosfm.com.br\/afogadosfm\/#organization","name":"Afogados FM","url":"https:\/\/afogadosfm.com.br\/afogadosfm\/","logo":{"@type":"ImageObject","inLanguage":"pt-BR","@id":"https:\/\/afogadosfm.com.br\/afogadosfm\/#\/schema\/logo\/image\/","url":"https:\/\/i0.wp.com\/afogadosfm.com.br\/afogadosfm\/wp-content\/uploads\/2020\/06\/cropped-banner-afogados-4.jpg?fit=369%2C137&ssl=1","contentUrl":"https:\/\/i0.wp.com\/afogadosfm.com.br\/afogadosfm\/wp-content\/uploads\/2020\/06\/cropped-banner-afogados-4.jpg?fit=369%2C137&ssl=1","width":369,"height":137,"caption":"Afogados FM"},"image":{"@id":"https:\/\/afogadosfm.com.br\/afogadosfm\/#\/schema\/logo\/image\/"}},{"@type":"Person","@id":"https:\/\/afogadosfm.com.br\/afogadosfm\/#\/schema\/person\/60e56f2cf5dc960fc093fe093d9e9057","name":"afogadosfm","image":{"@type":"ImageObject","inLanguage":"pt-BR","@id":"https:\/\/secure.gravatar.com\/avatar\/e0359add7ed5dc3560906d861b52c6a8cf5c1e199d3a7dd85070998f49bd4701?s=96&d=mm&r=g","url":"https:\/\/secure.gravatar.com\/avatar\/e0359add7ed5dc3560906d861b52c6a8cf5c1e199d3a7dd85070998f49bd4701?s=96&d=mm&r=g","contentUrl":"https:\/\/secure.gravatar.com\/avatar\/e0359add7ed5dc3560906d861b52c6a8cf5c1e199d3a7dd85070998f49bd4701?s=96&d=mm&r=g","caption":"afogadosfm"},"url":"https:\/\/afogadosfm.com.br\/afogadosfm\/author\/afogadosfm\/"}]}},"jetpack_publicize_connections":[],"jetpack_featured_media_url":"https:\/\/i0.wp.com\/afogadosfm.com.br\/afogadosfm\/wp-content\/uploads\/2021\/10\/pix.jpg?fit=1100%2C984&ssl=1","jetpack-related-posts":[],"jetpack_sharing_enabled":true,"jetpack_likes_enabled":true,"_links":{"self":[{"href":"https:\/\/afogadosfm.com.br\/afogadosfm\/wp-json\/wp\/v2\/posts\/69464","targetHints":{"allow":["GET"]}}],"collection":[{"href":"https:\/\/afogadosfm.com.br\/afogadosfm\/wp-json\/wp\/v2\/posts"}],"about":[{"href":"https:\/\/afogadosfm.com.br\/afogadosfm\/wp-json\/wp\/v2\/types\/post"}],"author":[{"embeddable":true,"href":"https:\/\/afogadosfm.com.br\/afogadosfm\/wp-json\/wp\/v2\/users\/2"}],"replies":[{"embeddable":true,"href":"https:\/\/afogadosfm.com.br\/afogadosfm\/wp-json\/wp\/v2\/comments?post=69464"}],"version-history":[{"count":1,"href":"https:\/\/afogadosfm.com.br\/afogadosfm\/wp-json\/wp\/v2\/posts\/69464\/revisions"}],"predecessor-version":[{"id":69465,"href":"https:\/\/afogadosfm.com.br\/afogadosfm\/wp-json\/wp\/v2\/posts\/69464\/revisions\/69465"}],"wp:featuredmedia":[{"embeddable":true,"href":"https:\/\/afogadosfm.com.br\/afogadosfm\/wp-json\/wp\/v2\/media\/31306"}],"wp:attachment":[{"href":"https:\/\/afogadosfm.com.br\/afogadosfm\/wp-json\/wp\/v2\/media?parent=69464"}],"wp:term":[{"taxonomy":"category","embeddable":true,"href":"https:\/\/afogadosfm.com.br\/afogadosfm\/wp-json\/wp\/v2\/categories?post=69464"},{"taxonomy":"post_tag","embeddable":true,"href":"https:\/\/afogadosfm.com.br\/afogadosfm\/wp-json\/wp\/v2\/tags?post=69464"}],"curies":[{"name":"wp","href":"https:\/\/api.w.org\/{rel}","templated":true}]}}