{"id":69466,"date":"2025-10-01T05:56:13","date_gmt":"2025-10-01T08:56:13","guid":{"rendered":"https:\/\/afogadosfm.com.br\/afogadosfm\/?p=69466"},"modified":"2025-10-01T05:56:14","modified_gmt":"2025-10-01T08:56:14","slug":"vereadora-diz-em-plenario-que-e-a-favor-da-violencia-contra-a-mulher-merece-apanhar","status":"publish","type":"post","link":"https:\/\/afogadosfm.com.br\/afogadosfm\/2025\/10\/01\/vereadora-diz-em-plenario-que-e-a-favor-da-violencia-contra-a-mulher-merece-apanhar\/","title":{"rendered":"Vereadora diz em plen\u00e1rio que \u00e9 a favor da &#8216;viol\u00eancia contra a mulher&#8217;: MERECE APANHAR"},"content":{"rendered":"\n<p>A vereadora Elizabeth Maciel (Republicanos-AM), conhecida como Betinha, virou alvo de pol\u00eamica nas redes sociais ao declarar durante sess\u00e3o da C\u00e2mara Municipal de Borba, no interior do Amazonas, que \u00e9 \u201ca favor da viol\u00eancia contra mulher\u201d. As declara\u00e7\u00f5es foram proferidas nesta segunda-feira (29) no plen\u00e1rio Wilson Mau\u00e9s.<\/p>\n\n\n\n<p>Em seu discurso, a parlamentar afirmou: \u201cEu aprovo, eu sou a favor da viol\u00eancia contra mulher. Sim, quando um homem bate na mulher eu aprovo. Tem mulher que merece apanhar\u201d. Betinha ainda alegou ter conhecimento de casos em que mulheres teriam se machucado intencionalmente para incriminar homens.<\/p>\n\n\n\n<p>Diante da repercuss\u00e3o negativa, a vereadora divulgou uma nota se retratando, reconhecendo que suas palavras foram \u201cinadequadas, desrespeitosas e incompat\u00edveis com os princ\u00edpios de dignidade, igualdade e respeito\u201d, completando: \u201cAssumo integralmente a responsabilidade por minhas declara\u00e7\u00f5es, reafirmando meu profundo arrependimento\u201d.<\/p>\n\n\n\n<p>Durante a mesma sess\u00e3o, a parlamentar citou a colega Professora J\u00e9ssica (Democracia Crist\u00e3), criticando mulheres que, em sua opini\u00e3o, buscam se beneficiar da Lei Maria da Penha. \u201cEu sou a favor da lei pra defender as mulheres, mas contra as que querem se beneficiar, como a vereadora J\u00e9ssica\u201d, declarou.<\/p>\n\n\n\n<p>As declara\u00e7\u00f5es pol\u00eamicas foram feitas em defesa do vereador Pedro Paz (Uni\u00e3o Brasil), alvo de den\u00fancia de J\u00e9ssica ap\u00f3s ter levantado o dedo em sua dire\u00e7\u00e3o durante sess\u00e3o anterior.<\/p>\n\n\n\n<p>Com informa\u00e7\u00f5es do G1<\/p>\n","protected":false},"excerpt":{"rendered":"<p>A vereadora Elizabeth Maciel (Republicanos-AM), conhecida como Betinha, virou alvo de pol\u00eamica nas redes sociais ao declarar durante sess\u00e3o da<\/p>\n","protected":false},"author":2,"featured_media":66370,"comment_status":"open","ping_status":"open","sticky":false,"template":"","format":"standard","meta":{"jetpack_post_was_ever_published":false,"_jetpack_newsletter_access":"","_jetpack_dont_email_post_to_subs":false,"_jetpack_newsletter_tier_id":0,"_jetpack_memberships_contains_paywalled_content":false,"_jetpack_memberships_contains_paid_content":false,"footnotes":"","jetpack_publicize_message":"","jetpack_publicize_feature_enabled":true,"jetpack_social_post_already_shared":true,"jetpack_social_options":{"image_generator_settings":{"template":"highway","default_image_id":0,"font":"","enabled":false},"version":2}},"categories":[12],"tags":[],"class_list":["post-69466","post","type-post","status-publish","format-standard","has-post-thumbnail","hentry","category-brasil"],"yoast_head":"<!-- This site is optimized with the Yoast SEO plugin v27.5 - https:\/\/yoast.com\/product\/yoast-seo-wordpress\/ -->\n<title>Vereadora diz em plen\u00e1rio que \u00e9 a favor da &#039;viol\u00eancia contra a mulher&#039;: MERECE APANHAR - Afogados FM<\/title>\n<meta name=\"robots\" content=\"index, follow, max-snippet:-1, max-image-preview:large, max-video-preview:-1\" \/>\n<link rel=\"canonical\" href=\"https:\/\/afogadosfm.com.br\/afogadosfm\/2025\/10\/01\/vereadora-diz-em-plenario-que-e-a-favor-da-violencia-contra-a-mulher-merece-apanhar\/\" \/>\n<meta property=\"og:locale\" content=\"pt_BR\" \/>\n<meta property=\"og:type\" content=\"article\" \/>\n<meta property=\"og:title\" content=\"Vereadora diz em plen\u00e1rio que \u00e9 a favor da &#039;viol\u00eancia contra a mulher&#039;: MERECE APANHAR - Afogados FM\" \/>\n<meta property=\"og:description\" content=\"A vereadora Elizabeth Maciel (Republicanos-AM), conhecida como Betinha, virou alvo de pol\u00eamica nas redes sociais ao declarar durante sess\u00e3o da\" \/>\n<meta property=\"og:url\" content=\"https:\/\/afogadosfm.com.br\/afogadosfm\/2025\/10\/01\/vereadora-diz-em-plenario-que-e-a-favor-da-violencia-contra-a-mulher-merece-apanhar\/\" \/>\n<meta property=\"og:site_name\" content=\"Afogados FM\" \/>\n<meta property=\"article:published_time\" content=\"2025-10-01T08:56:13+00:00\" \/>\n<meta property=\"article:modified_time\" content=\"2025-10-01T08:56:14+00:00\" \/>\n<meta property=\"og:image\" content=\"https:\/\/afogadosfm.com.br\/afogadosfm\/wp-content\/uploads\/2025\/06\/violencia.jpg\" \/>\n\t<meta property=\"og:image:width\" content=\"180\" \/>\n\t<meta property=\"og:image:height\" content=\"149\" \/>\n\t<meta property=\"og:image:type\" content=\"image\/jpeg\" \/>\n<meta name=\"author\" content=\"afogadosfm\" \/>\n<meta name=\"twitter:card\" content=\"summary_large_image\" \/>\n<meta name=\"twitter:label1\" content=\"Escrito por\" \/>\n\t<meta name=\"twitter:data1\" content=\"afogadosfm\" \/>\n\t<meta name=\"twitter:label2\" content=\"Est. tempo de leitura\" \/>\n\t<meta name=\"twitter:data2\" content=\"2 minutos\" \/>\n<script type=\"application\/ld+json\" class=\"yoast-schema-graph\">{\"@context\":\"https:\\\/\\\/schema.org\",\"@graph\":[{\"@type\":\"Article\",\"@id\":\"https:\\\/\\\/afogadosfm.com.br\\\/afogadosfm\\\/2025\\\/10\\\/01\\\/vereadora-diz-em-plenario-que-e-a-favor-da-violencia-contra-a-mulher-merece-apanhar\\\/#article\",\"isPartOf\":{\"@id\":\"https:\\\/\\\/afogadosfm.com.br\\\/afogadosfm\\\/2025\\\/10\\\/01\\\/vereadora-diz-em-plenario-que-e-a-favor-da-violencia-contra-a-mulher-merece-apanhar\\\/\"},\"author\":{\"name\":\"afogadosfm\",\"@id\":\"https:\\\/\\\/afogadosfm.com.br\\\/afogadosfm\\\/#\\\/schema\\\/person\\\/60e56f2cf5dc960fc093fe093d9e9057\"},\"headline\":\"Vereadora diz em plen\u00e1rio que \u00e9 a favor da &#8216;viol\u00eancia contra a mulher&#8217;: MERECE APANHAR\",\"datePublished\":\"2025-10-01T08:56:13+00:00\",\"dateModified\":\"2025-10-01T08:56:14+00:00\",\"mainEntityOfPage\":{\"@id\":\"https:\\\/\\\/afogadosfm.com.br\\\/afogadosfm\\\/2025\\\/10\\\/01\\\/vereadora-diz-em-plenario-que-e-a-favor-da-violencia-contra-a-mulher-merece-apanhar\\\/\"},\"wordCount\":255,\"commentCount\":0,\"publisher\":{\"@id\":\"https:\\\/\\\/afogadosfm.com.br\\\/afogadosfm\\\/#organization\"},\"image\":{\"@id\":\"https:\\\/\\\/afogadosfm.com.br\\\/afogadosfm\\\/2025\\\/10\\\/01\\\/vereadora-diz-em-plenario-que-e-a-favor-da-violencia-contra-a-mulher-merece-apanhar\\\/#primaryimage\"},\"thumbnailUrl\":\"https:\\\/\\\/i0.wp.com\\\/afogadosfm.com.br\\\/afogadosfm\\\/wp-content\\\/uploads\\\/2025\\\/06\\\/violencia.jpg?fit=180%2C149&ssl=1\",\"articleSection\":[\"Brasil\"],\"inLanguage\":\"pt-BR\",\"potentialAction\":[{\"@type\":\"CommentAction\",\"name\":\"Comment\",\"target\":[\"https:\\\/\\\/afogadosfm.com.br\\\/afogadosfm\\\/2025\\\/10\\\/01\\\/vereadora-diz-em-plenario-que-e-a-favor-da-violencia-contra-a-mulher-merece-apanhar\\\/#respond\"]}]},{\"@type\":\"WebPage\",\"@id\":\"https:\\\/\\\/afogadosfm.com.br\\\/afogadosfm\\\/2025\\\/10\\\/01\\\/vereadora-diz-em-plenario-que-e-a-favor-da-violencia-contra-a-mulher-merece-apanhar\\\/\",\"url\":\"https:\\\/\\\/afogadosfm.com.br\\\/afogadosfm\\\/2025\\\/10\\\/01\\\/vereadora-diz-em-plenario-que-e-a-favor-da-violencia-contra-a-mulher-merece-apanhar\\\/\",\"name\":\"Vereadora diz em plen\u00e1rio que \u00e9 a favor da 'viol\u00eancia contra a mulher': MERECE APANHAR - Afogados FM\",\"isPartOf\":{\"@id\":\"https:\\\/\\\/afogadosfm.com.br\\\/afogadosfm\\\/#website\"},\"primaryImageOfPage\":{\"@id\":\"https:\\\/\\\/afogadosfm.com.br\\\/afogadosfm\\\/2025\\\/10\\\/01\\\/vereadora-diz-em-plenario-que-e-a-favor-da-violencia-contra-a-mulher-merece-apanhar\\\/#primaryimage\"},\"image\":{\"@id\":\"https:\\\/\\\/afogadosfm.com.br\\\/afogadosfm\\\/2025\\\/10\\\/01\\\/vereadora-diz-em-plenario-que-e-a-favor-da-violencia-contra-a-mulher-merece-apanhar\\\/#primaryimage\"},\"thumbnailUrl\":\"https:\\\/\\\/i0.wp.com\\\/afogadosfm.com.br\\\/afogadosfm\\\/wp-content\\\/uploads\\\/2025\\\/06\\\/violencia.jpg?fit=180%2C149&ssl=1\",\"datePublished\":\"2025-10-01T08:56:13+00:00\",\"dateModified\":\"2025-10-01T08:56:14+00:00\",\"breadcrumb\":{\"@id\":\"https:\\\/\\\/afogadosfm.com.br\\\/afogadosfm\\\/2025\\\/10\\\/01\\\/vereadora-diz-em-plenario-que-e-a-favor-da-violencia-contra-a-mulher-merece-apanhar\\\/#breadcrumb\"},\"inLanguage\":\"pt-BR\",\"potentialAction\":[{\"@type\":\"ReadAction\",\"target\":[\"https:\\\/\\\/afogadosfm.com.br\\\/afogadosfm\\\/2025\\\/10\\\/01\\\/vereadora-diz-em-plenario-que-e-a-favor-da-violencia-contra-a-mulher-merece-apanhar\\\/\"]}]},{\"@type\":\"ImageObject\",\"inLanguage\":\"pt-BR\",\"@id\":\"https:\\\/\\\/afogadosfm.com.br\\\/afogadosfm\\\/2025\\\/10\\\/01\\\/vereadora-diz-em-plenario-que-e-a-favor-da-violencia-contra-a-mulher-merece-apanhar\\\/#primaryimage\",\"url\":\"https:\\\/\\\/i0.wp.com\\\/afogadosfm.com.br\\\/afogadosfm\\\/wp-content\\\/uploads\\\/2025\\\/06\\\/violencia.jpg?fit=180%2C149&ssl=1\",\"contentUrl\":\"https:\\\/\\\/i0.wp.com\\\/afogadosfm.com.br\\\/afogadosfm\\\/wp-content\\\/uploads\\\/2025\\\/06\\\/violencia.jpg?fit=180%2C149&ssl=1\",\"width\":180,\"height\":149},{\"@type\":\"BreadcrumbList\",\"@id\":\"https:\\\/\\\/afogadosfm.com.br\\\/afogadosfm\\\/2025\\\/10\\\/01\\\/vereadora-diz-em-plenario-que-e-a-favor-da-violencia-contra-a-mulher-merece-apanhar\\\/#breadcrumb\",\"itemListElement\":[{\"@type\":\"ListItem\",\"position\":1,\"name\":\"In\u00edcio\",\"item\":\"https:\\\/\\\/afogadosfm.com.br\\\/afogadosfm\\\/\"},{\"@type\":\"ListItem\",\"position\":2,\"name\":\"Vereadora diz em plen\u00e1rio que \u00e9 a favor da &#8216;viol\u00eancia contra a mulher&#8217;: MERECE APANHAR\"}]},{\"@type\":\"WebSite\",\"@id\":\"https:\\\/\\\/afogadosfm.com.br\\\/afogadosfm\\\/#website\",\"url\":\"https:\\\/\\\/afogadosfm.com.br\\\/afogadosfm\\\/\",\"name\":\"Afogados FM\",\"description\":\"Um site completo!\",\"publisher\":{\"@id\":\"https:\\\/\\\/afogadosfm.com.br\\\/afogadosfm\\\/#organization\"},\"potentialAction\":[{\"@type\":\"SearchAction\",\"target\":{\"@type\":\"EntryPoint\",\"urlTemplate\":\"https:\\\/\\\/afogadosfm.com.br\\\/afogadosfm\\\/?s={search_term_string}\"},\"query-input\":{\"@type\":\"PropertyValueSpecification\",\"valueRequired\":true,\"valueName\":\"search_term_string\"}}],\"inLanguage\":\"pt-BR\"},{\"@type\":\"Organization\",\"@id\":\"https:\\\/\\\/afogadosfm.com.br\\\/afogadosfm\\\/#organization\",\"name\":\"Afogados FM\",\"url\":\"https:\\\/\\\/afogadosfm.com.br\\\/afogadosfm\\\/\",\"logo\":{\"@type\":\"ImageObject\",\"inLanguage\":\"pt-BR\",\"@id\":\"https:\\\/\\\/afogadosfm.com.br\\\/afogadosfm\\\/#\\\/schema\\\/logo\\\/image\\\/\",\"url\":\"https:\\\/\\\/i0.wp.com\\\/afogadosfm.com.br\\\/afogadosfm\\\/wp-content\\\/uploads\\\/2020\\\/06\\\/cropped-banner-afogados-4.jpg?fit=369%2C137&ssl=1\",\"contentUrl\":\"https:\\\/\\\/i0.wp.com\\\/afogadosfm.com.br\\\/afogadosfm\\\/wp-content\\\/uploads\\\/2020\\\/06\\\/cropped-banner-afogados-4.jpg?fit=369%2C137&ssl=1\",\"width\":369,\"height\":137,\"caption\":\"Afogados FM\"},\"image\":{\"@id\":\"https:\\\/\\\/afogadosfm.com.br\\\/afogadosfm\\\/#\\\/schema\\\/logo\\\/image\\\/\"}},{\"@type\":\"Person\",\"@id\":\"https:\\\/\\\/afogadosfm.com.br\\\/afogadosfm\\\/#\\\/schema\\\/person\\\/60e56f2cf5dc960fc093fe093d9e9057\",\"name\":\"afogadosfm\",\"image\":{\"@type\":\"ImageObject\",\"inLanguage\":\"pt-BR\",\"@id\":\"https:\\\/\\\/secure.gravatar.com\\\/avatar\\\/e0359add7ed5dc3560906d861b52c6a8cf5c1e199d3a7dd85070998f49bd4701?s=96&d=mm&r=g\",\"url\":\"https:\\\/\\\/secure.gravatar.com\\\/avatar\\\/e0359add7ed5dc3560906d861b52c6a8cf5c1e199d3a7dd85070998f49bd4701?s=96&d=mm&r=g\",\"contentUrl\":\"https:\\\/\\\/secure.gravatar.com\\\/avatar\\\/e0359add7ed5dc3560906d861b52c6a8cf5c1e199d3a7dd85070998f49bd4701?s=96&d=mm&r=g\",\"caption\":\"afogadosfm\"},\"url\":\"https:\\\/\\\/afogadosfm.com.br\\\/afogadosfm\\\/author\\\/afogadosfm\\\/\"}]}<\/script>\n<!-- \/ Yoast SEO plugin. -->","yoast_head_json":{"title":"Vereadora diz em plen\u00e1rio que \u00e9 a favor da 'viol\u00eancia contra a mulher': MERECE APANHAR - Afogados FM","robots":{"index":"index","follow":"follow","max-snippet":"max-snippet:-1","max-image-preview":"max-image-preview:large","max-video-preview":"max-video-preview:-1"},"canonical":"https:\/\/afogadosfm.com.br\/afogadosfm\/2025\/10\/01\/vereadora-diz-em-plenario-que-e-a-favor-da-violencia-contra-a-mulher-merece-apanhar\/","og_locale":"pt_BR","og_type":"article","og_title":"Vereadora diz em plen\u00e1rio que \u00e9 a favor da 'viol\u00eancia contra a mulher': MERECE APANHAR - Afogados FM","og_description":"A vereadora Elizabeth Maciel (Republicanos-AM), conhecida como Betinha, virou alvo de pol\u00eamica nas redes sociais ao declarar durante sess\u00e3o da","og_url":"https:\/\/afogadosfm.com.br\/afogadosfm\/2025\/10\/01\/vereadora-diz-em-plenario-que-e-a-favor-da-violencia-contra-a-mulher-merece-apanhar\/","og_site_name":"Afogados FM","article_published_time":"2025-10-01T08:56:13+00:00","article_modified_time":"2025-10-01T08:56:14+00:00","og_image":[{"width":180,"height":149,"url":"https:\/\/afogadosfm.com.br\/afogadosfm\/wp-content\/uploads\/2025\/06\/violencia.jpg","type":"image\/jpeg"}],"author":"afogadosfm","twitter_card":"summary_large_image","twitter_misc":{"Escrito por":"afogadosfm","Est. tempo de leitura":"2 minutos"},"schema":{"@context":"https:\/\/schema.org","@graph":[{"@type":"Article","@id":"https:\/\/afogadosfm.com.br\/afogadosfm\/2025\/10\/01\/vereadora-diz-em-plenario-que-e-a-favor-da-violencia-contra-a-mulher-merece-apanhar\/#article","isPartOf":{"@id":"https:\/\/afogadosfm.com.br\/afogadosfm\/2025\/10\/01\/vereadora-diz-em-plenario-que-e-a-favor-da-violencia-contra-a-mulher-merece-apanhar\/"},"author":{"name":"afogadosfm","@id":"https:\/\/afogadosfm.com.br\/afogadosfm\/#\/schema\/person\/60e56f2cf5dc960fc093fe093d9e9057"},"headline":"Vereadora diz em plen\u00e1rio que \u00e9 a favor da &#8216;viol\u00eancia contra a mulher&#8217;: MERECE APANHAR","datePublished":"2025-10-01T08:56:13+00:00","dateModified":"2025-10-01T08:56:14+00:00","mainEntityOfPage":{"@id":"https:\/\/afogadosfm.com.br\/afogadosfm\/2025\/10\/01\/vereadora-diz-em-plenario-que-e-a-favor-da-violencia-contra-a-mulher-merece-apanhar\/"},"wordCount":255,"commentCount":0,"publisher":{"@id":"https:\/\/afogadosfm.com.br\/afogadosfm\/#organization"},"image":{"@id":"https:\/\/afogadosfm.com.br\/afogadosfm\/2025\/10\/01\/vereadora-diz-em-plenario-que-e-a-favor-da-violencia-contra-a-mulher-merece-apanhar\/#primaryimage"},"thumbnailUrl":"https:\/\/i0.wp.com\/afogadosfm.com.br\/afogadosfm\/wp-content\/uploads\/2025\/06\/violencia.jpg?fit=180%2C149&ssl=1","articleSection":["Brasil"],"inLanguage":"pt-BR","potentialAction":[{"@type":"CommentAction","name":"Comment","target":["https:\/\/afogadosfm.com.br\/afogadosfm\/2025\/10\/01\/vereadora-diz-em-plenario-que-e-a-favor-da-violencia-contra-a-mulher-merece-apanhar\/#respond"]}]},{"@type":"WebPage","@id":"https:\/\/afogadosfm.com.br\/afogadosfm\/2025\/10\/01\/vereadora-diz-em-plenario-que-e-a-favor-da-violencia-contra-a-mulher-merece-apanhar\/","url":"https:\/\/afogadosfm.com.br\/afogadosfm\/2025\/10\/01\/vereadora-diz-em-plenario-que-e-a-favor-da-violencia-contra-a-mulher-merece-apanhar\/","name":"Vereadora diz em plen\u00e1rio que \u00e9 a favor da 'viol\u00eancia contra a mulher': MERECE APANHAR - Afogados FM","isPartOf":{"@id":"https:\/\/afogadosfm.com.br\/afogadosfm\/#website"},"primaryImageOfPage":{"@id":"https:\/\/afogadosfm.com.br\/afogadosfm\/2025\/10\/01\/vereadora-diz-em-plenario-que-e-a-favor-da-violencia-contra-a-mulher-merece-apanhar\/#primaryimage"},"image":{"@id":"https:\/\/afogadosfm.com.br\/afogadosfm\/2025\/10\/01\/vereadora-diz-em-plenario-que-e-a-favor-da-violencia-contra-a-mulher-merece-apanhar\/#primaryimage"},"thumbnailUrl":"https:\/\/i0.wp.com\/afogadosfm.com.br\/afogadosfm\/wp-content\/uploads\/2025\/06\/violencia.jpg?fit=180%2C149&ssl=1","datePublished":"2025-10-01T08:56:13+00:00","dateModified":"2025-10-01T08:56:14+00:00","breadcrumb":{"@id":"https:\/\/afogadosfm.com.br\/afogadosfm\/2025\/10\/01\/vereadora-diz-em-plenario-que-e-a-favor-da-violencia-contra-a-mulher-merece-apanhar\/#breadcrumb"},"inLanguage":"pt-BR","potentialAction":[{"@type":"ReadAction","target":["https:\/\/afogadosfm.com.br\/afogadosfm\/2025\/10\/01\/vereadora-diz-em-plenario-que-e-a-favor-da-violencia-contra-a-mulher-merece-apanhar\/"]}]},{"@type":"ImageObject","inLanguage":"pt-BR","@id":"https:\/\/afogadosfm.com.br\/afogadosfm\/2025\/10\/01\/vereadora-diz-em-plenario-que-e-a-favor-da-violencia-contra-a-mulher-merece-apanhar\/#primaryimage","url":"https:\/\/i0.wp.com\/afogadosfm.com.br\/afogadosfm\/wp-content\/uploads\/2025\/06\/violencia.jpg?fit=180%2C149&ssl=1","contentUrl":"https:\/\/i0.wp.com\/afogadosfm.com.br\/afogadosfm\/wp-content\/uploads\/2025\/06\/violencia.jpg?fit=180%2C149&ssl=1","width":180,"height":149},{"@type":"BreadcrumbList","@id":"https:\/\/afogadosfm.com.br\/afogadosfm\/2025\/10\/01\/vereadora-diz-em-plenario-que-e-a-favor-da-violencia-contra-a-mulher-merece-apanhar\/#breadcrumb","itemListElement":[{"@type":"ListItem","position":1,"name":"In\u00edcio","item":"https:\/\/afogadosfm.com.br\/afogadosfm\/"},{"@type":"ListItem","position":2,"name":"Vereadora diz em plen\u00e1rio que \u00e9 a favor da &#8216;viol\u00eancia contra a mulher&#8217;: MERECE APANHAR"}]},{"@type":"WebSite","@id":"https:\/\/afogadosfm.com.br\/afogadosfm\/#website","url":"https:\/\/afogadosfm.com.br\/afogadosfm\/","name":"Afogados FM","description":"Um site completo!","publisher":{"@id":"https:\/\/afogadosfm.com.br\/afogadosfm\/#organization"},"potentialAction":[{"@type":"SearchAction","target":{"@type":"EntryPoint","urlTemplate":"https:\/\/afogadosfm.com.br\/afogadosfm\/?s={search_term_string}"},"query-input":{"@type":"PropertyValueSpecification","valueRequired":true,"valueName":"search_term_string"}}],"inLanguage":"pt-BR"},{"@type":"Organization","@id":"https:\/\/afogadosfm.com.br\/afogadosfm\/#organization","name":"Afogados FM","url":"https:\/\/afogadosfm.com.br\/afogadosfm\/","logo":{"@type":"ImageObject","inLanguage":"pt-BR","@id":"https:\/\/afogadosfm.com.br\/afogadosfm\/#\/schema\/logo\/image\/","url":"https:\/\/i0.wp.com\/afogadosfm.com.br\/afogadosfm\/wp-content\/uploads\/2020\/06\/cropped-banner-afogados-4.jpg?fit=369%2C137&ssl=1","contentUrl":"https:\/\/i0.wp.com\/afogadosfm.com.br\/afogadosfm\/wp-content\/uploads\/2020\/06\/cropped-banner-afogados-4.jpg?fit=369%2C137&ssl=1","width":369,"height":137,"caption":"Afogados FM"},"image":{"@id":"https:\/\/afogadosfm.com.br\/afogadosfm\/#\/schema\/logo\/image\/"}},{"@type":"Person","@id":"https:\/\/afogadosfm.com.br\/afogadosfm\/#\/schema\/person\/60e56f2cf5dc960fc093fe093d9e9057","name":"afogadosfm","image":{"@type":"ImageObject","inLanguage":"pt-BR","@id":"https:\/\/secure.gravatar.com\/avatar\/e0359add7ed5dc3560906d861b52c6a8cf5c1e199d3a7dd85070998f49bd4701?s=96&d=mm&r=g","url":"https:\/\/secure.gravatar.com\/avatar\/e0359add7ed5dc3560906d861b52c6a8cf5c1e199d3a7dd85070998f49bd4701?s=96&d=mm&r=g","contentUrl":"https:\/\/secure.gravatar.com\/avatar\/e0359add7ed5dc3560906d861b52c6a8cf5c1e199d3a7dd85070998f49bd4701?s=96&d=mm&r=g","caption":"afogadosfm"},"url":"https:\/\/afogadosfm.com.br\/afogadosfm\/author\/afogadosfm\/"}]}},"jetpack_publicize_connections":[],"jetpack_featured_media_url":"https:\/\/i0.wp.com\/afogadosfm.com.br\/afogadosfm\/wp-content\/uploads\/2025\/06\/violencia.jpg?fit=180%2C149&ssl=1","jetpack-related-posts":[],"jetpack_sharing_enabled":true,"jetpack_likes_enabled":true,"_links":{"self":[{"href":"https:\/\/afogadosfm.com.br\/afogadosfm\/wp-json\/wp\/v2\/posts\/69466","targetHints":{"allow":["GET"]}}],"collection":[{"href":"https:\/\/afogadosfm.com.br\/afogadosfm\/wp-json\/wp\/v2\/posts"}],"about":[{"href":"https:\/\/afogadosfm.com.br\/afogadosfm\/wp-json\/wp\/v2\/types\/post"}],"author":[{"embeddable":true,"href":"https:\/\/afogadosfm.com.br\/afogadosfm\/wp-json\/wp\/v2\/users\/2"}],"replies":[{"embeddable":true,"href":"https:\/\/afogadosfm.com.br\/afogadosfm\/wp-json\/wp\/v2\/comments?post=69466"}],"version-history":[{"count":1,"href":"https:\/\/afogadosfm.com.br\/afogadosfm\/wp-json\/wp\/v2\/posts\/69466\/revisions"}],"predecessor-version":[{"id":69467,"href":"https:\/\/afogadosfm.com.br\/afogadosfm\/wp-json\/wp\/v2\/posts\/69466\/revisions\/69467"}],"wp:featuredmedia":[{"embeddable":true,"href":"https:\/\/afogadosfm.com.br\/afogadosfm\/wp-json\/wp\/v2\/media\/66370"}],"wp:attachment":[{"href":"https:\/\/afogadosfm.com.br\/afogadosfm\/wp-json\/wp\/v2\/media?parent=69466"}],"wp:term":[{"taxonomy":"category","embeddable":true,"href":"https:\/\/afogadosfm.com.br\/afogadosfm\/wp-json\/wp\/v2\/categories?post=69466"},{"taxonomy":"post_tag","embeddable":true,"href":"https:\/\/afogadosfm.com.br\/afogadosfm\/wp-json\/wp\/v2\/tags?post=69466"}],"curies":[{"name":"wp","href":"https:\/\/api.w.org\/{rel}","templated":true}]}}