{"id":69493,"date":"2025-10-02T05:59:02","date_gmt":"2025-10-02T08:59:02","guid":{"rendered":"https:\/\/afogadosfm.com.br\/afogadosfm\/?p=69493"},"modified":"2025-10-02T05:59:03","modified_gmt":"2025-10-02T08:59:03","slug":"camara-federal-aprova-isencao-de-ir-para-quem-recebe-ate-r-5-mil","status":"publish","type":"post","link":"https:\/\/afogadosfm.com.br\/afogadosfm\/2025\/10\/02\/camara-federal-aprova-isencao-de-ir-para-quem-recebe-ate-r-5-mil\/","title":{"rendered":"C\u00e2mara Federal aprova isen\u00e7\u00e3o de IR para quem recebe at\u00e9 R$ 5 mil"},"content":{"rendered":"\n<p>A C\u00e2mara dos Deputados aprovou o Projeto de Lei 1087\/25, do Poder Executivo, que concede desconto para zerar o Imposto de Renda das Pessoas F\u00edsicas (IRPF) de quem ganha at\u00e9 R$ 5 mil mensais e institui cobran\u00e7a adicional para aqueles com rendimento tribut\u00e1vel acima de R$ 600 mil ao ano. A proposta ser\u00e1 enviada ao Senado.<\/p>\n\n\n\n<p> A inten\u00e7\u00e3o do projeto \u00e9 aumentar o escalonamento dos tributos cobrados com base na chamada al\u00edquota efetiva (encontrada ap\u00f3s dedu\u00e7\u00f5es e isen\u00e7\u00f5es).<\/p>\n\n\n\n<p> Para compensar a isen\u00e7\u00e3o de at\u00e9 R$ 5 mil, a proposta cria um patamar m\u00ednimo de 10% do IR que pode atingir cerca de 141,4 mil contribuintes pessoas f\u00edsicas de alta renda que hoje recolhem, em m\u00e9dia, com al\u00edquota efetiva de 2,5% de IR sobre seus rendimentos totais, incluindo distribui\u00e7\u00e3o de lucros e dividendos. Trabalhadores em geral pagam, em m\u00e9dia, 9% a 11% de IR sobre seus ganhos.<\/p>\n\n\n\n<p> As redu\u00e7\u00f5es para a faixa at\u00e9 R$ 5 mil se repetem na Declara\u00e7\u00e3o de Ajuste Anual (DAA) do IRPF, quer o contribuinte opte por fazer a declara\u00e7\u00e3o completa (com dedu\u00e7\u00f5es de gastos de sa\u00fade e educa\u00e7\u00e3o, por exemplo) ou opte pelo desconto simplificado (cujo valor \u00e9 ajustado de R$ 16.754,34 para R$ 17.640,00).<\/p>\n\n\n\n<p> O desconto proposto ser\u00e1 aplicado inclusive sobre o 13\u00ba sal\u00e1rio, que tem tributa\u00e7\u00e3o exclusiva na fonte (n\u00e3o entra na conta com os demais sal\u00e1rios na declara\u00e7\u00e3o anual).<\/p>\n","protected":false},"excerpt":{"rendered":"<p>A C\u00e2mara dos Deputados aprovou o Projeto de Lei 1087\/25, do Poder Executivo, que concede desconto para zerar o Imposto<\/p>\n","protected":false},"author":2,"featured_media":7533,"comment_status":"open","ping_status":"open","sticky":false,"template":"","format":"standard","meta":{"jetpack_post_was_ever_published":false,"_jetpack_newsletter_access":"","_jetpack_dont_email_post_to_subs":false,"_jetpack_newsletter_tier_id":0,"_jetpack_memberships_contains_paywalled_content":false,"_jetpack_memberships_contains_paid_content":false,"footnotes":"","jetpack_publicize_message":"","jetpack_publicize_feature_enabled":true,"jetpack_social_post_already_shared":true,"jetpack_social_options":{"image_generator_settings":{"template":"highway","default_image_id":0,"font":"","enabled":false},"version":2}},"categories":[12],"tags":[],"class_list":["post-69493","post","type-post","status-publish","format-standard","has-post-thumbnail","hentry","category-brasil"],"yoast_head":"<!-- This site is optimized with the Yoast SEO plugin v27.5 - https:\/\/yoast.com\/product\/yoast-seo-wordpress\/ -->\n<title>C\u00e2mara Federal aprova isen\u00e7\u00e3o de IR para quem recebe at\u00e9 R$ 5 mil - Afogados FM<\/title>\n<meta name=\"robots\" content=\"index, follow, max-snippet:-1, max-image-preview:large, max-video-preview:-1\" \/>\n<link rel=\"canonical\" href=\"https:\/\/afogadosfm.com.br\/afogadosfm\/2025\/10\/02\/camara-federal-aprova-isencao-de-ir-para-quem-recebe-ate-r-5-mil\/\" \/>\n<meta property=\"og:locale\" content=\"pt_BR\" \/>\n<meta property=\"og:type\" content=\"article\" \/>\n<meta property=\"og:title\" content=\"C\u00e2mara Federal aprova isen\u00e7\u00e3o de IR para quem recebe at\u00e9 R$ 5 mil - Afogados FM\" \/>\n<meta property=\"og:description\" content=\"A C\u00e2mara dos Deputados aprovou o Projeto de Lei 1087\/25, do Poder Executivo, que concede desconto para zerar o Imposto\" \/>\n<meta property=\"og:url\" content=\"https:\/\/afogadosfm.com.br\/afogadosfm\/2025\/10\/02\/camara-federal-aprova-isencao-de-ir-para-quem-recebe-ate-r-5-mil\/\" \/>\n<meta property=\"og:site_name\" content=\"Afogados FM\" \/>\n<meta property=\"article:published_time\" content=\"2025-10-02T08:59:02+00:00\" \/>\n<meta property=\"article:modified_time\" content=\"2025-10-02T08:59:03+00:00\" \/>\n<meta property=\"og:image\" content=\"https:\/\/afogadosfm.com.br\/afogadosfm\/wp-content\/uploads\/2018\/12\/predio_congresso_nacional.jpg\" \/>\n\t<meta property=\"og:image:width\" content=\"754\" \/>\n\t<meta property=\"og:image:height\" content=\"494\" \/>\n\t<meta property=\"og:image:type\" content=\"image\/jpeg\" \/>\n<meta name=\"author\" content=\"afogadosfm\" \/>\n<meta name=\"twitter:card\" content=\"summary_large_image\" \/>\n<meta name=\"twitter:label1\" content=\"Escrito por\" \/>\n\t<meta name=\"twitter:data1\" content=\"afogadosfm\" \/>\n\t<meta name=\"twitter:label2\" content=\"Est. tempo de leitura\" \/>\n\t<meta name=\"twitter:data2\" content=\"2 minutos\" \/>\n<script type=\"application\/ld+json\" class=\"yoast-schema-graph\">{\"@context\":\"https:\\\/\\\/schema.org\",\"@graph\":[{\"@type\":\"Article\",\"@id\":\"https:\\\/\\\/afogadosfm.com.br\\\/afogadosfm\\\/2025\\\/10\\\/02\\\/camara-federal-aprova-isencao-de-ir-para-quem-recebe-ate-r-5-mil\\\/#article\",\"isPartOf\":{\"@id\":\"https:\\\/\\\/afogadosfm.com.br\\\/afogadosfm\\\/2025\\\/10\\\/02\\\/camara-federal-aprova-isencao-de-ir-para-quem-recebe-ate-r-5-mil\\\/\"},\"author\":{\"name\":\"afogadosfm\",\"@id\":\"https:\\\/\\\/afogadosfm.com.br\\\/afogadosfm\\\/#\\\/schema\\\/person\\\/60e56f2cf5dc960fc093fe093d9e9057\"},\"headline\":\"C\u00e2mara Federal aprova isen\u00e7\u00e3o de IR para quem recebe at\u00e9 R$ 5 mil\",\"datePublished\":\"2025-10-02T08:59:02+00:00\",\"dateModified\":\"2025-10-02T08:59:03+00:00\",\"mainEntityOfPage\":{\"@id\":\"https:\\\/\\\/afogadosfm.com.br\\\/afogadosfm\\\/2025\\\/10\\\/02\\\/camara-federal-aprova-isencao-de-ir-para-quem-recebe-ate-r-5-mil\\\/\"},\"wordCount\":252,\"commentCount\":0,\"publisher\":{\"@id\":\"https:\\\/\\\/afogadosfm.com.br\\\/afogadosfm\\\/#organization\"},\"image\":{\"@id\":\"https:\\\/\\\/afogadosfm.com.br\\\/afogadosfm\\\/2025\\\/10\\\/02\\\/camara-federal-aprova-isencao-de-ir-para-quem-recebe-ate-r-5-mil\\\/#primaryimage\"},\"thumbnailUrl\":\"https:\\\/\\\/i0.wp.com\\\/afogadosfm.com.br\\\/afogadosfm\\\/wp-content\\\/uploads\\\/2018\\\/12\\\/predio_congresso_nacional.jpg?fit=754%2C494&ssl=1\",\"articleSection\":[\"Brasil\"],\"inLanguage\":\"pt-BR\",\"potentialAction\":[{\"@type\":\"CommentAction\",\"name\":\"Comment\",\"target\":[\"https:\\\/\\\/afogadosfm.com.br\\\/afogadosfm\\\/2025\\\/10\\\/02\\\/camara-federal-aprova-isencao-de-ir-para-quem-recebe-ate-r-5-mil\\\/#respond\"]}]},{\"@type\":\"WebPage\",\"@id\":\"https:\\\/\\\/afogadosfm.com.br\\\/afogadosfm\\\/2025\\\/10\\\/02\\\/camara-federal-aprova-isencao-de-ir-para-quem-recebe-ate-r-5-mil\\\/\",\"url\":\"https:\\\/\\\/afogadosfm.com.br\\\/afogadosfm\\\/2025\\\/10\\\/02\\\/camara-federal-aprova-isencao-de-ir-para-quem-recebe-ate-r-5-mil\\\/\",\"name\":\"C\u00e2mara Federal aprova isen\u00e7\u00e3o de IR para quem recebe at\u00e9 R$ 5 mil - Afogados FM\",\"isPartOf\":{\"@id\":\"https:\\\/\\\/afogadosfm.com.br\\\/afogadosfm\\\/#website\"},\"primaryImageOfPage\":{\"@id\":\"https:\\\/\\\/afogadosfm.com.br\\\/afogadosfm\\\/2025\\\/10\\\/02\\\/camara-federal-aprova-isencao-de-ir-para-quem-recebe-ate-r-5-mil\\\/#primaryimage\"},\"image\":{\"@id\":\"https:\\\/\\\/afogadosfm.com.br\\\/afogadosfm\\\/2025\\\/10\\\/02\\\/camara-federal-aprova-isencao-de-ir-para-quem-recebe-ate-r-5-mil\\\/#primaryimage\"},\"thumbnailUrl\":\"https:\\\/\\\/i0.wp.com\\\/afogadosfm.com.br\\\/afogadosfm\\\/wp-content\\\/uploads\\\/2018\\\/12\\\/predio_congresso_nacional.jpg?fit=754%2C494&ssl=1\",\"datePublished\":\"2025-10-02T08:59:02+00:00\",\"dateModified\":\"2025-10-02T08:59:03+00:00\",\"breadcrumb\":{\"@id\":\"https:\\\/\\\/afogadosfm.com.br\\\/afogadosfm\\\/2025\\\/10\\\/02\\\/camara-federal-aprova-isencao-de-ir-para-quem-recebe-ate-r-5-mil\\\/#breadcrumb\"},\"inLanguage\":\"pt-BR\",\"potentialAction\":[{\"@type\":\"ReadAction\",\"target\":[\"https:\\\/\\\/afogadosfm.com.br\\\/afogadosfm\\\/2025\\\/10\\\/02\\\/camara-federal-aprova-isencao-de-ir-para-quem-recebe-ate-r-5-mil\\\/\"]}]},{\"@type\":\"ImageObject\",\"inLanguage\":\"pt-BR\",\"@id\":\"https:\\\/\\\/afogadosfm.com.br\\\/afogadosfm\\\/2025\\\/10\\\/02\\\/camara-federal-aprova-isencao-de-ir-para-quem-recebe-ate-r-5-mil\\\/#primaryimage\",\"url\":\"https:\\\/\\\/i0.wp.com\\\/afogadosfm.com.br\\\/afogadosfm\\\/wp-content\\\/uploads\\\/2018\\\/12\\\/predio_congresso_nacional.jpg?fit=754%2C494&ssl=1\",\"contentUrl\":\"https:\\\/\\\/i0.wp.com\\\/afogadosfm.com.br\\\/afogadosfm\\\/wp-content\\\/uploads\\\/2018\\\/12\\\/predio_congresso_nacional.jpg?fit=754%2C494&ssl=1\",\"width\":754,\"height\":494},{\"@type\":\"BreadcrumbList\",\"@id\":\"https:\\\/\\\/afogadosfm.com.br\\\/afogadosfm\\\/2025\\\/10\\\/02\\\/camara-federal-aprova-isencao-de-ir-para-quem-recebe-ate-r-5-mil\\\/#breadcrumb\",\"itemListElement\":[{\"@type\":\"ListItem\",\"position\":1,\"name\":\"In\u00edcio\",\"item\":\"https:\\\/\\\/afogadosfm.com.br\\\/afogadosfm\\\/\"},{\"@type\":\"ListItem\",\"position\":2,\"name\":\"C\u00e2mara Federal aprova isen\u00e7\u00e3o de IR para quem recebe at\u00e9 R$ 5 mil\"}]},{\"@type\":\"WebSite\",\"@id\":\"https:\\\/\\\/afogadosfm.com.br\\\/afogadosfm\\\/#website\",\"url\":\"https:\\\/\\\/afogadosfm.com.br\\\/afogadosfm\\\/\",\"name\":\"Afogados FM\",\"description\":\"Um site completo!\",\"publisher\":{\"@id\":\"https:\\\/\\\/afogadosfm.com.br\\\/afogadosfm\\\/#organization\"},\"potentialAction\":[{\"@type\":\"SearchAction\",\"target\":{\"@type\":\"EntryPoint\",\"urlTemplate\":\"https:\\\/\\\/afogadosfm.com.br\\\/afogadosfm\\\/?s={search_term_string}\"},\"query-input\":{\"@type\":\"PropertyValueSpecification\",\"valueRequired\":true,\"valueName\":\"search_term_string\"}}],\"inLanguage\":\"pt-BR\"},{\"@type\":\"Organization\",\"@id\":\"https:\\\/\\\/afogadosfm.com.br\\\/afogadosfm\\\/#organization\",\"name\":\"Afogados FM\",\"url\":\"https:\\\/\\\/afogadosfm.com.br\\\/afogadosfm\\\/\",\"logo\":{\"@type\":\"ImageObject\",\"inLanguage\":\"pt-BR\",\"@id\":\"https:\\\/\\\/afogadosfm.com.br\\\/afogadosfm\\\/#\\\/schema\\\/logo\\\/image\\\/\",\"url\":\"https:\\\/\\\/i0.wp.com\\\/afogadosfm.com.br\\\/afogadosfm\\\/wp-content\\\/uploads\\\/2020\\\/06\\\/cropped-banner-afogados-4.jpg?fit=369%2C137&ssl=1\",\"contentUrl\":\"https:\\\/\\\/i0.wp.com\\\/afogadosfm.com.br\\\/afogadosfm\\\/wp-content\\\/uploads\\\/2020\\\/06\\\/cropped-banner-afogados-4.jpg?fit=369%2C137&ssl=1\",\"width\":369,\"height\":137,\"caption\":\"Afogados FM\"},\"image\":{\"@id\":\"https:\\\/\\\/afogadosfm.com.br\\\/afogadosfm\\\/#\\\/schema\\\/logo\\\/image\\\/\"}},{\"@type\":\"Person\",\"@id\":\"https:\\\/\\\/afogadosfm.com.br\\\/afogadosfm\\\/#\\\/schema\\\/person\\\/60e56f2cf5dc960fc093fe093d9e9057\",\"name\":\"afogadosfm\",\"image\":{\"@type\":\"ImageObject\",\"inLanguage\":\"pt-BR\",\"@id\":\"https:\\\/\\\/secure.gravatar.com\\\/avatar\\\/e0359add7ed5dc3560906d861b52c6a8cf5c1e199d3a7dd85070998f49bd4701?s=96&d=mm&r=g\",\"url\":\"https:\\\/\\\/secure.gravatar.com\\\/avatar\\\/e0359add7ed5dc3560906d861b52c6a8cf5c1e199d3a7dd85070998f49bd4701?s=96&d=mm&r=g\",\"contentUrl\":\"https:\\\/\\\/secure.gravatar.com\\\/avatar\\\/e0359add7ed5dc3560906d861b52c6a8cf5c1e199d3a7dd85070998f49bd4701?s=96&d=mm&r=g\",\"caption\":\"afogadosfm\"},\"url\":\"https:\\\/\\\/afogadosfm.com.br\\\/afogadosfm\\\/author\\\/afogadosfm\\\/\"}]}<\/script>\n<!-- \/ Yoast SEO plugin. -->","yoast_head_json":{"title":"C\u00e2mara Federal aprova isen\u00e7\u00e3o de IR para quem recebe at\u00e9 R$ 5 mil - Afogados FM","robots":{"index":"index","follow":"follow","max-snippet":"max-snippet:-1","max-image-preview":"max-image-preview:large","max-video-preview":"max-video-preview:-1"},"canonical":"https:\/\/afogadosfm.com.br\/afogadosfm\/2025\/10\/02\/camara-federal-aprova-isencao-de-ir-para-quem-recebe-ate-r-5-mil\/","og_locale":"pt_BR","og_type":"article","og_title":"C\u00e2mara Federal aprova isen\u00e7\u00e3o de IR para quem recebe at\u00e9 R$ 5 mil - Afogados FM","og_description":"A C\u00e2mara dos Deputados aprovou o Projeto de Lei 1087\/25, do Poder Executivo, que concede desconto para zerar o Imposto","og_url":"https:\/\/afogadosfm.com.br\/afogadosfm\/2025\/10\/02\/camara-federal-aprova-isencao-de-ir-para-quem-recebe-ate-r-5-mil\/","og_site_name":"Afogados FM","article_published_time":"2025-10-02T08:59:02+00:00","article_modified_time":"2025-10-02T08:59:03+00:00","og_image":[{"width":754,"height":494,"url":"https:\/\/afogadosfm.com.br\/afogadosfm\/wp-content\/uploads\/2018\/12\/predio_congresso_nacional.jpg","type":"image\/jpeg"}],"author":"afogadosfm","twitter_card":"summary_large_image","twitter_misc":{"Escrito por":"afogadosfm","Est. tempo de leitura":"2 minutos"},"schema":{"@context":"https:\/\/schema.org","@graph":[{"@type":"Article","@id":"https:\/\/afogadosfm.com.br\/afogadosfm\/2025\/10\/02\/camara-federal-aprova-isencao-de-ir-para-quem-recebe-ate-r-5-mil\/#article","isPartOf":{"@id":"https:\/\/afogadosfm.com.br\/afogadosfm\/2025\/10\/02\/camara-federal-aprova-isencao-de-ir-para-quem-recebe-ate-r-5-mil\/"},"author":{"name":"afogadosfm","@id":"https:\/\/afogadosfm.com.br\/afogadosfm\/#\/schema\/person\/60e56f2cf5dc960fc093fe093d9e9057"},"headline":"C\u00e2mara Federal aprova isen\u00e7\u00e3o de IR para quem recebe at\u00e9 R$ 5 mil","datePublished":"2025-10-02T08:59:02+00:00","dateModified":"2025-10-02T08:59:03+00:00","mainEntityOfPage":{"@id":"https:\/\/afogadosfm.com.br\/afogadosfm\/2025\/10\/02\/camara-federal-aprova-isencao-de-ir-para-quem-recebe-ate-r-5-mil\/"},"wordCount":252,"commentCount":0,"publisher":{"@id":"https:\/\/afogadosfm.com.br\/afogadosfm\/#organization"},"image":{"@id":"https:\/\/afogadosfm.com.br\/afogadosfm\/2025\/10\/02\/camara-federal-aprova-isencao-de-ir-para-quem-recebe-ate-r-5-mil\/#primaryimage"},"thumbnailUrl":"https:\/\/i0.wp.com\/afogadosfm.com.br\/afogadosfm\/wp-content\/uploads\/2018\/12\/predio_congresso_nacional.jpg?fit=754%2C494&ssl=1","articleSection":["Brasil"],"inLanguage":"pt-BR","potentialAction":[{"@type":"CommentAction","name":"Comment","target":["https:\/\/afogadosfm.com.br\/afogadosfm\/2025\/10\/02\/camara-federal-aprova-isencao-de-ir-para-quem-recebe-ate-r-5-mil\/#respond"]}]},{"@type":"WebPage","@id":"https:\/\/afogadosfm.com.br\/afogadosfm\/2025\/10\/02\/camara-federal-aprova-isencao-de-ir-para-quem-recebe-ate-r-5-mil\/","url":"https:\/\/afogadosfm.com.br\/afogadosfm\/2025\/10\/02\/camara-federal-aprova-isencao-de-ir-para-quem-recebe-ate-r-5-mil\/","name":"C\u00e2mara Federal aprova isen\u00e7\u00e3o de IR para quem recebe at\u00e9 R$ 5 mil - Afogados FM","isPartOf":{"@id":"https:\/\/afogadosfm.com.br\/afogadosfm\/#website"},"primaryImageOfPage":{"@id":"https:\/\/afogadosfm.com.br\/afogadosfm\/2025\/10\/02\/camara-federal-aprova-isencao-de-ir-para-quem-recebe-ate-r-5-mil\/#primaryimage"},"image":{"@id":"https:\/\/afogadosfm.com.br\/afogadosfm\/2025\/10\/02\/camara-federal-aprova-isencao-de-ir-para-quem-recebe-ate-r-5-mil\/#primaryimage"},"thumbnailUrl":"https:\/\/i0.wp.com\/afogadosfm.com.br\/afogadosfm\/wp-content\/uploads\/2018\/12\/predio_congresso_nacional.jpg?fit=754%2C494&ssl=1","datePublished":"2025-10-02T08:59:02+00:00","dateModified":"2025-10-02T08:59:03+00:00","breadcrumb":{"@id":"https:\/\/afogadosfm.com.br\/afogadosfm\/2025\/10\/02\/camara-federal-aprova-isencao-de-ir-para-quem-recebe-ate-r-5-mil\/#breadcrumb"},"inLanguage":"pt-BR","potentialAction":[{"@type":"ReadAction","target":["https:\/\/afogadosfm.com.br\/afogadosfm\/2025\/10\/02\/camara-federal-aprova-isencao-de-ir-para-quem-recebe-ate-r-5-mil\/"]}]},{"@type":"ImageObject","inLanguage":"pt-BR","@id":"https:\/\/afogadosfm.com.br\/afogadosfm\/2025\/10\/02\/camara-federal-aprova-isencao-de-ir-para-quem-recebe-ate-r-5-mil\/#primaryimage","url":"https:\/\/i0.wp.com\/afogadosfm.com.br\/afogadosfm\/wp-content\/uploads\/2018\/12\/predio_congresso_nacional.jpg?fit=754%2C494&ssl=1","contentUrl":"https:\/\/i0.wp.com\/afogadosfm.com.br\/afogadosfm\/wp-content\/uploads\/2018\/12\/predio_congresso_nacional.jpg?fit=754%2C494&ssl=1","width":754,"height":494},{"@type":"BreadcrumbList","@id":"https:\/\/afogadosfm.com.br\/afogadosfm\/2025\/10\/02\/camara-federal-aprova-isencao-de-ir-para-quem-recebe-ate-r-5-mil\/#breadcrumb","itemListElement":[{"@type":"ListItem","position":1,"name":"In\u00edcio","item":"https:\/\/afogadosfm.com.br\/afogadosfm\/"},{"@type":"ListItem","position":2,"name":"C\u00e2mara Federal aprova isen\u00e7\u00e3o de IR para quem recebe at\u00e9 R$ 5 mil"}]},{"@type":"WebSite","@id":"https:\/\/afogadosfm.com.br\/afogadosfm\/#website","url":"https:\/\/afogadosfm.com.br\/afogadosfm\/","name":"Afogados FM","description":"Um site completo!","publisher":{"@id":"https:\/\/afogadosfm.com.br\/afogadosfm\/#organization"},"potentialAction":[{"@type":"SearchAction","target":{"@type":"EntryPoint","urlTemplate":"https:\/\/afogadosfm.com.br\/afogadosfm\/?s={search_term_string}"},"query-input":{"@type":"PropertyValueSpecification","valueRequired":true,"valueName":"search_term_string"}}],"inLanguage":"pt-BR"},{"@type":"Organization","@id":"https:\/\/afogadosfm.com.br\/afogadosfm\/#organization","name":"Afogados FM","url":"https:\/\/afogadosfm.com.br\/afogadosfm\/","logo":{"@type":"ImageObject","inLanguage":"pt-BR","@id":"https:\/\/afogadosfm.com.br\/afogadosfm\/#\/schema\/logo\/image\/","url":"https:\/\/i0.wp.com\/afogadosfm.com.br\/afogadosfm\/wp-content\/uploads\/2020\/06\/cropped-banner-afogados-4.jpg?fit=369%2C137&ssl=1","contentUrl":"https:\/\/i0.wp.com\/afogadosfm.com.br\/afogadosfm\/wp-content\/uploads\/2020\/06\/cropped-banner-afogados-4.jpg?fit=369%2C137&ssl=1","width":369,"height":137,"caption":"Afogados FM"},"image":{"@id":"https:\/\/afogadosfm.com.br\/afogadosfm\/#\/schema\/logo\/image\/"}},{"@type":"Person","@id":"https:\/\/afogadosfm.com.br\/afogadosfm\/#\/schema\/person\/60e56f2cf5dc960fc093fe093d9e9057","name":"afogadosfm","image":{"@type":"ImageObject","inLanguage":"pt-BR","@id":"https:\/\/secure.gravatar.com\/avatar\/e0359add7ed5dc3560906d861b52c6a8cf5c1e199d3a7dd85070998f49bd4701?s=96&d=mm&r=g","url":"https:\/\/secure.gravatar.com\/avatar\/e0359add7ed5dc3560906d861b52c6a8cf5c1e199d3a7dd85070998f49bd4701?s=96&d=mm&r=g","contentUrl":"https:\/\/secure.gravatar.com\/avatar\/e0359add7ed5dc3560906d861b52c6a8cf5c1e199d3a7dd85070998f49bd4701?s=96&d=mm&r=g","caption":"afogadosfm"},"url":"https:\/\/afogadosfm.com.br\/afogadosfm\/author\/afogadosfm\/"}]}},"jetpack_publicize_connections":[],"jetpack_featured_media_url":"https:\/\/i0.wp.com\/afogadosfm.com.br\/afogadosfm\/wp-content\/uploads\/2018\/12\/predio_congresso_nacional.jpg?fit=754%2C494&ssl=1","jetpack-related-posts":[],"jetpack_sharing_enabled":true,"jetpack_likes_enabled":true,"_links":{"self":[{"href":"https:\/\/afogadosfm.com.br\/afogadosfm\/wp-json\/wp\/v2\/posts\/69493","targetHints":{"allow":["GET"]}}],"collection":[{"href":"https:\/\/afogadosfm.com.br\/afogadosfm\/wp-json\/wp\/v2\/posts"}],"about":[{"href":"https:\/\/afogadosfm.com.br\/afogadosfm\/wp-json\/wp\/v2\/types\/post"}],"author":[{"embeddable":true,"href":"https:\/\/afogadosfm.com.br\/afogadosfm\/wp-json\/wp\/v2\/users\/2"}],"replies":[{"embeddable":true,"href":"https:\/\/afogadosfm.com.br\/afogadosfm\/wp-json\/wp\/v2\/comments?post=69493"}],"version-history":[{"count":1,"href":"https:\/\/afogadosfm.com.br\/afogadosfm\/wp-json\/wp\/v2\/posts\/69493\/revisions"}],"predecessor-version":[{"id":69494,"href":"https:\/\/afogadosfm.com.br\/afogadosfm\/wp-json\/wp\/v2\/posts\/69493\/revisions\/69494"}],"wp:featuredmedia":[{"embeddable":true,"href":"https:\/\/afogadosfm.com.br\/afogadosfm\/wp-json\/wp\/v2\/media\/7533"}],"wp:attachment":[{"href":"https:\/\/afogadosfm.com.br\/afogadosfm\/wp-json\/wp\/v2\/media?parent=69493"}],"wp:term":[{"taxonomy":"category","embeddable":true,"href":"https:\/\/afogadosfm.com.br\/afogadosfm\/wp-json\/wp\/v2\/categories?post=69493"},{"taxonomy":"post_tag","embeddable":true,"href":"https:\/\/afogadosfm.com.br\/afogadosfm\/wp-json\/wp\/v2\/tags?post=69493"}],"curies":[{"name":"wp","href":"https:\/\/api.w.org\/{rel}","templated":true}]}}